{"id":9198,"date":"2023-11-06T15:01:11","date_gmt":"2023-11-06T14:01:11","guid":{"rendered":"https:\/\/www.bakenews.it\/?p=9198"},"modified":"2023-11-06T15:01:11","modified_gmt":"2023-11-06T14:01:11","slug":"fiorello-tv-simbolo-fascista-imbarazzo-rai","status":"publish","type":"post","link":"https:\/\/newsvirali.it\/fr\/2023\/11\/06\/fiorello-tv-symbole-fasciste-embarras-rai\/","title":{"rendered":"Fiorello \u00e0 la t\u00e9l\u00e9 avec le symbole fasciste : l&#039;embarras de Rai"},"content":{"rendered":"<p>Fiorello est embarrass\u00e9 et avec lui Rai apr\u00e8s la nouvelle de la pr\u00e9sence d&#039;un symbole fasciste lors d&#039;une de ses interviews diffus\u00e9e sur les r\u00e9seaux sociaux. La faute \u00e0 un homme charg\u00e9 d&#039;assurer la s\u00e9curit\u00e9 autour du programme &#039;Viva Rai2&#039;. L&#039;homme, avec une croix celtique bien visible autour du cou, a \u00e9t\u00e9 film\u00e9 par plusieurs smartphones et cam\u00e9ras lors d&#039;une interview avec Fiorello, r\u00e9alis\u00e9e en marge du premier \u00e9pisode de la saison.<\/p>\n\n\n\n<p><\/p>\n\n\n\n<hr class=\"wp-block-separator has-alpha-channel-opacity\"\/>\n\n\n\n<p><strong>LIRE AUSSI<\/strong><\/p>\n\n\n\n<ul class=\"wp-block-list\">\n<li><a href=\"https:\/\/www.bakenews.it\/influencer-prende-bagaglio-poppe-al-vento-imbarazzo\/\">Un influenceur prend ses bagages et reste suspendu au vent : embarras pendant le vol<\/a><\/li>\n\n\n\n<li><a href=\"https:\/\/www.bakenews.it\/imbarazzo-pentagono-cannone-automatico-punta-aereo-di-linea\/\">Embarras au Pentagone, un canon automatique vise un avion de ligne : les soldats rient<\/a><\/li>\n\n\n\n<li><a href=\"https:\/\/www.bakenews.it\/perde-volo-prova-fermarlo-pista-arrestata-video-virale\/\">Elle rate le vol et tente de l&#039;arr\u00eater sur la piste et est arr\u00eat\u00e9e : la vid\u00e9o est virale<\/a><\/li>\n<\/ul>\n\n\n\n<hr class=\"wp-block-separator has-alpha-channel-opacity\"\/>\n\n\n\n<p><\/p>\n\n\n\n<p>L&#039;agent de s\u00e9curit\u00e9 s&#039;est positionn\u00e9 \u00e0 c\u00f4t\u00e9 du showman sicilien lors de l&#039;interview que Fiorello a accord\u00e9e aux journalistes qui suivaient le premier \u00e9pisode dans le nouveau si\u00e8ge du Foro Italico. \u00c0 la fin de l&#039;\u00e9pisode, Fiorello est all\u00e9, comme \u00e0 son habitude, signer des autographes et prendre des selfies avec les nombreux fans. Et il a \u00e9t\u00e9 visiblement suivi par des agents de s\u00e9curit\u00e9 dans les espaces ext\u00e9rieurs du programme, o\u00f9 chaque matin des centaines de personnes regardent l&#039;\u00e9mission derri\u00e8re les barri\u00e8res.<\/p>\n\n\n\n<h2 class=\"wp-block-heading\" id=\"h-fiorello-e-il-simbolo-fascista-interviene-la-rai\">Fiorello et le symbole fasciste, Rai intervient<\/h2>\n\n\n\n<p>Profitant du moment d\u00e9di\u00e9 aux fans, les journalistes se sont approch\u00e9s et ont interview\u00e9 Fiorello, en enregistrant des vid\u00e9os qui montrent \u00e9galement l&#039;homme avec la croix celtique autour du cou, positionn\u00e9 pr\u00e8s du showman. D\u00e8s que les vid\u00e9os ont circul\u00e9, la Rai est intervenue. Et il a pr\u00e9venu les dirigeants de la soci\u00e9t\u00e9 Amt Dual Service qui s&#039;occupe de la s\u00e9curit\u00e9 de \u00ab Viva Rai2 \u00bb afin que des \u00e9pisodes similaires ne se reproduisent pas.<\/p>\n\n\n\n<h2 class=\"wp-block-heading\" id=\"h-che-cosa-significa-la-croce-celtica\">Que signifie la croix celtique<\/h2>\n\n\n\n<p>La croix celtique est un symbole ancien originaire des cultures pr\u00e9chr\u00e9tiennes du nord-ouest de l\u2019Europe. C&#039;est une croix entour\u00e9e d&#039;un cercle, qui repr\u00e9sente l&#039;union entre les mondes mat\u00e9riel et spirituel. La croix celtique a \u00e9t\u00e9 adopt\u00e9e par les chr\u00e9tiens irlandais au Moyen \u00c2ge comme symbole de leur foi et de leur identit\u00e9 culturelle. Aujourd&#039;hui, la croix celtique est utilis\u00e9e par de nombreux groupes et mouvements, tant religieux que politiques, pour exprimer leur lien avec les traditions celtiques ou avec des valeurs telles que la libert\u00e9, la nature et l&#039;harmonie. Il est ensuite devenu un symbole typique de certains mouvements d\u2019extr\u00eame droite, mais son utilisation s\u2019est heurt\u00e9e \u00e0 l\u2019opposition des opposants \u00e0 ces id\u00e9ologies. La signification de la croix celtique, telle qu&#039;indiqu\u00e9e par les groupes n\u00e9o-druidiques, n&#039;a aucun fondement historique.<\/p>\n<br \/>Suivez-nous \u00e9galement sur Google News : <b><a href=\"https:\/\/news.google.com\/publications\/CAAqBwgKMNqJiwswjMfqAg?hl=it&gl=IT&ceid=IT:it\" target=\"_blank\">Cliquez ici<\/a><\/b>","protected":false},"excerpt":{"rendered":"<p>Fiorello embarrass\u00e9 apr\u00e8s la nouvelle de la pr\u00e9sence d&#039;un symbole fasciste lors d&#039;une interview. Rai en danger \u00e0 cause d&#039;un homme avec une croix celtique autour du cou ? D\u00e9couvrez ce qui s&#039;est pass\u00e9 dans le premier \u00e9pisode de la saison et les cons\u00e9quences possibles.<\/p>","protected":false},"author":4,"featured_media":9199,"comment_status":"open","ping_status":"open","sticky":false,"template":"","format":"standard","meta":{"MSN_Categories":"Uncategorized","MSN_Publish_Option":false,"MSN_Is_Local_News":false,"MSN_Is_AIAC_Included":"Empty","MSN_Location":"[]","MSN_Add_Feature_Img_On_Top_Of_Post":false,"MSN_Has_Custom_Author":false,"MSN_Custom_Author":"","MSN_Has_Custom_Canonical_Url":false,"MSN_Custom_Canonical_Url":"","footnotes":""},"categories":[18],"tags":[],"class_list":["post-9198","post","type-post","status-publish","format-standard","has-post-thumbnail","hentry","category-televisione"],"acf":[],"yoast_head":"<!-- This site is optimized with the Yoast SEO Premium plugin v26.7 (Yoast SEO v26.7) - https:\/\/yoast.com\/wordpress\/plugins\/seo\/ -->\n<title>Fiorello in tv col simbolo fascista: l&#039;imbarazzo della Rai<\/title>\n<meta name=\"description\" content=\"Fiorello in imbarazzo dopo la notizia della presenza di un simbolo fascista durante un&#039;intervista. Scopri cosa \u00e8 accaduto.\" \/>\n<meta name=\"robots\" content=\"index, follow, max-snippet:-1, max-image-preview:large, max-video-preview:-1\" \/>\n<link rel=\"canonical\" href=\"https:\/\/newsvirali.it\/fr\/2023\/11\/06\/fiorello-tv-symbole-fasciste-embarras-rai\/\" \/>\n<meta property=\"og:locale\" content=\"fr_FR\" \/>\n<meta property=\"og:type\" content=\"article\" \/>\n<meta property=\"og:title\" content=\"Fiorello in tv col simbolo fascista: l&#039;imbarazzo della Rai\" \/>\n<meta property=\"og:description\" content=\"Fiorello in imbarazzo dopo la notizia della presenza di un simbolo fascista durante un&#039;intervista. Scopri cosa \u00e8 accaduto.\" \/>\n<meta property=\"og:url\" content=\"https:\/\/newsvirali.it\/fr\/2023\/11\/06\/fiorello-tv-symbole-fasciste-embarras-rai\/\" \/>\n<meta property=\"og:site_name\" content=\"News virali\" \/>\n<meta property=\"article:published_time\" content=\"2023-11-06T14:01:11+00:00\" \/>\n<meta property=\"og:image\" content=\"https:\/\/newsvirali.it\/wp-content\/uploads\/2023\/11\/Senza-titolo-1.jpg\" \/>\n\t<meta property=\"og:image:width\" content=\"1661\" \/>\n\t<meta property=\"og:image:height\" content=\"867\" \/>\n\t<meta property=\"og:image:type\" content=\"image\/jpeg\" \/>\n<meta name=\"author\" content=\"Cecco Prestina\" \/>\n<meta name=\"twitter:card\" content=\"summary_large_image\" \/>\n<meta name=\"twitter:label1\" content=\"\u00c9crit par\" \/>\n\t<meta name=\"twitter:data1\" content=\"Cecco Prestina\" \/>\n\t<meta name=\"twitter:label2\" content=\"Dur\u00e9e de lecture estim\u00e9e\" \/>\n\t<meta name=\"twitter:data2\" content=\"3 minutes\" \/>\n<script type=\"application\/ld+json\" class=\"yoast-schema-graph\">{\"@context\":\"https:\/\/schema.org\",\"@graph\":[{\"@type\":\"NewsArticle\",\"@id\":\"https:\/\/newsvirali.it\/2023\/11\/06\/fiorello-tv-simbolo-fascista-imbarazzo-rai\/#article\",\"isPartOf\":{\"@id\":\"https:\/\/newsvirali.it\/2023\/11\/06\/fiorello-tv-simbolo-fascista-imbarazzo-rai\/\"},\"author\":{\"name\":\"Cecco Prestina\",\"@id\":\"https:\/\/newsvirali.it\/fr\/#\/schema\/person\/4c835f7b49c9adb58b33901ee816565d\"},\"headline\":\"Fiorello in tv col simbolo fascista: l&#8217;imbarazzo della Rai\",\"datePublished\":\"2023-11-06T14:01:11+00:00\",\"mainEntityOfPage\":{\"@id\":\"https:\/\/newsvirali.it\/2023\/11\/06\/fiorello-tv-simbolo-fascista-imbarazzo-rai\/\"},\"wordCount\":403,\"commentCount\":0,\"image\":{\"@id\":\"https:\/\/newsvirali.it\/2023\/11\/06\/fiorello-tv-simbolo-fascista-imbarazzo-rai\/#primaryimage\"},\"thumbnailUrl\":\"https:\/\/newsvirali.it\/wp-content\/uploads\/2023\/11\/Senza-titolo-1.jpg\",\"articleSection\":[\"Televisione\"],\"inLanguage\":\"fr-FR\",\"potentialAction\":[{\"@type\":\"CommentAction\",\"name\":\"Comment\",\"target\":[\"https:\/\/newsvirali.it\/2023\/11\/06\/fiorello-tv-simbolo-fascista-imbarazzo-rai\/#respond\"]}],\"copyrightYear\":\"2023\",\"copyrightHolder\":{\"@id\":\"https:\/\/newsvirali.it\/fr\/#organization\"}},{\"@type\":\"WebPage\",\"@id\":\"https:\/\/newsvirali.it\/2023\/11\/06\/fiorello-tv-simbolo-fascista-imbarazzo-rai\/\",\"url\":\"https:\/\/newsvirali.it\/2023\/11\/06\/fiorello-tv-simbolo-fascista-imbarazzo-rai\/\",\"name\":\"Fiorello in tv col simbolo fascista: l'imbarazzo della Rai\",\"isPartOf\":{\"@id\":\"https:\/\/newsvirali.it\/fr\/#website\"},\"primaryImageOfPage\":{\"@id\":\"https:\/\/newsvirali.it\/2023\/11\/06\/fiorello-tv-simbolo-fascista-imbarazzo-rai\/#primaryimage\"},\"image\":{\"@id\":\"https:\/\/newsvirali.it\/2023\/11\/06\/fiorello-tv-simbolo-fascista-imbarazzo-rai\/#primaryimage\"},\"thumbnailUrl\":\"https:\/\/newsvirali.it\/wp-content\/uploads\/2023\/11\/Senza-titolo-1.jpg\",\"datePublished\":\"2023-11-06T14:01:11+00:00\",\"author\":{\"@id\":\"https:\/\/newsvirali.it\/fr\/#\/schema\/person\/4c835f7b49c9adb58b33901ee816565d\"},\"description\":\"Fiorello in imbarazzo dopo la notizia della presenza di un simbolo fascista durante un'intervista. Scopri cosa \u00e8 accaduto.\",\"breadcrumb\":{\"@id\":\"https:\/\/newsvirali.it\/2023\/11\/06\/fiorello-tv-simbolo-fascista-imbarazzo-rai\/#breadcrumb\"},\"inLanguage\":\"fr-FR\",\"potentialAction\":[{\"@type\":\"ReadAction\",\"target\":[\"https:\/\/newsvirali.it\/2023\/11\/06\/fiorello-tv-simbolo-fascista-imbarazzo-rai\/\"]}]},{\"@type\":\"ImageObject\",\"inLanguage\":\"fr-FR\",\"@id\":\"https:\/\/newsvirali.it\/2023\/11\/06\/fiorello-tv-simbolo-fascista-imbarazzo-rai\/#primaryimage\",\"url\":\"https:\/\/newsvirali.it\/wp-content\/uploads\/2023\/11\/Senza-titolo-1.jpg\",\"contentUrl\":\"https:\/\/newsvirali.it\/wp-content\/uploads\/2023\/11\/Senza-titolo-1.jpg\",\"width\":1661,\"height\":867,\"caption\":\"Fiorello in tv col simbolo fascista: l'imbarazzo della Rai\"},{\"@type\":\"BreadcrumbList\",\"@id\":\"https:\/\/newsvirali.it\/2023\/11\/06\/fiorello-tv-simbolo-fascista-imbarazzo-rai\/#breadcrumb\",\"itemListElement\":[{\"@type\":\"ListItem\",\"position\":1,\"name\":\"Home\",\"item\":\"https:\/\/newsvirali.it\/fr\/\"},{\"@type\":\"ListItem\",\"position\":2,\"name\":\"Fiorello in tv col simbolo fascista: l&#8217;imbarazzo della Rai\"}]},{\"@type\":\"WebSite\",\"@id\":\"https:\/\/newsvirali.it\/fr\/#website\",\"url\":\"https:\/\/newsvirali.it\/fr\/\",\"name\":\"Bake News\",\"description\":\"\",\"potentialAction\":[{\"@type\":\"SearchAction\",\"target\":{\"@type\":\"EntryPoint\",\"urlTemplate\":\"https:\/\/newsvirali.it\/fr\/?s={search_term_string}\"},\"query-input\":{\"@type\":\"PropertyValueSpecification\",\"valueRequired\":true,\"valueName\":\"search_term_string\"}}],\"inLanguage\":\"fr-FR\"},{\"@type\":\"Person\",\"@id\":\"https:\/\/newsvirali.it\/fr\/#\/schema\/person\/4c835f7b49c9adb58b33901ee816565d\",\"name\":\"Cecco Prestina\",\"description\":\"Perch\u00e9 nasconderlo? Cecco Prestina \u00e8 un alias, ma dietro di lui non si cela un algoritmo di intelligenza artificiale. C'\u00e8 un giornalista che ha oltre vent'anni di esperienza tutta sul web. Da quando il primo modem ha iniziato a gracchiare sul territorio italiano con Video on Line, Cecco ha capito che da quel doppino sarebbe passato il futuro. Ha dedidicato tutta la sua carriera a capire Internet e poi i social e ora l'Ai. Una carriera in costante aggiornamento. E questa esperienza la mette in campo ogni giorno. Per\u00f2 ogni tanto Cecco ha voglia anche di non scrivere \\\"pipponi\\\" sulla politica, sull'economia. Ha voglia anche di scrivere qualcosa di divertente. Le notizie che trovate su Bake News sono le stesse che Cecco porta all'aperitivo con gli amici. Quelle di cui discutere per farsi due risate. Notizie, vere (qualche volta si fa fatica a crederlo), strane, divertenti, ma anche serie. Bake News \u00e8 nato per questo, dare al pubblico notizie croccanti e calde come il pane che esce dal forno. E Cecco Prestina \u00e8 nato con Bake News.\",\"url\":\"https:\/\/newsvirali.it\/fr\/autore\/cecco-prestina\/\"}]}<\/script>\n<!-- \/ Yoast SEO Premium plugin. -->","yoast_head_json":{"title":"Fiorello in tv col simbolo fascista: l'imbarazzo della Rai","description":"Fiorello in imbarazzo dopo la notizia della presenza di un simbolo fascista durante un'intervista. Scopri cosa \u00e8 accaduto.","robots":{"index":"index","follow":"follow","max-snippet":"max-snippet:-1","max-image-preview":"max-image-preview:large","max-video-preview":"max-video-preview:-1"},"canonical":"https:\/\/newsvirali.it\/fr\/2023\/11\/06\/fiorello-tv-symbole-fasciste-embarras-rai\/","og_locale":"fr_FR","og_type":"article","og_title":"Fiorello in tv col simbolo fascista: l'imbarazzo della Rai","og_description":"Fiorello in imbarazzo dopo la notizia della presenza di un simbolo fascista durante un'intervista. Scopri cosa \u00e8 accaduto.","og_url":"https:\/\/newsvirali.it\/fr\/2023\/11\/06\/fiorello-tv-symbole-fasciste-embarras-rai\/","og_site_name":"News virali","article_published_time":"2023-11-06T14:01:11+00:00","og_image":[{"width":1661,"height":867,"url":"https:\/\/newsvirali.it\/wp-content\/uploads\/2023\/11\/Senza-titolo-1.jpg","type":"image\/jpeg"}],"author":"Cecco Prestina","twitter_card":"summary_large_image","twitter_misc":{"\u00c9crit par":"Cecco Prestina","Dur\u00e9e de lecture estim\u00e9e":"3 minutes"},"schema":{"@context":"https:\/\/schema.org","@graph":[{"@type":"NewsArticle","@id":"https:\/\/newsvirali.it\/2023\/11\/06\/fiorello-tv-simbolo-fascista-imbarazzo-rai\/#article","isPartOf":{"@id":"https:\/\/newsvirali.it\/2023\/11\/06\/fiorello-tv-simbolo-fascista-imbarazzo-rai\/"},"author":{"name":"Cecco Prestina","@id":"https:\/\/newsvirali.it\/fr\/#\/schema\/person\/4c835f7b49c9adb58b33901ee816565d"},"headline":"Fiorello in tv col simbolo fascista: l&#8217;imbarazzo della Rai","datePublished":"2023-11-06T14:01:11+00:00","mainEntityOfPage":{"@id":"https:\/\/newsvirali.it\/2023\/11\/06\/fiorello-tv-simbolo-fascista-imbarazzo-rai\/"},"wordCount":403,"commentCount":0,"image":{"@id":"https:\/\/newsvirali.it\/2023\/11\/06\/fiorello-tv-simbolo-fascista-imbarazzo-rai\/#primaryimage"},"thumbnailUrl":"https:\/\/newsvirali.it\/wp-content\/uploads\/2023\/11\/Senza-titolo-1.jpg","articleSection":["Televisione"],"inLanguage":"fr-FR","potentialAction":[{"@type":"CommentAction","name":"Comment","target":["https:\/\/newsvirali.it\/2023\/11\/06\/fiorello-tv-simbolo-fascista-imbarazzo-rai\/#respond"]}],"copyrightYear":"2023","copyrightHolder":{"@id":"https:\/\/newsvirali.it\/fr\/#organization"}},{"@type":"WebPage","@id":"https:\/\/newsvirali.it\/2023\/11\/06\/fiorello-tv-simbolo-fascista-imbarazzo-rai\/","url":"https:\/\/newsvirali.it\/2023\/11\/06\/fiorello-tv-simbolo-fascista-imbarazzo-rai\/","name":"Fiorello in tv col simbolo fascista: l'imbarazzo della Rai","isPartOf":{"@id":"https:\/\/newsvirali.it\/fr\/#website"},"primaryImageOfPage":{"@id":"https:\/\/newsvirali.it\/2023\/11\/06\/fiorello-tv-simbolo-fascista-imbarazzo-rai\/#primaryimage"},"image":{"@id":"https:\/\/newsvirali.it\/2023\/11\/06\/fiorello-tv-simbolo-fascista-imbarazzo-rai\/#primaryimage"},"thumbnailUrl":"https:\/\/newsvirali.it\/wp-content\/uploads\/2023\/11\/Senza-titolo-1.jpg","datePublished":"2023-11-06T14:01:11+00:00","author":{"@id":"https:\/\/newsvirali.it\/fr\/#\/schema\/person\/4c835f7b49c9adb58b33901ee816565d"},"description":"Fiorello in imbarazzo dopo la notizia della presenza di un simbolo fascista durante un'intervista. Scopri cosa \u00e8 accaduto.","breadcrumb":{"@id":"https:\/\/newsvirali.it\/2023\/11\/06\/fiorello-tv-simbolo-fascista-imbarazzo-rai\/#breadcrumb"},"inLanguage":"fr-FR","potentialAction":[{"@type":"ReadAction","target":["https:\/\/newsvirali.it\/2023\/11\/06\/fiorello-tv-simbolo-fascista-imbarazzo-rai\/"]}]},{"@type":"ImageObject","inLanguage":"fr-FR","@id":"https:\/\/newsvirali.it\/2023\/11\/06\/fiorello-tv-simbolo-fascista-imbarazzo-rai\/#primaryimage","url":"https:\/\/newsvirali.it\/wp-content\/uploads\/2023\/11\/Senza-titolo-1.jpg","contentUrl":"https:\/\/newsvirali.it\/wp-content\/uploads\/2023\/11\/Senza-titolo-1.jpg","width":1661,"height":867,"caption":"Fiorello in tv col simbolo fascista: l'imbarazzo della Rai"},{"@type":"BreadcrumbList","@id":"https:\/\/newsvirali.it\/2023\/11\/06\/fiorello-tv-simbolo-fascista-imbarazzo-rai\/#breadcrumb","itemListElement":[{"@type":"ListItem","position":1,"name":"Home","item":"https:\/\/newsvirali.it\/fr\/"},{"@type":"ListItem","position":2,"name":"Fiorello in tv col simbolo fascista: l&#8217;imbarazzo della Rai"}]},{"@type":"WebSite","@id":"https:\/\/newsvirali.it\/fr\/#website","url":"https:\/\/newsvirali.it\/fr\/","name":"Bake News","description":"","potentialAction":[{"@type":"SearchAction","target":{"@type":"EntryPoint","urlTemplate":"https:\/\/newsvirali.it\/fr\/?s={search_term_string}"},"query-input":{"@type":"PropertyValueSpecification","valueRequired":true,"valueName":"search_term_string"}}],"inLanguage":"fr-FR"},{"@type":"Person","@id":"https:\/\/newsvirali.it\/fr\/#\/schema\/person\/4c835f7b49c9adb58b33901ee816565d","name":"Cecco Prestina","description":"Perch\u00e9 nasconderlo? Cecco Prestina \u00e8 un alias, ma dietro di lui non si cela un algoritmo di intelligenza artificiale. C'\u00e8 un giornalista che ha oltre vent'anni di esperienza tutta sul web. Da quando il primo modem ha iniziato a gracchiare sul territorio italiano con Video on Line, Cecco ha capito che da quel doppino sarebbe passato il futuro. Ha dedidicato tutta la sua carriera a capire Internet e poi i social e ora l'Ai. Una carriera in costante aggiornamento. E questa esperienza la mette in campo ogni giorno. Per\u00f2 ogni tanto Cecco ha voglia anche di non scrivere \"pipponi\" sulla politica, sull'economia. Ha voglia anche di scrivere qualcosa di divertente. Le notizie che trovate su Bake News sono le stesse che Cecco porta all'aperitivo con gli amici. Quelle di cui discutere per farsi due risate. Notizie, vere (qualche volta si fa fatica a crederlo), strane, divertenti, ma anche serie. Bake News \u00e8 nato per questo, dare al pubblico notizie croccanti e calde come il pane che esce dal forno. E Cecco Prestina \u00e8 nato con Bake News.","url":"https:\/\/newsvirali.it\/fr\/autore\/cecco-prestina\/"}]}},"_links":{"self":[{"href":"https:\/\/newsvirali.it\/fr\/wp-json\/wp\/v2\/posts\/9198","targetHints":{"allow":["GET"]}}],"collection":[{"href":"https:\/\/newsvirali.it\/fr\/wp-json\/wp\/v2\/posts"}],"about":[{"href":"https:\/\/newsvirali.it\/fr\/wp-json\/wp\/v2\/types\/post"}],"author":[{"embeddable":true,"href":"https:\/\/newsvirali.it\/fr\/wp-json\/wp\/v2\/users\/4"}],"replies":[{"embeddable":true,"href":"https:\/\/newsvirali.it\/fr\/wp-json\/wp\/v2\/comments?post=9198"}],"version-history":[{"count":2,"href":"https:\/\/newsvirali.it\/fr\/wp-json\/wp\/v2\/posts\/9198\/revisions"}],"predecessor-version":[{"id":9201,"href":"https:\/\/newsvirali.it\/fr\/wp-json\/wp\/v2\/posts\/9198\/revisions\/9201"}],"wp:featuredmedia":[{"embeddable":true,"href":"https:\/\/newsvirali.it\/fr\/wp-json\/wp\/v2\/media\/9199"}],"wp:attachment":[{"href":"https:\/\/newsvirali.it\/fr\/wp-json\/wp\/v2\/media?parent=9198"}],"wp:term":[{"taxonomy":"category","embeddable":true,"href":"https:\/\/newsvirali.it\/fr\/wp-json\/wp\/v2\/categories?post=9198"},{"taxonomy":"post_tag","embeddable":true,"href":"https:\/\/newsvirali.it\/fr\/wp-json\/wp\/v2\/tags?post=9198"}],"curies":[{"name":"wp","href":"https:\/\/api.w.org\/{rel}","templated":true}]}}