{"id":9077,"date":"2023-11-03T17:50:57","date_gmt":"2023-11-03T16:50:57","guid":{"rendered":"https:\/\/www.bakenews.it\/?p=9077"},"modified":"2023-11-21T18:19:10","modified_gmt":"2023-11-21T17:19:10","slug":"la-powerbank-di-un-influencer-prende-fuoco-in-aereo-panico-a-bordo","status":"publish","type":"post","link":"https:\/\/newsvirali.it\/fr\/2023\/11\/03\/la-powerbank-dun-influenceur-prend-feu-dans-un-avion-panique-a-bord\/","title":{"rendered":"La powerbank d&#039;un influenceur prend feu dans un avion : panique \u00e0 bord"},"content":{"rendered":"<p>Ce n\u2019est pas plus rare qu\u2019une batterie externe qui prend feu dans un avion. Ils le savent sur tous les vols, \u00e0 tel point qu&#039;au d\u00e9collage ils pr\u00e9viennent qu&#039;en cas de surchauffe, il faut contacter le personnel de bord. Et cette fois, c\u2019est arriv\u00e9 \u00e0 un influenceur am\u00e9ricain bien connu. Le bagage \u00e0 main d&#039;un passager de JetBlue a pris feu au moment o\u00f9 l&#039;avion \u00e9tait sur le point de d\u00e9coller.<\/p>\n\n\n\n<p><\/p>\n\n\n\n<hr class=\"wp-block-separator has-alpha-channel-opacity\"\/>\n\n\n\n<p><strong>LIRE AUSSI<\/strong><\/p>\n\n\n\n<ul class=\"wp-block-list\">\n<li><a href=\"https:\/\/www.bakenews.it\/aerei-volano-piu-veloci-del-suono-e-arrivano-con-ore-di-anticipo-ecco-cosa-sta-succedendo\/\">Les avions volent plus vite que le son et arrivent des heures plus t\u00f4t : voici ce qui se passe<\/a><\/li>\n\n\n\n<li><a href=\"https:\/\/www.bakenews.it\/cane-aerofagia-volo-coppia-risarcimento-danni\/\">Un chien pue pendant 13 heures dans l&#039;avion, le couple obtient une indemnisation pour les dommages<\/a><\/li>\n\n\n\n<li><a href=\"https:\/\/www.bakenews.it\/effusioni-bagno-aereo-video-virale\/\">\u00c9panchements dans les toilettes de l&#039;avion, le steward les interrompt : vid\u00e9o virale<\/a><\/li>\n\n\n\n<li><a href=\"https:\/\/www.bakenews.it\/aereo-francoforte-catania-pilota-disegna-pene\/\">Avion d\u00e9tourn\u00e9 vers Malte, le pilote r\u00e9agit mal et dessine un p\u00e9nis dans le ciel<\/a><\/li>\n<\/ul>\n\n\n\n<hr class=\"wp-block-separator has-alpha-channel-opacity\"\/>\n\n\n\n<p><\/p>\n\n\n\n<h2 class=\"wp-block-heading\" id=\"h-powerbank-a-fuoco-in-aereo-influencer-che-spavento\">Powerbank en feu dans un avion, influenceur : &quot;Comme c&#039;est effrayant&quot;<\/h2>\n\n\n\n<p>Jimmy Levy \u00e9tait dans son si\u00e8ge dans l&#039;avion \u00e0 l&#039;a\u00e9roport international John F. Kennedy de New York lundi lorsqu&#039;il s&#039;est r\u00e9veill\u00e9 avec une sensation de chaleur intense et a imm\u00e9diatement remarqu\u00e9 que son sac \u00e0 dos avait pris feu. &quot;C&#039;\u00e9tait l&#039;un des moments les plus effrayants de ma vie&quot;, a-t-il d\u00e9clar\u00e9. &quot;J&#039;ai \u00e9t\u00e9 r\u00e9veill\u00e9 par une vague de chaleur soudaine et terrifiante qui se dirigeait apparemment vers mon visage&quot;, a d\u00e9clar\u00e9 Levy, 25 ans. &quot;J&#039;ai imm\u00e9diatement ouvert les yeux et j&#039;ai remarqu\u00e9 que mon sac \u00e0 dos, initialement cach\u00e9 sous le si\u00e8ge, flottait d\u00e9sormais dans une boule de feu.&quot;<\/p>\n\n\n\n<h2 class=\"wp-block-heading\" id=\"h-chi-e-jimmy-levy\">Qui est Jimmy Levy<\/h2>\n\n\n\n<p>Avant que les agents de bord n&#039;aient pu intervenir, l&#039;artiste musical a commenc\u00e9 \u00e0 pi\u00e9tiner d\u00e9sesp\u00e9r\u00e9ment son sac pour tenter d&#039;\u00e9teindre le feu et d&#039;emp\u00eacher qu&#039;il ne se propage davantage. &quot;Je pensais que quelqu&#039;un essayait de m&#039;attaquer parce que je suis une personnalit\u00e9 politique et un musicien bien connu&quot;, a d\u00e9clar\u00e9 Levy, qui participait \u00e0 la saison 18 d&#039;&quot;American Idol&quot;. &quot;Mais apr\u00e8s enqu\u00eate, il est apparu qu&#039;il y avait un chargeur portable surchauff\u00e9 dans mon sac \u00e0 dos.&quot;<\/p>\n\n\n\n<h2 class=\"wp-block-heading\" id=\"h-powerbank-a-fuoco-spento-con-le-bottigliette-d-acqua\">Powerbank avec des bouteilles d&#039;eau pour \u00e9teindre la chaleur<\/h2>\n\n\n\n<p>Levy compte un million de followers sur Instagram et plus de 120 000 auditeurs sur Spotify. Le chanteur de Miami, en Floride, \u00e9tait cens\u00e9 voler de New York vers le sud de la Floride, mais tout le monde a d\u00fb \u00e9vacuer l&#039;avion apr\u00e8s l&#039;accident. \u00ab Avec l\u2019aide de l\u2019\u00e9quipage de conduite et de l\u2019eau, l\u2019incendie a \u00e9t\u00e9 ma\u00eetris\u00e9. Cependant, en raison de la gravit\u00e9 de la situation, tout le monde a \u00e9t\u00e9 pri\u00e9 d&#039;\u00e9vacuer l&#039;avion pour une enqu\u00eate approfondie \u00bb, a d\u00e9clar\u00e9 Levy.<\/p>\n\n\n\n<blockquote class=\"instagram-media\" data-instgrm-permalink=\"https:\/\/www.instagram.com\/reel\/CzCxj4StAN6\/?utm_source=ig_embed&amp;utm_campaign=loading\" data-instgrm-version=\"14\" style=\" background:#FFF; border:0; border-radius:3px; box-shadow:0 0 1px 0 rgba(0,0,0,0.5),0 1px 10px 0 rgba(0,0,0,0.15); margin: 1px; max-width:540px; min-width:326px; padding:0; width:99.375%; width:-webkit-calc(100% - 2px); width:calc(100% - 2px);\"><div style=\"padding:16px;\"> <a href=\"https:\/\/www.instagram.com\/reel\/CzCxj4StAN6\/?utm_source=ig_embed&amp;utm_campaign=loading\" style=\" background:#FFFFFF; line-height:0; padding:0 0; text-align:center; text-decoration:none; width:100%;\" target=\"_blank\" rel=\"noopener\"> <div style=\" display: flex; flex-direction: row; align-items: center;\"> <div style=\"background-color: #F4F4F4; border-radius: 50%; flex-grow: 0; height: 40px; margin-right: 14px; width: 40px;\"><\/div> <div style=\"display: flex; flex-direction: column; flex-grow: 1; justify-content: center;\"> <div style=\" background-color: #F4F4F4; border-radius: 4px; flex-grow: 0; height: 14px; margin-bottom: 6px; width: 100px;\"><\/div> <div style=\" background-color: #F4F4F4; border-radius: 4px; flex-grow: 0; height: 14px; width: 60px;\"><\/div><\/div><\/div><div style=\"padding: 19% 0;\"><\/div> <div style=\"display:block; height:50px; margin:0 auto 12px; width:50px;\"><svg width=\"50px\" height=\"50px\" viewbox=\"0 0 60 60\" version=\"1.1\" xmlns=\"https:\/\/www.w3.org\/2000\/svg\" xmlns:xlink=\"https:\/\/www.w3.org\/1999\/xlink\"><g stroke=\"none\" stroke-width=\"1\" fill=\"none\" fill-rule=\"evenodd\"><g transform=\"translate(-511.000000, -20.000000)\" fill=\"#000000\"><g><path d=\"M556.869,30.41 C554.814,30.41 553.148,32.076 553.148,34.131 C553.148,36.186 554.814,37.852 556.869,37.852 C558.924,37.852 560.59,36.186 560.59,34.131 C560.59,32.076 558.924,30.41 556.869,30.41 M541,60.657 C535.114,60.657 530.342,55.887 530.342,50 C530.342,44.114 535.114,39.342 541,39.342 C546.887,39.342 551.658,44.114 551.658,50 C551.658,55.887 546.887,60.657 541,60.657 M541,33.886 C532.1,33.886 524.886,41.1 524.886,50 C524.886,58.899 532.1,66.113 541,66.113 C549.9,66.113 557.115,58.899 557.115,50 C557.115,41.1 549.9,33.886 541,33.886 M565.378,62.101 C565.244,65.022 564.756,66.606 564.346,67.663 C563.803,69.06 563.154,70.057 562.106,71.106 C561.058,72.155 560.06,72.803 558.662,73.347 C557.607,73.757 556.021,74.244 553.102,74.378 C549.944,74.521 548.997,74.552 541,74.552 C533.003,74.552 532.056,74.521 528.898,74.378 C525.979,74.244 524.393,73.757 523.338,73.347 C521.94,72.803 520.942,72.155 519.894,71.106 C518.846,70.057 518.197,69.06 517.654,67.663 C517.244,66.606 516.755,65.022 516.623,62.101 C516.479,58.943 516.448,57.996 516.448,50 C516.448,42.003 516.479,41.056 516.623,37.899 C516.755,34.978 517.244,33.391 517.654,32.338 C518.197,30.938 518.846,29.942 519.894,28.894 C520.942,27.846 521.94,27.196 523.338,26.654 C524.393,26.244 525.979,25.756 528.898,25.623 C532.057,25.479 533.004,25.448 541,25.448 C548.997,25.448 549.943,25.479 553.102,25.623 C556.021,25.756 557.607,26.244 558.662,26.654 C560.06,27.196 561.058,27.846 562.106,28.894 C563.154,29.942 563.803,30.938 564.346,32.338 C564.756,33.391 565.244,34.978 565.378,37.899 C565.522,41.056 565.552,42.003 565.552,50 C565.552,57.996 565.522,58.943 565.378,62.101 M570.82,37.631 C570.674,34.438 570.167,32.258 569.425,30.349 C568.659,28.377 567.633,26.702 565.965,25.035 C564.297,23.368 562.623,22.342 560.652,21.575 C558.743,20.834 556.562,20.326 553.369,20.18 C550.169,20.033 549.148,20 541,20 C532.853,20 531.831,20.033 528.631,20.18 C525.438,20.326 523.257,20.834 521.349,21.575 C519.376,22.342 517.703,23.368 516.035,25.035 C514.368,26.702 513.342,28.377 512.574,30.349 C511.834,32.258 511.326,34.438 511.181,37.631 C511.035,40.831 511,41.851 511,50 C511,58.147 511.035,59.17 511.181,62.369 C511.326,65.562 511.834,67.743 512.574,69.651 C513.342,71.625 514.368,73.296 516.035,74.965 C517.703,76.634 519.376,77.658 521.349,78.425 C523.257,79.167 525.438,79.673 528.631,79.82 C531.831,79.965 532.853,80.001 541,80.001 C549.148,80.001 550.169,79.965 553.369,79.82 C556.562,79.673 558.743,79.167 560.652,78.425 C562.623,77.658 564.297,76.634 565.965,74.965 C567.633,73.296 568.659,71.625 569.425,69.651 C570.167,67.743 570.674,65.562 570.82,62.369 C570.966,59.17 571,58.147 571,50 C571,41.851 570.966,40.831 570.82,37.631\"><\/path><\/g><\/g><\/g><\/svg><\/div><div style=\"padding-top: 8px;\"> <div style=\" color:#3897f0; font-family:Arial,sans-serif; font-size:14px; font-style:normal; font-weight:550; line-height:18px;\">Voir cette publication sur Instagram<\/div><\/div><div style=\"padding: 12.5% 0;\"><\/div> <div style=\"display: flex; flex-direction: row; margin-bottom: 14px; align-items: center;\"><div> <div style=\"background-color: #F4F4F4; border-radius: 50%; height: 12.5px; width: 12.5px; transform: translateX(0px) translateY(7px);\"><\/div> <div style=\"background-color: #F4F4F4; height: 12.5px; transform: rotate(-45deg) translateX(3px) translateY(1px); width: 12.5px; flex-grow: 0; margin-right: 14px; margin-left: 2px;\"><\/div> <div style=\"background-color: #F4F4F4; border-radius: 50%; height: 12.5px; width: 12.5px; transform: translateX(9px) translateY(-18px);\"><\/div><\/div><div style=\"margin-left: 8px;\"> <div style=\" background-color: #F4F4F4; border-radius: 50%; flex-grow: 0; height: 20px; width: 20px;\"><\/div> <div style=\" width: 0; height: 0; border-top: 2px solid transparent; border-left: 6px solid #f4f4f4; border-bottom: 2px solid transparent; transform: translateX(16px) translateY(-4px) rotate(30deg)\"><\/div><\/div><div style=\"margin-left: auto;\"> <div style=\" width: 0px; border-top: 8px solid #F4F4F4; border-right: 8px solid transparent; transform: translateY(16px);\"><\/div> <div style=\" background-color: #F4F4F4; flex-grow: 0; height: 12px; width: 16px; transform: translateY(-4px);\"><\/div> <div style=\" width: 0; height: 0; border-top: 8px solid #F4F4F4; border-left: 8px solid transparent; transform: translateY(-4px) translateX(8px);\"><\/div><\/div><\/div> <div style=\"display: flex; flex-direction: column; flex-grow: 1; justify-content: center; margin-bottom: 24px;\"> <div style=\" background-color: #F4F4F4; border-radius: 4px; flex-grow: 0; height: 14px; margin-bottom: 6px; width: 224px;\"><\/div> <div style=\" background-color: #F4F4F4; border-radius: 4px; flex-grow: 0; height: 14px; width: 144px;\"><\/div><\/div><\/a><p style=\" color:#c9c8cd; font-family:Arial,sans-serif; font-size:14px; line-height:17px; margin-bottom:0; margin-top:8px; overflow:hidden; padding:8px 0 7px; text-align:center; text-overflow:ellipsis; white-space:nowrap;\"><a href=\"https:\/\/www.instagram.com\/reel\/CzCxj4StAN6\/?utm_source=ig_embed&amp;utm_campaign=loading\" style=\" color:#c9c8cd; font-family:Arial,sans-serif; font-size:14px; font-style:normal; font-weight:normal; line-height:17px; text-decoration:none;\" target=\"_blank\" rel=\"noopener\">Un post partag\u00e9 par Jimmy Levy (@jimmylevy)<\/a><\/p><\/div><\/blockquote> <script async src=\"\/\/www.instagram.com\/embed.js\"><\/script>\n\n\n\n<p>Apr\u00e8s avoir \u00e9teint l&#039;incendie et men\u00e9 une enqu\u00eate, il a \u00e9t\u00e9 d\u00e9couvert que l&#039;incendie \u00e9tait provoqu\u00e9 par une batterie externe surchauff\u00e9e. Dans une d\u00e9claration \u00e0 Caters, JetBlue a confirm\u00e9 que le vol &quot;a \u00e9t\u00e9 \u00e9vacu\u00e9 alors qu&#039;il se trouvait \u00e0 la porte d&#039;embarquement avant le d\u00e9collage en raison d&#039;un appareil \u00e9lectronique d&#039;un client ou d&#039;un dysfonctionnement de la batterie&quot;. \u00abNotre \u00e9quipage a r\u00e9agi imm\u00e9diatement et a r\u00e9gl\u00e9 la situation et il n&#039;y a eu aucun appel \u00e0 l&#039;assistance m\u00e9dicale. La s\u00e9curit\u00e9 est notre priorit\u00e9 num\u00e9ro un et nous enqu\u00eatons sur l&#039;incident \u00bb, poursuit le communiqu\u00e9. On ne sait pas exactement quel type de chargeur de t\u00e9l\u00e9phone portable a d\u00e9clench\u00e9 l&#039;incendie.<\/p>\n<br \/>Suivez-nous \u00e9galement sur Google News : <b><a href=\"https:\/\/news.google.com\/publications\/CAAqBwgKMNqJiwswjMfqAg?hl=it&gl=IT&ceid=IT:it\" target=\"_blank\">Cliquez ici<\/a><\/b>","protected":false},"excerpt":{"rendered":"<p>Lors d&#039;un d\u00e9collage, le powerbank de Jimmy Levy prend feu dans l&#039;avion. L\u2019influenceur parle de cette exp\u00e9rience terrifiante sur les r\u00e9seaux sociaux.<\/p>","protected":false},"author":4,"featured_media":9094,"comment_status":"open","ping_status":"open","sticky":false,"template":"","format":"standard","meta":{"MSN_Categories":"Uncategorized","MSN_Publish_Option":false,"MSN_Is_Local_News":false,"MSN_Is_AIAC_Included":"Empty","MSN_Location":"[]","MSN_Add_Feature_Img_On_Top_Of_Post":false,"MSN_Has_Custom_Author":false,"MSN_Custom_Author":"","MSN_Has_Custom_Canonical_Url":false,"MSN_Custom_Canonical_Url":"","footnotes":""},"categories":[16],"tags":[335,290,291],"class_list":["post-9077","post","type-post","status-publish","format-standard","has-post-thumbnail","hentry","category-influencer","tag-aeroporto","tag-video-virale","tag-virale"],"acf":[],"yoast_head":"<!-- This site is optimized with the Yoast SEO Premium plugin v26.7 (Yoast SEO v26.7) - https:\/\/yoast.com\/wordpress\/plugins\/seo\/ -->\n<title>La powerbank di un influencer prende fuoco in aereo: panico a bordo<\/title>\n<meta name=\"description\" content=\"Durante un decollo, il powerbank di Jimmy Levy prende fuoco in aereo. L&#039;influencer racconta sui social la terrificante esperienza.\" \/>\n<meta name=\"robots\" content=\"index, follow, max-snippet:-1, max-image-preview:large, max-video-preview:-1\" \/>\n<link rel=\"canonical\" href=\"https:\/\/newsvirali.it\/fr\/2023\/11\/03\/la-powerbank-dun-influenceur-prend-feu-dans-un-avion-panique-a-bord\/\" \/>\n<meta property=\"og:locale\" content=\"fr_FR\" \/>\n<meta property=\"og:type\" content=\"article\" \/>\n<meta property=\"og:title\" content=\"La powerbank di un influencer prende fuoco in aereo: panico a bordo\" \/>\n<meta property=\"og:description\" content=\"Durante un decollo, il powerbank di Jimmy Levy prende fuoco in aereo. L&#039;influencer racconta sui social la terrificante esperienza.\" \/>\n<meta property=\"og:url\" content=\"https:\/\/newsvirali.it\/fr\/2023\/11\/03\/la-powerbank-dun-influenceur-prend-feu-dans-un-avion-panique-a-bord\/\" \/>\n<meta property=\"og:site_name\" content=\"News virali\" \/>\n<meta property=\"article:published_time\" content=\"2023-11-03T16:50:57+00:00\" \/>\n<meta property=\"article:modified_time\" content=\"2023-11-21T17:19:10+00:00\" \/>\n<meta property=\"og:image\" content=\"https:\/\/newsvirali.it\/wp-content\/uploads\/2023\/11\/Collage-Maker-03-Nov-2023-05-46-PM-4521.jpg\" \/>\n\t<meta property=\"og:image:width\" content=\"2560\" \/>\n\t<meta property=\"og:image:height\" content=\"1440\" \/>\n\t<meta property=\"og:image:type\" content=\"image\/jpeg\" \/>\n<meta name=\"author\" content=\"Cecco Prestina\" \/>\n<meta name=\"twitter:card\" content=\"summary_large_image\" \/>\n<meta name=\"twitter:label1\" content=\"\u00c9crit par\" \/>\n\t<meta name=\"twitter:data1\" content=\"Cecco Prestina\" \/>\n\t<meta name=\"twitter:label2\" content=\"Dur\u00e9e de lecture estim\u00e9e\" \/>\n\t<meta name=\"twitter:data2\" content=\"3 minutes\" \/>\n<script type=\"application\/ld+json\" class=\"yoast-schema-graph\">{\"@context\":\"https:\/\/schema.org\",\"@graph\":[{\"@type\":\"NewsArticle\",\"@id\":\"https:\/\/newsvirali.it\/2023\/11\/03\/la-powerbank-di-un-influencer-prende-fuoco-in-aereo-panico-a-bordo\/#article\",\"isPartOf\":{\"@id\":\"https:\/\/newsvirali.it\/2023\/11\/03\/la-powerbank-di-un-influencer-prende-fuoco-in-aereo-panico-a-bordo\/\"},\"author\":{\"name\":\"Cecco Prestina\",\"@id\":\"https:\/\/newsvirali.it\/fr\/#\/schema\/person\/4c835f7b49c9adb58b33901ee816565d\"},\"headline\":\"La powerbank di un influencer prende fuoco in aereo: panico a bordo\",\"datePublished\":\"2023-11-03T16:50:57+00:00\",\"dateModified\":\"2023-11-21T17:19:10+00:00\",\"mainEntityOfPage\":{\"@id\":\"https:\/\/newsvirali.it\/2023\/11\/03\/la-powerbank-di-un-influencer-prende-fuoco-in-aereo-panico-a-bordo\/\"},\"wordCount\":520,\"commentCount\":0,\"image\":{\"@id\":\"https:\/\/newsvirali.it\/2023\/11\/03\/la-powerbank-di-un-influencer-prende-fuoco-in-aereo-panico-a-bordo\/#primaryimage\"},\"thumbnailUrl\":\"https:\/\/newsvirali.it\/wp-content\/uploads\/2023\/11\/Collage-Maker-03-Nov-2023-05-46-PM-4521.jpg\",\"keywords\":[\"aeroporto\",\"video virale\",\"virale\"],\"articleSection\":[\"Influencer\"],\"inLanguage\":\"fr-FR\",\"potentialAction\":[{\"@type\":\"CommentAction\",\"name\":\"Comment\",\"target\":[\"https:\/\/newsvirali.it\/2023\/11\/03\/la-powerbank-di-un-influencer-prende-fuoco-in-aereo-panico-a-bordo\/#respond\"]}],\"copyrightYear\":\"2023\",\"copyrightHolder\":{\"@id\":\"https:\/\/newsvirali.it\/fr\/#organization\"}},{\"@type\":\"WebPage\",\"@id\":\"https:\/\/newsvirali.it\/2023\/11\/03\/la-powerbank-di-un-influencer-prende-fuoco-in-aereo-panico-a-bordo\/\",\"url\":\"https:\/\/newsvirali.it\/2023\/11\/03\/la-powerbank-di-un-influencer-prende-fuoco-in-aereo-panico-a-bordo\/\",\"name\":\"La powerbank di un influencer prende fuoco in aereo: panico a bordo\",\"isPartOf\":{\"@id\":\"https:\/\/newsvirali.it\/fr\/#website\"},\"primaryImageOfPage\":{\"@id\":\"https:\/\/newsvirali.it\/2023\/11\/03\/la-powerbank-di-un-influencer-prende-fuoco-in-aereo-panico-a-bordo\/#primaryimage\"},\"image\":{\"@id\":\"https:\/\/newsvirali.it\/2023\/11\/03\/la-powerbank-di-un-influencer-prende-fuoco-in-aereo-panico-a-bordo\/#primaryimage\"},\"thumbnailUrl\":\"https:\/\/newsvirali.it\/wp-content\/uploads\/2023\/11\/Collage-Maker-03-Nov-2023-05-46-PM-4521.jpg\",\"datePublished\":\"2023-11-03T16:50:57+00:00\",\"dateModified\":\"2023-11-21T17:19:10+00:00\",\"author\":{\"@id\":\"https:\/\/newsvirali.it\/fr\/#\/schema\/person\/4c835f7b49c9adb58b33901ee816565d\"},\"description\":\"Durante un decollo, il powerbank di Jimmy Levy prende fuoco in aereo. L'influencer racconta sui social la terrificante esperienza.\",\"breadcrumb\":{\"@id\":\"https:\/\/newsvirali.it\/2023\/11\/03\/la-powerbank-di-un-influencer-prende-fuoco-in-aereo-panico-a-bordo\/#breadcrumb\"},\"inLanguage\":\"fr-FR\",\"potentialAction\":[{\"@type\":\"ReadAction\",\"target\":[\"https:\/\/newsvirali.it\/2023\/11\/03\/la-powerbank-di-un-influencer-prende-fuoco-in-aereo-panico-a-bordo\/\"]}]},{\"@type\":\"ImageObject\",\"inLanguage\":\"fr-FR\",\"@id\":\"https:\/\/newsvirali.it\/2023\/11\/03\/la-powerbank-di-un-influencer-prende-fuoco-in-aereo-panico-a-bordo\/#primaryimage\",\"url\":\"https:\/\/newsvirali.it\/wp-content\/uploads\/2023\/11\/Collage-Maker-03-Nov-2023-05-46-PM-4521.jpg\",\"contentUrl\":\"https:\/\/newsvirali.it\/wp-content\/uploads\/2023\/11\/Collage-Maker-03-Nov-2023-05-46-PM-4521.jpg\",\"width\":2560,\"height\":1440,\"caption\":\"La powerbank di un influencer prende fuoco in aereo: panico a bordo\"},{\"@type\":\"BreadcrumbList\",\"@id\":\"https:\/\/newsvirali.it\/2023\/11\/03\/la-powerbank-di-un-influencer-prende-fuoco-in-aereo-panico-a-bordo\/#breadcrumb\",\"itemListElement\":[{\"@type\":\"ListItem\",\"position\":1,\"name\":\"Home\",\"item\":\"https:\/\/newsvirali.it\/fr\/\"},{\"@type\":\"ListItem\",\"position\":2,\"name\":\"La powerbank di un influencer prende fuoco in aereo: panico a bordo\"}]},{\"@type\":\"WebSite\",\"@id\":\"https:\/\/newsvirali.it\/fr\/#website\",\"url\":\"https:\/\/newsvirali.it\/fr\/\",\"name\":\"Bake News\",\"description\":\"\",\"potentialAction\":[{\"@type\":\"SearchAction\",\"target\":{\"@type\":\"EntryPoint\",\"urlTemplate\":\"https:\/\/newsvirali.it\/fr\/?s={search_term_string}\"},\"query-input\":{\"@type\":\"PropertyValueSpecification\",\"valueRequired\":true,\"valueName\":\"search_term_string\"}}],\"inLanguage\":\"fr-FR\"},{\"@type\":\"Person\",\"@id\":\"https:\/\/newsvirali.it\/fr\/#\/schema\/person\/4c835f7b49c9adb58b33901ee816565d\",\"name\":\"Cecco Prestina\",\"description\":\"Perch\u00e9 nasconderlo? Cecco Prestina \u00e8 un alias, ma dietro di lui non si cela un algoritmo di intelligenza artificiale. C'\u00e8 un giornalista che ha oltre vent'anni di esperienza tutta sul web. Da quando il primo modem ha iniziato a gracchiare sul territorio italiano con Video on Line, Cecco ha capito che da quel doppino sarebbe passato il futuro. Ha dedidicato tutta la sua carriera a capire Internet e poi i social e ora l'Ai. Una carriera in costante aggiornamento. E questa esperienza la mette in campo ogni giorno. Per\u00f2 ogni tanto Cecco ha voglia anche di non scrivere \\\"pipponi\\\" sulla politica, sull'economia. Ha voglia anche di scrivere qualcosa di divertente. Le notizie che trovate su Bake News sono le stesse che Cecco porta all'aperitivo con gli amici. Quelle di cui discutere per farsi due risate. Notizie, vere (qualche volta si fa fatica a crederlo), strane, divertenti, ma anche serie. Bake News \u00e8 nato per questo, dare al pubblico notizie croccanti e calde come il pane che esce dal forno. E Cecco Prestina \u00e8 nato con Bake News.\",\"url\":\"https:\/\/newsvirali.it\/fr\/autore\/cecco-prestina\/\"}]}<\/script>\n<!-- \/ Yoast SEO Premium plugin. -->","yoast_head_json":{"title":"La powerbank di un influencer prende fuoco in aereo: panico a bordo","description":"Durante un decollo, il powerbank di Jimmy Levy prende fuoco in aereo. L'influencer racconta sui social la terrificante esperienza.","robots":{"index":"index","follow":"follow","max-snippet":"max-snippet:-1","max-image-preview":"max-image-preview:large","max-video-preview":"max-video-preview:-1"},"canonical":"https:\/\/newsvirali.it\/fr\/2023\/11\/03\/la-powerbank-dun-influenceur-prend-feu-dans-un-avion-panique-a-bord\/","og_locale":"fr_FR","og_type":"article","og_title":"La powerbank di un influencer prende fuoco in aereo: panico a bordo","og_description":"Durante un decollo, il powerbank di Jimmy Levy prende fuoco in aereo. L'influencer racconta sui social la terrificante esperienza.","og_url":"https:\/\/newsvirali.it\/fr\/2023\/11\/03\/la-powerbank-dun-influenceur-prend-feu-dans-un-avion-panique-a-bord\/","og_site_name":"News virali","article_published_time":"2023-11-03T16:50:57+00:00","article_modified_time":"2023-11-21T17:19:10+00:00","og_image":[{"width":2560,"height":1440,"url":"https:\/\/newsvirali.it\/wp-content\/uploads\/2023\/11\/Collage-Maker-03-Nov-2023-05-46-PM-4521.jpg","type":"image\/jpeg"}],"author":"Cecco Prestina","twitter_card":"summary_large_image","twitter_misc":{"\u00c9crit par":"Cecco Prestina","Dur\u00e9e de lecture estim\u00e9e":"3 minutes"},"schema":{"@context":"https:\/\/schema.org","@graph":[{"@type":"NewsArticle","@id":"https:\/\/newsvirali.it\/2023\/11\/03\/la-powerbank-di-un-influencer-prende-fuoco-in-aereo-panico-a-bordo\/#article","isPartOf":{"@id":"https:\/\/newsvirali.it\/2023\/11\/03\/la-powerbank-di-un-influencer-prende-fuoco-in-aereo-panico-a-bordo\/"},"author":{"name":"Cecco Prestina","@id":"https:\/\/newsvirali.it\/fr\/#\/schema\/person\/4c835f7b49c9adb58b33901ee816565d"},"headline":"La powerbank di un influencer prende fuoco in aereo: panico a bordo","datePublished":"2023-11-03T16:50:57+00:00","dateModified":"2023-11-21T17:19:10+00:00","mainEntityOfPage":{"@id":"https:\/\/newsvirali.it\/2023\/11\/03\/la-powerbank-di-un-influencer-prende-fuoco-in-aereo-panico-a-bordo\/"},"wordCount":520,"commentCount":0,"image":{"@id":"https:\/\/newsvirali.it\/2023\/11\/03\/la-powerbank-di-un-influencer-prende-fuoco-in-aereo-panico-a-bordo\/#primaryimage"},"thumbnailUrl":"https:\/\/newsvirali.it\/wp-content\/uploads\/2023\/11\/Collage-Maker-03-Nov-2023-05-46-PM-4521.jpg","keywords":["aeroporto","video virale","virale"],"articleSection":["Influencer"],"inLanguage":"fr-FR","potentialAction":[{"@type":"CommentAction","name":"Comment","target":["https:\/\/newsvirali.it\/2023\/11\/03\/la-powerbank-di-un-influencer-prende-fuoco-in-aereo-panico-a-bordo\/#respond"]}],"copyrightYear":"2023","copyrightHolder":{"@id":"https:\/\/newsvirali.it\/fr\/#organization"}},{"@type":"WebPage","@id":"https:\/\/newsvirali.it\/2023\/11\/03\/la-powerbank-di-un-influencer-prende-fuoco-in-aereo-panico-a-bordo\/","url":"https:\/\/newsvirali.it\/2023\/11\/03\/la-powerbank-di-un-influencer-prende-fuoco-in-aereo-panico-a-bordo\/","name":"La powerbank di un influencer prende fuoco in aereo: panico a bordo","isPartOf":{"@id":"https:\/\/newsvirali.it\/fr\/#website"},"primaryImageOfPage":{"@id":"https:\/\/newsvirali.it\/2023\/11\/03\/la-powerbank-di-un-influencer-prende-fuoco-in-aereo-panico-a-bordo\/#primaryimage"},"image":{"@id":"https:\/\/newsvirali.it\/2023\/11\/03\/la-powerbank-di-un-influencer-prende-fuoco-in-aereo-panico-a-bordo\/#primaryimage"},"thumbnailUrl":"https:\/\/newsvirali.it\/wp-content\/uploads\/2023\/11\/Collage-Maker-03-Nov-2023-05-46-PM-4521.jpg","datePublished":"2023-11-03T16:50:57+00:00","dateModified":"2023-11-21T17:19:10+00:00","author":{"@id":"https:\/\/newsvirali.it\/fr\/#\/schema\/person\/4c835f7b49c9adb58b33901ee816565d"},"description":"Durante un decollo, il powerbank di Jimmy Levy prende fuoco in aereo. L'influencer racconta sui social la terrificante esperienza.","breadcrumb":{"@id":"https:\/\/newsvirali.it\/2023\/11\/03\/la-powerbank-di-un-influencer-prende-fuoco-in-aereo-panico-a-bordo\/#breadcrumb"},"inLanguage":"fr-FR","potentialAction":[{"@type":"ReadAction","target":["https:\/\/newsvirali.it\/2023\/11\/03\/la-powerbank-di-un-influencer-prende-fuoco-in-aereo-panico-a-bordo\/"]}]},{"@type":"ImageObject","inLanguage":"fr-FR","@id":"https:\/\/newsvirali.it\/2023\/11\/03\/la-powerbank-di-un-influencer-prende-fuoco-in-aereo-panico-a-bordo\/#primaryimage","url":"https:\/\/newsvirali.it\/wp-content\/uploads\/2023\/11\/Collage-Maker-03-Nov-2023-05-46-PM-4521.jpg","contentUrl":"https:\/\/newsvirali.it\/wp-content\/uploads\/2023\/11\/Collage-Maker-03-Nov-2023-05-46-PM-4521.jpg","width":2560,"height":1440,"caption":"La powerbank di un influencer prende fuoco in aereo: panico a bordo"},{"@type":"BreadcrumbList","@id":"https:\/\/newsvirali.it\/2023\/11\/03\/la-powerbank-di-un-influencer-prende-fuoco-in-aereo-panico-a-bordo\/#breadcrumb","itemListElement":[{"@type":"ListItem","position":1,"name":"Home","item":"https:\/\/newsvirali.it\/fr\/"},{"@type":"ListItem","position":2,"name":"La powerbank di un influencer prende fuoco in aereo: panico a bordo"}]},{"@type":"WebSite","@id":"https:\/\/newsvirali.it\/fr\/#website","url":"https:\/\/newsvirali.it\/fr\/","name":"Bake News","description":"","potentialAction":[{"@type":"SearchAction","target":{"@type":"EntryPoint","urlTemplate":"https:\/\/newsvirali.it\/fr\/?s={search_term_string}"},"query-input":{"@type":"PropertyValueSpecification","valueRequired":true,"valueName":"search_term_string"}}],"inLanguage":"fr-FR"},{"@type":"Person","@id":"https:\/\/newsvirali.it\/fr\/#\/schema\/person\/4c835f7b49c9adb58b33901ee816565d","name":"Cecco Prestina","description":"Perch\u00e9 nasconderlo? Cecco Prestina \u00e8 un alias, ma dietro di lui non si cela un algoritmo di intelligenza artificiale. C'\u00e8 un giornalista che ha oltre vent'anni di esperienza tutta sul web. Da quando il primo modem ha iniziato a gracchiare sul territorio italiano con Video on Line, Cecco ha capito che da quel doppino sarebbe passato il futuro. Ha dedidicato tutta la sua carriera a capire Internet e poi i social e ora l'Ai. Una carriera in costante aggiornamento. E questa esperienza la mette in campo ogni giorno. Per\u00f2 ogni tanto Cecco ha voglia anche di non scrivere \"pipponi\" sulla politica, sull'economia. Ha voglia anche di scrivere qualcosa di divertente. Le notizie che trovate su Bake News sono le stesse che Cecco porta all'aperitivo con gli amici. Quelle di cui discutere per farsi due risate. Notizie, vere (qualche volta si fa fatica a crederlo), strane, divertenti, ma anche serie. Bake News \u00e8 nato per questo, dare al pubblico notizie croccanti e calde come il pane che esce dal forno. E Cecco Prestina \u00e8 nato con Bake News.","url":"https:\/\/newsvirali.it\/fr\/autore\/cecco-prestina\/"}]}},"_links":{"self":[{"href":"https:\/\/newsvirali.it\/fr\/wp-json\/wp\/v2\/posts\/9077","targetHints":{"allow":["GET"]}}],"collection":[{"href":"https:\/\/newsvirali.it\/fr\/wp-json\/wp\/v2\/posts"}],"about":[{"href":"https:\/\/newsvirali.it\/fr\/wp-json\/wp\/v2\/types\/post"}],"author":[{"embeddable":true,"href":"https:\/\/newsvirali.it\/fr\/wp-json\/wp\/v2\/users\/4"}],"replies":[{"embeddable":true,"href":"https:\/\/newsvirali.it\/fr\/wp-json\/wp\/v2\/comments?post=9077"}],"version-history":[{"count":3,"href":"https:\/\/newsvirali.it\/fr\/wp-json\/wp\/v2\/posts\/9077\/revisions"}],"predecessor-version":[{"id":9097,"href":"https:\/\/newsvirali.it\/fr\/wp-json\/wp\/v2\/posts\/9077\/revisions\/9097"}],"wp:featuredmedia":[{"embeddable":true,"href":"https:\/\/newsvirali.it\/fr\/wp-json\/wp\/v2\/media\/9094"}],"wp:attachment":[{"href":"https:\/\/newsvirali.it\/fr\/wp-json\/wp\/v2\/media?parent=9077"}],"wp:term":[{"taxonomy":"category","embeddable":true,"href":"https:\/\/newsvirali.it\/fr\/wp-json\/wp\/v2\/categories?post=9077"},{"taxonomy":"post_tag","embeddable":true,"href":"https:\/\/newsvirali.it\/fr\/wp-json\/wp\/v2\/tags?post=9077"}],"curies":[{"name":"wp","href":"https:\/\/api.w.org\/{rel}","templated":true}]}}