{"id":6788,"date":"2023-10-10T16:28:11","date_gmt":"2023-10-10T14:28:11","guid":{"rendered":"https:\/\/www.bakenews.it\/?p=6788"},"modified":"2023-10-10T18:05:44","modified_gmt":"2023-10-10T16:05:44","slug":"lattacco-di-hamas-registrato-con-le-gopro-massacrati-anche-i-cani","status":"publish","type":"post","link":"https:\/\/newsvirali.it\/fr\/2023\/10\/10\/lattaque-du-hamas-enregistree-avec-des-cameras-gopro-a-egalement-massacre-les-chiens\/","title":{"rendered":"L&#039;attaque du Hamas enregistr\u00e9e avec GoPro : m\u00eame les chiens ont \u00e9t\u00e9 massacr\u00e9s"},"content":{"rendered":"<p>Des images horribles ont \u00e9t\u00e9 diffus\u00e9es montrant des militants du Hamas tirant sur le chien d&#039;une famille isra\u00e9lienne avant de saccager leur r\u00e9frig\u00e9rateur et d&#039;incendier leur maison. L&#039;attaque \u00e9tait l&#039;une des dizaines qui ont eu lieu au cours du week-end et ont eu lieu \u00e0 <strong><a href=\"https:\/\/www.bakenews.it\/kibbutz-mossad-hamas-che-cosa-significa-dizionario-guerra\/\">kibboutz<\/a><\/strong> de Beeri, une petite communaut\u00e9 agricole proche de la fronti\u00e8re palestinienne.<\/p>\n\n\n\n<p><\/p>\n\n\n\n<hr class=\"wp-block-separator has-alpha-channel-opacity\"\/>\n\n\n\n<p><strong>LIRE AUSSI<\/strong><\/p>\n\n\n\n<ul class=\"wp-block-list\">\n<li><a href=\"https:\/\/www.bakenews.it\/mia-khalifa-sostiene-hamas-licenziata-da-playboy\/\">\u00ab\u00a0Mia Khalifa soutient le Hamas\u00a0\u00bb\u00a0: vir\u00e9e de Playboy<\/a><\/li>\n\n\n\n<li><a href=\"https:\/\/www.bakenews.it\/israele-genitori-eroi-nascondono-salvano-gemellini-trucidati-hamas\/\">Isra\u00ebl, des parents h\u00e9ros cachent et sauvent leurs jumeaux puis sont massacr\u00e9s par le Hamas<\/a><\/li>\n\n\n\n<li><a href=\"https:\/\/www.bakenews.it\/terrorista-hamas-chiama-madre-due-sorelle-rapite-rave\/\">Un terroriste du Hamas appelle la m\u00e8re des s\u0153urs kidnapp\u00e9es lors d&#039;une rave en Isra\u00ebl et rit<\/a><\/li>\n<\/ul>\n\n\n\n<hr class=\"wp-block-separator has-alpha-channel-opacity\"\/>\n\n\n\n<p><\/p>\n\n\n\n<h2 class=\"wp-block-heading\" id=\"h-il-cane-ucciso-durante-l-assalto\">Le chien tu\u00e9 lors de l&#039;attaque<\/h2>\n\n\n\n<p>Les forces de s\u00e9curit\u00e9 isra\u00e9liennes et les sauveteurs ont ensuite retrouv\u00e9 108 corps (environ 101\u00a0TP3T de la population) apr\u00e8s une longue confrontation avec des otages et des hommes arm\u00e9s. Le clip, obtenu \u00e0 partir d&#039;une cam\u00e9ra GoPro fix\u00e9e sur l&#039;un des casques des combattants du Hamas, montre le chien bondissant hors de la maison en direction des assaillants avant d&#039;\u00eatre imm\u00e9diatement fauch\u00e9 par plusieurs balles.<\/p>\n\n\n\n<figure class=\"wp-block-embed is-type-rich is-provider-twitter wp-block-embed-twitter\"><div class=\"wp-block-embed__wrapper\">\n<blockquote class=\"twitter-tweet\" data-width=\"500\" data-dnt=\"true\"><p lang=\"en\" dir=\"ltr\">Vid\u00e9o Bodycam du Hamas entrant dans le kibboutz Kissufim.<br>Un chien tente de chasser les terroristes mais est abattu.<a href=\"https:\/\/twitter.com\/hashtag\/Israel_under_attack?src=hash&amp;ref_src=twsrc%5Etfw\">#Israel_under_attack<\/a> <a href=\"https:\/\/twitter.com\/hashtag\/FreePalastine?src=hash&amp;ref_src=twsrc%5Etfw\">#GratuitPalastine<\/a> <a href=\"https:\/\/twitter.com\/hashtag\/IsraelUnderAttack?src=hash&amp;ref_src=twsrc%5Etfw\">#IsraelUnderAttack<\/a> <a href=\"https:\/\/twitter.com\/hashtag\/IsraelPalestineWar?src=hash&amp;ref_src=twsrc%5Etfw\">#IsraelPalestineGuerre<\/a> <a href=\"https:\/\/twitter.com\/hashtag\/HamasTerrorists?src=hash&amp;ref_src=twsrc%5Etfw\">#HamasTerroristes<\/a> <a href=\"https:\/\/twitter.com\/hashtag\/Iran?src=hash&amp;ref_src=twsrc%5Etfw\">#Iran<\/a> <a href=\"https:\/\/twitter.com\/hashtag\/Palestinian?src=hash&amp;ref_src=twsrc%5Etfw\">#Palestinien<\/a> <a href=\"https:\/\/t.co\/kA0iHjk2ex\">https:\/\/t.co\/kA0iHjk2ex<\/a><\/p>\u2013Paul Golding (@GoldingBF) <a href=\"https:\/\/twitter.com\/GoldingBF\/status\/1711461639403311133?ref_src=twsrc%5Etfw\">9 octobre 2023<\/a><\/blockquote><script async src=\"https:\/\/platform.twitter.com\/widgets.js\" charset=\"utf-8\"><\/script>\n<\/div><\/figure>\n\n\n\n<p>Les militants ont ensuite envahi la maison et ont commenc\u00e9 \u00e0 fouiller dans les affaires de la famille, buvant du jus d&#039;orange sorti du r\u00e9frig\u00e9rateur et se gorgeant de son contenu. L&#039;un des combattants sort alors un briquet de sa poche et met le feu aux plantes et aux ornements suspendus dans la maison, qui prennent rapidement feu et envoient ensuite le reste de la maison en flammes. Ailleurs dans le kibboutz, un deuxi\u00e8me groupe de militants du Hamas a acc\u00e9d\u00e9 \u00e0 l&#039;enceinte cl\u00f4tur\u00e9e en massacrant des civils \u00e0 bout portant alors qu&#039;ils \u00e9taient assis dans une voiture.<\/p>\n\n\n\n<h2 class=\"wp-block-heading\" id=\"h-il-massacro-nel-kibbutz-di-be-eri\">Le massacre du kibboutz Beeri<\/h2>\n\n\n\n<p>Les images montrent le groupe tapi devant la porte d\u2019entr\u00e9e de la communaut\u00e9 Beeri. Apr\u00e8s s&#039;\u00eatre retrouv\u00e9 incapable d&#039;ouvrir le portail contr\u00f4l\u00e9 \u00e9lectroniquement, le groupe a pris position de chaque c\u00f4t\u00e9 alors que deux civils s&#039;approchaient de leur salon familial, ignorant leur pr\u00e9sence. Mais d\u00e8s que la famille s&#039;arr\u00eate pour ouvrir le portail, elle tombe dans une embuscade tendue par le groupe de militants, qui pointent leurs fusils sur la voiture et criblent les occupants de balles.<\/p>\n\n\n\n<figure class=\"wp-block-embed is-type-rich is-provider-twitter wp-block-embed-twitter\"><div class=\"wp-block-embed__wrapper\">\n<blockquote class=\"twitter-tweet\" data-width=\"500\" data-dnt=\"true\"><p lang=\"en\" dir=\"ltr\">Le Hamas a pu entrer dans le kibboutz Be&#039;eri en attendant qu&#039;une voiture arrive pour ouvrir la porte. <br><br>Ils ont assassin\u00e9 les personnes qui se trouvaient dans la voiture, puis ont massacr\u00e9 100 personnes \u00e0 l\u2019int\u00e9rieur du kibboutz.  <a href=\"https:\/\/t.co\/hKaKAr2enP\">pic.twitter.com\/hKaKAr2enP<\/a><\/p>\u2013 Aviva Klompas (@AvivaKlompas) <a href=\"https:\/\/twitter.com\/AvivaKlompas\/status\/1711713746727424226?ref_src=twsrc%5Etfw\">10 octobre 2023<\/a><\/blockquote><script async src=\"https:\/\/platform.twitter.com\/widgets.js\" charset=\"utf-8\"><\/script>\n<\/div><\/figure>\n<br \/>Suivez-nous \u00e9galement sur Google News : <b><a href=\"https:\/\/news.google.com\/publications\/CAAqBwgKMNqJiwswjMfqAg?hl=it&gl=IT&ceid=IT:it\" target=\"_blank\">Cliquez ici<\/a><\/b>","protected":false},"excerpt":{"rendered":"<p>Des images horribles ont \u00e9t\u00e9 publi\u00e9es montrant des militants du Hamas tirant sur le chien d&#039;une famille isra\u00e9lienne avant de piller le [\u2026]<\/p>","protected":false},"author":4,"featured_media":6800,"comment_status":"open","ping_status":"open","sticky":false,"template":"","format":"standard","meta":{"MSN_Categories":"Uncategorized","MSN_Publish_Option":false,"MSN_Is_Local_News":false,"MSN_Is_AIAC_Included":"Empty","MSN_Location":"[]","MSN_Add_Feature_Img_On_Top_Of_Post":false,"MSN_Has_Custom_Author":false,"MSN_Custom_Author":"","MSN_Has_Custom_Canonical_Url":false,"MSN_Custom_Canonical_Url":"","footnotes":""},"categories":[9],"tags":[316],"class_list":["post-6788","post","type-post","status-publish","format-standard","has-post-thumbnail","hentry","category-mondo","tag-israele-hamas"],"acf":[],"yoast_head":"<!-- This site is optimized with the Yoast SEO Premium plugin v26.7 (Yoast SEO v26.7) - https:\/\/yoast.com\/wordpress\/plugins\/seo\/ -->\n<title>L&#039;attacco di Hamas registrato con le GoPro: massacrati anche i cani<\/title>\n<meta name=\"description\" content=\"I guerriglieri di Hamas hanno filmato ogni secondo degli attacchi compiuti contro Israele. Nemmeno i cani sono stati risparmiati.\" \/>\n<meta name=\"robots\" content=\"index, follow, max-snippet:-1, max-image-preview:large, max-video-preview:-1\" \/>\n<link rel=\"canonical\" href=\"https:\/\/newsvirali.it\/fr\/2023\/10\/10\/lattaque-du-hamas-enregistree-avec-des-cameras-gopro-a-egalement-massacre-les-chiens\/\" \/>\n<meta property=\"og:locale\" content=\"fr_FR\" \/>\n<meta property=\"og:type\" content=\"article\" \/>\n<meta property=\"og:title\" content=\"L&#039;attacco di Hamas registrato con le GoPro: massacrati anche i cani\" \/>\n<meta property=\"og:description\" content=\"I guerriglieri di Hamas hanno filmato ogni secondo degli attacchi compiuti contro Israele. Nemmeno i cani sono stati risparmiati.\" \/>\n<meta property=\"og:url\" content=\"https:\/\/newsvirali.it\/fr\/2023\/10\/10\/lattaque-du-hamas-enregistree-avec-des-cameras-gopro-a-egalement-massacre-les-chiens\/\" \/>\n<meta property=\"og:site_name\" content=\"News virali\" \/>\n<meta property=\"article:published_time\" content=\"2023-10-10T14:28:11+00:00\" \/>\n<meta property=\"article:modified_time\" content=\"2023-10-10T16:05:44+00:00\" \/>\n<meta property=\"og:image\" content=\"https:\/\/newsvirali.it\/wp-content\/uploads\/2023\/10\/vlcsnap-2023-10-10-16h07m43s810.jpg\" \/>\n\t<meta property=\"og:image:width\" content=\"848\" \/>\n\t<meta property=\"og:image:height\" content=\"480\" \/>\n\t<meta property=\"og:image:type\" content=\"image\/jpeg\" \/>\n<meta name=\"author\" content=\"Cecco Prestina\" \/>\n<meta name=\"twitter:card\" content=\"summary_large_image\" \/>\n<meta name=\"twitter:label1\" content=\"\u00c9crit par\" \/>\n\t<meta name=\"twitter:data1\" content=\"Cecco Prestina\" \/>\n\t<meta name=\"twitter:label2\" content=\"Dur\u00e9e de lecture estim\u00e9e\" \/>\n\t<meta name=\"twitter:data2\" content=\"2 minutes\" \/>\n<script type=\"application\/ld+json\" class=\"yoast-schema-graph\">{\"@context\":\"https:\/\/schema.org\",\"@graph\":[{\"@type\":\"NewsArticle\",\"@id\":\"https:\/\/newsvirali.it\/2023\/10\/10\/lattacco-di-hamas-registrato-con-le-gopro-massacrati-anche-i-cani\/#article\",\"isPartOf\":{\"@id\":\"https:\/\/newsvirali.it\/2023\/10\/10\/lattacco-di-hamas-registrato-con-le-gopro-massacrati-anche-i-cani\/\"},\"author\":{\"name\":\"Cecco Prestina\",\"@id\":\"https:\/\/newsvirali.it\/fr\/#\/schema\/person\/4c835f7b49c9adb58b33901ee816565d\"},\"headline\":\"L&#8217;attacco di Hamas registrato con le GoPro: massacrati anche i cani\",\"datePublished\":\"2023-10-10T14:28:11+00:00\",\"dateModified\":\"2023-10-10T16:05:44+00:00\",\"mainEntityOfPage\":{\"@id\":\"https:\/\/newsvirali.it\/2023\/10\/10\/lattacco-di-hamas-registrato-con-le-gopro-massacrati-anche-i-cani\/\"},\"wordCount\":368,\"commentCount\":0,\"image\":{\"@id\":\"https:\/\/newsvirali.it\/2023\/10\/10\/lattacco-di-hamas-registrato-con-le-gopro-massacrati-anche-i-cani\/#primaryimage\"},\"thumbnailUrl\":\"https:\/\/newsvirali.it\/wp-content\/uploads\/2023\/10\/vlcsnap-2023-10-10-16h07m43s810.jpg\",\"keywords\":[\"israele hamas\"],\"articleSection\":[\"Mondo\"],\"inLanguage\":\"fr-FR\",\"potentialAction\":[{\"@type\":\"CommentAction\",\"name\":\"Comment\",\"target\":[\"https:\/\/newsvirali.it\/2023\/10\/10\/lattacco-di-hamas-registrato-con-le-gopro-massacrati-anche-i-cani\/#respond\"]}],\"copyrightYear\":\"2023\",\"copyrightHolder\":{\"@id\":\"https:\/\/newsvirali.it\/fr\/#organization\"}},{\"@type\":\"WebPage\",\"@id\":\"https:\/\/newsvirali.it\/2023\/10\/10\/lattacco-di-hamas-registrato-con-le-gopro-massacrati-anche-i-cani\/\",\"url\":\"https:\/\/newsvirali.it\/2023\/10\/10\/lattacco-di-hamas-registrato-con-le-gopro-massacrati-anche-i-cani\/\",\"name\":\"L'attacco di Hamas registrato con le GoPro: massacrati anche i cani\",\"isPartOf\":{\"@id\":\"https:\/\/newsvirali.it\/fr\/#website\"},\"primaryImageOfPage\":{\"@id\":\"https:\/\/newsvirali.it\/2023\/10\/10\/lattacco-di-hamas-registrato-con-le-gopro-massacrati-anche-i-cani\/#primaryimage\"},\"image\":{\"@id\":\"https:\/\/newsvirali.it\/2023\/10\/10\/lattacco-di-hamas-registrato-con-le-gopro-massacrati-anche-i-cani\/#primaryimage\"},\"thumbnailUrl\":\"https:\/\/newsvirali.it\/wp-content\/uploads\/2023\/10\/vlcsnap-2023-10-10-16h07m43s810.jpg\",\"datePublished\":\"2023-10-10T14:28:11+00:00\",\"dateModified\":\"2023-10-10T16:05:44+00:00\",\"author\":{\"@id\":\"https:\/\/newsvirali.it\/fr\/#\/schema\/person\/4c835f7b49c9adb58b33901ee816565d\"},\"description\":\"I guerriglieri di Hamas hanno filmato ogni secondo degli attacchi compiuti contro Israele. Nemmeno i cani sono stati risparmiati.\",\"breadcrumb\":{\"@id\":\"https:\/\/newsvirali.it\/2023\/10\/10\/lattacco-di-hamas-registrato-con-le-gopro-massacrati-anche-i-cani\/#breadcrumb\"},\"inLanguage\":\"fr-FR\",\"potentialAction\":[{\"@type\":\"ReadAction\",\"target\":[\"https:\/\/newsvirali.it\/2023\/10\/10\/lattacco-di-hamas-registrato-con-le-gopro-massacrati-anche-i-cani\/\"]}]},{\"@type\":\"ImageObject\",\"inLanguage\":\"fr-FR\",\"@id\":\"https:\/\/newsvirali.it\/2023\/10\/10\/lattacco-di-hamas-registrato-con-le-gopro-massacrati-anche-i-cani\/#primaryimage\",\"url\":\"https:\/\/newsvirali.it\/wp-content\/uploads\/2023\/10\/vlcsnap-2023-10-10-16h07m43s810.jpg\",\"contentUrl\":\"https:\/\/newsvirali.it\/wp-content\/uploads\/2023\/10\/vlcsnap-2023-10-10-16h07m43s810.jpg\",\"width\":848,\"height\":480,\"caption\":\"attacco di Hamas registrato con le GoPro: nemmeno i cani sono risparmiati\"},{\"@type\":\"BreadcrumbList\",\"@id\":\"https:\/\/newsvirali.it\/2023\/10\/10\/lattacco-di-hamas-registrato-con-le-gopro-massacrati-anche-i-cani\/#breadcrumb\",\"itemListElement\":[{\"@type\":\"ListItem\",\"position\":1,\"name\":\"Home\",\"item\":\"https:\/\/newsvirali.it\/fr\/\"},{\"@type\":\"ListItem\",\"position\":2,\"name\":\"L&#8217;attacco di Hamas registrato con le GoPro: massacrati anche i cani\"}]},{\"@type\":\"WebSite\",\"@id\":\"https:\/\/newsvirali.it\/fr\/#website\",\"url\":\"https:\/\/newsvirali.it\/fr\/\",\"name\":\"Bake News\",\"description\":\"\",\"potentialAction\":[{\"@type\":\"SearchAction\",\"target\":{\"@type\":\"EntryPoint\",\"urlTemplate\":\"https:\/\/newsvirali.it\/fr\/?s={search_term_string}\"},\"query-input\":{\"@type\":\"PropertyValueSpecification\",\"valueRequired\":true,\"valueName\":\"search_term_string\"}}],\"inLanguage\":\"fr-FR\"},{\"@type\":\"Person\",\"@id\":\"https:\/\/newsvirali.it\/fr\/#\/schema\/person\/4c835f7b49c9adb58b33901ee816565d\",\"name\":\"Cecco Prestina\",\"description\":\"Perch\u00e9 nasconderlo? Cecco Prestina \u00e8 un alias, ma dietro di lui non si cela un algoritmo di intelligenza artificiale. C'\u00e8 un giornalista che ha oltre vent'anni di esperienza tutta sul web. Da quando il primo modem ha iniziato a gracchiare sul territorio italiano con Video on Line, Cecco ha capito che da quel doppino sarebbe passato il futuro. Ha dedidicato tutta la sua carriera a capire Internet e poi i social e ora l'Ai. Una carriera in costante aggiornamento. E questa esperienza la mette in campo ogni giorno. Per\u00f2 ogni tanto Cecco ha voglia anche di non scrivere \\\"pipponi\\\" sulla politica, sull'economia. Ha voglia anche di scrivere qualcosa di divertente. Le notizie che trovate su Bake News sono le stesse che Cecco porta all'aperitivo con gli amici. Quelle di cui discutere per farsi due risate. Notizie, vere (qualche volta si fa fatica a crederlo), strane, divertenti, ma anche serie. Bake News \u00e8 nato per questo, dare al pubblico notizie croccanti e calde come il pane che esce dal forno. E Cecco Prestina \u00e8 nato con Bake News.\",\"url\":\"https:\/\/newsvirali.it\/fr\/autore\/cecco-prestina\/\"}]}<\/script>\n<!-- \/ Yoast SEO Premium plugin. -->","yoast_head_json":{"title":"L'attacco di Hamas registrato con le GoPro: massacrati anche i cani","description":"I guerriglieri di Hamas hanno filmato ogni secondo degli attacchi compiuti contro Israele. Nemmeno i cani sono stati risparmiati.","robots":{"index":"index","follow":"follow","max-snippet":"max-snippet:-1","max-image-preview":"max-image-preview:large","max-video-preview":"max-video-preview:-1"},"canonical":"https:\/\/newsvirali.it\/fr\/2023\/10\/10\/lattaque-du-hamas-enregistree-avec-des-cameras-gopro-a-egalement-massacre-les-chiens\/","og_locale":"fr_FR","og_type":"article","og_title":"L'attacco di Hamas registrato con le GoPro: massacrati anche i cani","og_description":"I guerriglieri di Hamas hanno filmato ogni secondo degli attacchi compiuti contro Israele. Nemmeno i cani sono stati risparmiati.","og_url":"https:\/\/newsvirali.it\/fr\/2023\/10\/10\/lattaque-du-hamas-enregistree-avec-des-cameras-gopro-a-egalement-massacre-les-chiens\/","og_site_name":"News virali","article_published_time":"2023-10-10T14:28:11+00:00","article_modified_time":"2023-10-10T16:05:44+00:00","og_image":[{"width":848,"height":480,"url":"https:\/\/newsvirali.it\/wp-content\/uploads\/2023\/10\/vlcsnap-2023-10-10-16h07m43s810.jpg","type":"image\/jpeg"}],"author":"Cecco Prestina","twitter_card":"summary_large_image","twitter_misc":{"\u00c9crit par":"Cecco Prestina","Dur\u00e9e de lecture estim\u00e9e":"2 minutes"},"schema":{"@context":"https:\/\/schema.org","@graph":[{"@type":"NewsArticle","@id":"https:\/\/newsvirali.it\/2023\/10\/10\/lattacco-di-hamas-registrato-con-le-gopro-massacrati-anche-i-cani\/#article","isPartOf":{"@id":"https:\/\/newsvirali.it\/2023\/10\/10\/lattacco-di-hamas-registrato-con-le-gopro-massacrati-anche-i-cani\/"},"author":{"name":"Cecco Prestina","@id":"https:\/\/newsvirali.it\/fr\/#\/schema\/person\/4c835f7b49c9adb58b33901ee816565d"},"headline":"L&#8217;attacco di Hamas registrato con le GoPro: massacrati anche i cani","datePublished":"2023-10-10T14:28:11+00:00","dateModified":"2023-10-10T16:05:44+00:00","mainEntityOfPage":{"@id":"https:\/\/newsvirali.it\/2023\/10\/10\/lattacco-di-hamas-registrato-con-le-gopro-massacrati-anche-i-cani\/"},"wordCount":368,"commentCount":0,"image":{"@id":"https:\/\/newsvirali.it\/2023\/10\/10\/lattacco-di-hamas-registrato-con-le-gopro-massacrati-anche-i-cani\/#primaryimage"},"thumbnailUrl":"https:\/\/newsvirali.it\/wp-content\/uploads\/2023\/10\/vlcsnap-2023-10-10-16h07m43s810.jpg","keywords":["israele hamas"],"articleSection":["Mondo"],"inLanguage":"fr-FR","potentialAction":[{"@type":"CommentAction","name":"Comment","target":["https:\/\/newsvirali.it\/2023\/10\/10\/lattacco-di-hamas-registrato-con-le-gopro-massacrati-anche-i-cani\/#respond"]}],"copyrightYear":"2023","copyrightHolder":{"@id":"https:\/\/newsvirali.it\/fr\/#organization"}},{"@type":"WebPage","@id":"https:\/\/newsvirali.it\/2023\/10\/10\/lattacco-di-hamas-registrato-con-le-gopro-massacrati-anche-i-cani\/","url":"https:\/\/newsvirali.it\/2023\/10\/10\/lattacco-di-hamas-registrato-con-le-gopro-massacrati-anche-i-cani\/","name":"L'attacco di Hamas registrato con le GoPro: massacrati anche i cani","isPartOf":{"@id":"https:\/\/newsvirali.it\/fr\/#website"},"primaryImageOfPage":{"@id":"https:\/\/newsvirali.it\/2023\/10\/10\/lattacco-di-hamas-registrato-con-le-gopro-massacrati-anche-i-cani\/#primaryimage"},"image":{"@id":"https:\/\/newsvirali.it\/2023\/10\/10\/lattacco-di-hamas-registrato-con-le-gopro-massacrati-anche-i-cani\/#primaryimage"},"thumbnailUrl":"https:\/\/newsvirali.it\/wp-content\/uploads\/2023\/10\/vlcsnap-2023-10-10-16h07m43s810.jpg","datePublished":"2023-10-10T14:28:11+00:00","dateModified":"2023-10-10T16:05:44+00:00","author":{"@id":"https:\/\/newsvirali.it\/fr\/#\/schema\/person\/4c835f7b49c9adb58b33901ee816565d"},"description":"I guerriglieri di Hamas hanno filmato ogni secondo degli attacchi compiuti contro Israele. Nemmeno i cani sono stati risparmiati.","breadcrumb":{"@id":"https:\/\/newsvirali.it\/2023\/10\/10\/lattacco-di-hamas-registrato-con-le-gopro-massacrati-anche-i-cani\/#breadcrumb"},"inLanguage":"fr-FR","potentialAction":[{"@type":"ReadAction","target":["https:\/\/newsvirali.it\/2023\/10\/10\/lattacco-di-hamas-registrato-con-le-gopro-massacrati-anche-i-cani\/"]}]},{"@type":"ImageObject","inLanguage":"fr-FR","@id":"https:\/\/newsvirali.it\/2023\/10\/10\/lattacco-di-hamas-registrato-con-le-gopro-massacrati-anche-i-cani\/#primaryimage","url":"https:\/\/newsvirali.it\/wp-content\/uploads\/2023\/10\/vlcsnap-2023-10-10-16h07m43s810.jpg","contentUrl":"https:\/\/newsvirali.it\/wp-content\/uploads\/2023\/10\/vlcsnap-2023-10-10-16h07m43s810.jpg","width":848,"height":480,"caption":"attacco di Hamas registrato con le GoPro: nemmeno i cani sono risparmiati"},{"@type":"BreadcrumbList","@id":"https:\/\/newsvirali.it\/2023\/10\/10\/lattacco-di-hamas-registrato-con-le-gopro-massacrati-anche-i-cani\/#breadcrumb","itemListElement":[{"@type":"ListItem","position":1,"name":"Home","item":"https:\/\/newsvirali.it\/fr\/"},{"@type":"ListItem","position":2,"name":"L&#8217;attacco di Hamas registrato con le GoPro: massacrati anche i cani"}]},{"@type":"WebSite","@id":"https:\/\/newsvirali.it\/fr\/#website","url":"https:\/\/newsvirali.it\/fr\/","name":"Bake News","description":"","potentialAction":[{"@type":"SearchAction","target":{"@type":"EntryPoint","urlTemplate":"https:\/\/newsvirali.it\/fr\/?s={search_term_string}"},"query-input":{"@type":"PropertyValueSpecification","valueRequired":true,"valueName":"search_term_string"}}],"inLanguage":"fr-FR"},{"@type":"Person","@id":"https:\/\/newsvirali.it\/fr\/#\/schema\/person\/4c835f7b49c9adb58b33901ee816565d","name":"Cecco Prestina","description":"Perch\u00e9 nasconderlo? Cecco Prestina \u00e8 un alias, ma dietro di lui non si cela un algoritmo di intelligenza artificiale. C'\u00e8 un giornalista che ha oltre vent'anni di esperienza tutta sul web. Da quando il primo modem ha iniziato a gracchiare sul territorio italiano con Video on Line, Cecco ha capito che da quel doppino sarebbe passato il futuro. Ha dedidicato tutta la sua carriera a capire Internet e poi i social e ora l'Ai. Una carriera in costante aggiornamento. E questa esperienza la mette in campo ogni giorno. Per\u00f2 ogni tanto Cecco ha voglia anche di non scrivere \"pipponi\" sulla politica, sull'economia. Ha voglia anche di scrivere qualcosa di divertente. Le notizie che trovate su Bake News sono le stesse che Cecco porta all'aperitivo con gli amici. Quelle di cui discutere per farsi due risate. Notizie, vere (qualche volta si fa fatica a crederlo), strane, divertenti, ma anche serie. Bake News \u00e8 nato per questo, dare al pubblico notizie croccanti e calde come il pane che esce dal forno. E Cecco Prestina \u00e8 nato con Bake News.","url":"https:\/\/newsvirali.it\/fr\/autore\/cecco-prestina\/"}]}},"_links":{"self":[{"href":"https:\/\/newsvirali.it\/fr\/wp-json\/wp\/v2\/posts\/6788","targetHints":{"allow":["GET"]}}],"collection":[{"href":"https:\/\/newsvirali.it\/fr\/wp-json\/wp\/v2\/posts"}],"about":[{"href":"https:\/\/newsvirali.it\/fr\/wp-json\/wp\/v2\/types\/post"}],"author":[{"embeddable":true,"href":"https:\/\/newsvirali.it\/fr\/wp-json\/wp\/v2\/users\/4"}],"replies":[{"embeddable":true,"href":"https:\/\/newsvirali.it\/fr\/wp-json\/wp\/v2\/comments?post=6788"}],"version-history":[{"count":9,"href":"https:\/\/newsvirali.it\/fr\/wp-json\/wp\/v2\/posts\/6788\/revisions"}],"predecessor-version":[{"id":6855,"href":"https:\/\/newsvirali.it\/fr\/wp-json\/wp\/v2\/posts\/6788\/revisions\/6855"}],"wp:featuredmedia":[{"embeddable":true,"href":"https:\/\/newsvirali.it\/fr\/wp-json\/wp\/v2\/media\/6800"}],"wp:attachment":[{"href":"https:\/\/newsvirali.it\/fr\/wp-json\/wp\/v2\/media?parent=6788"}],"wp:term":[{"taxonomy":"category","embeddable":true,"href":"https:\/\/newsvirali.it\/fr\/wp-json\/wp\/v2\/categories?post=6788"},{"taxonomy":"post_tag","embeddable":true,"href":"https:\/\/newsvirali.it\/fr\/wp-json\/wp\/v2\/tags?post=6788"}],"curies":[{"name":"wp","href":"https:\/\/api.w.org\/{rel}","templated":true}]}}