{"id":6431,"date":"2023-10-05T14:59:21","date_gmt":"2023-10-05T12:59:21","guid":{"rendered":"https:\/\/www.bakenews.it\/?p=6431"},"modified":"2023-10-05T17:14:23","modified_gmt":"2023-10-05T15:14:23","slug":"sfrattato-casa-bianca-cane-di-joe-biden","status":"publish","type":"post","link":"https:\/\/newsvirali.it\/fr\/2023\/10\/05\/expulse-de-la-maison-blanche-du-chien-de-joe-biden\/","title":{"rendered":"Le chien de Joe Biden expuls\u00e9 de la Maison Blanche : il mord tout le monde"},"content":{"rendered":"<p>Le commandant, le chien de Joe Biden, a \u00e9t\u00e9 expuls\u00e9 de la Maison Blanche apr\u00e8s avoir mordu des agents et du personnel. Le berger allemand de deux ans avait <a href=\"https:\/\/www.bakenews.it\/cane-biden-morde-agente-segreto-undicesima-volta\/\">a attaqu\u00e9 des membres des services secrets \u00e0 11 reprises<\/a> Am\u00e9ricains entre octobre 2022 et janvier 2023. Une femme officier a r\u00e9cemment n\u00e9cessit\u00e9 des soins m\u00e9dicaux.<\/p>\n\n\n\n<p>Une porte-parole de la Premi\u00e8re Dame, Jill Biden, a confirm\u00e9 que Commander n&#039;\u00e9tait pas actuellement sur le campus de la Maison Blanche \u00ab pendant que nous \u00e9valuons les prochaines \u00e9tapes \u00bb. Elizabeth Alexander a ensuite soulign\u00e9 que les Biden se soucient profond\u00e9ment de la s\u00e9curit\u00e9 de leur personnel et de ceux qui les prot\u00e8gent au quotidien.<\/p>\n\n\n\n<p><\/p>\n\n\n\n<hr class=\"wp-block-separator has-alpha-channel-opacity\"\/>\n\n\n\n<p><strong>LIRE AUSSI<\/strong><\/p>\n\n\n\n<ul class=\"wp-block-list\">\n<li><a href=\"https:\/\/www.bakenews.it\/lo-staff-di-joe-biden-non-deve-piu-inciampare-si-parte-dalle-sneakers\/\">Staff de Joe Biden : il ne faut plus tr\u00e9bucher, on commence avec des baskets<\/a><\/li>\n\n\n\n<li><a href=\"https:\/\/www.bakenews.it\/joe-biden-allunga-mano-giornalista-in-diretta-tv-il-siparietto-e-virale\/\">Joe Biden tend la main \u00e0 un journaliste en direct \u00e0 la t\u00e9l\u00e9 : la sc\u00e8ne est virale<\/a><\/li>\n\n\n\n<li><a href=\"https:\/\/www.bakenews.it\/joe-biden-gaffe-trucchi-del-suo-staff\/\">Joe Biden entre d\u00e9rapages et gaffes : voici les astuces de son staff<\/a><\/li>\n\n\n\n<li><a href=\"https:\/\/www.bakenews.it\/joe-biden-nipote-segreta-svelata\/\">Joe Biden a une ni\u00e8ce secr\u00e8te : il la reconna\u00eet pour la premi\u00e8re fois<\/a><\/li>\n<\/ul>\n\n\n\n<hr class=\"wp-block-separator has-alpha-channel-opacity\"\/>\n\n\n\n<p><\/p>\n\n\n\n<h2 class=\"wp-block-heading\" id=\"h-il-cane-di-joe-biden-era-un-regalo-del-fratello-del-presidente\">Le chien de Joe Biden \u00e9tait un cadeau du fr\u00e8re du pr\u00e9sident<\/h2>\n\n\n\n<p>&quot;Ils sont reconnaissants de la patience et du soutien des services secrets am\u00e9ricains et de toutes les personnes impliqu\u00e9es alors qu&#039;ils continuent de travailler pour trouver des solutions&quot;, a-t-il ajout\u00e9. Dans une d\u00e9claration ant\u00e9rieure, Alexander a d\u00e9clar\u00e9 que la Maison Blanche pourrait \u00eatre un \u00ab environnement stressant pour les animaux de compagnie \u00bb. On ne sait pas o\u00f9 se trouve actuellement Commander, qui a \u00e9t\u00e9 offert au pr\u00e9sident des \u00c9tats-Unis en d\u00e9cembre 2021 par son fr\u00e8re James.<\/p>\n\n\n\n<h2 class=\"wp-block-heading\" id=\"h-il-cane-di-joe-biden-visto-l-ultima-volta-su-un-balcone\">Le chien de Joe Biden vu pour la derni\u00e8re fois sur un balcon<\/h2>\n\n\n\n<p>Le commandant a \u00e9t\u00e9 vu pour la derni\u00e8re fois samedi sur un balcon \u00e0 l&#039;\u00e9tage sup\u00e9rieur de la Maison Blanche. Cette d\u00e9claration intervient quelques heures seulement apr\u00e8s que la porte-parole de la Maison Blanche, Karine Jean-Pierre, ait \u00e9t\u00e9 interrog\u00e9e sur une nouvelle all\u00e9gation. Le chien aurait mordu un autre membre du personnel de la Maison Blanche. Les questions ont \u00e9t\u00e9 adress\u00e9es au bureau de la premi\u00e8re dame, qui a d\u00e9clar\u00e9 que le commandant et Dale Haney, le gardien en chef de la Maison Blanche, ne faisaient que jouer \u00e0 des jeux. Cependant, l&#039;incident a \u00e9t\u00e9 photographi\u00e9 par un touriste et partag\u00e9 avec un journal, qui a publi\u00e9 l&#039;image en ligne.<\/p>\n\n\n\n<p>Commander est le deuxi\u00e8me des chiens de Biden de la Maison Blanche \u00e0 se comporter de mani\u00e8re agressive. Un autre berger allemand nomm\u00e9 Major a \u00e9t\u00e9 envoy\u00e9 vivre chez des amis dans le Delaware apr\u00e8s avoir \u00e9galement mordu le personnel et les officiers des services secrets. Le service assure la s\u00e9curit\u00e9 du pr\u00e9sident et de sa famille, et des dizaines de ses agents sont stationn\u00e9s autour du palais ex\u00e9cutif et de ses jardins. Les Biden ont \u00e9galement un chat nomm\u00e9 Willow.<\/p>\n<br \/>Suivez-nous \u00e9galement sur Google News : <b><a href=\"https:\/\/news.google.com\/publications\/CAAqBwgKMNqJiwswjMfqAg?hl=it&gl=IT&ceid=IT:it\" target=\"_blank\">Cliquez ici<\/a><\/b>","protected":false},"excerpt":{"rendered":"<p>Le commandant, le chien de Joe Biden, a \u00e9t\u00e9 expuls\u00e9 de la Maison Blanche apr\u00e8s avoir mordu des agents et du personnel. Le berger [\u2026]<\/p>","protected":false},"author":4,"featured_media":5817,"comment_status":"open","ping_status":"open","sticky":false,"template":"","format":"standard","meta":{"MSN_Categories":"Uncategorized","MSN_Publish_Option":false,"MSN_Is_Local_News":false,"MSN_Is_AIAC_Included":"Empty","MSN_Location":"[]","MSN_Add_Feature_Img_On_Top_Of_Post":false,"MSN_Has_Custom_Author":false,"MSN_Custom_Author":"","MSN_Has_Custom_Canonical_Url":false,"MSN_Custom_Canonical_Url":"","footnotes":""},"categories":[9],"tags":[282],"class_list":["post-6431","post","type-post","status-publish","format-standard","has-post-thumbnail","hentry","category-mondo","tag-joe-biden"],"acf":[],"yoast_head":"<!-- This site is optimized with the Yoast SEO Premium plugin v26.7 (Yoast SEO v26.7) - https:\/\/yoast.com\/wordpress\/plugins\/seo\/ -->\n<title>Sfrattato dalla Casa Bianca il cane di Joe Biden: morde tutti<\/title>\n<meta name=\"description\" content=\"Scopri il motivo per cui il cane di Joe Biden, &#039;Commander&#039;, \u00e8 stato allontanato dalla Casa Bianca. Mistero su dove si trova.\" \/>\n<meta name=\"robots\" content=\"index, follow, max-snippet:-1, max-image-preview:large, max-video-preview:-1\" \/>\n<link rel=\"canonical\" href=\"https:\/\/newsvirali.it\/fr\/2023\/10\/05\/expulse-de-la-maison-blanche-du-chien-de-joe-biden\/\" \/>\n<meta property=\"og:locale\" content=\"fr_FR\" \/>\n<meta property=\"og:type\" content=\"article\" \/>\n<meta property=\"og:title\" content=\"Sfrattato dalla Casa Bianca il cane di Joe Biden: morde tutti\" \/>\n<meta property=\"og:description\" content=\"Scopri il motivo per cui il cane di Joe Biden, &#039;Commander&#039;, \u00e8 stato allontanato dalla Casa Bianca. Mistero su dove si trova.\" \/>\n<meta property=\"og:url\" content=\"https:\/\/newsvirali.it\/fr\/2023\/10\/05\/expulse-de-la-maison-blanche-du-chien-de-joe-biden\/\" \/>\n<meta property=\"og:site_name\" content=\"News virali\" \/>\n<meta property=\"article:published_time\" content=\"2023-10-05T12:59:21+00:00\" \/>\n<meta property=\"article:modified_time\" content=\"2023-10-05T15:14:23+00:00\" \/>\n<meta property=\"og:image\" content=\"https:\/\/newsvirali.it\/wp-content\/uploads\/2023\/09\/1695807844_biden-2.jpg\" \/>\n\t<meta property=\"og:image:width\" content=\"900\" \/>\n\t<meta property=\"og:image:height\" content=\"600\" \/>\n\t<meta property=\"og:image:type\" content=\"image\/jpeg\" \/>\n<meta name=\"author\" content=\"Cecco Prestina\" \/>\n<meta name=\"twitter:card\" content=\"summary_large_image\" \/>\n<meta name=\"twitter:label1\" content=\"\u00c9crit par\" \/>\n\t<meta name=\"twitter:data1\" content=\"Cecco Prestina\" \/>\n\t<meta name=\"twitter:label2\" content=\"Dur\u00e9e de lecture estim\u00e9e\" \/>\n\t<meta name=\"twitter:data2\" content=\"3 minutes\" \/>\n<script type=\"application\/ld+json\" class=\"yoast-schema-graph\">{\"@context\":\"https:\/\/schema.org\",\"@graph\":[{\"@type\":\"NewsArticle\",\"@id\":\"https:\/\/newsvirali.it\/2023\/10\/05\/sfrattato-casa-bianca-cane-di-joe-biden\/#article\",\"isPartOf\":{\"@id\":\"https:\/\/newsvirali.it\/2023\/10\/05\/sfrattato-casa-bianca-cane-di-joe-biden\/\"},\"author\":{\"name\":\"Cecco Prestina\",\"@id\":\"https:\/\/newsvirali.it\/fr\/#\/schema\/person\/4c835f7b49c9adb58b33901ee816565d\"},\"headline\":\"Sfrattato dalla Casa Bianca il cane di Joe Biden: morde tutti\",\"datePublished\":\"2023-10-05T12:59:21+00:00\",\"dateModified\":\"2023-10-05T15:14:23+00:00\",\"mainEntityOfPage\":{\"@id\":\"https:\/\/newsvirali.it\/2023\/10\/05\/sfrattato-casa-bianca-cane-di-joe-biden\/\"},\"wordCount\":428,\"commentCount\":0,\"image\":{\"@id\":\"https:\/\/newsvirali.it\/2023\/10\/05\/sfrattato-casa-bianca-cane-di-joe-biden\/#primaryimage\"},\"thumbnailUrl\":\"https:\/\/newsvirali.it\/wp-content\/uploads\/2023\/09\/1695807844_biden-2.jpg\",\"keywords\":[\"joe biden\"],\"articleSection\":[\"Mondo\"],\"inLanguage\":\"fr-FR\",\"potentialAction\":[{\"@type\":\"CommentAction\",\"name\":\"Comment\",\"target\":[\"https:\/\/newsvirali.it\/2023\/10\/05\/sfrattato-casa-bianca-cane-di-joe-biden\/#respond\"]}],\"copyrightYear\":\"2023\",\"copyrightHolder\":{\"@id\":\"https:\/\/newsvirali.it\/fr\/#organization\"}},{\"@type\":\"WebPage\",\"@id\":\"https:\/\/newsvirali.it\/2023\/10\/05\/sfrattato-casa-bianca-cane-di-joe-biden\/\",\"url\":\"https:\/\/newsvirali.it\/2023\/10\/05\/sfrattato-casa-bianca-cane-di-joe-biden\/\",\"name\":\"Sfrattato dalla Casa Bianca il cane di Joe Biden: morde tutti\",\"isPartOf\":{\"@id\":\"https:\/\/newsvirali.it\/fr\/#website\"},\"primaryImageOfPage\":{\"@id\":\"https:\/\/newsvirali.it\/2023\/10\/05\/sfrattato-casa-bianca-cane-di-joe-biden\/#primaryimage\"},\"image\":{\"@id\":\"https:\/\/newsvirali.it\/2023\/10\/05\/sfrattato-casa-bianca-cane-di-joe-biden\/#primaryimage\"},\"thumbnailUrl\":\"https:\/\/newsvirali.it\/wp-content\/uploads\/2023\/09\/1695807844_biden-2.jpg\",\"datePublished\":\"2023-10-05T12:59:21+00:00\",\"dateModified\":\"2023-10-05T15:14:23+00:00\",\"author\":{\"@id\":\"https:\/\/newsvirali.it\/fr\/#\/schema\/person\/4c835f7b49c9adb58b33901ee816565d\"},\"description\":\"Scopri il motivo per cui il cane di Joe Biden, 'Commander', \u00e8 stato allontanato dalla Casa Bianca. Mistero su dove si trova.\",\"breadcrumb\":{\"@id\":\"https:\/\/newsvirali.it\/2023\/10\/05\/sfrattato-casa-bianca-cane-di-joe-biden\/#breadcrumb\"},\"inLanguage\":\"fr-FR\",\"potentialAction\":[{\"@type\":\"ReadAction\",\"target\":[\"https:\/\/newsvirali.it\/2023\/10\/05\/sfrattato-casa-bianca-cane-di-joe-biden\/\"]}]},{\"@type\":\"ImageObject\",\"inLanguage\":\"fr-FR\",\"@id\":\"https:\/\/newsvirali.it\/2023\/10\/05\/sfrattato-casa-bianca-cane-di-joe-biden\/#primaryimage\",\"url\":\"https:\/\/newsvirali.it\/wp-content\/uploads\/2023\/09\/1695807844_biden-2.jpg\",\"contentUrl\":\"https:\/\/newsvirali.it\/wp-content\/uploads\/2023\/09\/1695807844_biden-2.jpg\",\"width\":900,\"height\":600,\"caption\":\"Il cane di Biden morde un agente segreto\"},{\"@type\":\"BreadcrumbList\",\"@id\":\"https:\/\/newsvirali.it\/2023\/10\/05\/sfrattato-casa-bianca-cane-di-joe-biden\/#breadcrumb\",\"itemListElement\":[{\"@type\":\"ListItem\",\"position\":1,\"name\":\"Home\",\"item\":\"https:\/\/newsvirali.it\/fr\/\"},{\"@type\":\"ListItem\",\"position\":2,\"name\":\"Sfrattato dalla Casa Bianca il cane di Joe Biden: morde tutti\"}]},{\"@type\":\"WebSite\",\"@id\":\"https:\/\/newsvirali.it\/fr\/#website\",\"url\":\"https:\/\/newsvirali.it\/fr\/\",\"name\":\"Bake News\",\"description\":\"\",\"potentialAction\":[{\"@type\":\"SearchAction\",\"target\":{\"@type\":\"EntryPoint\",\"urlTemplate\":\"https:\/\/newsvirali.it\/fr\/?s={search_term_string}\"},\"query-input\":{\"@type\":\"PropertyValueSpecification\",\"valueRequired\":true,\"valueName\":\"search_term_string\"}}],\"inLanguage\":\"fr-FR\"},{\"@type\":\"Person\",\"@id\":\"https:\/\/newsvirali.it\/fr\/#\/schema\/person\/4c835f7b49c9adb58b33901ee816565d\",\"name\":\"Cecco Prestina\",\"description\":\"Perch\u00e9 nasconderlo? Cecco Prestina \u00e8 un alias, ma dietro di lui non si cela un algoritmo di intelligenza artificiale. C'\u00e8 un giornalista che ha oltre vent'anni di esperienza tutta sul web. Da quando il primo modem ha iniziato a gracchiare sul territorio italiano con Video on Line, Cecco ha capito che da quel doppino sarebbe passato il futuro. Ha dedidicato tutta la sua carriera a capire Internet e poi i social e ora l'Ai. Una carriera in costante aggiornamento. E questa esperienza la mette in campo ogni giorno. Per\u00f2 ogni tanto Cecco ha voglia anche di non scrivere \\\"pipponi\\\" sulla politica, sull'economia. Ha voglia anche di scrivere qualcosa di divertente. Le notizie che trovate su Bake News sono le stesse che Cecco porta all'aperitivo con gli amici. Quelle di cui discutere per farsi due risate. Notizie, vere (qualche volta si fa fatica a crederlo), strane, divertenti, ma anche serie. Bake News \u00e8 nato per questo, dare al pubblico notizie croccanti e calde come il pane che esce dal forno. E Cecco Prestina \u00e8 nato con Bake News.\",\"url\":\"https:\/\/newsvirali.it\/fr\/autore\/cecco-prestina\/\"}]}<\/script>\n<!-- \/ Yoast SEO Premium plugin. -->","yoast_head_json":{"title":"Sfrattato dalla Casa Bianca il cane di Joe Biden: morde tutti","description":"Scopri il motivo per cui il cane di Joe Biden, 'Commander', \u00e8 stato allontanato dalla Casa Bianca. Mistero su dove si trova.","robots":{"index":"index","follow":"follow","max-snippet":"max-snippet:-1","max-image-preview":"max-image-preview:large","max-video-preview":"max-video-preview:-1"},"canonical":"https:\/\/newsvirali.it\/fr\/2023\/10\/05\/expulse-de-la-maison-blanche-du-chien-de-joe-biden\/","og_locale":"fr_FR","og_type":"article","og_title":"Sfrattato dalla Casa Bianca il cane di Joe Biden: morde tutti","og_description":"Scopri il motivo per cui il cane di Joe Biden, 'Commander', \u00e8 stato allontanato dalla Casa Bianca. Mistero su dove si trova.","og_url":"https:\/\/newsvirali.it\/fr\/2023\/10\/05\/expulse-de-la-maison-blanche-du-chien-de-joe-biden\/","og_site_name":"News virali","article_published_time":"2023-10-05T12:59:21+00:00","article_modified_time":"2023-10-05T15:14:23+00:00","og_image":[{"width":900,"height":600,"url":"https:\/\/newsvirali.it\/wp-content\/uploads\/2023\/09\/1695807844_biden-2.jpg","type":"image\/jpeg"}],"author":"Cecco Prestina","twitter_card":"summary_large_image","twitter_misc":{"\u00c9crit par":"Cecco Prestina","Dur\u00e9e de lecture estim\u00e9e":"3 minutes"},"schema":{"@context":"https:\/\/schema.org","@graph":[{"@type":"NewsArticle","@id":"https:\/\/newsvirali.it\/2023\/10\/05\/sfrattato-casa-bianca-cane-di-joe-biden\/#article","isPartOf":{"@id":"https:\/\/newsvirali.it\/2023\/10\/05\/sfrattato-casa-bianca-cane-di-joe-biden\/"},"author":{"name":"Cecco Prestina","@id":"https:\/\/newsvirali.it\/fr\/#\/schema\/person\/4c835f7b49c9adb58b33901ee816565d"},"headline":"Sfrattato dalla Casa Bianca il cane di Joe Biden: morde tutti","datePublished":"2023-10-05T12:59:21+00:00","dateModified":"2023-10-05T15:14:23+00:00","mainEntityOfPage":{"@id":"https:\/\/newsvirali.it\/2023\/10\/05\/sfrattato-casa-bianca-cane-di-joe-biden\/"},"wordCount":428,"commentCount":0,"image":{"@id":"https:\/\/newsvirali.it\/2023\/10\/05\/sfrattato-casa-bianca-cane-di-joe-biden\/#primaryimage"},"thumbnailUrl":"https:\/\/newsvirali.it\/wp-content\/uploads\/2023\/09\/1695807844_biden-2.jpg","keywords":["joe biden"],"articleSection":["Mondo"],"inLanguage":"fr-FR","potentialAction":[{"@type":"CommentAction","name":"Comment","target":["https:\/\/newsvirali.it\/2023\/10\/05\/sfrattato-casa-bianca-cane-di-joe-biden\/#respond"]}],"copyrightYear":"2023","copyrightHolder":{"@id":"https:\/\/newsvirali.it\/fr\/#organization"}},{"@type":"WebPage","@id":"https:\/\/newsvirali.it\/2023\/10\/05\/sfrattato-casa-bianca-cane-di-joe-biden\/","url":"https:\/\/newsvirali.it\/2023\/10\/05\/sfrattato-casa-bianca-cane-di-joe-biden\/","name":"Sfrattato dalla Casa Bianca il cane di Joe Biden: morde tutti","isPartOf":{"@id":"https:\/\/newsvirali.it\/fr\/#website"},"primaryImageOfPage":{"@id":"https:\/\/newsvirali.it\/2023\/10\/05\/sfrattato-casa-bianca-cane-di-joe-biden\/#primaryimage"},"image":{"@id":"https:\/\/newsvirali.it\/2023\/10\/05\/sfrattato-casa-bianca-cane-di-joe-biden\/#primaryimage"},"thumbnailUrl":"https:\/\/newsvirali.it\/wp-content\/uploads\/2023\/09\/1695807844_biden-2.jpg","datePublished":"2023-10-05T12:59:21+00:00","dateModified":"2023-10-05T15:14:23+00:00","author":{"@id":"https:\/\/newsvirali.it\/fr\/#\/schema\/person\/4c835f7b49c9adb58b33901ee816565d"},"description":"Scopri il motivo per cui il cane di Joe Biden, 'Commander', \u00e8 stato allontanato dalla Casa Bianca. Mistero su dove si trova.","breadcrumb":{"@id":"https:\/\/newsvirali.it\/2023\/10\/05\/sfrattato-casa-bianca-cane-di-joe-biden\/#breadcrumb"},"inLanguage":"fr-FR","potentialAction":[{"@type":"ReadAction","target":["https:\/\/newsvirali.it\/2023\/10\/05\/sfrattato-casa-bianca-cane-di-joe-biden\/"]}]},{"@type":"ImageObject","inLanguage":"fr-FR","@id":"https:\/\/newsvirali.it\/2023\/10\/05\/sfrattato-casa-bianca-cane-di-joe-biden\/#primaryimage","url":"https:\/\/newsvirali.it\/wp-content\/uploads\/2023\/09\/1695807844_biden-2.jpg","contentUrl":"https:\/\/newsvirali.it\/wp-content\/uploads\/2023\/09\/1695807844_biden-2.jpg","width":900,"height":600,"caption":"Il cane di Biden morde un agente segreto"},{"@type":"BreadcrumbList","@id":"https:\/\/newsvirali.it\/2023\/10\/05\/sfrattato-casa-bianca-cane-di-joe-biden\/#breadcrumb","itemListElement":[{"@type":"ListItem","position":1,"name":"Home","item":"https:\/\/newsvirali.it\/fr\/"},{"@type":"ListItem","position":2,"name":"Sfrattato dalla Casa Bianca il cane di Joe Biden: morde tutti"}]},{"@type":"WebSite","@id":"https:\/\/newsvirali.it\/fr\/#website","url":"https:\/\/newsvirali.it\/fr\/","name":"Bake News","description":"","potentialAction":[{"@type":"SearchAction","target":{"@type":"EntryPoint","urlTemplate":"https:\/\/newsvirali.it\/fr\/?s={search_term_string}"},"query-input":{"@type":"PropertyValueSpecification","valueRequired":true,"valueName":"search_term_string"}}],"inLanguage":"fr-FR"},{"@type":"Person","@id":"https:\/\/newsvirali.it\/fr\/#\/schema\/person\/4c835f7b49c9adb58b33901ee816565d","name":"Cecco Prestina","description":"Perch\u00e9 nasconderlo? Cecco Prestina \u00e8 un alias, ma dietro di lui non si cela un algoritmo di intelligenza artificiale. C'\u00e8 un giornalista che ha oltre vent'anni di esperienza tutta sul web. Da quando il primo modem ha iniziato a gracchiare sul territorio italiano con Video on Line, Cecco ha capito che da quel doppino sarebbe passato il futuro. Ha dedidicato tutta la sua carriera a capire Internet e poi i social e ora l'Ai. Una carriera in costante aggiornamento. E questa esperienza la mette in campo ogni giorno. Per\u00f2 ogni tanto Cecco ha voglia anche di non scrivere \"pipponi\" sulla politica, sull'economia. Ha voglia anche di scrivere qualcosa di divertente. Le notizie che trovate su Bake News sono le stesse che Cecco porta all'aperitivo con gli amici. Quelle di cui discutere per farsi due risate. Notizie, vere (qualche volta si fa fatica a crederlo), strane, divertenti, ma anche serie. Bake News \u00e8 nato per questo, dare al pubblico notizie croccanti e calde come il pane che esce dal forno. E Cecco Prestina \u00e8 nato con Bake News.","url":"https:\/\/newsvirali.it\/fr\/autore\/cecco-prestina\/"}]}},"_links":{"self":[{"href":"https:\/\/newsvirali.it\/fr\/wp-json\/wp\/v2\/posts\/6431","targetHints":{"allow":["GET"]}}],"collection":[{"href":"https:\/\/newsvirali.it\/fr\/wp-json\/wp\/v2\/posts"}],"about":[{"href":"https:\/\/newsvirali.it\/fr\/wp-json\/wp\/v2\/types\/post"}],"author":[{"embeddable":true,"href":"https:\/\/newsvirali.it\/fr\/wp-json\/wp\/v2\/users\/4"}],"replies":[{"embeddable":true,"href":"https:\/\/newsvirali.it\/fr\/wp-json\/wp\/v2\/comments?post=6431"}],"version-history":[{"count":6,"href":"https:\/\/newsvirali.it\/fr\/wp-json\/wp\/v2\/posts\/6431\/revisions"}],"predecessor-version":[{"id":6441,"href":"https:\/\/newsvirali.it\/fr\/wp-json\/wp\/v2\/posts\/6431\/revisions\/6441"}],"wp:featuredmedia":[{"embeddable":true,"href":"https:\/\/newsvirali.it\/fr\/wp-json\/wp\/v2\/media\/5817"}],"wp:attachment":[{"href":"https:\/\/newsvirali.it\/fr\/wp-json\/wp\/v2\/media?parent=6431"}],"wp:term":[{"taxonomy":"category","embeddable":true,"href":"https:\/\/newsvirali.it\/fr\/wp-json\/wp\/v2\/categories?post=6431"},{"taxonomy":"post_tag","embeddable":true,"href":"https:\/\/newsvirali.it\/fr\/wp-json\/wp\/v2\/tags?post=6431"}],"curies":[{"name":"wp","href":"https:\/\/api.w.org\/{rel}","templated":true}]}}