{"id":61818,"date":"2026-01-28T13:54:45","date_gmt":"2026-01-28T12:54:45","guid":{"rendered":"https:\/\/newsvirali.it\/?p=61818"},"modified":"2026-01-28T13:54:46","modified_gmt":"2026-01-28T12:54:46","slug":"alexis-ortega-morto-spider-man","status":"publish","type":"post","link":"https:\/\/newsvirali.it\/fr\/2026\/01\/28\/alexis-ortega-lhomme-araignee-mort\/","title":{"rendered":"Marvel pleure la disparition du l\u00e9gendaire acteur vocal de Spider-Man"},"content":{"rendered":"<p>La nouvelle du d\u00e9c\u00e8s de <strong>Alexis Ortega<\/strong> a profond\u00e9ment boulevers\u00e9 le monde du cin\u00e9ma, du doublage et des millions de fans de Marvel \u00e0 travers le monde. Le c\u00e9l\u00e8bre <strong>Acteur vocal latino-am\u00e9ricain de Spider-Man<\/strong> il est d\u00e9c\u00e9d\u00e9 \u00e0 l&#039;\u00e2ge de <strong>38 ans<\/strong>son d\u00e9c\u00e8s laisse un immense vide parmi ceux qui ont grandi en entendant sa voix dans les films de l&#039;univers cin\u00e9matographique Marvel. Il a \u00e9t\u00e9 confirm\u00e9 par des sources proches du secteur du doublage. <strong>La cause du d\u00e9c\u00e8s n&#039;a pas \u00e9t\u00e9 divulgu\u00e9e.<\/strong>En quelques heures, son nom est devenu viral sur les r\u00e9seaux sociaux, accompagn\u00e9 de messages de condol\u00e9ances et d&#039;incr\u00e9dulit\u00e9.<\/p>\n\n\n\n<p><strong>LIRE PLUS D&#039;ACTUALIT\u00c9S DE DIVERTISSEMENT<\/strong><\/p>\n\n\n<ul class=\"wp-block-latest-posts__list wp-block-latest-posts\"><li><a class=\"wp-block-latest-posts__post-title\" href=\"https:\/\/newsvirali.it\/fr\/2026\/02\/02\/looks-scandaleux-grammy-2026\/\">Grammy Awards 2026\u00a0: Latex et robes vaporeuses\u00a0: Les looks les plus scandaleux d\u2019Heidi Klum et Chappell Roan<\/a><\/li>\n<li><a class=\"wp-block-latest-posts__post-title\" href=\"https:\/\/newsvirali.it\/fr\/2026\/01\/28\/alexis-ortega-lhomme-araignee-mort\/\">Marvel pleure la disparition du l\u00e9gendaire acteur vocal de Spider-Man<\/a><\/li>\n<li><a class=\"wp-block-latest-posts__post-title\" href=\"https:\/\/newsvirali.it\/fr\/2026\/01\/27\/charli-xcx-seance-photo-a-sundance-en-lingerie\/\">Charli XCX brave le froid \u00e0 Sundance : un shooting lingerie par des temp\u00e9ratures n\u00e9gatives<\/a><\/li>\n<li><a class=\"wp-block-latest-posts__post-title\" href=\"https:\/\/newsvirali.it\/fr\/2026\/01\/26\/quinton-aaron-est-dans-un-etat-critique\/\">L&#039;acteur Quinton Aaron est dans un \u00e9tat critique apr\u00e8s un grave accident domestique.<\/a><\/li>\n<li><a class=\"wp-block-latest-posts__post-title\" href=\"https:\/\/newsvirali.it\/fr\/2026\/01\/15\/la-fille-secrete-de-freddie-mercury-est-decedee\/\">La fille cach\u00e9e de Freddie Mercury d\u00e9c\u00e8de \u00e0 48 ans<\/a><\/li>\n<\/ul>\n\n\n<h2 class=\"wp-block-heading\" id=\"h-chi-era-alexis-ortega-la-voce-di-spider-man\">Qui \u00e9tait Alexis Ortega, la voix de Spider-Man ?<\/h2>\n\n\n\n<p><strong>Alexis Ortega<\/strong> Il \u00e9tait un acteur et doubleur mexicain, surtout connu pour avoir pr\u00eat\u00e9 sa voix \u00e0 <strong>Peter Parker \/ Spider-Man<\/strong> dans les versions latino-am\u00e9ricaines des films Marvel mettant en vedette <strong>Tom Holland<\/strong>.<\/p>\n\n\n\n<h3 class=\"wp-block-heading\" id=\"h-perche-era-cosi-importante-per-i-fan-marvel\">Pourquoi c&#039;\u00e9tait si important pour les fans de Marvel<\/h3>\n\n\n\n<p>Pour de nombreux t\u00e9l\u00e9spectateurs latino-am\u00e9ricains, sa voix \u00e9tait indissociable du visage de Spider-Man. Ortega a r\u00e9ussi \u00e0 rendre Spider-Man cr\u00e9dible, ironique et humain, conqu\u00e9rant ainsi toute une g\u00e9n\u00e9ration de fans qui, aujourd&#039;hui encore, gardent un souvenir \u00e9mu de lui.<\/p>\n\n\n\n<h2 class=\"wp-block-heading\" id=\"h-in-quali-film-marvel-ha-doppiato-spider-man\">Dans quels films Marvel a-t-il pr\u00eat\u00e9 sa voix \u00e0 Spider-Man ?<\/h2>\n\n\n\n<p>Tout au long de sa carri\u00e8re, Alexis Ortega a travaill\u00e9 sur certains des films les plus appr\u00e9ci\u00e9s de l&#039;univers cin\u00e9matographique Marvel.<\/p>\n\n\n\n<h3 class=\"wp-block-heading\" id=\"h-il-legame-con-il-personaggio-di-peter-parker\">Le lien avec le personnage de Peter Parker<\/h3>\n\n\n\n<p>Parmi les films les plus notables dans lesquels il a pr\u00eat\u00e9 sa voix \u00e0 Spider-Man, on peut citer :<\/p>\n\n\n\n<ul class=\"wp-block-list\">\n<li><strong>Captain America : Guerre civile<\/strong><\/li>\n\n\n\n<li><strong>Spider-Man : Retour aux sources<\/strong><\/li>\n\n\n\n<li><strong>Avengers : Infinity War<\/strong><\/li>\n<\/ul>\n\n\n\n<p>Interpr\u00e9tations ayant contribu\u00e9 au succ\u00e8s du personnage sur les march\u00e9s hispanophones.<\/p>\n\n\n\n<h2 class=\"wp-block-heading\" id=\"h-non-solo-marvel-gli-altri-lavori-nel-doppiaggio\">Pas seulement Marvel : d&#039;autres travaux de doublage<\/h2>\n\n\n\n<p>La carri\u00e8re d&#039;Ortega ne s&#039;est pas limit\u00e9e \u00e0 l&#039;univers Marvel.<\/p>\n\n\n\n<h3 class=\"wp-block-heading\" id=\"h-i-personaggi-piu-famosi-a-cui-ha-dato-la-voce\">Les personnages les plus c\u00e9l\u00e8bres auxquels il a pr\u00eat\u00e9 sa voix<\/h3>\n\n\n\n<p>Au fil des ans, il a \u00e9galement pr\u00eat\u00e9 sa voix \u00e0 de nombreux personnages de films et de s\u00e9ries anim\u00e9es, devenant une figure incontournable du doublage latino-am\u00e9ricain et collaborant avec de grandes productions cin\u00e9matographiques internationales.<\/p>\n\n\n\n<h2 class=\"wp-block-heading\" id=\"h-alexis-ortega-come-attore-cinema-e-serie-tv\">Alexis Ortega en tant qu&#039;acteur : films et s\u00e9ries t\u00e9l\u00e9vis\u00e9es<\/h2>\n\n\n\n<p>En plus du doublage, <strong>Alexis Ortega<\/strong> Il avait \u00e9galement entam\u00e9 une carri\u00e8re d&#039;acteur.<\/p>\n\n\n\n<h3 class=\"wp-block-heading\" id=\"h-le-apparizioni-piu-note-sul-piccolo-schermo\">Les apparitions les plus c\u00e9l\u00e8bres \u00e0 la t\u00e9l\u00e9vision<\/h3>\n\n\n\n<p>Il a particip\u00e9 \u00e0 plusieurs s\u00e9ries t\u00e9l\u00e9vis\u00e9es \u00e0 succ\u00e8s, faisant preuve d&#039;une remarquable polyvalence artistique et consolidant sa r\u00e9putation dans le monde du divertissement.<\/p>\n\n\n\n<h2 class=\"wp-block-heading\" id=\"h-la-morte-a-38-anni-cosa-si-sa-finora\">D\u00e9c\u00e8s \u00e0 38 ans : que sait-on jusqu&#039;\u00e0 pr\u00e9sent ?<\/h2>\n\n\n\n<p>La nouvelle que <strong>Alexis Ortega est mort<\/strong> C&#039;est arriv\u00e9 comme un coup de tonnerre dans un ciel serein.<\/p>\n\n\n\n<h3 class=\"wp-block-heading\" id=\"h-le-informazioni-ufficiali-e-cosa-non-e-stato-chiarito\">Les informations officielles et ce qui n&#039;a pas \u00e9t\u00e9 clarifi\u00e9<\/h3>\n\n\n\n<p>\u00c0 l&#039;heure actuelle <strong>Les causes des d\u00e9c\u00e8s n&#039;ont pas \u00e9t\u00e9 divulgu\u00e9es<\/strong>Aucune hypoth\u00e8se officielle n&#039;a \u00e9t\u00e9 confirm\u00e9e, et les sources appellent \u00e0 la plus grande prudence afin d&#039;\u00e9viter toute sp\u00e9culation non \u00e9tay\u00e9e par des donn\u00e9es fiables.<\/p>\n\n\n\n<h2 class=\"wp-block-heading\" id=\"h-il-cordoglio-dei-fan-e-del-mondo-del-doppiaggio\">Condol\u00e9ances des fans et du monde du doublage<\/h2>\n\n\n\n<p>Le d\u00e9c\u00e8s d&#039;Ortega a suscit\u00e9 une vague d&#039;\u00e9motion.<\/p>\n\n\n\n<h3 class=\"wp-block-heading\" id=\"h-i-messaggi-di-addio-e-l-eredita-lasciata\">Messages d&#039;adieu et h\u00e9ritage laiss\u00e9<\/h3>\n\n\n\n<p>Ses coll\u00e8gues, ses fans et la communaut\u00e9 des com\u00e9diens de doublage ont partag\u00e9 des messages d&#039;adieu et des souvenirs personnels. Pour beaucoup, sa voix restera \u00e0 jamais associ\u00e9e \u00e0 Spider-Man, symbole d&#039;un h\u00e9ritage artistique qui perdurera \u00e0 travers son \u0153uvre.<\/p>\n\n\n\n<hr class=\"wp-block-separator has-alpha-channel-opacity\"\/>\n\n\n\n<h2 class=\"wp-block-heading\" id=\"h-faq\">FAQ<\/h2>\n\n\n\n<p><strong>Qui \u00e9tait Alexis Ortega ?<\/strong><br>Il \u00e9tait un acteur et doubleur mexicain, surtout connu pour avoir pr\u00eat\u00e9 sa voix \u00e0 Spider-Man dans les films Marvel en espagnol latino-am\u00e9ricain.<\/p>\n\n\n\n<p><strong>\u00c0 quel \u00e2ge Alexis Ortega est-il d\u00e9c\u00e9d\u00e9 ?<\/strong><br>Il est mort en <strong>38 ans<\/strong>.<\/p>\n\n\n\n<p><strong>Les causes du d\u00e9c\u00e8s d&#039;Alexis Ortega sont-elles connues ?<\/strong><br>Non, pour le moment. <strong>Les causes n&#039;ont pas \u00e9t\u00e9 rendues publiques<\/strong>.<\/p>\n<br \/>Suivez-nous \u00e9galement sur Google News : <b><a href=\"https:\/\/news.google.com\/publications\/CAAqBwgKMNqJiwswjMfqAg?hl=it&gl=IT&ceid=IT:it\" target=\"_blank\">Cliquez ici<\/a><\/b>","protected":false},"excerpt":{"rendered":"<p>La nouvelle du d\u00e9c\u00e8s d&#039;Alexis Ortega a profond\u00e9ment choqu\u00e9 le monde du cin\u00e9ma, du doublage et des millions de fans [\u2026]<\/p>","protected":false},"author":6,"featured_media":61820,"comment_status":"closed","ping_status":"open","sticky":false,"template":"","format":"standard","meta":{"MSN_Categories":"Uncategorized","MSN_Publish_Option":false,"MSN_Is_Local_News":false,"MSN_Is_AIAC_Included":"Empty","MSN_Location":"[]","MSN_Add_Feature_Img_On_Top_Of_Post":false,"MSN_Has_Custom_Author":false,"MSN_Custom_Author":"","MSN_Has_Custom_Canonical_Url":false,"MSN_Custom_Canonical_Url":"","footnotes":""},"categories":[17],"tags":[],"class_list":["post-61818","post","type-post","status-publish","format-standard","has-post-thumbnail","hentry","category-spettacolo"],"acf":[],"yoast_head":"<!-- This site is optimized with the Yoast SEO Premium plugin v26.7 (Yoast SEO v26.7) - https:\/\/yoast.com\/wordpress\/plugins\/seo\/ -->\n<title>Alexis Ortega morto, lutto nel mondo Marvel<\/title>\n<meta name=\"description\" content=\"Alexis Ortega morto a 38 anni. Addio allo storico doppiatore di Spider-Man nei film Marvel. Ecco chi era e cosa \u00e8 successo.\" \/>\n<meta name=\"robots\" content=\"index, follow, max-snippet:-1, max-image-preview:large, max-video-preview:-1\" \/>\n<link rel=\"canonical\" href=\"https:\/\/newsvirali.it\/fr\/2026\/01\/28\/alexis-ortega-lhomme-araignee-mort\/\" \/>\n<meta property=\"og:locale\" content=\"fr_FR\" \/>\n<meta property=\"og:type\" content=\"article\" \/>\n<meta property=\"og:title\" content=\"Lutto nel mondo Marvel, morto lo storico doppiatore di Spider-Man\" \/>\n<meta property=\"og:description\" content=\"Alexis Ortega morto a 38 anni. Addio allo storico doppiatore di Spider-Man nei film Marvel. Ecco chi era e cosa \u00e8 successo.\" \/>\n<meta property=\"og:url\" content=\"https:\/\/newsvirali.it\/fr\/2026\/01\/28\/alexis-ortega-lhomme-araignee-mort\/\" \/>\n<meta property=\"og:site_name\" content=\"News virali\" \/>\n<meta property=\"article:published_time\" content=\"2026-01-28T12:54:45+00:00\" \/>\n<meta property=\"article:modified_time\" content=\"2026-01-28T12:54:46+00:00\" \/>\n<meta property=\"og:image\" content=\"https:\/\/newsvirali.it\/wp-content\/uploads\/2026\/01\/ajim7whussfg1.jpeg\" \/>\n\t<meta property=\"og:image:width\" content=\"1646\" \/>\n\t<meta property=\"og:image:height\" content=\"2048\" \/>\n\t<meta property=\"og:image:type\" content=\"image\/jpeg\" \/>\n<meta name=\"author\" content=\"Marko Pugliese\" \/>\n<meta name=\"twitter:card\" content=\"summary_large_image\" \/>\n<meta name=\"twitter:label1\" content=\"\u00c9crit par\" \/>\n\t<meta name=\"twitter:data1\" content=\"Marko Pugliese\" \/>\n\t<meta name=\"twitter:label2\" content=\"Dur\u00e9e de lecture estim\u00e9e\" \/>\n\t<meta name=\"twitter:data2\" content=\"4 minutes\" \/>\n<script type=\"application\/ld+json\" class=\"yoast-schema-graph\">{\"@context\":\"https:\/\/schema.org\",\"@graph\":[{\"@type\":\"NewsArticle\",\"@id\":\"https:\/\/newsvirali.it\/2026\/01\/28\/alexis-ortega-morto-spider-man\/#article\",\"isPartOf\":{\"@id\":\"https:\/\/newsvirali.it\/2026\/01\/28\/alexis-ortega-morto-spider-man\/\"},\"author\":{\"name\":\"Marko Pugliese\",\"@id\":\"https:\/\/newsvirali.it\/fr\/#\/schema\/person\/fee8d82c39cd568e1ce6ef86792c7b53\"},\"headline\":\"Lutto nel mondo Marvel, morto lo storico doppiatore di Spider-Man\",\"datePublished\":\"2026-01-28T12:54:45+00:00\",\"dateModified\":\"2026-01-28T12:54:46+00:00\",\"mainEntityOfPage\":{\"@id\":\"https:\/\/newsvirali.it\/2026\/01\/28\/alexis-ortega-morto-spider-man\/\"},\"wordCount\":540,\"image\":{\"@id\":\"https:\/\/newsvirali.it\/2026\/01\/28\/alexis-ortega-morto-spider-man\/#primaryimage\"},\"thumbnailUrl\":\"https:\/\/newsvirali.it\/wp-content\/uploads\/2026\/01\/ajim7whussfg1.jpeg\",\"articleSection\":[\"Spettacolo\"],\"inLanguage\":\"fr-FR\",\"copyrightYear\":\"2026\",\"copyrightHolder\":{\"@id\":\"https:\/\/newsvirali.it\/fr\/#organization\"}},{\"@type\":\"WebPage\",\"@id\":\"https:\/\/newsvirali.it\/2026\/01\/28\/alexis-ortega-morto-spider-man\/\",\"url\":\"https:\/\/newsvirali.it\/2026\/01\/28\/alexis-ortega-morto-spider-man\/\",\"name\":\"Alexis Ortega morto, lutto nel mondo Marvel\",\"isPartOf\":{\"@id\":\"https:\/\/newsvirali.it\/fr\/#website\"},\"primaryImageOfPage\":{\"@id\":\"https:\/\/newsvirali.it\/2026\/01\/28\/alexis-ortega-morto-spider-man\/#primaryimage\"},\"image\":{\"@id\":\"https:\/\/newsvirali.it\/2026\/01\/28\/alexis-ortega-morto-spider-man\/#primaryimage\"},\"thumbnailUrl\":\"https:\/\/newsvirali.it\/wp-content\/uploads\/2026\/01\/ajim7whussfg1.jpeg\",\"datePublished\":\"2026-01-28T12:54:45+00:00\",\"dateModified\":\"2026-01-28T12:54:46+00:00\",\"author\":{\"@id\":\"https:\/\/newsvirali.it\/fr\/#\/schema\/person\/fee8d82c39cd568e1ce6ef86792c7b53\"},\"description\":\"Alexis Ortega morto a 38 anni. Addio allo storico doppiatore di Spider-Man nei film Marvel. Ecco chi era e cosa \u00e8 successo.\",\"breadcrumb\":{\"@id\":\"https:\/\/newsvirali.it\/2026\/01\/28\/alexis-ortega-morto-spider-man\/#breadcrumb\"},\"inLanguage\":\"fr-FR\",\"potentialAction\":[{\"@type\":\"ReadAction\",\"target\":[\"https:\/\/newsvirali.it\/2026\/01\/28\/alexis-ortega-morto-spider-man\/\"]}]},{\"@type\":\"ImageObject\",\"inLanguage\":\"fr-FR\",\"@id\":\"https:\/\/newsvirali.it\/2026\/01\/28\/alexis-ortega-morto-spider-man\/#primaryimage\",\"url\":\"https:\/\/newsvirali.it\/wp-content\/uploads\/2026\/01\/ajim7whussfg1.jpeg\",\"contentUrl\":\"https:\/\/newsvirali.it\/wp-content\/uploads\/2026\/01\/ajim7whussfg1.jpeg\",\"width\":1646,\"height\":2048},{\"@type\":\"BreadcrumbList\",\"@id\":\"https:\/\/newsvirali.it\/2026\/01\/28\/alexis-ortega-morto-spider-man\/#breadcrumb\",\"itemListElement\":[{\"@type\":\"ListItem\",\"position\":1,\"name\":\"Home\",\"item\":\"https:\/\/newsvirali.it\/fr\/\"},{\"@type\":\"ListItem\",\"position\":2,\"name\":\"Lutto nel mondo Marvel, morto lo storico doppiatore di Spider-Man\"}]},{\"@type\":\"WebSite\",\"@id\":\"https:\/\/newsvirali.it\/fr\/#website\",\"url\":\"https:\/\/newsvirali.it\/fr\/\",\"name\":\"Bake News\",\"description\":\"\",\"potentialAction\":[{\"@type\":\"SearchAction\",\"target\":{\"@type\":\"EntryPoint\",\"urlTemplate\":\"https:\/\/newsvirali.it\/fr\/?s={search_term_string}\"},\"query-input\":{\"@type\":\"PropertyValueSpecification\",\"valueRequired\":true,\"valueName\":\"search_term_string\"}}],\"inLanguage\":\"fr-FR\"},{\"@type\":\"Person\",\"@id\":\"https:\/\/newsvirali.it\/fr\/#\/schema\/person\/fee8d82c39cd568e1ce6ef86792c7b53\",\"name\":\"Marko Pugliese\",\"url\":\"https:\/\/newsvirali.it\/fr\/autore\/markopugliese\/\"}]}<\/script>\n<!-- \/ Yoast SEO Premium plugin. -->","yoast_head_json":{"title":"Alexis Ortega morto, lutto nel mondo Marvel","description":"Alexis Ortega morto a 38 anni. Addio allo storico doppiatore di Spider-Man nei film Marvel. Ecco chi era e cosa \u00e8 successo.","robots":{"index":"index","follow":"follow","max-snippet":"max-snippet:-1","max-image-preview":"max-image-preview:large","max-video-preview":"max-video-preview:-1"},"canonical":"https:\/\/newsvirali.it\/fr\/2026\/01\/28\/alexis-ortega-lhomme-araignee-mort\/","og_locale":"fr_FR","og_type":"article","og_title":"Lutto nel mondo Marvel, morto lo storico doppiatore di Spider-Man","og_description":"Alexis Ortega morto a 38 anni. Addio allo storico doppiatore di Spider-Man nei film Marvel. Ecco chi era e cosa \u00e8 successo.","og_url":"https:\/\/newsvirali.it\/fr\/2026\/01\/28\/alexis-ortega-lhomme-araignee-mort\/","og_site_name":"News virali","article_published_time":"2026-01-28T12:54:45+00:00","article_modified_time":"2026-01-28T12:54:46+00:00","og_image":[{"width":1646,"height":2048,"url":"https:\/\/newsvirali.it\/wp-content\/uploads\/2026\/01\/ajim7whussfg1.jpeg","type":"image\/jpeg"}],"author":"Marko Pugliese","twitter_card":"summary_large_image","twitter_misc":{"\u00c9crit par":"Marko Pugliese","Dur\u00e9e de lecture estim\u00e9e":"4 minutes"},"schema":{"@context":"https:\/\/schema.org","@graph":[{"@type":"NewsArticle","@id":"https:\/\/newsvirali.it\/2026\/01\/28\/alexis-ortega-morto-spider-man\/#article","isPartOf":{"@id":"https:\/\/newsvirali.it\/2026\/01\/28\/alexis-ortega-morto-spider-man\/"},"author":{"name":"Marko Pugliese","@id":"https:\/\/newsvirali.it\/fr\/#\/schema\/person\/fee8d82c39cd568e1ce6ef86792c7b53"},"headline":"Lutto nel mondo Marvel, morto lo storico doppiatore di Spider-Man","datePublished":"2026-01-28T12:54:45+00:00","dateModified":"2026-01-28T12:54:46+00:00","mainEntityOfPage":{"@id":"https:\/\/newsvirali.it\/2026\/01\/28\/alexis-ortega-morto-spider-man\/"},"wordCount":540,"image":{"@id":"https:\/\/newsvirali.it\/2026\/01\/28\/alexis-ortega-morto-spider-man\/#primaryimage"},"thumbnailUrl":"https:\/\/newsvirali.it\/wp-content\/uploads\/2026\/01\/ajim7whussfg1.jpeg","articleSection":["Spettacolo"],"inLanguage":"fr-FR","copyrightYear":"2026","copyrightHolder":{"@id":"https:\/\/newsvirali.it\/fr\/#organization"}},{"@type":"WebPage","@id":"https:\/\/newsvirali.it\/2026\/01\/28\/alexis-ortega-morto-spider-man\/","url":"https:\/\/newsvirali.it\/2026\/01\/28\/alexis-ortega-morto-spider-man\/","name":"Alexis Ortega morto, lutto nel mondo Marvel","isPartOf":{"@id":"https:\/\/newsvirali.it\/fr\/#website"},"primaryImageOfPage":{"@id":"https:\/\/newsvirali.it\/2026\/01\/28\/alexis-ortega-morto-spider-man\/#primaryimage"},"image":{"@id":"https:\/\/newsvirali.it\/2026\/01\/28\/alexis-ortega-morto-spider-man\/#primaryimage"},"thumbnailUrl":"https:\/\/newsvirali.it\/wp-content\/uploads\/2026\/01\/ajim7whussfg1.jpeg","datePublished":"2026-01-28T12:54:45+00:00","dateModified":"2026-01-28T12:54:46+00:00","author":{"@id":"https:\/\/newsvirali.it\/fr\/#\/schema\/person\/fee8d82c39cd568e1ce6ef86792c7b53"},"description":"Alexis Ortega morto a 38 anni. Addio allo storico doppiatore di Spider-Man nei film Marvel. Ecco chi era e cosa \u00e8 successo.","breadcrumb":{"@id":"https:\/\/newsvirali.it\/2026\/01\/28\/alexis-ortega-morto-spider-man\/#breadcrumb"},"inLanguage":"fr-FR","potentialAction":[{"@type":"ReadAction","target":["https:\/\/newsvirali.it\/2026\/01\/28\/alexis-ortega-morto-spider-man\/"]}]},{"@type":"ImageObject","inLanguage":"fr-FR","@id":"https:\/\/newsvirali.it\/2026\/01\/28\/alexis-ortega-morto-spider-man\/#primaryimage","url":"https:\/\/newsvirali.it\/wp-content\/uploads\/2026\/01\/ajim7whussfg1.jpeg","contentUrl":"https:\/\/newsvirali.it\/wp-content\/uploads\/2026\/01\/ajim7whussfg1.jpeg","width":1646,"height":2048},{"@type":"BreadcrumbList","@id":"https:\/\/newsvirali.it\/2026\/01\/28\/alexis-ortega-morto-spider-man\/#breadcrumb","itemListElement":[{"@type":"ListItem","position":1,"name":"Home","item":"https:\/\/newsvirali.it\/fr\/"},{"@type":"ListItem","position":2,"name":"Lutto nel mondo Marvel, morto lo storico doppiatore di Spider-Man"}]},{"@type":"WebSite","@id":"https:\/\/newsvirali.it\/fr\/#website","url":"https:\/\/newsvirali.it\/fr\/","name":"Bake News","description":"","potentialAction":[{"@type":"SearchAction","target":{"@type":"EntryPoint","urlTemplate":"https:\/\/newsvirali.it\/fr\/?s={search_term_string}"},"query-input":{"@type":"PropertyValueSpecification","valueRequired":true,"valueName":"search_term_string"}}],"inLanguage":"fr-FR"},{"@type":"Person","@id":"https:\/\/newsvirali.it\/fr\/#\/schema\/person\/fee8d82c39cd568e1ce6ef86792c7b53","name":"Marko Pugliese","url":"https:\/\/newsvirali.it\/fr\/autore\/markopugliese\/"}]}},"_links":{"self":[{"href":"https:\/\/newsvirali.it\/fr\/wp-json\/wp\/v2\/posts\/61818","targetHints":{"allow":["GET"]}}],"collection":[{"href":"https:\/\/newsvirali.it\/fr\/wp-json\/wp\/v2\/posts"}],"about":[{"href":"https:\/\/newsvirali.it\/fr\/wp-json\/wp\/v2\/types\/post"}],"author":[{"embeddable":true,"href":"https:\/\/newsvirali.it\/fr\/wp-json\/wp\/v2\/users\/6"}],"replies":[{"embeddable":true,"href":"https:\/\/newsvirali.it\/fr\/wp-json\/wp\/v2\/comments?post=61818"}],"version-history":[{"count":2,"href":"https:\/\/newsvirali.it\/fr\/wp-json\/wp\/v2\/posts\/61818\/revisions"}],"predecessor-version":[{"id":61822,"href":"https:\/\/newsvirali.it\/fr\/wp-json\/wp\/v2\/posts\/61818\/revisions\/61822"}],"wp:featuredmedia":[{"embeddable":true,"href":"https:\/\/newsvirali.it\/fr\/wp-json\/wp\/v2\/media\/61820"}],"wp:attachment":[{"href":"https:\/\/newsvirali.it\/fr\/wp-json\/wp\/v2\/media?parent=61818"}],"wp:term":[{"taxonomy":"category","embeddable":true,"href":"https:\/\/newsvirali.it\/fr\/wp-json\/wp\/v2\/categories?post=61818"},{"taxonomy":"post_tag","embeddable":true,"href":"https:\/\/newsvirali.it\/fr\/wp-json\/wp\/v2\/tags?post=61818"}],"curies":[{"name":"wp","href":"https:\/\/api.w.org\/{rel}","templated":true}]}}