{"id":58480,"date":"2025-05-27T12:47:07","date_gmt":"2025-05-27T10:47:07","guid":{"rendered":"https:\/\/newsvirali.it\/?p=58480"},"modified":"2025-05-27T12:47:08","modified_gmt":"2025-05-27T10:47:08","slug":"cambiamento-climatico-tumori-donne","status":"publish","type":"post","link":"https:\/\/newsvirali.it\/fr\/2025\/05\/27\/le-changement-climatique-cause-des-tumeurs-chez-les-femmes\/","title":{"rendered":"Alerte cancer\u00a0: le changement climatique augmente le nombre de cas chez les femmes"},"content":{"rendered":"<p>Le r\u00e9chauffement climatique pourrait non seulement constituer une menace pour la plan\u00e8te, mais aussi pour la sant\u00e9 des femmes. Selon un <a href=\"https:\/\/www.frontiersin.org\/journals\/public-health\/articles\/10.3389\/fpubh.2025.1529706\/full\">recherche publi\u00e9e sur <em>Fronti\u00e8res de la sant\u00e9 publique<\/em><\/a>, chaque degr\u00e9 suppl\u00e9mentaire augmente le nombre de cas de cancer dans diff\u00e9rentes r\u00e9gions du monde. L\u2019\u00e9tude pointe du doigt le climat, la pollution et les in\u00e9galit\u00e9s en mati\u00e8re de sant\u00e9.<\/p>\n\n\n\n<p><strong>LISEZ LES DERNIERS ARTICLES SUR LA SANT\u00c9<\/strong><\/p>\n\n\n<ul class=\"wp-block-latest-posts__list wp-block-latest-posts\"><li><a class=\"wp-block-latest-posts__post-title\" href=\"https:\/\/newsvirali.it\/fr\/2026\/01\/30\/cocktail-de-medicaments-contre-le-cancer-du-pancreas\/\">Cancer du pancr\u00e9as\u00a0: le cocktail de m\u00e9dicaments qui fait dispara\u00eetre la tumeur<\/a><\/li>\n<li><a class=\"wp-block-latest-posts__post-title\" href=\"https:\/\/newsvirali.it\/fr\/2026\/01\/09\/la-reaction-au-tatouage-entraine-la-chute-des-cheveux-et-larret-de-la-transpiration\/\">Un homme perd tous ses cheveux et cesse de transpirer apr\u00e8s une r\u00e9action \u00e0 un tatouage rouge.<\/a><\/li>\n<li><a class=\"wp-block-latest-posts__post-title\" href=\"https:\/\/newsvirali.it\/fr\/2025\/10\/22\/alerte-a-la-salmonelle-en-sicile-dans-les-tomates-et-en-europe\/\">Les tomates siciliennes \u00e0 l&#039;honneur : les infections \u00e0 salmonelles augmentent en Europe<\/a><\/li>\n<li><a class=\"wp-block-latest-posts__post-title\" href=\"https:\/\/newsvirali.it\/fr\/2025\/07\/31\/covid-19-grippe-metastases-cancer-nature\/\">Le Covid et la grippe peuvent \u00ab r\u00e9activer \u00bb les tumeurs et les m\u00e9tastases : d\u00e9couverte choquante des scientifiques<\/a><\/li>\n<li><a class=\"wp-block-latest-posts__post-title\" href=\"https:\/\/newsvirali.it\/fr\/2025\/05\/27\/le-changement-climatique-cause-des-tumeurs-chez-les-femmes\/\">Alerte cancer\u00a0: le changement climatique augmente le nombre de cas chez les femmes<\/a><\/li>\n<\/ul>\n\n\n<h3 class=\"wp-block-heading\" id=\"h-lo-studio-piu-caldo-piu-cancro\"><strong>L&#039;\u00e9tude : Plus il fait chaud, plus il y a de cancers<\/strong><\/h3>\n\n\n\n<p>Le lien entre le climat et la sant\u00e9 devient de plus en plus \u00e9vident. Une \u00e9quipe internationale a analys\u00e9 les donn\u00e9es de sant\u00e9 de 17 pays du Moyen-Orient et d\u2019Afrique du Nord entre 1998 et 2019. Le r\u00e9sultat est choquant : chaque augmentation de 1\u00b0C de la temp\u00e9rature moyenne est associ\u00e9e \u00e0 une augmentation des cas de cancer de 173 \u00e0 280 pour 100 000 personnes. Encore plus impressionnante est la croissance des d\u00e9c\u00e8s : de 171 \u00e0 332 pour 100 000.<\/p>\n\n\n\n<p>Quel type de cancer pr\u00e9sente le pic le plus \u00e9lev\u00e9 ? Le cancer de l\u2019ovaire, qui a connu la plus forte augmentation en termes d\u2019incidence et de mortalit\u00e9. Ce ph\u00e9nom\u00e8ne, expliquent les scientifiques, est d\u00fb non seulement au climat plus chaud, mais aussi \u00e0 l\u2019augmentation des polluants atmosph\u00e9riques, des rayons ultraviolets et d\u2019autres facteurs environnementaux nocifs.<\/p>\n\n\n\n<h3 class=\"wp-block-heading\" id=\"h-perche-colpisce-soprattutto-le-donne\"><strong>Pourquoi cela touche principalement les femmes<\/strong><\/h3>\n\n\n\n<p>Le r\u00e9sultat le plus alarmant de l\u2019\u00e9tude est que l\u2019impact du changement climatique sur la sant\u00e9 li\u00e9e au cancer touche particuli\u00e8rement les femmes. La raison est triple : des barri\u00e8res culturelles, \u00e9conomiques et juridiques qui emp\u00eachent un acc\u00e8s rapide au d\u00e9pistage et au traitement, en particulier dans les contextes o\u00f9 le syst\u00e8me de sant\u00e9 est d\u00e9j\u00e0 fragile.<\/p>\n\n\n\n<p>\u00ab Les femmes sont confront\u00e9es \u00e0 des obstacles importants pour acc\u00e9der \u00e0 un diagnostic pr\u00e9coce et \u00e0 un traitement appropri\u00e9. Elles sont \u00e9galement souvent plus expos\u00e9es aux canc\u00e9rog\u00e8nes environnementaux \u00bb, explique Wafa Abuelkheir Mataria, co-auteure de l&#039;\u00e9tude et professeure \u00e0 l&#039;Universit\u00e9 am\u00e9ricaine du Caire.<\/p>\n\n\n\n<p>L\u2019analyse sugg\u00e8re l\u2019int\u00e9gration des strat\u00e9gies climatiques dans les plans nationaux de pr\u00e9vention du cancer, en mettant l\u2019accent sur les diff\u00e9rences entre les sexes.<\/p>\n\n\n\n<h3 class=\"wp-block-heading\" id=\"h-cosa-dicono-gli-esperti\"><strong>Ce que disent les experts<\/strong><\/h3>\n\n\n\n<p>Irina Stepanov, professeure de sant\u00e9 publique \u00e0 l&#039;Universit\u00e9 du Minnesota, confirme \u00e9galement la gravit\u00e9 de la situation\u00a0: \u00ab\u00a0Les temp\u00e9ratures \u00e9lev\u00e9es peuvent amplifier l&#039;exposition \u00e0 de nombreux agents canc\u00e9rig\u00e8nes, directs et indirects. Le r\u00e9chauffement climatique peut \u00eatre consid\u00e9r\u00e9 comme un facteur de risque suppl\u00e9mentaire dans la lutte contre le cancer.\u00a0\u00bb<\/p>\n\n\n\n<p>Plusieurs centres de canc\u00e9rologie et instituts de sant\u00e9 mondiaux r\u00e9visent leurs directives de pr\u00e9vention pour prendre \u00e9galement en compte l\u2019environnement dans lequel vivent les gens. L\u2019id\u00e9e de base est claire : la sant\u00e9 et le climat sont \u00e9troitement li\u00e9s et il est impossible de les traiter s\u00e9par\u00e9ment.<\/p>\n\n\n\n<h3 class=\"wp-block-heading\" id=\"h-un-allarme-che-riguarda-tutti\"><strong>Une alarme qui concerne tout le monde<\/strong><\/h3>\n\n\n\n<p>Bien que l\u2019\u00e9tude ne porte que sur les pays de la r\u00e9gion MENA, les implications sont mondiales. La pollution de l\u2019air, la hausse des temp\u00e9ratures et l\u2019augmentation des maladies chroniques touchent d\u00e9sormais de nombreuses villes europ\u00e9ennes.<\/p>\n\n\n\n<p>La communaut\u00e9 scientifique lance un appel : il est urgent de consid\u00e9rer le changement climatique non seulement comme une crise environnementale, mais comme une v\u00e9ritable urgence sanitaire. Et, comme le montre cette \u00e9tude, ce sont peut-\u00eatre les femmes qui en paient le prix le plus \u00e9lev\u00e9.<\/p>\n\n\n\n<h3 class=\"wp-block-heading\" id=\"h-fattori-ambientali-legati-all-aumento-dei-tumori\"><strong>Facteurs environnementaux li\u00e9s \u00e0 l&#039;augmentation des tumeurs<\/strong><\/h3>\n\n\n\n<p>L\u2019augmentation des cancers li\u00e9s au changement climatique n\u2019est pas seulement une projection future, mais une r\u00e9alit\u00e9 document\u00e9e. Parmi les principaux facteurs environnementaux associ\u00e9s figurent la pollution de l\u2019air, l\u2019exposition prolong\u00e9e aux rayons ultraviolets et la propagation de produits chimiques toxiques. Selon l\u2019AIRC, l\u2019air pollu\u00e9 peut contenir des particules fines (PM2,5), des m\u00e9taux lourds et des compos\u00e9s organiques volatils, tous class\u00e9s comme canc\u00e9rig\u00e8nes.<\/p>\n\n\n\n<p>De plus, les vagues de chaleur et la hausse des temp\u00e9ratures compromettent la qualit\u00e9 de l\u2019eau et des aliments, favorisant l\u2019accumulation de toxines et la prolif\u00e9ration de micro-organismes nocifs. Les incendies de for\u00eat, qui deviennent plus fr\u00e9quents en raison du changement climatique, lib\u00e8rent \u00e9galement dans l\u2019atmosph\u00e8re des substances qui peuvent endommager l\u2019ADN humain.<\/p>\n\n\n\n<p>Un autre effet secondaire est la pression exerc\u00e9e sur les infrastructures de sant\u00e9 : les \u00e9v\u00e9nements m\u00e9t\u00e9orologiques extr\u00eames, tels que les inondations et les ouragans, peuvent perturber les services m\u00e9dicaux essentiels, rendant plus difficile le diagnostic rapide ou l\u2019acc\u00e8s aux soins contre le cancer.<\/p>\n\n\n\n<h3 class=\"wp-block-heading\" id=\"h-effetti-del-cambiamento-climatico-sulla-salute-mentale-delle-donne\"><strong>Effets du changement climatique sur la sant\u00e9 mentale des femmes<\/strong><\/h3>\n\n\n\n<p>Le r\u00e9chauffement climatique a un impact non seulement sur le corps, mais aussi sur l\u2019esprit. Plusieurs \u00e9tudes ont montr\u00e9 que les femmes sont plus susceptibles de d\u00e9velopper des troubles mentaux en r\u00e9ponse aux facteurs de stress environnementaux caus\u00e9s par le changement climatique. L\u2019anxi\u00e9t\u00e9, la d\u00e9pression, le syndrome de stress post-traumatique et le sentiment d\u2019impuissance sont courants, en particulier dans les r\u00e9gions touch\u00e9es par les catastrophes climatiques.<\/p>\n\n\n\n<p>Les femmes enceintes et les m\u00e8res sont particuli\u00e8rement vuln\u00e9rables. La peur pour la sant\u00e9 des enfants, la perte du logement ou de l\u2019emploi en raison d\u2019\u00e9v\u00e9nements m\u00e9t\u00e9orologiques extr\u00eames et l\u2019instabilit\u00e9 \u00e9conomique sont des facteurs qui augmentent le risque psychologique.<\/p>\n\n\n\n<p>Selon l\u2019ARS Toscana, l\u2019ins\u00e9curit\u00e9 environnementale li\u00e9e au changement climatique peut g\u00e9n\u00e9rer un sentiment d\u2019alerte constante, avec des effets \u00e0 long terme sur le bien-\u00eatre mental. Pourtant, la sant\u00e9 psychologique reste sous-estim\u00e9e dans les strat\u00e9gies climatiques, malgr\u00e9 des preuves croissantes de son impact.<\/p>\n<br \/>Suivez-nous \u00e9galement sur Google News : <b><a href=\"https:\/\/news.google.com\/publications\/CAAqBwgKMNqJiwswjMfqAg?hl=it&gl=IT&ceid=IT:it\" target=\"_blank\">Cliquez ici<\/a><\/b>","protected":false},"excerpt":{"rendered":"<p>Le r\u00e9chauffement climatique pourrait non seulement constituer une menace pour la plan\u00e8te, mais aussi pour la sant\u00e9 des femmes. Deuxi\u00e8me [\u2026]<\/p>","protected":false},"author":4,"featured_media":58481,"comment_status":"closed","ping_status":"open","sticky":false,"template":"","format":"standard","meta":{"MSN_Categories":"Uncategorized","MSN_Publish_Option":false,"MSN_Is_Local_News":false,"MSN_Is_AIAC_Included":"Empty","MSN_Location":"[]","MSN_Add_Feature_Img_On_Top_Of_Post":false,"MSN_Has_Custom_Author":false,"MSN_Custom_Author":"","MSN_Has_Custom_Canonical_Url":false,"MSN_Custom_Canonical_Url":"","footnotes":""},"categories":[33],"tags":[],"class_list":["post-58480","post","type-post","status-publish","format-standard","has-post-thumbnail","hentry","category-salute"],"acf":[],"yoast_head":"<!-- This site is optimized with the Yoast SEO Premium plugin v26.7 (Yoast SEO v26.7) - https:\/\/yoast.com\/wordpress\/plugins\/seo\/ -->\n<title>Cambiamento climatico e tumori: allarme per la salute delle donne<\/title>\n<meta name=\"description\" content=\"Uno studio lancia l\u2019allarme: il riscaldamento globale potrebbe far aumentare i tumori tra le donne. Ecco perch\u00e9 clima e salute sono legati.\" \/>\n<meta name=\"robots\" content=\"index, follow, max-snippet:-1, max-image-preview:large, max-video-preview:-1\" \/>\n<link rel=\"canonical\" href=\"https:\/\/newsvirali.it\/fr\/2025\/05\/27\/le-changement-climatique-cause-des-tumeurs-chez-les-femmes\/\" \/>\n<meta property=\"og:locale\" content=\"fr_FR\" \/>\n<meta property=\"og:type\" content=\"article\" \/>\n<meta property=\"og:title\" content=\"Allarme tumori: il cambiamento climatico fa salire i casi tra le donne\" \/>\n<meta property=\"og:description\" content=\"Uno studio lancia l\u2019allarme: il riscaldamento globale potrebbe far aumentare i tumori tra le donne. Ecco perch\u00e9 clima e salute sono legati.\" \/>\n<meta property=\"og:url\" content=\"https:\/\/newsvirali.it\/fr\/2025\/05\/27\/le-changement-climatique-cause-des-tumeurs-chez-les-femmes\/\" \/>\n<meta property=\"og:site_name\" content=\"News virali\" \/>\n<meta property=\"article:published_time\" content=\"2025-05-27T10:47:07+00:00\" \/>\n<meta property=\"article:modified_time\" content=\"2025-05-27T10:47:08+00:00\" \/>\n<meta property=\"og:image\" content=\"https:\/\/newsvirali.it\/wp-content\/uploads\/2025\/05\/ChatGPT-Image-27-mag-2025-12_41_48.jpg\" \/>\n\t<meta property=\"og:image:width\" content=\"1536\" \/>\n\t<meta property=\"og:image:height\" content=\"1024\" \/>\n\t<meta property=\"og:image:type\" content=\"image\/jpeg\" \/>\n<meta name=\"author\" content=\"Cecco Prestina\" \/>\n<meta name=\"twitter:card\" content=\"summary_large_image\" \/>\n<meta name=\"twitter:label1\" content=\"\u00c9crit par\" \/>\n\t<meta name=\"twitter:data1\" content=\"Cecco Prestina\" \/>\n\t<meta name=\"twitter:label2\" content=\"Dur\u00e9e de lecture estim\u00e9e\" \/>\n\t<meta name=\"twitter:data2\" content=\"4 minutes\" \/>\n<script type=\"application\/ld+json\" class=\"yoast-schema-graph\">{\"@context\":\"https:\/\/schema.org\",\"@graph\":[{\"@type\":\"NewsArticle\",\"@id\":\"https:\/\/newsvirali.it\/2025\/05\/27\/cambiamento-climatico-tumori-donne\/#article\",\"isPartOf\":{\"@id\":\"https:\/\/newsvirali.it\/2025\/05\/27\/cambiamento-climatico-tumori-donne\/\"},\"author\":{\"name\":\"Cecco Prestina\",\"@id\":\"https:\/\/newsvirali.it\/fr\/#\/schema\/person\/4c835f7b49c9adb58b33901ee816565d\"},\"headline\":\"Allarme tumori: il cambiamento climatico fa salire i casi tra le donne\",\"datePublished\":\"2025-05-27T10:47:07+00:00\",\"dateModified\":\"2025-05-27T10:47:08+00:00\",\"mainEntityOfPage\":{\"@id\":\"https:\/\/newsvirali.it\/2025\/05\/27\/cambiamento-climatico-tumori-donne\/\"},\"wordCount\":760,\"image\":{\"@id\":\"https:\/\/newsvirali.it\/2025\/05\/27\/cambiamento-climatico-tumori-donne\/#primaryimage\"},\"thumbnailUrl\":\"https:\/\/newsvirali.it\/wp-content\/uploads\/2025\/05\/ChatGPT-Image-27-mag-2025-12_41_48.jpg\",\"articleSection\":[\"Salute\"],\"inLanguage\":\"fr-FR\",\"copyrightYear\":\"2025\",\"copyrightHolder\":{\"@id\":\"https:\/\/newsvirali.it\/fr\/#organization\"}},{\"@type\":\"WebPage\",\"@id\":\"https:\/\/newsvirali.it\/2025\/05\/27\/cambiamento-climatico-tumori-donne\/\",\"url\":\"https:\/\/newsvirali.it\/2025\/05\/27\/cambiamento-climatico-tumori-donne\/\",\"name\":\"Cambiamento climatico e tumori: allarme per la salute delle donne\",\"isPartOf\":{\"@id\":\"https:\/\/newsvirali.it\/fr\/#website\"},\"primaryImageOfPage\":{\"@id\":\"https:\/\/newsvirali.it\/2025\/05\/27\/cambiamento-climatico-tumori-donne\/#primaryimage\"},\"image\":{\"@id\":\"https:\/\/newsvirali.it\/2025\/05\/27\/cambiamento-climatico-tumori-donne\/#primaryimage\"},\"thumbnailUrl\":\"https:\/\/newsvirali.it\/wp-content\/uploads\/2025\/05\/ChatGPT-Image-27-mag-2025-12_41_48.jpg\",\"datePublished\":\"2025-05-27T10:47:07+00:00\",\"dateModified\":\"2025-05-27T10:47:08+00:00\",\"author\":{\"@id\":\"https:\/\/newsvirali.it\/fr\/#\/schema\/person\/4c835f7b49c9adb58b33901ee816565d\"},\"description\":\"Uno studio lancia l\u2019allarme: il riscaldamento globale potrebbe far aumentare i tumori tra le donne. Ecco perch\u00e9 clima e salute sono legati.\",\"breadcrumb\":{\"@id\":\"https:\/\/newsvirali.it\/2025\/05\/27\/cambiamento-climatico-tumori-donne\/#breadcrumb\"},\"inLanguage\":\"fr-FR\",\"potentialAction\":[{\"@type\":\"ReadAction\",\"target\":[\"https:\/\/newsvirali.it\/2025\/05\/27\/cambiamento-climatico-tumori-donne\/\"]}]},{\"@type\":\"ImageObject\",\"inLanguage\":\"fr-FR\",\"@id\":\"https:\/\/newsvirali.it\/2025\/05\/27\/cambiamento-climatico-tumori-donne\/#primaryimage\",\"url\":\"https:\/\/newsvirali.it\/wp-content\/uploads\/2025\/05\/ChatGPT-Image-27-mag-2025-12_41_48.jpg\",\"contentUrl\":\"https:\/\/newsvirali.it\/wp-content\/uploads\/2025\/05\/ChatGPT-Image-27-mag-2025-12_41_48.jpg\",\"width\":1536,\"height\":1024,\"caption\":\"Cambiamento climatico e tumori: allarme per la salute delle donne\"},{\"@type\":\"BreadcrumbList\",\"@id\":\"https:\/\/newsvirali.it\/2025\/05\/27\/cambiamento-climatico-tumori-donne\/#breadcrumb\",\"itemListElement\":[{\"@type\":\"ListItem\",\"position\":1,\"name\":\"Home\",\"item\":\"https:\/\/newsvirali.it\/fr\/\"},{\"@type\":\"ListItem\",\"position\":2,\"name\":\"Allarme tumori: il cambiamento climatico fa salire i casi tra le donne\"}]},{\"@type\":\"WebSite\",\"@id\":\"https:\/\/newsvirali.it\/fr\/#website\",\"url\":\"https:\/\/newsvirali.it\/fr\/\",\"name\":\"Bake News\",\"description\":\"\",\"potentialAction\":[{\"@type\":\"SearchAction\",\"target\":{\"@type\":\"EntryPoint\",\"urlTemplate\":\"https:\/\/newsvirali.it\/fr\/?s={search_term_string}\"},\"query-input\":{\"@type\":\"PropertyValueSpecification\",\"valueRequired\":true,\"valueName\":\"search_term_string\"}}],\"inLanguage\":\"fr-FR\"},{\"@type\":\"Person\",\"@id\":\"https:\/\/newsvirali.it\/fr\/#\/schema\/person\/4c835f7b49c9adb58b33901ee816565d\",\"name\":\"Cecco Prestina\",\"description\":\"Perch\u00e9 nasconderlo? Cecco Prestina \u00e8 un alias, ma dietro di lui non si cela un algoritmo di intelligenza artificiale. C'\u00e8 un giornalista che ha oltre vent'anni di esperienza tutta sul web. Da quando il primo modem ha iniziato a gracchiare sul territorio italiano con Video on Line, Cecco ha capito che da quel doppino sarebbe passato il futuro. Ha dedidicato tutta la sua carriera a capire Internet e poi i social e ora l'Ai. Una carriera in costante aggiornamento. E questa esperienza la mette in campo ogni giorno. Per\u00f2 ogni tanto Cecco ha voglia anche di non scrivere \\\"pipponi\\\" sulla politica, sull'economia. Ha voglia anche di scrivere qualcosa di divertente. Le notizie che trovate su Bake News sono le stesse che Cecco porta all'aperitivo con gli amici. Quelle di cui discutere per farsi due risate. Notizie, vere (qualche volta si fa fatica a crederlo), strane, divertenti, ma anche serie. Bake News \u00e8 nato per questo, dare al pubblico notizie croccanti e calde come il pane che esce dal forno. E Cecco Prestina \u00e8 nato con Bake News.\",\"url\":\"https:\/\/newsvirali.it\/fr\/autore\/cecco-prestina\/\"}]}<\/script>\n<!-- \/ Yoast SEO Premium plugin. -->","yoast_head_json":{"title":"Cambiamento climatico e tumori: allarme per la salute delle donne","description":"Uno studio lancia l\u2019allarme: il riscaldamento globale potrebbe far aumentare i tumori tra le donne. Ecco perch\u00e9 clima e salute sono legati.","robots":{"index":"index","follow":"follow","max-snippet":"max-snippet:-1","max-image-preview":"max-image-preview:large","max-video-preview":"max-video-preview:-1"},"canonical":"https:\/\/newsvirali.it\/fr\/2025\/05\/27\/le-changement-climatique-cause-des-tumeurs-chez-les-femmes\/","og_locale":"fr_FR","og_type":"article","og_title":"Allarme tumori: il cambiamento climatico fa salire i casi tra le donne","og_description":"Uno studio lancia l\u2019allarme: il riscaldamento globale potrebbe far aumentare i tumori tra le donne. Ecco perch\u00e9 clima e salute sono legati.","og_url":"https:\/\/newsvirali.it\/fr\/2025\/05\/27\/le-changement-climatique-cause-des-tumeurs-chez-les-femmes\/","og_site_name":"News virali","article_published_time":"2025-05-27T10:47:07+00:00","article_modified_time":"2025-05-27T10:47:08+00:00","og_image":[{"width":1536,"height":1024,"url":"https:\/\/newsvirali.it\/wp-content\/uploads\/2025\/05\/ChatGPT-Image-27-mag-2025-12_41_48.jpg","type":"image\/jpeg"}],"author":"Cecco Prestina","twitter_card":"summary_large_image","twitter_misc":{"\u00c9crit par":"Cecco Prestina","Dur\u00e9e de lecture estim\u00e9e":"4 minutes"},"schema":{"@context":"https:\/\/schema.org","@graph":[{"@type":"NewsArticle","@id":"https:\/\/newsvirali.it\/2025\/05\/27\/cambiamento-climatico-tumori-donne\/#article","isPartOf":{"@id":"https:\/\/newsvirali.it\/2025\/05\/27\/cambiamento-climatico-tumori-donne\/"},"author":{"name":"Cecco Prestina","@id":"https:\/\/newsvirali.it\/fr\/#\/schema\/person\/4c835f7b49c9adb58b33901ee816565d"},"headline":"Allarme tumori: il cambiamento climatico fa salire i casi tra le donne","datePublished":"2025-05-27T10:47:07+00:00","dateModified":"2025-05-27T10:47:08+00:00","mainEntityOfPage":{"@id":"https:\/\/newsvirali.it\/2025\/05\/27\/cambiamento-climatico-tumori-donne\/"},"wordCount":760,"image":{"@id":"https:\/\/newsvirali.it\/2025\/05\/27\/cambiamento-climatico-tumori-donne\/#primaryimage"},"thumbnailUrl":"https:\/\/newsvirali.it\/wp-content\/uploads\/2025\/05\/ChatGPT-Image-27-mag-2025-12_41_48.jpg","articleSection":["Salute"],"inLanguage":"fr-FR","copyrightYear":"2025","copyrightHolder":{"@id":"https:\/\/newsvirali.it\/fr\/#organization"}},{"@type":"WebPage","@id":"https:\/\/newsvirali.it\/2025\/05\/27\/cambiamento-climatico-tumori-donne\/","url":"https:\/\/newsvirali.it\/2025\/05\/27\/cambiamento-climatico-tumori-donne\/","name":"Cambiamento climatico e tumori: allarme per la salute delle donne","isPartOf":{"@id":"https:\/\/newsvirali.it\/fr\/#website"},"primaryImageOfPage":{"@id":"https:\/\/newsvirali.it\/2025\/05\/27\/cambiamento-climatico-tumori-donne\/#primaryimage"},"image":{"@id":"https:\/\/newsvirali.it\/2025\/05\/27\/cambiamento-climatico-tumori-donne\/#primaryimage"},"thumbnailUrl":"https:\/\/newsvirali.it\/wp-content\/uploads\/2025\/05\/ChatGPT-Image-27-mag-2025-12_41_48.jpg","datePublished":"2025-05-27T10:47:07+00:00","dateModified":"2025-05-27T10:47:08+00:00","author":{"@id":"https:\/\/newsvirali.it\/fr\/#\/schema\/person\/4c835f7b49c9adb58b33901ee816565d"},"description":"Uno studio lancia l\u2019allarme: il riscaldamento globale potrebbe far aumentare i tumori tra le donne. Ecco perch\u00e9 clima e salute sono legati.","breadcrumb":{"@id":"https:\/\/newsvirali.it\/2025\/05\/27\/cambiamento-climatico-tumori-donne\/#breadcrumb"},"inLanguage":"fr-FR","potentialAction":[{"@type":"ReadAction","target":["https:\/\/newsvirali.it\/2025\/05\/27\/cambiamento-climatico-tumori-donne\/"]}]},{"@type":"ImageObject","inLanguage":"fr-FR","@id":"https:\/\/newsvirali.it\/2025\/05\/27\/cambiamento-climatico-tumori-donne\/#primaryimage","url":"https:\/\/newsvirali.it\/wp-content\/uploads\/2025\/05\/ChatGPT-Image-27-mag-2025-12_41_48.jpg","contentUrl":"https:\/\/newsvirali.it\/wp-content\/uploads\/2025\/05\/ChatGPT-Image-27-mag-2025-12_41_48.jpg","width":1536,"height":1024,"caption":"Cambiamento climatico e tumori: allarme per la salute delle donne"},{"@type":"BreadcrumbList","@id":"https:\/\/newsvirali.it\/2025\/05\/27\/cambiamento-climatico-tumori-donne\/#breadcrumb","itemListElement":[{"@type":"ListItem","position":1,"name":"Home","item":"https:\/\/newsvirali.it\/fr\/"},{"@type":"ListItem","position":2,"name":"Allarme tumori: il cambiamento climatico fa salire i casi tra le donne"}]},{"@type":"WebSite","@id":"https:\/\/newsvirali.it\/fr\/#website","url":"https:\/\/newsvirali.it\/fr\/","name":"Bake News","description":"","potentialAction":[{"@type":"SearchAction","target":{"@type":"EntryPoint","urlTemplate":"https:\/\/newsvirali.it\/fr\/?s={search_term_string}"},"query-input":{"@type":"PropertyValueSpecification","valueRequired":true,"valueName":"search_term_string"}}],"inLanguage":"fr-FR"},{"@type":"Person","@id":"https:\/\/newsvirali.it\/fr\/#\/schema\/person\/4c835f7b49c9adb58b33901ee816565d","name":"Cecco Prestina","description":"Perch\u00e9 nasconderlo? Cecco Prestina \u00e8 un alias, ma dietro di lui non si cela un algoritmo di intelligenza artificiale. C'\u00e8 un giornalista che ha oltre vent'anni di esperienza tutta sul web. Da quando il primo modem ha iniziato a gracchiare sul territorio italiano con Video on Line, Cecco ha capito che da quel doppino sarebbe passato il futuro. Ha dedidicato tutta la sua carriera a capire Internet e poi i social e ora l'Ai. Una carriera in costante aggiornamento. E questa esperienza la mette in campo ogni giorno. Per\u00f2 ogni tanto Cecco ha voglia anche di non scrivere \"pipponi\" sulla politica, sull'economia. Ha voglia anche di scrivere qualcosa di divertente. Le notizie che trovate su Bake News sono le stesse che Cecco porta all'aperitivo con gli amici. Quelle di cui discutere per farsi due risate. Notizie, vere (qualche volta si fa fatica a crederlo), strane, divertenti, ma anche serie. Bake News \u00e8 nato per questo, dare al pubblico notizie croccanti e calde come il pane che esce dal forno. E Cecco Prestina \u00e8 nato con Bake News.","url":"https:\/\/newsvirali.it\/fr\/autore\/cecco-prestina\/"}]}},"_links":{"self":[{"href":"https:\/\/newsvirali.it\/fr\/wp-json\/wp\/v2\/posts\/58480","targetHints":{"allow":["GET"]}}],"collection":[{"href":"https:\/\/newsvirali.it\/fr\/wp-json\/wp\/v2\/posts"}],"about":[{"href":"https:\/\/newsvirali.it\/fr\/wp-json\/wp\/v2\/types\/post"}],"author":[{"embeddable":true,"href":"https:\/\/newsvirali.it\/fr\/wp-json\/wp\/v2\/users\/4"}],"replies":[{"embeddable":true,"href":"https:\/\/newsvirali.it\/fr\/wp-json\/wp\/v2\/comments?post=58480"}],"version-history":[{"count":1,"href":"https:\/\/newsvirali.it\/fr\/wp-json\/wp\/v2\/posts\/58480\/revisions"}],"predecessor-version":[{"id":58482,"href":"https:\/\/newsvirali.it\/fr\/wp-json\/wp\/v2\/posts\/58480\/revisions\/58482"}],"wp:featuredmedia":[{"embeddable":true,"href":"https:\/\/newsvirali.it\/fr\/wp-json\/wp\/v2\/media\/58481"}],"wp:attachment":[{"href":"https:\/\/newsvirali.it\/fr\/wp-json\/wp\/v2\/media?parent=58480"}],"wp:term":[{"taxonomy":"category","embeddable":true,"href":"https:\/\/newsvirali.it\/fr\/wp-json\/wp\/v2\/categories?post=58480"},{"taxonomy":"post_tag","embeddable":true,"href":"https:\/\/newsvirali.it\/fr\/wp-json\/wp\/v2\/tags?post=58480"}],"curies":[{"name":"wp","href":"https:\/\/api.w.org\/{rel}","templated":true}]}}