{"id":5774,"date":"2023-09-27T11:42:27","date_gmt":"2023-09-27T09:42:27","guid":{"rendered":"https:\/\/www.bakenews.it\/?p=5774"},"modified":"2023-09-27T11:42:28","modified_gmt":"2023-09-27T09:42:28","slug":"caro-benzina-macron-impone-distributori-venderla-perdita","status":"publish","type":"post","link":"https:\/\/newsvirali.it\/fr\/2023\/09\/27\/lessence-chere-macron-oblige-les-distributeurs-a-la-vendre-a-perte-2\/","title":{"rendered":"Ch\u00e8re essence, Macron oblige les distributeurs \u00e0 la vendre \u00e0 perte"},"content":{"rendered":"<p>L&#039;essence sera distribu\u00e9e \u00ab \u00e0 prix co\u00fbtant \u00bb dans toutes les stations-service de quelques grandes marques en France. La derni\u00e8re cha\u00eene \u00e0 prendre cette d\u00e9cision est Leclerc et r\u00e9pond \u00e0 l&#039;appel lanc\u00e9 par Emmanuel Macron dimanche 24 septembre. En direct \u00e0 la t\u00e9l\u00e9vision, le pr\u00e9sident fran\u00e7ais a invit\u00e9 les distributeurs de carburant \u00e0 aller dans ce sens pour r\u00e9duire la facture des Fran\u00e7ais \u00e0 la pompe.<\/p>\n\n\n\n<p><\/p>\n\n\n\n<hr class=\"wp-block-separator has-alpha-channel-opacity\"\/>\n\n\n\n<p><strong>LIRE AUSSI<\/strong><\/p>\n\n\n\n<ul class=\"wp-block-list\">\n<li><a href=\"https:\/\/www.bakenews.it\/assemblea-generale-onu-a-new-york-schizzano-i-prezzi-delle-escort\/\">Assembl\u00e9e g\u00e9n\u00e9rale de l&#039;ONU, les prix des escortes montent en fl\u00e8che \u00e0 New York<\/a><\/li>\n\n\n\n<li><a href=\"https:\/\/www.bakenews.it\/lex-ricca-star-di-beverly-hills-90210-costretta-a-vivere-in-motel-coi-5-figli\/\">La riche ancienne star de &quot;Beverly Hills 90210&quot; oblig\u00e9e de vivre dans un motel avec ses 5 enfants<\/a><\/li>\n<\/ul>\n\n\n\n<hr class=\"wp-block-separator has-alpha-channel-opacity\"\/>\n\n\n\n<p><\/p>\n\n\n\n<h2 class=\"wp-block-heading\">Prix ma\u00eetris\u00e9s jusqu&#039;en d\u00e9cembre<\/h2>\n\n\n\n<p>Le groupe Carrefour a annonc\u00e9 faire de m\u00eame quelques heures plus tard. \u00ab Nous nous engageons \u00e0 vendre du carburant sans marge, tous les jours, \u00e0 partir de ce vendredi et jusqu&#039;\u00e0 la fin de l&#039;ann\u00e9e. Cette op\u00e9ration massive concernera tous nos hypermarch\u00e9s&quot;, a indiqu\u00e9 le groupe Carrefour sur X, \u00e9voquant &quot;la plus grande op\u00e9ration de vente de carburant \u00e0 prix co\u00fbtant de son histoire&quot;. Par ailleurs, les enseignes Cora, Casino et Intermarch\u00e9 seront vendues au prix co\u00fbtant deux week-ends par mois jusqu&#039;\u00e0 la fin de l&#039;ann\u00e9e et Super U une fois par mois jusqu&#039;\u00e0 la fin de l&#039;ann\u00e9e.<\/p>\n\n\n\n<p>Ces annonces intervenaient peu avant que les repr\u00e9sentants de l&#039;industrie des carburants ne se r\u00e9unissent \u00e0 Matignon pour convaincre tous les acteurs (distributeurs, raffineurs et f\u00e9d\u00e9rations professionnelles) de r\u00e9duire leurs marges. A l&#039;issue de la r\u00e9union, une source gouvernementale a avanc\u00e9 le chiffre de 120 000 interventions \u00e0 prix co\u00fbtant dans 4 000 stations, en plus de la limite de 1,99 le litre d\u00e9j\u00e0 fix\u00e9e par TotalEnergies dans ses 3 400 stations. L&#039;engagement du prix de revient sera contr\u00f4l\u00e9 par l&#039;autorit\u00e9 nationale.<\/p>\n\n\n\n<p>L&#039;effet d&#039;une telle mesure devrait toutefois \u00eatre tr\u00e8s limit\u00e9 et ne suffira pas \u00e0 annuler les hausses de prix des derniers mois, les marges des distributeurs avoisinant souvent quelques centimes.<\/p>\n<br \/>Suivez-nous \u00e9galement sur Google News : <b><a href=\"https:\/\/news.google.com\/publications\/CAAqBwgKMNqJiwswjMfqAg?hl=it&gl=IT&ceid=IT:it\" target=\"_blank\">Cliquez ici<\/a><\/b>","protected":false},"excerpt":{"rendered":"<p>L&#039;essence sera distribu\u00e9e \u00ab \u00e0 prix co\u00fbtant \u00bb dans toutes les stations-service de quelques grandes marques en France. La derni\u00e8re cha\u00eene [\u2026]<\/p>","protected":false},"author":4,"featured_media":5775,"comment_status":"open","ping_status":"open","sticky":false,"template":"","format":"standard","meta":{"MSN_Categories":"Uncategorized","MSN_Publish_Option":false,"MSN_Is_Local_News":false,"MSN_Is_AIAC_Included":"Empty","MSN_Location":"[]","MSN_Add_Feature_Img_On_Top_Of_Post":false,"MSN_Has_Custom_Author":false,"MSN_Custom_Author":"","MSN_Has_Custom_Canonical_Url":false,"MSN_Custom_Canonical_Url":"","footnotes":""},"categories":[3],"tags":[],"class_list":["post-5774","post","type-post","status-publish","format-standard","has-post-thumbnail","hentry","category-economia"],"acf":[],"yoast_head":"<!-- This site is optimized with the Yoast SEO Premium plugin v26.7 (Yoast SEO v26.7) - https:\/\/yoast.com\/wordpress\/plugins\/seo\/ -->\n<title>Caro benzina, Macron impone ai distributori di venderla in perdita<\/title>\n<meta name=\"description\" content=\"Per far fronte al caro benzina il presidente francese ha chiesto ai distributori di non guadagnare per qualche mese. Ecco la risposta.\" \/>\n<meta name=\"robots\" content=\"index, follow, max-snippet:-1, max-image-preview:large, max-video-preview:-1\" \/>\n<link rel=\"canonical\" href=\"https:\/\/newsvirali.it\/fr\/2023\/09\/27\/lessence-chere-macron-oblige-les-distributeurs-a-la-vendre-a-perte-2\/\" \/>\n<meta property=\"og:locale\" content=\"fr_FR\" \/>\n<meta property=\"og:type\" content=\"article\" \/>\n<meta property=\"og:title\" content=\"Caro benzina, Macron impone ai distributori di venderla in perdita\" \/>\n<meta property=\"og:description\" content=\"Per far fronte al caro benzina il presidente francese ha chiesto ai distributori di non guadagnare per qualche mese. Ecco la risposta.\" \/>\n<meta property=\"og:url\" content=\"https:\/\/newsvirali.it\/fr\/2023\/09\/27\/lessence-chere-macron-oblige-les-distributeurs-a-la-vendre-a-perte-2\/\" \/>\n<meta property=\"og:site_name\" content=\"News virali\" \/>\n<meta property=\"article:published_time\" content=\"2023-09-27T09:42:27+00:00\" \/>\n<meta property=\"article:modified_time\" content=\"2023-09-27T09:42:28+00:00\" \/>\n<meta property=\"og:image\" content=\"https:\/\/newsvirali.it\/wp-content\/uploads\/2023\/09\/dawn-mcdonald-TIZmsrOw7vc-unsplash-scaled.jpg\" \/>\n\t<meta property=\"og:image:width\" content=\"2560\" \/>\n\t<meta property=\"og:image:height\" content=\"1707\" \/>\n\t<meta property=\"og:image:type\" content=\"image\/jpeg\" \/>\n<meta name=\"author\" content=\"Cecco Prestina\" \/>\n<meta name=\"twitter:card\" content=\"summary_large_image\" \/>\n<meta name=\"twitter:label1\" content=\"\u00c9crit par\" \/>\n\t<meta name=\"twitter:data1\" content=\"Cecco Prestina\" \/>\n\t<meta name=\"twitter:label2\" content=\"Dur\u00e9e de lecture estim\u00e9e\" \/>\n\t<meta name=\"twitter:data2\" content=\"2 minutes\" \/>\n<script type=\"application\/ld+json\" class=\"yoast-schema-graph\">{\"@context\":\"https:\/\/schema.org\",\"@graph\":[{\"@type\":\"NewsArticle\",\"@id\":\"https:\/\/newsvirali.it\/2023\/09\/27\/caro-benzina-macron-impone-distributori-venderla-perdita\/#article\",\"isPartOf\":{\"@id\":\"https:\/\/newsvirali.it\/2023\/09\/27\/caro-benzina-macron-impone-distributori-venderla-perdita\/\"},\"author\":{\"name\":\"Cecco Prestina\",\"@id\":\"https:\/\/newsvirali.it\/fr\/#\/schema\/person\/4c835f7b49c9adb58b33901ee816565d\"},\"headline\":\"Caro benzina, Macron impone ai distributori di venderla in perdita\",\"datePublished\":\"2023-09-27T09:42:27+00:00\",\"dateModified\":\"2023-09-27T09:42:28+00:00\",\"mainEntityOfPage\":{\"@id\":\"https:\/\/newsvirali.it\/2023\/09\/27\/caro-benzina-macron-impone-distributori-venderla-perdita\/\"},\"wordCount\":309,\"commentCount\":0,\"image\":{\"@id\":\"https:\/\/newsvirali.it\/2023\/09\/27\/caro-benzina-macron-impone-distributori-venderla-perdita\/#primaryimage\"},\"thumbnailUrl\":\"https:\/\/newsvirali.it\/wp-content\/uploads\/2023\/09\/dawn-mcdonald-TIZmsrOw7vc-unsplash-scaled.jpg\",\"articleSection\":[\"Economia\"],\"inLanguage\":\"fr-FR\",\"potentialAction\":[{\"@type\":\"CommentAction\",\"name\":\"Comment\",\"target\":[\"https:\/\/newsvirali.it\/2023\/09\/27\/caro-benzina-macron-impone-distributori-venderla-perdita\/#respond\"]}],\"copyrightYear\":\"2023\",\"copyrightHolder\":{\"@id\":\"https:\/\/newsvirali.it\/fr\/#organization\"}},{\"@type\":\"WebPage\",\"@id\":\"https:\/\/newsvirali.it\/2023\/09\/27\/caro-benzina-macron-impone-distributori-venderla-perdita\/\",\"url\":\"https:\/\/newsvirali.it\/2023\/09\/27\/caro-benzina-macron-impone-distributori-venderla-perdita\/\",\"name\":\"Caro benzina, Macron impone ai distributori di venderla in perdita\",\"isPartOf\":{\"@id\":\"https:\/\/newsvirali.it\/fr\/#website\"},\"primaryImageOfPage\":{\"@id\":\"https:\/\/newsvirali.it\/2023\/09\/27\/caro-benzina-macron-impone-distributori-venderla-perdita\/#primaryimage\"},\"image\":{\"@id\":\"https:\/\/newsvirali.it\/2023\/09\/27\/caro-benzina-macron-impone-distributori-venderla-perdita\/#primaryimage\"},\"thumbnailUrl\":\"https:\/\/newsvirali.it\/wp-content\/uploads\/2023\/09\/dawn-mcdonald-TIZmsrOw7vc-unsplash-scaled.jpg\",\"datePublished\":\"2023-09-27T09:42:27+00:00\",\"dateModified\":\"2023-09-27T09:42:28+00:00\",\"author\":{\"@id\":\"https:\/\/newsvirali.it\/fr\/#\/schema\/person\/4c835f7b49c9adb58b33901ee816565d\"},\"description\":\"Per far fronte al caro benzina il presidente francese ha chiesto ai distributori di non guadagnare per qualche mese. Ecco la risposta.\",\"breadcrumb\":{\"@id\":\"https:\/\/newsvirali.it\/2023\/09\/27\/caro-benzina-macron-impone-distributori-venderla-perdita\/#breadcrumb\"},\"inLanguage\":\"fr-FR\",\"potentialAction\":[{\"@type\":\"ReadAction\",\"target\":[\"https:\/\/newsvirali.it\/2023\/09\/27\/caro-benzina-macron-impone-distributori-venderla-perdita\/\"]}]},{\"@type\":\"ImageObject\",\"inLanguage\":\"fr-FR\",\"@id\":\"https:\/\/newsvirali.it\/2023\/09\/27\/caro-benzina-macron-impone-distributori-venderla-perdita\/#primaryimage\",\"url\":\"https:\/\/newsvirali.it\/wp-content\/uploads\/2023\/09\/dawn-mcdonald-TIZmsrOw7vc-unsplash-scaled.jpg\",\"contentUrl\":\"https:\/\/newsvirali.it\/wp-content\/uploads\/2023\/09\/dawn-mcdonald-TIZmsrOw7vc-unsplash-scaled.jpg\",\"width\":2560,\"height\":1707,\"caption\":\"Caro benzina, Macron impone ai distributori di venderla in perdita\"},{\"@type\":\"BreadcrumbList\",\"@id\":\"https:\/\/newsvirali.it\/2023\/09\/27\/caro-benzina-macron-impone-distributori-venderla-perdita\/#breadcrumb\",\"itemListElement\":[{\"@type\":\"ListItem\",\"position\":1,\"name\":\"Home\",\"item\":\"https:\/\/newsvirali.it\/fr\/\"},{\"@type\":\"ListItem\",\"position\":2,\"name\":\"Caro benzina, Macron impone ai distributori di venderla in perdita\"}]},{\"@type\":\"WebSite\",\"@id\":\"https:\/\/newsvirali.it\/fr\/#website\",\"url\":\"https:\/\/newsvirali.it\/fr\/\",\"name\":\"Bake News\",\"description\":\"\",\"potentialAction\":[{\"@type\":\"SearchAction\",\"target\":{\"@type\":\"EntryPoint\",\"urlTemplate\":\"https:\/\/newsvirali.it\/fr\/?s={search_term_string}\"},\"query-input\":{\"@type\":\"PropertyValueSpecification\",\"valueRequired\":true,\"valueName\":\"search_term_string\"}}],\"inLanguage\":\"fr-FR\"},{\"@type\":\"Person\",\"@id\":\"https:\/\/newsvirali.it\/fr\/#\/schema\/person\/4c835f7b49c9adb58b33901ee816565d\",\"name\":\"Cecco Prestina\",\"description\":\"Perch\u00e9 nasconderlo? Cecco Prestina \u00e8 un alias, ma dietro di lui non si cela un algoritmo di intelligenza artificiale. C'\u00e8 un giornalista che ha oltre vent'anni di esperienza tutta sul web. Da quando il primo modem ha iniziato a gracchiare sul territorio italiano con Video on Line, Cecco ha capito che da quel doppino sarebbe passato il futuro. Ha dedidicato tutta la sua carriera a capire Internet e poi i social e ora l'Ai. Una carriera in costante aggiornamento. E questa esperienza la mette in campo ogni giorno. Per\u00f2 ogni tanto Cecco ha voglia anche di non scrivere \\\"pipponi\\\" sulla politica, sull'economia. Ha voglia anche di scrivere qualcosa di divertente. Le notizie che trovate su Bake News sono le stesse che Cecco porta all'aperitivo con gli amici. Quelle di cui discutere per farsi due risate. Notizie, vere (qualche volta si fa fatica a crederlo), strane, divertenti, ma anche serie. Bake News \u00e8 nato per questo, dare al pubblico notizie croccanti e calde come il pane che esce dal forno. E Cecco Prestina \u00e8 nato con Bake News.\",\"url\":\"https:\/\/newsvirali.it\/fr\/autore\/cecco-prestina\/\"}]}<\/script>\n<!-- \/ Yoast SEO Premium plugin. -->","yoast_head_json":{"title":"Caro benzina, Macron impone ai distributori di venderla in perdita","description":"Per far fronte al caro benzina il presidente francese ha chiesto ai distributori di non guadagnare per qualche mese. Ecco la risposta.","robots":{"index":"index","follow":"follow","max-snippet":"max-snippet:-1","max-image-preview":"max-image-preview:large","max-video-preview":"max-video-preview:-1"},"canonical":"https:\/\/newsvirali.it\/fr\/2023\/09\/27\/lessence-chere-macron-oblige-les-distributeurs-a-la-vendre-a-perte-2\/","og_locale":"fr_FR","og_type":"article","og_title":"Caro benzina, Macron impone ai distributori di venderla in perdita","og_description":"Per far fronte al caro benzina il presidente francese ha chiesto ai distributori di non guadagnare per qualche mese. Ecco la risposta.","og_url":"https:\/\/newsvirali.it\/fr\/2023\/09\/27\/lessence-chere-macron-oblige-les-distributeurs-a-la-vendre-a-perte-2\/","og_site_name":"News virali","article_published_time":"2023-09-27T09:42:27+00:00","article_modified_time":"2023-09-27T09:42:28+00:00","og_image":[{"width":2560,"height":1707,"url":"https:\/\/newsvirali.it\/wp-content\/uploads\/2023\/09\/dawn-mcdonald-TIZmsrOw7vc-unsplash-scaled.jpg","type":"image\/jpeg"}],"author":"Cecco Prestina","twitter_card":"summary_large_image","twitter_misc":{"\u00c9crit par":"Cecco Prestina","Dur\u00e9e de lecture estim\u00e9e":"2 minutes"},"schema":{"@context":"https:\/\/schema.org","@graph":[{"@type":"NewsArticle","@id":"https:\/\/newsvirali.it\/2023\/09\/27\/caro-benzina-macron-impone-distributori-venderla-perdita\/#article","isPartOf":{"@id":"https:\/\/newsvirali.it\/2023\/09\/27\/caro-benzina-macron-impone-distributori-venderla-perdita\/"},"author":{"name":"Cecco Prestina","@id":"https:\/\/newsvirali.it\/fr\/#\/schema\/person\/4c835f7b49c9adb58b33901ee816565d"},"headline":"Caro benzina, Macron impone ai distributori di venderla in perdita","datePublished":"2023-09-27T09:42:27+00:00","dateModified":"2023-09-27T09:42:28+00:00","mainEntityOfPage":{"@id":"https:\/\/newsvirali.it\/2023\/09\/27\/caro-benzina-macron-impone-distributori-venderla-perdita\/"},"wordCount":309,"commentCount":0,"image":{"@id":"https:\/\/newsvirali.it\/2023\/09\/27\/caro-benzina-macron-impone-distributori-venderla-perdita\/#primaryimage"},"thumbnailUrl":"https:\/\/newsvirali.it\/wp-content\/uploads\/2023\/09\/dawn-mcdonald-TIZmsrOw7vc-unsplash-scaled.jpg","articleSection":["Economia"],"inLanguage":"fr-FR","potentialAction":[{"@type":"CommentAction","name":"Comment","target":["https:\/\/newsvirali.it\/2023\/09\/27\/caro-benzina-macron-impone-distributori-venderla-perdita\/#respond"]}],"copyrightYear":"2023","copyrightHolder":{"@id":"https:\/\/newsvirali.it\/fr\/#organization"}},{"@type":"WebPage","@id":"https:\/\/newsvirali.it\/2023\/09\/27\/caro-benzina-macron-impone-distributori-venderla-perdita\/","url":"https:\/\/newsvirali.it\/2023\/09\/27\/caro-benzina-macron-impone-distributori-venderla-perdita\/","name":"Caro benzina, Macron impone ai distributori di venderla in perdita","isPartOf":{"@id":"https:\/\/newsvirali.it\/fr\/#website"},"primaryImageOfPage":{"@id":"https:\/\/newsvirali.it\/2023\/09\/27\/caro-benzina-macron-impone-distributori-venderla-perdita\/#primaryimage"},"image":{"@id":"https:\/\/newsvirali.it\/2023\/09\/27\/caro-benzina-macron-impone-distributori-venderla-perdita\/#primaryimage"},"thumbnailUrl":"https:\/\/newsvirali.it\/wp-content\/uploads\/2023\/09\/dawn-mcdonald-TIZmsrOw7vc-unsplash-scaled.jpg","datePublished":"2023-09-27T09:42:27+00:00","dateModified":"2023-09-27T09:42:28+00:00","author":{"@id":"https:\/\/newsvirali.it\/fr\/#\/schema\/person\/4c835f7b49c9adb58b33901ee816565d"},"description":"Per far fronte al caro benzina il presidente francese ha chiesto ai distributori di non guadagnare per qualche mese. Ecco la risposta.","breadcrumb":{"@id":"https:\/\/newsvirali.it\/2023\/09\/27\/caro-benzina-macron-impone-distributori-venderla-perdita\/#breadcrumb"},"inLanguage":"fr-FR","potentialAction":[{"@type":"ReadAction","target":["https:\/\/newsvirali.it\/2023\/09\/27\/caro-benzina-macron-impone-distributori-venderla-perdita\/"]}]},{"@type":"ImageObject","inLanguage":"fr-FR","@id":"https:\/\/newsvirali.it\/2023\/09\/27\/caro-benzina-macron-impone-distributori-venderla-perdita\/#primaryimage","url":"https:\/\/newsvirali.it\/wp-content\/uploads\/2023\/09\/dawn-mcdonald-TIZmsrOw7vc-unsplash-scaled.jpg","contentUrl":"https:\/\/newsvirali.it\/wp-content\/uploads\/2023\/09\/dawn-mcdonald-TIZmsrOw7vc-unsplash-scaled.jpg","width":2560,"height":1707,"caption":"Caro benzina, Macron impone ai distributori di venderla in perdita"},{"@type":"BreadcrumbList","@id":"https:\/\/newsvirali.it\/2023\/09\/27\/caro-benzina-macron-impone-distributori-venderla-perdita\/#breadcrumb","itemListElement":[{"@type":"ListItem","position":1,"name":"Home","item":"https:\/\/newsvirali.it\/fr\/"},{"@type":"ListItem","position":2,"name":"Caro benzina, Macron impone ai distributori di venderla in perdita"}]},{"@type":"WebSite","@id":"https:\/\/newsvirali.it\/fr\/#website","url":"https:\/\/newsvirali.it\/fr\/","name":"Bake News","description":"","potentialAction":[{"@type":"SearchAction","target":{"@type":"EntryPoint","urlTemplate":"https:\/\/newsvirali.it\/fr\/?s={search_term_string}"},"query-input":{"@type":"PropertyValueSpecification","valueRequired":true,"valueName":"search_term_string"}}],"inLanguage":"fr-FR"},{"@type":"Person","@id":"https:\/\/newsvirali.it\/fr\/#\/schema\/person\/4c835f7b49c9adb58b33901ee816565d","name":"Cecco Prestina","description":"Perch\u00e9 nasconderlo? Cecco Prestina \u00e8 un alias, ma dietro di lui non si cela un algoritmo di intelligenza artificiale. C'\u00e8 un giornalista che ha oltre vent'anni di esperienza tutta sul web. Da quando il primo modem ha iniziato a gracchiare sul territorio italiano con Video on Line, Cecco ha capito che da quel doppino sarebbe passato il futuro. Ha dedidicato tutta la sua carriera a capire Internet e poi i social e ora l'Ai. Una carriera in costante aggiornamento. E questa esperienza la mette in campo ogni giorno. Per\u00f2 ogni tanto Cecco ha voglia anche di non scrivere \"pipponi\" sulla politica, sull'economia. Ha voglia anche di scrivere qualcosa di divertente. Le notizie che trovate su Bake News sono le stesse che Cecco porta all'aperitivo con gli amici. Quelle di cui discutere per farsi due risate. Notizie, vere (qualche volta si fa fatica a crederlo), strane, divertenti, ma anche serie. Bake News \u00e8 nato per questo, dare al pubblico notizie croccanti e calde come il pane che esce dal forno. E Cecco Prestina \u00e8 nato con Bake News.","url":"https:\/\/newsvirali.it\/fr\/autore\/cecco-prestina\/"}]}},"_links":{"self":[{"href":"https:\/\/newsvirali.it\/fr\/wp-json\/wp\/v2\/posts\/5774","targetHints":{"allow":["GET"]}}],"collection":[{"href":"https:\/\/newsvirali.it\/fr\/wp-json\/wp\/v2\/posts"}],"about":[{"href":"https:\/\/newsvirali.it\/fr\/wp-json\/wp\/v2\/types\/post"}],"author":[{"embeddable":true,"href":"https:\/\/newsvirali.it\/fr\/wp-json\/wp\/v2\/users\/4"}],"replies":[{"embeddable":true,"href":"https:\/\/newsvirali.it\/fr\/wp-json\/wp\/v2\/comments?post=5774"}],"version-history":[{"count":1,"href":"https:\/\/newsvirali.it\/fr\/wp-json\/wp\/v2\/posts\/5774\/revisions"}],"predecessor-version":[{"id":5776,"href":"https:\/\/newsvirali.it\/fr\/wp-json\/wp\/v2\/posts\/5774\/revisions\/5776"}],"wp:featuredmedia":[{"embeddable":true,"href":"https:\/\/newsvirali.it\/fr\/wp-json\/wp\/v2\/media\/5775"}],"wp:attachment":[{"href":"https:\/\/newsvirali.it\/fr\/wp-json\/wp\/v2\/media?parent=5774"}],"wp:term":[{"taxonomy":"category","embeddable":true,"href":"https:\/\/newsvirali.it\/fr\/wp-json\/wp\/v2\/categories?post=5774"},{"taxonomy":"post_tag","embeddable":true,"href":"https:\/\/newsvirali.it\/fr\/wp-json\/wp\/v2\/tags?post=5774"}],"curies":[{"name":"wp","href":"https:\/\/api.w.org\/{rel}","templated":true}]}}