{"id":57463,"date":"2025-05-02T12:44:07","date_gmt":"2025-05-02T10:44:07","guid":{"rendered":"https:\/\/newsvirali.it\/?p=57463"},"modified":"2025-05-02T12:44:08","modified_gmt":"2025-05-02T10:44:08","slug":"bambini-isolati-lockdown-oviedo","status":"publish","type":"post","link":"https:\/\/newsvirali.it\/fr\/2025\/05\/02\/enfants-isoles-en-confinement-a-oviedo\/","title":{"rendered":"Prisonniers du Covid, trois enfants confin\u00e9s depuis 4 ans dans la maison de l&#039;horreur : les parents arr\u00eat\u00e9s"},"content":{"rendered":"<p>Le silence qui enveloppait la villa de <strong>Oviedo, Asturies<\/strong>, \u00e9tait devenu suspect : pas de rires, pas de pas vers l&#039;\u00e9cole, seulement des livraisons de nourriture d\u00e9pos\u00e9es devant le portail. Quand le <strong>Police nationale<\/strong> est entr\u00e9 par effraction en dernier <strong>28 avril<\/strong>, ont d\u00e9couvert trois enfants qui n&#039;avaient pas mis les pieds dehors depuis 2021. \u00ab D\u00e8s que nous les avons emmen\u00e9s dehors, ils ont respir\u00e9 profond\u00e9ment, comme s&#039;ils n&#039;avaient jamais respir\u00e9 d&#039;air frais auparavant \u00bb, a d\u00e9clar\u00e9 un enqu\u00eateur. <em>Le Commerce<\/em>.<\/p>\n\n\n\n<p><strong>LIRE LES AUTRES NOUVELLES DU MONDE<\/strong><\/p>\n\n\n<ul class=\"wp-block-latest-posts__list wp-block-latest-posts\"><li><a class=\"wp-block-latest-posts__post-title\" href=\"https:\/\/newsvirali.it\/fr\/2026\/02\/12\/emma-amit-crabe-du-diable-mort\/\">La vlogueuse Emma Amit d\u00e9c\u00e8de apr\u00e8s avoir consomm\u00e9 du crabe du diable toxique<\/a><\/li>\n<li><a class=\"wp-block-latest-posts__post-title\" href=\"https:\/\/newsvirali.it\/fr\/2026\/02\/05\/suicide-des-trois-soeurs-en-inde\/\">Des parents confisquent les t\u00e9l\u00e9phones portables de trois s\u0153urs qui jouent excessivement aux jeux vid\u00e9o\u00a0: trois s\u0153urs se suicident<\/a><\/li>\n<li><a class=\"wp-block-latest-posts__post-title\" href=\"https:\/\/newsvirali.it\/fr\/2026\/01\/30\/arrestation-dans-un-complexe-hotelier-de-floride-pour-actes-obscenes\/\">Un h\u00f4tel de Floride fait sensation : un homme arr\u00eat\u00e9 pour exhibitionnisme avec un aspirateur<\/a><\/li>\n<li><a class=\"wp-block-latest-posts__post-title\" href=\"https:\/\/newsvirali.it\/fr\/2026\/01\/28\/un-pere-ivre-pend-son-fils-dans-une-video-choquante\/\">Un p\u00e8re ivre pend son fils par la fen\u00eatre : vid\u00e9o choquante<\/a><\/li>\n<li><a class=\"wp-block-latest-posts__post-title\" href=\"https:\/\/newsvirali.it\/fr\/2026\/01\/27\/une-enseignante-enceinte-et-un-eleve-de-13-ans\/\">Une enseignante admet \u00eatre tomb\u00e9e enceinte d&#039;un \u00e9l\u00e8ve de 13 ans<\/a><\/li>\n<\/ul>\n\n\n<h3 class=\"wp-block-heading\" id=\"h-genitori-prigionieri-della-paura\">Les parents prisonniers de la peur<\/h3>\n\n\n\n<p>Selon les enqu\u00eateurs, le p\u00e8re allemand de 53 ans et la m\u00e8re am\u00e9ricaine de 48 ans, titulaires d&#039;un passeport allemand, avaient d\u00e9velopp\u00e9 un \u00ab syndrome Covid permanent \u00bb, craignant tout contact ext\u00e9rieur m\u00eame apr\u00e8s la fin des restrictions en Espagne en mars 2022. Les enfants - une fille de 10 ans et des jumeaux de 8 ans - vivaient dans <strong>couches<\/strong> et avec <strong>trois masques superpos\u00e9s<\/strong>, dormaient encore dans des lits de camp et n&#039;avaient jamais fr\u00e9quent\u00e9 l&#039;\u00e9cole locale. La maison \u00e9tait remplie d&#039;ordures, de m\u00e9dicaments p\u00e9rim\u00e9s et m\u00eame d&#039;un chat gravement malade, rapporte-t-il. <em><a href=\"https:\/\/www.theolivepress.es\/spain-news\/2025\/05\/01\/three-children-rescued-from-house-of-horrors-in-spain-expat-parents-kept-them-locked-up-and-surrounded-by-piles-of-garbage-since-the-pandemic\/\">Le Pressoir \u00e0 Olives<\/a><\/em>.<\/p>\n\n\n\n<h3 class=\"wp-block-heading\" id=\"h-la-segnalazione-dei-vicini\">Le rapport des voisins<\/h3>\n\n\n\n<p>L&#039;alerte a \u00e9t\u00e9 donn\u00e9e par un voisin qui n&#039;avait pas vu les enfants depuis des mois. Mi-avril, il pr\u00e9vient les services sociaux : de l\u00e0 part l&#039;enqu\u00eate \u00e9clair qui conduit au blitz. \u00ab C&#039;\u00e9tait un <em>maison des horreurs<\/em>&quot;, a d\u00e9clar\u00e9 le commissaire Francisco Javier Lozano \u00e0 la presse locale.<\/p>\n\n\n\n<h3 class=\"wp-block-heading\" id=\"h-le-accuse\">Les accusations<\/h3>\n\n\n\n<p>Les parents sont maintenant dans <strong>d\u00e9tention provisoire sans caution<\/strong> accus\u00e9 de violences conjugales, de violences psychologiques habituelles et d&#039;abandon d&#039;enfant. Selon les documents de police cit\u00e9s par <em><a href=\"https:\/\/people.com\/3-children-rescued-from-house-of-horrors-locked-inside-since-covid-19-pandemic-11725566\">Personnes<\/a><\/em>, le couple avait interdit \u00e0 leurs enfants d&#039;ouvrir les fen\u00eatres \u00ab car le virus est partout \u00bb. Les m\u00e9decins excluent toutefois une malnutrition grave : \u00ab Les dommages sont principalement psychologiques \u00bb, pr\u00e9cise le rapport clinique pr\u00e9liminaire.<\/p>\n\n\n\n<h3 class=\"wp-block-heading\" id=\"h-il-futuro-dei-bambini\">L&#039;avenir des enfants<\/h3>\n\n\n\n<p>Apr\u00e8s un premier contr\u00f4le \u00e0 l&#039;h\u00f4pital universitaire d&#039;Oviedo, les mineurs ont \u00e9t\u00e9 confi\u00e9s \u00e0 un centre de tutelle r\u00e9gional. Un sp\u00e9cialiste des traumatismes de l&#039;enfance suivra leur r\u00e9insertion : \u00ab Il faut qu&#039;ils red\u00e9couvrent le monde pas \u00e0 pas \u00bb, expliquent les services sociaux.<\/p>\n\n\n\n<h3 class=\"wp-block-heading\" id=\"h-perche-i-genitori-temevano-ancora-il-covid-nel-2025\">Pourquoi les parents avaient-ils encore peur du Covid en 2025 ?<\/h3>\n\n\n\n<p>La peur pathologique de la contagion, connue sous le nom de <strong>anxi\u00e9t\u00e9 due \u00e0 une maladie prolong\u00e9e<\/strong>, peut persister des ann\u00e9es apr\u00e8s la fin des restrictions. Les recherches de l&#039;APA indiquent qu&#039;un parent sur quatre continue d&#039;\u00e9viter les contacts sociaux par peur des \u00ab variantes invisibles \u00bb, surtout s&#039;il a v\u00e9cu un deuil ou souffre de troubles obsessionnels compulsifs. <a href=\"https:\/\/www.apa.org\/monitor\/2023\/01\/trends-improving-youth-mental-health?utm_source=chatgpt.com\" target=\"_blank\" rel=\"noreferrer noopener\">APA<\/a>. La surexposition aux nouvelles alarmistes en ligne et la croyance d\u2019\u00eatre \u00ab novid \u00bb (jamais infect\u00e9) alimentent des strat\u00e9gies extr\u00eames d\u2019isolement \u00e0 domicile.<\/p>\n\n\n\n<h3 class=\"wp-block-heading\" id=\"h-quali-danni-psicologici-subiscono-i-bambini-cresciuti-in-isolamento-estremo\">Quels dommages psychologiques subissent les enfants qui grandissent dans un isolement extr\u00eame ?<\/h3>\n\n\n\n<p>L&#039;absence prolong\u00e9e de l&#039;\u00e9cole, des jeux et du soleil peut ralentir le d\u00e9veloppement cognitif des <strong>jusqu&#039;\u00e0 deux ans<\/strong> par rapport \u00e0 leurs pairs. L&#039;UNICEF met en garde contre une augmentation de l&#039;anxi\u00e9t\u00e9, de la d\u00e9pression et des r\u00e9gressions comportementales chez les enfants qui ont pass\u00e9 la pand\u00e9mie dans des environnements hyper-prot\u00e9g\u00e9s <a href=\"https:\/\/www.unicef.org\/india\/press-releases\/unicef-report-spotlights-mental-health-impact-covid-19-children-and-young-people?utm_source=chatgpt.com\" target=\"_blank\" rel=\"noreferrer noopener\">UNICEF<\/a>. Le manque de stimuli moteurs et sociaux peut g\u00e9n\u00e9rer une hypotonie, une phobie sociale et une dysr\u00e9gulation \u00e9motionnelle.<\/p>\n\n\n\n<h3 class=\"wp-block-heading\" id=\"h-altri-casi-recenti-di-house-of-horrors-post-covid\">Autres cas r\u00e9cents de \u00ab maison des horreurs \u00bb post-Covid<\/h3>\n\n\n\n<ul class=\"wp-block-list\">\n<li><strong>Griffin (G\u00e9orgie, \u00c9tats-Unis \u2013 2023)<\/strong>\u2013 Un couple arr\u00eat\u00e9 pour avoir enferm\u00e9 son fils adoptif de 10 ans dans une pi\u00e8ce sombre pendant des mois ; l&#039;enfant a \u00e9t\u00e9 retrouv\u00e9 errant et mal nourri dans le quartier <a href=\"https:\/\/www.fox5atlanta.com\/news\/tyler-krista-schindley-guilty-plea-starvation-case-spalding-county-georgia?utm_source=chatgpt.com\" target=\"_blank\" rel=\"noreferrer noopener\">FOX 5 Atlanta<\/a>.<\/li>\n\n\n\n<li><strong>Comt\u00e9 de Carroll (G\u00e9orgie, \u00c9tats-Unis \u2013 2024)<\/strong>\u2013 Des parents accus\u00e9s d\u2019enfermer r\u00e9guli\u00e8rement quatre enfants dans des pi\u00e8ces ferm\u00e9es \u00ab pour les prot\u00e9ger des infections ext\u00e9rieures \u00bb <a href=\"https:\/\/www.fox5atlanta.com\/news\/parents-charged-child-cruelty-accused-imprisonment-teenagers?utm_source=chatgpt.com\" target=\"_blank\" rel=\"noreferrer noopener\">FOX 5 Atlanta<\/a>.<\/li>\n<\/ul>\n\n\n\n<p>Ces \u00e9pisodes confirment que l\u2019isolement \u00e0 domicile peut se transformer en maltraitance lorsque la peur pour la sant\u00e9 devient une obsession.<\/p>\n<br \/>Suivez-nous \u00e9galement sur Google News : <b><a href=\"https:\/\/news.google.com\/publications\/CAAqBwgKMNqJiwswjMfqAg?hl=it&gl=IT&ceid=IT:it\" target=\"_blank\">Cliquez ici<\/a><\/b>","protected":false},"excerpt":{"rendered":"<p>Le silence qui enveloppait la villa d\u2019Oviedo, dans les Asturies, \u00e9tait devenu suspect : pas de rire, pas de pas vers l\u2019\u00e9cole, [\u2026]<\/p>","protected":false},"author":4,"featured_media":57464,"comment_status":"closed","ping_status":"open","sticky":false,"template":"","format":"standard","meta":{"MSN_Categories":"Uncategorized","MSN_Publish_Option":false,"MSN_Is_Local_News":false,"MSN_Is_AIAC_Included":"Empty","MSN_Location":"[]","MSN_Add_Feature_Img_On_Top_Of_Post":false,"MSN_Has_Custom_Author":false,"MSN_Custom_Author":"","MSN_Has_Custom_Canonical_Url":false,"MSN_Custom_Canonical_Url":"","footnotes":""},"categories":[9],"tags":[],"class_list":["post-57463","post","type-post","status-publish","format-standard","has-post-thumbnail","hentry","category-mondo"],"acf":[],"yoast_head":"<!-- This site is optimized with the Yoast SEO Premium plugin v26.7 (Yoast SEO v26.7) - https:\/\/yoast.com\/wordpress\/plugins\/seo\/ -->\n<title>Prigionieri del Covid: bimbi salvati da casa\u2011horror di Oviedo<\/title>\n<meta name=\"description\" content=\"Tre bambini di 8 e 10\u202fanni liberati dopo 4\u202fanni di lockdown forzato dai genitori a Oviedo. Arrestata la coppia: svelata la casa\u2011degli\u2011orrori.\" \/>\n<meta name=\"robots\" content=\"index, follow, max-snippet:-1, max-image-preview:large, max-video-preview:-1\" \/>\n<link rel=\"canonical\" href=\"https:\/\/newsvirali.it\/fr\/2025\/05\/02\/enfants-isoles-en-confinement-a-oviedo\/\" \/>\n<meta property=\"og:locale\" content=\"fr_FR\" \/>\n<meta property=\"og:type\" content=\"article\" \/>\n<meta property=\"og:title\" content=\"Prigionieri del Covid, tre bimbi per 4 anni in lockdown nella casa horror: genitori arrestati\" \/>\n<meta property=\"og:description\" content=\"Tre bambini di 8 e 10\u202fanni liberati dopo 4\u202fanni di lockdown forzato dai genitori a Oviedo. Arrestata la coppia: svelata la casa\u2011degli\u2011orrori.\" \/>\n<meta property=\"og:url\" content=\"https:\/\/newsvirali.it\/fr\/2025\/05\/02\/enfants-isoles-en-confinement-a-oviedo\/\" \/>\n<meta property=\"og:site_name\" content=\"News virali\" \/>\n<meta property=\"article:published_time\" content=\"2025-05-02T10:44:07+00:00\" \/>\n<meta property=\"article:modified_time\" content=\"2025-05-02T10:44:08+00:00\" \/>\n<meta property=\"og:image\" content=\"https:\/\/newsvirali.it\/wp-content\/uploads\/2025\/05\/Prigionieri-del-Covid-tre-bimbi-per-4-anni-in-lockdown-nella-casa-horror-genitori-arrestati.jpg\" \/>\n\t<meta property=\"og:image:width\" content=\"1000\" \/>\n\t<meta property=\"og:image:height\" content=\"615\" \/>\n\t<meta property=\"og:image:type\" content=\"image\/jpeg\" \/>\n<meta name=\"author\" content=\"Cecco Prestina\" \/>\n<meta name=\"twitter:card\" content=\"summary_large_image\" \/>\n<meta name=\"twitter:label1\" content=\"\u00c9crit par\" \/>\n\t<meta name=\"twitter:data1\" content=\"Cecco Prestina\" \/>\n\t<meta name=\"twitter:label2\" content=\"Dur\u00e9e de lecture estim\u00e9e\" \/>\n\t<meta name=\"twitter:data2\" content=\"3 minutes\" \/>\n<script type=\"application\/ld+json\" class=\"yoast-schema-graph\">{\"@context\":\"https:\/\/schema.org\",\"@graph\":[{\"@type\":\"NewsArticle\",\"@id\":\"https:\/\/newsvirali.it\/2025\/05\/02\/bambini-isolati-lockdown-oviedo\/#article\",\"isPartOf\":{\"@id\":\"https:\/\/newsvirali.it\/2025\/05\/02\/bambini-isolati-lockdown-oviedo\/\"},\"author\":{\"name\":\"Cecco Prestina\",\"@id\":\"https:\/\/newsvirali.it\/fr\/#\/schema\/person\/4c835f7b49c9adb58b33901ee816565d\"},\"headline\":\"Prigionieri del Covid, tre bimbi per 4 anni in lockdown nella casa horror: genitori arrestati\",\"datePublished\":\"2025-05-02T10:44:07+00:00\",\"dateModified\":\"2025-05-02T10:44:08+00:00\",\"mainEntityOfPage\":{\"@id\":\"https:\/\/newsvirali.it\/2025\/05\/02\/bambini-isolati-lockdown-oviedo\/\"},\"wordCount\":558,\"image\":{\"@id\":\"https:\/\/newsvirali.it\/2025\/05\/02\/bambini-isolati-lockdown-oviedo\/#primaryimage\"},\"thumbnailUrl\":\"https:\/\/newsvirali.it\/wp-content\/uploads\/2025\/05\/Prigionieri-del-Covid-tre-bimbi-per-4-anni-in-lockdown-nella-casa-horror-genitori-arrestati.jpg\",\"articleSection\":[\"Mondo\"],\"inLanguage\":\"fr-FR\",\"copyrightYear\":\"2025\",\"copyrightHolder\":{\"@id\":\"https:\/\/newsvirali.it\/fr\/#organization\"}},{\"@type\":\"WebPage\",\"@id\":\"https:\/\/newsvirali.it\/2025\/05\/02\/bambini-isolati-lockdown-oviedo\/\",\"url\":\"https:\/\/newsvirali.it\/2025\/05\/02\/bambini-isolati-lockdown-oviedo\/\",\"name\":\"Prigionieri del Covid: bimbi salvati da casa\u2011horror di Oviedo\",\"isPartOf\":{\"@id\":\"https:\/\/newsvirali.it\/fr\/#website\"},\"primaryImageOfPage\":{\"@id\":\"https:\/\/newsvirali.it\/2025\/05\/02\/bambini-isolati-lockdown-oviedo\/#primaryimage\"},\"image\":{\"@id\":\"https:\/\/newsvirali.it\/2025\/05\/02\/bambini-isolati-lockdown-oviedo\/#primaryimage\"},\"thumbnailUrl\":\"https:\/\/newsvirali.it\/wp-content\/uploads\/2025\/05\/Prigionieri-del-Covid-tre-bimbi-per-4-anni-in-lockdown-nella-casa-horror-genitori-arrestati.jpg\",\"datePublished\":\"2025-05-02T10:44:07+00:00\",\"dateModified\":\"2025-05-02T10:44:08+00:00\",\"author\":{\"@id\":\"https:\/\/newsvirali.it\/fr\/#\/schema\/person\/4c835f7b49c9adb58b33901ee816565d\"},\"description\":\"Tre bambini di 8 e 10\u202fanni liberati dopo 4\u202fanni di lockdown forzato dai genitori a Oviedo. Arrestata la coppia: svelata la casa\u2011degli\u2011orrori.\",\"breadcrumb\":{\"@id\":\"https:\/\/newsvirali.it\/2025\/05\/02\/bambini-isolati-lockdown-oviedo\/#breadcrumb\"},\"inLanguage\":\"fr-FR\",\"potentialAction\":[{\"@type\":\"ReadAction\",\"target\":[\"https:\/\/newsvirali.it\/2025\/05\/02\/bambini-isolati-lockdown-oviedo\/\"]}]},{\"@type\":\"ImageObject\",\"inLanguage\":\"fr-FR\",\"@id\":\"https:\/\/newsvirali.it\/2025\/05\/02\/bambini-isolati-lockdown-oviedo\/#primaryimage\",\"url\":\"https:\/\/newsvirali.it\/wp-content\/uploads\/2025\/05\/Prigionieri-del-Covid-tre-bimbi-per-4-anni-in-lockdown-nella-casa-horror-genitori-arrestati.jpg\",\"contentUrl\":\"https:\/\/newsvirali.it\/wp-content\/uploads\/2025\/05\/Prigionieri-del-Covid-tre-bimbi-per-4-anni-in-lockdown-nella-casa-horror-genitori-arrestati.jpg\",\"width\":1000,\"height\":615},{\"@type\":\"BreadcrumbList\",\"@id\":\"https:\/\/newsvirali.it\/2025\/05\/02\/bambini-isolati-lockdown-oviedo\/#breadcrumb\",\"itemListElement\":[{\"@type\":\"ListItem\",\"position\":1,\"name\":\"Home\",\"item\":\"https:\/\/newsvirali.it\/fr\/\"},{\"@type\":\"ListItem\",\"position\":2,\"name\":\"Prigionieri del Covid, tre bimbi per 4 anni in lockdown nella casa horror: genitori arrestati\"}]},{\"@type\":\"WebSite\",\"@id\":\"https:\/\/newsvirali.it\/fr\/#website\",\"url\":\"https:\/\/newsvirali.it\/fr\/\",\"name\":\"Bake News\",\"description\":\"\",\"potentialAction\":[{\"@type\":\"SearchAction\",\"target\":{\"@type\":\"EntryPoint\",\"urlTemplate\":\"https:\/\/newsvirali.it\/fr\/?s={search_term_string}\"},\"query-input\":{\"@type\":\"PropertyValueSpecification\",\"valueRequired\":true,\"valueName\":\"search_term_string\"}}],\"inLanguage\":\"fr-FR\"},{\"@type\":\"Person\",\"@id\":\"https:\/\/newsvirali.it\/fr\/#\/schema\/person\/4c835f7b49c9adb58b33901ee816565d\",\"name\":\"Cecco Prestina\",\"description\":\"Perch\u00e9 nasconderlo? Cecco Prestina \u00e8 un alias, ma dietro di lui non si cela un algoritmo di intelligenza artificiale. C'\u00e8 un giornalista che ha oltre vent'anni di esperienza tutta sul web. Da quando il primo modem ha iniziato a gracchiare sul territorio italiano con Video on Line, Cecco ha capito che da quel doppino sarebbe passato il futuro. Ha dedidicato tutta la sua carriera a capire Internet e poi i social e ora l'Ai. Una carriera in costante aggiornamento. E questa esperienza la mette in campo ogni giorno. Per\u00f2 ogni tanto Cecco ha voglia anche di non scrivere \\\"pipponi\\\" sulla politica, sull'economia. Ha voglia anche di scrivere qualcosa di divertente. Le notizie che trovate su Bake News sono le stesse che Cecco porta all'aperitivo con gli amici. Quelle di cui discutere per farsi due risate. Notizie, vere (qualche volta si fa fatica a crederlo), strane, divertenti, ma anche serie. Bake News \u00e8 nato per questo, dare al pubblico notizie croccanti e calde come il pane che esce dal forno. E Cecco Prestina \u00e8 nato con Bake News.\",\"url\":\"https:\/\/newsvirali.it\/fr\/autore\/cecco-prestina\/\"}]}<\/script>\n<!-- \/ Yoast SEO Premium plugin. -->","yoast_head_json":{"title":"Prigionieri del Covid: bimbi salvati da casa\u2011horror di Oviedo","description":"Tre bambini di 8 e 10\u202fanni liberati dopo 4\u202fanni di lockdown forzato dai genitori a Oviedo. Arrestata la coppia: svelata la casa\u2011degli\u2011orrori.","robots":{"index":"index","follow":"follow","max-snippet":"max-snippet:-1","max-image-preview":"max-image-preview:large","max-video-preview":"max-video-preview:-1"},"canonical":"https:\/\/newsvirali.it\/fr\/2025\/05\/02\/enfants-isoles-en-confinement-a-oviedo\/","og_locale":"fr_FR","og_type":"article","og_title":"Prigionieri del Covid, tre bimbi per 4 anni in lockdown nella casa horror: genitori arrestati","og_description":"Tre bambini di 8 e 10\u202fanni liberati dopo 4\u202fanni di lockdown forzato dai genitori a Oviedo. Arrestata la coppia: svelata la casa\u2011degli\u2011orrori.","og_url":"https:\/\/newsvirali.it\/fr\/2025\/05\/02\/enfants-isoles-en-confinement-a-oviedo\/","og_site_name":"News virali","article_published_time":"2025-05-02T10:44:07+00:00","article_modified_time":"2025-05-02T10:44:08+00:00","og_image":[{"width":1000,"height":615,"url":"https:\/\/newsvirali.it\/wp-content\/uploads\/2025\/05\/Prigionieri-del-Covid-tre-bimbi-per-4-anni-in-lockdown-nella-casa-horror-genitori-arrestati.jpg","type":"image\/jpeg"}],"author":"Cecco Prestina","twitter_card":"summary_large_image","twitter_misc":{"\u00c9crit par":"Cecco Prestina","Dur\u00e9e de lecture estim\u00e9e":"3 minutes"},"schema":{"@context":"https:\/\/schema.org","@graph":[{"@type":"NewsArticle","@id":"https:\/\/newsvirali.it\/2025\/05\/02\/bambini-isolati-lockdown-oviedo\/#article","isPartOf":{"@id":"https:\/\/newsvirali.it\/2025\/05\/02\/bambini-isolati-lockdown-oviedo\/"},"author":{"name":"Cecco Prestina","@id":"https:\/\/newsvirali.it\/fr\/#\/schema\/person\/4c835f7b49c9adb58b33901ee816565d"},"headline":"Prigionieri del Covid, tre bimbi per 4 anni in lockdown nella casa horror: genitori arrestati","datePublished":"2025-05-02T10:44:07+00:00","dateModified":"2025-05-02T10:44:08+00:00","mainEntityOfPage":{"@id":"https:\/\/newsvirali.it\/2025\/05\/02\/bambini-isolati-lockdown-oviedo\/"},"wordCount":558,"image":{"@id":"https:\/\/newsvirali.it\/2025\/05\/02\/bambini-isolati-lockdown-oviedo\/#primaryimage"},"thumbnailUrl":"https:\/\/newsvirali.it\/wp-content\/uploads\/2025\/05\/Prigionieri-del-Covid-tre-bimbi-per-4-anni-in-lockdown-nella-casa-horror-genitori-arrestati.jpg","articleSection":["Mondo"],"inLanguage":"fr-FR","copyrightYear":"2025","copyrightHolder":{"@id":"https:\/\/newsvirali.it\/fr\/#organization"}},{"@type":"WebPage","@id":"https:\/\/newsvirali.it\/2025\/05\/02\/bambini-isolati-lockdown-oviedo\/","url":"https:\/\/newsvirali.it\/2025\/05\/02\/bambini-isolati-lockdown-oviedo\/","name":"Prigionieri del Covid: bimbi salvati da casa\u2011horror di Oviedo","isPartOf":{"@id":"https:\/\/newsvirali.it\/fr\/#website"},"primaryImageOfPage":{"@id":"https:\/\/newsvirali.it\/2025\/05\/02\/bambini-isolati-lockdown-oviedo\/#primaryimage"},"image":{"@id":"https:\/\/newsvirali.it\/2025\/05\/02\/bambini-isolati-lockdown-oviedo\/#primaryimage"},"thumbnailUrl":"https:\/\/newsvirali.it\/wp-content\/uploads\/2025\/05\/Prigionieri-del-Covid-tre-bimbi-per-4-anni-in-lockdown-nella-casa-horror-genitori-arrestati.jpg","datePublished":"2025-05-02T10:44:07+00:00","dateModified":"2025-05-02T10:44:08+00:00","author":{"@id":"https:\/\/newsvirali.it\/fr\/#\/schema\/person\/4c835f7b49c9adb58b33901ee816565d"},"description":"Tre bambini di 8 e 10\u202fanni liberati dopo 4\u202fanni di lockdown forzato dai genitori a Oviedo. Arrestata la coppia: svelata la casa\u2011degli\u2011orrori.","breadcrumb":{"@id":"https:\/\/newsvirali.it\/2025\/05\/02\/bambini-isolati-lockdown-oviedo\/#breadcrumb"},"inLanguage":"fr-FR","potentialAction":[{"@type":"ReadAction","target":["https:\/\/newsvirali.it\/2025\/05\/02\/bambini-isolati-lockdown-oviedo\/"]}]},{"@type":"ImageObject","inLanguage":"fr-FR","@id":"https:\/\/newsvirali.it\/2025\/05\/02\/bambini-isolati-lockdown-oviedo\/#primaryimage","url":"https:\/\/newsvirali.it\/wp-content\/uploads\/2025\/05\/Prigionieri-del-Covid-tre-bimbi-per-4-anni-in-lockdown-nella-casa-horror-genitori-arrestati.jpg","contentUrl":"https:\/\/newsvirali.it\/wp-content\/uploads\/2025\/05\/Prigionieri-del-Covid-tre-bimbi-per-4-anni-in-lockdown-nella-casa-horror-genitori-arrestati.jpg","width":1000,"height":615},{"@type":"BreadcrumbList","@id":"https:\/\/newsvirali.it\/2025\/05\/02\/bambini-isolati-lockdown-oviedo\/#breadcrumb","itemListElement":[{"@type":"ListItem","position":1,"name":"Home","item":"https:\/\/newsvirali.it\/fr\/"},{"@type":"ListItem","position":2,"name":"Prigionieri del Covid, tre bimbi per 4 anni in lockdown nella casa horror: genitori arrestati"}]},{"@type":"WebSite","@id":"https:\/\/newsvirali.it\/fr\/#website","url":"https:\/\/newsvirali.it\/fr\/","name":"Bake News","description":"","potentialAction":[{"@type":"SearchAction","target":{"@type":"EntryPoint","urlTemplate":"https:\/\/newsvirali.it\/fr\/?s={search_term_string}"},"query-input":{"@type":"PropertyValueSpecification","valueRequired":true,"valueName":"search_term_string"}}],"inLanguage":"fr-FR"},{"@type":"Person","@id":"https:\/\/newsvirali.it\/fr\/#\/schema\/person\/4c835f7b49c9adb58b33901ee816565d","name":"Cecco Prestina","description":"Perch\u00e9 nasconderlo? Cecco Prestina \u00e8 un alias, ma dietro di lui non si cela un algoritmo di intelligenza artificiale. C'\u00e8 un giornalista che ha oltre vent'anni di esperienza tutta sul web. Da quando il primo modem ha iniziato a gracchiare sul territorio italiano con Video on Line, Cecco ha capito che da quel doppino sarebbe passato il futuro. Ha dedidicato tutta la sua carriera a capire Internet e poi i social e ora l'Ai. Una carriera in costante aggiornamento. E questa esperienza la mette in campo ogni giorno. Per\u00f2 ogni tanto Cecco ha voglia anche di non scrivere \"pipponi\" sulla politica, sull'economia. Ha voglia anche di scrivere qualcosa di divertente. Le notizie che trovate su Bake News sono le stesse che Cecco porta all'aperitivo con gli amici. Quelle di cui discutere per farsi due risate. Notizie, vere (qualche volta si fa fatica a crederlo), strane, divertenti, ma anche serie. Bake News \u00e8 nato per questo, dare al pubblico notizie croccanti e calde come il pane che esce dal forno. E Cecco Prestina \u00e8 nato con Bake News.","url":"https:\/\/newsvirali.it\/fr\/autore\/cecco-prestina\/"}]}},"_links":{"self":[{"href":"https:\/\/newsvirali.it\/fr\/wp-json\/wp\/v2\/posts\/57463","targetHints":{"allow":["GET"]}}],"collection":[{"href":"https:\/\/newsvirali.it\/fr\/wp-json\/wp\/v2\/posts"}],"about":[{"href":"https:\/\/newsvirali.it\/fr\/wp-json\/wp\/v2\/types\/post"}],"author":[{"embeddable":true,"href":"https:\/\/newsvirali.it\/fr\/wp-json\/wp\/v2\/users\/4"}],"replies":[{"embeddable":true,"href":"https:\/\/newsvirali.it\/fr\/wp-json\/wp\/v2\/comments?post=57463"}],"version-history":[{"count":1,"href":"https:\/\/newsvirali.it\/fr\/wp-json\/wp\/v2\/posts\/57463\/revisions"}],"predecessor-version":[{"id":57465,"href":"https:\/\/newsvirali.it\/fr\/wp-json\/wp\/v2\/posts\/57463\/revisions\/57465"}],"wp:featuredmedia":[{"embeddable":true,"href":"https:\/\/newsvirali.it\/fr\/wp-json\/wp\/v2\/media\/57464"}],"wp:attachment":[{"href":"https:\/\/newsvirali.it\/fr\/wp-json\/wp\/v2\/media?parent=57463"}],"wp:term":[{"taxonomy":"category","embeddable":true,"href":"https:\/\/newsvirali.it\/fr\/wp-json\/wp\/v2\/categories?post=57463"},{"taxonomy":"post_tag","embeddable":true,"href":"https:\/\/newsvirali.it\/fr\/wp-json\/wp\/v2\/tags?post=57463"}],"curies":[{"name":"wp","href":"https:\/\/api.w.org\/{rel}","templated":true}]}}