{"id":57391,"date":"2025-04-28T16:57:59","date_gmt":"2025-04-28T14:57:59","guid":{"rendered":"https:\/\/newsvirali.it\/?p=57391"},"modified":"2025-04-28T16:58:00","modified_gmt":"2025-04-28T14:58:00","slug":"si-perde-monte-fuji-salvato-due-volte-cellulare","status":"publish","type":"post","link":"https:\/\/newsvirali.it\/fr\/2025\/04\/28\/le-mont-fuji-est-perdu-sauve-deux-fois-telephone-portable\/","title":{"rendered":"Il se perd sur le Mont Fuji, est secouru\u2026 et se perd \u00e0 nouveau \u00e0 cause de son t\u00e9l\u00e9phone portable !"},"content":{"rendered":"<p>Un \u00e9tudiant chinois de 27 ans vivant au Japon a r\u00e9alis\u00e9 un double sauvetage sur le mont Fuji en moins d&#039;une semaine.<br>Le jeune homme a \u00e9t\u00e9 initialement secouru le 22 avril apr\u00e8s avoir rencontr\u00e9 des difficult\u00e9s lors d&#039;une randonn\u00e9e hors saison. Quatre jours plus tard, incroyablement, il est retourn\u00e9 \u00e0 la montagne pour r\u00e9cup\u00e9rer son t\u00e9l\u00e9phone portable laiss\u00e9 sur place lors du premier sauvetage\u2026 se retrouvant \u00e0 nouveau en difficult\u00e9 et n\u00e9cessitant une autre intervention d&#039;urgence.<\/p>\n\n\n\n<p><strong>LIRE LES AUTRES NOUVELLES DU MONDE<\/strong><\/p>\n\n\n<ul class=\"wp-block-latest-posts__list wp-block-latest-posts\"><li><a class=\"wp-block-latest-posts__post-title\" href=\"https:\/\/newsvirali.it\/fr\/2026\/02\/12\/emma-amit-crabe-du-diable-mort\/\">La vlogueuse Emma Amit d\u00e9c\u00e8de apr\u00e8s avoir consomm\u00e9 du crabe du diable toxique<\/a><\/li>\n<li><a class=\"wp-block-latest-posts__post-title\" href=\"https:\/\/newsvirali.it\/fr\/2026\/02\/05\/suicide-des-trois-soeurs-en-inde\/\">Des parents confisquent les t\u00e9l\u00e9phones portables de trois s\u0153urs qui jouent excessivement aux jeux vid\u00e9o\u00a0: trois s\u0153urs se suicident<\/a><\/li>\n<li><a class=\"wp-block-latest-posts__post-title\" href=\"https:\/\/newsvirali.it\/fr\/2026\/01\/30\/arrestation-dans-un-complexe-hotelier-de-floride-pour-actes-obscenes\/\">Un h\u00f4tel de Floride fait sensation : un homme arr\u00eat\u00e9 pour exhibitionnisme avec un aspirateur<\/a><\/li>\n<li><a class=\"wp-block-latest-posts__post-title\" href=\"https:\/\/newsvirali.it\/fr\/2026\/01\/28\/un-pere-ivre-pend-son-fils-dans-une-video-choquante\/\">Un p\u00e8re ivre pend son fils par la fen\u00eatre : vid\u00e9o choquante<\/a><\/li>\n<li><a class=\"wp-block-latest-posts__post-title\" href=\"https:\/\/newsvirali.it\/fr\/2026\/01\/27\/une-enseignante-enceinte-et-un-eleve-de-13-ans\/\">Une enseignante admet \u00eatre tomb\u00e9e enceinte d&#039;un \u00e9l\u00e8ve de 13 ans<\/a><\/li>\n<\/ul>\n\n\n<h2 class=\"wp-block-heading\" id=\"h-primo-salvataggio-il-ghiaccio-tradisce-l-escursionista-improvvisato\">Premier sauvetage\u00a0: la glace trahit un randonneur non pr\u00e9par\u00e9<\/h2>\n\n\n\n<p>Lors de la premi\u00e8re ascension, l&#039;\u00e9tudiant a perdu ses crampons, outils essentiels pour naviguer dans les conditions glac\u00e9es du mont Fuji. Bloqu\u00e9 \u00e0 environ 3 000 m\u00e8tres d&#039;altitude du c\u00f4t\u00e9 de la pr\u00e9fecture de Shizuoka, il a \u00e9t\u00e9 \u00e9vacu\u00e9 par h\u00e9licopt\u00e8re gr\u00e2ce \u00e0 l&#039;intervention des \u00e9quipes de secours.<\/p>\n\n\n\n<h2 class=\"wp-block-heading\" id=\"h-il-ritorno-eroico-per-il-telefono-secondo-salvataggio-inevitabile\">Le retour \u00ab h\u00e9ro\u00efque \u00bb du t\u00e9l\u00e9phone : un deuxi\u00e8me sauvetage in\u00e9vitable<\/h2>\n\n\n\n<p>Le 26 avril, arm\u00e9 de courage (et peut-\u00eatre d&#039;imprudence), le jeune homme de 27 ans est retourn\u00e9 au mont Fuji pour r\u00e9cup\u00e9rer son t\u00e9l\u00e9phone portable et d&#039;autres effets personnels laiss\u00e9s sur la montagne.<br>Mais l&#039;aventure se termina mal : il fut retrouv\u00e9 par un autre randonneur \u00e0 la huiti\u00e8me station du sentier Fujinomiya, souffrant de sympt\u00f4mes du mal des montagnes. Une fois de plus, il a \u00e9t\u00e9 transport\u00e9 d&#039;urgence sur une civi\u00e8re jusqu&#039;\u00e0 la cinqui\u00e8me station et admis \u00e0 l&#039;h\u00f4pital.<\/p>\n\n\n\n<h2 class=\"wp-block-heading\" id=\"h-la-rete-si-scatena-paghi-i-soccorsi\">Le r\u00e9seau s&#039;emballe : \u00ab Payez pour le sauvetage ! \u00bb<\/h2>\n\n\n\n<p>Sur les r\u00e9seaux sociaux japonais, l\u2019histoire a g\u00e9n\u00e9r\u00e9 une vague de controverse. De nombreux utilisateurs se sont demand\u00e9s comment il \u00e9tait possible de r\u00e9p\u00e9ter une telle erreur en si peu de temps et ont demand\u00e9 au gar\u00e7on de payer les frais de sauvetage de sa propre poche.<\/p>\n\n\n\n<h2 class=\"wp-block-heading\" id=\"h-monte-fuji-bellezza-mortale-fuori-stagione\">Mont Fuji : une beaut\u00e9 mortelle hors saison<\/h2>\n\n\n\n<p>Le mont Fuji, haut de 3 776 m\u00e8tres, est officiellement accessible aux randonneurs uniquement de d\u00e9but juillet \u00e0 d\u00e9but septembre. En dehors de cette cha\u00eene, la montagne se transforme en un pi\u00e8ge dangereux \u00e0 cause de la neige et de la glace.<br>Pour am\u00e9liorer la s\u00e9curit\u00e9 et r\u00e9duire la foule, un droit d&#039;entr\u00e9e de 4 000 yens (environ 28 euros) entrera en vigueur cet \u00e9t\u00e9.<\/p>\n\n\n\n<h2 class=\"wp-block-heading\" id=\"h-quanto-costa-essere-soccorsi-in-montagna-in-giappone\">Combien co\u00fbte le sauvetage en montagne au Japon ?<\/h2>\n\n\n\n<p>Au Japon, les co\u00fbts d\u2019une op\u00e9ration de sauvetage en montagne peuvent \u00eatre tr\u00e8s \u00e9lev\u00e9s, surtout si l\u2019intervention d\u2019h\u00e9licopt\u00e8res ou d\u2019\u00e9quipes sp\u00e9cialis\u00e9es est requise. Il n\u2019existe pas de syst\u00e8me de sauvetage gratuit comme dans d\u2019autres pays : les d\u00e9penses peuvent atteindre 5 000 \u00e0 10 000 euros selon la complexit\u00e9 de la mission. Certaines pr\u00e9fectures recommandent aux randonneurs de souscrire une assurance sp\u00e9cifique pour les activit\u00e9s de plein air.<\/p>\n\n\n\n<h2 class=\"wp-block-heading\" id=\"h-e-pericoloso-scalare-il-monte-fuji-fuori-stagione\">Est-il dangereux de gravir le mont Fuji hors saison ?<\/h2>\n\n\n\n<p>L&#039;ascension du Mont Fuji en dehors de la p\u00e9riode officielle (juillet-septembre) est extr\u00eamement dangereuse. Les conditions m\u00e9t\u00e9orologiques deviennent impr\u00e9visibles, avec de fortes chutes de neige, de la glace, des vents forts et des temp\u00e9ratures inf\u00e9rieures \u00e0 z\u00e9ro. Les refuges le long des sentiers sont ferm\u00e9s et les chemins sont souvent impraticables. Les autorit\u00e9s d\u00e9conseillent fortement la randonn\u00e9e hors saison, m\u00eame aux grimpeurs exp\u00e9riment\u00e9s.<\/p>\n\n\n\n<h2 class=\"wp-block-heading\" id=\"h-gli-errori-piu-comuni-degli-escursionisti-inesperti\">Les erreurs les plus courantes des randonneurs inexp\u00e9riment\u00e9s<\/h2>\n\n\n\n<p>Parmi les erreurs les plus courantes commises par les randonneurs d\u00e9butants, on trouve : sous-estimer la difficult\u00e9 de l&#039;itin\u00e9raire, ne pas v\u00e9rifier la m\u00e9t\u00e9o, partir sans \u00e9quipement ad\u00e9quat, surestimer sa condition physique et ne pas conna\u00eetre les sympt\u00f4mes du mal de l&#039;altitude. Des erreurs qui, comme dans le cas du jeune \u00e9tudiant sur le mont Fuji, peuvent transformer une randonn\u00e9e en urgence.<\/p>\n\n\n\n<h2 class=\"wp-block-heading\" id=\"h-quanti-incidenti-avvengono-ogni-anno-sul-monte-fuji\">Combien d&#039;accidents se produisent chaque ann\u00e9e sur le mont Fuji ?<\/h2>\n\n\n\n<p>Chaque ann\u00e9e, des dizaines d&#039;accidents sont enregistr\u00e9s sur le mont Fuji, notamment pendant la saison officielle. La plupart d\u2019entre eux concernent des randonneurs qui souffrent de maladies, tombent ou se perdent sur les sentiers. Le nombre de personnes qui tentent l&#039;ascension hors saison, o\u00f9 les conditions prohibitives rendent la moindre erreur potentiellement fatale, augmente consid\u00e9rablement.<\/p>\n\n\n\n<h2 class=\"wp-block-heading\" id=\"h-come-funziona-il-soccorso-alpino-in-giappone\">Comment fonctionne le sauvetage en montagne au Japon ?<\/h2>\n\n\n\n<p>Au Japon, le sauvetage en montagne est principalement assur\u00e9 par la police locale, assist\u00e9e de pompiers et de b\u00e9n\u00e9voles form\u00e9s. Dans les cas complexes ou \u00e0 haute altitude, des h\u00e9licopt\u00e8res de sauvetage sont \u00e9galement utilis\u00e9s. Contrairement \u00e0 de nombreux pays europ\u00e9ens, l&#039;intervention d&#039;urgence n&#039;est pas gratuite et est factur\u00e9e directement \u00e0 la personne secourue, sauf si cette derni\u00e8re a souscrit une assurance sp\u00e9cifique.<\/p>\n<br \/>Suivez-nous \u00e9galement sur Google News : <b><a href=\"https:\/\/news.google.com\/publications\/CAAqBwgKMNqJiwswjMfqAg?hl=it&gl=IT&ceid=IT:it\" target=\"_blank\">Cliquez ici<\/a><\/b>","protected":false},"excerpt":{"rendered":"<p>Un \u00e9tudiant chinois de 27 ans vivant au Japon a r\u00e9alis\u00e9 un double sauvetage sur le mont Fuji en moins de [\u2026]<\/p>","protected":false},"author":4,"featured_media":57392,"comment_status":"closed","ping_status":"open","sticky":false,"template":"","format":"standard","meta":{"MSN_Categories":"Uncategorized","MSN_Publish_Option":false,"MSN_Is_Local_News":false,"MSN_Is_AIAC_Included":"Empty","MSN_Location":"[]","MSN_Add_Feature_Img_On_Top_Of_Post":false,"MSN_Has_Custom_Author":false,"MSN_Custom_Author":"","MSN_Has_Custom_Canonical_Url":false,"MSN_Custom_Canonical_Url":"","footnotes":""},"categories":[9],"tags":[],"class_list":["post-57391","post","type-post","status-publish","format-standard","has-post-thumbnail","hentry","category-mondo"],"acf":[],"yoast_head":"<!-- This site is optimized with the Yoast SEO Premium plugin v26.7 (Yoast SEO v26.7) - https:\/\/yoast.com\/wordpress\/plugins\/seo\/ -->\n<title>Salvato due volte sul Monte Fuji per colpa del cellulare<\/title>\n<meta name=\"description\" content=\"Studente cinese salvato due volte in 4 giorni sul Monte Fuji: voleva recuperare il cellulare perso e si \u00e8 perso di nuovo.\" \/>\n<meta name=\"robots\" content=\"index, follow, max-snippet:-1, max-image-preview:large, max-video-preview:-1\" \/>\n<link rel=\"canonical\" href=\"https:\/\/newsvirali.it\/fr\/2025\/04\/28\/le-mont-fuji-est-perdu-sauve-deux-fois-telephone-portable\/\" \/>\n<meta property=\"og:locale\" content=\"fr_FR\" \/>\n<meta property=\"og:type\" content=\"article\" \/>\n<meta property=\"og:title\" content=\"Si perde sul Monte Fuji, viene salvato\u2026 e poi si perde di nuovo per colpa del cellulare!\" \/>\n<meta property=\"og:description\" content=\"Studente cinese salvato due volte in 4 giorni sul Monte Fuji: voleva recuperare il cellulare perso e si \u00e8 perso di nuovo.\" \/>\n<meta property=\"og:url\" content=\"https:\/\/newsvirali.it\/fr\/2025\/04\/28\/le-mont-fuji-est-perdu-sauve-deux-fois-telephone-portable\/\" \/>\n<meta property=\"og:site_name\" content=\"News virali\" \/>\n<meta property=\"article:published_time\" content=\"2025-04-28T14:57:59+00:00\" \/>\n<meta property=\"article:modified_time\" content=\"2025-04-28T14:58:00+00:00\" \/>\n<meta property=\"og:image\" content=\"https:\/\/newsvirali.it\/wp-content\/uploads\/2025\/04\/MountFuji.jpg\" \/>\n\t<meta property=\"og:image:width\" content=\"996\" \/>\n\t<meta property=\"og:image:height\" content=\"730\" \/>\n\t<meta property=\"og:image:type\" content=\"image\/jpeg\" \/>\n<meta name=\"author\" content=\"Cecco Prestina\" \/>\n<meta name=\"twitter:card\" content=\"summary_large_image\" \/>\n<meta name=\"twitter:label1\" content=\"\u00c9crit par\" \/>\n\t<meta name=\"twitter:data1\" content=\"Cecco Prestina\" \/>\n\t<meta name=\"twitter:label2\" content=\"Dur\u00e9e de lecture estim\u00e9e\" \/>\n\t<meta name=\"twitter:data2\" content=\"4 minutes\" \/>\n<script type=\"application\/ld+json\" class=\"yoast-schema-graph\">{\"@context\":\"https:\/\/schema.org\",\"@graph\":[{\"@type\":\"NewsArticle\",\"@id\":\"https:\/\/newsvirali.it\/2025\/04\/28\/si-perde-monte-fuji-salvato-due-volte-cellulare\/#article\",\"isPartOf\":{\"@id\":\"https:\/\/newsvirali.it\/2025\/04\/28\/si-perde-monte-fuji-salvato-due-volte-cellulare\/\"},\"author\":{\"name\":\"Cecco Prestina\",\"@id\":\"https:\/\/newsvirali.it\/fr\/#\/schema\/person\/4c835f7b49c9adb58b33901ee816565d\"},\"headline\":\"Si perde sul Monte Fuji, viene salvato\u2026 e poi si perde di nuovo per colpa del cellulare!\",\"datePublished\":\"2025-04-28T14:57:59+00:00\",\"dateModified\":\"2025-04-28T14:58:00+00:00\",\"mainEntityOfPage\":{\"@id\":\"https:\/\/newsvirali.it\/2025\/04\/28\/si-perde-monte-fuji-salvato-due-volte-cellulare\/\"},\"wordCount\":656,\"image\":{\"@id\":\"https:\/\/newsvirali.it\/2025\/04\/28\/si-perde-monte-fuji-salvato-due-volte-cellulare\/#primaryimage\"},\"thumbnailUrl\":\"https:\/\/newsvirali.it\/wp-content\/uploads\/2025\/04\/MountFuji.jpg\",\"articleSection\":[\"Mondo\"],\"inLanguage\":\"fr-FR\",\"copyrightYear\":\"2025\",\"copyrightHolder\":{\"@id\":\"https:\/\/newsvirali.it\/fr\/#organization\"}},{\"@type\":\"WebPage\",\"@id\":\"https:\/\/newsvirali.it\/2025\/04\/28\/si-perde-monte-fuji-salvato-due-volte-cellulare\/\",\"url\":\"https:\/\/newsvirali.it\/2025\/04\/28\/si-perde-monte-fuji-salvato-due-volte-cellulare\/\",\"name\":\"Salvato due volte sul Monte Fuji per colpa del cellulare\",\"isPartOf\":{\"@id\":\"https:\/\/newsvirali.it\/fr\/#website\"},\"primaryImageOfPage\":{\"@id\":\"https:\/\/newsvirali.it\/2025\/04\/28\/si-perde-monte-fuji-salvato-due-volte-cellulare\/#primaryimage\"},\"image\":{\"@id\":\"https:\/\/newsvirali.it\/2025\/04\/28\/si-perde-monte-fuji-salvato-due-volte-cellulare\/#primaryimage\"},\"thumbnailUrl\":\"https:\/\/newsvirali.it\/wp-content\/uploads\/2025\/04\/MountFuji.jpg\",\"datePublished\":\"2025-04-28T14:57:59+00:00\",\"dateModified\":\"2025-04-28T14:58:00+00:00\",\"author\":{\"@id\":\"https:\/\/newsvirali.it\/fr\/#\/schema\/person\/4c835f7b49c9adb58b33901ee816565d\"},\"description\":\"Studente cinese salvato due volte in 4 giorni sul Monte Fuji: voleva recuperare il cellulare perso e si \u00e8 perso di nuovo.\",\"breadcrumb\":{\"@id\":\"https:\/\/newsvirali.it\/2025\/04\/28\/si-perde-monte-fuji-salvato-due-volte-cellulare\/#breadcrumb\"},\"inLanguage\":\"fr-FR\",\"potentialAction\":[{\"@type\":\"ReadAction\",\"target\":[\"https:\/\/newsvirali.it\/2025\/04\/28\/si-perde-monte-fuji-salvato-due-volte-cellulare\/\"]}]},{\"@type\":\"ImageObject\",\"inLanguage\":\"fr-FR\",\"@id\":\"https:\/\/newsvirali.it\/2025\/04\/28\/si-perde-monte-fuji-salvato-due-volte-cellulare\/#primaryimage\",\"url\":\"https:\/\/newsvirali.it\/wp-content\/uploads\/2025\/04\/MountFuji.jpg\",\"contentUrl\":\"https:\/\/newsvirali.it\/wp-content\/uploads\/2025\/04\/MountFuji.jpg\",\"width\":996,\"height\":730},{\"@type\":\"BreadcrumbList\",\"@id\":\"https:\/\/newsvirali.it\/2025\/04\/28\/si-perde-monte-fuji-salvato-due-volte-cellulare\/#breadcrumb\",\"itemListElement\":[{\"@type\":\"ListItem\",\"position\":1,\"name\":\"Home\",\"item\":\"https:\/\/newsvirali.it\/fr\/\"},{\"@type\":\"ListItem\",\"position\":2,\"name\":\"Si perde sul Monte Fuji, viene salvato\u2026 e poi si perde di nuovo per colpa del cellulare!\"}]},{\"@type\":\"WebSite\",\"@id\":\"https:\/\/newsvirali.it\/fr\/#website\",\"url\":\"https:\/\/newsvirali.it\/fr\/\",\"name\":\"Bake News\",\"description\":\"\",\"potentialAction\":[{\"@type\":\"SearchAction\",\"target\":{\"@type\":\"EntryPoint\",\"urlTemplate\":\"https:\/\/newsvirali.it\/fr\/?s={search_term_string}\"},\"query-input\":{\"@type\":\"PropertyValueSpecification\",\"valueRequired\":true,\"valueName\":\"search_term_string\"}}],\"inLanguage\":\"fr-FR\"},{\"@type\":\"Person\",\"@id\":\"https:\/\/newsvirali.it\/fr\/#\/schema\/person\/4c835f7b49c9adb58b33901ee816565d\",\"name\":\"Cecco Prestina\",\"description\":\"Perch\u00e9 nasconderlo? Cecco Prestina \u00e8 un alias, ma dietro di lui non si cela un algoritmo di intelligenza artificiale. C'\u00e8 un giornalista che ha oltre vent'anni di esperienza tutta sul web. Da quando il primo modem ha iniziato a gracchiare sul territorio italiano con Video on Line, Cecco ha capito che da quel doppino sarebbe passato il futuro. Ha dedidicato tutta la sua carriera a capire Internet e poi i social e ora l'Ai. Una carriera in costante aggiornamento. E questa esperienza la mette in campo ogni giorno. Per\u00f2 ogni tanto Cecco ha voglia anche di non scrivere \\\"pipponi\\\" sulla politica, sull'economia. Ha voglia anche di scrivere qualcosa di divertente. Le notizie che trovate su Bake News sono le stesse che Cecco porta all'aperitivo con gli amici. Quelle di cui discutere per farsi due risate. Notizie, vere (qualche volta si fa fatica a crederlo), strane, divertenti, ma anche serie. Bake News \u00e8 nato per questo, dare al pubblico notizie croccanti e calde come il pane che esce dal forno. E Cecco Prestina \u00e8 nato con Bake News.\",\"url\":\"https:\/\/newsvirali.it\/fr\/autore\/cecco-prestina\/\"}]}<\/script>\n<!-- \/ Yoast SEO Premium plugin. -->","yoast_head_json":{"title":"Salvato due volte sul Monte Fuji per colpa del cellulare","description":"Studente cinese salvato due volte in 4 giorni sul Monte Fuji: voleva recuperare il cellulare perso e si \u00e8 perso di nuovo.","robots":{"index":"index","follow":"follow","max-snippet":"max-snippet:-1","max-image-preview":"max-image-preview:large","max-video-preview":"max-video-preview:-1"},"canonical":"https:\/\/newsvirali.it\/fr\/2025\/04\/28\/le-mont-fuji-est-perdu-sauve-deux-fois-telephone-portable\/","og_locale":"fr_FR","og_type":"article","og_title":"Si perde sul Monte Fuji, viene salvato\u2026 e poi si perde di nuovo per colpa del cellulare!","og_description":"Studente cinese salvato due volte in 4 giorni sul Monte Fuji: voleva recuperare il cellulare perso e si \u00e8 perso di nuovo.","og_url":"https:\/\/newsvirali.it\/fr\/2025\/04\/28\/le-mont-fuji-est-perdu-sauve-deux-fois-telephone-portable\/","og_site_name":"News virali","article_published_time":"2025-04-28T14:57:59+00:00","article_modified_time":"2025-04-28T14:58:00+00:00","og_image":[{"width":996,"height":730,"url":"https:\/\/newsvirali.it\/wp-content\/uploads\/2025\/04\/MountFuji.jpg","type":"image\/jpeg"}],"author":"Cecco Prestina","twitter_card":"summary_large_image","twitter_misc":{"\u00c9crit par":"Cecco Prestina","Dur\u00e9e de lecture estim\u00e9e":"4 minutes"},"schema":{"@context":"https:\/\/schema.org","@graph":[{"@type":"NewsArticle","@id":"https:\/\/newsvirali.it\/2025\/04\/28\/si-perde-monte-fuji-salvato-due-volte-cellulare\/#article","isPartOf":{"@id":"https:\/\/newsvirali.it\/2025\/04\/28\/si-perde-monte-fuji-salvato-due-volte-cellulare\/"},"author":{"name":"Cecco Prestina","@id":"https:\/\/newsvirali.it\/fr\/#\/schema\/person\/4c835f7b49c9adb58b33901ee816565d"},"headline":"Si perde sul Monte Fuji, viene salvato\u2026 e poi si perde di nuovo per colpa del cellulare!","datePublished":"2025-04-28T14:57:59+00:00","dateModified":"2025-04-28T14:58:00+00:00","mainEntityOfPage":{"@id":"https:\/\/newsvirali.it\/2025\/04\/28\/si-perde-monte-fuji-salvato-due-volte-cellulare\/"},"wordCount":656,"image":{"@id":"https:\/\/newsvirali.it\/2025\/04\/28\/si-perde-monte-fuji-salvato-due-volte-cellulare\/#primaryimage"},"thumbnailUrl":"https:\/\/newsvirali.it\/wp-content\/uploads\/2025\/04\/MountFuji.jpg","articleSection":["Mondo"],"inLanguage":"fr-FR","copyrightYear":"2025","copyrightHolder":{"@id":"https:\/\/newsvirali.it\/fr\/#organization"}},{"@type":"WebPage","@id":"https:\/\/newsvirali.it\/2025\/04\/28\/si-perde-monte-fuji-salvato-due-volte-cellulare\/","url":"https:\/\/newsvirali.it\/2025\/04\/28\/si-perde-monte-fuji-salvato-due-volte-cellulare\/","name":"Salvato due volte sul Monte Fuji per colpa del cellulare","isPartOf":{"@id":"https:\/\/newsvirali.it\/fr\/#website"},"primaryImageOfPage":{"@id":"https:\/\/newsvirali.it\/2025\/04\/28\/si-perde-monte-fuji-salvato-due-volte-cellulare\/#primaryimage"},"image":{"@id":"https:\/\/newsvirali.it\/2025\/04\/28\/si-perde-monte-fuji-salvato-due-volte-cellulare\/#primaryimage"},"thumbnailUrl":"https:\/\/newsvirali.it\/wp-content\/uploads\/2025\/04\/MountFuji.jpg","datePublished":"2025-04-28T14:57:59+00:00","dateModified":"2025-04-28T14:58:00+00:00","author":{"@id":"https:\/\/newsvirali.it\/fr\/#\/schema\/person\/4c835f7b49c9adb58b33901ee816565d"},"description":"Studente cinese salvato due volte in 4 giorni sul Monte Fuji: voleva recuperare il cellulare perso e si \u00e8 perso di nuovo.","breadcrumb":{"@id":"https:\/\/newsvirali.it\/2025\/04\/28\/si-perde-monte-fuji-salvato-due-volte-cellulare\/#breadcrumb"},"inLanguage":"fr-FR","potentialAction":[{"@type":"ReadAction","target":["https:\/\/newsvirali.it\/2025\/04\/28\/si-perde-monte-fuji-salvato-due-volte-cellulare\/"]}]},{"@type":"ImageObject","inLanguage":"fr-FR","@id":"https:\/\/newsvirali.it\/2025\/04\/28\/si-perde-monte-fuji-salvato-due-volte-cellulare\/#primaryimage","url":"https:\/\/newsvirali.it\/wp-content\/uploads\/2025\/04\/MountFuji.jpg","contentUrl":"https:\/\/newsvirali.it\/wp-content\/uploads\/2025\/04\/MountFuji.jpg","width":996,"height":730},{"@type":"BreadcrumbList","@id":"https:\/\/newsvirali.it\/2025\/04\/28\/si-perde-monte-fuji-salvato-due-volte-cellulare\/#breadcrumb","itemListElement":[{"@type":"ListItem","position":1,"name":"Home","item":"https:\/\/newsvirali.it\/fr\/"},{"@type":"ListItem","position":2,"name":"Si perde sul Monte Fuji, viene salvato\u2026 e poi si perde di nuovo per colpa del cellulare!"}]},{"@type":"WebSite","@id":"https:\/\/newsvirali.it\/fr\/#website","url":"https:\/\/newsvirali.it\/fr\/","name":"Bake News","description":"","potentialAction":[{"@type":"SearchAction","target":{"@type":"EntryPoint","urlTemplate":"https:\/\/newsvirali.it\/fr\/?s={search_term_string}"},"query-input":{"@type":"PropertyValueSpecification","valueRequired":true,"valueName":"search_term_string"}}],"inLanguage":"fr-FR"},{"@type":"Person","@id":"https:\/\/newsvirali.it\/fr\/#\/schema\/person\/4c835f7b49c9adb58b33901ee816565d","name":"Cecco Prestina","description":"Perch\u00e9 nasconderlo? Cecco Prestina \u00e8 un alias, ma dietro di lui non si cela un algoritmo di intelligenza artificiale. C'\u00e8 un giornalista che ha oltre vent'anni di esperienza tutta sul web. Da quando il primo modem ha iniziato a gracchiare sul territorio italiano con Video on Line, Cecco ha capito che da quel doppino sarebbe passato il futuro. Ha dedidicato tutta la sua carriera a capire Internet e poi i social e ora l'Ai. Una carriera in costante aggiornamento. E questa esperienza la mette in campo ogni giorno. Per\u00f2 ogni tanto Cecco ha voglia anche di non scrivere \"pipponi\" sulla politica, sull'economia. Ha voglia anche di scrivere qualcosa di divertente. Le notizie che trovate su Bake News sono le stesse che Cecco porta all'aperitivo con gli amici. Quelle di cui discutere per farsi due risate. Notizie, vere (qualche volta si fa fatica a crederlo), strane, divertenti, ma anche serie. Bake News \u00e8 nato per questo, dare al pubblico notizie croccanti e calde come il pane che esce dal forno. E Cecco Prestina \u00e8 nato con Bake News.","url":"https:\/\/newsvirali.it\/fr\/autore\/cecco-prestina\/"}]}},"_links":{"self":[{"href":"https:\/\/newsvirali.it\/fr\/wp-json\/wp\/v2\/posts\/57391","targetHints":{"allow":["GET"]}}],"collection":[{"href":"https:\/\/newsvirali.it\/fr\/wp-json\/wp\/v2\/posts"}],"about":[{"href":"https:\/\/newsvirali.it\/fr\/wp-json\/wp\/v2\/types\/post"}],"author":[{"embeddable":true,"href":"https:\/\/newsvirali.it\/fr\/wp-json\/wp\/v2\/users\/4"}],"replies":[{"embeddable":true,"href":"https:\/\/newsvirali.it\/fr\/wp-json\/wp\/v2\/comments?post=57391"}],"version-history":[{"count":2,"href":"https:\/\/newsvirali.it\/fr\/wp-json\/wp\/v2\/posts\/57391\/revisions"}],"predecessor-version":[{"id":57394,"href":"https:\/\/newsvirali.it\/fr\/wp-json\/wp\/v2\/posts\/57391\/revisions\/57394"}],"wp:featuredmedia":[{"embeddable":true,"href":"https:\/\/newsvirali.it\/fr\/wp-json\/wp\/v2\/media\/57392"}],"wp:attachment":[{"href":"https:\/\/newsvirali.it\/fr\/wp-json\/wp\/v2\/media?parent=57391"}],"wp:term":[{"taxonomy":"category","embeddable":true,"href":"https:\/\/newsvirali.it\/fr\/wp-json\/wp\/v2\/categories?post=57391"},{"taxonomy":"post_tag","embeddable":true,"href":"https:\/\/newsvirali.it\/fr\/wp-json\/wp\/v2\/tags?post=57391"}],"curies":[{"name":"wp","href":"https:\/\/api.w.org\/{rel}","templated":true}]}}