{"id":57366,"date":"2025-04-28T11:15:35","date_gmt":"2025-04-28T09:15:35","guid":{"rendered":"https:\/\/newsvirali.it\/?p=57366"},"modified":"2025-04-28T11:15:36","modified_gmt":"2025-04-28T09:15:36","slug":"collisione-aerea-washington-black-hawk-american-eagle-5342","status":"publish","type":"post","link":"https:\/\/newsvirali.it\/fr\/2025\/04\/28\/collision-aerienne-washington-black-hawk-american-eagle-5342\/","title":{"rendered":"Erreur fatale d\u00e9couverte\u00a0: voici qui a caus\u00e9 la collision du Jet-Black Hawk \u00e0 Washington"},"content":{"rendered":"<p>Le 29 janvier 2025, un accident a\u00e9rien majeur a secou\u00e9 les \u00c9tats-Unis : un jet r\u00e9gional Bombardier CRJ700, op\u00e9rant sous le nom d&#039;American Eagle Flight 5342, est entr\u00e9 en collision en plein vol avec un h\u00e9licopt\u00e8re militaire UH-60 Black Hawk au-dessus du fleuve Potomac, pr\u00e8s de l&#039;a\u00e9roport national Ronald Reagan de Washington. Les 67 occupants des deux avions ont perdu la vie, faisant de cet \u00e9v\u00e9nement la catastrophe a\u00e9rienne la plus meurtri\u00e8re aux \u00c9tats-Unis depuis 2001.<\/p>\n\n\n\n<p><strong>LIRE LES AUTRES NOUVELLES DU MONDE<\/strong><\/p>\n\n\n<ul class=\"wp-block-latest-posts__list wp-block-latest-posts\"><li><a class=\"wp-block-latest-posts__post-title\" href=\"https:\/\/newsvirali.it\/fr\/2026\/02\/12\/emma-amit-crabe-du-diable-mort\/\">La vlogueuse Emma Amit d\u00e9c\u00e8de apr\u00e8s avoir consomm\u00e9 du crabe du diable toxique<\/a><\/li>\n<li><a class=\"wp-block-latest-posts__post-title\" href=\"https:\/\/newsvirali.it\/fr\/2026\/02\/05\/suicide-des-trois-soeurs-en-inde\/\">Des parents confisquent les t\u00e9l\u00e9phones portables de trois s\u0153urs qui jouent excessivement aux jeux vid\u00e9o\u00a0: trois s\u0153urs se suicident<\/a><\/li>\n<li><a class=\"wp-block-latest-posts__post-title\" href=\"https:\/\/newsvirali.it\/fr\/2026\/01\/30\/arrestation-dans-un-complexe-hotelier-de-floride-pour-actes-obscenes\/\">Un h\u00f4tel de Floride fait sensation : un homme arr\u00eat\u00e9 pour exhibitionnisme avec un aspirateur<\/a><\/li>\n<li><a class=\"wp-block-latest-posts__post-title\" href=\"https:\/\/newsvirali.it\/fr\/2026\/01\/28\/un-pere-ivre-pend-son-fils-dans-une-video-choquante\/\">Un p\u00e8re ivre pend son fils par la fen\u00eatre : vid\u00e9o choquante<\/a><\/li>\n<li><a class=\"wp-block-latest-posts__post-title\" href=\"https:\/\/newsvirali.it\/fr\/2026\/01\/27\/une-enseignante-enceinte-et-un-eleve-de-13-ans\/\">Une enseignante admet \u00eatre tomb\u00e9e enceinte d&#039;un \u00e9l\u00e8ve de 13 ans<\/a><\/li>\n<\/ul>\n\n\n<h2 class=\"wp-block-heading\" id=\"h-dinamica-dell-incidente\"><strong>Dynamique des accidents<\/strong><\/h2>\n\n\n\n<p>Le vol 5342 \u00e9tait en approche finale vers la piste 33 de l&#039;a\u00e9roport en provenance de Wichita, au Kansas. Au m\u00eame moment, l&#039;h\u00e9licopt\u00e8re Black Hawk effectuait un vol d&#039;entra\u00eenement de nuit avec des lunettes de vision nocturne, d\u00e9collant de l&#039;a\u00e9rodrome militaire de Davison en Virginie. \u00c0 une altitude d&#039;environ 300 pieds, les deux avions sont entr\u00e9s en collision \u00e0 moins d&#039;un kilom\u00e8tre de la piste.<\/p>\n\n\n\n<h2 class=\"wp-block-heading\" id=\"h-cause-e-responsabilita\"><strong>Causes et responsabilit\u00e9s<\/strong><\/h2>\n\n\n\n<p>Les enqu\u00eates pr\u00e9liminaires men\u00e9es par le National Transportation Safety Board (NTSB) ont mis en \u00e9vidence un certain nombre de facteurs contributifs :<\/p>\n\n\n\n<ul class=\"wp-block-list\">\n<li><strong>Erreur humaine :<\/strong> Le pilote du Black Hawk n&#039;a pas suivi un ordre de son instructeur de vol donn\u00e9 15 secondes avant la collision.<\/li>\n\n\n\n<li><strong>Probl\u00e8mes techniques :<\/strong> On soup\u00e7onne un dysfonctionnement de l&#039;altim\u00e8tre du Black Hawk, qui pourrait avoir fourni des relev\u00e9s d&#039;altitude erron\u00e9s.<\/li>\n\n\n\n<li><strong>Communications interrompues :<\/strong> Des transmissions radio superpos\u00e9es ont peut-\u00eatre emp\u00each\u00e9 l&#039;\u00e9quipage de l&#039;h\u00e9licopt\u00e8re de recevoir des instructions cruciales du contr\u00f4le a\u00e9rien.<\/li>\n\n\n\n<li><strong>Gestion du trafic a\u00e9rien :<\/strong> Un seul contr\u00f4leur \u00e9tait responsable des deux avions au moment de l&#039;accident, une situation inhabituelle \u00e0 cette heure de la journ\u00e9e.<\/li>\n<\/ul>\n\n\n\n<h2 class=\"wp-block-heading\" id=\"h-conseguenze-e-misure-adottate\"><strong>Cons\u00e9quences et mesures prises<\/strong><\/h2>\n\n\n\n<p>En r\u00e9ponse \u00e0 l&#039;accident, la Federal Aviation Administration (FAA) a mis en place des restrictions temporaires sur les vols d&#039;h\u00e9licopt\u00e8res \u00e0 proximit\u00e9 de l&#039;a\u00e9roport national Ronald Reagan, fermant partiellement les routes 1 et 4, qui sont principalement utilis\u00e9es par les h\u00e9licopt\u00e8res militaires et gouvernementaux. Le NTSB a \u00e9galement recommand\u00e9 la fermeture permanente de la Route 4 lors de l&#039;utilisation de la piste 33, en raison du risque \u00ab intol\u00e9rable \u00bb de collisions en vol.<\/p>\n\n\n\n<h2 class=\"wp-block-heading\" id=\"h-reazioni-e-commemorazioni\"><strong>R\u00e9actions et comm\u00e9morations<\/strong><\/h2>\n\n\n\n<p>L\u2019incident a suscit\u00e9 une profonde \u00e9motion au niveau national et international. Le pape Fran\u00e7ois a envoy\u00e9 un t\u00e9l\u00e9gramme de condol\u00e9ances \u00e0 la Maison Blanche, tandis que le Comit\u00e9 international olympique a exprim\u00e9 ses condol\u00e9ances, \u00e9tant donn\u00e9 que parmi les victimes se trouvaient de jeunes patineurs artistiques.<\/p>\n\n\n\n<h2 class=\"wp-block-heading\" id=\"h-indagini-in-corso\"><strong>Enqu\u00eates en cours<\/strong><\/h2>\n\n\n\n<p>Des enqu\u00eates sont en cours pour d\u00e9terminer les causes exactes de l&#039;accident et pr\u00e9venir de futures catastrophes. La FAA a annonc\u00e9 son intention d&#039;\u00e9tendre les \u00e9valuations de s\u00e9curit\u00e9 \u00e0 d&#039;autres a\u00e9roports am\u00e9ricains, notamment en utilisant l&#039;analyse de donn\u00e9es et l&#039;intelligence artificielle pour identifier les risques potentiels.<\/p>\n\n\n\n<p><\/p>\n\n\n\n<hr class=\"wp-block-separator has-alpha-channel-opacity\"\/>\n\n\n\n<h2 class=\"wp-block-heading\" id=\"h-come-funziona-il-sistema-di-controllo-del-traffico-aereo-negli-usa\"><strong>Comment fonctionne le syst\u00e8me de contr\u00f4le du trafic a\u00e9rien aux \u00c9tats-Unis<\/strong><\/h2>\n\n\n\n<p>Aux \u00c9tats-Unis, le syst\u00e8me de contr\u00f4le du trafic a\u00e9rien est principalement exploit\u00e9 par la Federal Aviation Administration (FAA). Les op\u00e9rateurs utilisent des technologies radar, radio et satellite pour surveiller en permanence la position et le mouvement des avions et des h\u00e9licopt\u00e8res. Chaque secteur de vol est attribu\u00e9 \u00e0 des contr\u00f4leurs sp\u00e9cifiques qui fournissent des instructions pour maintenir la s\u00e9paration de s\u00e9curit\u00e9 minimale entre les a\u00e9ronefs, en coordonnant les d\u00e9collages, les atterrissages et les transits \u00e0 diff\u00e9rentes altitudes.<\/p>\n\n\n\n<h2 class=\"wp-block-heading\" id=\"h-cos-e-il-black-hawk-e-per-cosa-viene-utilizzato\"><strong>Qu&#039;est-ce que le Black Hawk et \u00e0 quoi sert-il ?<\/strong><\/h2>\n\n\n\n<p>Le Black Hawk, officiellement UH-60 Black Hawk, est un h\u00e9licopt\u00e8re militaire polyvalent d\u00e9velopp\u00e9 par Sikorsky Aircraft Corporation. Utilis\u00e9 principalement par l&#039;arm\u00e9e am\u00e9ricaine, le Black Hawk effectue des missions de transport de troupes, d&#039;\u00e9vacuation m\u00e9dicale, de soutien logistique et de recherche et de sauvetage. Gr\u00e2ce \u00e0 sa polyvalence et sa r\u00e9sistance, il est l&#039;un des h\u00e9licopt\u00e8res les plus embl\u00e9matiques et les plus r\u00e9pandus dans le monde militaire.<\/p>\n\n\n\n<h2 class=\"wp-block-heading\" id=\"h-quali-sono-le-rotte-aeree-piu-pericolose-negli-usa\"><strong>Quelles sont les routes a\u00e9riennes les plus dangereuses aux \u00c9tats-Unis ?<\/strong><\/h2>\n\n\n\n<p>Parmi les routes a\u00e9riennes consid\u00e9r\u00e9es comme les plus risqu\u00e9es aux \u00c9tats-Unis figurent celles qui traversent des zones montagneuses ou des zones de trafic a\u00e9rien intense, comme les approches des a\u00e9roports de Los Angeles (LAX) et de New York (JFK). La r\u00e9gion de Washington DC est \u00e9galement particuli\u00e8rement d\u00e9licate, o\u00f9 l\u2019intersection des vols civils et militaires n\u00e9cessite une gestion du trafic extr\u00eamement pr\u00e9cise. La \u00ab Route 4 \u00bb pr\u00e8s de l\u2019a\u00e9roport national Ronald Reagan, impliqu\u00e9e dans l\u2019accident, a longtemps \u00e9t\u00e9 consid\u00e9r\u00e9e comme critique.<\/p>\n\n\n\n<h2 class=\"wp-block-heading\" id=\"h-come-cambiera-la-sicurezza-aerea-dopo-l-incidente-di-washington\"><strong>Comment la s\u00e9curit\u00e9 a\u00e9rienne va \u00e9voluer apr\u00e8s l&#039;incident de Washington<\/strong><\/h2>\n\n\n\n<p>Suite \u00e0 la trag\u00e9die, la FAA et le NTSB ont annonc\u00e9 une r\u00e9vision approfondie des proc\u00e9dures de vol dans les zones urbaines denses. De nouvelles restrictions sur les vols militaires \u00e0 proximit\u00e9 des a\u00e9roports civils sont pr\u00e9vues, ainsi que l&#039;adoption de syst\u00e8mes d&#039;alerte de collision plus avanc\u00e9s pour les h\u00e9licopt\u00e8res et un renforcement des protocoles de communication entre contr\u00f4leurs et pilotes. De plus, l\u2019utilisation de l\u2019intelligence artificielle pour anticiper les conflits de circulation potentiels sera explor\u00e9e.<\/p>\n\n\n\n<h2 class=\"wp-block-heading\" id=\"h-quanti-incidenti-aerei-avvengono-ogni-anno-negli-stati-uniti\"><strong>Combien d\u2019accidents d\u2019avion se produisent chaque ann\u00e9e aux \u00c9tats-Unis\u00a0?<\/strong><\/h2>\n\n\n\n<p>Aux \u00c9tats-Unis, il y a environ 1 200 \u00e0 1 300 accidents d\u2019avion chaque ann\u00e9e, selon les donn\u00e9es du National Transportation Safety Board. Heureusement, la plupart de ces \u00e9v\u00e9nements impliquent de petits avions et ne font aucune victime. Les accidents mortels impliquant des vols commerciaux ou militaires sont rares, gr\u00e2ce aux normes de s\u00e9curit\u00e9 \u00e9lev\u00e9es du pays.<\/p>\n\n\n\n<hr class=\"wp-block-separator has-alpha-channel-opacity\"\/>\n\n\n\n<h2 class=\"wp-block-heading\" id=\"h-altri-incidenti-aerei-che-hanno-fatto-notizia\"><strong>D&#039;autres accidents d&#039;avion qui ont fait l&#039;actualit\u00e9<\/strong><\/h2>\n\n\n\n<p>R\u00e9cemment, un grave <strong><a href=\"https:\/\/newsvirali.it\/fr\/video\/crash-davion-a-mumbai-lavion-secrase-en-deux-lors-de-latterrissage\/\">accident d&#039;avion \u00e0 Mumbai<\/a><\/strong> Un accident a fait huit bless\u00e9s apr\u00e8s qu&#039;un avion s&#039;est bris\u00e9 en deux lors de l&#039;atterrissage. En Australie, moments de terreur \u00e0 bord d&#039;un Boeing Etihad lorsque, lors du d\u00e9collage, <strong><a href=\"https:\/\/newsvirali.it\/fr\/2025\/01\/05\/les-roues-ont-eclate-lors-dun-decollage-terroriste-sur-un-boeing-etihad-en-australie\/\">deux roues ont explos\u00e9<\/a><\/strong>, obligeant le pilote \u00e0 effectuer une man\u0153uvre d&#039;urgence. La peur r\u00e8gne \u00e9galement aux \u00c9tats-Unis, o\u00f9 <strong><a href=\"https:\/\/newsvirali.it\/fr\/2025\/02\/06\/des-avions-entrent-en-collision-sur-la-piste-peur-a-laeroport-photos-et-videos\/\">deux avions sont entr\u00e9s en collision sur la voie de circulation<\/a><\/strong> \u00e0 l&#039;a\u00e9roport de Seattle-Tacoma, provoquant des perturbations mais heureusement aucune victime. Enfin, \u00e0 Chicago, un <strong><a href=\"https:\/\/newsvirali.it\/fr\/2024\/10\/22\/lavion-devore-un-chariot-a-bagages-avec-son-moteur-laccident-filme-2\/\">l&#039;avion a aspir\u00e9 un chariot \u00e0 bagages<\/a><\/strong> avec le moteur, dans un accident spectaculaire immortalis\u00e9 dans une vid\u00e9o virale.<\/p>\n<br \/>Suivez-nous \u00e9galement sur Google News : <b><a href=\"https:\/\/news.google.com\/publications\/CAAqBwgKMNqJiwswjMfqAg?hl=it&gl=IT&ceid=IT:it\" target=\"_blank\">Cliquez ici<\/a><\/b>","protected":false},"excerpt":{"rendered":"<p>Le 29 janvier 2025, un accident d\u2019avion majeur a secou\u00e9 les \u00c9tats-Unis : un jet r\u00e9gional Bombardier CRJ700, exploit\u00e9 [\u2026]<\/p>","protected":false},"author":4,"featured_media":57371,"comment_status":"closed","ping_status":"open","sticky":false,"template":"","format":"standard","meta":{"MSN_Categories":"Uncategorized","MSN_Publish_Option":false,"MSN_Is_Local_News":false,"MSN_Is_AIAC_Included":"Empty","MSN_Location":"[]","MSN_Add_Feature_Img_On_Top_Of_Post":false,"MSN_Has_Custom_Author":false,"MSN_Custom_Author":"","MSN_Has_Custom_Canonical_Url":false,"MSN_Custom_Canonical_Url":"","footnotes":""},"categories":[9],"tags":[],"class_list":["post-57366","post","type-post","status-publish","format-standard","has-post-thumbnail","hentry","category-mondo"],"acf":[],"yoast_head":"<!-- This site is optimized with the Yoast SEO Premium plugin v26.7 (Yoast SEO v26.7) - https:\/\/yoast.com\/wordpress\/plugins\/seo\/ -->\n<title>Scoperto l&#039;errore dietro la collisione jet-elicottero a Washington<\/title>\n<meta name=\"description\" content=\"Scoperto chi ha causato la collisione aerea a Washington tra jet e Black Hawk: 67 vittime, errore umano confermato.\" \/>\n<meta name=\"robots\" content=\"index, follow, max-snippet:-1, max-image-preview:large, max-video-preview:-1\" \/>\n<link rel=\"canonical\" href=\"https:\/\/newsvirali.it\/fr\/2025\/04\/28\/collision-aerienne-washington-black-hawk-american-eagle-5342\/\" \/>\n<meta property=\"og:locale\" content=\"fr_FR\" \/>\n<meta property=\"og:type\" content=\"article\" \/>\n<meta property=\"og:title\" content=\"Scoperto l&#039;errore fatale: ecco chi ha causato la collisione tra jet e Black Hawk a Washington\" \/>\n<meta property=\"og:description\" content=\"Scoperto chi ha causato la collisione aerea a Washington tra jet e Black Hawk: 67 vittime, errore umano confermato.\" \/>\n<meta property=\"og:url\" content=\"https:\/\/newsvirali.it\/fr\/2025\/04\/28\/collision-aerienne-washington-black-hawk-american-eagle-5342\/\" \/>\n<meta property=\"og:site_name\" content=\"News virali\" \/>\n<meta property=\"article:published_time\" content=\"2025-04-28T09:15:35+00:00\" \/>\n<meta property=\"article:modified_time\" content=\"2025-04-28T09:15:36+00:00\" \/>\n<meta property=\"og:image\" content=\"https:\/\/newsvirali.it\/wp-content\/uploads\/2025\/04\/250209-potomac-river-wreckage-vl-1141a-1e1a7b.jpg\" \/>\n\t<meta property=\"og:image:width\" content=\"760\" \/>\n\t<meta property=\"og:image:height\" content=\"507\" \/>\n\t<meta property=\"og:image:type\" content=\"image\/jpeg\" \/>\n<meta name=\"author\" content=\"Cecco Prestina\" \/>\n<meta name=\"twitter:card\" content=\"summary_large_image\" \/>\n<meta name=\"twitter:label1\" content=\"\u00c9crit par\" \/>\n\t<meta name=\"twitter:data1\" content=\"Cecco Prestina\" \/>\n\t<meta name=\"twitter:label2\" content=\"Dur\u00e9e de lecture estim\u00e9e\" \/>\n\t<meta name=\"twitter:data2\" content=\"5 minutes\" \/>\n<script type=\"application\/ld+json\" class=\"yoast-schema-graph\">{\"@context\":\"https:\/\/schema.org\",\"@graph\":[{\"@type\":\"NewsArticle\",\"@id\":\"https:\/\/newsvirali.it\/2025\/04\/28\/collisione-aerea-washington-black-hawk-american-eagle-5342\/#article\",\"isPartOf\":{\"@id\":\"https:\/\/newsvirali.it\/2025\/04\/28\/collisione-aerea-washington-black-hawk-american-eagle-5342\/\"},\"author\":{\"name\":\"Cecco Prestina\",\"@id\":\"https:\/\/newsvirali.it\/fr\/#\/schema\/person\/4c835f7b49c9adb58b33901ee816565d\"},\"headline\":\"Scoperto l&#8217;errore fatale: ecco chi ha causato la collisione tra jet e Black Hawk a Washington\",\"datePublished\":\"2025-04-28T09:15:35+00:00\",\"dateModified\":\"2025-04-28T09:15:36+00:00\",\"mainEntityOfPage\":{\"@id\":\"https:\/\/newsvirali.it\/2025\/04\/28\/collisione-aerea-washington-black-hawk-american-eagle-5342\/\"},\"wordCount\":890,\"image\":{\"@id\":\"https:\/\/newsvirali.it\/2025\/04\/28\/collisione-aerea-washington-black-hawk-american-eagle-5342\/#primaryimage\"},\"thumbnailUrl\":\"https:\/\/newsvirali.it\/wp-content\/uploads\/2025\/04\/250209-potomac-river-wreckage-vl-1141a-1e1a7b.jpg\",\"articleSection\":[\"Mondo\"],\"inLanguage\":\"fr-FR\",\"copyrightYear\":\"2025\",\"copyrightHolder\":{\"@id\":\"https:\/\/newsvirali.it\/fr\/#organization\"}},{\"@type\":\"WebPage\",\"@id\":\"https:\/\/newsvirali.it\/2025\/04\/28\/collisione-aerea-washington-black-hawk-american-eagle-5342\/\",\"url\":\"https:\/\/newsvirali.it\/2025\/04\/28\/collisione-aerea-washington-black-hawk-american-eagle-5342\/\",\"name\":\"Scoperto l'errore dietro la collisione jet-elicottero a Washington\",\"isPartOf\":{\"@id\":\"https:\/\/newsvirali.it\/fr\/#website\"},\"primaryImageOfPage\":{\"@id\":\"https:\/\/newsvirali.it\/2025\/04\/28\/collisione-aerea-washington-black-hawk-american-eagle-5342\/#primaryimage\"},\"image\":{\"@id\":\"https:\/\/newsvirali.it\/2025\/04\/28\/collisione-aerea-washington-black-hawk-american-eagle-5342\/#primaryimage\"},\"thumbnailUrl\":\"https:\/\/newsvirali.it\/wp-content\/uploads\/2025\/04\/250209-potomac-river-wreckage-vl-1141a-1e1a7b.jpg\",\"datePublished\":\"2025-04-28T09:15:35+00:00\",\"dateModified\":\"2025-04-28T09:15:36+00:00\",\"author\":{\"@id\":\"https:\/\/newsvirali.it\/fr\/#\/schema\/person\/4c835f7b49c9adb58b33901ee816565d\"},\"description\":\"Scoperto chi ha causato la collisione aerea a Washington tra jet e Black Hawk: 67 vittime, errore umano confermato.\",\"breadcrumb\":{\"@id\":\"https:\/\/newsvirali.it\/2025\/04\/28\/collisione-aerea-washington-black-hawk-american-eagle-5342\/#breadcrumb\"},\"inLanguage\":\"fr-FR\",\"potentialAction\":[{\"@type\":\"ReadAction\",\"target\":[\"https:\/\/newsvirali.it\/2025\/04\/28\/collisione-aerea-washington-black-hawk-american-eagle-5342\/\"]}]},{\"@type\":\"ImageObject\",\"inLanguage\":\"fr-FR\",\"@id\":\"https:\/\/newsvirali.it\/2025\/04\/28\/collisione-aerea-washington-black-hawk-american-eagle-5342\/#primaryimage\",\"url\":\"https:\/\/newsvirali.it\/wp-content\/uploads\/2025\/04\/250209-potomac-river-wreckage-vl-1141a-1e1a7b.jpg\",\"contentUrl\":\"https:\/\/newsvirali.it\/wp-content\/uploads\/2025\/04\/250209-potomac-river-wreckage-vl-1141a-1e1a7b.jpg\",\"width\":760,\"height\":507},{\"@type\":\"BreadcrumbList\",\"@id\":\"https:\/\/newsvirali.it\/2025\/04\/28\/collisione-aerea-washington-black-hawk-american-eagle-5342\/#breadcrumb\",\"itemListElement\":[{\"@type\":\"ListItem\",\"position\":1,\"name\":\"Home\",\"item\":\"https:\/\/newsvirali.it\/fr\/\"},{\"@type\":\"ListItem\",\"position\":2,\"name\":\"Scoperto l&#8217;errore fatale: ecco chi ha causato la collisione tra jet e Black Hawk a Washington\"}]},{\"@type\":\"WebSite\",\"@id\":\"https:\/\/newsvirali.it\/fr\/#website\",\"url\":\"https:\/\/newsvirali.it\/fr\/\",\"name\":\"Bake News\",\"description\":\"\",\"potentialAction\":[{\"@type\":\"SearchAction\",\"target\":{\"@type\":\"EntryPoint\",\"urlTemplate\":\"https:\/\/newsvirali.it\/fr\/?s={search_term_string}\"},\"query-input\":{\"@type\":\"PropertyValueSpecification\",\"valueRequired\":true,\"valueName\":\"search_term_string\"}}],\"inLanguage\":\"fr-FR\"},{\"@type\":\"Person\",\"@id\":\"https:\/\/newsvirali.it\/fr\/#\/schema\/person\/4c835f7b49c9adb58b33901ee816565d\",\"name\":\"Cecco Prestina\",\"description\":\"Perch\u00e9 nasconderlo? Cecco Prestina \u00e8 un alias, ma dietro di lui non si cela un algoritmo di intelligenza artificiale. C'\u00e8 un giornalista che ha oltre vent'anni di esperienza tutta sul web. Da quando il primo modem ha iniziato a gracchiare sul territorio italiano con Video on Line, Cecco ha capito che da quel doppino sarebbe passato il futuro. Ha dedidicato tutta la sua carriera a capire Internet e poi i social e ora l'Ai. Una carriera in costante aggiornamento. E questa esperienza la mette in campo ogni giorno. Per\u00f2 ogni tanto Cecco ha voglia anche di non scrivere \\\"pipponi\\\" sulla politica, sull'economia. Ha voglia anche di scrivere qualcosa di divertente. Le notizie che trovate su Bake News sono le stesse che Cecco porta all'aperitivo con gli amici. Quelle di cui discutere per farsi due risate. Notizie, vere (qualche volta si fa fatica a crederlo), strane, divertenti, ma anche serie. Bake News \u00e8 nato per questo, dare al pubblico notizie croccanti e calde come il pane che esce dal forno. E Cecco Prestina \u00e8 nato con Bake News.\",\"url\":\"https:\/\/newsvirali.it\/fr\/autore\/cecco-prestina\/\"}]}<\/script>\n<!-- \/ Yoast SEO Premium plugin. -->","yoast_head_json":{"title":"Scoperto l'errore dietro la collisione jet-elicottero a Washington","description":"Scoperto chi ha causato la collisione aerea a Washington tra jet e Black Hawk: 67 vittime, errore umano confermato.","robots":{"index":"index","follow":"follow","max-snippet":"max-snippet:-1","max-image-preview":"max-image-preview:large","max-video-preview":"max-video-preview:-1"},"canonical":"https:\/\/newsvirali.it\/fr\/2025\/04\/28\/collision-aerienne-washington-black-hawk-american-eagle-5342\/","og_locale":"fr_FR","og_type":"article","og_title":"Scoperto l'errore fatale: ecco chi ha causato la collisione tra jet e Black Hawk a Washington","og_description":"Scoperto chi ha causato la collisione aerea a Washington tra jet e Black Hawk: 67 vittime, errore umano confermato.","og_url":"https:\/\/newsvirali.it\/fr\/2025\/04\/28\/collision-aerienne-washington-black-hawk-american-eagle-5342\/","og_site_name":"News virali","article_published_time":"2025-04-28T09:15:35+00:00","article_modified_time":"2025-04-28T09:15:36+00:00","og_image":[{"width":760,"height":507,"url":"https:\/\/newsvirali.it\/wp-content\/uploads\/2025\/04\/250209-potomac-river-wreckage-vl-1141a-1e1a7b.jpg","type":"image\/jpeg"}],"author":"Cecco Prestina","twitter_card":"summary_large_image","twitter_misc":{"\u00c9crit par":"Cecco Prestina","Dur\u00e9e de lecture estim\u00e9e":"5 minutes"},"schema":{"@context":"https:\/\/schema.org","@graph":[{"@type":"NewsArticle","@id":"https:\/\/newsvirali.it\/2025\/04\/28\/collisione-aerea-washington-black-hawk-american-eagle-5342\/#article","isPartOf":{"@id":"https:\/\/newsvirali.it\/2025\/04\/28\/collisione-aerea-washington-black-hawk-american-eagle-5342\/"},"author":{"name":"Cecco Prestina","@id":"https:\/\/newsvirali.it\/fr\/#\/schema\/person\/4c835f7b49c9adb58b33901ee816565d"},"headline":"Scoperto l&#8217;errore fatale: ecco chi ha causato la collisione tra jet e Black Hawk a Washington","datePublished":"2025-04-28T09:15:35+00:00","dateModified":"2025-04-28T09:15:36+00:00","mainEntityOfPage":{"@id":"https:\/\/newsvirali.it\/2025\/04\/28\/collisione-aerea-washington-black-hawk-american-eagle-5342\/"},"wordCount":890,"image":{"@id":"https:\/\/newsvirali.it\/2025\/04\/28\/collisione-aerea-washington-black-hawk-american-eagle-5342\/#primaryimage"},"thumbnailUrl":"https:\/\/newsvirali.it\/wp-content\/uploads\/2025\/04\/250209-potomac-river-wreckage-vl-1141a-1e1a7b.jpg","articleSection":["Mondo"],"inLanguage":"fr-FR","copyrightYear":"2025","copyrightHolder":{"@id":"https:\/\/newsvirali.it\/fr\/#organization"}},{"@type":"WebPage","@id":"https:\/\/newsvirali.it\/2025\/04\/28\/collisione-aerea-washington-black-hawk-american-eagle-5342\/","url":"https:\/\/newsvirali.it\/2025\/04\/28\/collisione-aerea-washington-black-hawk-american-eagle-5342\/","name":"Scoperto l'errore dietro la collisione jet-elicottero a Washington","isPartOf":{"@id":"https:\/\/newsvirali.it\/fr\/#website"},"primaryImageOfPage":{"@id":"https:\/\/newsvirali.it\/2025\/04\/28\/collisione-aerea-washington-black-hawk-american-eagle-5342\/#primaryimage"},"image":{"@id":"https:\/\/newsvirali.it\/2025\/04\/28\/collisione-aerea-washington-black-hawk-american-eagle-5342\/#primaryimage"},"thumbnailUrl":"https:\/\/newsvirali.it\/wp-content\/uploads\/2025\/04\/250209-potomac-river-wreckage-vl-1141a-1e1a7b.jpg","datePublished":"2025-04-28T09:15:35+00:00","dateModified":"2025-04-28T09:15:36+00:00","author":{"@id":"https:\/\/newsvirali.it\/fr\/#\/schema\/person\/4c835f7b49c9adb58b33901ee816565d"},"description":"Scoperto chi ha causato la collisione aerea a Washington tra jet e Black Hawk: 67 vittime, errore umano confermato.","breadcrumb":{"@id":"https:\/\/newsvirali.it\/2025\/04\/28\/collisione-aerea-washington-black-hawk-american-eagle-5342\/#breadcrumb"},"inLanguage":"fr-FR","potentialAction":[{"@type":"ReadAction","target":["https:\/\/newsvirali.it\/2025\/04\/28\/collisione-aerea-washington-black-hawk-american-eagle-5342\/"]}]},{"@type":"ImageObject","inLanguage":"fr-FR","@id":"https:\/\/newsvirali.it\/2025\/04\/28\/collisione-aerea-washington-black-hawk-american-eagle-5342\/#primaryimage","url":"https:\/\/newsvirali.it\/wp-content\/uploads\/2025\/04\/250209-potomac-river-wreckage-vl-1141a-1e1a7b.jpg","contentUrl":"https:\/\/newsvirali.it\/wp-content\/uploads\/2025\/04\/250209-potomac-river-wreckage-vl-1141a-1e1a7b.jpg","width":760,"height":507},{"@type":"BreadcrumbList","@id":"https:\/\/newsvirali.it\/2025\/04\/28\/collisione-aerea-washington-black-hawk-american-eagle-5342\/#breadcrumb","itemListElement":[{"@type":"ListItem","position":1,"name":"Home","item":"https:\/\/newsvirali.it\/fr\/"},{"@type":"ListItem","position":2,"name":"Scoperto l&#8217;errore fatale: ecco chi ha causato la collisione tra jet e Black Hawk a Washington"}]},{"@type":"WebSite","@id":"https:\/\/newsvirali.it\/fr\/#website","url":"https:\/\/newsvirali.it\/fr\/","name":"Bake News","description":"","potentialAction":[{"@type":"SearchAction","target":{"@type":"EntryPoint","urlTemplate":"https:\/\/newsvirali.it\/fr\/?s={search_term_string}"},"query-input":{"@type":"PropertyValueSpecification","valueRequired":true,"valueName":"search_term_string"}}],"inLanguage":"fr-FR"},{"@type":"Person","@id":"https:\/\/newsvirali.it\/fr\/#\/schema\/person\/4c835f7b49c9adb58b33901ee816565d","name":"Cecco Prestina","description":"Perch\u00e9 nasconderlo? Cecco Prestina \u00e8 un alias, ma dietro di lui non si cela un algoritmo di intelligenza artificiale. C'\u00e8 un giornalista che ha oltre vent'anni di esperienza tutta sul web. Da quando il primo modem ha iniziato a gracchiare sul territorio italiano con Video on Line, Cecco ha capito che da quel doppino sarebbe passato il futuro. Ha dedidicato tutta la sua carriera a capire Internet e poi i social e ora l'Ai. Una carriera in costante aggiornamento. E questa esperienza la mette in campo ogni giorno. Per\u00f2 ogni tanto Cecco ha voglia anche di non scrivere \"pipponi\" sulla politica, sull'economia. Ha voglia anche di scrivere qualcosa di divertente. Le notizie che trovate su Bake News sono le stesse che Cecco porta all'aperitivo con gli amici. Quelle di cui discutere per farsi due risate. Notizie, vere (qualche volta si fa fatica a crederlo), strane, divertenti, ma anche serie. Bake News \u00e8 nato per questo, dare al pubblico notizie croccanti e calde come il pane che esce dal forno. E Cecco Prestina \u00e8 nato con Bake News.","url":"https:\/\/newsvirali.it\/fr\/autore\/cecco-prestina\/"}]}},"_links":{"self":[{"href":"https:\/\/newsvirali.it\/fr\/wp-json\/wp\/v2\/posts\/57366","targetHints":{"allow":["GET"]}}],"collection":[{"href":"https:\/\/newsvirali.it\/fr\/wp-json\/wp\/v2\/posts"}],"about":[{"href":"https:\/\/newsvirali.it\/fr\/wp-json\/wp\/v2\/types\/post"}],"author":[{"embeddable":true,"href":"https:\/\/newsvirali.it\/fr\/wp-json\/wp\/v2\/users\/4"}],"replies":[{"embeddable":true,"href":"https:\/\/newsvirali.it\/fr\/wp-json\/wp\/v2\/comments?post=57366"}],"version-history":[{"count":1,"href":"https:\/\/newsvirali.it\/fr\/wp-json\/wp\/v2\/posts\/57366\/revisions"}],"predecessor-version":[{"id":57368,"href":"https:\/\/newsvirali.it\/fr\/wp-json\/wp\/v2\/posts\/57366\/revisions\/57368"}],"wp:featuredmedia":[{"embeddable":true,"href":"https:\/\/newsvirali.it\/fr\/wp-json\/wp\/v2\/media\/57371"}],"wp:attachment":[{"href":"https:\/\/newsvirali.it\/fr\/wp-json\/wp\/v2\/media?parent=57366"}],"wp:term":[{"taxonomy":"category","embeddable":true,"href":"https:\/\/newsvirali.it\/fr\/wp-json\/wp\/v2\/categories?post=57366"},{"taxonomy":"post_tag","embeddable":true,"href":"https:\/\/newsvirali.it\/fr\/wp-json\/wp\/v2\/tags?post=57366"}],"curies":[{"name":"wp","href":"https:\/\/api.w.org\/{rel}","templated":true}]}}