{"id":57307,"date":"2025-04-24T11:16:13","date_gmt":"2025-04-24T09:16:13","guid":{"rendered":"https:\/\/newsvirali.it\/?p=57307"},"modified":"2025-04-24T11:16:15","modified_gmt":"2025-04-24T09:16:15","slug":"morte-papa-francesco-benefattore-tomba-del-vecchio","status":"publish","type":"post","link":"https:\/\/newsvirali.it\/fr\/2025\/04\/24\/mort-pape-francois-bienfaiteur-tombeau-de-lancien\/","title":{"rendered":"Mort du pape Fran\u00e7ois, voici le myst\u00e9rieux bienfaiteur qui a pay\u00e9 la tombe du pontife"},"content":{"rendered":"<p>Avec la publication du <a href=\"https:\/\/www.tgcom24.mediaset.it\/cronaca\/papa-francesco-diffuso-testamento-lascito_97025843-202502k.shtml\">testament spirituel de <strong>Pape Fran\u00e7ois<\/strong><\/a>, un d\u00e9tail est apparu qui a rapidement fait le tour du monde : <strong>les frais de sa tombe ont \u00e9t\u00e9 enti\u00e8rement couverts par un bienfaiteur anonyme<\/strong>. Aucune indication officielle, aucune d\u00e9claration du Vatican. Juste un geste silencieux, plein de sens. Mais qui se cache derri\u00e8re ce don ?<\/p>\n\n\n\n<p><strong>LIRE LES AUTRES NOUVELLES CURIEUSES<\/strong><\/p>\n\n\n<ul class=\"wp-block-latest-posts__list wp-block-latest-posts\"><li><a class=\"wp-block-latest-posts__post-title\" href=\"https:\/\/newsvirali.it\/fr\/2026\/02\/09\/panne-de-courant-flying-pig-en-chine\/\">Un cochon volant provoque une panne de courant\u00a0: d\u00e9couvrez cette histoire incroyable (et ce n\u2019est pas de l\u2019IA).<\/a><\/li>\n<li><a class=\"wp-block-latest-posts__post-title\" href=\"https:\/\/newsvirali.it\/fr\/2026\/02\/03\/chirurgie-esthetique-pour-cadavres-obeses-a-new-york\/\">Chirurgie esth\u00e9tique choquante \u00e0 New York\u00a0: de la graisse de cadavres pour embellir le corps<\/a><\/li>\n<li><a class=\"wp-block-latest-posts__post-title\" href=\"https:\/\/newsvirali.it\/fr\/2026\/01\/28\/garcon-coince-dans-un-tuyau-de-28-cm-au-kansas\/\">Un gar\u00e7on coinc\u00e9 dans un tuyau de 28 cm de diam\u00e8tre, mais internet doute qu&#039;il ait \u00e9t\u00e9 secouru.<\/a><\/li>\n<li><a class=\"wp-block-latest-posts__post-title\" href=\"https:\/\/newsvirali.it\/fr\/2026\/01\/14\/des-mannequins-onlyfans-expulsees-dun-avion-a-miami\/\">Des mannequins OnlyFans expuls\u00e9es d&#039;un avion par la police, \u00e0 moiti\u00e9 nues<\/a><\/li>\n<li><a class=\"wp-block-latest-posts__post-title\" href=\"https:\/\/newsvirali.it\/fr\/2026\/01\/12\/emballages-en-plastique-ouverts\/\">Plus besoin de ciseaux\u00a0: une maman r\u00e9v\u00e8le une m\u00e9thode simple pour ouvrir les emballages plastiques les plus difficiles.<\/a><\/li>\n<\/ul>\n\n\n<h2 class=\"wp-block-heading\" id=\"h-tutti-gli-indizi-portano-a-leonardo-del-vecchio\">Tous les indices pointent vers Leonardo Del Vecchio<\/h2>\n\n\n\n<p>Apr\u00e8s une analyse minutieuse des liens financiers et spirituels entre le Saint-Si\u00e8ge et certains grands entrepreneurs italiens, <strong>Un nom se d\u00e9marque de tous les autres : Leonardo Del Vecchio<\/strong>, le fondateur de Luxottica, d\u00e9c\u00e9d\u00e9 en juin 2022. Bien qu&#039;il n&#039;y ait pas de confirmation officielle du Vatican, l&#039;hypoth\u00e8se selon laquelle il est <strong>Del Vecchio aurait laiss\u00e9 des ressources pour la tombe du pape Fran\u00e7ois<\/strong> semble de plus en plus plausible.<\/p>\n\n\n\n<h2 class=\"wp-block-heading\" id=\"h-un-rapporto-discreto-ma-profondo\">Une relation discr\u00e8te mais profonde<\/h2>\n\n\n\n<p>Del Vecchio n\u2019avait pas l\u2019habitude d\u2019afficher ses relations institutionnelles. N\u00e9anmoins, <strong>ses nombreuses initiatives philanthropiques en collaboration avec l&#039;\u00c9glise<\/strong> ils racontent un lien profond et discret avec le pape Fran\u00e7ois. En 2021, gr\u00e2ce \u00e0 la <strong>Fondation Leonardo Del Vecchio<\/strong>, l&#039;entrepreneur, avec le Vatican, a sauv\u00e9 l&#039;h\u00f4pital Fatebenefratelli de Rome, qui traversait une grave crise \u00e9conomique. Un investissement de <strong>150 millions d&#039;euros<\/strong>, dont la moiti\u00e9 provient de la fondation Del Vecchio elle-m\u00eame, a contribu\u00e9 \u00e0 donner une nouvelle vie \u00e0 un \u00e9tablissement de sant\u00e9 catholique.<\/p>\n\n\n\n<h2 class=\"wp-block-heading\" id=\"h-la-continuita-spirituale-affidata-al-figlio\">La continuit\u00e9 spirituelle confi\u00e9e au fils<\/h2>\n\n\n\n<p>Leonardo Maria Del Vecchio, quatri\u00e8me fils du fondateur, a h\u00e9rit\u00e9 de l&#039;h\u00e9ritage moral de son p\u00e8re. Le 13 janvier 2025, il a \u00e9t\u00e9 re\u00e7u en audience priv\u00e9e par le pape Fran\u00e7ois pour pr\u00e9senter les projets de l&#039; <strong>Fondation OneSight EssilorLuxottica<\/strong>, y compris l&#039;ouverture d&#039;une clinique ophtalmologique sociale \u00e0 la Communaut\u00e9 de Sant&#039;Egidio en vue du Jubil\u00e9. Au cours de la r\u00e9union, il a d\u00e9clar\u00e9 : <em>\u00ab Mon p\u00e8re m\u2019a toujours appris que le succ\u00e8s doit \u00eatre partag\u00e9 avec ceux qui ont moins. \u00bb<\/em>.<\/p>\n\n\n\n<h2 class=\"wp-block-heading\" id=\"h-una-cerimonia-che-dice-molto\">Une c\u00e9r\u00e9monie qui en dit long<\/h2>\n\n\n\n<p>Le 30 juin 2022, \u00e0 <strong>PalaLuxottica d&#039;Agordo<\/strong>, plus de 5 000 personnes ont rendu un dernier hommage \u00e0 Del Vecchio. Les fun\u00e9railles ont \u00e9t\u00e9 c\u00e9l\u00e9br\u00e9es par <strong>Monseigneur Renato Marangoni<\/strong>, \u00e9v\u00eaque de Belluno-Feltre et proche collaborateur du Vatican, nomm\u00e9 par le pape Fran\u00e7ois en 2016. Au cours de l&#039;hom\u00e9lie, l&#039;\u00e9v\u00eaque a compar\u00e9 la vie de Del Vecchio \u00e0 la parabole du grain de moutarde : humble au d\u00e9but, capable de devenir un grand arbre de bont\u00e9.<\/p>\n\n\n\n<h2 class=\"wp-block-heading\" id=\"h-un-gesto-postumo-in-linea-con-una-vita-di-valori\">Un geste posthume en accord avec une vie de valeurs<\/h2>\n\n\n\n<p>\u00c0 la lumi\u00e8re de ses engagements caritatifs, de la relation personnelle de son fils avec le pape Fran\u00e7ois, de sa proximit\u00e9 institutionnelle avec le Vatican et de son d\u00e9sir constant d&#039;anonymat dans les bonnes \u0153uvres, <strong>l&#039;hypoth\u00e8se selon laquelle Del Vecchio aurait voulu laisser un dernier cadeau au pape est loin d&#039;\u00eatre tir\u00e9e par les cheveux<\/strong>. Un geste silencieux, cach\u00e9, coh\u00e9rent avec son style et avec la spiritualit\u00e9 du pape Fran\u00e7ois.<\/p>\n<br \/>Suivez-nous \u00e9galement sur Google News : <b><a href=\"https:\/\/news.google.com\/publications\/CAAqBwgKMNqJiwswjMfqAg?hl=it&gl=IT&ceid=IT:it\" target=\"_blank\">Cliquez ici<\/a><\/b>","protected":false},"excerpt":{"rendered":"<p>Avec la publication du testament spirituel du pape Fran\u00e7ois, un d\u00e9tail est apparu qui a rapidement fait le tour [\u2026]<\/p>","protected":false},"author":4,"featured_media":57308,"comment_status":"closed","ping_status":"open","sticky":false,"template":"","format":"standard","meta":{"MSN_Categories":"Uncategorized","MSN_Publish_Option":false,"MSN_Is_Local_News":false,"MSN_Is_AIAC_Included":"Empty","MSN_Location":"[]","MSN_Add_Feature_Img_On_Top_Of_Post":false,"MSN_Has_Custom_Author":false,"MSN_Custom_Author":"","MSN_Has_Custom_Canonical_Url":false,"MSN_Custom_Canonical_Url":"","footnotes":""},"categories":[7],"tags":[],"class_list":["post-57307","post","type-post","status-publish","format-standard","has-post-thumbnail","hentry","category-cronaca"],"acf":[],"yoast_head":"<!-- This site is optimized with the Yoast SEO Premium plugin v26.7 (Yoast SEO v26.7) - https:\/\/yoast.com\/wordpress\/plugins\/seo\/ -->\n<title>Papa Francesco, ecco chi ha pagato la sua tomba: la verit\u00e0 sul benefattore<\/title>\n<meta name=\"description\" content=\"Scopri perch\u00e9 il benefattore misterioso che ha pagato la tomba di Papa Francesco potrebbe essere Leonardo Del Vecchio.\" \/>\n<meta name=\"robots\" content=\"index, follow, max-snippet:-1, max-image-preview:large, max-video-preview:-1\" \/>\n<link rel=\"canonical\" href=\"https:\/\/newsvirali.it\/fr\/2025\/04\/24\/mort-pape-francois-bienfaiteur-tombeau-de-lancien\/\" \/>\n<meta property=\"og:locale\" content=\"fr_FR\" \/>\n<meta property=\"og:type\" content=\"article\" \/>\n<meta property=\"og:title\" content=\"Morte di Papa Francesco, ecco chi \u00e8 il benefattore misterioso che ha pagato la tomba del pontefice\" \/>\n<meta property=\"og:description\" content=\"Scopri perch\u00e9 il benefattore misterioso che ha pagato la tomba di Papa Francesco potrebbe essere Leonardo Del Vecchio.\" \/>\n<meta property=\"og:url\" content=\"https:\/\/newsvirali.it\/fr\/2025\/04\/24\/mort-pape-francois-bienfaiteur-tombeau-de-lancien\/\" \/>\n<meta property=\"og:site_name\" content=\"News virali\" \/>\n<meta property=\"article:published_time\" content=\"2025-04-24T09:16:13+00:00\" \/>\n<meta property=\"article:modified_time\" content=\"2025-04-24T09:16:15+00:00\" \/>\n<meta property=\"og:image\" content=\"https:\/\/newsvirali.it\/wp-content\/uploads\/2025\/04\/franciscus_1738499392_3559113323920429837_3046235065.jpg\" \/>\n\t<meta property=\"og:image:width\" content=\"852\" \/>\n\t<meta property=\"og:image:height\" content=\"852\" \/>\n\t<meta property=\"og:image:type\" content=\"image\/jpeg\" \/>\n<meta name=\"author\" content=\"Cecco Prestina\" \/>\n<meta name=\"twitter:card\" content=\"summary_large_image\" \/>\n<meta name=\"twitter:label1\" content=\"\u00c9crit par\" \/>\n\t<meta name=\"twitter:data1\" content=\"Cecco Prestina\" \/>\n\t<meta name=\"twitter:label2\" content=\"Dur\u00e9e de lecture estim\u00e9e\" \/>\n\t<meta name=\"twitter:data2\" content=\"3 minutes\" \/>\n<script type=\"application\/ld+json\" class=\"yoast-schema-graph\">{\"@context\":\"https:\/\/schema.org\",\"@graph\":[{\"@type\":\"NewsArticle\",\"@id\":\"https:\/\/newsvirali.it\/2025\/04\/24\/morte-papa-francesco-benefattore-tomba-del-vecchio\/#article\",\"isPartOf\":{\"@id\":\"https:\/\/newsvirali.it\/2025\/04\/24\/morte-papa-francesco-benefattore-tomba-del-vecchio\/\"},\"author\":{\"name\":\"Cecco Prestina\",\"@id\":\"https:\/\/newsvirali.it\/fr\/#\/schema\/person\/4c835f7b49c9adb58b33901ee816565d\"},\"headline\":\"Morte di Papa Francesco, ecco chi \u00e8 il benefattore misterioso che ha pagato la tomba del pontefice\",\"datePublished\":\"2025-04-24T09:16:13+00:00\",\"dateModified\":\"2025-04-24T09:16:15+00:00\",\"mainEntityOfPage\":{\"@id\":\"https:\/\/newsvirali.it\/2025\/04\/24\/morte-papa-francesco-benefattore-tomba-del-vecchio\/\"},\"wordCount\":454,\"image\":{\"@id\":\"https:\/\/newsvirali.it\/2025\/04\/24\/morte-papa-francesco-benefattore-tomba-del-vecchio\/#primaryimage\"},\"thumbnailUrl\":\"https:\/\/newsvirali.it\/wp-content\/uploads\/2025\/04\/franciscus_1738499392_3559113323920429837_3046235065.jpg\",\"articleSection\":[\"Cronaca\"],\"inLanguage\":\"fr-FR\",\"copyrightYear\":\"2025\",\"copyrightHolder\":{\"@id\":\"https:\/\/newsvirali.it\/fr\/#organization\"}},{\"@type\":\"WebPage\",\"@id\":\"https:\/\/newsvirali.it\/2025\/04\/24\/morte-papa-francesco-benefattore-tomba-del-vecchio\/\",\"url\":\"https:\/\/newsvirali.it\/2025\/04\/24\/morte-papa-francesco-benefattore-tomba-del-vecchio\/\",\"name\":\"Papa Francesco, ecco chi ha pagato la sua tomba: la verit\u00e0 sul benefattore\",\"isPartOf\":{\"@id\":\"https:\/\/newsvirali.it\/fr\/#website\"},\"primaryImageOfPage\":{\"@id\":\"https:\/\/newsvirali.it\/2025\/04\/24\/morte-papa-francesco-benefattore-tomba-del-vecchio\/#primaryimage\"},\"image\":{\"@id\":\"https:\/\/newsvirali.it\/2025\/04\/24\/morte-papa-francesco-benefattore-tomba-del-vecchio\/#primaryimage\"},\"thumbnailUrl\":\"https:\/\/newsvirali.it\/wp-content\/uploads\/2025\/04\/franciscus_1738499392_3559113323920429837_3046235065.jpg\",\"datePublished\":\"2025-04-24T09:16:13+00:00\",\"dateModified\":\"2025-04-24T09:16:15+00:00\",\"author\":{\"@id\":\"https:\/\/newsvirali.it\/fr\/#\/schema\/person\/4c835f7b49c9adb58b33901ee816565d\"},\"description\":\"Scopri perch\u00e9 il benefattore misterioso che ha pagato la tomba di Papa Francesco potrebbe essere Leonardo Del Vecchio.\",\"breadcrumb\":{\"@id\":\"https:\/\/newsvirali.it\/2025\/04\/24\/morte-papa-francesco-benefattore-tomba-del-vecchio\/#breadcrumb\"},\"inLanguage\":\"fr-FR\",\"potentialAction\":[{\"@type\":\"ReadAction\",\"target\":[\"https:\/\/newsvirali.it\/2025\/04\/24\/morte-papa-francesco-benefattore-tomba-del-vecchio\/\"]}]},{\"@type\":\"ImageObject\",\"inLanguage\":\"fr-FR\",\"@id\":\"https:\/\/newsvirali.it\/2025\/04\/24\/morte-papa-francesco-benefattore-tomba-del-vecchio\/#primaryimage\",\"url\":\"https:\/\/newsvirali.it\/wp-content\/uploads\/2025\/04\/franciscus_1738499392_3559113323920429837_3046235065.jpg\",\"contentUrl\":\"https:\/\/newsvirali.it\/wp-content\/uploads\/2025\/04\/franciscus_1738499392_3559113323920429837_3046235065.jpg\",\"width\":852,\"height\":852},{\"@type\":\"BreadcrumbList\",\"@id\":\"https:\/\/newsvirali.it\/2025\/04\/24\/morte-papa-francesco-benefattore-tomba-del-vecchio\/#breadcrumb\",\"itemListElement\":[{\"@type\":\"ListItem\",\"position\":1,\"name\":\"Home\",\"item\":\"https:\/\/newsvirali.it\/fr\/\"},{\"@type\":\"ListItem\",\"position\":2,\"name\":\"Morte di Papa Francesco, ecco chi \u00e8 il benefattore misterioso che ha pagato la tomba del pontefice\"}]},{\"@type\":\"WebSite\",\"@id\":\"https:\/\/newsvirali.it\/fr\/#website\",\"url\":\"https:\/\/newsvirali.it\/fr\/\",\"name\":\"Bake News\",\"description\":\"\",\"potentialAction\":[{\"@type\":\"SearchAction\",\"target\":{\"@type\":\"EntryPoint\",\"urlTemplate\":\"https:\/\/newsvirali.it\/fr\/?s={search_term_string}\"},\"query-input\":{\"@type\":\"PropertyValueSpecification\",\"valueRequired\":true,\"valueName\":\"search_term_string\"}}],\"inLanguage\":\"fr-FR\"},{\"@type\":\"Person\",\"@id\":\"https:\/\/newsvirali.it\/fr\/#\/schema\/person\/4c835f7b49c9adb58b33901ee816565d\",\"name\":\"Cecco Prestina\",\"description\":\"Perch\u00e9 nasconderlo? Cecco Prestina \u00e8 un alias, ma dietro di lui non si cela un algoritmo di intelligenza artificiale. C'\u00e8 un giornalista che ha oltre vent'anni di esperienza tutta sul web. Da quando il primo modem ha iniziato a gracchiare sul territorio italiano con Video on Line, Cecco ha capito che da quel doppino sarebbe passato il futuro. Ha dedidicato tutta la sua carriera a capire Internet e poi i social e ora l'Ai. Una carriera in costante aggiornamento. E questa esperienza la mette in campo ogni giorno. Per\u00f2 ogni tanto Cecco ha voglia anche di non scrivere \\\"pipponi\\\" sulla politica, sull'economia. Ha voglia anche di scrivere qualcosa di divertente. Le notizie che trovate su Bake News sono le stesse che Cecco porta all'aperitivo con gli amici. Quelle di cui discutere per farsi due risate. Notizie, vere (qualche volta si fa fatica a crederlo), strane, divertenti, ma anche serie. Bake News \u00e8 nato per questo, dare al pubblico notizie croccanti e calde come il pane che esce dal forno. E Cecco Prestina \u00e8 nato con Bake News.\",\"url\":\"https:\/\/newsvirali.it\/fr\/autore\/cecco-prestina\/\"}]}<\/script>\n<!-- \/ Yoast SEO Premium plugin. -->","yoast_head_json":{"title":"Papa Francesco, ecco chi ha pagato la sua tomba: la verit\u00e0 sul benefattore","description":"Scopri perch\u00e9 il benefattore misterioso che ha pagato la tomba di Papa Francesco potrebbe essere Leonardo Del Vecchio.","robots":{"index":"index","follow":"follow","max-snippet":"max-snippet:-1","max-image-preview":"max-image-preview:large","max-video-preview":"max-video-preview:-1"},"canonical":"https:\/\/newsvirali.it\/fr\/2025\/04\/24\/mort-pape-francois-bienfaiteur-tombeau-de-lancien\/","og_locale":"fr_FR","og_type":"article","og_title":"Morte di Papa Francesco, ecco chi \u00e8 il benefattore misterioso che ha pagato la tomba del pontefice","og_description":"Scopri perch\u00e9 il benefattore misterioso che ha pagato la tomba di Papa Francesco potrebbe essere Leonardo Del Vecchio.","og_url":"https:\/\/newsvirali.it\/fr\/2025\/04\/24\/mort-pape-francois-bienfaiteur-tombeau-de-lancien\/","og_site_name":"News virali","article_published_time":"2025-04-24T09:16:13+00:00","article_modified_time":"2025-04-24T09:16:15+00:00","og_image":[{"width":852,"height":852,"url":"https:\/\/newsvirali.it\/wp-content\/uploads\/2025\/04\/franciscus_1738499392_3559113323920429837_3046235065.jpg","type":"image\/jpeg"}],"author":"Cecco Prestina","twitter_card":"summary_large_image","twitter_misc":{"\u00c9crit par":"Cecco Prestina","Dur\u00e9e de lecture estim\u00e9e":"3 minutes"},"schema":{"@context":"https:\/\/schema.org","@graph":[{"@type":"NewsArticle","@id":"https:\/\/newsvirali.it\/2025\/04\/24\/morte-papa-francesco-benefattore-tomba-del-vecchio\/#article","isPartOf":{"@id":"https:\/\/newsvirali.it\/2025\/04\/24\/morte-papa-francesco-benefattore-tomba-del-vecchio\/"},"author":{"name":"Cecco Prestina","@id":"https:\/\/newsvirali.it\/fr\/#\/schema\/person\/4c835f7b49c9adb58b33901ee816565d"},"headline":"Morte di Papa Francesco, ecco chi \u00e8 il benefattore misterioso che ha pagato la tomba del pontefice","datePublished":"2025-04-24T09:16:13+00:00","dateModified":"2025-04-24T09:16:15+00:00","mainEntityOfPage":{"@id":"https:\/\/newsvirali.it\/2025\/04\/24\/morte-papa-francesco-benefattore-tomba-del-vecchio\/"},"wordCount":454,"image":{"@id":"https:\/\/newsvirali.it\/2025\/04\/24\/morte-papa-francesco-benefattore-tomba-del-vecchio\/#primaryimage"},"thumbnailUrl":"https:\/\/newsvirali.it\/wp-content\/uploads\/2025\/04\/franciscus_1738499392_3559113323920429837_3046235065.jpg","articleSection":["Cronaca"],"inLanguage":"fr-FR","copyrightYear":"2025","copyrightHolder":{"@id":"https:\/\/newsvirali.it\/fr\/#organization"}},{"@type":"WebPage","@id":"https:\/\/newsvirali.it\/2025\/04\/24\/morte-papa-francesco-benefattore-tomba-del-vecchio\/","url":"https:\/\/newsvirali.it\/2025\/04\/24\/morte-papa-francesco-benefattore-tomba-del-vecchio\/","name":"Papa Francesco, ecco chi ha pagato la sua tomba: la verit\u00e0 sul benefattore","isPartOf":{"@id":"https:\/\/newsvirali.it\/fr\/#website"},"primaryImageOfPage":{"@id":"https:\/\/newsvirali.it\/2025\/04\/24\/morte-papa-francesco-benefattore-tomba-del-vecchio\/#primaryimage"},"image":{"@id":"https:\/\/newsvirali.it\/2025\/04\/24\/morte-papa-francesco-benefattore-tomba-del-vecchio\/#primaryimage"},"thumbnailUrl":"https:\/\/newsvirali.it\/wp-content\/uploads\/2025\/04\/franciscus_1738499392_3559113323920429837_3046235065.jpg","datePublished":"2025-04-24T09:16:13+00:00","dateModified":"2025-04-24T09:16:15+00:00","author":{"@id":"https:\/\/newsvirali.it\/fr\/#\/schema\/person\/4c835f7b49c9adb58b33901ee816565d"},"description":"Scopri perch\u00e9 il benefattore misterioso che ha pagato la tomba di Papa Francesco potrebbe essere Leonardo Del Vecchio.","breadcrumb":{"@id":"https:\/\/newsvirali.it\/2025\/04\/24\/morte-papa-francesco-benefattore-tomba-del-vecchio\/#breadcrumb"},"inLanguage":"fr-FR","potentialAction":[{"@type":"ReadAction","target":["https:\/\/newsvirali.it\/2025\/04\/24\/morte-papa-francesco-benefattore-tomba-del-vecchio\/"]}]},{"@type":"ImageObject","inLanguage":"fr-FR","@id":"https:\/\/newsvirali.it\/2025\/04\/24\/morte-papa-francesco-benefattore-tomba-del-vecchio\/#primaryimage","url":"https:\/\/newsvirali.it\/wp-content\/uploads\/2025\/04\/franciscus_1738499392_3559113323920429837_3046235065.jpg","contentUrl":"https:\/\/newsvirali.it\/wp-content\/uploads\/2025\/04\/franciscus_1738499392_3559113323920429837_3046235065.jpg","width":852,"height":852},{"@type":"BreadcrumbList","@id":"https:\/\/newsvirali.it\/2025\/04\/24\/morte-papa-francesco-benefattore-tomba-del-vecchio\/#breadcrumb","itemListElement":[{"@type":"ListItem","position":1,"name":"Home","item":"https:\/\/newsvirali.it\/fr\/"},{"@type":"ListItem","position":2,"name":"Morte di Papa Francesco, ecco chi \u00e8 il benefattore misterioso che ha pagato la tomba del pontefice"}]},{"@type":"WebSite","@id":"https:\/\/newsvirali.it\/fr\/#website","url":"https:\/\/newsvirali.it\/fr\/","name":"Bake News","description":"","potentialAction":[{"@type":"SearchAction","target":{"@type":"EntryPoint","urlTemplate":"https:\/\/newsvirali.it\/fr\/?s={search_term_string}"},"query-input":{"@type":"PropertyValueSpecification","valueRequired":true,"valueName":"search_term_string"}}],"inLanguage":"fr-FR"},{"@type":"Person","@id":"https:\/\/newsvirali.it\/fr\/#\/schema\/person\/4c835f7b49c9adb58b33901ee816565d","name":"Cecco Prestina","description":"Perch\u00e9 nasconderlo? Cecco Prestina \u00e8 un alias, ma dietro di lui non si cela un algoritmo di intelligenza artificiale. C'\u00e8 un giornalista che ha oltre vent'anni di esperienza tutta sul web. Da quando il primo modem ha iniziato a gracchiare sul territorio italiano con Video on Line, Cecco ha capito che da quel doppino sarebbe passato il futuro. Ha dedidicato tutta la sua carriera a capire Internet e poi i social e ora l'Ai. Una carriera in costante aggiornamento. E questa esperienza la mette in campo ogni giorno. Per\u00f2 ogni tanto Cecco ha voglia anche di non scrivere \"pipponi\" sulla politica, sull'economia. Ha voglia anche di scrivere qualcosa di divertente. Le notizie che trovate su Bake News sono le stesse che Cecco porta all'aperitivo con gli amici. Quelle di cui discutere per farsi due risate. Notizie, vere (qualche volta si fa fatica a crederlo), strane, divertenti, ma anche serie. Bake News \u00e8 nato per questo, dare al pubblico notizie croccanti e calde come il pane che esce dal forno. E Cecco Prestina \u00e8 nato con Bake News.","url":"https:\/\/newsvirali.it\/fr\/autore\/cecco-prestina\/"}]}},"_links":{"self":[{"href":"https:\/\/newsvirali.it\/fr\/wp-json\/wp\/v2\/posts\/57307","targetHints":{"allow":["GET"]}}],"collection":[{"href":"https:\/\/newsvirali.it\/fr\/wp-json\/wp\/v2\/posts"}],"about":[{"href":"https:\/\/newsvirali.it\/fr\/wp-json\/wp\/v2\/types\/post"}],"author":[{"embeddable":true,"href":"https:\/\/newsvirali.it\/fr\/wp-json\/wp\/v2\/users\/4"}],"replies":[{"embeddable":true,"href":"https:\/\/newsvirali.it\/fr\/wp-json\/wp\/v2\/comments?post=57307"}],"version-history":[{"count":1,"href":"https:\/\/newsvirali.it\/fr\/wp-json\/wp\/v2\/posts\/57307\/revisions"}],"predecessor-version":[{"id":57309,"href":"https:\/\/newsvirali.it\/fr\/wp-json\/wp\/v2\/posts\/57307\/revisions\/57309"}],"wp:featuredmedia":[{"embeddable":true,"href":"https:\/\/newsvirali.it\/fr\/wp-json\/wp\/v2\/media\/57308"}],"wp:attachment":[{"href":"https:\/\/newsvirali.it\/fr\/wp-json\/wp\/v2\/media?parent=57307"}],"wp:term":[{"taxonomy":"category","embeddable":true,"href":"https:\/\/newsvirali.it\/fr\/wp-json\/wp\/v2\/categories?post=57307"},{"taxonomy":"post_tag","embeddable":true,"href":"https:\/\/newsvirali.it\/fr\/wp-json\/wp\/v2\/tags?post=57307"}],"curies":[{"name":"wp","href":"https:\/\/api.w.org\/{rel}","templated":true}]}}