{"id":57296,"date":"2025-04-23T14:34:11","date_gmt":"2025-04-23T12:34:11","guid":{"rendered":"https:\/\/newsvirali.it\/?p=57296"},"modified":"2025-04-23T14:47:09","modified_gmt":"2025-04-23T12:47:09","slug":"funerale-papa-francesco-cielo-roma-unita-militare","status":"publish","type":"post","link":"https:\/\/newsvirali.it\/fr\/2025\/04\/23\/funerailles-du-pape-francois-ciel-rome-unite-militaire\/","title":{"rendered":"Le ciel de Rome est ferm\u00e9 pour les fun\u00e9railles du pape Fran\u00e7ois : une unit\u00e9 militaire secr\u00e8te est sur le terrain"},"content":{"rendered":"<p>Le ciel au-dessus de Rome sera surveill\u00e9 par un<strong>unit\u00e9 militaire top secr\u00e8te<\/strong> lors des futures fun\u00e9railles du pape Fran\u00e7ois. Cela a \u00e9t\u00e9 r\u00e9v\u00e9l\u00e9 en exclusivit\u00e9 par <em>M\u00e9tro britannique<\/em>, citant des sources gouvernementales proches du Vatican et des services de s\u00e9curit\u00e9 italiens. M\u00eame si le Saint-Si\u00e8ge n&#039;a confirm\u00e9 aucune aggravation de l&#039;\u00e9tat de sant\u00e9 du Pontife, l&#039;alerte est tr\u00e8s \u00e9lev\u00e9e et les pr\u00e9paratifs sont d\u00e9j\u00e0 en cours.<\/p>\n\n\n\n<p><strong>DERNIERS ARTICLES DE NOUVELLES<\/strong><\/p>\n\n\n<ul class=\"wp-block-latest-posts__list wp-block-latest-posts\"><li><a class=\"wp-block-latest-posts__post-title\" href=\"https:\/\/newsvirali.it\/fr\/2026\/01\/30\/nouveaux-messages-darnaque-whatsapp-argent-des-amis\/\">Nouvelle arnaque sur WhatsApp\u00a0: le message provient d\u2019un ami qui demande de l\u2019argent.<\/a><\/li>\n<li><a class=\"wp-block-latest-posts__post-title\" href=\"https:\/\/newsvirali.it\/fr\/2026\/01\/27\/la-collecte-de-fonds-gofundme-de-kastadiva-a-ete-bloquee\/\">La drag queen KastaDiva se suicide ; Taffo bloque la collecte de fonds pour le rapatriement de son corps.<\/a><\/li>\n<li><a class=\"wp-block-latest-posts__post-title\" href=\"https:\/\/newsvirali.it\/fr\/2026\/01\/26\/affaire-pretti-fusillade-accidentelle\/\">Affaire Pretti\u00a0: La th\u00e9orie du tir accidentel embarrasse l\u2019ICE<\/a><\/li>\n<li><a class=\"wp-block-latest-posts__post-title\" href=\"https:\/\/newsvirali.it\/fr\/2026\/01\/21\/querelle-doleaire-musc\/\">L&#039;\u00e9change acerbe entre Musk et O&#039;Leary sur les r\u00e9seaux sociaux\u00a0: voici pourquoi ils se sont brouill\u00e9s.<\/a><\/li>\n<li><a class=\"wp-block-latest-posts__post-title\" href=\"https:\/\/newsvirali.it\/fr\/2025\/12\/10\/un-fugitif-de-la-creche-de-galatone-arrete\/\">Un fugitif arr\u00eat\u00e9 \u00e0 Galatone (Lecce) pour s&#039;\u00eatre fondu dans les statues de la cr\u00e8che.<\/a><\/li>\n<\/ul>\n\n\n<h2 class=\"wp-block-heading\" id=\"h-la-task-force-segretissima-a-protezione-del-vaticano\">Le groupe de travail \u00ab Top Secret \u00bb pour prot\u00e9ger le Vatican<\/h2>\n\n\n\n<p>Selon les rapports, un <strong>unit\u00e9 militaire ultra-secr\u00e8te<\/strong> sera charg\u00e9 de d\u00e9fendre l&#039;espace a\u00e9rien romain contre d&#039;\u00e9ventuelles menaces lors de l&#039;\u00e9v\u00e9nement fun\u00e9raire. Un initi\u00e9 du gouvernement a d\u00e9clar\u00e9 :<br><strong>\u00ab Une \u00e9quipe d\u2019\u00e9lite est pr\u00eate \u00e0 intervenir au cas o\u00f9 un avion non identifi\u00e9 s\u2019approcherait de Rome pendant les fun\u00e9railles. \u00bb<\/strong> <\/p>\n\n\n\n<p>Des sources parlent d\u2019un groupe de travail form\u00e9 pour \u00ab<strong>\u00e9liminer toute menace dans le ciel romain<\/strong>\u00ab avec des technologies avanc\u00e9es de d\u00e9tection et de d\u00e9fense.<\/p>\n\n\n\n<h2 class=\"wp-block-heading\" id=\"h-un-piano-di-sicurezza-mai-visto-prima-per-un-papa\">Un plan de s\u00e9curit\u00e9 jamais vu auparavant pour un pape<\/h2>\n\n\n\n<p>Le niveau d&#039;alerte pour les fun\u00e9railles du pape Fran\u00e7ois devrait \u00eatre plus \u00e9lev\u00e9 que celui de Jean-Paul II en 2005. A l&#039;\u00e9poque, des millions de fid\u00e8les et des centaines de chefs d&#039;Etat affluaient dans la capitale italienne. Le risque aujourd\u2019hui n\u2019est pas seulement li\u00e9 au terrorisme, mais aussi \u00e0 d\u2019\u00e9ventuelles interf\u00e9rences de drones, d\u2019avions espions ou de cyberattaques. Un responsable de la s\u00e9curit\u00e9 a d\u00e9clar\u00e9 <em>M\u00e8tre<\/em>: <strong>\u00ab Nous ne pouvons nous permettre aucune erreur. Rome deviendra l&#039;espace a\u00e9rien le plus surveill\u00e9 au monde. \u00bb<\/strong><\/p>\n\n\n\n<p><\/p>\n<br \/>Suivez-nous \u00e9galement sur Google News : <b><a href=\"https:\/\/news.google.com\/publications\/CAAqBwgKMNqJiwswjMfqAg?hl=it&gl=IT&ceid=IT:it\" target=\"_blank\">Cliquez ici<\/a><\/b>","protected":false},"excerpt":{"rendered":"<p>Le ciel au-dessus de Rome sera gard\u00e9 par une unit\u00e9 militaire top secr\u00e8te lors des prochaines fun\u00e9railles du pape Fran\u00e7ois. Il a [\u2026]<\/p>","protected":false},"author":4,"featured_media":57297,"comment_status":"closed","ping_status":"open","sticky":false,"template":"","format":"standard","meta":{"MSN_Categories":"Uncategorized","MSN_Publish_Option":false,"MSN_Is_Local_News":false,"MSN_Is_AIAC_Included":"Empty","MSN_Location":"[]","MSN_Add_Feature_Img_On_Top_Of_Post":false,"MSN_Has_Custom_Author":false,"MSN_Custom_Author":"","MSN_Has_Custom_Canonical_Url":false,"MSN_Custom_Canonical_Url":"","footnotes":""},"categories":[7],"tags":[],"class_list":["post-57296","post","type-post","status-publish","format-standard","has-post-thumbnail","hentry","category-cronaca"],"acf":[],"yoast_head":"<!-- This site is optimized with the Yoast SEO Premium plugin v26.7 (Yoast SEO v26.7) - https:\/\/yoast.com\/wordpress\/plugins\/seo\/ -->\n<title>Roma, unit\u00e0 militare segreta per il funerale di Papa Francesco<\/title>\n<meta name=\"description\" content=\"Cielo blindato su Roma per il funerale di Papa Francesco: in azione un\u2019unit\u00e0 militare segreta. Allerta massima e preparativi gi\u00e0 in corso.\" \/>\n<meta name=\"robots\" content=\"index, follow, max-snippet:-1, max-image-preview:large, max-video-preview:-1\" \/>\n<link rel=\"canonical\" href=\"https:\/\/newsvirali.it\/fr\/2025\/04\/23\/funerailles-du-pape-francois-ciel-rome-unite-militaire\/\" \/>\n<meta property=\"og:locale\" content=\"fr_FR\" \/>\n<meta property=\"og:type\" content=\"article\" \/>\n<meta property=\"og:title\" content=\"Cielo blindato a Roma per il funerale di Papa Francesco: in campo un\u2019unit\u00e0 militare segreta\" \/>\n<meta property=\"og:description\" content=\"Cielo blindato su Roma per il funerale di Papa Francesco: in azione un\u2019unit\u00e0 militare segreta. Allerta massima e preparativi gi\u00e0 in corso.\" \/>\n<meta property=\"og:url\" content=\"https:\/\/newsvirali.it\/fr\/2025\/04\/23\/funerailles-du-pape-francois-ciel-rome-unite-militaire\/\" \/>\n<meta property=\"og:site_name\" content=\"News virali\" \/>\n<meta property=\"article:published_time\" content=\"2025-04-23T12:34:11+00:00\" \/>\n<meta property=\"article:modified_time\" content=\"2025-04-23T12:47:09+00:00\" \/>\n<meta property=\"og:image\" content=\"https:\/\/newsvirali.it\/wp-content\/uploads\/2025\/04\/image-15.jpg\" \/>\n\t<meta property=\"og:image:width\" content=\"1024\" \/>\n\t<meta property=\"og:image:height\" content=\"768\" \/>\n\t<meta property=\"og:image:type\" content=\"image\/jpeg\" \/>\n<meta name=\"author\" content=\"Cecco Prestina\" \/>\n<meta name=\"twitter:card\" content=\"summary_large_image\" \/>\n<meta name=\"twitter:label1\" content=\"\u00c9crit par\" \/>\n\t<meta name=\"twitter:data1\" content=\"Cecco Prestina\" \/>\n\t<meta name=\"twitter:label2\" content=\"Dur\u00e9e de lecture estim\u00e9e\" \/>\n\t<meta name=\"twitter:data2\" content=\"2 minutes\" \/>\n<script type=\"application\/ld+json\" class=\"yoast-schema-graph\">{\"@context\":\"https:\/\/schema.org\",\"@graph\":[{\"@type\":\"NewsArticle\",\"@id\":\"https:\/\/newsvirali.it\/2025\/04\/23\/funerale-papa-francesco-cielo-roma-unita-militare\/#article\",\"isPartOf\":{\"@id\":\"https:\/\/newsvirali.it\/2025\/04\/23\/funerale-papa-francesco-cielo-roma-unita-militare\/\"},\"author\":{\"name\":\"Cecco Prestina\",\"@id\":\"https:\/\/newsvirali.it\/fr\/#\/schema\/person\/4c835f7b49c9adb58b33901ee816565d\"},\"headline\":\"Cielo blindato a Roma per il funerale di Papa Francesco: in campo un\u2019unit\u00e0 militare segreta\",\"datePublished\":\"2025-04-23T12:34:11+00:00\",\"dateModified\":\"2025-04-23T12:47:09+00:00\",\"mainEntityOfPage\":{\"@id\":\"https:\/\/newsvirali.it\/2025\/04\/23\/funerale-papa-francesco-cielo-roma-unita-militare\/\"},\"wordCount\":249,\"image\":{\"@id\":\"https:\/\/newsvirali.it\/2025\/04\/23\/funerale-papa-francesco-cielo-roma-unita-militare\/#primaryimage\"},\"thumbnailUrl\":\"https:\/\/newsvirali.it\/wp-content\/uploads\/2025\/04\/image-15.jpg\",\"articleSection\":[\"Cronaca\"],\"inLanguage\":\"fr-FR\",\"copyrightYear\":\"2025\",\"copyrightHolder\":{\"@id\":\"https:\/\/newsvirali.it\/fr\/#organization\"}},{\"@type\":\"WebPage\",\"@id\":\"https:\/\/newsvirali.it\/2025\/04\/23\/funerale-papa-francesco-cielo-roma-unita-militare\/\",\"url\":\"https:\/\/newsvirali.it\/2025\/04\/23\/funerale-papa-francesco-cielo-roma-unita-militare\/\",\"name\":\"Roma, unit\u00e0 militare segreta per il funerale di Papa Francesco\",\"isPartOf\":{\"@id\":\"https:\/\/newsvirali.it\/fr\/#website\"},\"primaryImageOfPage\":{\"@id\":\"https:\/\/newsvirali.it\/2025\/04\/23\/funerale-papa-francesco-cielo-roma-unita-militare\/#primaryimage\"},\"image\":{\"@id\":\"https:\/\/newsvirali.it\/2025\/04\/23\/funerale-papa-francesco-cielo-roma-unita-militare\/#primaryimage\"},\"thumbnailUrl\":\"https:\/\/newsvirali.it\/wp-content\/uploads\/2025\/04\/image-15.jpg\",\"datePublished\":\"2025-04-23T12:34:11+00:00\",\"dateModified\":\"2025-04-23T12:47:09+00:00\",\"author\":{\"@id\":\"https:\/\/newsvirali.it\/fr\/#\/schema\/person\/4c835f7b49c9adb58b33901ee816565d\"},\"description\":\"Cielo blindato su Roma per il funerale di Papa Francesco: in azione un\u2019unit\u00e0 militare segreta. Allerta massima e preparativi gi\u00e0 in corso.\",\"breadcrumb\":{\"@id\":\"https:\/\/newsvirali.it\/2025\/04\/23\/funerale-papa-francesco-cielo-roma-unita-militare\/#breadcrumb\"},\"inLanguage\":\"fr-FR\",\"potentialAction\":[{\"@type\":\"ReadAction\",\"target\":[\"https:\/\/newsvirali.it\/2025\/04\/23\/funerale-papa-francesco-cielo-roma-unita-militare\/\"]}]},{\"@type\":\"ImageObject\",\"inLanguage\":\"fr-FR\",\"@id\":\"https:\/\/newsvirali.it\/2025\/04\/23\/funerale-papa-francesco-cielo-roma-unita-militare\/#primaryimage\",\"url\":\"https:\/\/newsvirali.it\/wp-content\/uploads\/2025\/04\/image-15.jpg\",\"contentUrl\":\"https:\/\/newsvirali.it\/wp-content\/uploads\/2025\/04\/image-15.jpg\",\"width\":1024,\"height\":768},{\"@type\":\"BreadcrumbList\",\"@id\":\"https:\/\/newsvirali.it\/2025\/04\/23\/funerale-papa-francesco-cielo-roma-unita-militare\/#breadcrumb\",\"itemListElement\":[{\"@type\":\"ListItem\",\"position\":1,\"name\":\"Home\",\"item\":\"https:\/\/newsvirali.it\/fr\/\"},{\"@type\":\"ListItem\",\"position\":2,\"name\":\"Cielo blindato a Roma per il funerale di Papa Francesco: in campo un\u2019unit\u00e0 militare segreta\"}]},{\"@type\":\"WebSite\",\"@id\":\"https:\/\/newsvirali.it\/fr\/#website\",\"url\":\"https:\/\/newsvirali.it\/fr\/\",\"name\":\"Bake News\",\"description\":\"\",\"potentialAction\":[{\"@type\":\"SearchAction\",\"target\":{\"@type\":\"EntryPoint\",\"urlTemplate\":\"https:\/\/newsvirali.it\/fr\/?s={search_term_string}\"},\"query-input\":{\"@type\":\"PropertyValueSpecification\",\"valueRequired\":true,\"valueName\":\"search_term_string\"}}],\"inLanguage\":\"fr-FR\"},{\"@type\":\"Person\",\"@id\":\"https:\/\/newsvirali.it\/fr\/#\/schema\/person\/4c835f7b49c9adb58b33901ee816565d\",\"name\":\"Cecco Prestina\",\"description\":\"Perch\u00e9 nasconderlo? Cecco Prestina \u00e8 un alias, ma dietro di lui non si cela un algoritmo di intelligenza artificiale. C'\u00e8 un giornalista che ha oltre vent'anni di esperienza tutta sul web. Da quando il primo modem ha iniziato a gracchiare sul territorio italiano con Video on Line, Cecco ha capito che da quel doppino sarebbe passato il futuro. Ha dedidicato tutta la sua carriera a capire Internet e poi i social e ora l'Ai. Una carriera in costante aggiornamento. E questa esperienza la mette in campo ogni giorno. Per\u00f2 ogni tanto Cecco ha voglia anche di non scrivere \\\"pipponi\\\" sulla politica, sull'economia. Ha voglia anche di scrivere qualcosa di divertente. Le notizie che trovate su Bake News sono le stesse che Cecco porta all'aperitivo con gli amici. Quelle di cui discutere per farsi due risate. Notizie, vere (qualche volta si fa fatica a crederlo), strane, divertenti, ma anche serie. Bake News \u00e8 nato per questo, dare al pubblico notizie croccanti e calde come il pane che esce dal forno. E Cecco Prestina \u00e8 nato con Bake News.\",\"url\":\"https:\/\/newsvirali.it\/fr\/autore\/cecco-prestina\/\"}]}<\/script>\n<!-- \/ Yoast SEO Premium plugin. -->","yoast_head_json":{"title":"Roma, unit\u00e0 militare segreta per il funerale di Papa Francesco","description":"Cielo blindato su Roma per il funerale di Papa Francesco: in azione un\u2019unit\u00e0 militare segreta. Allerta massima e preparativi gi\u00e0 in corso.","robots":{"index":"index","follow":"follow","max-snippet":"max-snippet:-1","max-image-preview":"max-image-preview:large","max-video-preview":"max-video-preview:-1"},"canonical":"https:\/\/newsvirali.it\/fr\/2025\/04\/23\/funerailles-du-pape-francois-ciel-rome-unite-militaire\/","og_locale":"fr_FR","og_type":"article","og_title":"Cielo blindato a Roma per il funerale di Papa Francesco: in campo un\u2019unit\u00e0 militare segreta","og_description":"Cielo blindato su Roma per il funerale di Papa Francesco: in azione un\u2019unit\u00e0 militare segreta. Allerta massima e preparativi gi\u00e0 in corso.","og_url":"https:\/\/newsvirali.it\/fr\/2025\/04\/23\/funerailles-du-pape-francois-ciel-rome-unite-militaire\/","og_site_name":"News virali","article_published_time":"2025-04-23T12:34:11+00:00","article_modified_time":"2025-04-23T12:47:09+00:00","og_image":[{"width":1024,"height":768,"url":"https:\/\/newsvirali.it\/wp-content\/uploads\/2025\/04\/image-15.jpg","type":"image\/jpeg"}],"author":"Cecco Prestina","twitter_card":"summary_large_image","twitter_misc":{"\u00c9crit par":"Cecco Prestina","Dur\u00e9e de lecture estim\u00e9e":"2 minutes"},"schema":{"@context":"https:\/\/schema.org","@graph":[{"@type":"NewsArticle","@id":"https:\/\/newsvirali.it\/2025\/04\/23\/funerale-papa-francesco-cielo-roma-unita-militare\/#article","isPartOf":{"@id":"https:\/\/newsvirali.it\/2025\/04\/23\/funerale-papa-francesco-cielo-roma-unita-militare\/"},"author":{"name":"Cecco Prestina","@id":"https:\/\/newsvirali.it\/fr\/#\/schema\/person\/4c835f7b49c9adb58b33901ee816565d"},"headline":"Cielo blindato a Roma per il funerale di Papa Francesco: in campo un\u2019unit\u00e0 militare segreta","datePublished":"2025-04-23T12:34:11+00:00","dateModified":"2025-04-23T12:47:09+00:00","mainEntityOfPage":{"@id":"https:\/\/newsvirali.it\/2025\/04\/23\/funerale-papa-francesco-cielo-roma-unita-militare\/"},"wordCount":249,"image":{"@id":"https:\/\/newsvirali.it\/2025\/04\/23\/funerale-papa-francesco-cielo-roma-unita-militare\/#primaryimage"},"thumbnailUrl":"https:\/\/newsvirali.it\/wp-content\/uploads\/2025\/04\/image-15.jpg","articleSection":["Cronaca"],"inLanguage":"fr-FR","copyrightYear":"2025","copyrightHolder":{"@id":"https:\/\/newsvirali.it\/fr\/#organization"}},{"@type":"WebPage","@id":"https:\/\/newsvirali.it\/2025\/04\/23\/funerale-papa-francesco-cielo-roma-unita-militare\/","url":"https:\/\/newsvirali.it\/2025\/04\/23\/funerale-papa-francesco-cielo-roma-unita-militare\/","name":"Roma, unit\u00e0 militare segreta per il funerale di Papa Francesco","isPartOf":{"@id":"https:\/\/newsvirali.it\/fr\/#website"},"primaryImageOfPage":{"@id":"https:\/\/newsvirali.it\/2025\/04\/23\/funerale-papa-francesco-cielo-roma-unita-militare\/#primaryimage"},"image":{"@id":"https:\/\/newsvirali.it\/2025\/04\/23\/funerale-papa-francesco-cielo-roma-unita-militare\/#primaryimage"},"thumbnailUrl":"https:\/\/newsvirali.it\/wp-content\/uploads\/2025\/04\/image-15.jpg","datePublished":"2025-04-23T12:34:11+00:00","dateModified":"2025-04-23T12:47:09+00:00","author":{"@id":"https:\/\/newsvirali.it\/fr\/#\/schema\/person\/4c835f7b49c9adb58b33901ee816565d"},"description":"Cielo blindato su Roma per il funerale di Papa Francesco: in azione un\u2019unit\u00e0 militare segreta. Allerta massima e preparativi gi\u00e0 in corso.","breadcrumb":{"@id":"https:\/\/newsvirali.it\/2025\/04\/23\/funerale-papa-francesco-cielo-roma-unita-militare\/#breadcrumb"},"inLanguage":"fr-FR","potentialAction":[{"@type":"ReadAction","target":["https:\/\/newsvirali.it\/2025\/04\/23\/funerale-papa-francesco-cielo-roma-unita-militare\/"]}]},{"@type":"ImageObject","inLanguage":"fr-FR","@id":"https:\/\/newsvirali.it\/2025\/04\/23\/funerale-papa-francesco-cielo-roma-unita-militare\/#primaryimage","url":"https:\/\/newsvirali.it\/wp-content\/uploads\/2025\/04\/image-15.jpg","contentUrl":"https:\/\/newsvirali.it\/wp-content\/uploads\/2025\/04\/image-15.jpg","width":1024,"height":768},{"@type":"BreadcrumbList","@id":"https:\/\/newsvirali.it\/2025\/04\/23\/funerale-papa-francesco-cielo-roma-unita-militare\/#breadcrumb","itemListElement":[{"@type":"ListItem","position":1,"name":"Home","item":"https:\/\/newsvirali.it\/fr\/"},{"@type":"ListItem","position":2,"name":"Cielo blindato a Roma per il funerale di Papa Francesco: in campo un\u2019unit\u00e0 militare segreta"}]},{"@type":"WebSite","@id":"https:\/\/newsvirali.it\/fr\/#website","url":"https:\/\/newsvirali.it\/fr\/","name":"Bake News","description":"","potentialAction":[{"@type":"SearchAction","target":{"@type":"EntryPoint","urlTemplate":"https:\/\/newsvirali.it\/fr\/?s={search_term_string}"},"query-input":{"@type":"PropertyValueSpecification","valueRequired":true,"valueName":"search_term_string"}}],"inLanguage":"fr-FR"},{"@type":"Person","@id":"https:\/\/newsvirali.it\/fr\/#\/schema\/person\/4c835f7b49c9adb58b33901ee816565d","name":"Cecco Prestina","description":"Perch\u00e9 nasconderlo? Cecco Prestina \u00e8 un alias, ma dietro di lui non si cela un algoritmo di intelligenza artificiale. C'\u00e8 un giornalista che ha oltre vent'anni di esperienza tutta sul web. Da quando il primo modem ha iniziato a gracchiare sul territorio italiano con Video on Line, Cecco ha capito che da quel doppino sarebbe passato il futuro. Ha dedidicato tutta la sua carriera a capire Internet e poi i social e ora l'Ai. Una carriera in costante aggiornamento. E questa esperienza la mette in campo ogni giorno. Per\u00f2 ogni tanto Cecco ha voglia anche di non scrivere \"pipponi\" sulla politica, sull'economia. Ha voglia anche di scrivere qualcosa di divertente. Le notizie che trovate su Bake News sono le stesse che Cecco porta all'aperitivo con gli amici. Quelle di cui discutere per farsi due risate. Notizie, vere (qualche volta si fa fatica a crederlo), strane, divertenti, ma anche serie. Bake News \u00e8 nato per questo, dare al pubblico notizie croccanti e calde come il pane che esce dal forno. E Cecco Prestina \u00e8 nato con Bake News.","url":"https:\/\/newsvirali.it\/fr\/autore\/cecco-prestina\/"}]}},"_links":{"self":[{"href":"https:\/\/newsvirali.it\/fr\/wp-json\/wp\/v2\/posts\/57296","targetHints":{"allow":["GET"]}}],"collection":[{"href":"https:\/\/newsvirali.it\/fr\/wp-json\/wp\/v2\/posts"}],"about":[{"href":"https:\/\/newsvirali.it\/fr\/wp-json\/wp\/v2\/types\/post"}],"author":[{"embeddable":true,"href":"https:\/\/newsvirali.it\/fr\/wp-json\/wp\/v2\/users\/4"}],"replies":[{"embeddable":true,"href":"https:\/\/newsvirali.it\/fr\/wp-json\/wp\/v2\/comments?post=57296"}],"version-history":[{"count":2,"href":"https:\/\/newsvirali.it\/fr\/wp-json\/wp\/v2\/posts\/57296\/revisions"}],"predecessor-version":[{"id":57300,"href":"https:\/\/newsvirali.it\/fr\/wp-json\/wp\/v2\/posts\/57296\/revisions\/57300"}],"wp:featuredmedia":[{"embeddable":true,"href":"https:\/\/newsvirali.it\/fr\/wp-json\/wp\/v2\/media\/57297"}],"wp:attachment":[{"href":"https:\/\/newsvirali.it\/fr\/wp-json\/wp\/v2\/media?parent=57296"}],"wp:term":[{"taxonomy":"category","embeddable":true,"href":"https:\/\/newsvirali.it\/fr\/wp-json\/wp\/v2\/categories?post=57296"},{"taxonomy":"post_tag","embeddable":true,"href":"https:\/\/newsvirali.it\/fr\/wp-json\/wp\/v2\/tags?post=57296"}],"curies":[{"name":"wp","href":"https:\/\/api.w.org\/{rel}","templated":true}]}}