{"id":5233,"date":"2023-09-21T18:56:00","date_gmt":"2023-09-21T16:56:00","guid":{"rendered":"https:\/\/www.bakenews.it\/?p=5233"},"modified":"2023-09-21T19:29:15","modified_gmt":"2023-09-21T17:29:15","slug":"mauro-corona-tradisce-bianca-con-brad-pitt-ecco-la-foto-shock","status":"publish","type":"post","link":"https:\/\/newsvirali.it\/fr\/2023\/09\/21\/mauro-corona-trompe-bianca-avec-brad-pitt-voici-la-photo-choc\/","title":{"rendered":"Mauro Corona &quot;trompe&quot; Bianca avec Brad Pitt : voici la photo choc"},"content":{"rendered":"<p>Le couple auquel on ne s&#039;attend pas. Le bourru Mauro Corona et le beau Hollywoodien Brad Pitt. Mauro Corona a-t-il d\u00e9cid\u00e9 d&#039;abandonner sa Bianca Berlinguer ? Commen\u00e7ons par le d\u00e9but : une photo. Celui que \u00ab l\u2019abominable homme des bois \u00bb, comme l\u2019appelait Dagospia, a post\u00e9 sur son Facebook. Et nous voyons Mauro Corona et Brad Pitt.<\/p>\n\n\n\n<hr class=\"wp-block-separator has-alpha-channel-opacity\"\/>\n\n\n\n<p><strong>LIRE AUSSI<\/strong><\/p>\n\n\n\n<ul class=\"wp-block-list\">\n<li><a href=\"https:\/\/www.bakenews.it\/gf-vip-spagnolo-figuraccia-di-daniele-del-moro-bestemmia\/\">Au VIP Gf Espagnol Daniele Del Moro se ridiculise, il entre et\u2026<\/a><\/li>\n\n\n\n<li><a href=\"https:\/\/www.bakenews.it\/spara-amante-marito-mentre-sesso-orale-lui-quasi-evirato\/\">Elle tire sur l&#039;amant de son mari alors qu&#039;elle lui fait une fellation : elle mord, il est presque \u00e9mascul\u00e9<\/a><\/li>\n\n\n\n<li><a href=\"https:\/\/www.bakenews.it\/dimagrisce-45-kg-fit-influencer-morta-misterioso-malore\/\">Elle a perdu 45 kg et est devenue une influenceuse en forme : elle est d\u00e9c\u00e9d\u00e9e \u00e0 49 ans des suites d&#039;une myst\u00e9rieuse maladie<\/a><\/li>\n<\/ul>\n\n\n\n<hr class=\"wp-block-separator has-alpha-channel-opacity\"\/>\n\n\n\n<p><\/p>\n\n\n\n<p>Mais quelle en est la raison ? Brad Pitt avait d\u00e9j\u00e0 \u00e9t\u00e9 aper\u00e7u ces derniers jours dans le Haut-Adige et c&#039;\u00e9tait gr\u00e2ce \u00e0 un homme des cavernes. Ne vous inqui\u00e9tez pas, n&#039;insultez pas le sympathique et expert montagnard Corona. L&#039;acteur am\u00e9ricain est venu dans cette r\u00e9gion italienne pour une date tr\u00e8s particuli\u00e8re : la d\u00e9couverte d&#039;\u00d6tzi, la momie de Similaun. Au cours de son voyage, l&#039;acteur a rencontr\u00e9 Mauro Corona, alpiniste et \u00e9crivain bien connu. Les deux hommes se sont rencontr\u00e9s par hasard dans une auberge au bord du lac Misurina, o\u00f9 une photo a \u00e9t\u00e9 prise et publi\u00e9e sur le profil Facebook de Corona.<\/p>\n\n\n\n<p>Mais pourquoi Brad Pitt a-t-il fait un voyage dans le Nord-Est ? On dit que l&#039;acteur veut comm\u00e9morer la d\u00e9couverte d&#039;\u00d6tzi il y a 32 ans. Et peut-\u00eatre que la raison est aussi personnelle : la star de cin\u00e9ma porte en effet un tatouage repr\u00e9sentant l&#039;homme de Similaun. Bref, Mauro Corona et Brad Pitt se sont rencontr\u00e9s dans les montagnes du Nord-Est, une rencontre qui semble li\u00e9e au tatouage de Pitt et \u00e0 la d\u00e9couverte d&#039;\u00d6tzi. Une co\u00efncidence int\u00e9ressante pour cette star hollywoodienne !<\/p>\n<br \/>Suivez-nous \u00e9galement sur Google News : <b><a href=\"https:\/\/news.google.com\/publications\/CAAqBwgKMNqJiwswjMfqAg?hl=it&gl=IT&ceid=IT:it\" target=\"_blank\">Cliquez ici<\/a><\/b>","protected":false},"excerpt":{"rendered":"<p>Le couple auquel on ne s&#039;attend pas. Le bourru Mauro Corona et le beau Hollywoodien Brad Pitt. Mauro Corona a [...]<\/p>","protected":false},"author":4,"featured_media":5235,"comment_status":"open","ping_status":"open","sticky":false,"template":"","format":"standard","meta":{"MSN_Categories":"Uncategorized","MSN_Publish_Option":false,"MSN_Is_Local_News":false,"MSN_Is_AIAC_Included":"Empty","MSN_Location":"[]","MSN_Add_Feature_Img_On_Top_Of_Post":false,"MSN_Has_Custom_Author":false,"MSN_Custom_Author":"","MSN_Has_Custom_Canonical_Url":false,"MSN_Custom_Canonical_Url":"","footnotes":""},"categories":[18],"tags":[],"class_list":["post-5233","post","type-post","status-publish","format-standard","has-post-thumbnail","hentry","category-televisione"],"acf":[],"yoast_head":"<!-- This site is optimized with the Yoast SEO Premium plugin v26.7 (Yoast SEO v26.7) - https:\/\/yoast.com\/wordpress\/plugins\/seo\/ -->\n<title>Mauro Corona &quot;tradisce&quot; Bianca con Brad Pitt: ecco la foto shock<\/title>\n<meta name=\"description\" content=\"Il &quot;montanaro&quot; Mauro Corona avvistato con la megastar di Hollywood. Cosa bolle in pentola? Ecco cosa sappiamo.\" \/>\n<meta name=\"robots\" content=\"index, follow, max-snippet:-1, max-image-preview:large, max-video-preview:-1\" \/>\n<link rel=\"canonical\" href=\"https:\/\/newsvirali.it\/fr\/2023\/09\/21\/mauro-corona-trompe-bianca-avec-brad-pitt-voici-la-photo-choc\/\" \/>\n<meta property=\"og:locale\" content=\"fr_FR\" \/>\n<meta property=\"og:type\" content=\"article\" \/>\n<meta property=\"og:title\" content=\"Mauro Corona &quot;tradisce&quot; Bianca con Brad Pitt: ecco la foto shock\" \/>\n<meta property=\"og:description\" content=\"Il &quot;montanaro&quot; Mauro Corona avvistato con la megastar di Hollywood. Cosa bolle in pentola? Ecco cosa sappiamo.\" \/>\n<meta property=\"og:url\" content=\"https:\/\/newsvirali.it\/fr\/2023\/09\/21\/mauro-corona-trompe-bianca-avec-brad-pitt-voici-la-photo-choc\/\" \/>\n<meta property=\"og:site_name\" content=\"News virali\" \/>\n<meta property=\"article:published_time\" content=\"2023-09-21T16:56:00+00:00\" \/>\n<meta property=\"article:modified_time\" content=\"2023-09-21T17:29:15+00:00\" \/>\n<meta property=\"og:image\" content=\"https:\/\/newsvirali.it\/wp-content\/uploads\/2023\/09\/Screenshot_129-7.jpg\" \/>\n\t<meta property=\"og:image:width\" content=\"1163\" \/>\n\t<meta property=\"og:image:height\" content=\"777\" \/>\n\t<meta property=\"og:image:type\" content=\"image\/jpeg\" \/>\n<meta name=\"author\" content=\"Cecco Prestina\" \/>\n<meta name=\"twitter:card\" content=\"summary_large_image\" \/>\n<meta name=\"twitter:label1\" content=\"\u00c9crit par\" \/>\n\t<meta name=\"twitter:data1\" content=\"Cecco Prestina\" \/>\n\t<meta name=\"twitter:label2\" content=\"Dur\u00e9e de lecture estim\u00e9e\" \/>\n\t<meta name=\"twitter:data2\" content=\"2 minutes\" \/>\n<script type=\"application\/ld+json\" class=\"yoast-schema-graph\">{\"@context\":\"https:\/\/schema.org\",\"@graph\":[{\"@type\":\"NewsArticle\",\"@id\":\"https:\/\/newsvirali.it\/2023\/09\/21\/mauro-corona-tradisce-bianca-con-brad-pitt-ecco-la-foto-shock\/#article\",\"isPartOf\":{\"@id\":\"https:\/\/newsvirali.it\/2023\/09\/21\/mauro-corona-tradisce-bianca-con-brad-pitt-ecco-la-foto-shock\/\"},\"author\":{\"name\":\"Cecco Prestina\",\"@id\":\"https:\/\/newsvirali.it\/fr\/#\/schema\/person\/4c835f7b49c9adb58b33901ee816565d\"},\"headline\":\"Mauro Corona &#8220;tradisce&#8221; Bianca con Brad Pitt: ecco la foto shock\",\"datePublished\":\"2023-09-21T16:56:00+00:00\",\"dateModified\":\"2023-09-21T17:29:15+00:00\",\"mainEntityOfPage\":{\"@id\":\"https:\/\/newsvirali.it\/2023\/09\/21\/mauro-corona-tradisce-bianca-con-brad-pitt-ecco-la-foto-shock\/\"},\"wordCount\":281,\"commentCount\":0,\"image\":{\"@id\":\"https:\/\/newsvirali.it\/2023\/09\/21\/mauro-corona-tradisce-bianca-con-brad-pitt-ecco-la-foto-shock\/#primaryimage\"},\"thumbnailUrl\":\"https:\/\/newsvirali.it\/wp-content\/uploads\/2023\/09\/Screenshot_129-7.jpg\",\"articleSection\":[\"Televisione\"],\"inLanguage\":\"fr-FR\",\"potentialAction\":[{\"@type\":\"CommentAction\",\"name\":\"Comment\",\"target\":[\"https:\/\/newsvirali.it\/2023\/09\/21\/mauro-corona-tradisce-bianca-con-brad-pitt-ecco-la-foto-shock\/#respond\"]}],\"copyrightYear\":\"2023\",\"copyrightHolder\":{\"@id\":\"https:\/\/newsvirali.it\/fr\/#organization\"}},{\"@type\":\"WebPage\",\"@id\":\"https:\/\/newsvirali.it\/2023\/09\/21\/mauro-corona-tradisce-bianca-con-brad-pitt-ecco-la-foto-shock\/\",\"url\":\"https:\/\/newsvirali.it\/2023\/09\/21\/mauro-corona-tradisce-bianca-con-brad-pitt-ecco-la-foto-shock\/\",\"name\":\"Mauro Corona \\\"tradisce\\\" Bianca con Brad Pitt: ecco la foto shock\",\"isPartOf\":{\"@id\":\"https:\/\/newsvirali.it\/fr\/#website\"},\"primaryImageOfPage\":{\"@id\":\"https:\/\/newsvirali.it\/2023\/09\/21\/mauro-corona-tradisce-bianca-con-brad-pitt-ecco-la-foto-shock\/#primaryimage\"},\"image\":{\"@id\":\"https:\/\/newsvirali.it\/2023\/09\/21\/mauro-corona-tradisce-bianca-con-brad-pitt-ecco-la-foto-shock\/#primaryimage\"},\"thumbnailUrl\":\"https:\/\/newsvirali.it\/wp-content\/uploads\/2023\/09\/Screenshot_129-7.jpg\",\"datePublished\":\"2023-09-21T16:56:00+00:00\",\"dateModified\":\"2023-09-21T17:29:15+00:00\",\"author\":{\"@id\":\"https:\/\/newsvirali.it\/fr\/#\/schema\/person\/4c835f7b49c9adb58b33901ee816565d\"},\"description\":\"Il \\\"montanaro\\\" Mauro Corona avvistato con la megastar di Hollywood. Cosa bolle in pentola? Ecco cosa sappiamo.\",\"breadcrumb\":{\"@id\":\"https:\/\/newsvirali.it\/2023\/09\/21\/mauro-corona-tradisce-bianca-con-brad-pitt-ecco-la-foto-shock\/#breadcrumb\"},\"inLanguage\":\"fr-FR\",\"potentialAction\":[{\"@type\":\"ReadAction\",\"target\":[\"https:\/\/newsvirali.it\/2023\/09\/21\/mauro-corona-tradisce-bianca-con-brad-pitt-ecco-la-foto-shock\/\"]}]},{\"@type\":\"ImageObject\",\"inLanguage\":\"fr-FR\",\"@id\":\"https:\/\/newsvirali.it\/2023\/09\/21\/mauro-corona-tradisce-bianca-con-brad-pitt-ecco-la-foto-shock\/#primaryimage\",\"url\":\"https:\/\/newsvirali.it\/wp-content\/uploads\/2023\/09\/Screenshot_129-7.jpg\",\"contentUrl\":\"https:\/\/newsvirali.it\/wp-content\/uploads\/2023\/09\/Screenshot_129-7.jpg\",\"width\":1163,\"height\":777,\"caption\":\"Mauro Corona \\\"tradisce\\\" Bianca con Brad Pitt: ecco la foto shock\"},{\"@type\":\"BreadcrumbList\",\"@id\":\"https:\/\/newsvirali.it\/2023\/09\/21\/mauro-corona-tradisce-bianca-con-brad-pitt-ecco-la-foto-shock\/#breadcrumb\",\"itemListElement\":[{\"@type\":\"ListItem\",\"position\":1,\"name\":\"Home\",\"item\":\"https:\/\/newsvirali.it\/fr\/\"},{\"@type\":\"ListItem\",\"position\":2,\"name\":\"Mauro Corona &#8220;tradisce&#8221; Bianca con Brad Pitt: ecco la foto shock\"}]},{\"@type\":\"WebSite\",\"@id\":\"https:\/\/newsvirali.it\/fr\/#website\",\"url\":\"https:\/\/newsvirali.it\/fr\/\",\"name\":\"Bake News\",\"description\":\"\",\"potentialAction\":[{\"@type\":\"SearchAction\",\"target\":{\"@type\":\"EntryPoint\",\"urlTemplate\":\"https:\/\/newsvirali.it\/fr\/?s={search_term_string}\"},\"query-input\":{\"@type\":\"PropertyValueSpecification\",\"valueRequired\":true,\"valueName\":\"search_term_string\"}}],\"inLanguage\":\"fr-FR\"},{\"@type\":\"Person\",\"@id\":\"https:\/\/newsvirali.it\/fr\/#\/schema\/person\/4c835f7b49c9adb58b33901ee816565d\",\"name\":\"Cecco Prestina\",\"description\":\"Perch\u00e9 nasconderlo? Cecco Prestina \u00e8 un alias, ma dietro di lui non si cela un algoritmo di intelligenza artificiale. C'\u00e8 un giornalista che ha oltre vent'anni di esperienza tutta sul web. Da quando il primo modem ha iniziato a gracchiare sul territorio italiano con Video on Line, Cecco ha capito che da quel doppino sarebbe passato il futuro. Ha dedidicato tutta la sua carriera a capire Internet e poi i social e ora l'Ai. Una carriera in costante aggiornamento. E questa esperienza la mette in campo ogni giorno. Per\u00f2 ogni tanto Cecco ha voglia anche di non scrivere \\\"pipponi\\\" sulla politica, sull'economia. Ha voglia anche di scrivere qualcosa di divertente. Le notizie che trovate su Bake News sono le stesse che Cecco porta all'aperitivo con gli amici. Quelle di cui discutere per farsi due risate. Notizie, vere (qualche volta si fa fatica a crederlo), strane, divertenti, ma anche serie. Bake News \u00e8 nato per questo, dare al pubblico notizie croccanti e calde come il pane che esce dal forno. E Cecco Prestina \u00e8 nato con Bake News.\",\"url\":\"https:\/\/newsvirali.it\/fr\/autore\/cecco-prestina\/\"}]}<\/script>\n<!-- \/ Yoast SEO Premium plugin. -->","yoast_head_json":{"title":"Mauro Corona \"tradisce\" Bianca con Brad Pitt: ecco la foto shock","description":"Il \"montanaro\" Mauro Corona avvistato con la megastar di Hollywood. Cosa bolle in pentola? Ecco cosa sappiamo.","robots":{"index":"index","follow":"follow","max-snippet":"max-snippet:-1","max-image-preview":"max-image-preview:large","max-video-preview":"max-video-preview:-1"},"canonical":"https:\/\/newsvirali.it\/fr\/2023\/09\/21\/mauro-corona-trompe-bianca-avec-brad-pitt-voici-la-photo-choc\/","og_locale":"fr_FR","og_type":"article","og_title":"Mauro Corona \"tradisce\" Bianca con Brad Pitt: ecco la foto shock","og_description":"Il \"montanaro\" Mauro Corona avvistato con la megastar di Hollywood. Cosa bolle in pentola? Ecco cosa sappiamo.","og_url":"https:\/\/newsvirali.it\/fr\/2023\/09\/21\/mauro-corona-trompe-bianca-avec-brad-pitt-voici-la-photo-choc\/","og_site_name":"News virali","article_published_time":"2023-09-21T16:56:00+00:00","article_modified_time":"2023-09-21T17:29:15+00:00","og_image":[{"width":1163,"height":777,"url":"https:\/\/newsvirali.it\/wp-content\/uploads\/2023\/09\/Screenshot_129-7.jpg","type":"image\/jpeg"}],"author":"Cecco Prestina","twitter_card":"summary_large_image","twitter_misc":{"\u00c9crit par":"Cecco Prestina","Dur\u00e9e de lecture estim\u00e9e":"2 minutes"},"schema":{"@context":"https:\/\/schema.org","@graph":[{"@type":"NewsArticle","@id":"https:\/\/newsvirali.it\/2023\/09\/21\/mauro-corona-tradisce-bianca-con-brad-pitt-ecco-la-foto-shock\/#article","isPartOf":{"@id":"https:\/\/newsvirali.it\/2023\/09\/21\/mauro-corona-tradisce-bianca-con-brad-pitt-ecco-la-foto-shock\/"},"author":{"name":"Cecco Prestina","@id":"https:\/\/newsvirali.it\/fr\/#\/schema\/person\/4c835f7b49c9adb58b33901ee816565d"},"headline":"Mauro Corona &#8220;tradisce&#8221; Bianca con Brad Pitt: ecco la foto shock","datePublished":"2023-09-21T16:56:00+00:00","dateModified":"2023-09-21T17:29:15+00:00","mainEntityOfPage":{"@id":"https:\/\/newsvirali.it\/2023\/09\/21\/mauro-corona-tradisce-bianca-con-brad-pitt-ecco-la-foto-shock\/"},"wordCount":281,"commentCount":0,"image":{"@id":"https:\/\/newsvirali.it\/2023\/09\/21\/mauro-corona-tradisce-bianca-con-brad-pitt-ecco-la-foto-shock\/#primaryimage"},"thumbnailUrl":"https:\/\/newsvirali.it\/wp-content\/uploads\/2023\/09\/Screenshot_129-7.jpg","articleSection":["Televisione"],"inLanguage":"fr-FR","potentialAction":[{"@type":"CommentAction","name":"Comment","target":["https:\/\/newsvirali.it\/2023\/09\/21\/mauro-corona-tradisce-bianca-con-brad-pitt-ecco-la-foto-shock\/#respond"]}],"copyrightYear":"2023","copyrightHolder":{"@id":"https:\/\/newsvirali.it\/fr\/#organization"}},{"@type":"WebPage","@id":"https:\/\/newsvirali.it\/2023\/09\/21\/mauro-corona-tradisce-bianca-con-brad-pitt-ecco-la-foto-shock\/","url":"https:\/\/newsvirali.it\/2023\/09\/21\/mauro-corona-tradisce-bianca-con-brad-pitt-ecco-la-foto-shock\/","name":"Mauro Corona \"tradisce\" Bianca con Brad Pitt: ecco la foto shock","isPartOf":{"@id":"https:\/\/newsvirali.it\/fr\/#website"},"primaryImageOfPage":{"@id":"https:\/\/newsvirali.it\/2023\/09\/21\/mauro-corona-tradisce-bianca-con-brad-pitt-ecco-la-foto-shock\/#primaryimage"},"image":{"@id":"https:\/\/newsvirali.it\/2023\/09\/21\/mauro-corona-tradisce-bianca-con-brad-pitt-ecco-la-foto-shock\/#primaryimage"},"thumbnailUrl":"https:\/\/newsvirali.it\/wp-content\/uploads\/2023\/09\/Screenshot_129-7.jpg","datePublished":"2023-09-21T16:56:00+00:00","dateModified":"2023-09-21T17:29:15+00:00","author":{"@id":"https:\/\/newsvirali.it\/fr\/#\/schema\/person\/4c835f7b49c9adb58b33901ee816565d"},"description":"Il \"montanaro\" Mauro Corona avvistato con la megastar di Hollywood. Cosa bolle in pentola? Ecco cosa sappiamo.","breadcrumb":{"@id":"https:\/\/newsvirali.it\/2023\/09\/21\/mauro-corona-tradisce-bianca-con-brad-pitt-ecco-la-foto-shock\/#breadcrumb"},"inLanguage":"fr-FR","potentialAction":[{"@type":"ReadAction","target":["https:\/\/newsvirali.it\/2023\/09\/21\/mauro-corona-tradisce-bianca-con-brad-pitt-ecco-la-foto-shock\/"]}]},{"@type":"ImageObject","inLanguage":"fr-FR","@id":"https:\/\/newsvirali.it\/2023\/09\/21\/mauro-corona-tradisce-bianca-con-brad-pitt-ecco-la-foto-shock\/#primaryimage","url":"https:\/\/newsvirali.it\/wp-content\/uploads\/2023\/09\/Screenshot_129-7.jpg","contentUrl":"https:\/\/newsvirali.it\/wp-content\/uploads\/2023\/09\/Screenshot_129-7.jpg","width":1163,"height":777,"caption":"Mauro Corona \"tradisce\" Bianca con Brad Pitt: ecco la foto shock"},{"@type":"BreadcrumbList","@id":"https:\/\/newsvirali.it\/2023\/09\/21\/mauro-corona-tradisce-bianca-con-brad-pitt-ecco-la-foto-shock\/#breadcrumb","itemListElement":[{"@type":"ListItem","position":1,"name":"Home","item":"https:\/\/newsvirali.it\/fr\/"},{"@type":"ListItem","position":2,"name":"Mauro Corona &#8220;tradisce&#8221; Bianca con Brad Pitt: ecco la foto shock"}]},{"@type":"WebSite","@id":"https:\/\/newsvirali.it\/fr\/#website","url":"https:\/\/newsvirali.it\/fr\/","name":"Bake News","description":"","potentialAction":[{"@type":"SearchAction","target":{"@type":"EntryPoint","urlTemplate":"https:\/\/newsvirali.it\/fr\/?s={search_term_string}"},"query-input":{"@type":"PropertyValueSpecification","valueRequired":true,"valueName":"search_term_string"}}],"inLanguage":"fr-FR"},{"@type":"Person","@id":"https:\/\/newsvirali.it\/fr\/#\/schema\/person\/4c835f7b49c9adb58b33901ee816565d","name":"Cecco Prestina","description":"Perch\u00e9 nasconderlo? Cecco Prestina \u00e8 un alias, ma dietro di lui non si cela un algoritmo di intelligenza artificiale. C'\u00e8 un giornalista che ha oltre vent'anni di esperienza tutta sul web. Da quando il primo modem ha iniziato a gracchiare sul territorio italiano con Video on Line, Cecco ha capito che da quel doppino sarebbe passato il futuro. Ha dedidicato tutta la sua carriera a capire Internet e poi i social e ora l'Ai. Una carriera in costante aggiornamento. E questa esperienza la mette in campo ogni giorno. Per\u00f2 ogni tanto Cecco ha voglia anche di non scrivere \"pipponi\" sulla politica, sull'economia. Ha voglia anche di scrivere qualcosa di divertente. Le notizie che trovate su Bake News sono le stesse che Cecco porta all'aperitivo con gli amici. Quelle di cui discutere per farsi due risate. Notizie, vere (qualche volta si fa fatica a crederlo), strane, divertenti, ma anche serie. Bake News \u00e8 nato per questo, dare al pubblico notizie croccanti e calde come il pane che esce dal forno. E Cecco Prestina \u00e8 nato con Bake News.","url":"https:\/\/newsvirali.it\/fr\/autore\/cecco-prestina\/"}]}},"_links":{"self":[{"href":"https:\/\/newsvirali.it\/fr\/wp-json\/wp\/v2\/posts\/5233","targetHints":{"allow":["GET"]}}],"collection":[{"href":"https:\/\/newsvirali.it\/fr\/wp-json\/wp\/v2\/posts"}],"about":[{"href":"https:\/\/newsvirali.it\/fr\/wp-json\/wp\/v2\/types\/post"}],"author":[{"embeddable":true,"href":"https:\/\/newsvirali.it\/fr\/wp-json\/wp\/v2\/users\/4"}],"replies":[{"embeddable":true,"href":"https:\/\/newsvirali.it\/fr\/wp-json\/wp\/v2\/comments?post=5233"}],"version-history":[{"count":4,"href":"https:\/\/newsvirali.it\/fr\/wp-json\/wp\/v2\/posts\/5233\/revisions"}],"predecessor-version":[{"id":5258,"href":"https:\/\/newsvirali.it\/fr\/wp-json\/wp\/v2\/posts\/5233\/revisions\/5258"}],"wp:featuredmedia":[{"embeddable":true,"href":"https:\/\/newsvirali.it\/fr\/wp-json\/wp\/v2\/media\/5235"}],"wp:attachment":[{"href":"https:\/\/newsvirali.it\/fr\/wp-json\/wp\/v2\/media?parent=5233"}],"wp:term":[{"taxonomy":"category","embeddable":true,"href":"https:\/\/newsvirali.it\/fr\/wp-json\/wp\/v2\/categories?post=5233"},{"taxonomy":"post_tag","embeddable":true,"href":"https:\/\/newsvirali.it\/fr\/wp-json\/wp\/v2\/tags?post=5233"}],"curies":[{"name":"wp","href":"https:\/\/api.w.org\/{rel}","templated":true}]}}