{"id":51623,"date":"2024-11-27T13:28:35","date_gmt":"2024-11-27T12:28:35","guid":{"rendered":"https:\/\/newsvirali.it\/?p=51623"},"modified":"2024-11-27T13:28:36","modified_gmt":"2024-11-27T12:28:36","slug":"tiene-la-neonata-chiusa-in-un-cassetto-per-tre-anni-non-vede-la-luce-del-sole-condannata","status":"publish","type":"post","link":"https:\/\/newsvirali.it\/fr\/2024\/11\/27\/elle-garde-le-nouveau-ne-enferme-dans-un-tiroir-pendant-trois-ans-elle-ne-voit-pas-la-lumiere-du-soleil-condamnee\/","title":{"rendered":"Elle garde le nouveau-n\u00e9 enferm\u00e9 dans un tiroir, elle ne voit pas le jour pendant trois ans : condamn\u00e9e"},"content":{"rendered":"<p>Une femme a \u00e9t\u00e9 emprisonn\u00e9e pour \u00ab n\u00e9gligence extr\u00eame \u00bb pour avoir laiss\u00e9 sa petite fille vivre enferm\u00e9e dans un tiroir sous son lit pendant pr\u00e8s de trois ans. La petite fille n\u2019avait jamais vu le jour jusqu\u2019\u00e0 ce qu\u2019elle soit retrouv\u00e9e quelques semaines avant son troisi\u00e8me anniversaire. Elle a \u00e9t\u00e9 retrouv\u00e9e dans la maison familiale du Cheshire, en Angleterre, avec les cheveux emm\u00eal\u00e9s, des d\u00e9formations et des \u00e9ruptions cutan\u00e9es. La femme arr\u00eat\u00e9e a \u00e9galement cach\u00e9 sa grossesse \u00e0 ses autres enfants. M\u00eame son partenaire n&#039;avait rien remarqu\u00e9.<\/p>\n\n\n\n<p><strong>LIRE LES AUTRES NOUVELLES DU MONDE<\/strong><\/p>\n\n\n<ul class=\"wp-block-latest-posts__list wp-block-latest-posts\"><li><a class=\"wp-block-latest-posts__post-title\" href=\"https:\/\/newsvirali.it\/fr\/2026\/02\/12\/emma-amit-crabe-du-diable-mort\/\">La vlogueuse Emma Amit d\u00e9c\u00e8de apr\u00e8s avoir consomm\u00e9 du crabe du diable toxique<\/a><\/li>\n<li><a class=\"wp-block-latest-posts__post-title\" href=\"https:\/\/newsvirali.it\/fr\/2026\/02\/05\/suicide-des-trois-soeurs-en-inde\/\">Des parents confisquent les t\u00e9l\u00e9phones portables de trois s\u0153urs qui jouent excessivement aux jeux vid\u00e9o\u00a0: trois s\u0153urs se suicident<\/a><\/li>\n<li><a class=\"wp-block-latest-posts__post-title\" href=\"https:\/\/newsvirali.it\/fr\/2026\/01\/30\/arrestation-dans-un-complexe-hotelier-de-floride-pour-actes-obscenes\/\">Un h\u00f4tel de Floride fait sensation : un homme arr\u00eat\u00e9 pour exhibitionnisme avec un aspirateur<\/a><\/li>\n<li><a class=\"wp-block-latest-posts__post-title\" href=\"https:\/\/newsvirali.it\/fr\/2026\/01\/28\/un-pere-ivre-pend-son-fils-dans-une-video-choquante\/\">Un p\u00e8re ivre pend son fils par la fen\u00eatre : vid\u00e9o choquante<\/a><\/li>\n<li><a class=\"wp-block-latest-posts__post-title\" href=\"https:\/\/newsvirali.it\/fr\/2026\/01\/27\/une-enseignante-enceinte-et-un-eleve-de-13-ans\/\">Une enseignante admet \u00eatre tomb\u00e9e enceinte d&#039;un \u00e9l\u00e8ve de 13 ans<\/a><\/li>\n<\/ul>\n\n\n<h2 class=\"wp-block-heading\" id=\"h-la-bimba-tenuta-in-vita-con-latte-in-polvere\">Le b\u00e9b\u00e9 maintenu en vie gr\u00e2ce au lait en poudre<\/h2>\n\n\n\n<p>Les d\u00e9tails de la femme n&#039;ont pas \u00e9t\u00e9 divulgu\u00e9s. Elle a \u00e9t\u00e9 condamn\u00e9e \u00e0 sept ans et demi de prison apr\u00e8s avoir reconnu sa culpabilit\u00e9 devant la Chester Crown Court. Elle a \u00e9t\u00e9 accus\u00e9e de cruaut\u00e9 parce qu&#039;elle n&#039;a m\u00eame pas consult\u00e9 un m\u00e9decin pour la fente palatine dont souffrait la petite fille, car elle ne lui a pas donn\u00e9 suffisamment de nourriture et d&#039;eau. Il l&#039;a maintenue en vie en lui donnant uniquement du lait en poudre via une seringue.<\/p>\n\n\n\n<p>\u00abIl \u00e9tait conserv\u00e9 dans un tiroir de la chambre. Elle n\u2019a pas \u00e9t\u00e9 emmen\u00e9e dehors, elle n\u2019a pas \u00e9t\u00e9 socialis\u00e9e, elle n\u2019a eu d\u2019interactions avec personne d\u2019autre. Lorsqu\u2019elle a \u00e9t\u00e9 transport\u00e9e d\u2019urgence \u00e0 l\u2019h\u00f4pital, l\u2019enfant avait un \u00e2ge de d\u00e9veloppement compris entre z\u00e9ro et 10 mois \u00bb, a indiqu\u00e9 le procureur. Selon le tribunal, l&#039;enfant souffrait de malnutrition et de d\u00e9shydratation &quot;significativement&quot;. La m\u00e8re avait \u00e9galement d&#039;autres enfants et lorsqu&#039;elle les emmenait \u00e0 l&#039;\u00e9cole, le nouveau-n\u00e9 restait seul \u00e0 la maison. M\u00eame pendant de longues p\u00e9riodes, lorsqu&#039;il allait au travail ou se rendait chez des parents \u00e0 No\u00ebl.<\/p>\n\n\n\n<h2 class=\"wp-block-heading\" id=\"h-il-fidanzato-ha-fatto-scattare-l-arresto\">Le petit ami a d\u00e9clench\u00e9 l&#039;arrestation<\/h2>\n\n\n\n<p>Lorsque son petit ami a commenc\u00e9 \u00e0 dormir dans la maison de son partenaire, la m\u00e8re a laiss\u00e9 l&#039;enfant seul dans une autre pi\u00e8ce. Cependant, c&#039;est le petit ami qui a retrouv\u00e9 la petite fille un matin, alors qu&#039;elle sortait de la salle de bain et que son partenaire \u00e9tait sorti de la maison. Il entendit un bruit et entra dans la chambre o\u00f9 la petite fille \u00e9tait enferm\u00e9e dans le tiroir. L&#039;homme a quitt\u00e9 la maison et a pr\u00e9venu sa famille, tandis que les services sociaux se rendaient sur place.<\/p>\n\n\n\n<h2 class=\"wp-block-heading\" id=\"h-il-drammatico-ritrovamento-nel-cassetto\">La d\u00e9couverte dramatique dans le tiroir<\/h2>\n\n\n\n<p>Un travailleur social a trouv\u00e9 le b\u00e9b\u00e9 dans le tiroir du lit et a demand\u00e9 \u00e0 la m\u00e8re si c&#039;\u00e9tait l\u00e0 qu&#039;elle gardait sa fille. La travailleuse a d\u00e9clar\u00e9 au tribunal : \u00ab Elle a r\u00e9pondu d&#039;un ton neutre : &#039;Oui, dans le tiroir&#039;. \u00ab J\u2019ai \u00e9t\u00e9 choqu\u00e9 de voir que la m\u00e8re ne montrait aucune \u00e9motion et semblait indiff\u00e9rente \u00e0 la situation. C&#039;\u00e9tait une horreur insupportable de d\u00e9couvrir que j&#039;\u00e9tais probablement le seul autre visage que la petite fille ait jamais vu, \u00e0 part celui de sa m\u00e8re. \u00bb<\/p>\n\n\n\n<h2 class=\"wp-block-heading\" id=\"h-la-bimba-non-aveva-nemmeno-un-nome\">La petite fille n&#039;avait m\u00eame pas de nom<\/h2>\n\n\n\n<p>L\u2019assistante a d\u00e9clar\u00e9 : \u00ab Lorsque nous l\u2019avons appel\u00e9e, il est vite devenu \u00e9vident qu\u2019elle ne savait pas comment s\u2019appeler. \u00bb Dans une interview, la m\u00e8re a d\u00e9clar\u00e9 qu&#039;elle n&#039;avait pas r\u00e9alis\u00e9 qu&#039;elle \u00e9tait enceinte et qu&#039;elle avait &quot;vraiment peur&quot; lorsqu&#039;elle a accouch\u00e9. Elle a d\u00e9clar\u00e9 qu\u2019elle n\u2019avait jamais gard\u00e9 l\u2019enfant dans le tiroir et qu\u2019elle ne l\u2019avait jamais ferm\u00e9. Mais elle a d\u00e9clar\u00e9 aux policiers que la petite fille \u00ab ne faisait pas partie de la famille \u00bb et qu&#039;elle entretenait une relation abusive avec le p\u00e8re de la petite fille.<\/p>\n\n\n\n<p>La femme a dit qu&#039;elle ne voulait pas que l&#039;homme d\u00e9couvre le nouveau-n\u00e9. Le juge Steven Everett a d\u00e9clar\u00e9 : \u00ab \u00c0 mon avis, ce que vous avez fait d\u00e9fie totalement toute croyance. C&#039;\u00e9tait un mal au-del\u00e0 de toute croyance. Vous avez priv\u00e9 cette petite fille de tout amour, de toute affection, de toute attention. Toute interaction avec autrui, alimentation ad\u00e9quate, soins m\u00e9dicaux n\u00e9cessaires. Vous avez essay\u00e9 de contr\u00f4ler la situation le plus soigneusement possible, mais par pur hasard, votre terrible secret a \u00e9t\u00e9 d\u00e9couvert. Les cons\u00e9quences pour la petite fille ont \u00e9t\u00e9 tout simplement catastrophiques : sur le plan physique, psychologique et social. \u00bb<\/p>\n\n\n\n<h2 class=\"wp-block-heading\" id=\"h-la-difesa-la-donna-ha-problemi-psichiatrici\">La d\u00e9fense : \u00ab La femme a des probl\u00e8mes psychiatriques \u00bb<\/h2>\n\n\n\n<p>&quot;C&#039;est une petite fille intelligente qui est peut-\u00eatre en train de revenir lentement \u00e0 la vie apr\u00e8s ce qui \u00e9tait presque une mort vivante dans cette pi\u00e8ce.&quot; Matthew Dunford, en d\u00e9fense, a d\u00e9clar\u00e9 qu&#039;il y avait eu un \u00ab ensemble de circonstances exceptionnelles \u00bb. Il a d\u00e9clar\u00e9 que la femme souffrait de probl\u00e8mes de sant\u00e9 mentale et avait eu des difficult\u00e9s pendant le confinement li\u00e9 au Covid-19. Dunford a ajout\u00e9 que la femme entretenait une relation volatile avec le p\u00e8re de l&#039;enfant.<\/p>\n\n\n\n<p>Le mois dernier, elle a plaid\u00e9 coupable \u00e0 quatre chefs d&#039;accusation de cruaut\u00e9 envers les enfants. Les accusations \u00e9taient li\u00e9es \u00e0 l&#039;incapacit\u00e9 \u00e0 obtenir des soins m\u00e9dicaux de base pour l&#039;enfant, \u00e0 son abandon, \u00e0 sa malnutrition et \u00e0 sa n\u00e9gligence g\u00e9n\u00e9rale. La procureure principale, Rachel Worthington, a d\u00e9clar\u00e9 : \u00ab Cet enfant n&#039;a jamais re\u00e7u de cadeau d&#039;anniversaire, de No\u00ebl ou quoi que ce soit en guise de remerciement ces derniers temps. Il n&#039;a eu aucune interaction avec aucun de ses fr\u00e8res et s\u0153urs. Il n\u2019a jamais connu la lumi\u00e8re du jour ni l\u2019air frais. \u00ab Notre travail consiste \u00e0 traduire en justice le responsable. Maintenant, c&#039;est chose faite.&quot;<\/p>\n<br \/>Suivez-nous \u00e9galement sur Google News : <b><a href=\"https:\/\/news.google.com\/publications\/CAAqBwgKMNqJiwswjMfqAg?hl=it&gl=IT&ceid=IT:it\" target=\"_blank\">Cliquez ici<\/a><\/b>","protected":false},"excerpt":{"rendered":"<p>Une femme a \u00e9t\u00e9 emprisonn\u00e9e pour \u00ab n\u00e9gligence extr\u00eame \u00bb pour avoir laiss\u00e9 sa petite fille vivre enferm\u00e9e dans un tiroir sous [...]<\/p>","protected":false},"author":4,"featured_media":51624,"comment_status":"closed","ping_status":"open","sticky":false,"template":"","format":"standard","meta":{"MSN_Categories":"Uncategorized","MSN_Publish_Option":false,"MSN_Is_Local_News":false,"MSN_Is_AIAC_Included":"Empty","MSN_Location":"[]","MSN_Add_Feature_Img_On_Top_Of_Post":false,"MSN_Has_Custom_Author":false,"MSN_Custom_Author":"","MSN_Has_Custom_Canonical_Url":false,"MSN_Custom_Canonical_Url":"","footnotes":""},"categories":[9],"tags":[],"class_list":["post-51623","post","type-post","status-publish","format-standard","has-post-thumbnail","hentry","category-mondo"],"acf":[],"yoast_head":"<!-- This site is optimized with the Yoast SEO Premium plugin v26.7 (Yoast SEO v26.7) - https:\/\/yoast.com\/wordpress\/plugins\/seo\/ -->\n<title>Tiene la neonata chiusa in un cassetto, per tre anni non vede la luce del sole: condannata<\/title>\n<meta name=\"robots\" content=\"index, follow, max-snippet:-1, max-image-preview:large, max-video-preview:-1\" \/>\n<link rel=\"canonical\" href=\"https:\/\/newsvirali.it\/fr\/2024\/11\/27\/elle-garde-le-nouveau-ne-enferme-dans-un-tiroir-pendant-trois-ans-elle-ne-voit-pas-la-lumiere-du-soleil-condamnee\/\" \/>\n<meta property=\"og:locale\" content=\"fr_FR\" \/>\n<meta property=\"og:type\" content=\"article\" \/>\n<meta property=\"og:title\" content=\"Tiene la neonata chiusa in un cassetto, per tre anni non vede la luce del sole: condannata\" \/>\n<meta property=\"og:description\" content=\"Una donna \u00e8 stata incarcerata per &#8220;estrema negligenza&#8221; per aver fatto vivere la sua bambina chiusa in un cassetto sotto [&hellip;]\" \/>\n<meta property=\"og:url\" content=\"https:\/\/newsvirali.it\/fr\/2024\/11\/27\/elle-garde-le-nouveau-ne-enferme-dans-un-tiroir-pendant-trois-ans-elle-ne-voit-pas-la-lumiere-du-soleil-condamnee\/\" \/>\n<meta property=\"og:site_name\" content=\"News virali\" \/>\n<meta property=\"article:published_time\" content=\"2024-11-27T12:28:35+00:00\" \/>\n<meta property=\"article:modified_time\" content=\"2024-11-27T12:28:36+00:00\" \/>\n<meta property=\"og:image\" content=\"https:\/\/newsvirali.it\/wp-content\/uploads\/2024\/11\/2215c405ee70fdbd11e6.jpg\" \/>\n\t<meta property=\"og:image:width\" content=\"1921\" \/>\n\t<meta property=\"og:image:height\" content=\"1080\" \/>\n\t<meta property=\"og:image:type\" content=\"image\/jpeg\" \/>\n<meta name=\"author\" content=\"Cecco Prestina\" \/>\n<meta name=\"twitter:card\" content=\"summary_large_image\" \/>\n<meta name=\"twitter:label1\" content=\"\u00c9crit par\" \/>\n\t<meta name=\"twitter:data1\" content=\"Cecco Prestina\" \/>\n\t<meta name=\"twitter:label2\" content=\"Dur\u00e9e de lecture estim\u00e9e\" \/>\n\t<meta name=\"twitter:data2\" content=\"5 minutes\" \/>\n<script type=\"application\/ld+json\" class=\"yoast-schema-graph\">{\"@context\":\"https:\/\/schema.org\",\"@graph\":[{\"@type\":\"NewsArticle\",\"@id\":\"https:\/\/newsvirali.it\/2024\/11\/27\/tiene-la-neonata-chiusa-in-un-cassetto-per-tre-anni-non-vede-la-luce-del-sole-condannata\/#article\",\"isPartOf\":{\"@id\":\"https:\/\/newsvirali.it\/2024\/11\/27\/tiene-la-neonata-chiusa-in-un-cassetto-per-tre-anni-non-vede-la-luce-del-sole-condannata\/\"},\"author\":{\"name\":\"Cecco Prestina\",\"@id\":\"https:\/\/newsvirali.it\/fr\/#\/schema\/person\/4c835f7b49c9adb58b33901ee816565d\"},\"headline\":\"Tiene la neonata chiusa in un cassetto, per tre anni non vede la luce del sole: condannata\",\"datePublished\":\"2024-11-27T12:28:35+00:00\",\"dateModified\":\"2024-11-27T12:28:36+00:00\",\"mainEntityOfPage\":{\"@id\":\"https:\/\/newsvirali.it\/2024\/11\/27\/tiene-la-neonata-chiusa-in-un-cassetto-per-tre-anni-non-vede-la-luce-del-sole-condannata\/\"},\"wordCount\":801,\"image\":{\"@id\":\"https:\/\/newsvirali.it\/2024\/11\/27\/tiene-la-neonata-chiusa-in-un-cassetto-per-tre-anni-non-vede-la-luce-del-sole-condannata\/#primaryimage\"},\"thumbnailUrl\":\"https:\/\/newsvirali.it\/wp-content\/uploads\/2024\/11\/2215c405ee70fdbd11e6.jpg\",\"articleSection\":[\"Mondo\"],\"inLanguage\":\"fr-FR\",\"copyrightYear\":\"2024\",\"copyrightHolder\":{\"@id\":\"https:\/\/newsvirali.it\/fr\/#organization\"}},{\"@type\":\"WebPage\",\"@id\":\"https:\/\/newsvirali.it\/2024\/11\/27\/tiene-la-neonata-chiusa-in-un-cassetto-per-tre-anni-non-vede-la-luce-del-sole-condannata\/\",\"url\":\"https:\/\/newsvirali.it\/2024\/11\/27\/tiene-la-neonata-chiusa-in-un-cassetto-per-tre-anni-non-vede-la-luce-del-sole-condannata\/\",\"name\":\"Tiene la neonata chiusa in un cassetto, per tre anni non vede la luce del sole: condannata\",\"isPartOf\":{\"@id\":\"https:\/\/newsvirali.it\/fr\/#website\"},\"primaryImageOfPage\":{\"@id\":\"https:\/\/newsvirali.it\/2024\/11\/27\/tiene-la-neonata-chiusa-in-un-cassetto-per-tre-anni-non-vede-la-luce-del-sole-condannata\/#primaryimage\"},\"image\":{\"@id\":\"https:\/\/newsvirali.it\/2024\/11\/27\/tiene-la-neonata-chiusa-in-un-cassetto-per-tre-anni-non-vede-la-luce-del-sole-condannata\/#primaryimage\"},\"thumbnailUrl\":\"https:\/\/newsvirali.it\/wp-content\/uploads\/2024\/11\/2215c405ee70fdbd11e6.jpg\",\"datePublished\":\"2024-11-27T12:28:35+00:00\",\"dateModified\":\"2024-11-27T12:28:36+00:00\",\"author\":{\"@id\":\"https:\/\/newsvirali.it\/fr\/#\/schema\/person\/4c835f7b49c9adb58b33901ee816565d\"},\"breadcrumb\":{\"@id\":\"https:\/\/newsvirali.it\/2024\/11\/27\/tiene-la-neonata-chiusa-in-un-cassetto-per-tre-anni-non-vede-la-luce-del-sole-condannata\/#breadcrumb\"},\"inLanguage\":\"fr-FR\",\"potentialAction\":[{\"@type\":\"ReadAction\",\"target\":[\"https:\/\/newsvirali.it\/2024\/11\/27\/tiene-la-neonata-chiusa-in-un-cassetto-per-tre-anni-non-vede-la-luce-del-sole-condannata\/\"]}]},{\"@type\":\"ImageObject\",\"inLanguage\":\"fr-FR\",\"@id\":\"https:\/\/newsvirali.it\/2024\/11\/27\/tiene-la-neonata-chiusa-in-un-cassetto-per-tre-anni-non-vede-la-luce-del-sole-condannata\/#primaryimage\",\"url\":\"https:\/\/newsvirali.it\/wp-content\/uploads\/2024\/11\/2215c405ee70fdbd11e6.jpg\",\"contentUrl\":\"https:\/\/newsvirali.it\/wp-content\/uploads\/2024\/11\/2215c405ee70fdbd11e6.jpg\",\"width\":1921,\"height\":1080,\"caption\":\"Tiene la neonata chiusa in un cassetto, per tre anni non vede la luce del sole: condannata\"},{\"@type\":\"BreadcrumbList\",\"@id\":\"https:\/\/newsvirali.it\/2024\/11\/27\/tiene-la-neonata-chiusa-in-un-cassetto-per-tre-anni-non-vede-la-luce-del-sole-condannata\/#breadcrumb\",\"itemListElement\":[{\"@type\":\"ListItem\",\"position\":1,\"name\":\"Home\",\"item\":\"https:\/\/newsvirali.it\/fr\/\"},{\"@type\":\"ListItem\",\"position\":2,\"name\":\"Tiene la neonata chiusa in un cassetto, per tre anni non vede la luce del sole: condannata\"}]},{\"@type\":\"WebSite\",\"@id\":\"https:\/\/newsvirali.it\/fr\/#website\",\"url\":\"https:\/\/newsvirali.it\/fr\/\",\"name\":\"Bake News\",\"description\":\"\",\"potentialAction\":[{\"@type\":\"SearchAction\",\"target\":{\"@type\":\"EntryPoint\",\"urlTemplate\":\"https:\/\/newsvirali.it\/fr\/?s={search_term_string}\"},\"query-input\":{\"@type\":\"PropertyValueSpecification\",\"valueRequired\":true,\"valueName\":\"search_term_string\"}}],\"inLanguage\":\"fr-FR\"},{\"@type\":\"Person\",\"@id\":\"https:\/\/newsvirali.it\/fr\/#\/schema\/person\/4c835f7b49c9adb58b33901ee816565d\",\"name\":\"Cecco Prestina\",\"description\":\"Perch\u00e9 nasconderlo? Cecco Prestina \u00e8 un alias, ma dietro di lui non si cela un algoritmo di intelligenza artificiale. C'\u00e8 un giornalista che ha oltre vent'anni di esperienza tutta sul web. Da quando il primo modem ha iniziato a gracchiare sul territorio italiano con Video on Line, Cecco ha capito che da quel doppino sarebbe passato il futuro. Ha dedidicato tutta la sua carriera a capire Internet e poi i social e ora l'Ai. Una carriera in costante aggiornamento. E questa esperienza la mette in campo ogni giorno. Per\u00f2 ogni tanto Cecco ha voglia anche di non scrivere \\\"pipponi\\\" sulla politica, sull'economia. Ha voglia anche di scrivere qualcosa di divertente. Le notizie che trovate su Bake News sono le stesse che Cecco porta all'aperitivo con gli amici. Quelle di cui discutere per farsi due risate. Notizie, vere (qualche volta si fa fatica a crederlo), strane, divertenti, ma anche serie. Bake News \u00e8 nato per questo, dare al pubblico notizie croccanti e calde come il pane che esce dal forno. E Cecco Prestina \u00e8 nato con Bake News.\",\"url\":\"https:\/\/newsvirali.it\/fr\/autore\/cecco-prestina\/\"}]}<\/script>\n<!-- \/ Yoast SEO Premium plugin. -->","yoast_head_json":{"title":"Tiene la neonata chiusa in un cassetto, per tre anni non vede la luce del sole: condannata","robots":{"index":"index","follow":"follow","max-snippet":"max-snippet:-1","max-image-preview":"max-image-preview:large","max-video-preview":"max-video-preview:-1"},"canonical":"https:\/\/newsvirali.it\/fr\/2024\/11\/27\/elle-garde-le-nouveau-ne-enferme-dans-un-tiroir-pendant-trois-ans-elle-ne-voit-pas-la-lumiere-du-soleil-condamnee\/","og_locale":"fr_FR","og_type":"article","og_title":"Tiene la neonata chiusa in un cassetto, per tre anni non vede la luce del sole: condannata","og_description":"Una donna \u00e8 stata incarcerata per &#8220;estrema negligenza&#8221; per aver fatto vivere la sua bambina chiusa in un cassetto sotto [&hellip;]","og_url":"https:\/\/newsvirali.it\/fr\/2024\/11\/27\/elle-garde-le-nouveau-ne-enferme-dans-un-tiroir-pendant-trois-ans-elle-ne-voit-pas-la-lumiere-du-soleil-condamnee\/","og_site_name":"News virali","article_published_time":"2024-11-27T12:28:35+00:00","article_modified_time":"2024-11-27T12:28:36+00:00","og_image":[{"width":1921,"height":1080,"url":"https:\/\/newsvirali.it\/wp-content\/uploads\/2024\/11\/2215c405ee70fdbd11e6.jpg","type":"image\/jpeg"}],"author":"Cecco Prestina","twitter_card":"summary_large_image","twitter_misc":{"\u00c9crit par":"Cecco Prestina","Dur\u00e9e de lecture estim\u00e9e":"5 minutes"},"schema":{"@context":"https:\/\/schema.org","@graph":[{"@type":"NewsArticle","@id":"https:\/\/newsvirali.it\/2024\/11\/27\/tiene-la-neonata-chiusa-in-un-cassetto-per-tre-anni-non-vede-la-luce-del-sole-condannata\/#article","isPartOf":{"@id":"https:\/\/newsvirali.it\/2024\/11\/27\/tiene-la-neonata-chiusa-in-un-cassetto-per-tre-anni-non-vede-la-luce-del-sole-condannata\/"},"author":{"name":"Cecco Prestina","@id":"https:\/\/newsvirali.it\/fr\/#\/schema\/person\/4c835f7b49c9adb58b33901ee816565d"},"headline":"Tiene la neonata chiusa in un cassetto, per tre anni non vede la luce del sole: condannata","datePublished":"2024-11-27T12:28:35+00:00","dateModified":"2024-11-27T12:28:36+00:00","mainEntityOfPage":{"@id":"https:\/\/newsvirali.it\/2024\/11\/27\/tiene-la-neonata-chiusa-in-un-cassetto-per-tre-anni-non-vede-la-luce-del-sole-condannata\/"},"wordCount":801,"image":{"@id":"https:\/\/newsvirali.it\/2024\/11\/27\/tiene-la-neonata-chiusa-in-un-cassetto-per-tre-anni-non-vede-la-luce-del-sole-condannata\/#primaryimage"},"thumbnailUrl":"https:\/\/newsvirali.it\/wp-content\/uploads\/2024\/11\/2215c405ee70fdbd11e6.jpg","articleSection":["Mondo"],"inLanguage":"fr-FR","copyrightYear":"2024","copyrightHolder":{"@id":"https:\/\/newsvirali.it\/fr\/#organization"}},{"@type":"WebPage","@id":"https:\/\/newsvirali.it\/2024\/11\/27\/tiene-la-neonata-chiusa-in-un-cassetto-per-tre-anni-non-vede-la-luce-del-sole-condannata\/","url":"https:\/\/newsvirali.it\/2024\/11\/27\/tiene-la-neonata-chiusa-in-un-cassetto-per-tre-anni-non-vede-la-luce-del-sole-condannata\/","name":"Tiene la neonata chiusa in un cassetto, per tre anni non vede la luce del sole: condannata","isPartOf":{"@id":"https:\/\/newsvirali.it\/fr\/#website"},"primaryImageOfPage":{"@id":"https:\/\/newsvirali.it\/2024\/11\/27\/tiene-la-neonata-chiusa-in-un-cassetto-per-tre-anni-non-vede-la-luce-del-sole-condannata\/#primaryimage"},"image":{"@id":"https:\/\/newsvirali.it\/2024\/11\/27\/tiene-la-neonata-chiusa-in-un-cassetto-per-tre-anni-non-vede-la-luce-del-sole-condannata\/#primaryimage"},"thumbnailUrl":"https:\/\/newsvirali.it\/wp-content\/uploads\/2024\/11\/2215c405ee70fdbd11e6.jpg","datePublished":"2024-11-27T12:28:35+00:00","dateModified":"2024-11-27T12:28:36+00:00","author":{"@id":"https:\/\/newsvirali.it\/fr\/#\/schema\/person\/4c835f7b49c9adb58b33901ee816565d"},"breadcrumb":{"@id":"https:\/\/newsvirali.it\/2024\/11\/27\/tiene-la-neonata-chiusa-in-un-cassetto-per-tre-anni-non-vede-la-luce-del-sole-condannata\/#breadcrumb"},"inLanguage":"fr-FR","potentialAction":[{"@type":"ReadAction","target":["https:\/\/newsvirali.it\/2024\/11\/27\/tiene-la-neonata-chiusa-in-un-cassetto-per-tre-anni-non-vede-la-luce-del-sole-condannata\/"]}]},{"@type":"ImageObject","inLanguage":"fr-FR","@id":"https:\/\/newsvirali.it\/2024\/11\/27\/tiene-la-neonata-chiusa-in-un-cassetto-per-tre-anni-non-vede-la-luce-del-sole-condannata\/#primaryimage","url":"https:\/\/newsvirali.it\/wp-content\/uploads\/2024\/11\/2215c405ee70fdbd11e6.jpg","contentUrl":"https:\/\/newsvirali.it\/wp-content\/uploads\/2024\/11\/2215c405ee70fdbd11e6.jpg","width":1921,"height":1080,"caption":"Tiene la neonata chiusa in un cassetto, per tre anni non vede la luce del sole: condannata"},{"@type":"BreadcrumbList","@id":"https:\/\/newsvirali.it\/2024\/11\/27\/tiene-la-neonata-chiusa-in-un-cassetto-per-tre-anni-non-vede-la-luce-del-sole-condannata\/#breadcrumb","itemListElement":[{"@type":"ListItem","position":1,"name":"Home","item":"https:\/\/newsvirali.it\/fr\/"},{"@type":"ListItem","position":2,"name":"Tiene la neonata chiusa in un cassetto, per tre anni non vede la luce del sole: condannata"}]},{"@type":"WebSite","@id":"https:\/\/newsvirali.it\/fr\/#website","url":"https:\/\/newsvirali.it\/fr\/","name":"Bake News","description":"","potentialAction":[{"@type":"SearchAction","target":{"@type":"EntryPoint","urlTemplate":"https:\/\/newsvirali.it\/fr\/?s={search_term_string}"},"query-input":{"@type":"PropertyValueSpecification","valueRequired":true,"valueName":"search_term_string"}}],"inLanguage":"fr-FR"},{"@type":"Person","@id":"https:\/\/newsvirali.it\/fr\/#\/schema\/person\/4c835f7b49c9adb58b33901ee816565d","name":"Cecco Prestina","description":"Perch\u00e9 nasconderlo? Cecco Prestina \u00e8 un alias, ma dietro di lui non si cela un algoritmo di intelligenza artificiale. C'\u00e8 un giornalista che ha oltre vent'anni di esperienza tutta sul web. Da quando il primo modem ha iniziato a gracchiare sul territorio italiano con Video on Line, Cecco ha capito che da quel doppino sarebbe passato il futuro. Ha dedidicato tutta la sua carriera a capire Internet e poi i social e ora l'Ai. Una carriera in costante aggiornamento. E questa esperienza la mette in campo ogni giorno. Per\u00f2 ogni tanto Cecco ha voglia anche di non scrivere \"pipponi\" sulla politica, sull'economia. Ha voglia anche di scrivere qualcosa di divertente. Le notizie che trovate su Bake News sono le stesse che Cecco porta all'aperitivo con gli amici. Quelle di cui discutere per farsi due risate. Notizie, vere (qualche volta si fa fatica a crederlo), strane, divertenti, ma anche serie. Bake News \u00e8 nato per questo, dare al pubblico notizie croccanti e calde come il pane che esce dal forno. E Cecco Prestina \u00e8 nato con Bake News.","url":"https:\/\/newsvirali.it\/fr\/autore\/cecco-prestina\/"}]}},"_links":{"self":[{"href":"https:\/\/newsvirali.it\/fr\/wp-json\/wp\/v2\/posts\/51623","targetHints":{"allow":["GET"]}}],"collection":[{"href":"https:\/\/newsvirali.it\/fr\/wp-json\/wp\/v2\/posts"}],"about":[{"href":"https:\/\/newsvirali.it\/fr\/wp-json\/wp\/v2\/types\/post"}],"author":[{"embeddable":true,"href":"https:\/\/newsvirali.it\/fr\/wp-json\/wp\/v2\/users\/4"}],"replies":[{"embeddable":true,"href":"https:\/\/newsvirali.it\/fr\/wp-json\/wp\/v2\/comments?post=51623"}],"version-history":[{"count":3,"href":"https:\/\/newsvirali.it\/fr\/wp-json\/wp\/v2\/posts\/51623\/revisions"}],"predecessor-version":[{"id":51628,"href":"https:\/\/newsvirali.it\/fr\/wp-json\/wp\/v2\/posts\/51623\/revisions\/51628"}],"wp:featuredmedia":[{"embeddable":true,"href":"https:\/\/newsvirali.it\/fr\/wp-json\/wp\/v2\/media\/51624"}],"wp:attachment":[{"href":"https:\/\/newsvirali.it\/fr\/wp-json\/wp\/v2\/media?parent=51623"}],"wp:term":[{"taxonomy":"category","embeddable":true,"href":"https:\/\/newsvirali.it\/fr\/wp-json\/wp\/v2\/categories?post=51623"},{"taxonomy":"post_tag","embeddable":true,"href":"https:\/\/newsvirali.it\/fr\/wp-json\/wp\/v2\/tags?post=51623"}],"curies":[{"name":"wp","href":"https:\/\/api.w.org\/{rel}","templated":true}]}}