{"id":50401,"date":"2024-11-13T16:12:13","date_gmt":"2024-11-13T15:12:13","guid":{"rendered":"https:\/\/newsvirali.it\/?p=50401"},"modified":"2024-11-13T16:12:14","modified_gmt":"2024-11-13T15:12:14","slug":"malaga-abitanti-legano-e-impacchettano-auto-ai-lampioni-per-paura-dellalluvione","status":"publish","type":"post","link":"https:\/\/newsvirali.it\/fr\/2024\/11\/13\/les-habitants-de-malaga-attachent-et-regroupent-leurs-voitures-aux-lampadaires-par-crainte-des-inondations\/","title":{"rendered":"Les habitants de Malaga attachent et regroupent leurs voitures aux lampadaires par crainte des inondations"},"content":{"rendered":"<p>Des milliers de personnes ont \u00e9t\u00e9 \u00e9vacu\u00e9es de leurs maisons sur la Costa del Sol au milieu de nouvelles craintes d&#039;inondations, apr\u00e8s que l&#039;avertissement m\u00e9t\u00e9orologique pour la r\u00e9gion soit pass\u00e9 du jaune au rouge et que la population locale et les touristes aient \u00e9t\u00e9 avertis d&#039;un \u00ab risque extr\u00eame \u00bb. La crainte de nous retrouver dans une situation similaire, voire pire, \u00e0 celle qui s\u2019est produite \u00e0 Valence est grande. C&#039;est pour cette raison que les habitants de Malaga ont agi en utilisant des m\u00e9thodes \u00ab innovantes \u00bb.<\/p>\n\n\n\n<p><strong>LIRE AUSSI<\/strong><\/p>\n\n\n\n<ul class=\"wp-block-list\">\n<li><a href=\"https:\/\/newsvirali.it\/fr\/2024\/05\/09\/inondation-a-porto-alegre-un-alligator-erre-dans-les-rues-submerge-par-leau\/\">Inondations \u00e0 Porto Alegre, un alligator parcourt les rues submerg\u00e9 par l&#039;eau<\/a><\/li>\n\n\n\n<li><a href=\"https:\/\/newsvirali.it\/fr\/2024\/09\/30\/un-garage-inonde-par-louragan-tesla-explose-video-dramatique\/\">Garage inond\u00e9 par l&#039;ouragan, Tesla explose : vid\u00e9o choc, eau sal\u00e9e en cause ?<\/a><\/li>\n\n\n\n<li><a href=\"https:\/\/newsvirali.it\/fr\/2024\/09\/04\/inondations-en-coree-du-nord-kim-jong-un-execute-des-representants-de-letat-en-guise-de-punition\/\">Inondations en Cor\u00e9e du Nord, Kim Jong-Un fait ex\u00e9cuter des responsables de l&#039;\u00c9tat en guise de punition<\/a><\/li>\n<\/ul>\n\n\n\n<p>Les habitants de Malaga ont tellement peur d&#039;une r\u00e9p\u00e9tition des d\u00e9g\u00e2ts caus\u00e9s par les inondations \u00e0 Valence \u00e0 la fin du mois dernier que beaucoup ont \u00e9t\u00e9 vus attachant leur voiture \u00e0 des lampadaires et les emballant dans du plastique pour limiter l&#039;exposition \u00e0 l&#039;eau. Dans une d\u00e9cision qui devrait affecter plus de 300 000 \u00e9l\u00e8ves, il a \u00e9t\u00e9 annonc\u00e9 que toutes les \u00e9coles de la province resteraient ferm\u00e9es aujourd&#039;hui.<\/p>\n\n\n\n<figure class=\"wp-block-embed is-type-rich is-provider-twitter wp-block-embed-twitter\"><div class=\"wp-block-embed__wrapper\">\n<blockquote class=\"twitter-tweet\" data-width=\"500\" data-dnt=\"true\"><p lang=\"es\" dir=\"ltr\">Il est retourn\u00e9 en Espagne<br>Maintenant \u00e0 M\u00e1laga<br>il y a quelques jours, un Galicien a laiss\u00e9 sa voiture toute rang\u00e9e dans son sac et remise \u00e0 un bureau de poste<br>Le chemin <a href=\"https:\/\/t.co\/zS3xITJViH\">pic.twitter.com\/zS3xITJViH<\/a><\/p>-ElBuni (@therealbuni) <a href=\"https:\/\/twitter.com\/therealbuni\/status\/1856711890186940624?ref_src=twsrc%5Etfw\">13 novembre 2024<\/a><\/blockquote><script async src=\"https:\/\/platform.twitter.com\/widgets.js\" charset=\"utf-8\"><\/script>\n<\/div><\/figure>\n\n\n\n<p>Auparavant, avait commenc\u00e9 l&#039;\u00e9vacuation &quot;pr\u00e9ventive&quot; d&#039;environ 3 000 personnes vivant dans environ 1 000 maisons pr\u00e8s du fleuve Guadalhorce, l&#039;une des zones les plus touch\u00e9es par les pluies torrentielles et les temp\u00eates d&#039;il y a deux semaines, qui seraient responsables de la mort d&#039;un Britannique. expatri\u00e9 de 71 ans. La populaire Costa del Sol, y compris les stations baln\u00e9aires de Marbella et d&#039;Estepona, devrait subir les pires cons\u00e9quences du ph\u00e9nom\u00e8ne m\u00e9t\u00e9orologique extr\u00eame connu sous le nom de DANA, une vague de froid qui a \u00e9t\u00e9 \u00e0 l&#039;origine de crues soudaines catastrophiques qui ont tu\u00e9 plus de 200 personnes au cours de la derni\u00e8re d\u00e9cennie. ville de Valence et ses environs seuls, sur la c\u00f4te est.<\/p>\n<br \/>Suivez-nous \u00e9galement sur Google News : <b><a href=\"https:\/\/news.google.com\/publications\/CAAqBwgKMNqJiwswjMfqAg?hl=it&gl=IT&ceid=IT:it\" target=\"_blank\">Cliquez ici<\/a><\/b>","protected":false},"excerpt":{"rendered":"<p>Des milliers de personnes ont \u00e9t\u00e9 \u00e9vacu\u00e9es de leurs maisons sur la Costa del Sol en raison des craintes renouvel\u00e9es d&#039;inondations, [\u2026]<\/p>","protected":false},"author":4,"featured_media":50402,"comment_status":"closed","ping_status":"open","sticky":false,"template":"","format":"standard","meta":{"MSN_Categories":"Uncategorized","MSN_Publish_Option":false,"MSN_Is_Local_News":false,"MSN_Is_AIAC_Included":"Empty","MSN_Location":"[]","MSN_Add_Feature_Img_On_Top_Of_Post":false,"MSN_Has_Custom_Author":false,"MSN_Custom_Author":"","MSN_Has_Custom_Canonical_Url":false,"MSN_Custom_Canonical_Url":"","footnotes":""},"categories":[9],"tags":[],"class_list":["post-50401","post","type-post","status-publish","format-standard","has-post-thumbnail","hentry","category-mondo"],"acf":[],"yoast_head":"<!-- This site is optimized with the Yoast SEO Premium plugin v26.7 (Yoast SEO v26.7) - https:\/\/yoast.com\/wordpress\/plugins\/seo\/ -->\n<title>Malaga, abitanti legano e impacchettano auto ai lampioni per paura dell&#039;alluvione<\/title>\n<meta name=\"robots\" content=\"index, follow, max-snippet:-1, max-image-preview:large, max-video-preview:-1\" \/>\n<link rel=\"canonical\" href=\"https:\/\/newsvirali.it\/fr\/2024\/11\/13\/les-habitants-de-malaga-attachent-et-regroupent-leurs-voitures-aux-lampadaires-par-crainte-des-inondations\/\" \/>\n<meta property=\"og:locale\" content=\"fr_FR\" \/>\n<meta property=\"og:type\" content=\"article\" \/>\n<meta property=\"og:title\" content=\"Malaga, abitanti legano e impacchettano auto ai lampioni per paura dell&#039;alluvione\" \/>\n<meta property=\"og:description\" content=\"Migliaia di persone sono state evacuate dalle loro case nella Costa del Sol a causa dei nuovi timori di inondazioni, [&hellip;]\" \/>\n<meta property=\"og:url\" content=\"https:\/\/newsvirali.it\/fr\/2024\/11\/13\/les-habitants-de-malaga-attachent-et-regroupent-leurs-voitures-aux-lampadaires-par-crainte-des-inondations\/\" \/>\n<meta property=\"og:site_name\" content=\"News virali\" \/>\n<meta property=\"article:published_time\" content=\"2024-11-13T15:12:13+00:00\" \/>\n<meta property=\"article:modified_time\" content=\"2024-11-13T15:12:14+00:00\" \/>\n<meta property=\"og:image\" content=\"https:\/\/newsvirali.it\/wp-content\/uploads\/2024\/11\/Malaga-abitanti-legano-e-impacchettano-auto-ai-lampioni-per-paura-dellalluvione-1.jpg\" \/>\n\t<meta property=\"og:image:width\" content=\"2160\" \/>\n\t<meta property=\"og:image:height\" content=\"1440\" \/>\n\t<meta property=\"og:image:type\" content=\"image\/jpeg\" \/>\n<meta name=\"author\" content=\"Cecco Prestina\" \/>\n<meta name=\"twitter:card\" content=\"summary_large_image\" \/>\n<meta name=\"twitter:label1\" content=\"\u00c9crit par\" \/>\n\t<meta name=\"twitter:data1\" content=\"Cecco Prestina\" \/>\n\t<meta name=\"twitter:label2\" content=\"Dur\u00e9e de lecture estim\u00e9e\" \/>\n\t<meta name=\"twitter:data2\" content=\"2 minutes\" \/>\n<script type=\"application\/ld+json\" class=\"yoast-schema-graph\">{\"@context\":\"https:\/\/schema.org\",\"@graph\":[{\"@type\":\"NewsArticle\",\"@id\":\"https:\/\/newsvirali.it\/2024\/11\/13\/malaga-abitanti-legano-e-impacchettano-auto-ai-lampioni-per-paura-dellalluvione\/#article\",\"isPartOf\":{\"@id\":\"https:\/\/newsvirali.it\/2024\/11\/13\/malaga-abitanti-legano-e-impacchettano-auto-ai-lampioni-per-paura-dellalluvione\/\"},\"author\":{\"name\":\"Cecco Prestina\",\"@id\":\"https:\/\/newsvirali.it\/fr\/#\/schema\/person\/4c835f7b49c9adb58b33901ee816565d\"},\"headline\":\"Malaga, abitanti legano e impacchettano auto ai lampioni per paura dell&#8217;alluvione\",\"datePublished\":\"2024-11-13T15:12:13+00:00\",\"dateModified\":\"2024-11-13T15:12:14+00:00\",\"mainEntityOfPage\":{\"@id\":\"https:\/\/newsvirali.it\/2024\/11\/13\/malaga-abitanti-legano-e-impacchettano-auto-ai-lampioni-per-paura-dellalluvione\/\"},\"wordCount\":300,\"image\":{\"@id\":\"https:\/\/newsvirali.it\/2024\/11\/13\/malaga-abitanti-legano-e-impacchettano-auto-ai-lampioni-per-paura-dellalluvione\/#primaryimage\"},\"thumbnailUrl\":\"https:\/\/newsvirali.it\/wp-content\/uploads\/2024\/11\/Malaga-abitanti-legano-e-impacchettano-auto-ai-lampioni-per-paura-dellalluvione-1.jpg\",\"articleSection\":[\"Mondo\"],\"inLanguage\":\"fr-FR\",\"copyrightYear\":\"2024\",\"copyrightHolder\":{\"@id\":\"https:\/\/newsvirali.it\/fr\/#organization\"}},{\"@type\":\"WebPage\",\"@id\":\"https:\/\/newsvirali.it\/2024\/11\/13\/malaga-abitanti-legano-e-impacchettano-auto-ai-lampioni-per-paura-dellalluvione\/\",\"url\":\"https:\/\/newsvirali.it\/2024\/11\/13\/malaga-abitanti-legano-e-impacchettano-auto-ai-lampioni-per-paura-dellalluvione\/\",\"name\":\"Malaga, abitanti legano e impacchettano auto ai lampioni per paura dell'alluvione\",\"isPartOf\":{\"@id\":\"https:\/\/newsvirali.it\/fr\/#website\"},\"primaryImageOfPage\":{\"@id\":\"https:\/\/newsvirali.it\/2024\/11\/13\/malaga-abitanti-legano-e-impacchettano-auto-ai-lampioni-per-paura-dellalluvione\/#primaryimage\"},\"image\":{\"@id\":\"https:\/\/newsvirali.it\/2024\/11\/13\/malaga-abitanti-legano-e-impacchettano-auto-ai-lampioni-per-paura-dellalluvione\/#primaryimage\"},\"thumbnailUrl\":\"https:\/\/newsvirali.it\/wp-content\/uploads\/2024\/11\/Malaga-abitanti-legano-e-impacchettano-auto-ai-lampioni-per-paura-dellalluvione-1.jpg\",\"datePublished\":\"2024-11-13T15:12:13+00:00\",\"dateModified\":\"2024-11-13T15:12:14+00:00\",\"author\":{\"@id\":\"https:\/\/newsvirali.it\/fr\/#\/schema\/person\/4c835f7b49c9adb58b33901ee816565d\"},\"breadcrumb\":{\"@id\":\"https:\/\/newsvirali.it\/2024\/11\/13\/malaga-abitanti-legano-e-impacchettano-auto-ai-lampioni-per-paura-dellalluvione\/#breadcrumb\"},\"inLanguage\":\"fr-FR\",\"potentialAction\":[{\"@type\":\"ReadAction\",\"target\":[\"https:\/\/newsvirali.it\/2024\/11\/13\/malaga-abitanti-legano-e-impacchettano-auto-ai-lampioni-per-paura-dellalluvione\/\"]}]},{\"@type\":\"ImageObject\",\"inLanguage\":\"fr-FR\",\"@id\":\"https:\/\/newsvirali.it\/2024\/11\/13\/malaga-abitanti-legano-e-impacchettano-auto-ai-lampioni-per-paura-dellalluvione\/#primaryimage\",\"url\":\"https:\/\/newsvirali.it\/wp-content\/uploads\/2024\/11\/Malaga-abitanti-legano-e-impacchettano-auto-ai-lampioni-per-paura-dellalluvione-1.jpg\",\"contentUrl\":\"https:\/\/newsvirali.it\/wp-content\/uploads\/2024\/11\/Malaga-abitanti-legano-e-impacchettano-auto-ai-lampioni-per-paura-dellalluvione-1.jpg\",\"width\":2160,\"height\":1440,\"caption\":\"Malaga, abitanti legano e impacchettano auto ai lampioni per paura dell'alluvione\"},{\"@type\":\"BreadcrumbList\",\"@id\":\"https:\/\/newsvirali.it\/2024\/11\/13\/malaga-abitanti-legano-e-impacchettano-auto-ai-lampioni-per-paura-dellalluvione\/#breadcrumb\",\"itemListElement\":[{\"@type\":\"ListItem\",\"position\":1,\"name\":\"Home\",\"item\":\"https:\/\/newsvirali.it\/fr\/\"},{\"@type\":\"ListItem\",\"position\":2,\"name\":\"Malaga, abitanti legano e impacchettano auto ai lampioni per paura dell&#8217;alluvione\"}]},{\"@type\":\"WebSite\",\"@id\":\"https:\/\/newsvirali.it\/fr\/#website\",\"url\":\"https:\/\/newsvirali.it\/fr\/\",\"name\":\"Bake News\",\"description\":\"\",\"potentialAction\":[{\"@type\":\"SearchAction\",\"target\":{\"@type\":\"EntryPoint\",\"urlTemplate\":\"https:\/\/newsvirali.it\/fr\/?s={search_term_string}\"},\"query-input\":{\"@type\":\"PropertyValueSpecification\",\"valueRequired\":true,\"valueName\":\"search_term_string\"}}],\"inLanguage\":\"fr-FR\"},{\"@type\":\"Person\",\"@id\":\"https:\/\/newsvirali.it\/fr\/#\/schema\/person\/4c835f7b49c9adb58b33901ee816565d\",\"name\":\"Cecco Prestina\",\"description\":\"Perch\u00e9 nasconderlo? Cecco Prestina \u00e8 un alias, ma dietro di lui non si cela un algoritmo di intelligenza artificiale. C'\u00e8 un giornalista che ha oltre vent'anni di esperienza tutta sul web. Da quando il primo modem ha iniziato a gracchiare sul territorio italiano con Video on Line, Cecco ha capito che da quel doppino sarebbe passato il futuro. Ha dedidicato tutta la sua carriera a capire Internet e poi i social e ora l'Ai. Una carriera in costante aggiornamento. E questa esperienza la mette in campo ogni giorno. Per\u00f2 ogni tanto Cecco ha voglia anche di non scrivere \\\"pipponi\\\" sulla politica, sull'economia. Ha voglia anche di scrivere qualcosa di divertente. Le notizie che trovate su Bake News sono le stesse che Cecco porta all'aperitivo con gli amici. Quelle di cui discutere per farsi due risate. Notizie, vere (qualche volta si fa fatica a crederlo), strane, divertenti, ma anche serie. Bake News \u00e8 nato per questo, dare al pubblico notizie croccanti e calde come il pane che esce dal forno. E Cecco Prestina \u00e8 nato con Bake News.\",\"url\":\"https:\/\/newsvirali.it\/fr\/autore\/cecco-prestina\/\"}]}<\/script>\n<!-- \/ Yoast SEO Premium plugin. -->","yoast_head_json":{"title":"Malaga, abitanti legano e impacchettano auto ai lampioni per paura dell'alluvione","robots":{"index":"index","follow":"follow","max-snippet":"max-snippet:-1","max-image-preview":"max-image-preview:large","max-video-preview":"max-video-preview:-1"},"canonical":"https:\/\/newsvirali.it\/fr\/2024\/11\/13\/les-habitants-de-malaga-attachent-et-regroupent-leurs-voitures-aux-lampadaires-par-crainte-des-inondations\/","og_locale":"fr_FR","og_type":"article","og_title":"Malaga, abitanti legano e impacchettano auto ai lampioni per paura dell'alluvione","og_description":"Migliaia di persone sono state evacuate dalle loro case nella Costa del Sol a causa dei nuovi timori di inondazioni, [&hellip;]","og_url":"https:\/\/newsvirali.it\/fr\/2024\/11\/13\/les-habitants-de-malaga-attachent-et-regroupent-leurs-voitures-aux-lampadaires-par-crainte-des-inondations\/","og_site_name":"News virali","article_published_time":"2024-11-13T15:12:13+00:00","article_modified_time":"2024-11-13T15:12:14+00:00","og_image":[{"width":2160,"height":1440,"url":"https:\/\/newsvirali.it\/wp-content\/uploads\/2024\/11\/Malaga-abitanti-legano-e-impacchettano-auto-ai-lampioni-per-paura-dellalluvione-1.jpg","type":"image\/jpeg"}],"author":"Cecco Prestina","twitter_card":"summary_large_image","twitter_misc":{"\u00c9crit par":"Cecco Prestina","Dur\u00e9e de lecture estim\u00e9e":"2 minutes"},"schema":{"@context":"https:\/\/schema.org","@graph":[{"@type":"NewsArticle","@id":"https:\/\/newsvirali.it\/2024\/11\/13\/malaga-abitanti-legano-e-impacchettano-auto-ai-lampioni-per-paura-dellalluvione\/#article","isPartOf":{"@id":"https:\/\/newsvirali.it\/2024\/11\/13\/malaga-abitanti-legano-e-impacchettano-auto-ai-lampioni-per-paura-dellalluvione\/"},"author":{"name":"Cecco Prestina","@id":"https:\/\/newsvirali.it\/fr\/#\/schema\/person\/4c835f7b49c9adb58b33901ee816565d"},"headline":"Malaga, abitanti legano e impacchettano auto ai lampioni per paura dell&#8217;alluvione","datePublished":"2024-11-13T15:12:13+00:00","dateModified":"2024-11-13T15:12:14+00:00","mainEntityOfPage":{"@id":"https:\/\/newsvirali.it\/2024\/11\/13\/malaga-abitanti-legano-e-impacchettano-auto-ai-lampioni-per-paura-dellalluvione\/"},"wordCount":300,"image":{"@id":"https:\/\/newsvirali.it\/2024\/11\/13\/malaga-abitanti-legano-e-impacchettano-auto-ai-lampioni-per-paura-dellalluvione\/#primaryimage"},"thumbnailUrl":"https:\/\/newsvirali.it\/wp-content\/uploads\/2024\/11\/Malaga-abitanti-legano-e-impacchettano-auto-ai-lampioni-per-paura-dellalluvione-1.jpg","articleSection":["Mondo"],"inLanguage":"fr-FR","copyrightYear":"2024","copyrightHolder":{"@id":"https:\/\/newsvirali.it\/fr\/#organization"}},{"@type":"WebPage","@id":"https:\/\/newsvirali.it\/2024\/11\/13\/malaga-abitanti-legano-e-impacchettano-auto-ai-lampioni-per-paura-dellalluvione\/","url":"https:\/\/newsvirali.it\/2024\/11\/13\/malaga-abitanti-legano-e-impacchettano-auto-ai-lampioni-per-paura-dellalluvione\/","name":"Malaga, abitanti legano e impacchettano auto ai lampioni per paura dell'alluvione","isPartOf":{"@id":"https:\/\/newsvirali.it\/fr\/#website"},"primaryImageOfPage":{"@id":"https:\/\/newsvirali.it\/2024\/11\/13\/malaga-abitanti-legano-e-impacchettano-auto-ai-lampioni-per-paura-dellalluvione\/#primaryimage"},"image":{"@id":"https:\/\/newsvirali.it\/2024\/11\/13\/malaga-abitanti-legano-e-impacchettano-auto-ai-lampioni-per-paura-dellalluvione\/#primaryimage"},"thumbnailUrl":"https:\/\/newsvirali.it\/wp-content\/uploads\/2024\/11\/Malaga-abitanti-legano-e-impacchettano-auto-ai-lampioni-per-paura-dellalluvione-1.jpg","datePublished":"2024-11-13T15:12:13+00:00","dateModified":"2024-11-13T15:12:14+00:00","author":{"@id":"https:\/\/newsvirali.it\/fr\/#\/schema\/person\/4c835f7b49c9adb58b33901ee816565d"},"breadcrumb":{"@id":"https:\/\/newsvirali.it\/2024\/11\/13\/malaga-abitanti-legano-e-impacchettano-auto-ai-lampioni-per-paura-dellalluvione\/#breadcrumb"},"inLanguage":"fr-FR","potentialAction":[{"@type":"ReadAction","target":["https:\/\/newsvirali.it\/2024\/11\/13\/malaga-abitanti-legano-e-impacchettano-auto-ai-lampioni-per-paura-dellalluvione\/"]}]},{"@type":"ImageObject","inLanguage":"fr-FR","@id":"https:\/\/newsvirali.it\/2024\/11\/13\/malaga-abitanti-legano-e-impacchettano-auto-ai-lampioni-per-paura-dellalluvione\/#primaryimage","url":"https:\/\/newsvirali.it\/wp-content\/uploads\/2024\/11\/Malaga-abitanti-legano-e-impacchettano-auto-ai-lampioni-per-paura-dellalluvione-1.jpg","contentUrl":"https:\/\/newsvirali.it\/wp-content\/uploads\/2024\/11\/Malaga-abitanti-legano-e-impacchettano-auto-ai-lampioni-per-paura-dellalluvione-1.jpg","width":2160,"height":1440,"caption":"Malaga, abitanti legano e impacchettano auto ai lampioni per paura dell'alluvione"},{"@type":"BreadcrumbList","@id":"https:\/\/newsvirali.it\/2024\/11\/13\/malaga-abitanti-legano-e-impacchettano-auto-ai-lampioni-per-paura-dellalluvione\/#breadcrumb","itemListElement":[{"@type":"ListItem","position":1,"name":"Home","item":"https:\/\/newsvirali.it\/fr\/"},{"@type":"ListItem","position":2,"name":"Malaga, abitanti legano e impacchettano auto ai lampioni per paura dell&#8217;alluvione"}]},{"@type":"WebSite","@id":"https:\/\/newsvirali.it\/fr\/#website","url":"https:\/\/newsvirali.it\/fr\/","name":"Bake News","description":"","potentialAction":[{"@type":"SearchAction","target":{"@type":"EntryPoint","urlTemplate":"https:\/\/newsvirali.it\/fr\/?s={search_term_string}"},"query-input":{"@type":"PropertyValueSpecification","valueRequired":true,"valueName":"search_term_string"}}],"inLanguage":"fr-FR"},{"@type":"Person","@id":"https:\/\/newsvirali.it\/fr\/#\/schema\/person\/4c835f7b49c9adb58b33901ee816565d","name":"Cecco Prestina","description":"Perch\u00e9 nasconderlo? Cecco Prestina \u00e8 un alias, ma dietro di lui non si cela un algoritmo di intelligenza artificiale. C'\u00e8 un giornalista che ha oltre vent'anni di esperienza tutta sul web. Da quando il primo modem ha iniziato a gracchiare sul territorio italiano con Video on Line, Cecco ha capito che da quel doppino sarebbe passato il futuro. Ha dedidicato tutta la sua carriera a capire Internet e poi i social e ora l'Ai. Una carriera in costante aggiornamento. E questa esperienza la mette in campo ogni giorno. Per\u00f2 ogni tanto Cecco ha voglia anche di non scrivere \"pipponi\" sulla politica, sull'economia. Ha voglia anche di scrivere qualcosa di divertente. Le notizie che trovate su Bake News sono le stesse che Cecco porta all'aperitivo con gli amici. Quelle di cui discutere per farsi due risate. Notizie, vere (qualche volta si fa fatica a crederlo), strane, divertenti, ma anche serie. Bake News \u00e8 nato per questo, dare al pubblico notizie croccanti e calde come il pane che esce dal forno. E Cecco Prestina \u00e8 nato con Bake News.","url":"https:\/\/newsvirali.it\/fr\/autore\/cecco-prestina\/"}]}},"_links":{"self":[{"href":"https:\/\/newsvirali.it\/fr\/wp-json\/wp\/v2\/posts\/50401","targetHints":{"allow":["GET"]}}],"collection":[{"href":"https:\/\/newsvirali.it\/fr\/wp-json\/wp\/v2\/posts"}],"about":[{"href":"https:\/\/newsvirali.it\/fr\/wp-json\/wp\/v2\/types\/post"}],"author":[{"embeddable":true,"href":"https:\/\/newsvirali.it\/fr\/wp-json\/wp\/v2\/users\/4"}],"replies":[{"embeddable":true,"href":"https:\/\/newsvirali.it\/fr\/wp-json\/wp\/v2\/comments?post=50401"}],"version-history":[{"count":4,"href":"https:\/\/newsvirali.it\/fr\/wp-json\/wp\/v2\/posts\/50401\/revisions"}],"predecessor-version":[{"id":50409,"href":"https:\/\/newsvirali.it\/fr\/wp-json\/wp\/v2\/posts\/50401\/revisions\/50409"}],"wp:featuredmedia":[{"embeddable":true,"href":"https:\/\/newsvirali.it\/fr\/wp-json\/wp\/v2\/media\/50402"}],"wp:attachment":[{"href":"https:\/\/newsvirali.it\/fr\/wp-json\/wp\/v2\/media?parent=50401"}],"wp:term":[{"taxonomy":"category","embeddable":true,"href":"https:\/\/newsvirali.it\/fr\/wp-json\/wp\/v2\/categories?post=50401"},{"taxonomy":"post_tag","embeddable":true,"href":"https:\/\/newsvirali.it\/fr\/wp-json\/wp\/v2\/tags?post=50401"}],"curies":[{"name":"wp","href":"https:\/\/api.w.org\/{rel}","templated":true}]}}