{"id":49795,"date":"2024-11-06T02:32:41","date_gmt":"2024-11-06T01:32:41","guid":{"rendered":"https:\/\/newsvirali.it\/?p=49795"},"modified":"2024-11-06T02:32:42","modified_gmt":"2024-11-06T01:32:42","slug":"tenta-di-aprire-la-porta-di-emergenza-dellaereo-passeggeri-lo-bloccano-con-la-forza","status":"publish","type":"post","link":"https:\/\/newsvirali.it\/fr\/2024\/11\/06\/il-essaie-douvrir-la-porte-de-secours-de-lavion-de-passagers-et-ils-la-bloquent-de-force\/","title":{"rendered":"Il tente d&#039;ouvrir la porte de secours de l&#039;avion, les passagers le bloquent de force"},"content":{"rendered":"<p>Moments de panique sur un vol de Copa Airlines arrivant au Panama : un passager a tent\u00e9 d&#039;ouvrir la porte de secours alors que l&#039;avion atterrissait, alertant l&#039;\u00e9quipage et les passagers \u00e0 bord. Selon certaines informations, l&#039;homme aurait soudainement tent\u00e9 de d\u00e9verrouiller la porte de s\u00e9curit\u00e9, malgr\u00e9 la situation critique due \u00e0 l&#039;altitude et \u00e0 la vitesse de l&#039;avion.<\/p>\n\n\n\n<p><strong>LIRE AUSSI<\/strong><\/p>\n\n\n\n<ul class=\"wp-block-list\">\n<li><a href=\"https:\/\/newsvirali.it\/fr\/2024\/10\/22\/lavion-devore-un-chariot-a-bagages-avec-son-moteur-laccident-filme-2\/\">L&#039;avion &quot;d\u00e9vore&quot; un chariot \u00e0 bagages avec moteur : l&#039;accident film\u00e9<\/a><\/li>\n\n\n\n<li><a href=\"https:\/\/newsvirali.it\/fr\/2024\/10\/09\/un-pilote-decede-pendant-un-vol-contraint-deffectuer-un-atterrissage-durgence\/\">Un pilote d\u00e9c\u00e8de en vol, l&#039;avion est contraint d&#039;atterrir d&#039;urgence<\/a><\/li>\n\n\n\n<li><a href=\"https:\/\/newsvirali.it\/fr\/2024\/10\/08\/lavion-reliant-londres-a-new-york-arrive-dans-moins-dune-heure\/\">L&#039;avion reliant Londres \u00e0 New York arrive dans moins d&#039;une heure<\/a><\/li>\n<\/ul>\n\n\n\n<p>Le comportement alarmant du passager a provoqu\u00e9 une r\u00e9action imm\u00e9diate de l&#039;\u00e9quipage \u00e0 bord, qui a imm\u00e9diatement arr\u00eat\u00e9 l&#039;homme, \u00e9vitant ainsi un \u00e9ventuel accident. L&#039;avion, d\u00e9sormais presque au sol, a r\u00e9ussi \u00e0 r\u00e9aliser l&#039;atterrissage sans probl\u00e8me suppl\u00e9mentaire gr\u00e2ce au professionnalisme et \u00e0 la rapidit\u00e9 de l&#039;\u00e9quipage.<\/p>\n\n\n\n<figure class=\"wp-block-embed is-type-rich is-provider-twitter wp-block-embed-twitter\"><div class=\"wp-block-embed__wrapper\">\n<blockquote class=\"twitter-tweet\" data-width=\"500\" data-dnt=\"true\"><p lang=\"en\" dir=\"ltr\">Un passager d&#039;un vol CM204 de Copa Airlines exploit\u00e9 par un avion immatricul\u00e9 HP-1843CMP de Brasilia (BSB) \u00e0 Panama City (PTY), a tent\u00e9 d&#039;ouvrir la porte de secours de l&#039;avion en plein vol mardi 5 novembre et a \u00e9t\u00e9 retenu par d&#039;autres passagers.<br><br>Quant aux passagers, le\u2026 <a href=\"https:\/\/t.co\/Edt41WefXY\">pic.twitter.com\/Edt41WefXY<\/a><\/p>\u2013 FL360aero (@fl360aero) <a href=\"https:\/\/twitter.com\/fl360aero\/status\/1853936414083485704?ref_src=twsrc%5Etfw\">5 novembre 2024<\/a><\/blockquote><script async src=\"https:\/\/platform.twitter.com\/widgets.js\" charset=\"utf-8\"><\/script>\n<\/div><\/figure>\n\n\n\n<p>L&#039;accident s&#039;est produit sur un vol d\u00e9collant de Brasilia et \u00e0 destination de la ville de Panama. L&#039;affaire s&#039;est produite peu avant l&#039;atterrissage \u00e0 Panama City. Une fois arriv\u00e9 dans ce pays d&#039;Am\u00e9rique centrale, l&#039;homme a \u00e9t\u00e9 remis aux autorit\u00e9s judiciaires.<\/p>\n<br \/>Suivez-nous \u00e9galement sur Google News : <b><a href=\"https:\/\/news.google.com\/publications\/CAAqBwgKMNqJiwswjMfqAg?hl=it&gl=IT&ceid=IT:it\" target=\"_blank\">Cliquez ici<\/a><\/b>","protected":false},"excerpt":{"rendered":"<p>Moments de panique sur un vol de Copa Airlines arrivant au Panama : un passager a tent\u00e9 d&#039;ouvrir le [\u2026]<\/p>","protected":false},"author":4,"featured_media":49796,"comment_status":"closed","ping_status":"open","sticky":false,"template":"","format":"standard","meta":{"MSN_Categories":"Uncategorized","MSN_Publish_Option":false,"MSN_Is_Local_News":false,"MSN_Is_AIAC_Included":"Empty","MSN_Location":"[]","MSN_Add_Feature_Img_On_Top_Of_Post":false,"MSN_Has_Custom_Author":false,"MSN_Custom_Author":"","MSN_Has_Custom_Canonical_Url":false,"MSN_Custom_Canonical_Url":"","footnotes":""},"categories":[9],"tags":[],"class_list":["post-49795","post","type-post","status-publish","format-standard","has-post-thumbnail","hentry","category-mondo"],"acf":[],"yoast_head":"<!-- This site is optimized with the Yoast SEO Premium plugin v26.7 (Yoast SEO v26.7) - https:\/\/yoast.com\/wordpress\/plugins\/seo\/ -->\n<title>Tenta di aprire la porta di emergenza dell&#039;aereo, passeggeri lo bloccano con la forza<\/title>\n<meta name=\"robots\" content=\"index, follow, max-snippet:-1, max-image-preview:large, max-video-preview:-1\" \/>\n<link rel=\"canonical\" href=\"https:\/\/newsvirali.it\/fr\/2024\/11\/06\/il-essaie-douvrir-la-porte-de-secours-de-lavion-de-passagers-et-ils-la-bloquent-de-force\/\" \/>\n<meta property=\"og:locale\" content=\"fr_FR\" \/>\n<meta property=\"og:type\" content=\"article\" \/>\n<meta property=\"og:title\" content=\"Tenta di aprire la porta di emergenza dell&#039;aereo, passeggeri lo bloccano con la forza\" \/>\n<meta property=\"og:description\" content=\"Attimi di panico su un volo della Copa Airlines in arrivo a Panama: un passeggero ha cercato di aprire la [&hellip;]\" \/>\n<meta property=\"og:url\" content=\"https:\/\/newsvirali.it\/fr\/2024\/11\/06\/il-essaie-douvrir-la-porte-de-secours-de-lavion-de-passagers-et-ils-la-bloquent-de-force\/\" \/>\n<meta property=\"og:site_name\" content=\"News virali\" \/>\n<meta property=\"article:published_time\" content=\"2024-11-06T01:32:41+00:00\" \/>\n<meta property=\"article:modified_time\" content=\"2024-11-06T01:32:42+00:00\" \/>\n<meta property=\"og:image\" content=\"https:\/\/newsvirali.it\/wp-content\/uploads\/2024\/11\/Tenta-di-aprire-la-porta-di-emergenza-dellaereo-passeggeri-lo-bloccano-con-la-forza-1.jpg\" \/>\n\t<meta property=\"og:image:width\" content=\"2160\" \/>\n\t<meta property=\"og:image:height\" content=\"1440\" \/>\n\t<meta property=\"og:image:type\" content=\"image\/jpeg\" \/>\n<meta name=\"author\" content=\"Cecco Prestina\" \/>\n<meta name=\"twitter:card\" content=\"summary_large_image\" \/>\n<meta name=\"twitter:label1\" content=\"\u00c9crit par\" \/>\n\t<meta name=\"twitter:data1\" content=\"Cecco Prestina\" \/>\n\t<meta name=\"twitter:label2\" content=\"Dur\u00e9e de lecture estim\u00e9e\" \/>\n\t<meta name=\"twitter:data2\" content=\"1 minute\" \/>\n<script type=\"application\/ld+json\" class=\"yoast-schema-graph\">{\"@context\":\"https:\/\/schema.org\",\"@graph\":[{\"@type\":\"NewsArticle\",\"@id\":\"https:\/\/newsvirali.it\/2024\/11\/06\/tenta-di-aprire-la-porta-di-emergenza-dellaereo-passeggeri-lo-bloccano-con-la-forza\/#article\",\"isPartOf\":{\"@id\":\"https:\/\/newsvirali.it\/2024\/11\/06\/tenta-di-aprire-la-porta-di-emergenza-dellaereo-passeggeri-lo-bloccano-con-la-forza\/\"},\"author\":{\"name\":\"Cecco Prestina\",\"@id\":\"https:\/\/newsvirali.it\/fr\/#\/schema\/person\/4c835f7b49c9adb58b33901ee816565d\"},\"headline\":\"Tenta di aprire la porta di emergenza dell&#8217;aereo, passeggeri lo bloccano con la forza\",\"datePublished\":\"2024-11-06T01:32:41+00:00\",\"dateModified\":\"2024-11-06T01:32:42+00:00\",\"mainEntityOfPage\":{\"@id\":\"https:\/\/newsvirali.it\/2024\/11\/06\/tenta-di-aprire-la-porta-di-emergenza-dellaereo-passeggeri-lo-bloccano-con-la-forza\/\"},\"wordCount\":214,\"image\":{\"@id\":\"https:\/\/newsvirali.it\/2024\/11\/06\/tenta-di-aprire-la-porta-di-emergenza-dellaereo-passeggeri-lo-bloccano-con-la-forza\/#primaryimage\"},\"thumbnailUrl\":\"https:\/\/newsvirali.it\/wp-content\/uploads\/2024\/11\/Tenta-di-aprire-la-porta-di-emergenza-dellaereo-passeggeri-lo-bloccano-con-la-forza-1.jpg\",\"articleSection\":[\"Mondo\"],\"inLanguage\":\"fr-FR\",\"copyrightYear\":\"2024\",\"copyrightHolder\":{\"@id\":\"https:\/\/newsvirali.it\/fr\/#organization\"}},{\"@type\":\"WebPage\",\"@id\":\"https:\/\/newsvirali.it\/2024\/11\/06\/tenta-di-aprire-la-porta-di-emergenza-dellaereo-passeggeri-lo-bloccano-con-la-forza\/\",\"url\":\"https:\/\/newsvirali.it\/2024\/11\/06\/tenta-di-aprire-la-porta-di-emergenza-dellaereo-passeggeri-lo-bloccano-con-la-forza\/\",\"name\":\"Tenta di aprire la porta di emergenza dell'aereo, passeggeri lo bloccano con la forza\",\"isPartOf\":{\"@id\":\"https:\/\/newsvirali.it\/fr\/#website\"},\"primaryImageOfPage\":{\"@id\":\"https:\/\/newsvirali.it\/2024\/11\/06\/tenta-di-aprire-la-porta-di-emergenza-dellaereo-passeggeri-lo-bloccano-con-la-forza\/#primaryimage\"},\"image\":{\"@id\":\"https:\/\/newsvirali.it\/2024\/11\/06\/tenta-di-aprire-la-porta-di-emergenza-dellaereo-passeggeri-lo-bloccano-con-la-forza\/#primaryimage\"},\"thumbnailUrl\":\"https:\/\/newsvirali.it\/wp-content\/uploads\/2024\/11\/Tenta-di-aprire-la-porta-di-emergenza-dellaereo-passeggeri-lo-bloccano-con-la-forza-1.jpg\",\"datePublished\":\"2024-11-06T01:32:41+00:00\",\"dateModified\":\"2024-11-06T01:32:42+00:00\",\"author\":{\"@id\":\"https:\/\/newsvirali.it\/fr\/#\/schema\/person\/4c835f7b49c9adb58b33901ee816565d\"},\"breadcrumb\":{\"@id\":\"https:\/\/newsvirali.it\/2024\/11\/06\/tenta-di-aprire-la-porta-di-emergenza-dellaereo-passeggeri-lo-bloccano-con-la-forza\/#breadcrumb\"},\"inLanguage\":\"fr-FR\",\"potentialAction\":[{\"@type\":\"ReadAction\",\"target\":[\"https:\/\/newsvirali.it\/2024\/11\/06\/tenta-di-aprire-la-porta-di-emergenza-dellaereo-passeggeri-lo-bloccano-con-la-forza\/\"]}]},{\"@type\":\"ImageObject\",\"inLanguage\":\"fr-FR\",\"@id\":\"https:\/\/newsvirali.it\/2024\/11\/06\/tenta-di-aprire-la-porta-di-emergenza-dellaereo-passeggeri-lo-bloccano-con-la-forza\/#primaryimage\",\"url\":\"https:\/\/newsvirali.it\/wp-content\/uploads\/2024\/11\/Tenta-di-aprire-la-porta-di-emergenza-dellaereo-passeggeri-lo-bloccano-con-la-forza-1.jpg\",\"contentUrl\":\"https:\/\/newsvirali.it\/wp-content\/uploads\/2024\/11\/Tenta-di-aprire-la-porta-di-emergenza-dellaereo-passeggeri-lo-bloccano-con-la-forza-1.jpg\",\"width\":2160,\"height\":1440,\"caption\":\"Tenta di aprire la porta di emergenza dell'aereo, passeggeri lo bloccano con la forza\"},{\"@type\":\"BreadcrumbList\",\"@id\":\"https:\/\/newsvirali.it\/2024\/11\/06\/tenta-di-aprire-la-porta-di-emergenza-dellaereo-passeggeri-lo-bloccano-con-la-forza\/#breadcrumb\",\"itemListElement\":[{\"@type\":\"ListItem\",\"position\":1,\"name\":\"Home\",\"item\":\"https:\/\/newsvirali.it\/fr\/\"},{\"@type\":\"ListItem\",\"position\":2,\"name\":\"Tenta di aprire la porta di emergenza dell&#8217;aereo, passeggeri lo bloccano con la forza\"}]},{\"@type\":\"WebSite\",\"@id\":\"https:\/\/newsvirali.it\/fr\/#website\",\"url\":\"https:\/\/newsvirali.it\/fr\/\",\"name\":\"Bake News\",\"description\":\"\",\"potentialAction\":[{\"@type\":\"SearchAction\",\"target\":{\"@type\":\"EntryPoint\",\"urlTemplate\":\"https:\/\/newsvirali.it\/fr\/?s={search_term_string}\"},\"query-input\":{\"@type\":\"PropertyValueSpecification\",\"valueRequired\":true,\"valueName\":\"search_term_string\"}}],\"inLanguage\":\"fr-FR\"},{\"@type\":\"Person\",\"@id\":\"https:\/\/newsvirali.it\/fr\/#\/schema\/person\/4c835f7b49c9adb58b33901ee816565d\",\"name\":\"Cecco Prestina\",\"description\":\"Perch\u00e9 nasconderlo? Cecco Prestina \u00e8 un alias, ma dietro di lui non si cela un algoritmo di intelligenza artificiale. C'\u00e8 un giornalista che ha oltre vent'anni di esperienza tutta sul web. Da quando il primo modem ha iniziato a gracchiare sul territorio italiano con Video on Line, Cecco ha capito che da quel doppino sarebbe passato il futuro. Ha dedidicato tutta la sua carriera a capire Internet e poi i social e ora l'Ai. Una carriera in costante aggiornamento. E questa esperienza la mette in campo ogni giorno. Per\u00f2 ogni tanto Cecco ha voglia anche di non scrivere \\\"pipponi\\\" sulla politica, sull'economia. Ha voglia anche di scrivere qualcosa di divertente. Le notizie che trovate su Bake News sono le stesse che Cecco porta all'aperitivo con gli amici. Quelle di cui discutere per farsi due risate. Notizie, vere (qualche volta si fa fatica a crederlo), strane, divertenti, ma anche serie. Bake News \u00e8 nato per questo, dare al pubblico notizie croccanti e calde come il pane che esce dal forno. E Cecco Prestina \u00e8 nato con Bake News.\",\"url\":\"https:\/\/newsvirali.it\/fr\/autore\/cecco-prestina\/\"}]}<\/script>\n<!-- \/ Yoast SEO Premium plugin. -->","yoast_head_json":{"title":"Tenta di aprire la porta di emergenza dell'aereo, passeggeri lo bloccano con la forza","robots":{"index":"index","follow":"follow","max-snippet":"max-snippet:-1","max-image-preview":"max-image-preview:large","max-video-preview":"max-video-preview:-1"},"canonical":"https:\/\/newsvirali.it\/fr\/2024\/11\/06\/il-essaie-douvrir-la-porte-de-secours-de-lavion-de-passagers-et-ils-la-bloquent-de-force\/","og_locale":"fr_FR","og_type":"article","og_title":"Tenta di aprire la porta di emergenza dell'aereo, passeggeri lo bloccano con la forza","og_description":"Attimi di panico su un volo della Copa Airlines in arrivo a Panama: un passeggero ha cercato di aprire la [&hellip;]","og_url":"https:\/\/newsvirali.it\/fr\/2024\/11\/06\/il-essaie-douvrir-la-porte-de-secours-de-lavion-de-passagers-et-ils-la-bloquent-de-force\/","og_site_name":"News virali","article_published_time":"2024-11-06T01:32:41+00:00","article_modified_time":"2024-11-06T01:32:42+00:00","og_image":[{"width":2160,"height":1440,"url":"https:\/\/newsvirali.it\/wp-content\/uploads\/2024\/11\/Tenta-di-aprire-la-porta-di-emergenza-dellaereo-passeggeri-lo-bloccano-con-la-forza-1.jpg","type":"image\/jpeg"}],"author":"Cecco Prestina","twitter_card":"summary_large_image","twitter_misc":{"\u00c9crit par":"Cecco Prestina","Dur\u00e9e de lecture estim\u00e9e":"1 minute"},"schema":{"@context":"https:\/\/schema.org","@graph":[{"@type":"NewsArticle","@id":"https:\/\/newsvirali.it\/2024\/11\/06\/tenta-di-aprire-la-porta-di-emergenza-dellaereo-passeggeri-lo-bloccano-con-la-forza\/#article","isPartOf":{"@id":"https:\/\/newsvirali.it\/2024\/11\/06\/tenta-di-aprire-la-porta-di-emergenza-dellaereo-passeggeri-lo-bloccano-con-la-forza\/"},"author":{"name":"Cecco Prestina","@id":"https:\/\/newsvirali.it\/fr\/#\/schema\/person\/4c835f7b49c9adb58b33901ee816565d"},"headline":"Tenta di aprire la porta di emergenza dell&#8217;aereo, passeggeri lo bloccano con la forza","datePublished":"2024-11-06T01:32:41+00:00","dateModified":"2024-11-06T01:32:42+00:00","mainEntityOfPage":{"@id":"https:\/\/newsvirali.it\/2024\/11\/06\/tenta-di-aprire-la-porta-di-emergenza-dellaereo-passeggeri-lo-bloccano-con-la-forza\/"},"wordCount":214,"image":{"@id":"https:\/\/newsvirali.it\/2024\/11\/06\/tenta-di-aprire-la-porta-di-emergenza-dellaereo-passeggeri-lo-bloccano-con-la-forza\/#primaryimage"},"thumbnailUrl":"https:\/\/newsvirali.it\/wp-content\/uploads\/2024\/11\/Tenta-di-aprire-la-porta-di-emergenza-dellaereo-passeggeri-lo-bloccano-con-la-forza-1.jpg","articleSection":["Mondo"],"inLanguage":"fr-FR","copyrightYear":"2024","copyrightHolder":{"@id":"https:\/\/newsvirali.it\/fr\/#organization"}},{"@type":"WebPage","@id":"https:\/\/newsvirali.it\/2024\/11\/06\/tenta-di-aprire-la-porta-di-emergenza-dellaereo-passeggeri-lo-bloccano-con-la-forza\/","url":"https:\/\/newsvirali.it\/2024\/11\/06\/tenta-di-aprire-la-porta-di-emergenza-dellaereo-passeggeri-lo-bloccano-con-la-forza\/","name":"Tenta di aprire la porta di emergenza dell'aereo, passeggeri lo bloccano con la forza","isPartOf":{"@id":"https:\/\/newsvirali.it\/fr\/#website"},"primaryImageOfPage":{"@id":"https:\/\/newsvirali.it\/2024\/11\/06\/tenta-di-aprire-la-porta-di-emergenza-dellaereo-passeggeri-lo-bloccano-con-la-forza\/#primaryimage"},"image":{"@id":"https:\/\/newsvirali.it\/2024\/11\/06\/tenta-di-aprire-la-porta-di-emergenza-dellaereo-passeggeri-lo-bloccano-con-la-forza\/#primaryimage"},"thumbnailUrl":"https:\/\/newsvirali.it\/wp-content\/uploads\/2024\/11\/Tenta-di-aprire-la-porta-di-emergenza-dellaereo-passeggeri-lo-bloccano-con-la-forza-1.jpg","datePublished":"2024-11-06T01:32:41+00:00","dateModified":"2024-11-06T01:32:42+00:00","author":{"@id":"https:\/\/newsvirali.it\/fr\/#\/schema\/person\/4c835f7b49c9adb58b33901ee816565d"},"breadcrumb":{"@id":"https:\/\/newsvirali.it\/2024\/11\/06\/tenta-di-aprire-la-porta-di-emergenza-dellaereo-passeggeri-lo-bloccano-con-la-forza\/#breadcrumb"},"inLanguage":"fr-FR","potentialAction":[{"@type":"ReadAction","target":["https:\/\/newsvirali.it\/2024\/11\/06\/tenta-di-aprire-la-porta-di-emergenza-dellaereo-passeggeri-lo-bloccano-con-la-forza\/"]}]},{"@type":"ImageObject","inLanguage":"fr-FR","@id":"https:\/\/newsvirali.it\/2024\/11\/06\/tenta-di-aprire-la-porta-di-emergenza-dellaereo-passeggeri-lo-bloccano-con-la-forza\/#primaryimage","url":"https:\/\/newsvirali.it\/wp-content\/uploads\/2024\/11\/Tenta-di-aprire-la-porta-di-emergenza-dellaereo-passeggeri-lo-bloccano-con-la-forza-1.jpg","contentUrl":"https:\/\/newsvirali.it\/wp-content\/uploads\/2024\/11\/Tenta-di-aprire-la-porta-di-emergenza-dellaereo-passeggeri-lo-bloccano-con-la-forza-1.jpg","width":2160,"height":1440,"caption":"Tenta di aprire la porta di emergenza dell'aereo, passeggeri lo bloccano con la forza"},{"@type":"BreadcrumbList","@id":"https:\/\/newsvirali.it\/2024\/11\/06\/tenta-di-aprire-la-porta-di-emergenza-dellaereo-passeggeri-lo-bloccano-con-la-forza\/#breadcrumb","itemListElement":[{"@type":"ListItem","position":1,"name":"Home","item":"https:\/\/newsvirali.it\/fr\/"},{"@type":"ListItem","position":2,"name":"Tenta di aprire la porta di emergenza dell&#8217;aereo, passeggeri lo bloccano con la forza"}]},{"@type":"WebSite","@id":"https:\/\/newsvirali.it\/fr\/#website","url":"https:\/\/newsvirali.it\/fr\/","name":"Bake News","description":"","potentialAction":[{"@type":"SearchAction","target":{"@type":"EntryPoint","urlTemplate":"https:\/\/newsvirali.it\/fr\/?s={search_term_string}"},"query-input":{"@type":"PropertyValueSpecification","valueRequired":true,"valueName":"search_term_string"}}],"inLanguage":"fr-FR"},{"@type":"Person","@id":"https:\/\/newsvirali.it\/fr\/#\/schema\/person\/4c835f7b49c9adb58b33901ee816565d","name":"Cecco Prestina","description":"Perch\u00e9 nasconderlo? Cecco Prestina \u00e8 un alias, ma dietro di lui non si cela un algoritmo di intelligenza artificiale. C'\u00e8 un giornalista che ha oltre vent'anni di esperienza tutta sul web. Da quando il primo modem ha iniziato a gracchiare sul territorio italiano con Video on Line, Cecco ha capito che da quel doppino sarebbe passato il futuro. Ha dedidicato tutta la sua carriera a capire Internet e poi i social e ora l'Ai. Una carriera in costante aggiornamento. E questa esperienza la mette in campo ogni giorno. Per\u00f2 ogni tanto Cecco ha voglia anche di non scrivere \"pipponi\" sulla politica, sull'economia. Ha voglia anche di scrivere qualcosa di divertente. Le notizie che trovate su Bake News sono le stesse che Cecco porta all'aperitivo con gli amici. Quelle di cui discutere per farsi due risate. Notizie, vere (qualche volta si fa fatica a crederlo), strane, divertenti, ma anche serie. Bake News \u00e8 nato per questo, dare al pubblico notizie croccanti e calde come il pane che esce dal forno. E Cecco Prestina \u00e8 nato con Bake News.","url":"https:\/\/newsvirali.it\/fr\/autore\/cecco-prestina\/"}]}},"_links":{"self":[{"href":"https:\/\/newsvirali.it\/fr\/wp-json\/wp\/v2\/posts\/49795","targetHints":{"allow":["GET"]}}],"collection":[{"href":"https:\/\/newsvirali.it\/fr\/wp-json\/wp\/v2\/posts"}],"about":[{"href":"https:\/\/newsvirali.it\/fr\/wp-json\/wp\/v2\/types\/post"}],"author":[{"embeddable":true,"href":"https:\/\/newsvirali.it\/fr\/wp-json\/wp\/v2\/users\/4"}],"replies":[{"embeddable":true,"href":"https:\/\/newsvirali.it\/fr\/wp-json\/wp\/v2\/comments?post=49795"}],"version-history":[{"count":3,"href":"https:\/\/newsvirali.it\/fr\/wp-json\/wp\/v2\/posts\/49795\/revisions"}],"predecessor-version":[{"id":49825,"href":"https:\/\/newsvirali.it\/fr\/wp-json\/wp\/v2\/posts\/49795\/revisions\/49825"}],"wp:featuredmedia":[{"embeddable":true,"href":"https:\/\/newsvirali.it\/fr\/wp-json\/wp\/v2\/media\/49796"}],"wp:attachment":[{"href":"https:\/\/newsvirali.it\/fr\/wp-json\/wp\/v2\/media?parent=49795"}],"wp:term":[{"taxonomy":"category","embeddable":true,"href":"https:\/\/newsvirali.it\/fr\/wp-json\/wp\/v2\/categories?post=49795"},{"taxonomy":"post_tag","embeddable":true,"href":"https:\/\/newsvirali.it\/fr\/wp-json\/wp\/v2\/tags?post=49795"}],"curies":[{"name":"wp","href":"https:\/\/api.w.org\/{rel}","templated":true}]}}