{"id":45468,"date":"2024-09-26T12:44:44","date_gmt":"2024-09-26T10:44:44","guid":{"rendered":"https:\/\/www.bakenews.it\/?p=45468"},"modified":"2024-09-26T12:44:45","modified_gmt":"2024-09-26T10:44:45","slug":"dirigibile-precipita-a-san-paolo-video-dellincidente","status":"publish","type":"post","link":"https:\/\/newsvirali.it\/fr\/2024\/09\/26\/un-dirigeable-secrase-a-sao-paulo-video-de-laccident-2\/","title":{"rendered":"Un dirigeable s&#039;\u00e9crase \u00e0 Sao Paulo : vid\u00e9o de l&#039;accident"},"content":{"rendered":"<p>Un dirigeable lou\u00e9 par l&#039;\u00e9quipe de Sao Paolo s&#039;\u00e9crase sur la ville : des vid\u00e9os virales inondent les r\u00e9seaux sociaux. Un accident d&#039;avion a secou\u00e9 la ville de Sao Paulo, au Br\u00e9sil. Un dirigeable, lou\u00e9 par le c\u00e9l\u00e8bre club de football S\u00e3o Paulo FC pour une promotion publicitaire, s&#039;est \u00e9cras\u00e9 sur certaines maisons du quartier Veloso, \u00e0 Osasco, dans l&#039;agglom\u00e9ration de S\u00e3o Paulo. Heureusement, aucune victime n\u2019a \u00e9t\u00e9 signal\u00e9e, mais une personne a \u00e9t\u00e9 l\u00e9g\u00e8rement bless\u00e9e.<\/p>\n\n\n\n<p><strong>LIRE AUSSI<\/strong><\/p>\n\n\n\n<ul class=\"wp-block-list\">\n<li><a href=\"https:\/\/www.bakenews.it\/2024\/09\/24\/suv-precipita-in-scarpata-durante-gara-illegale-autista-sbalzato-fuori-video-shock\/\">Un SUV s&#039;\u00e9crase dans une pente lors d&#039;une course ill\u00e9gale : le conducteur expuls\u00e9, vid\u00e9o choquante<\/a><\/li>\n\n\n\n<li><a href=\"https:\/\/www.bakenews.it\/2024\/09\/20\/precipita-dalla-montagna-e-la-sua-telecamera-riprende-tutto-ecco-come-si-salva\/\">Il tombe de la montagne et sa cam\u00e9ra enregistre tout : c&#039;est ainsi qu&#039;il se sauve<\/a><\/li>\n\n\n\n<li><a href=\"https:\/\/www.bakenews.it\/2024\/08\/08\/cane-precipita-quinto-piano-uccide-bimba-video-shock\/\">Un chien tombe du cinqui\u00e8me \u00e9tage et tue une petite fille, l&#039;animal est sauv\u00e9 : vid\u00e9o choquante<\/a><\/li>\n<\/ul>\n\n\n\n<h2 class=\"wp-block-heading\" id=\"h-video-del-drammatico-incidente-su-san-paolo\">Vid\u00e9o de l&#039;accident dramatique \u00e0 Sao Paulo<\/h2>\n\n\n\n<p>Les vid\u00e9os, devenues virales sur les r\u00e9seaux sociaux, montrent le moment exact de l&#039;impact. Le dirigeable, qui effectuait un vol d&#039;essai en vue d&#039;un \u00e9v\u00e9nement en soir\u00e9e, a perdu le contr\u00f4le et s&#039;est \u00e9cras\u00e9 au sol. Des t\u00e9moins oculaires ont rapport\u00e9 avoir vu le dirigeable se balancer dangereusement avant de s&#039;\u00e9craser. Les autorit\u00e9s br\u00e9siliennes ont ouvert une enqu\u00eate pour clarifier les causes de l&#039;accident. Le Centre d&#039;enqu\u00eate et de pr\u00e9vention d&#039;Acidenti Aeron\u00e1uticos (C\u00e9nipa) a envoy\u00e9 une \u00e9quipe d&#039;experts sur le lieu de l&#039;accident pour collecter toutes les donn\u00e9es n\u00e9cessaires.<\/p>\n\n\n\n<figure class=\"wp-block-embed is-type-rich is-provider-twitter wp-block-embed-twitter\"><div class=\"wp-block-embed__wrapper\">\n<blockquote class=\"twitter-tweet\" data-width=\"500\" data-dnt=\"true\"><p lang=\"pt\" dir=\"ltr\">\ud83c\udde7\ud83c\uddf7 | Un chef d&#039;\u00e9quipe du S\u00e3o Paulo FC pour promouvoir plusieurs \u00e9quipes chez lui \u00e0 S\u00e3o Paulo, au Br\u00e9sil, lors d&#039;une s\u00e9ance de test. <br><br>Le pilote a \u00e9t\u00e9 d\u00e9pos\u00e9 et transport\u00e9 \u00e0 l&#039;h\u00f4pital. Le club confirme qu&#039;il n&#039;y a pas de bless\u00e9 grave et se propose aux bless\u00e9s. <a href=\"https:\/\/t.co\/fpVNkFfCS5\">pic.twitter.com\/fpVNkFfCS5<\/a><\/p>\u2013 \u00c9v\u00e9nements mondiaux \ud83c\udf0e (@Eventmund) <a href=\"https:\/\/twitter.com\/Eventmund\/status\/1839116584842887425?ref_src=twsrc%5Etfw\">26 septembre 2024<\/a><\/blockquote><script async src=\"https:\/\/platform.twitter.com\/widgets.js\" charset=\"utf-8\"><\/script>\n<\/div><\/figure>\n\n\n\n<h2 class=\"wp-block-heading\" id=\"h-il-dirigibile-precipita-polizia-indaga\">Le dirigeable s&#039;\u00e9crase, la police enqu\u00eate<\/h2>\n\n\n\n<p>Le S\u00e3o Paulo FC, \u00e0 travers un communiqu\u00e9 de presse, a exprim\u00e9 ses profonds regrets pour l&#039;incident et a assur\u00e9 apporter tout le soutien n\u00e9cessaire aux personnes impliqu\u00e9es. Le club a soulign\u00e9 que la soci\u00e9t\u00e9 qui a lou\u00e9 le dirigeable avait d\u00e9j\u00e0 travaill\u00e9 avec eux dans le pass\u00e9 sans aucun probl\u00e8me. L&#039;utilisation de dirigeables pour promouvoir des \u00e9v\u00e9nements ou des produits sportifs est une pratique de plus en plus r\u00e9pandue. Cet accident soul\u00e8ve cependant des questions sur la s\u00e9curit\u00e9 de ces dirigeables et sur la n\u00e9cessit\u00e9 d&#039;une r\u00e9glementation plus stricte pour encadrer leur utilisation dans les zones dens\u00e9ment peupl\u00e9es.<\/p>\n\n\n\n<p>Alors que l\u2019enqu\u00eate se poursuit, il reste \u00e0 d\u00e9terminer ce qui a caus\u00e9 le crash du dirigeable. Parall\u00e8lement, cet accident constitue un signal d&#039;alarme sur la n\u00e9cessit\u00e9 d&#039;assurer une s\u00e9curit\u00e9 maximale lors de l&#039;utilisation d&#039;avions de ce type.<\/p>\n\n\n\n<p><strong>ARTICLES LES PLUS LUS<\/strong><\/p>\n\n\n<p>[koko_analytics_most_viewed_posts number=5 days=8 post_type=\u201dpost\u201d show_date=\u201dfalse\u201d]<\/p>\n<br \/>Suivez-nous \u00e9galement sur Google News : <b><a href=\"https:\/\/news.google.com\/publications\/CAAqBwgKMNqJiwswjMfqAg?hl=it&gl=IT&ceid=IT:it\" target=\"_blank\">Cliquez ici<\/a><\/b>","protected":false},"excerpt":{"rendered":"<p>Un dirigeable lou\u00e9 par l&#039;\u00e9quipe de Sao Paolo s&#039;\u00e9crase sur la ville : des vid\u00e9os virales inondent les r\u00e9seaux sociaux. Un accident d&#039;avion a secou\u00e9 [\u2026]<\/p>","protected":false},"author":4,"featured_media":45469,"comment_status":"closed","ping_status":"open","sticky":false,"template":"","format":"standard","meta":{"MSN_Categories":"Uncategorized","MSN_Publish_Option":false,"MSN_Is_Local_News":false,"MSN_Is_AIAC_Included":"Empty","MSN_Location":"[]","MSN_Add_Feature_Img_On_Top_Of_Post":false,"MSN_Has_Custom_Author":false,"MSN_Custom_Author":"","MSN_Has_Custom_Canonical_Url":false,"MSN_Custom_Canonical_Url":"","footnotes":""},"categories":[9],"tags":[],"class_list":["post-45468","post","type-post","status-publish","format-standard","has-post-thumbnail","hentry","category-mondo"],"acf":[],"yoast_head":"<!-- This site is optimized with the Yoast SEO Premium plugin v26.7 (Yoast SEO v26.7) - https:\/\/yoast.com\/wordpress\/plugins\/seo\/ -->\n<title>Dirigibile precipita a San Paolo: video dell&#039;incidente<\/title>\n<meta name=\"description\" content=\"Dirigibile noleggiato dalla squadra del Sao Paolo precipita sulla citt\u00e0: video diventati virali inondano i social.\" \/>\n<meta name=\"robots\" content=\"index, follow, max-snippet:-1, max-image-preview:large, max-video-preview:-1\" \/>\n<link rel=\"canonical\" href=\"https:\/\/newsvirali.it\/fr\/2024\/09\/26\/un-dirigeable-secrase-a-sao-paulo-video-de-laccident-2\/\" \/>\n<meta property=\"og:locale\" content=\"fr_FR\" \/>\n<meta property=\"og:type\" content=\"article\" \/>\n<meta property=\"og:title\" content=\"Dirigibile precipita a San Paolo: video dell&#039;incidente\" \/>\n<meta property=\"og:description\" content=\"Dirigibile noleggiato dalla squadra del Sao Paolo precipita sulla citt\u00e0: video diventati virali inondano i social.\" \/>\n<meta property=\"og:url\" content=\"https:\/\/newsvirali.it\/fr\/2024\/09\/26\/un-dirigeable-secrase-a-sao-paulo-video-de-laccident-2\/\" \/>\n<meta property=\"og:site_name\" content=\"News virali\" \/>\n<meta property=\"article:published_time\" content=\"2024-09-26T10:44:44+00:00\" \/>\n<meta property=\"article:modified_time\" content=\"2024-09-26T10:44:45+00:00\" \/>\n<meta property=\"og:image\" content=\"https:\/\/newsvirali.it\/wp-content\/uploads\/2024\/09\/Dirigibile-si-schianta-a-San-Paolo-video-dellincidente-0.jpg\" \/>\n\t<meta property=\"og:image:width\" content=\"600\" \/>\n\t<meta property=\"og:image:height\" content=\"400\" \/>\n\t<meta property=\"og:image:type\" content=\"image\/jpeg\" \/>\n<meta name=\"author\" content=\"Cecco Prestina\" \/>\n<meta name=\"twitter:card\" content=\"summary_large_image\" \/>\n<meta name=\"twitter:label1\" content=\"\u00c9crit par\" \/>\n\t<meta name=\"twitter:data1\" content=\"Cecco Prestina\" \/>\n\t<meta name=\"twitter:label2\" content=\"Dur\u00e9e de lecture estim\u00e9e\" \/>\n\t<meta name=\"twitter:data2\" content=\"2 minutes\" \/>\n<script type=\"application\/ld+json\" class=\"yoast-schema-graph\">{\"@context\":\"https:\/\/schema.org\",\"@graph\":[{\"@type\":\"NewsArticle\",\"@id\":\"https:\/\/newsvirali.it\/fr\/2024\/09\/26\/un-dirigeable-secrase-a-sao-paulo-video-de-laccident-2\/#article\",\"isPartOf\":{\"@id\":\"https:\/\/newsvirali.it\/fr\/2024\/09\/26\/un-dirigeable-secrase-a-sao-paulo-video-de-laccident-2\/\"},\"author\":{\"name\":\"Cecco Prestina\",\"@id\":\"https:\/\/newsvirali.it\/fr\/#\/schema\/person\/4c835f7b49c9adb58b33901ee816565d\"},\"headline\":\"Dirigibile precipita a San Paolo: video dell&#8217;incidente\",\"datePublished\":\"2024-09-26T10:44:44+00:00\",\"dateModified\":\"2024-09-26T10:44:45+00:00\",\"mainEntityOfPage\":{\"@id\":\"https:\/\/newsvirali.it\/fr\/2024\/09\/26\/un-dirigeable-secrase-a-sao-paulo-video-de-laccident-2\/\"},\"wordCount\":353,\"image\":{\"@id\":\"https:\/\/newsvirali.it\/fr\/2024\/09\/26\/un-dirigeable-secrase-a-sao-paulo-video-de-laccident-2\/#primaryimage\"},\"thumbnailUrl\":\"https:\/\/newsvirali.it\/wp-content\/uploads\/2024\/09\/Dirigibile-si-schianta-a-San-Paolo-video-dellincidente-0.jpg\",\"articleSection\":[\"Mondo\"],\"inLanguage\":\"fr-FR\",\"copyrightYear\":\"2024\",\"copyrightHolder\":{\"@id\":\"https:\/\/newsvirali.it\/fr\/#organization\"}},{\"@type\":\"WebPage\",\"@id\":\"https:\/\/newsvirali.it\/fr\/2024\/09\/26\/un-dirigeable-secrase-a-sao-paulo-video-de-laccident-2\/\",\"url\":\"https:\/\/newsvirali.it\/fr\/2024\/09\/26\/un-dirigeable-secrase-a-sao-paulo-video-de-laccident-2\/\",\"name\":\"Dirigibile precipita a San Paolo: video dell'incidente\",\"isPartOf\":{\"@id\":\"https:\/\/newsvirali.it\/fr\/#website\"},\"primaryImageOfPage\":{\"@id\":\"https:\/\/newsvirali.it\/fr\/2024\/09\/26\/un-dirigeable-secrase-a-sao-paulo-video-de-laccident-2\/#primaryimage\"},\"image\":{\"@id\":\"https:\/\/newsvirali.it\/fr\/2024\/09\/26\/un-dirigeable-secrase-a-sao-paulo-video-de-laccident-2\/#primaryimage\"},\"thumbnailUrl\":\"https:\/\/newsvirali.it\/wp-content\/uploads\/2024\/09\/Dirigibile-si-schianta-a-San-Paolo-video-dellincidente-0.jpg\",\"datePublished\":\"2024-09-26T10:44:44+00:00\",\"dateModified\":\"2024-09-26T10:44:45+00:00\",\"author\":{\"@id\":\"https:\/\/newsvirali.it\/fr\/#\/schema\/person\/4c835f7b49c9adb58b33901ee816565d\"},\"description\":\"Dirigibile noleggiato dalla squadra del Sao Paolo precipita sulla citt\u00e0: video diventati virali inondano i social.\",\"breadcrumb\":{\"@id\":\"https:\/\/newsvirali.it\/fr\/2024\/09\/26\/un-dirigeable-secrase-a-sao-paulo-video-de-laccident-2\/#breadcrumb\"},\"inLanguage\":\"fr-FR\",\"potentialAction\":[{\"@type\":\"ReadAction\",\"target\":[\"https:\/\/newsvirali.it\/fr\/2024\/09\/26\/un-dirigeable-secrase-a-sao-paulo-video-de-laccident-2\/\"]}]},{\"@type\":\"ImageObject\",\"inLanguage\":\"fr-FR\",\"@id\":\"https:\/\/newsvirali.it\/fr\/2024\/09\/26\/un-dirigeable-secrase-a-sao-paulo-video-de-laccident-2\/#primaryimage\",\"url\":\"https:\/\/newsvirali.it\/wp-content\/uploads\/2024\/09\/Dirigibile-si-schianta-a-San-Paolo-video-dellincidente-0.jpg\",\"contentUrl\":\"https:\/\/newsvirali.it\/wp-content\/uploads\/2024\/09\/Dirigibile-si-schianta-a-San-Paolo-video-dellincidente-0.jpg\",\"width\":600,\"height\":400,\"caption\":\"Dirigibile precipita a San Paolo: video dell'incidente\"},{\"@type\":\"BreadcrumbList\",\"@id\":\"https:\/\/newsvirali.it\/fr\/2024\/09\/26\/un-dirigeable-secrase-a-sao-paulo-video-de-laccident-2\/#breadcrumb\",\"itemListElement\":[{\"@type\":\"ListItem\",\"position\":1,\"name\":\"Home\",\"item\":\"https:\/\/newsvirali.it\/fr\/\"},{\"@type\":\"ListItem\",\"position\":2,\"name\":\"Dirigibile precipita a San Paolo: video dell&#8217;incidente\"}]},{\"@type\":\"WebSite\",\"@id\":\"https:\/\/newsvirali.it\/fr\/#website\",\"url\":\"https:\/\/newsvirali.it\/fr\/\",\"name\":\"Bake News\",\"description\":\"\",\"potentialAction\":[{\"@type\":\"SearchAction\",\"target\":{\"@type\":\"EntryPoint\",\"urlTemplate\":\"https:\/\/newsvirali.it\/fr\/?s={search_term_string}\"},\"query-input\":{\"@type\":\"PropertyValueSpecification\",\"valueRequired\":true,\"valueName\":\"search_term_string\"}}],\"inLanguage\":\"fr-FR\"},{\"@type\":\"Person\",\"@id\":\"https:\/\/newsvirali.it\/fr\/#\/schema\/person\/4c835f7b49c9adb58b33901ee816565d\",\"name\":\"Cecco Prestina\",\"description\":\"Perch\u00e9 nasconderlo? Cecco Prestina \u00e8 un alias, ma dietro di lui non si cela un algoritmo di intelligenza artificiale. C'\u00e8 un giornalista che ha oltre vent'anni di esperienza tutta sul web. Da quando il primo modem ha iniziato a gracchiare sul territorio italiano con Video on Line, Cecco ha capito che da quel doppino sarebbe passato il futuro. Ha dedidicato tutta la sua carriera a capire Internet e poi i social e ora l'Ai. Una carriera in costante aggiornamento. E questa esperienza la mette in campo ogni giorno. Per\u00f2 ogni tanto Cecco ha voglia anche di non scrivere \\\"pipponi\\\" sulla politica, sull'economia. Ha voglia anche di scrivere qualcosa di divertente. Le notizie che trovate su Bake News sono le stesse che Cecco porta all'aperitivo con gli amici. Quelle di cui discutere per farsi due risate. Notizie, vere (qualche volta si fa fatica a crederlo), strane, divertenti, ma anche serie. Bake News \u00e8 nato per questo, dare al pubblico notizie croccanti e calde come il pane che esce dal forno. E Cecco Prestina \u00e8 nato con Bake News.\",\"url\":\"https:\/\/newsvirali.it\/fr\/autore\/cecco-prestina\/\"}]}<\/script>\n<!-- \/ Yoast SEO Premium plugin. -->","yoast_head_json":{"title":"Dirigibile precipita a San Paolo: video dell'incidente","description":"Dirigibile noleggiato dalla squadra del Sao Paolo precipita sulla citt\u00e0: video diventati virali inondano i social.","robots":{"index":"index","follow":"follow","max-snippet":"max-snippet:-1","max-image-preview":"max-image-preview:large","max-video-preview":"max-video-preview:-1"},"canonical":"https:\/\/newsvirali.it\/fr\/2024\/09\/26\/un-dirigeable-secrase-a-sao-paulo-video-de-laccident-2\/","og_locale":"fr_FR","og_type":"article","og_title":"Dirigibile precipita a San Paolo: video dell'incidente","og_description":"Dirigibile noleggiato dalla squadra del Sao Paolo precipita sulla citt\u00e0: video diventati virali inondano i social.","og_url":"https:\/\/newsvirali.it\/fr\/2024\/09\/26\/un-dirigeable-secrase-a-sao-paulo-video-de-laccident-2\/","og_site_name":"News virali","article_published_time":"2024-09-26T10:44:44+00:00","article_modified_time":"2024-09-26T10:44:45+00:00","og_image":[{"width":600,"height":400,"url":"https:\/\/newsvirali.it\/wp-content\/uploads\/2024\/09\/Dirigibile-si-schianta-a-San-Paolo-video-dellincidente-0.jpg","type":"image\/jpeg"}],"author":"Cecco Prestina","twitter_card":"summary_large_image","twitter_misc":{"\u00c9crit par":"Cecco Prestina","Dur\u00e9e de lecture estim\u00e9e":"2 minutes"},"schema":{"@context":"https:\/\/schema.org","@graph":[{"@type":"NewsArticle","@id":"https:\/\/newsvirali.it\/fr\/2024\/09\/26\/un-dirigeable-secrase-a-sao-paulo-video-de-laccident-2\/#article","isPartOf":{"@id":"https:\/\/newsvirali.it\/fr\/2024\/09\/26\/un-dirigeable-secrase-a-sao-paulo-video-de-laccident-2\/"},"author":{"name":"Cecco Prestina","@id":"https:\/\/newsvirali.it\/fr\/#\/schema\/person\/4c835f7b49c9adb58b33901ee816565d"},"headline":"Dirigibile precipita a San Paolo: video dell&#8217;incidente","datePublished":"2024-09-26T10:44:44+00:00","dateModified":"2024-09-26T10:44:45+00:00","mainEntityOfPage":{"@id":"https:\/\/newsvirali.it\/fr\/2024\/09\/26\/un-dirigeable-secrase-a-sao-paulo-video-de-laccident-2\/"},"wordCount":353,"image":{"@id":"https:\/\/newsvirali.it\/fr\/2024\/09\/26\/un-dirigeable-secrase-a-sao-paulo-video-de-laccident-2\/#primaryimage"},"thumbnailUrl":"https:\/\/newsvirali.it\/wp-content\/uploads\/2024\/09\/Dirigibile-si-schianta-a-San-Paolo-video-dellincidente-0.jpg","articleSection":["Mondo"],"inLanguage":"fr-FR","copyrightYear":"2024","copyrightHolder":{"@id":"https:\/\/newsvirali.it\/fr\/#organization"}},{"@type":"WebPage","@id":"https:\/\/newsvirali.it\/fr\/2024\/09\/26\/un-dirigeable-secrase-a-sao-paulo-video-de-laccident-2\/","url":"https:\/\/newsvirali.it\/fr\/2024\/09\/26\/un-dirigeable-secrase-a-sao-paulo-video-de-laccident-2\/","name":"Dirigibile precipita a San Paolo: video dell'incidente","isPartOf":{"@id":"https:\/\/newsvirali.it\/fr\/#website"},"primaryImageOfPage":{"@id":"https:\/\/newsvirali.it\/fr\/2024\/09\/26\/un-dirigeable-secrase-a-sao-paulo-video-de-laccident-2\/#primaryimage"},"image":{"@id":"https:\/\/newsvirali.it\/fr\/2024\/09\/26\/un-dirigeable-secrase-a-sao-paulo-video-de-laccident-2\/#primaryimage"},"thumbnailUrl":"https:\/\/newsvirali.it\/wp-content\/uploads\/2024\/09\/Dirigibile-si-schianta-a-San-Paolo-video-dellincidente-0.jpg","datePublished":"2024-09-26T10:44:44+00:00","dateModified":"2024-09-26T10:44:45+00:00","author":{"@id":"https:\/\/newsvirali.it\/fr\/#\/schema\/person\/4c835f7b49c9adb58b33901ee816565d"},"description":"Dirigibile noleggiato dalla squadra del Sao Paolo precipita sulla citt\u00e0: video diventati virali inondano i social.","breadcrumb":{"@id":"https:\/\/newsvirali.it\/fr\/2024\/09\/26\/un-dirigeable-secrase-a-sao-paulo-video-de-laccident-2\/#breadcrumb"},"inLanguage":"fr-FR","potentialAction":[{"@type":"ReadAction","target":["https:\/\/newsvirali.it\/fr\/2024\/09\/26\/un-dirigeable-secrase-a-sao-paulo-video-de-laccident-2\/"]}]},{"@type":"ImageObject","inLanguage":"fr-FR","@id":"https:\/\/newsvirali.it\/fr\/2024\/09\/26\/un-dirigeable-secrase-a-sao-paulo-video-de-laccident-2\/#primaryimage","url":"https:\/\/newsvirali.it\/wp-content\/uploads\/2024\/09\/Dirigibile-si-schianta-a-San-Paolo-video-dellincidente-0.jpg","contentUrl":"https:\/\/newsvirali.it\/wp-content\/uploads\/2024\/09\/Dirigibile-si-schianta-a-San-Paolo-video-dellincidente-0.jpg","width":600,"height":400,"caption":"Dirigibile precipita a San Paolo: video dell'incidente"},{"@type":"BreadcrumbList","@id":"https:\/\/newsvirali.it\/fr\/2024\/09\/26\/un-dirigeable-secrase-a-sao-paulo-video-de-laccident-2\/#breadcrumb","itemListElement":[{"@type":"ListItem","position":1,"name":"Home","item":"https:\/\/newsvirali.it\/fr\/"},{"@type":"ListItem","position":2,"name":"Dirigibile precipita a San Paolo: video dell&#8217;incidente"}]},{"@type":"WebSite","@id":"https:\/\/newsvirali.it\/fr\/#website","url":"https:\/\/newsvirali.it\/fr\/","name":"Bake News","description":"","potentialAction":[{"@type":"SearchAction","target":{"@type":"EntryPoint","urlTemplate":"https:\/\/newsvirali.it\/fr\/?s={search_term_string}"},"query-input":{"@type":"PropertyValueSpecification","valueRequired":true,"valueName":"search_term_string"}}],"inLanguage":"fr-FR"},{"@type":"Person","@id":"https:\/\/newsvirali.it\/fr\/#\/schema\/person\/4c835f7b49c9adb58b33901ee816565d","name":"Cecco Prestina","description":"Perch\u00e9 nasconderlo? Cecco Prestina \u00e8 un alias, ma dietro di lui non si cela un algoritmo di intelligenza artificiale. C'\u00e8 un giornalista che ha oltre vent'anni di esperienza tutta sul web. Da quando il primo modem ha iniziato a gracchiare sul territorio italiano con Video on Line, Cecco ha capito che da quel doppino sarebbe passato il futuro. Ha dedidicato tutta la sua carriera a capire Internet e poi i social e ora l'Ai. Una carriera in costante aggiornamento. E questa esperienza la mette in campo ogni giorno. Per\u00f2 ogni tanto Cecco ha voglia anche di non scrivere \"pipponi\" sulla politica, sull'economia. Ha voglia anche di scrivere qualcosa di divertente. Le notizie che trovate su Bake News sono le stesse che Cecco porta all'aperitivo con gli amici. Quelle di cui discutere per farsi due risate. Notizie, vere (qualche volta si fa fatica a crederlo), strane, divertenti, ma anche serie. Bake News \u00e8 nato per questo, dare al pubblico notizie croccanti e calde come il pane che esce dal forno. E Cecco Prestina \u00e8 nato con Bake News.","url":"https:\/\/newsvirali.it\/fr\/autore\/cecco-prestina\/"}]}},"_links":{"self":[{"href":"https:\/\/newsvirali.it\/fr\/wp-json\/wp\/v2\/posts\/45468","targetHints":{"allow":["GET"]}}],"collection":[{"href":"https:\/\/newsvirali.it\/fr\/wp-json\/wp\/v2\/posts"}],"about":[{"href":"https:\/\/newsvirali.it\/fr\/wp-json\/wp\/v2\/types\/post"}],"author":[{"embeddable":true,"href":"https:\/\/newsvirali.it\/fr\/wp-json\/wp\/v2\/users\/4"}],"replies":[{"embeddable":true,"href":"https:\/\/newsvirali.it\/fr\/wp-json\/wp\/v2\/comments?post=45468"}],"version-history":[{"count":3,"href":"https:\/\/newsvirali.it\/fr\/wp-json\/wp\/v2\/posts\/45468\/revisions"}],"predecessor-version":[{"id":45533,"href":"https:\/\/newsvirali.it\/fr\/wp-json\/wp\/v2\/posts\/45468\/revisions\/45533"}],"wp:featuredmedia":[{"embeddable":true,"href":"https:\/\/newsvirali.it\/fr\/wp-json\/wp\/v2\/media\/45469"}],"wp:attachment":[{"href":"https:\/\/newsvirali.it\/fr\/wp-json\/wp\/v2\/media?parent=45468"}],"wp:term":[{"taxonomy":"category","embeddable":true,"href":"https:\/\/newsvirali.it\/fr\/wp-json\/wp\/v2\/categories?post=45468"},{"taxonomy":"post_tag","embeddable":true,"href":"https:\/\/newsvirali.it\/fr\/wp-json\/wp\/v2\/tags?post=45468"}],"curies":[{"name":"wp","href":"https:\/\/api.w.org\/{rel}","templated":true}]}}