{"id":44550,"date":"2024-09-23T09:36:44","date_gmt":"2024-09-23T07:36:44","guid":{"rendered":"https:\/\/www.bakenews.it\/?p=44550"},"modified":"2024-09-23T10:28:35","modified_gmt":"2024-09-23T08:28:35","slug":"ciclista-aggredito-automobilista-infuriato-lo-strangola-in-strada-video-shock","status":"publish","type":"post","link":"https:\/\/newsvirali.it\/fr\/2024\/09\/23\/un-cycliste-attaque-un-automobiliste-enrage-letrangle-dans-la-rue-video-choc\/","title":{"rendered":"Un cycliste agress\u00e9, un automobiliste enrag\u00e9 l&#039;\u00e9trangle dans la rue : vid\u00e9o choquante"},"content":{"rendered":"<p>La police enqu\u00eate sur un incident terrifiant impliquant un cycliste qui a \u00e9t\u00e9 attaqu\u00e9, \u00e9trangl\u00e9 et jet\u00e9 au sol par un automobiliste en col\u00e8re. Des images troublantes publi\u00e9es sur les r\u00e9seaux sociaux montrent l&#039;horrible attaque qui a eu lieu dans le centre historique d&#039;\u00c9dimbourg. La vid\u00e9o montre le cycliste de 34 ans debout devant une voiture blanche au lyc\u00e9e Wynd, en train de parler \u00e0 une passag\u00e8re. \u00c0 un moment donn\u00e9, appara\u00eet le conducteur, enrag\u00e9, qui klaxonne d&#039;abord, puis descend du v\u00e9hicule et arrive d&#039;un air mena\u00e7ant.<\/p>\n\n\n\n<p><strong>LIRE AUSSI<\/strong><\/p>\n\n\n\n<ul class=\"wp-block-list\">\n<li><a href=\"https:\/\/www.bakenews.it\/2024\/05\/14\/tunisino-palpeggia-donna-in-tram-aggredito-dai-passeggeri-mozzato-un-braccio\/\">Une Tunisienne t\u00e2tonne une femme dans un tramway, agress\u00e9e par des passagers : bras coup\u00e9<\/a><\/li>\n\n\n\n<li><a href=\"https:\/\/www.bakenews.it\/2024\/08\/02\/ciclista-schiacciata-da-altoparlante-a-pochi-metri-dal-traguardo-morta-in-diretta\/\">Un cycliste \u00e9cras\u00e9 par un haut-parleur \u00e0 quelques m\u00e8tres de la ligne d&#039;arriv\u00e9e : mort vivant<\/a><\/li>\n\n\n\n<li><a href=\"https:\/\/www.bakenews.it\/2024\/06\/18\/si-filma-mentre-travolge-volontariamente-ciclista-poi-diffonde-video-sui-social\/\">Il se filme en train d&#039;\u00e9craser volontairement un cycliste puis diffuse la vid\u00e9o sur les r\u00e9seaux sociaux<\/a><\/li>\n<\/ul>\n\n\n\n<h2 class=\"wp-block-heading\" id=\"h-ciclista-aggredito-da-automobilista-dopo-lite-stradale\">Un cycliste agress\u00e9 par un automobiliste apr\u00e8s un conflit routier<\/h2>\n\n\n\n<p>L&#039;homme \u00e0 v\u00e9lo semblait avoir une vive dispute avec la femme, qui portait un sweat \u00e0 capuche bleu et un pantalon de surv\u00eatement gris. \u00c0 ce moment-l\u00e0, l\u2019homme au volant du v\u00e9hicule est sorti de la voiture en col\u00e8re et s\u2019est dirig\u00e9 vers le cycliste. Il a ensuite lanc\u00e9 un assaut terrifiant sur le cycliste, l&#039;attrapant par le cou \u00e0 deux mains avant de le jeter au sol.<\/p>\n\n\n\n<p>Le cycliste est rest\u00e9 allong\u00e9 sur le sol pendant que le conducteur et le passager regagnaient le v\u00e9hicule, sur le pare-brise duquel avait \u00e9t\u00e9 appos\u00e9e une plaque d&#039;entra\u00eenement, typique des \u00e9l\u00e8ves qui suivent des cours de conduite. On voit l\u2019homme \u00e0 v\u00e9lo se tenir la t\u00eate apr\u00e8s avoir \u00e9t\u00e9 projet\u00e9 sur la route.<\/p>\n\n\n\n<blockquote class=\"reddit-embed-bq\" style=\"height:500px\" data-embed-height=\"739\"><a href=\"https:\/\/www.reddit.com\/r\/PublicFreakout\/comments\/1flo4r4\/road_rage_assault_in_edinburgh\/\">agression de rage au volant \u00e0 \u00c9dimbourg <\/a><br> par<a href=\"https:\/\/www.reddit.com\/user\/Why_U_Questioning\/\">u\/Pourquoi_U_Questioning<\/a> dans<a href=\"https:\/\/www.reddit.com\/r\/PublicFreakout\/\">PublicFreakout<\/a><\/blockquote><script async=\"\" src=\"https:\/\/embed.reddit.com\/widgets.js\" charset=\"UTF-8\"><\/script>\n\n\n\n<p>Lors de la violente attaque routi\u00e8re, certaines parties de son v\u00e9lo ont \u00e9galement \u00e9t\u00e9 d\u00e9truites sur la route. Les services d&#039;urgence sont rapidement venus en aide au cycliste et la police a confirm\u00e9 qu&#039;elle enqu\u00eatait sur l&#039;attaque. Les enqu\u00eateurs ont \u00e9galement confirm\u00e9 que l&#039;homme avait \u00e9t\u00e9 transport\u00e9 \u00e0 l&#039;h\u00f4pital pour v\u00e9rifier ses blessures.<\/p>\n\n\n\n<p>Un porte-parole de la police \u00e9cossaise a d\u00e9clar\u00e9 : \u00ab Vers 18 h 25 le vendredi 20 septembre 2024, nous avons re\u00e7u un rapport faisant \u00e9tat d&#039;un cycliste agress\u00e9 lors d&#039;une bagarre avec le conducteur d&#039;une voiture au lyc\u00e9e Wynd d&#039;\u00c9dimbourg. La victime, \u00e2g\u00e9e de 34 ans, a \u00e9t\u00e9 transport\u00e9e \u00e0 l&#039;h\u00f4pital pour des contr\u00f4les et les policiers suivent des pistes d&#039;enqu\u00eate positives concernant l&#039;accident.&quot;<\/p>\n<br \/>Suivez-nous \u00e9galement sur Google News : <b><a href=\"https:\/\/news.google.com\/publications\/CAAqBwgKMNqJiwswjMfqAg?hl=it&gl=IT&ceid=IT:it\" target=\"_blank\">Cliquez ici<\/a><\/b>","protected":false},"excerpt":{"rendered":"<p>La police enqu\u00eate sur un incident terrifiant survenu contre un cycliste, qui a \u00e9t\u00e9 attaqu\u00e9, \u00e9trangl\u00e9 et jet\u00e9 au sol [...]<\/p>","protected":false},"author":4,"featured_media":44551,"comment_status":"closed","ping_status":"open","sticky":false,"template":"","format":"standard","meta":{"MSN_Categories":"Uncategorized","MSN_Publish_Option":false,"MSN_Is_Local_News":false,"MSN_Is_AIAC_Included":"Empty","MSN_Location":"[]","MSN_Add_Feature_Img_On_Top_Of_Post":false,"MSN_Has_Custom_Author":false,"MSN_Custom_Author":"","MSN_Has_Custom_Canonical_Url":false,"MSN_Custom_Canonical_Url":"","footnotes":""},"categories":[9],"tags":[],"class_list":["post-44550","post","type-post","status-publish","format-standard","has-post-thumbnail","hentry","category-mondo"],"acf":[],"yoast_head":"<!-- This site is optimized with the Yoast SEO Premium plugin v26.7 (Yoast SEO v26.7) - https:\/\/yoast.com\/wordpress\/plugins\/seo\/ -->\n<title>Ciclista aggredito, automobilista infuriato lo strangola in strada: video shock<\/title>\n<meta name=\"description\" content=\"La polizia indaga su un terrificante episodio ai danni di un ciclista, aggredito, strangolato e scaraventato a terra da un automobilista.\" \/>\n<meta name=\"robots\" content=\"index, follow, max-snippet:-1, max-image-preview:large, max-video-preview:-1\" \/>\n<link rel=\"canonical\" href=\"https:\/\/newsvirali.it\/fr\/2024\/09\/23\/radfahrer-angegriffen-wutender-autofahrer-erwurgt-ihn-auf-der-strase-schockvideo\/\" \/>\n<meta property=\"og:locale\" content=\"fr_FR\" \/>\n<meta property=\"og:type\" content=\"article\" \/>\n<meta property=\"og:title\" content=\"Ciclista aggredito, automobilista infuriato lo strangola in strada: video shock\" \/>\n<meta property=\"og:description\" content=\"La polizia indaga su un terrificante episodio ai danni di un ciclista, aggredito, strangolato e scaraventato a terra da un automobilista.\" \/>\n<meta property=\"og:url\" content=\"https:\/\/newsvirali.it\/fr\/2024\/09\/23\/radfahrer-angegriffen-wutender-autofahrer-erwurgt-ihn-auf-der-strase-schockvideo\/\" \/>\n<meta property=\"og:site_name\" content=\"News virali\" \/>\n<meta property=\"article:published_time\" content=\"2024-09-23T07:36:44+00:00\" \/>\n<meta property=\"article:modified_time\" content=\"2024-09-23T08:28:35+00:00\" \/>\n<meta property=\"og:image\" content=\"https:\/\/newsvirali.it\/wp-content\/uploads\/2024\/09\/Ciclista-aggredito-automobilista-ricercato-dalla-polizia-video-shock-1.jpg\" \/>\n\t<meta property=\"og:image:width\" content=\"600\" \/>\n\t<meta property=\"og:image:height\" content=\"400\" \/>\n\t<meta property=\"og:image:type\" content=\"image\/jpeg\" \/>\n<meta name=\"author\" content=\"Cecco Prestina\" \/>\n<meta name=\"twitter:card\" content=\"summary_large_image\" \/>\n<meta name=\"twitter:label1\" content=\"\u00c9crit par\" \/>\n\t<meta name=\"twitter:data1\" content=\"Cecco Prestina\" \/>\n\t<meta name=\"twitter:label2\" content=\"Dur\u00e9e de lecture estim\u00e9e\" \/>\n\t<meta name=\"twitter:data2\" content=\"2 minutes\" \/>\n<script type=\"application\/ld+json\" class=\"yoast-schema-graph\">{\"@context\":\"https:\/\/schema.org\",\"@graph\":[{\"@type\":\"NewsArticle\",\"@id\":\"https:\/\/newsvirali.it\/de\/2024\/09\/23\/radfahrer-angegriffen-wutender-autofahrer-erwurgt-ihn-auf-der-strase-schockvideo\/#article\",\"isPartOf\":{\"@id\":\"https:\/\/newsvirali.it\/de\/2024\/09\/23\/radfahrer-angegriffen-wutender-autofahrer-erwurgt-ihn-auf-der-strase-schockvideo\/\"},\"author\":{\"name\":\"Cecco Prestina\",\"@id\":\"https:\/\/newsvirali.it\/fr\/#\/schema\/person\/4c835f7b49c9adb58b33901ee816565d\"},\"headline\":\"Ciclista aggredito, automobilista infuriato lo strangola in strada: video shock\",\"datePublished\":\"2024-09-23T07:36:44+00:00\",\"dateModified\":\"2024-09-23T08:28:35+00:00\",\"mainEntityOfPage\":{\"@id\":\"https:\/\/newsvirali.it\/de\/2024\/09\/23\/radfahrer-angegriffen-wutender-autofahrer-erwurgt-ihn-auf-der-strase-schockvideo\/\"},\"wordCount\":371,\"image\":{\"@id\":\"https:\/\/newsvirali.it\/de\/2024\/09\/23\/radfahrer-angegriffen-wutender-autofahrer-erwurgt-ihn-auf-der-strase-schockvideo\/#primaryimage\"},\"thumbnailUrl\":\"https:\/\/newsvirali.it\/wp-content\/uploads\/2024\/09\/Ciclista-aggredito-automobilista-ricercato-dalla-polizia-video-shock-1.jpg\",\"articleSection\":[\"Mondo\"],\"inLanguage\":\"fr-FR\",\"copyrightYear\":\"2024\",\"copyrightHolder\":{\"@id\":\"https:\/\/newsvirali.it\/fr\/#organization\"}},{\"@type\":\"WebPage\",\"@id\":\"https:\/\/newsvirali.it\/de\/2024\/09\/23\/radfahrer-angegriffen-wutender-autofahrer-erwurgt-ihn-auf-der-strase-schockvideo\/\",\"url\":\"https:\/\/newsvirali.it\/de\/2024\/09\/23\/radfahrer-angegriffen-wutender-autofahrer-erwurgt-ihn-auf-der-strase-schockvideo\/\",\"name\":\"Ciclista aggredito, automobilista infuriato lo strangola in strada: video shock\",\"isPartOf\":{\"@id\":\"https:\/\/newsvirali.it\/fr\/#website\"},\"primaryImageOfPage\":{\"@id\":\"https:\/\/newsvirali.it\/de\/2024\/09\/23\/radfahrer-angegriffen-wutender-autofahrer-erwurgt-ihn-auf-der-strase-schockvideo\/#primaryimage\"},\"image\":{\"@id\":\"https:\/\/newsvirali.it\/de\/2024\/09\/23\/radfahrer-angegriffen-wutender-autofahrer-erwurgt-ihn-auf-der-strase-schockvideo\/#primaryimage\"},\"thumbnailUrl\":\"https:\/\/newsvirali.it\/wp-content\/uploads\/2024\/09\/Ciclista-aggredito-automobilista-ricercato-dalla-polizia-video-shock-1.jpg\",\"datePublished\":\"2024-09-23T07:36:44+00:00\",\"dateModified\":\"2024-09-23T08:28:35+00:00\",\"author\":{\"@id\":\"https:\/\/newsvirali.it\/fr\/#\/schema\/person\/4c835f7b49c9adb58b33901ee816565d\"},\"description\":\"La polizia indaga su un terrificante episodio ai danni di un ciclista, aggredito, strangolato e scaraventato a terra da un automobilista.\",\"breadcrumb\":{\"@id\":\"https:\/\/newsvirali.it\/de\/2024\/09\/23\/radfahrer-angegriffen-wutender-autofahrer-erwurgt-ihn-auf-der-strase-schockvideo\/#breadcrumb\"},\"inLanguage\":\"fr-FR\",\"potentialAction\":[{\"@type\":\"ReadAction\",\"target\":[\"https:\/\/newsvirali.it\/de\/2024\/09\/23\/radfahrer-angegriffen-wutender-autofahrer-erwurgt-ihn-auf-der-strase-schockvideo\/\"]}]},{\"@type\":\"ImageObject\",\"inLanguage\":\"fr-FR\",\"@id\":\"https:\/\/newsvirali.it\/de\/2024\/09\/23\/radfahrer-angegriffen-wutender-autofahrer-erwurgt-ihn-auf-der-strase-schockvideo\/#primaryimage\",\"url\":\"https:\/\/newsvirali.it\/wp-content\/uploads\/2024\/09\/Ciclista-aggredito-automobilista-ricercato-dalla-polizia-video-shock-1.jpg\",\"contentUrl\":\"https:\/\/newsvirali.it\/wp-content\/uploads\/2024\/09\/Ciclista-aggredito-automobilista-ricercato-dalla-polizia-video-shock-1.jpg\",\"width\":600,\"height\":400,\"caption\":\"Ciclista aggredito, automobilista infuriato lo strangola in strada: video shock\"},{\"@type\":\"BreadcrumbList\",\"@id\":\"https:\/\/newsvirali.it\/de\/2024\/09\/23\/radfahrer-angegriffen-wutender-autofahrer-erwurgt-ihn-auf-der-strase-schockvideo\/#breadcrumb\",\"itemListElement\":[{\"@type\":\"ListItem\",\"position\":1,\"name\":\"Home\",\"item\":\"https:\/\/newsvirali.it\/fr\/\"},{\"@type\":\"ListItem\",\"position\":2,\"name\":\"Ciclista aggredito, automobilista infuriato lo strangola in strada: video shock\"}]},{\"@type\":\"WebSite\",\"@id\":\"https:\/\/newsvirali.it\/fr\/#website\",\"url\":\"https:\/\/newsvirali.it\/fr\/\",\"name\":\"Bake News\",\"description\":\"\",\"potentialAction\":[{\"@type\":\"SearchAction\",\"target\":{\"@type\":\"EntryPoint\",\"urlTemplate\":\"https:\/\/newsvirali.it\/fr\/?s={search_term_string}\"},\"query-input\":{\"@type\":\"PropertyValueSpecification\",\"valueRequired\":true,\"valueName\":\"search_term_string\"}}],\"inLanguage\":\"fr-FR\"},{\"@type\":\"Person\",\"@id\":\"https:\/\/newsvirali.it\/fr\/#\/schema\/person\/4c835f7b49c9adb58b33901ee816565d\",\"name\":\"Cecco Prestina\",\"description\":\"Perch\u00e9 nasconderlo? Cecco Prestina \u00e8 un alias, ma dietro di lui non si cela un algoritmo di intelligenza artificiale. C'\u00e8 un giornalista che ha oltre vent'anni di esperienza tutta sul web. Da quando il primo modem ha iniziato a gracchiare sul territorio italiano con Video on Line, Cecco ha capito che da quel doppino sarebbe passato il futuro. Ha dedidicato tutta la sua carriera a capire Internet e poi i social e ora l'Ai. Una carriera in costante aggiornamento. E questa esperienza la mette in campo ogni giorno. Per\u00f2 ogni tanto Cecco ha voglia anche di non scrivere \\\"pipponi\\\" sulla politica, sull'economia. Ha voglia anche di scrivere qualcosa di divertente. Le notizie che trovate su Bake News sono le stesse che Cecco porta all'aperitivo con gli amici. Quelle di cui discutere per farsi due risate. Notizie, vere (qualche volta si fa fatica a crederlo), strane, divertenti, ma anche serie. Bake News \u00e8 nato per questo, dare al pubblico notizie croccanti e calde come il pane che esce dal forno. E Cecco Prestina \u00e8 nato con Bake News.\",\"url\":\"https:\/\/newsvirali.it\/fr\/autore\/cecco-prestina\/\"}]}<\/script>\n<!-- \/ Yoast SEO Premium plugin. -->","yoast_head_json":{"title":"Ciclista aggredito, automobilista infuriato lo strangola in strada: video shock","description":"La polizia indaga su un terrificante episodio ai danni di un ciclista, aggredito, strangolato e scaraventato a terra da un automobilista.","robots":{"index":"index","follow":"follow","max-snippet":"max-snippet:-1","max-image-preview":"max-image-preview:large","max-video-preview":"max-video-preview:-1"},"canonical":"https:\/\/newsvirali.it\/fr\/2024\/09\/23\/radfahrer-angegriffen-wutender-autofahrer-erwurgt-ihn-auf-der-strase-schockvideo\/","og_locale":"fr_FR","og_type":"article","og_title":"Ciclista aggredito, automobilista infuriato lo strangola in strada: video shock","og_description":"La polizia indaga su un terrificante episodio ai danni di un ciclista, aggredito, strangolato e scaraventato a terra da un automobilista.","og_url":"https:\/\/newsvirali.it\/fr\/2024\/09\/23\/radfahrer-angegriffen-wutender-autofahrer-erwurgt-ihn-auf-der-strase-schockvideo\/","og_site_name":"News virali","article_published_time":"2024-09-23T07:36:44+00:00","article_modified_time":"2024-09-23T08:28:35+00:00","og_image":[{"width":600,"height":400,"url":"https:\/\/newsvirali.it\/wp-content\/uploads\/2024\/09\/Ciclista-aggredito-automobilista-ricercato-dalla-polizia-video-shock-1.jpg","type":"image\/jpeg"}],"author":"Cecco Prestina","twitter_card":"summary_large_image","twitter_misc":{"\u00c9crit par":"Cecco Prestina","Dur\u00e9e de lecture estim\u00e9e":"2 minutes"},"schema":{"@context":"https:\/\/schema.org","@graph":[{"@type":"NewsArticle","@id":"https:\/\/newsvirali.it\/de\/2024\/09\/23\/radfahrer-angegriffen-wutender-autofahrer-erwurgt-ihn-auf-der-strase-schockvideo\/#article","isPartOf":{"@id":"https:\/\/newsvirali.it\/de\/2024\/09\/23\/radfahrer-angegriffen-wutender-autofahrer-erwurgt-ihn-auf-der-strase-schockvideo\/"},"author":{"name":"Cecco Prestina","@id":"https:\/\/newsvirali.it\/fr\/#\/schema\/person\/4c835f7b49c9adb58b33901ee816565d"},"headline":"Ciclista aggredito, automobilista infuriato lo strangola in strada: video shock","datePublished":"2024-09-23T07:36:44+00:00","dateModified":"2024-09-23T08:28:35+00:00","mainEntityOfPage":{"@id":"https:\/\/newsvirali.it\/de\/2024\/09\/23\/radfahrer-angegriffen-wutender-autofahrer-erwurgt-ihn-auf-der-strase-schockvideo\/"},"wordCount":371,"image":{"@id":"https:\/\/newsvirali.it\/de\/2024\/09\/23\/radfahrer-angegriffen-wutender-autofahrer-erwurgt-ihn-auf-der-strase-schockvideo\/#primaryimage"},"thumbnailUrl":"https:\/\/newsvirali.it\/wp-content\/uploads\/2024\/09\/Ciclista-aggredito-automobilista-ricercato-dalla-polizia-video-shock-1.jpg","articleSection":["Mondo"],"inLanguage":"fr-FR","copyrightYear":"2024","copyrightHolder":{"@id":"https:\/\/newsvirali.it\/fr\/#organization"}},{"@type":"WebPage","@id":"https:\/\/newsvirali.it\/de\/2024\/09\/23\/radfahrer-angegriffen-wutender-autofahrer-erwurgt-ihn-auf-der-strase-schockvideo\/","url":"https:\/\/newsvirali.it\/de\/2024\/09\/23\/radfahrer-angegriffen-wutender-autofahrer-erwurgt-ihn-auf-der-strase-schockvideo\/","name":"Ciclista aggredito, automobilista infuriato lo strangola in strada: video shock","isPartOf":{"@id":"https:\/\/newsvirali.it\/fr\/#website"},"primaryImageOfPage":{"@id":"https:\/\/newsvirali.it\/de\/2024\/09\/23\/radfahrer-angegriffen-wutender-autofahrer-erwurgt-ihn-auf-der-strase-schockvideo\/#primaryimage"},"image":{"@id":"https:\/\/newsvirali.it\/de\/2024\/09\/23\/radfahrer-angegriffen-wutender-autofahrer-erwurgt-ihn-auf-der-strase-schockvideo\/#primaryimage"},"thumbnailUrl":"https:\/\/newsvirali.it\/wp-content\/uploads\/2024\/09\/Ciclista-aggredito-automobilista-ricercato-dalla-polizia-video-shock-1.jpg","datePublished":"2024-09-23T07:36:44+00:00","dateModified":"2024-09-23T08:28:35+00:00","author":{"@id":"https:\/\/newsvirali.it\/fr\/#\/schema\/person\/4c835f7b49c9adb58b33901ee816565d"},"description":"La polizia indaga su un terrificante episodio ai danni di un ciclista, aggredito, strangolato e scaraventato a terra da un automobilista.","breadcrumb":{"@id":"https:\/\/newsvirali.it\/de\/2024\/09\/23\/radfahrer-angegriffen-wutender-autofahrer-erwurgt-ihn-auf-der-strase-schockvideo\/#breadcrumb"},"inLanguage":"fr-FR","potentialAction":[{"@type":"ReadAction","target":["https:\/\/newsvirali.it\/de\/2024\/09\/23\/radfahrer-angegriffen-wutender-autofahrer-erwurgt-ihn-auf-der-strase-schockvideo\/"]}]},{"@type":"ImageObject","inLanguage":"fr-FR","@id":"https:\/\/newsvirali.it\/de\/2024\/09\/23\/radfahrer-angegriffen-wutender-autofahrer-erwurgt-ihn-auf-der-strase-schockvideo\/#primaryimage","url":"https:\/\/newsvirali.it\/wp-content\/uploads\/2024\/09\/Ciclista-aggredito-automobilista-ricercato-dalla-polizia-video-shock-1.jpg","contentUrl":"https:\/\/newsvirali.it\/wp-content\/uploads\/2024\/09\/Ciclista-aggredito-automobilista-ricercato-dalla-polizia-video-shock-1.jpg","width":600,"height":400,"caption":"Ciclista aggredito, automobilista infuriato lo strangola in strada: video shock"},{"@type":"BreadcrumbList","@id":"https:\/\/newsvirali.it\/de\/2024\/09\/23\/radfahrer-angegriffen-wutender-autofahrer-erwurgt-ihn-auf-der-strase-schockvideo\/#breadcrumb","itemListElement":[{"@type":"ListItem","position":1,"name":"Home","item":"https:\/\/newsvirali.it\/fr\/"},{"@type":"ListItem","position":2,"name":"Ciclista aggredito, automobilista infuriato lo strangola in strada: video shock"}]},{"@type":"WebSite","@id":"https:\/\/newsvirali.it\/fr\/#website","url":"https:\/\/newsvirali.it\/fr\/","name":"Bake News","description":"","potentialAction":[{"@type":"SearchAction","target":{"@type":"EntryPoint","urlTemplate":"https:\/\/newsvirali.it\/fr\/?s={search_term_string}"},"query-input":{"@type":"PropertyValueSpecification","valueRequired":true,"valueName":"search_term_string"}}],"inLanguage":"fr-FR"},{"@type":"Person","@id":"https:\/\/newsvirali.it\/fr\/#\/schema\/person\/4c835f7b49c9adb58b33901ee816565d","name":"Cecco Prestina","description":"Perch\u00e9 nasconderlo? Cecco Prestina \u00e8 un alias, ma dietro di lui non si cela un algoritmo di intelligenza artificiale. C'\u00e8 un giornalista che ha oltre vent'anni di esperienza tutta sul web. Da quando il primo modem ha iniziato a gracchiare sul territorio italiano con Video on Line, Cecco ha capito che da quel doppino sarebbe passato il futuro. Ha dedidicato tutta la sua carriera a capire Internet e poi i social e ora l'Ai. Una carriera in costante aggiornamento. E questa esperienza la mette in campo ogni giorno. Per\u00f2 ogni tanto Cecco ha voglia anche di non scrivere \"pipponi\" sulla politica, sull'economia. Ha voglia anche di scrivere qualcosa di divertente. Le notizie che trovate su Bake News sono le stesse che Cecco porta all'aperitivo con gli amici. Quelle di cui discutere per farsi due risate. Notizie, vere (qualche volta si fa fatica a crederlo), strane, divertenti, ma anche serie. Bake News \u00e8 nato per questo, dare al pubblico notizie croccanti e calde come il pane che esce dal forno. E Cecco Prestina \u00e8 nato con Bake News.","url":"https:\/\/newsvirali.it\/fr\/autore\/cecco-prestina\/"}]}},"_links":{"self":[{"href":"https:\/\/newsvirali.it\/fr\/wp-json\/wp\/v2\/posts\/44550","targetHints":{"allow":["GET"]}}],"collection":[{"href":"https:\/\/newsvirali.it\/fr\/wp-json\/wp\/v2\/posts"}],"about":[{"href":"https:\/\/newsvirali.it\/fr\/wp-json\/wp\/v2\/types\/post"}],"author":[{"embeddable":true,"href":"https:\/\/newsvirali.it\/fr\/wp-json\/wp\/v2\/users\/4"}],"replies":[{"embeddable":true,"href":"https:\/\/newsvirali.it\/fr\/wp-json\/wp\/v2\/comments?post=44550"}],"version-history":[{"count":3,"href":"https:\/\/newsvirali.it\/fr\/wp-json\/wp\/v2\/posts\/44550\/revisions"}],"predecessor-version":[{"id":44584,"href":"https:\/\/newsvirali.it\/fr\/wp-json\/wp\/v2\/posts\/44550\/revisions\/44584"}],"wp:featuredmedia":[{"embeddable":true,"href":"https:\/\/newsvirali.it\/fr\/wp-json\/wp\/v2\/media\/44551"}],"wp:attachment":[{"href":"https:\/\/newsvirali.it\/fr\/wp-json\/wp\/v2\/media?parent=44550"}],"wp:term":[{"taxonomy":"category","embeddable":true,"href":"https:\/\/newsvirali.it\/fr\/wp-json\/wp\/v2\/categories?post=44550"},{"taxonomy":"post_tag","embeddable":true,"href":"https:\/\/newsvirali.it\/fr\/wp-json\/wp\/v2\/tags?post=44550"}],"curies":[{"name":"wp","href":"https:\/\/api.w.org\/{rel}","templated":true}]}}