{"id":4384,"date":"2023-09-13T12:31:45","date_gmt":"2023-09-13T10:31:45","guid":{"rendered":"https:\/\/www.bakenews.it\/?p=4384"},"modified":"2023-09-13T12:32:00","modified_gmt":"2023-09-13T10:32:00","slug":"iphone-radioattivi-shock-francia-bloccate-vendite","status":"publish","type":"post","link":"https:\/\/newsvirali.it\/fr\/2023\/09\/13\/iphone-radioactif-choc-la-france-a-bloque-les-ventes\/","title":{"rendered":"iPhone radioactifs, choc en France : les ventes bloqu\u00e9es"},"content":{"rendered":"<p>Apple doit cesser de vendre le mod\u00e8le iPhone 12 en France en raison de niveaux de rayonnement d\u00e9passant le seuil. Le sous-secr\u00e9taire fran\u00e7ais \u00e0 l&#039;\u00e9conomie num\u00e9rique l&#039;a annonc\u00e9 au journal Le Parisien dans un entretien publi\u00e9 mardi. L&#039;ANFR, l&#039;organisme fran\u00e7ais de surveillance des radiations, a notifi\u00e9 \u00e0 Apple sa d\u00e9cision d&#039;interdire la vente de l&#039;iPhone 12 apr\u00e8s avoir effectu\u00e9 des tests qui ont montr\u00e9 que le d\u00e9bit d&#039;absorption sp\u00e9cifique (DAS) du smartphone \u00e9tait l\u00e9g\u00e8rement sup\u00e9rieur \u00e0 celui pr\u00e9vu par la loi, a d\u00e9clar\u00e9 Jean-No\u00ebl Barrot. le journal.<\/p>\n\n\n\n<p><\/p>\n\n\n\n<hr class=\"wp-block-separator has-alpha-channel-opacity\"\/>\n\n\n\n<p><strong>LIRE AUSSI<\/strong><\/p>\n\n\n\n<ul class=\"wp-block-list\">\n<li><a href=\"https:\/\/www.bakenews.it\/pillola-ferma-tumori-funziona\/\">La pilule qui stoppe les tumeurs fonctionne : \u00ab La guerre contre le cancer sera gagn\u00e9e d\u2019ici 10 ans \u00bb<\/a><\/li>\n\n\n\n<li><a href=\"https:\/\/www.bakenews.it\/wp-content\/uploads\/2023\/06\/nikola-ancevski-er7TM4GPqWg-unsplash-scaled.jpg\">T\u00e9l\u00e9phones portables en mode avion en vol : l&#039;expert explique les vrais risques<\/a><\/li>\n\n\n\n<li><a href=\"https:\/\/www.bakenews.it\/un-pesce-crudo-causa-il-cancro-al-fegato-e-20mila-morti-lanno-ecco-quale\/\">Un poisson cru provoque le cancer du foie et 20 000 d\u00e9c\u00e8s par an : voici lequel<\/a><\/li>\n<\/ul>\n\n\n\n<hr class=\"wp-block-separator has-alpha-channel-opacity\"\/>\n\n\n\n<p><\/p>\n\n\n\n<h2 class=\"wp-block-heading\">iPhone 12 radioactifs, une mise \u00e0 jour suffirait<\/h2>\n\n\n\n<p>Apple n&#039;a pas encore r\u00e9pondu aux questions pos\u00e9es par Reuters. Barrot a d\u00e9clar\u00e9 qu&#039;une mise \u00e0 jour logicielle suffirait \u00e0 r\u00e9soudre les probl\u00e8mes de radiation li\u00e9s au t\u00e9l\u00e9phone que la soci\u00e9t\u00e9 am\u00e9ricaine vend depuis 2020. &quot;Apple devrait r\u00e9pondre dans les deux semaines&quot;, a-t-il d\u00e9clar\u00e9, ajoutant: &quot;S&#039;ils ne le font pas, je&quot; Je suis pr\u00eat \u00e0 ordonner le rappel de tous les iPhone 12 en circulation. La r\u00e8gle est la m\u00eame pour tout le monde, y compris pour les g\u00e9ants du num\u00e9rique. \u00bb<\/p>\n\n\n\n<h2 class=\"wp-block-heading\">Risque accru de cancer<\/h2>\n\n\n\n<p>L&#039;Union europ\u00e9enne a fix\u00e9 des limites de s\u00e9curit\u00e9 pour les valeurs DAS li\u00e9es \u00e0 l&#039;exposition aux t\u00e9l\u00e9phones portables, qui selon des \u00e9tudes scientifiques pourraient augmenter le risque de certaines formes de cancer. L&#039;organisme de surveillance fran\u00e7ais va d\u00e9sormais transmettre ses conclusions aux r\u00e9gulateurs des autres \u00c9tats membres de l&#039;UE. \u00ab Concr\u00e8tement, cette d\u00e9cision pourrait avoir un effet boule de neige \u00bb, a d\u00e9clar\u00e9 Barrot. En 2020, la France a \u00e9largi la r\u00e9glementation obligeant les d\u00e9taillants \u00e0 afficher la valeur de rayonnement des produits sur les emballages au-del\u00e0 des t\u00e9l\u00e9phones portables, y compris les tablettes et autres appareils \u00e9lectroniques.<\/p>\n<br \/>Suivez-nous \u00e9galement sur Google News : <b><a href=\"https:\/\/news.google.com\/publications\/CAAqBwgKMNqJiwswjMfqAg?hl=it&gl=IT&ceid=IT:it\" target=\"_blank\">Cliquez ici<\/a><\/b>","protected":false},"excerpt":{"rendered":"<p>Apple doit cesser de vendre le mod\u00e8le iPhone 12 en France en raison de niveaux de rayonnement d\u00e9passant le seuil. [\u2026]<\/p>","protected":false},"author":4,"featured_media":4387,"comment_status":"open","ping_status":"open","sticky":false,"template":"","format":"standard","meta":{"MSN_Categories":"Uncategorized","MSN_Publish_Option":false,"MSN_Is_Local_News":false,"MSN_Is_AIAC_Included":"Empty","MSN_Location":"[]","MSN_Add_Feature_Img_On_Top_Of_Post":false,"MSN_Has_Custom_Author":false,"MSN_Custom_Author":"","MSN_Has_Custom_Canonical_Url":false,"MSN_Custom_Canonical_Url":"","footnotes":""},"categories":[33],"tags":[],"class_list":["post-4384","post","type-post","status-publish","format-standard","has-post-thumbnail","hentry","category-salute"],"acf":[],"yoast_head":"<!-- This site is optimized with the Yoast SEO Premium plugin v26.7 (Yoast SEO v26.7) - https:\/\/yoast.com\/wordpress\/plugins\/seo\/ -->\n<title>iPhone radioattivi, shock in Francia: bloccate le vendite<\/title>\n<meta name=\"description\" content=\"Gli iPhone 12 rischiano di essere ritirati da tutto il mercato francese se Apple non risponder\u00e0 al governo di Parigi.\" \/>\n<meta name=\"robots\" content=\"index, follow, max-snippet:-1, max-image-preview:large, max-video-preview:-1\" \/>\n<link rel=\"canonical\" href=\"https:\/\/newsvirali.it\/fr\/2023\/09\/13\/iphone-radioactif-choc-la-france-a-bloque-les-ventes\/\" \/>\n<meta property=\"og:locale\" content=\"fr_FR\" \/>\n<meta property=\"og:type\" content=\"article\" \/>\n<meta property=\"og:title\" content=\"iPhone radioattivi, shock in Francia: bloccate le vendite\" \/>\n<meta property=\"og:description\" content=\"Gli iPhone 12 rischiano di essere ritirati da tutto il mercato francese se Apple non risponder\u00e0 al governo di Parigi.\" \/>\n<meta property=\"og:url\" content=\"https:\/\/newsvirali.it\/fr\/2023\/09\/13\/iphone-radioactif-choc-la-france-a-bloque-les-ventes\/\" \/>\n<meta property=\"og:site_name\" content=\"News virali\" \/>\n<meta property=\"article:published_time\" content=\"2023-09-13T10:31:45+00:00\" \/>\n<meta property=\"article:modified_time\" content=\"2023-09-13T10:32:00+00:00\" \/>\n<meta property=\"og:image\" content=\"https:\/\/newsvirali.it\/wp-content\/uploads\/2023\/09\/akhil-yerabati-4YmSIWff6aw-unsplash-scaled.jpg\" \/>\n\t<meta property=\"og:image:width\" content=\"2560\" \/>\n\t<meta property=\"og:image:height\" content=\"1707\" \/>\n\t<meta property=\"og:image:type\" content=\"image\/jpeg\" \/>\n<meta name=\"author\" content=\"Cecco Prestina\" \/>\n<meta name=\"twitter:card\" content=\"summary_large_image\" \/>\n<meta name=\"twitter:label1\" content=\"\u00c9crit par\" \/>\n\t<meta name=\"twitter:data1\" content=\"Cecco Prestina\" \/>\n\t<meta name=\"twitter:label2\" content=\"Dur\u00e9e de lecture estim\u00e9e\" \/>\n\t<meta name=\"twitter:data2\" content=\"2 minutes\" \/>\n<script type=\"application\/ld+json\" class=\"yoast-schema-graph\">{\"@context\":\"https:\/\/schema.org\",\"@graph\":[{\"@type\":\"NewsArticle\",\"@id\":\"https:\/\/newsvirali.it\/2023\/09\/13\/iphone-radioattivi-shock-francia-bloccate-vendite\/#article\",\"isPartOf\":{\"@id\":\"https:\/\/newsvirali.it\/2023\/09\/13\/iphone-radioattivi-shock-francia-bloccate-vendite\/\"},\"author\":{\"name\":\"Cecco Prestina\",\"@id\":\"https:\/\/newsvirali.it\/fr\/#\/schema\/person\/4c835f7b49c9adb58b33901ee816565d\"},\"headline\":\"iPhone radioattivi, shock in Francia: bloccate le vendite\",\"datePublished\":\"2023-09-13T10:31:45+00:00\",\"dateModified\":\"2023-09-13T10:32:00+00:00\",\"mainEntityOfPage\":{\"@id\":\"https:\/\/newsvirali.it\/2023\/09\/13\/iphone-radioattivi-shock-francia-bloccate-vendite\/\"},\"wordCount\":318,\"commentCount\":0,\"image\":{\"@id\":\"https:\/\/newsvirali.it\/2023\/09\/13\/iphone-radioattivi-shock-francia-bloccate-vendite\/#primaryimage\"},\"thumbnailUrl\":\"https:\/\/newsvirali.it\/wp-content\/uploads\/2023\/09\/akhil-yerabati-4YmSIWff6aw-unsplash-scaled.jpg\",\"articleSection\":[\"Salute\"],\"inLanguage\":\"fr-FR\",\"potentialAction\":[{\"@type\":\"CommentAction\",\"name\":\"Comment\",\"target\":[\"https:\/\/newsvirali.it\/2023\/09\/13\/iphone-radioattivi-shock-francia-bloccate-vendite\/#respond\"]}],\"copyrightYear\":\"2023\",\"copyrightHolder\":{\"@id\":\"https:\/\/newsvirali.it\/fr\/#organization\"}},{\"@type\":\"WebPage\",\"@id\":\"https:\/\/newsvirali.it\/2023\/09\/13\/iphone-radioattivi-shock-francia-bloccate-vendite\/\",\"url\":\"https:\/\/newsvirali.it\/2023\/09\/13\/iphone-radioattivi-shock-francia-bloccate-vendite\/\",\"name\":\"iPhone radioattivi, shock in Francia: bloccate le vendite\",\"isPartOf\":{\"@id\":\"https:\/\/newsvirali.it\/fr\/#website\"},\"primaryImageOfPage\":{\"@id\":\"https:\/\/newsvirali.it\/2023\/09\/13\/iphone-radioattivi-shock-francia-bloccate-vendite\/#primaryimage\"},\"image\":{\"@id\":\"https:\/\/newsvirali.it\/2023\/09\/13\/iphone-radioattivi-shock-francia-bloccate-vendite\/#primaryimage\"},\"thumbnailUrl\":\"https:\/\/newsvirali.it\/wp-content\/uploads\/2023\/09\/akhil-yerabati-4YmSIWff6aw-unsplash-scaled.jpg\",\"datePublished\":\"2023-09-13T10:31:45+00:00\",\"dateModified\":\"2023-09-13T10:32:00+00:00\",\"author\":{\"@id\":\"https:\/\/newsvirali.it\/fr\/#\/schema\/person\/4c835f7b49c9adb58b33901ee816565d\"},\"description\":\"Gli iPhone 12 rischiano di essere ritirati da tutto il mercato francese se Apple non risponder\u00e0 al governo di Parigi.\",\"breadcrumb\":{\"@id\":\"https:\/\/newsvirali.it\/2023\/09\/13\/iphone-radioattivi-shock-francia-bloccate-vendite\/#breadcrumb\"},\"inLanguage\":\"fr-FR\",\"potentialAction\":[{\"@type\":\"ReadAction\",\"target\":[\"https:\/\/newsvirali.it\/2023\/09\/13\/iphone-radioattivi-shock-francia-bloccate-vendite\/\"]}]},{\"@type\":\"ImageObject\",\"inLanguage\":\"fr-FR\",\"@id\":\"https:\/\/newsvirali.it\/2023\/09\/13\/iphone-radioattivi-shock-francia-bloccate-vendite\/#primaryimage\",\"url\":\"https:\/\/newsvirali.it\/wp-content\/uploads\/2023\/09\/akhil-yerabati-4YmSIWff6aw-unsplash-scaled.jpg\",\"contentUrl\":\"https:\/\/newsvirali.it\/wp-content\/uploads\/2023\/09\/akhil-yerabati-4YmSIWff6aw-unsplash-scaled.jpg\",\"width\":2560,\"height\":1707,\"caption\":\"iPhone 12 radioattivi, shock in Francia: bloccate le vendite\"},{\"@type\":\"BreadcrumbList\",\"@id\":\"https:\/\/newsvirali.it\/2023\/09\/13\/iphone-radioattivi-shock-francia-bloccate-vendite\/#breadcrumb\",\"itemListElement\":[{\"@type\":\"ListItem\",\"position\":1,\"name\":\"Home\",\"item\":\"https:\/\/newsvirali.it\/fr\/\"},{\"@type\":\"ListItem\",\"position\":2,\"name\":\"iPhone radioattivi, shock in Francia: bloccate le vendite\"}]},{\"@type\":\"WebSite\",\"@id\":\"https:\/\/newsvirali.it\/fr\/#website\",\"url\":\"https:\/\/newsvirali.it\/fr\/\",\"name\":\"Bake News\",\"description\":\"\",\"potentialAction\":[{\"@type\":\"SearchAction\",\"target\":{\"@type\":\"EntryPoint\",\"urlTemplate\":\"https:\/\/newsvirali.it\/fr\/?s={search_term_string}\"},\"query-input\":{\"@type\":\"PropertyValueSpecification\",\"valueRequired\":true,\"valueName\":\"search_term_string\"}}],\"inLanguage\":\"fr-FR\"},{\"@type\":\"Person\",\"@id\":\"https:\/\/newsvirali.it\/fr\/#\/schema\/person\/4c835f7b49c9adb58b33901ee816565d\",\"name\":\"Cecco Prestina\",\"description\":\"Perch\u00e9 nasconderlo? Cecco Prestina \u00e8 un alias, ma dietro di lui non si cela un algoritmo di intelligenza artificiale. C'\u00e8 un giornalista che ha oltre vent'anni di esperienza tutta sul web. Da quando il primo modem ha iniziato a gracchiare sul territorio italiano con Video on Line, Cecco ha capito che da quel doppino sarebbe passato il futuro. Ha dedidicato tutta la sua carriera a capire Internet e poi i social e ora l'Ai. Una carriera in costante aggiornamento. E questa esperienza la mette in campo ogni giorno. Per\u00f2 ogni tanto Cecco ha voglia anche di non scrivere \\\"pipponi\\\" sulla politica, sull'economia. Ha voglia anche di scrivere qualcosa di divertente. Le notizie che trovate su Bake News sono le stesse che Cecco porta all'aperitivo con gli amici. Quelle di cui discutere per farsi due risate. Notizie, vere (qualche volta si fa fatica a crederlo), strane, divertenti, ma anche serie. Bake News \u00e8 nato per questo, dare al pubblico notizie croccanti e calde come il pane che esce dal forno. E Cecco Prestina \u00e8 nato con Bake News.\",\"url\":\"https:\/\/newsvirali.it\/fr\/autore\/cecco-prestina\/\"}]}<\/script>\n<!-- \/ Yoast SEO Premium plugin. -->","yoast_head_json":{"title":"iPhone radioattivi, shock in Francia: bloccate le vendite","description":"Gli iPhone 12 rischiano di essere ritirati da tutto il mercato francese se Apple non risponder\u00e0 al governo di Parigi.","robots":{"index":"index","follow":"follow","max-snippet":"max-snippet:-1","max-image-preview":"max-image-preview:large","max-video-preview":"max-video-preview:-1"},"canonical":"https:\/\/newsvirali.it\/fr\/2023\/09\/13\/iphone-radioactif-choc-la-france-a-bloque-les-ventes\/","og_locale":"fr_FR","og_type":"article","og_title":"iPhone radioattivi, shock in Francia: bloccate le vendite","og_description":"Gli iPhone 12 rischiano di essere ritirati da tutto il mercato francese se Apple non risponder\u00e0 al governo di Parigi.","og_url":"https:\/\/newsvirali.it\/fr\/2023\/09\/13\/iphone-radioactif-choc-la-france-a-bloque-les-ventes\/","og_site_name":"News virali","article_published_time":"2023-09-13T10:31:45+00:00","article_modified_time":"2023-09-13T10:32:00+00:00","og_image":[{"width":2560,"height":1707,"url":"https:\/\/newsvirali.it\/wp-content\/uploads\/2023\/09\/akhil-yerabati-4YmSIWff6aw-unsplash-scaled.jpg","type":"image\/jpeg"}],"author":"Cecco Prestina","twitter_card":"summary_large_image","twitter_misc":{"\u00c9crit par":"Cecco Prestina","Dur\u00e9e de lecture estim\u00e9e":"2 minutes"},"schema":{"@context":"https:\/\/schema.org","@graph":[{"@type":"NewsArticle","@id":"https:\/\/newsvirali.it\/2023\/09\/13\/iphone-radioattivi-shock-francia-bloccate-vendite\/#article","isPartOf":{"@id":"https:\/\/newsvirali.it\/2023\/09\/13\/iphone-radioattivi-shock-francia-bloccate-vendite\/"},"author":{"name":"Cecco Prestina","@id":"https:\/\/newsvirali.it\/fr\/#\/schema\/person\/4c835f7b49c9adb58b33901ee816565d"},"headline":"iPhone radioattivi, shock in Francia: bloccate le vendite","datePublished":"2023-09-13T10:31:45+00:00","dateModified":"2023-09-13T10:32:00+00:00","mainEntityOfPage":{"@id":"https:\/\/newsvirali.it\/2023\/09\/13\/iphone-radioattivi-shock-francia-bloccate-vendite\/"},"wordCount":318,"commentCount":0,"image":{"@id":"https:\/\/newsvirali.it\/2023\/09\/13\/iphone-radioattivi-shock-francia-bloccate-vendite\/#primaryimage"},"thumbnailUrl":"https:\/\/newsvirali.it\/wp-content\/uploads\/2023\/09\/akhil-yerabati-4YmSIWff6aw-unsplash-scaled.jpg","articleSection":["Salute"],"inLanguage":"fr-FR","potentialAction":[{"@type":"CommentAction","name":"Comment","target":["https:\/\/newsvirali.it\/2023\/09\/13\/iphone-radioattivi-shock-francia-bloccate-vendite\/#respond"]}],"copyrightYear":"2023","copyrightHolder":{"@id":"https:\/\/newsvirali.it\/fr\/#organization"}},{"@type":"WebPage","@id":"https:\/\/newsvirali.it\/2023\/09\/13\/iphone-radioattivi-shock-francia-bloccate-vendite\/","url":"https:\/\/newsvirali.it\/2023\/09\/13\/iphone-radioattivi-shock-francia-bloccate-vendite\/","name":"iPhone radioattivi, shock in Francia: bloccate le vendite","isPartOf":{"@id":"https:\/\/newsvirali.it\/fr\/#website"},"primaryImageOfPage":{"@id":"https:\/\/newsvirali.it\/2023\/09\/13\/iphone-radioattivi-shock-francia-bloccate-vendite\/#primaryimage"},"image":{"@id":"https:\/\/newsvirali.it\/2023\/09\/13\/iphone-radioattivi-shock-francia-bloccate-vendite\/#primaryimage"},"thumbnailUrl":"https:\/\/newsvirali.it\/wp-content\/uploads\/2023\/09\/akhil-yerabati-4YmSIWff6aw-unsplash-scaled.jpg","datePublished":"2023-09-13T10:31:45+00:00","dateModified":"2023-09-13T10:32:00+00:00","author":{"@id":"https:\/\/newsvirali.it\/fr\/#\/schema\/person\/4c835f7b49c9adb58b33901ee816565d"},"description":"Gli iPhone 12 rischiano di essere ritirati da tutto il mercato francese se Apple non risponder\u00e0 al governo di Parigi.","breadcrumb":{"@id":"https:\/\/newsvirali.it\/2023\/09\/13\/iphone-radioattivi-shock-francia-bloccate-vendite\/#breadcrumb"},"inLanguage":"fr-FR","potentialAction":[{"@type":"ReadAction","target":["https:\/\/newsvirali.it\/2023\/09\/13\/iphone-radioattivi-shock-francia-bloccate-vendite\/"]}]},{"@type":"ImageObject","inLanguage":"fr-FR","@id":"https:\/\/newsvirali.it\/2023\/09\/13\/iphone-radioattivi-shock-francia-bloccate-vendite\/#primaryimage","url":"https:\/\/newsvirali.it\/wp-content\/uploads\/2023\/09\/akhil-yerabati-4YmSIWff6aw-unsplash-scaled.jpg","contentUrl":"https:\/\/newsvirali.it\/wp-content\/uploads\/2023\/09\/akhil-yerabati-4YmSIWff6aw-unsplash-scaled.jpg","width":2560,"height":1707,"caption":"iPhone 12 radioattivi, shock in Francia: bloccate le vendite"},{"@type":"BreadcrumbList","@id":"https:\/\/newsvirali.it\/2023\/09\/13\/iphone-radioattivi-shock-francia-bloccate-vendite\/#breadcrumb","itemListElement":[{"@type":"ListItem","position":1,"name":"Home","item":"https:\/\/newsvirali.it\/fr\/"},{"@type":"ListItem","position":2,"name":"iPhone radioattivi, shock in Francia: bloccate le vendite"}]},{"@type":"WebSite","@id":"https:\/\/newsvirali.it\/fr\/#website","url":"https:\/\/newsvirali.it\/fr\/","name":"Bake News","description":"","potentialAction":[{"@type":"SearchAction","target":{"@type":"EntryPoint","urlTemplate":"https:\/\/newsvirali.it\/fr\/?s={search_term_string}"},"query-input":{"@type":"PropertyValueSpecification","valueRequired":true,"valueName":"search_term_string"}}],"inLanguage":"fr-FR"},{"@type":"Person","@id":"https:\/\/newsvirali.it\/fr\/#\/schema\/person\/4c835f7b49c9adb58b33901ee816565d","name":"Cecco Prestina","description":"Perch\u00e9 nasconderlo? Cecco Prestina \u00e8 un alias, ma dietro di lui non si cela un algoritmo di intelligenza artificiale. C'\u00e8 un giornalista che ha oltre vent'anni di esperienza tutta sul web. Da quando il primo modem ha iniziato a gracchiare sul territorio italiano con Video on Line, Cecco ha capito che da quel doppino sarebbe passato il futuro. Ha dedidicato tutta la sua carriera a capire Internet e poi i social e ora l'Ai. Una carriera in costante aggiornamento. E questa esperienza la mette in campo ogni giorno. Per\u00f2 ogni tanto Cecco ha voglia anche di non scrivere \"pipponi\" sulla politica, sull'economia. Ha voglia anche di scrivere qualcosa di divertente. Le notizie che trovate su Bake News sono le stesse che Cecco porta all'aperitivo con gli amici. Quelle di cui discutere per farsi due risate. Notizie, vere (qualche volta si fa fatica a crederlo), strane, divertenti, ma anche serie. Bake News \u00e8 nato per questo, dare al pubblico notizie croccanti e calde come il pane che esce dal forno. E Cecco Prestina \u00e8 nato con Bake News.","url":"https:\/\/newsvirali.it\/fr\/autore\/cecco-prestina\/"}]}},"_links":{"self":[{"href":"https:\/\/newsvirali.it\/fr\/wp-json\/wp\/v2\/posts\/4384","targetHints":{"allow":["GET"]}}],"collection":[{"href":"https:\/\/newsvirali.it\/fr\/wp-json\/wp\/v2\/posts"}],"about":[{"href":"https:\/\/newsvirali.it\/fr\/wp-json\/wp\/v2\/types\/post"}],"author":[{"embeddable":true,"href":"https:\/\/newsvirali.it\/fr\/wp-json\/wp\/v2\/users\/4"}],"replies":[{"embeddable":true,"href":"https:\/\/newsvirali.it\/fr\/wp-json\/wp\/v2\/comments?post=4384"}],"version-history":[{"count":8,"href":"https:\/\/newsvirali.it\/fr\/wp-json\/wp\/v2\/posts\/4384\/revisions"}],"predecessor-version":[{"id":4411,"href":"https:\/\/newsvirali.it\/fr\/wp-json\/wp\/v2\/posts\/4384\/revisions\/4411"}],"wp:featuredmedia":[{"embeddable":true,"href":"https:\/\/newsvirali.it\/fr\/wp-json\/wp\/v2\/media\/4387"}],"wp:attachment":[{"href":"https:\/\/newsvirali.it\/fr\/wp-json\/wp\/v2\/media?parent=4384"}],"wp:term":[{"taxonomy":"category","embeddable":true,"href":"https:\/\/newsvirali.it\/fr\/wp-json\/wp\/v2\/categories?post=4384"},{"taxonomy":"post_tag","embeddable":true,"href":"https:\/\/newsvirali.it\/fr\/wp-json\/wp\/v2\/tags?post=4384"}],"curies":[{"name":"wp","href":"https:\/\/api.w.org\/{rel}","templated":true}]}}