{"id":43520,"date":"2024-09-17T13:00:25","date_gmt":"2024-09-17T11:00:25","guid":{"rendered":"https:\/\/www.bakenews.it\/?p=43520"},"modified":"2024-10-03T11:16:38","modified_gmt":"2024-10-03T09:16:38","slug":"brutale-vendetta-russa-prigioniero-ucraino-giustiziato-con-spada-medievale","status":"publish","type":"post","link":"https:\/\/newsvirali.it\/fr\/2024\/09\/17\/vengeance-russe-brutale-un-prisonnier-ukrainien-execute-avec-une-epee-medievale\/","title":{"rendered":"Vengeance russe brutale, un prisonnier ukrainien ex\u00e9cut\u00e9 avec une \u00e9p\u00e9e m\u00e9di\u00e9vale"},"content":{"rendered":"<p>Le gouvernement de Kiev affirme que les soldats russes ont ex\u00e9cut\u00e9 un prisonnier de guerre ukrainien avec une \u00e9p\u00e9e m\u00e9di\u00e9vale pour venger le raid sur Koursk. Des images dramatiques circulent sur Telegram montrant un soldat ukrainien \u00e9tendu dans une mare de sang apr\u00e8s avoir \u00e9t\u00e9 poignard\u00e9 avec une arme primitive par ses ravisseurs russes. \u00ab Il est impossible de comprendre le niveau de barbarie qui a \u00e9t\u00e9 atteint \u00bb, a d\u00e9clar\u00e9 Dmytro Lubinets, commissaire aux droits de l&#039;homme du parlement ukrainien.<\/p>\n\n\n\n<p><strong>LIRE AUSSI<\/strong><\/p>\n\n\n\n<ul class=\"wp-block-list\">\n<li><a href=\"https:\/\/www.bakenews.it\/2024\/09\/03\/ucraina-truppe-russe-carbonizzate-col-drone-lanciafiamme-il-video-shock\/\">Ukraine Troupes russes carbonis\u00e9es par un drone lance-flammes : la vid\u00e9o choquante<\/a><\/li>\n\n\n\n<li><a href=\"https:\/\/www.bakenews.it\/2024\/02\/26\/navalny-lucraina-assolve-putin-non-lo-ha-ucciso-ecco-come-e-morto\/\">Navalny et l&#039;Ukraine acquittent Poutine : &quot;\u00c7a ne l&#039;a pas tu\u00e9, c&#039;est comme \u00e7a qu&#039;il est mort&quot;<\/a><\/li>\n\n\n\n<li><a href=\"https:\/\/www.bakenews.it\/2024\/09\/16\/poche-nascite-in-russia-putin-obbliga-a-fare-lamore-sul-luogo-di-lavoro\/\">Peu de naissances en Russie, Poutine &quot;oblige&quot; \u00e0 faire l&#039;amour sur le lieu de travail<\/a><\/li>\n<\/ul>\n\n\n\n<h2 class=\"wp-block-heading\" id=\"h-soldato-ucraino-giustiziato-con-spada-medievale\">Soldat ukrainien ex\u00e9cut\u00e9 avec une \u00e9p\u00e9e m\u00e9di\u00e9vale<\/h2>\n\n\n\n<p>L&#039;\u00e9p\u00e9e \u00e9tait log\u00e9e dans le combattant ukrainien, dont les mains \u00e9taient li\u00e9es avec du ruban adh\u00e9sif, tandis que son corps avait apparemment \u00e9t\u00e9 abandonn\u00e9 en guise d&#039;avertissement macabre. L&#039;arme porte en relief les mots \u00ab Pour Koursk \u00bb, en r\u00e9f\u00e9rence \u00e0 l&#039;incursion surprise de l&#039;Ukraine dans la r\u00e9gion frontali\u00e8re russe qui a humili\u00e9 Vladimir Poutine. Lubinets a rapport\u00e9 des preuves pr\u00e9sum\u00e9es de crimes de guerre aux Nations Unies et au Comit\u00e9 international de la Croix-Rouge. \u00ab Un autre crime de guerre : les Russes ont ex\u00e9cut\u00e9 un prisonnier de guerre ukrainien non arm\u00e9 avec une \u00e9p\u00e9e et les mains band\u00e9es \u00bb, a d\u00e9clar\u00e9 le M\u00e9diateur.<\/p>\n\n\n\n<h2 class=\"wp-block-heading\" id=\"h-vendetta-per-kursk-la-brutale-scritta-sulla-spada\">Vengeance \u00ab pour Koursk \u00bb, l&#039;\u00e9criture brutale sur l&#039;\u00e9p\u00e9e<\/h2>\n\n\n\n<p>Certains rapports indiquent que l&#039;horrible meurtre a eu lieu dans la r\u00e9gion de Donetsk occup\u00e9e par la Russie, \u00e0 Novogrodivka ou \u00e0 proximit\u00e9. L&#039;\u00e9p\u00e9e semble \u00eatre c\u00e9r\u00e9moniale ou d\u00e9corative. La cha\u00eene ukrainienne Andryushchenko Time a rapport\u00e9 : \u00ab Les Russes ont ex\u00e9cut\u00e9 notre prisonnier de mani\u00e8re particuli\u00e8rement cynique. \u00c0 en juger par la quantit\u00e9 de sang, l\u2019\u00e9p\u00e9e \u00e9tait coinc\u00e9e dans le combattant encore vivant. Le ruban est visible sur les poignets.&quot;<\/p>\n\n\n\n<p>Pendant ce temps, certaines cha\u00eenes russes ont ouvertement approuv\u00e9 cette barbarie. Spetskurs, un militant russe pro-guerre qui dirige des camps paramilitaires pour enfants, a d\u00e9clar\u00e9 : \u00ab\u00a0M\u00e9rite\u00a0\u00bb. Le radical Rositch, de Saint-P\u00e9tersbourg, a d\u00e9clar\u00e9 : \u00ab Celui qui vient \u00e0 nous avec l\u2019\u00e9p\u00e9e mourra par l\u2019\u00e9p\u00e9e. \u00bb Bien que l\u2019arme utilis\u00e9e pour commettre ces meurtres soit particuli\u00e8rement barbare, ces meurtres horribles sont devenus un aspect inqui\u00e9tant de la guerre.<\/p>\n\n\n\n<p><strong>ARTICLES LES PLUS LUS<\/strong><\/p>\n\n\n<p>[koko_analytics_most_viewed_posts number=5 days=8 post_type=\u201dpost\u201d show_date=\u201dfalse\u201d]<\/p>\n<br \/>Suivez-nous \u00e9galement sur Google News : <b><a href=\"https:\/\/news.google.com\/publications\/CAAqBwgKMNqJiwswjMfqAg?hl=it&gl=IT&ceid=IT:it\" target=\"_blank\">Cliquez ici<\/a><\/b>","protected":false},"excerpt":{"rendered":"<p>Le gouvernement de Kiev affirme que des soldats russes ont ex\u00e9cut\u00e9 un prisonnier de guerre ukrainien avec une \u00e9p\u00e9e m\u00e9di\u00e9vale [...]<\/p>","protected":false},"author":4,"featured_media":43521,"comment_status":"closed","ping_status":"open","sticky":false,"template":"","format":"standard","meta":{"MSN_Categories":"Uncategorized","MSN_Publish_Option":false,"MSN_Is_Local_News":false,"MSN_Is_AIAC_Included":"Empty","MSN_Location":"[]","MSN_Add_Feature_Img_On_Top_Of_Post":false,"MSN_Has_Custom_Author":false,"MSN_Custom_Author":"","MSN_Has_Custom_Canonical_Url":false,"MSN_Custom_Canonical_Url":"","footnotes":""},"categories":[9],"tags":[],"class_list":["post-43520","post","type-post","status-publish","format-standard","has-post-thumbnail","hentry","category-mondo"],"acf":[],"yoast_head":"<!-- This site is optimized with the Yoast SEO Premium plugin v26.7 (Yoast SEO v26.7) - https:\/\/yoast.com\/wordpress\/plugins\/seo\/ -->\n<title>Brutale vendetta russa, prigioniero ucraino giustiziato con spada medievale<\/title>\n<meta name=\"description\" content=\"Alcuni soldati russi hanno giustiziato un prigioniero di guerra ucraino con una spada medievale per vendicare l&#039;incursione a Kursk.\" \/>\n<meta name=\"robots\" content=\"index, follow, max-snippet:-1, max-image-preview:large, max-video-preview:-1\" \/>\n<link rel=\"canonical\" href=\"https:\/\/newsvirali.it\/fr\/2024\/09\/17\/vengeance-russe-brutale-un-prisonnier-ukrainien-execute-avec-une-epee-medievale\/\" \/>\n<meta property=\"og:locale\" content=\"fr_FR\" \/>\n<meta property=\"og:type\" content=\"article\" \/>\n<meta property=\"og:title\" content=\"Brutale vendetta russa, prigioniero ucraino giustiziato con spada medievale\" \/>\n<meta property=\"og:description\" content=\"Alcuni soldati russi hanno giustiziato un prigioniero di guerra ucraino con una spada medievale per vendicare l&#039;incursione a Kursk.\" \/>\n<meta property=\"og:url\" content=\"https:\/\/newsvirali.it\/fr\/2024\/09\/17\/vengeance-russe-brutale-un-prisonnier-ukrainien-execute-avec-une-epee-medievale\/\" \/>\n<meta property=\"og:site_name\" content=\"News virali\" \/>\n<meta property=\"article:published_time\" content=\"2024-09-17T11:00:25+00:00\" \/>\n<meta property=\"article:modified_time\" content=\"2024-10-03T09:16:38+00:00\" \/>\n<meta property=\"og:image\" content=\"https:\/\/newsvirali.it\/wp-content\/uploads\/2024\/09\/Brutale-vendetta-russa-prigioniero-ucraino-giustiziato-con-spada-medievale-1.jpg\" \/>\n\t<meta property=\"og:image:width\" content=\"2160\" \/>\n\t<meta property=\"og:image:height\" content=\"1440\" \/>\n\t<meta property=\"og:image:type\" content=\"image\/jpeg\" \/>\n<meta name=\"author\" content=\"Cecco Prestina\" \/>\n<meta name=\"twitter:card\" content=\"summary_large_image\" \/>\n<meta name=\"twitter:label1\" content=\"\u00c9crit par\" \/>\n\t<meta name=\"twitter:data1\" content=\"Cecco Prestina\" \/>\n\t<meta name=\"twitter:label2\" content=\"Dur\u00e9e de lecture estim\u00e9e\" \/>\n\t<meta name=\"twitter:data2\" content=\"2 minutes\" \/>\n<script type=\"application\/ld+json\" class=\"yoast-schema-graph\">{\"@context\":\"https:\/\/schema.org\",\"@graph\":[{\"@type\":\"NewsArticle\",\"@id\":\"https:\/\/newsvirali.it\/2024\/09\/17\/brutale-vendetta-russa-prigioniero-ucraino-giustiziato-con-spada-medievale\/#article\",\"isPartOf\":{\"@id\":\"https:\/\/newsvirali.it\/2024\/09\/17\/brutale-vendetta-russa-prigioniero-ucraino-giustiziato-con-spada-medievale\/\"},\"author\":{\"name\":\"Cecco Prestina\",\"@id\":\"https:\/\/newsvirali.it\/fr\/#\/schema\/person\/4c835f7b49c9adb58b33901ee816565d\"},\"headline\":\"Brutale vendetta russa, prigioniero ucraino giustiziato con spada medievale\",\"datePublished\":\"2024-09-17T11:00:25+00:00\",\"dateModified\":\"2024-10-03T09:16:38+00:00\",\"mainEntityOfPage\":{\"@id\":\"https:\/\/newsvirali.it\/2024\/09\/17\/brutale-vendetta-russa-prigioniero-ucraino-giustiziato-con-spada-medievale\/\"},\"wordCount\":368,\"image\":{\"@id\":\"https:\/\/newsvirali.it\/2024\/09\/17\/brutale-vendetta-russa-prigioniero-ucraino-giustiziato-con-spada-medievale\/#primaryimage\"},\"thumbnailUrl\":\"https:\/\/newsvirali.it\/wp-content\/uploads\/2024\/09\/Brutale-vendetta-russa-prigioniero-ucraino-giustiziato-con-spada-medievale-1.jpg\",\"articleSection\":[\"Mondo\"],\"inLanguage\":\"fr-FR\",\"copyrightYear\":\"2024\",\"copyrightHolder\":{\"@id\":\"https:\/\/newsvirali.it\/fr\/#organization\"}},{\"@type\":\"WebPage\",\"@id\":\"https:\/\/newsvirali.it\/2024\/09\/17\/brutale-vendetta-russa-prigioniero-ucraino-giustiziato-con-spada-medievale\/\",\"url\":\"https:\/\/newsvirali.it\/2024\/09\/17\/brutale-vendetta-russa-prigioniero-ucraino-giustiziato-con-spada-medievale\/\",\"name\":\"Brutale vendetta russa, prigioniero ucraino giustiziato con spada medievale\",\"isPartOf\":{\"@id\":\"https:\/\/newsvirali.it\/fr\/#website\"},\"primaryImageOfPage\":{\"@id\":\"https:\/\/newsvirali.it\/2024\/09\/17\/brutale-vendetta-russa-prigioniero-ucraino-giustiziato-con-spada-medievale\/#primaryimage\"},\"image\":{\"@id\":\"https:\/\/newsvirali.it\/2024\/09\/17\/brutale-vendetta-russa-prigioniero-ucraino-giustiziato-con-spada-medievale\/#primaryimage\"},\"thumbnailUrl\":\"https:\/\/newsvirali.it\/wp-content\/uploads\/2024\/09\/Brutale-vendetta-russa-prigioniero-ucraino-giustiziato-con-spada-medievale-1.jpg\",\"datePublished\":\"2024-09-17T11:00:25+00:00\",\"dateModified\":\"2024-10-03T09:16:38+00:00\",\"author\":{\"@id\":\"https:\/\/newsvirali.it\/fr\/#\/schema\/person\/4c835f7b49c9adb58b33901ee816565d\"},\"description\":\"Alcuni soldati russi hanno giustiziato un prigioniero di guerra ucraino con una spada medievale per vendicare l'incursione a Kursk.\",\"breadcrumb\":{\"@id\":\"https:\/\/newsvirali.it\/2024\/09\/17\/brutale-vendetta-russa-prigioniero-ucraino-giustiziato-con-spada-medievale\/#breadcrumb\"},\"inLanguage\":\"fr-FR\",\"potentialAction\":[{\"@type\":\"ReadAction\",\"target\":[\"https:\/\/newsvirali.it\/2024\/09\/17\/brutale-vendetta-russa-prigioniero-ucraino-giustiziato-con-spada-medievale\/\"]}]},{\"@type\":\"ImageObject\",\"inLanguage\":\"fr-FR\",\"@id\":\"https:\/\/newsvirali.it\/2024\/09\/17\/brutale-vendetta-russa-prigioniero-ucraino-giustiziato-con-spada-medievale\/#primaryimage\",\"url\":\"https:\/\/newsvirali.it\/wp-content\/uploads\/2024\/09\/Brutale-vendetta-russa-prigioniero-ucraino-giustiziato-con-spada-medievale-1.jpg\",\"contentUrl\":\"https:\/\/newsvirali.it\/wp-content\/uploads\/2024\/09\/Brutale-vendetta-russa-prigioniero-ucraino-giustiziato-con-spada-medievale-1.jpg\",\"width\":2160,\"height\":1440,\"caption\":\"Brutale vendetta russa, prigioniero ucraino giustiziato con spada medievale\"},{\"@type\":\"BreadcrumbList\",\"@id\":\"https:\/\/newsvirali.it\/2024\/09\/17\/brutale-vendetta-russa-prigioniero-ucraino-giustiziato-con-spada-medievale\/#breadcrumb\",\"itemListElement\":[{\"@type\":\"ListItem\",\"position\":1,\"name\":\"Home\",\"item\":\"https:\/\/newsvirali.it\/fr\/\"},{\"@type\":\"ListItem\",\"position\":2,\"name\":\"Brutale vendetta russa, prigioniero ucraino giustiziato con spada medievale\"}]},{\"@type\":\"WebSite\",\"@id\":\"https:\/\/newsvirali.it\/fr\/#website\",\"url\":\"https:\/\/newsvirali.it\/fr\/\",\"name\":\"Bake News\",\"description\":\"\",\"potentialAction\":[{\"@type\":\"SearchAction\",\"target\":{\"@type\":\"EntryPoint\",\"urlTemplate\":\"https:\/\/newsvirali.it\/fr\/?s={search_term_string}\"},\"query-input\":{\"@type\":\"PropertyValueSpecification\",\"valueRequired\":true,\"valueName\":\"search_term_string\"}}],\"inLanguage\":\"fr-FR\"},{\"@type\":\"Person\",\"@id\":\"https:\/\/newsvirali.it\/fr\/#\/schema\/person\/4c835f7b49c9adb58b33901ee816565d\",\"name\":\"Cecco Prestina\",\"description\":\"Perch\u00e9 nasconderlo? Cecco Prestina \u00e8 un alias, ma dietro di lui non si cela un algoritmo di intelligenza artificiale. C'\u00e8 un giornalista che ha oltre vent'anni di esperienza tutta sul web. Da quando il primo modem ha iniziato a gracchiare sul territorio italiano con Video on Line, Cecco ha capito che da quel doppino sarebbe passato il futuro. Ha dedidicato tutta la sua carriera a capire Internet e poi i social e ora l'Ai. Una carriera in costante aggiornamento. E questa esperienza la mette in campo ogni giorno. Per\u00f2 ogni tanto Cecco ha voglia anche di non scrivere \\\"pipponi\\\" sulla politica, sull'economia. Ha voglia anche di scrivere qualcosa di divertente. Le notizie che trovate su Bake News sono le stesse che Cecco porta all'aperitivo con gli amici. Quelle di cui discutere per farsi due risate. Notizie, vere (qualche volta si fa fatica a crederlo), strane, divertenti, ma anche serie. Bake News \u00e8 nato per questo, dare al pubblico notizie croccanti e calde come il pane che esce dal forno. E Cecco Prestina \u00e8 nato con Bake News.\",\"url\":\"https:\/\/newsvirali.it\/fr\/autore\/cecco-prestina\/\"}]}<\/script>\n<!-- \/ Yoast SEO Premium plugin. -->","yoast_head_json":{"title":"Brutale vendetta russa, prigioniero ucraino giustiziato con spada medievale","description":"Alcuni soldati russi hanno giustiziato un prigioniero di guerra ucraino con una spada medievale per vendicare l'incursione a Kursk.","robots":{"index":"index","follow":"follow","max-snippet":"max-snippet:-1","max-image-preview":"max-image-preview:large","max-video-preview":"max-video-preview:-1"},"canonical":"https:\/\/newsvirali.it\/fr\/2024\/09\/17\/vengeance-russe-brutale-un-prisonnier-ukrainien-execute-avec-une-epee-medievale\/","og_locale":"fr_FR","og_type":"article","og_title":"Brutale vendetta russa, prigioniero ucraino giustiziato con spada medievale","og_description":"Alcuni soldati russi hanno giustiziato un prigioniero di guerra ucraino con una spada medievale per vendicare l'incursione a Kursk.","og_url":"https:\/\/newsvirali.it\/fr\/2024\/09\/17\/vengeance-russe-brutale-un-prisonnier-ukrainien-execute-avec-une-epee-medievale\/","og_site_name":"News virali","article_published_time":"2024-09-17T11:00:25+00:00","article_modified_time":"2024-10-03T09:16:38+00:00","og_image":[{"width":2160,"height":1440,"url":"https:\/\/newsvirali.it\/wp-content\/uploads\/2024\/09\/Brutale-vendetta-russa-prigioniero-ucraino-giustiziato-con-spada-medievale-1.jpg","type":"image\/jpeg"}],"author":"Cecco Prestina","twitter_card":"summary_large_image","twitter_misc":{"\u00c9crit par":"Cecco Prestina","Dur\u00e9e de lecture estim\u00e9e":"2 minutes"},"schema":{"@context":"https:\/\/schema.org","@graph":[{"@type":"NewsArticle","@id":"https:\/\/newsvirali.it\/2024\/09\/17\/brutale-vendetta-russa-prigioniero-ucraino-giustiziato-con-spada-medievale\/#article","isPartOf":{"@id":"https:\/\/newsvirali.it\/2024\/09\/17\/brutale-vendetta-russa-prigioniero-ucraino-giustiziato-con-spada-medievale\/"},"author":{"name":"Cecco Prestina","@id":"https:\/\/newsvirali.it\/fr\/#\/schema\/person\/4c835f7b49c9adb58b33901ee816565d"},"headline":"Brutale vendetta russa, prigioniero ucraino giustiziato con spada medievale","datePublished":"2024-09-17T11:00:25+00:00","dateModified":"2024-10-03T09:16:38+00:00","mainEntityOfPage":{"@id":"https:\/\/newsvirali.it\/2024\/09\/17\/brutale-vendetta-russa-prigioniero-ucraino-giustiziato-con-spada-medievale\/"},"wordCount":368,"image":{"@id":"https:\/\/newsvirali.it\/2024\/09\/17\/brutale-vendetta-russa-prigioniero-ucraino-giustiziato-con-spada-medievale\/#primaryimage"},"thumbnailUrl":"https:\/\/newsvirali.it\/wp-content\/uploads\/2024\/09\/Brutale-vendetta-russa-prigioniero-ucraino-giustiziato-con-spada-medievale-1.jpg","articleSection":["Mondo"],"inLanguage":"fr-FR","copyrightYear":"2024","copyrightHolder":{"@id":"https:\/\/newsvirali.it\/fr\/#organization"}},{"@type":"WebPage","@id":"https:\/\/newsvirali.it\/2024\/09\/17\/brutale-vendetta-russa-prigioniero-ucraino-giustiziato-con-spada-medievale\/","url":"https:\/\/newsvirali.it\/2024\/09\/17\/brutale-vendetta-russa-prigioniero-ucraino-giustiziato-con-spada-medievale\/","name":"Brutale vendetta russa, prigioniero ucraino giustiziato con spada medievale","isPartOf":{"@id":"https:\/\/newsvirali.it\/fr\/#website"},"primaryImageOfPage":{"@id":"https:\/\/newsvirali.it\/2024\/09\/17\/brutale-vendetta-russa-prigioniero-ucraino-giustiziato-con-spada-medievale\/#primaryimage"},"image":{"@id":"https:\/\/newsvirali.it\/2024\/09\/17\/brutale-vendetta-russa-prigioniero-ucraino-giustiziato-con-spada-medievale\/#primaryimage"},"thumbnailUrl":"https:\/\/newsvirali.it\/wp-content\/uploads\/2024\/09\/Brutale-vendetta-russa-prigioniero-ucraino-giustiziato-con-spada-medievale-1.jpg","datePublished":"2024-09-17T11:00:25+00:00","dateModified":"2024-10-03T09:16:38+00:00","author":{"@id":"https:\/\/newsvirali.it\/fr\/#\/schema\/person\/4c835f7b49c9adb58b33901ee816565d"},"description":"Alcuni soldati russi hanno giustiziato un prigioniero di guerra ucraino con una spada medievale per vendicare l'incursione a Kursk.","breadcrumb":{"@id":"https:\/\/newsvirali.it\/2024\/09\/17\/brutale-vendetta-russa-prigioniero-ucraino-giustiziato-con-spada-medievale\/#breadcrumb"},"inLanguage":"fr-FR","potentialAction":[{"@type":"ReadAction","target":["https:\/\/newsvirali.it\/2024\/09\/17\/brutale-vendetta-russa-prigioniero-ucraino-giustiziato-con-spada-medievale\/"]}]},{"@type":"ImageObject","inLanguage":"fr-FR","@id":"https:\/\/newsvirali.it\/2024\/09\/17\/brutale-vendetta-russa-prigioniero-ucraino-giustiziato-con-spada-medievale\/#primaryimage","url":"https:\/\/newsvirali.it\/wp-content\/uploads\/2024\/09\/Brutale-vendetta-russa-prigioniero-ucraino-giustiziato-con-spada-medievale-1.jpg","contentUrl":"https:\/\/newsvirali.it\/wp-content\/uploads\/2024\/09\/Brutale-vendetta-russa-prigioniero-ucraino-giustiziato-con-spada-medievale-1.jpg","width":2160,"height":1440,"caption":"Brutale vendetta russa, prigioniero ucraino giustiziato con spada medievale"},{"@type":"BreadcrumbList","@id":"https:\/\/newsvirali.it\/2024\/09\/17\/brutale-vendetta-russa-prigioniero-ucraino-giustiziato-con-spada-medievale\/#breadcrumb","itemListElement":[{"@type":"ListItem","position":1,"name":"Home","item":"https:\/\/newsvirali.it\/fr\/"},{"@type":"ListItem","position":2,"name":"Brutale vendetta russa, prigioniero ucraino giustiziato con spada medievale"}]},{"@type":"WebSite","@id":"https:\/\/newsvirali.it\/fr\/#website","url":"https:\/\/newsvirali.it\/fr\/","name":"Bake News","description":"","potentialAction":[{"@type":"SearchAction","target":{"@type":"EntryPoint","urlTemplate":"https:\/\/newsvirali.it\/fr\/?s={search_term_string}"},"query-input":{"@type":"PropertyValueSpecification","valueRequired":true,"valueName":"search_term_string"}}],"inLanguage":"fr-FR"},{"@type":"Person","@id":"https:\/\/newsvirali.it\/fr\/#\/schema\/person\/4c835f7b49c9adb58b33901ee816565d","name":"Cecco Prestina","description":"Perch\u00e9 nasconderlo? Cecco Prestina \u00e8 un alias, ma dietro di lui non si cela un algoritmo di intelligenza artificiale. C'\u00e8 un giornalista che ha oltre vent'anni di esperienza tutta sul web. Da quando il primo modem ha iniziato a gracchiare sul territorio italiano con Video on Line, Cecco ha capito che da quel doppino sarebbe passato il futuro. Ha dedidicato tutta la sua carriera a capire Internet e poi i social e ora l'Ai. Una carriera in costante aggiornamento. E questa esperienza la mette in campo ogni giorno. Per\u00f2 ogni tanto Cecco ha voglia anche di non scrivere \"pipponi\" sulla politica, sull'economia. Ha voglia anche di scrivere qualcosa di divertente. Le notizie che trovate su Bake News sono le stesse che Cecco porta all'aperitivo con gli amici. Quelle di cui discutere per farsi due risate. Notizie, vere (qualche volta si fa fatica a crederlo), strane, divertenti, ma anche serie. Bake News \u00e8 nato per questo, dare al pubblico notizie croccanti e calde come il pane che esce dal forno. E Cecco Prestina \u00e8 nato con Bake News.","url":"https:\/\/newsvirali.it\/fr\/autore\/cecco-prestina\/"}]}},"_links":{"self":[{"href":"https:\/\/newsvirali.it\/fr\/wp-json\/wp\/v2\/posts\/43520","targetHints":{"allow":["GET"]}}],"collection":[{"href":"https:\/\/newsvirali.it\/fr\/wp-json\/wp\/v2\/posts"}],"about":[{"href":"https:\/\/newsvirali.it\/fr\/wp-json\/wp\/v2\/types\/post"}],"author":[{"embeddable":true,"href":"https:\/\/newsvirali.it\/fr\/wp-json\/wp\/v2\/users\/4"}],"replies":[{"embeddable":true,"href":"https:\/\/newsvirali.it\/fr\/wp-json\/wp\/v2\/comments?post=43520"}],"version-history":[{"count":4,"href":"https:\/\/newsvirali.it\/fr\/wp-json\/wp\/v2\/posts\/43520\/revisions"}],"predecessor-version":[{"id":43849,"href":"https:\/\/newsvirali.it\/fr\/wp-json\/wp\/v2\/posts\/43520\/revisions\/43849"}],"wp:featuredmedia":[{"embeddable":true,"href":"https:\/\/newsvirali.it\/fr\/wp-json\/wp\/v2\/media\/43521"}],"wp:attachment":[{"href":"https:\/\/newsvirali.it\/fr\/wp-json\/wp\/v2\/media?parent=43520"}],"wp:term":[{"taxonomy":"category","embeddable":true,"href":"https:\/\/newsvirali.it\/fr\/wp-json\/wp\/v2\/categories?post=43520"},{"taxonomy":"post_tag","embeddable":true,"href":"https:\/\/newsvirali.it\/fr\/wp-json\/wp\/v2\/tags?post=43520"}],"curies":[{"name":"wp","href":"https:\/\/api.w.org\/{rel}","templated":true}]}}