{"id":43401,"date":"2024-09-16T16:44:10","date_gmt":"2024-09-16T14:44:10","guid":{"rendered":"https:\/\/www.bakenews.it\/?p=43401"},"modified":"2024-09-16T16:44:12","modified_gmt":"2024-09-16T14:44:12","slug":"sfida-tra-candidati-finisce-in-rissa-con-sediate-in-testa-limbarazzante-diretta-tv","status":"publish","type":"post","link":"https:\/\/newsvirali.it\/fr\/2024\/09\/16\/le-defi-entre-candidats-se-termine-par-une-bagarre-avec-des-chaises-sur-la-tete-a-la-television-en-direct-embarrassant\/","title":{"rendered":"La contestation entre candidats se termine par une bagarre avec des chaises sur la t\u00eate : l&#039;embarrassante retransmission t\u00e9l\u00e9vis\u00e9e en direct"},"content":{"rendered":"<p>Le d\u00e9bat t\u00e9l\u00e9vis\u00e9 entre deux candidats \u00e0 la mairie au Br\u00e9sil se termine par une bagarre : l&#039;un d&#039;eux est frapp\u00e9 \u00e0 la t\u00eate avec une chaise puis transport\u00e9 d&#039;urgence \u00e0 l&#039;h\u00f4pital. Pablo Marcal a \u00e9t\u00e9 hospitalis\u00e9 avec des c\u00f4tes cass\u00e9es et des difficult\u00e9s respiratoires apr\u00e8s une brutale attaque t\u00e9l\u00e9vis\u00e9e en direct de son adversaire qui l&#039;a frapp\u00e9 avec une chaise en fer. Les images montrent Jos\u00e9 Luiz Datena s&#039;approchant de la victime et lan\u00e7ant \u00e0 bout portant le lourd tabouret sur la t\u00eate de Marcal, bien qu&#039;\u00e0 la derni\u00e8re minute il parvienne \u00e0 lever le bras et \u00e0 d\u00e9vier l\u00e9g\u00e8rement le coup.<\/p>\n\n\n\n<p><strong>LIRE AUSSI<\/strong><\/p>\n\n\n\n<ul class=\"wp-block-list\">\n<li><a href=\"https:\/\/www.bakenews.it\/2024\/09\/14\/rissa-tra-cantante-e-chitarrista-dei-janes-addiction-ecco-il-motivo\/\">Bagarre entre chanteur et guitariste de Jane&#039;s Addiction : voici la raison<\/a><\/li>\n\n\n\n<li><a href=\"https:\/\/www.bakenews.it\/2024\/09\/10\/sposa-lancia-bouquet-e-il-matrimonio-finisce-in-rissa-video-delle-invitate-cosce-allaria\/\">La mari\u00e9e jette le bouquet et le mariage se termine par une bagarre : vid\u00e9o des invit\u00e9s les cuisses en l&#039;air<\/a><\/li>\n\n\n\n<li><a href=\"https:\/\/www.bakenews.it\/2024\/07\/12\/rissa-a-tenerife-turisti-si-lanciano-pietre-tra-donne-e-bimbi-in-lacrime\/\">Bagarre \u00e0 Tenerife, des touristes jettent des pierres entre des femmes et des enfants en pleurs<\/a><\/li>\n<\/ul>\n\n\n\n<p>Les deux hommes sont candidats \u00e0 la mairie de S\u00e3o Paulo. L&#039;influenceur num\u00e9rique d&#039;extr\u00eame droite et coach de vie Marcal avait provoqu\u00e9 la col\u00e8re de Datena en \u00e9voquant des all\u00e9gations de harc\u00e8lement sexuel port\u00e9es contre l&#039;animatrice de t\u00e9l\u00e9vision, qui ont \u00e9t\u00e9 rejet\u00e9es par les procureurs. S&#039;en est suivi un \u00e9change d&#039;insultes qui s&#039;est termin\u00e9 par une agression physique apr\u00e8s que Marcal ait accus\u00e9 son rival politique, qui comme lui n&#039;a jamais exerc\u00e9 de fonctions politiques, d&#039;avoir voulu l&#039;attaquer lors d&#039;un pr\u00e9c\u00e9dent d\u00e9bat t\u00e9l\u00e9vis\u00e9, mais d&#039;avoir renonc\u00e9 parce que &quot;il n&#039;\u00e9tait pas un homme&quot;. assez&quot;.<\/p>\n\n\n\n<figure class=\"wp-block-embed is-type-rich is-provider-twitter wp-block-embed-twitter\"><div class=\"wp-block-embed__wrapper\">\n<blockquote class=\"twitter-tweet\" data-width=\"500\" data-dnt=\"true\"><p lang=\"pt\" dir=\"ltr\">Datena a r\u00e9alis\u00e9 le r\u00eave de tout un pays de faire chuter la t\u00eate de Pablo Mar\u00e7al <a href=\"https:\/\/t.co\/TQjaPZZGbo\">pic.twitter.com\/TQjaPZZGbo<\/a><\/p>\u2013 Math\u00e9us (@odontinho) <a href=\"https:\/\/twitter.com\/odontinho\/status\/1835510737982099901?ref_src=twsrc%5Etfw\">16 septembre 2024<\/a><\/blockquote><script async src=\"https:\/\/platform.twitter.com\/widgets.js\" charset=\"utf-8\"><\/script>\n<\/div><\/figure>\n\n\n\n<p>Le d\u00e9bat, organis\u00e9 par la cha\u00eene de t\u00e9l\u00e9vision sp\u00e9cialis\u00e9e TV Cultura, a \u00e9t\u00e9 suspendu. La course a repris avec les candidats restants apr\u00e8s que Marcal ait \u00e9t\u00e9 transport\u00e9 \u00e0 l&#039;h\u00f4pital et que Datena, animatrice de l&#039;\u00e9mission polici\u00e8re et criminelle Brasil Urgente, ait \u00e9t\u00e9 expuls\u00e9e. L&#039;agresseur a \u00e9t\u00e9 signal\u00e9 \u00e0 la police par un avocat repr\u00e9sentant la victime de l&#039;attaque, m\u00eame si son arrestation n&#039;a pas \u00e9t\u00e9 signal\u00e9e dans l&#039;imm\u00e9diat.<\/p>\n\n\n\n<h2 class=\"wp-block-heading\" id=\"h-rissa-tra-i-candidati-in-diretta-tv-ecco-cosa-l-ha-scatenata\">Bagarre entre candidats en direct \u00e0 la t\u00e9l\u00e9 : voici ce qui l&#039;a d\u00e9clench\u00e9e<\/h2>\n\n\n\n<p>Datena a admis avoir &quot;perdu la t\u00eate&quot; dans des propos tenus \u00e0 la sortie du studio de t\u00e9l\u00e9vision et a li\u00e9 sa r\u00e9action au stress provoqu\u00e9 par la mort de sa belle-m\u00e8re, d\u00e9c\u00e9d\u00e9e des suites d&#039;un accident vasculaire c\u00e9r\u00e9bral suite aux accusations de harc\u00e8lement port\u00e9es contre lui. . Il a d\u00e9clar\u00e9 : \u00ab Je ne choisis pas les moments d&#039;\u00e9motion. Je suis un vrai homme.&quot; Se disant s\u00fbr que la mort de son proche avait \u00e9t\u00e9 caus\u00e9e par les all\u00e9gations de crimes sexuels, il a ajout\u00e9 : \u00ab J&#039;ai senti tout cela revenir en moi et je n&#039;ai pas pu m&#039;en emp\u00eacher.<\/p>\n\n\n\n<p>TV Cultura a d\u00e9clar\u00e9 dans un communiqu\u00e9 : \u00ab Nous exprimons nos regrets pour l&#039;\u00e9pisode survenu dimanche lors du d\u00e9bat avec les candidats de la municipalit\u00e9 de S\u00e3o Paulo, auquel ont particip\u00e9 les candidats Jos\u00e9 Luiz Datena et Pablo Marcal. La cha\u00eene r\u00e9it\u00e8re qu&#039;\u00e0 la suite de l&#039;attaque, toutes les mesures n\u00e9cessaires ont \u00e9t\u00e9 prises, conform\u00e9ment aux r\u00e8gles pr\u00e9alablement \u00e9tablies par \u00e9crit entre TC Cultura et les campagnes de tous les candidats pr\u00e9sents, y compris l&#039;expulsion du candidat Jos\u00e9 Luiz Datena. Le d\u00e9bat s&#039;est poursuivi apr\u00e8s concertation et accord avec les autres candidats.&quot;<\/p>\n\n\n\n<p><strong>ARTICLES LES PLUS LUS<\/strong><\/p>\n\n\n<p>[koko_analytics_most_viewed_posts number=5 days=8 post_type=\u201dpost\u201d show_date=\u201dfalse\u201d]<\/p>\n\n\n\n<p>Un communiqu\u00e9 publi\u00e9 ce soir par les conseillers de Pablo Marcal dit : \u00ab Pablo Marcal a \u00e9t\u00e9 l\u00e2chement attaqu\u00e9 par Jos\u00e9 Luiz Datena, qui l&#039;a frapp\u00e9 aux c\u00f4tes avec une chaise en fer. Malheureusement Marcal a d\u00fb quitter le d\u00e9bat dans une ambulance pour recevoir des soins m\u00e9dicaux d&#039;urgence. Il est dommage que le d\u00e9bat se soit poursuivi sans la pr\u00e9sence du candidat attaqu\u00e9. Nous esp\u00e9rons que les mesures juridiques appropri\u00e9es seront adopt\u00e9es et nous comptons sur les pri\u00e8res des citoyens. \u00bb<\/p>\n<br \/>Suivez-nous \u00e9galement sur Google News : <b><a href=\"https:\/\/news.google.com\/publications\/CAAqBwgKMNqJiwswjMfqAg?hl=it&gl=IT&ceid=IT:it\" target=\"_blank\">Cliquez ici<\/a><\/b>","protected":false},"excerpt":{"rendered":"<p>Le d\u00e9bat t\u00e9l\u00e9vis\u00e9 entre deux candidats \u00e0 la mairie au Br\u00e9sil se termine par une bagarre : l&#039;un des deux est frapp\u00e9 avec une chaise dans [\u2026]<\/p>","protected":false},"author":4,"featured_media":43402,"comment_status":"closed","ping_status":"open","sticky":false,"template":"","format":"standard","meta":{"MSN_Categories":"Uncategorized","MSN_Publish_Option":false,"MSN_Is_Local_News":false,"MSN_Is_AIAC_Included":"Empty","MSN_Location":"[]","MSN_Add_Feature_Img_On_Top_Of_Post":false,"MSN_Has_Custom_Author":false,"MSN_Custom_Author":"","MSN_Has_Custom_Canonical_Url":false,"MSN_Custom_Canonical_Url":"","footnotes":""},"categories":[9],"tags":[],"class_list":["post-43401","post","type-post","status-publish","format-standard","has-post-thumbnail","hentry","category-mondo"],"acf":[],"yoast_head":"<!-- This site is optimized with the Yoast SEO Premium plugin v26.7 (Yoast SEO v26.7) - https:\/\/yoast.com\/wordpress\/plugins\/seo\/ -->\n<title>Sfida tra candidati finisce in rissa con sediate in testa: l&#039;imbarazzante diretta tv<\/title>\n<meta name=\"description\" content=\"Finisce in rissa il dibattito tv tra due candidati sindaco: uno viene preso a sediate in testa per poi essere trasportato in ospedale.\" \/>\n<meta name=\"robots\" content=\"index, follow, max-snippet:-1, max-image-preview:large, max-video-preview:-1\" \/>\n<link rel=\"canonical\" href=\"https:\/\/newsvirali.it\/fr\/2024\/09\/16\/le-defi-entre-candidats-se-termine-par-une-bagarre-avec-des-chaises-sur-la-tete-a-la-television-en-direct-embarrassant\/\" \/>\n<meta property=\"og:locale\" content=\"fr_FR\" \/>\n<meta property=\"og:type\" content=\"article\" \/>\n<meta property=\"og:title\" content=\"Sfida tra candidati finisce in rissa con sediate in testa: l&#039;imbarazzante diretta tv\" \/>\n<meta property=\"og:description\" content=\"Finisce in rissa il dibattito tv tra due candidati sindaco: uno viene preso a sediate in testa per poi essere trasportato in ospedale.\" \/>\n<meta property=\"og:url\" content=\"https:\/\/newsvirali.it\/fr\/2024\/09\/16\/le-defi-entre-candidats-se-termine-par-une-bagarre-avec-des-chaises-sur-la-tete-a-la-television-en-direct-embarrassant\/\" \/>\n<meta property=\"og:site_name\" content=\"News virali\" \/>\n<meta property=\"article:published_time\" content=\"2024-09-16T14:44:10+00:00\" \/>\n<meta property=\"article:modified_time\" content=\"2024-09-16T14:44:12+00:00\" \/>\n<meta property=\"og:image\" content=\"https:\/\/newsvirali.it\/wp-content\/uploads\/2024\/09\/Sfida-tra-candidati-finisce-a-sediate-in-testa-0.jpg\" \/>\n\t<meta property=\"og:image:width\" content=\"600\" \/>\n\t<meta property=\"og:image:height\" content=\"400\" \/>\n\t<meta property=\"og:image:type\" content=\"image\/jpeg\" \/>\n<meta name=\"author\" content=\"Cecco Prestina\" \/>\n<meta name=\"twitter:card\" content=\"summary_large_image\" \/>\n<meta name=\"twitter:label1\" content=\"\u00c9crit par\" \/>\n\t<meta name=\"twitter:data1\" content=\"Cecco Prestina\" \/>\n\t<meta name=\"twitter:label2\" content=\"Dur\u00e9e de lecture estim\u00e9e\" \/>\n\t<meta name=\"twitter:data2\" content=\"3 minutes\" \/>\n<script type=\"application\/ld+json\" class=\"yoast-schema-graph\">{\"@context\":\"https:\/\/schema.org\",\"@graph\":[{\"@type\":\"NewsArticle\",\"@id\":\"https:\/\/newsvirali.it\/2024\/09\/16\/sfida-tra-candidati-finisce-in-rissa-con-sediate-in-testa-limbarazzante-diretta-tv\/#article\",\"isPartOf\":{\"@id\":\"https:\/\/newsvirali.it\/2024\/09\/16\/sfida-tra-candidati-finisce-in-rissa-con-sediate-in-testa-limbarazzante-diretta-tv\/\"},\"author\":{\"name\":\"Cecco Prestina\",\"@id\":\"https:\/\/newsvirali.it\/fr\/#\/schema\/person\/4c835f7b49c9adb58b33901ee816565d\"},\"headline\":\"Sfida tra candidati finisce in rissa con sediate in testa: l&#8217;imbarazzante diretta tv\",\"datePublished\":\"2024-09-16T14:44:10+00:00\",\"dateModified\":\"2024-09-16T14:44:12+00:00\",\"mainEntityOfPage\":{\"@id\":\"https:\/\/newsvirali.it\/2024\/09\/16\/sfida-tra-candidati-finisce-in-rissa-con-sediate-in-testa-limbarazzante-diretta-tv\/\"},\"wordCount\":578,\"image\":{\"@id\":\"https:\/\/newsvirali.it\/2024\/09\/16\/sfida-tra-candidati-finisce-in-rissa-con-sediate-in-testa-limbarazzante-diretta-tv\/#primaryimage\"},\"thumbnailUrl\":\"https:\/\/newsvirali.it\/wp-content\/uploads\/2024\/09\/Sfida-tra-candidati-finisce-a-sediate-in-testa-0.jpg\",\"articleSection\":[\"Mondo\"],\"inLanguage\":\"fr-FR\",\"copyrightYear\":\"2024\",\"copyrightHolder\":{\"@id\":\"https:\/\/newsvirali.it\/fr\/#organization\"}},{\"@type\":\"WebPage\",\"@id\":\"https:\/\/newsvirali.it\/2024\/09\/16\/sfida-tra-candidati-finisce-in-rissa-con-sediate-in-testa-limbarazzante-diretta-tv\/\",\"url\":\"https:\/\/newsvirali.it\/2024\/09\/16\/sfida-tra-candidati-finisce-in-rissa-con-sediate-in-testa-limbarazzante-diretta-tv\/\",\"name\":\"Sfida tra candidati finisce in rissa con sediate in testa: l'imbarazzante diretta tv\",\"isPartOf\":{\"@id\":\"https:\/\/newsvirali.it\/fr\/#website\"},\"primaryImageOfPage\":{\"@id\":\"https:\/\/newsvirali.it\/2024\/09\/16\/sfida-tra-candidati-finisce-in-rissa-con-sediate-in-testa-limbarazzante-diretta-tv\/#primaryimage\"},\"image\":{\"@id\":\"https:\/\/newsvirali.it\/2024\/09\/16\/sfida-tra-candidati-finisce-in-rissa-con-sediate-in-testa-limbarazzante-diretta-tv\/#primaryimage\"},\"thumbnailUrl\":\"https:\/\/newsvirali.it\/wp-content\/uploads\/2024\/09\/Sfida-tra-candidati-finisce-a-sediate-in-testa-0.jpg\",\"datePublished\":\"2024-09-16T14:44:10+00:00\",\"dateModified\":\"2024-09-16T14:44:12+00:00\",\"author\":{\"@id\":\"https:\/\/newsvirali.it\/fr\/#\/schema\/person\/4c835f7b49c9adb58b33901ee816565d\"},\"description\":\"Finisce in rissa il dibattito tv tra due candidati sindaco: uno viene preso a sediate in testa per poi essere trasportato in ospedale.\",\"breadcrumb\":{\"@id\":\"https:\/\/newsvirali.it\/2024\/09\/16\/sfida-tra-candidati-finisce-in-rissa-con-sediate-in-testa-limbarazzante-diretta-tv\/#breadcrumb\"},\"inLanguage\":\"fr-FR\",\"potentialAction\":[{\"@type\":\"ReadAction\",\"target\":[\"https:\/\/newsvirali.it\/2024\/09\/16\/sfida-tra-candidati-finisce-in-rissa-con-sediate-in-testa-limbarazzante-diretta-tv\/\"]}]},{\"@type\":\"ImageObject\",\"inLanguage\":\"fr-FR\",\"@id\":\"https:\/\/newsvirali.it\/2024\/09\/16\/sfida-tra-candidati-finisce-in-rissa-con-sediate-in-testa-limbarazzante-diretta-tv\/#primaryimage\",\"url\":\"https:\/\/newsvirali.it\/wp-content\/uploads\/2024\/09\/Sfida-tra-candidati-finisce-a-sediate-in-testa-0.jpg\",\"contentUrl\":\"https:\/\/newsvirali.it\/wp-content\/uploads\/2024\/09\/Sfida-tra-candidati-finisce-a-sediate-in-testa-0.jpg\",\"width\":600,\"height\":400,\"caption\":\"Sfida tra candidati finisce a sediate in testa\"},{\"@type\":\"BreadcrumbList\",\"@id\":\"https:\/\/newsvirali.it\/2024\/09\/16\/sfida-tra-candidati-finisce-in-rissa-con-sediate-in-testa-limbarazzante-diretta-tv\/#breadcrumb\",\"itemListElement\":[{\"@type\":\"ListItem\",\"position\":1,\"name\":\"Home\",\"item\":\"https:\/\/newsvirali.it\/fr\/\"},{\"@type\":\"ListItem\",\"position\":2,\"name\":\"Sfida tra candidati finisce in rissa con sediate in testa: l&#8217;imbarazzante diretta tv\"}]},{\"@type\":\"WebSite\",\"@id\":\"https:\/\/newsvirali.it\/fr\/#website\",\"url\":\"https:\/\/newsvirali.it\/fr\/\",\"name\":\"Bake News\",\"description\":\"\",\"potentialAction\":[{\"@type\":\"SearchAction\",\"target\":{\"@type\":\"EntryPoint\",\"urlTemplate\":\"https:\/\/newsvirali.it\/fr\/?s={search_term_string}\"},\"query-input\":{\"@type\":\"PropertyValueSpecification\",\"valueRequired\":true,\"valueName\":\"search_term_string\"}}],\"inLanguage\":\"fr-FR\"},{\"@type\":\"Person\",\"@id\":\"https:\/\/newsvirali.it\/fr\/#\/schema\/person\/4c835f7b49c9adb58b33901ee816565d\",\"name\":\"Cecco Prestina\",\"description\":\"Perch\u00e9 nasconderlo? Cecco Prestina \u00e8 un alias, ma dietro di lui non si cela un algoritmo di intelligenza artificiale. C'\u00e8 un giornalista che ha oltre vent'anni di esperienza tutta sul web. Da quando il primo modem ha iniziato a gracchiare sul territorio italiano con Video on Line, Cecco ha capito che da quel doppino sarebbe passato il futuro. Ha dedidicato tutta la sua carriera a capire Internet e poi i social e ora l'Ai. Una carriera in costante aggiornamento. E questa esperienza la mette in campo ogni giorno. Per\u00f2 ogni tanto Cecco ha voglia anche di non scrivere \\\"pipponi\\\" sulla politica, sull'economia. Ha voglia anche di scrivere qualcosa di divertente. Le notizie che trovate su Bake News sono le stesse che Cecco porta all'aperitivo con gli amici. Quelle di cui discutere per farsi due risate. Notizie, vere (qualche volta si fa fatica a crederlo), strane, divertenti, ma anche serie. Bake News \u00e8 nato per questo, dare al pubblico notizie croccanti e calde come il pane che esce dal forno. E Cecco Prestina \u00e8 nato con Bake News.\",\"url\":\"https:\/\/newsvirali.it\/fr\/autore\/cecco-prestina\/\"}]}<\/script>\n<!-- \/ Yoast SEO Premium plugin. -->","yoast_head_json":{"title":"Sfida tra candidati finisce in rissa con sediate in testa: l'imbarazzante diretta tv","description":"Finisce in rissa il dibattito tv tra due candidati sindaco: uno viene preso a sediate in testa per poi essere trasportato in ospedale.","robots":{"index":"index","follow":"follow","max-snippet":"max-snippet:-1","max-image-preview":"max-image-preview:large","max-video-preview":"max-video-preview:-1"},"canonical":"https:\/\/newsvirali.it\/fr\/2024\/09\/16\/le-defi-entre-candidats-se-termine-par-une-bagarre-avec-des-chaises-sur-la-tete-a-la-television-en-direct-embarrassant\/","og_locale":"fr_FR","og_type":"article","og_title":"Sfida tra candidati finisce in rissa con sediate in testa: l'imbarazzante diretta tv","og_description":"Finisce in rissa il dibattito tv tra due candidati sindaco: uno viene preso a sediate in testa per poi essere trasportato in ospedale.","og_url":"https:\/\/newsvirali.it\/fr\/2024\/09\/16\/le-defi-entre-candidats-se-termine-par-une-bagarre-avec-des-chaises-sur-la-tete-a-la-television-en-direct-embarrassant\/","og_site_name":"News virali","article_published_time":"2024-09-16T14:44:10+00:00","article_modified_time":"2024-09-16T14:44:12+00:00","og_image":[{"width":600,"height":400,"url":"https:\/\/newsvirali.it\/wp-content\/uploads\/2024\/09\/Sfida-tra-candidati-finisce-a-sediate-in-testa-0.jpg","type":"image\/jpeg"}],"author":"Cecco Prestina","twitter_card":"summary_large_image","twitter_misc":{"\u00c9crit par":"Cecco Prestina","Dur\u00e9e de lecture estim\u00e9e":"3 minutes"},"schema":{"@context":"https:\/\/schema.org","@graph":[{"@type":"NewsArticle","@id":"https:\/\/newsvirali.it\/2024\/09\/16\/sfida-tra-candidati-finisce-in-rissa-con-sediate-in-testa-limbarazzante-diretta-tv\/#article","isPartOf":{"@id":"https:\/\/newsvirali.it\/2024\/09\/16\/sfida-tra-candidati-finisce-in-rissa-con-sediate-in-testa-limbarazzante-diretta-tv\/"},"author":{"name":"Cecco Prestina","@id":"https:\/\/newsvirali.it\/fr\/#\/schema\/person\/4c835f7b49c9adb58b33901ee816565d"},"headline":"Sfida tra candidati finisce in rissa con sediate in testa: l&#8217;imbarazzante diretta tv","datePublished":"2024-09-16T14:44:10+00:00","dateModified":"2024-09-16T14:44:12+00:00","mainEntityOfPage":{"@id":"https:\/\/newsvirali.it\/2024\/09\/16\/sfida-tra-candidati-finisce-in-rissa-con-sediate-in-testa-limbarazzante-diretta-tv\/"},"wordCount":578,"image":{"@id":"https:\/\/newsvirali.it\/2024\/09\/16\/sfida-tra-candidati-finisce-in-rissa-con-sediate-in-testa-limbarazzante-diretta-tv\/#primaryimage"},"thumbnailUrl":"https:\/\/newsvirali.it\/wp-content\/uploads\/2024\/09\/Sfida-tra-candidati-finisce-a-sediate-in-testa-0.jpg","articleSection":["Mondo"],"inLanguage":"fr-FR","copyrightYear":"2024","copyrightHolder":{"@id":"https:\/\/newsvirali.it\/fr\/#organization"}},{"@type":"WebPage","@id":"https:\/\/newsvirali.it\/2024\/09\/16\/sfida-tra-candidati-finisce-in-rissa-con-sediate-in-testa-limbarazzante-diretta-tv\/","url":"https:\/\/newsvirali.it\/2024\/09\/16\/sfida-tra-candidati-finisce-in-rissa-con-sediate-in-testa-limbarazzante-diretta-tv\/","name":"Sfida tra candidati finisce in rissa con sediate in testa: l'imbarazzante diretta tv","isPartOf":{"@id":"https:\/\/newsvirali.it\/fr\/#website"},"primaryImageOfPage":{"@id":"https:\/\/newsvirali.it\/2024\/09\/16\/sfida-tra-candidati-finisce-in-rissa-con-sediate-in-testa-limbarazzante-diretta-tv\/#primaryimage"},"image":{"@id":"https:\/\/newsvirali.it\/2024\/09\/16\/sfida-tra-candidati-finisce-in-rissa-con-sediate-in-testa-limbarazzante-diretta-tv\/#primaryimage"},"thumbnailUrl":"https:\/\/newsvirali.it\/wp-content\/uploads\/2024\/09\/Sfida-tra-candidati-finisce-a-sediate-in-testa-0.jpg","datePublished":"2024-09-16T14:44:10+00:00","dateModified":"2024-09-16T14:44:12+00:00","author":{"@id":"https:\/\/newsvirali.it\/fr\/#\/schema\/person\/4c835f7b49c9adb58b33901ee816565d"},"description":"Finisce in rissa il dibattito tv tra due candidati sindaco: uno viene preso a sediate in testa per poi essere trasportato in ospedale.","breadcrumb":{"@id":"https:\/\/newsvirali.it\/2024\/09\/16\/sfida-tra-candidati-finisce-in-rissa-con-sediate-in-testa-limbarazzante-diretta-tv\/#breadcrumb"},"inLanguage":"fr-FR","potentialAction":[{"@type":"ReadAction","target":["https:\/\/newsvirali.it\/2024\/09\/16\/sfida-tra-candidati-finisce-in-rissa-con-sediate-in-testa-limbarazzante-diretta-tv\/"]}]},{"@type":"ImageObject","inLanguage":"fr-FR","@id":"https:\/\/newsvirali.it\/2024\/09\/16\/sfida-tra-candidati-finisce-in-rissa-con-sediate-in-testa-limbarazzante-diretta-tv\/#primaryimage","url":"https:\/\/newsvirali.it\/wp-content\/uploads\/2024\/09\/Sfida-tra-candidati-finisce-a-sediate-in-testa-0.jpg","contentUrl":"https:\/\/newsvirali.it\/wp-content\/uploads\/2024\/09\/Sfida-tra-candidati-finisce-a-sediate-in-testa-0.jpg","width":600,"height":400,"caption":"Sfida tra candidati finisce a sediate in testa"},{"@type":"BreadcrumbList","@id":"https:\/\/newsvirali.it\/2024\/09\/16\/sfida-tra-candidati-finisce-in-rissa-con-sediate-in-testa-limbarazzante-diretta-tv\/#breadcrumb","itemListElement":[{"@type":"ListItem","position":1,"name":"Home","item":"https:\/\/newsvirali.it\/fr\/"},{"@type":"ListItem","position":2,"name":"Sfida tra candidati finisce in rissa con sediate in testa: l&#8217;imbarazzante diretta tv"}]},{"@type":"WebSite","@id":"https:\/\/newsvirali.it\/fr\/#website","url":"https:\/\/newsvirali.it\/fr\/","name":"Bake News","description":"","potentialAction":[{"@type":"SearchAction","target":{"@type":"EntryPoint","urlTemplate":"https:\/\/newsvirali.it\/fr\/?s={search_term_string}"},"query-input":{"@type":"PropertyValueSpecification","valueRequired":true,"valueName":"search_term_string"}}],"inLanguage":"fr-FR"},{"@type":"Person","@id":"https:\/\/newsvirali.it\/fr\/#\/schema\/person\/4c835f7b49c9adb58b33901ee816565d","name":"Cecco Prestina","description":"Perch\u00e9 nasconderlo? Cecco Prestina \u00e8 un alias, ma dietro di lui non si cela un algoritmo di intelligenza artificiale. C'\u00e8 un giornalista che ha oltre vent'anni di esperienza tutta sul web. Da quando il primo modem ha iniziato a gracchiare sul territorio italiano con Video on Line, Cecco ha capito che da quel doppino sarebbe passato il futuro. Ha dedidicato tutta la sua carriera a capire Internet e poi i social e ora l'Ai. Una carriera in costante aggiornamento. E questa esperienza la mette in campo ogni giorno. Per\u00f2 ogni tanto Cecco ha voglia anche di non scrivere \"pipponi\" sulla politica, sull'economia. Ha voglia anche di scrivere qualcosa di divertente. Le notizie che trovate su Bake News sono le stesse che Cecco porta all'aperitivo con gli amici. Quelle di cui discutere per farsi due risate. Notizie, vere (qualche volta si fa fatica a crederlo), strane, divertenti, ma anche serie. Bake News \u00e8 nato per questo, dare al pubblico notizie croccanti e calde come il pane che esce dal forno. E Cecco Prestina \u00e8 nato con Bake News.","url":"https:\/\/newsvirali.it\/fr\/autore\/cecco-prestina\/"}]}},"_links":{"self":[{"href":"https:\/\/newsvirali.it\/fr\/wp-json\/wp\/v2\/posts\/43401","targetHints":{"allow":["GET"]}}],"collection":[{"href":"https:\/\/newsvirali.it\/fr\/wp-json\/wp\/v2\/posts"}],"about":[{"href":"https:\/\/newsvirali.it\/fr\/wp-json\/wp\/v2\/types\/post"}],"author":[{"embeddable":true,"href":"https:\/\/newsvirali.it\/fr\/wp-json\/wp\/v2\/users\/4"}],"replies":[{"embeddable":true,"href":"https:\/\/newsvirali.it\/fr\/wp-json\/wp\/v2\/comments?post=43401"}],"version-history":[{"count":3,"href":"https:\/\/newsvirali.it\/fr\/wp-json\/wp\/v2\/posts\/43401\/revisions"}],"predecessor-version":[{"id":43437,"href":"https:\/\/newsvirali.it\/fr\/wp-json\/wp\/v2\/posts\/43401\/revisions\/43437"}],"wp:featuredmedia":[{"embeddable":true,"href":"https:\/\/newsvirali.it\/fr\/wp-json\/wp\/v2\/media\/43402"}],"wp:attachment":[{"href":"https:\/\/newsvirali.it\/fr\/wp-json\/wp\/v2\/media?parent=43401"}],"wp:term":[{"taxonomy":"category","embeddable":true,"href":"https:\/\/newsvirali.it\/fr\/wp-json\/wp\/v2\/categories?post=43401"},{"taxonomy":"post_tag","embeddable":true,"href":"https:\/\/newsvirali.it\/fr\/wp-json\/wp\/v2\/tags?post=43401"}],"curies":[{"name":"wp","href":"https:\/\/api.w.org\/{rel}","templated":true}]}}