{"id":42733,"date":"2024-09-13T13:29:51","date_gmt":"2024-09-13T11:29:51","guid":{"rendered":"https:\/\/www.bakenews.it\/?p=42733"},"modified":"2024-09-13T13:29:52","modified_gmt":"2024-09-13T11:29:52","slug":"rubata-la-ragazza-col-palloncino-di-banksy-il-furto-ripreso-dalle-telecamere","status":"publish","type":"post","link":"https:\/\/newsvirali.it\/fr\/2024\/09\/13\/la-fille-de-banksy-avec-le-ballon-vole-le-vol-filme\/","title":{"rendered":"La &quot;fille au ballon&quot; de Banksy vol\u00e9e : le vol film\u00e9"},"content":{"rendered":"<p>La &quot;fille au ballon&quot;, l&#039;\u0153uvre la plus embl\u00e9matique de Banksy, a \u00e9t\u00e9 vol\u00e9e dans une galerie d&#039;art \u00e0 Londres et le vol a \u00e9t\u00e9 film\u00e9 par des cam\u00e9ras de s\u00e9curit\u00e9. Deux hommes ont \u00e9t\u00e9 accus\u00e9s de cambriolage. Les images d\u2019une cam\u00e9ra de surveillance montrent un homme p\u00e9n\u00e9trant de force dans la galerie avant de s\u2019enfuir avec le tableau quelques secondes plus tard.<\/p>\n\n\n\n<p><strong>LIRE AUSSI<\/strong><\/p>\n\n\n\n<ul class=\"wp-block-list\">\n<li><a href=\"https:\/\/www.bakenews.it\/2024\/08\/25\/polizia-prova-a-fermare-ladro-dauto-a-manganellate-lui-fugge-distruggendo-tutto\/\">La police tente d&#039;arr\u00eater un voleur de voiture \u00e0 coups de matraque : il s&#039;\u00e9chappe et d\u00e9truit tout<\/a><\/li>\n\n\n\n<li><a href=\"https:\/\/www.bakenews.it\/2024\/08\/13\/tenta-rapina-ma-il-karma-lo-punisce-sparatoria-ripresa-in-video-shock\/\">Il tente un vol mais le karma le punit : une fusillade film\u00e9e dans une vid\u00e9o choquante<\/a><\/li>\n\n\n\n<li><a href=\"https:\/\/www.bakenews.it\/2024\/07\/21\/ragazzino-ruba-cellulare-ad-anziano-ma-viene-travolto-da-bus-muore-in-diretta-tv\/\">Un gar\u00e7on vole le t\u00e9l\u00e9phone portable d&#039;un homme \u00e2g\u00e9 mais est heurt\u00e9 par un bus : il meurt en direct \u00e0 la t\u00e9l\u00e9vision<\/a><\/li>\n<\/ul>\n\n\n\n<h2 class=\"wp-block-heading\" id=\"h-due-persone-accusate-del-furto\">Deux personnes accus\u00e9es du vol<\/h2>\n\n\n\n<p>L&#039;\u0153uvre, intitul\u00e9e \u00ab Girl With Balloon \u00bb, est l&#039;une des \u0153uvres les plus embl\u00e9matiques de Banksy et repr\u00e9sente une petite fille tendant la main vers un ballon rouge en forme de c\u0153ur. Une version d\u00e9chiquet\u00e9e du tableau s&#039;est vendue 25 millions de dollars en octobre 2021. Cependant, une s\u00e9rigraphie non sign\u00e9e vaudrait au moins 90 000 euros, selon MyArtBroker.<\/p>\n\n\n\n<p><a href=\"https:\/\/www.facebook.com\/reel\/1900774927085741\">CLIQUEZ ICI POUR VOIR LA VID\u00c9O<\/a><\/p>\n\n\n\n<p>Larry Fraser, 47 ans, de Beckton, dans l&#039;est de Londres, et James Love, 53 ans, de North Stifford, dans l&#039;Essex, ont \u00e9t\u00e9 inculp\u00e9s apr\u00e8s le vol de l&#039;\u0153uvre \u00e0 la Grove Gallery vers 23 heures le 8 septembre. Les accusations sont le r\u00e9sultat d&#039;une enqu\u00eate men\u00e9e par des d\u00e9tectives de la Metropolitan Police Flying Squad \u00e0 la suite du cambriolage du tunnel de New Cavendish Street, \u00e0 Westminster.<\/p>\n\n\n\n<h2 class=\"wp-block-heading\" id=\"h-l-opera-e-stata-ritrovata-dalla-polizia\">L&#039;\u0153uvre a \u00e9t\u00e9 retrouv\u00e9e par la police<\/h2>\n\n\n\n<p>L&#039;\u0153uvre d&#039;art a ensuite \u00e9t\u00e9 r\u00e9cup\u00e9r\u00e9e et sera restitu\u00e9e \u00e0 la galerie, a indiqu\u00e9 la police m\u00e9tropolitaine dans un communiqu\u00e9. Fraser et Love ont \u00e9t\u00e9 accus\u00e9s de cambriolage non r\u00e9sidentiel mardi en lien avec l&#039;incident et ont \u00e9t\u00e9 plac\u00e9s en d\u00e9tention provisoire. Le lendemain, ils ont comparu devant la Crown Court de Wimbledon, o\u00f9 ils ont \u00e9t\u00e9 lib\u00e9r\u00e9s sous caution. Ils doivent compara\u00eetre devant la Crown Court de Kingston le 9 octobre.<\/p>\n\n\n\n<p><strong>LIRE LES AUTRES NOUVELLES DU MONDE<\/strong><\/p>\n\n\n<ul class=\"wp-block-latest-posts__list wp-block-latest-posts\"><li><a class=\"wp-block-latest-posts__post-title\" href=\"https:\/\/newsvirali.it\/fr\/2026\/02\/12\/emma-amit-crabe-du-diable-mort\/\">La vlogueuse Emma Amit d\u00e9c\u00e8de apr\u00e8s avoir consomm\u00e9 du crabe du diable toxique<\/a><\/li>\n<li><a class=\"wp-block-latest-posts__post-title\" href=\"https:\/\/newsvirali.it\/fr\/2026\/02\/05\/suicide-des-trois-soeurs-en-inde\/\">Des parents confisquent les t\u00e9l\u00e9phones portables de trois s\u0153urs qui jouent excessivement aux jeux vid\u00e9o\u00a0: trois s\u0153urs se suicident<\/a><\/li>\n<li><a class=\"wp-block-latest-posts__post-title\" href=\"https:\/\/newsvirali.it\/fr\/2026\/01\/30\/arrestation-dans-un-complexe-hotelier-de-floride-pour-actes-obscenes\/\">Un h\u00f4tel de Floride fait sensation : un homme arr\u00eat\u00e9 pour exhibitionnisme avec un aspirateur<\/a><\/li>\n<li><a class=\"wp-block-latest-posts__post-title\" href=\"https:\/\/newsvirali.it\/fr\/2026\/01\/28\/un-pere-ivre-pend-son-fils-dans-une-video-choquante\/\">Un p\u00e8re ivre pend son fils par la fen\u00eatre : vid\u00e9o choquante<\/a><\/li>\n<li><a class=\"wp-block-latest-posts__post-title\" href=\"https:\/\/newsvirali.it\/fr\/2026\/01\/27\/une-enseignante-enceinte-et-un-eleve-de-13-ans\/\">Une enseignante admet \u00eatre tomb\u00e9e enceinte d&#039;un \u00e9l\u00e8ve de 13 ans<\/a><\/li>\n<\/ul>\n\n\n<p>De nombreuses \u0153uvres de Banksy, connues pour leur style subversif et leurs commentaires sociaux, ont fait l&#039;objet de vols dans le pass\u00e9. Le mois dernier, moins d&#039;une heure apr\u00e8s sa pr\u00e9sentation, une nouvelle \u0153uvre de l&#039;artiste a \u00e9t\u00e9 cr\u00e9\u00e9e. Le pochoir d&#039;un loup hurlant sur une antenne parabolique \u00e0 Rye Lane, \u00e0 Peckham, a \u00e9t\u00e9 pris par Masked Me peu de temps apr\u00e8s que Banksy ait confirm\u00e9 sur son Instagram officiel que l&#039;\u0153uvre \u00e9tait la sienne. En d\u00e9cembre, une autre \u0153uvre de Banksy \u00e0 Peckham a \u00e9t\u00e9 vol\u00e9e peu apr\u00e8s son d\u00e9voilement. L&#039;installation, compos\u00e9e de trois avions ressemblant \u00e0 des drones militaires au-dessus d&#039;un panneau stop, a \u00e9t\u00e9 d\u00e9mont\u00e9e par un homme arm\u00e9 de coupe-boulons.<\/p>\n<br \/>Suivez-nous \u00e9galement sur Google News : <b><a href=\"https:\/\/news.google.com\/publications\/CAAqBwgKMNqJiwswjMfqAg?hl=it&gl=IT&ceid=IT:it\" target=\"_blank\">Cliquez ici<\/a><\/b>","protected":false},"excerpt":{"rendered":"<p>La &quot;fille au ballon&quot;, l&#039;\u0153uvre la plus embl\u00e9matique de Banksy, a \u00e9t\u00e9 vol\u00e9e dans une galerie d&#039;art \u00e0 Londres et [\u2026]<\/p>","protected":false},"author":4,"featured_media":42735,"comment_status":"closed","ping_status":"open","sticky":false,"template":"","format":"standard","meta":{"MSN_Categories":"Uncategorized","MSN_Publish_Option":false,"MSN_Is_Local_News":false,"MSN_Is_AIAC_Included":"Empty","MSN_Location":"[]","MSN_Add_Feature_Img_On_Top_Of_Post":false,"MSN_Has_Custom_Author":false,"MSN_Custom_Author":"","MSN_Has_Custom_Canonical_Url":false,"MSN_Custom_Canonical_Url":"","footnotes":""},"categories":[9],"tags":[],"class_list":["post-42733","post","type-post","status-publish","format-standard","has-post-thumbnail","hentry","category-mondo"],"acf":[],"yoast_head":"<!-- This site is optimized with the Yoast SEO Premium plugin v26.7 (Yoast SEO v26.7) - https:\/\/yoast.com\/wordpress\/plugins\/seo\/ -->\n<title>Rubata la &quot;ragazza col palloncino&quot; di Banksy: il furto ripreso dalle telecamere<\/title>\n<meta name=\"robots\" content=\"index, follow, max-snippet:-1, max-image-preview:large, max-video-preview:-1\" \/>\n<link rel=\"canonical\" href=\"https:\/\/newsvirali.it\/fr\/2024\/09\/13\/banksys-madchen-mit-dem-ballon-gestohlen-der-diebstahl-mit-der-kamera-festgehalten\/\" \/>\n<meta property=\"og:locale\" content=\"fr_FR\" \/>\n<meta property=\"og:type\" content=\"article\" \/>\n<meta property=\"og:title\" content=\"Rubata la &quot;ragazza col palloncino&quot; di Banksy: il furto ripreso dalle telecamere\" \/>\n<meta property=\"og:description\" content=\"La &#8220;ragazza col palloncino&#8221;, l&#8217;opera pi\u00f9 iconica di Banksy, \u00e8 stata rubata da una galleria d&#8217;arte di Londra e il [&hellip;]\" \/>\n<meta property=\"og:url\" content=\"https:\/\/newsvirali.it\/fr\/2024\/09\/13\/banksys-madchen-mit-dem-ballon-gestohlen-der-diebstahl-mit-der-kamera-festgehalten\/\" \/>\n<meta property=\"og:site_name\" content=\"News virali\" \/>\n<meta property=\"article:published_time\" content=\"2024-09-13T11:29:51+00:00\" \/>\n<meta property=\"article:modified_time\" content=\"2024-09-13T11:29:52+00:00\" \/>\n<meta property=\"og:image\" content=\"https:\/\/newsvirali.it\/wp-content\/uploads\/2024\/09\/Rubata-la-ragazza-col-palloncino-di-Banksy-il-furto-ripreso-dalle-telecamere-1.jpg\" \/>\n\t<meta property=\"og:image:width\" content=\"2160\" \/>\n\t<meta property=\"og:image:height\" content=\"1440\" \/>\n\t<meta property=\"og:image:type\" content=\"image\/jpeg\" \/>\n<meta name=\"author\" content=\"Cecco Prestina\" \/>\n<meta name=\"twitter:card\" content=\"summary_large_image\" \/>\n<meta name=\"twitter:label1\" content=\"\u00c9crit par\" \/>\n\t<meta name=\"twitter:data1\" content=\"Cecco Prestina\" \/>\n\t<meta name=\"twitter:label2\" content=\"Dur\u00e9e de lecture estim\u00e9e\" \/>\n\t<meta name=\"twitter:data2\" content=\"3 minutes\" \/>\n<script type=\"application\/ld+json\" class=\"yoast-schema-graph\">{\"@context\":\"https:\/\/schema.org\",\"@graph\":[{\"@type\":\"NewsArticle\",\"@id\":\"https:\/\/newsvirali.it\/de\/2024\/09\/13\/banksys-madchen-mit-dem-ballon-gestohlen-der-diebstahl-mit-der-kamera-festgehalten\/#article\",\"isPartOf\":{\"@id\":\"https:\/\/newsvirali.it\/de\/2024\/09\/13\/banksys-madchen-mit-dem-ballon-gestohlen-der-diebstahl-mit-der-kamera-festgehalten\/\"},\"author\":{\"name\":\"Cecco Prestina\",\"@id\":\"https:\/\/newsvirali.it\/fr\/#\/schema\/person\/4c835f7b49c9adb58b33901ee816565d\"},\"headline\":\"Rubata la &#8220;ragazza col palloncino&#8221; di Banksy: il furto ripreso dalle telecamere\",\"datePublished\":\"2024-09-13T11:29:51+00:00\",\"dateModified\":\"2024-09-13T11:29:52+00:00\",\"mainEntityOfPage\":{\"@id\":\"https:\/\/newsvirali.it\/de\/2024\/09\/13\/banksys-madchen-mit-dem-ballon-gestohlen-der-diebstahl-mit-der-kamera-festgehalten\/\"},\"wordCount\":444,\"image\":{\"@id\":\"https:\/\/newsvirali.it\/de\/2024\/09\/13\/banksys-madchen-mit-dem-ballon-gestohlen-der-diebstahl-mit-der-kamera-festgehalten\/#primaryimage\"},\"thumbnailUrl\":\"https:\/\/newsvirali.it\/wp-content\/uploads\/2024\/09\/Rubata-la-ragazza-col-palloncino-di-Banksy-il-furto-ripreso-dalle-telecamere-1.jpg\",\"articleSection\":[\"Mondo\"],\"inLanguage\":\"fr-FR\",\"copyrightYear\":\"2024\",\"copyrightHolder\":{\"@id\":\"https:\/\/newsvirali.it\/fr\/#organization\"}},{\"@type\":\"WebPage\",\"@id\":\"https:\/\/newsvirali.it\/de\/2024\/09\/13\/banksys-madchen-mit-dem-ballon-gestohlen-der-diebstahl-mit-der-kamera-festgehalten\/\",\"url\":\"https:\/\/newsvirali.it\/de\/2024\/09\/13\/banksys-madchen-mit-dem-ballon-gestohlen-der-diebstahl-mit-der-kamera-festgehalten\/\",\"name\":\"Rubata la \\\"ragazza col palloncino\\\" di Banksy: il furto ripreso dalle telecamere\",\"isPartOf\":{\"@id\":\"https:\/\/newsvirali.it\/fr\/#website\"},\"primaryImageOfPage\":{\"@id\":\"https:\/\/newsvirali.it\/de\/2024\/09\/13\/banksys-madchen-mit-dem-ballon-gestohlen-der-diebstahl-mit-der-kamera-festgehalten\/#primaryimage\"},\"image\":{\"@id\":\"https:\/\/newsvirali.it\/de\/2024\/09\/13\/banksys-madchen-mit-dem-ballon-gestohlen-der-diebstahl-mit-der-kamera-festgehalten\/#primaryimage\"},\"thumbnailUrl\":\"https:\/\/newsvirali.it\/wp-content\/uploads\/2024\/09\/Rubata-la-ragazza-col-palloncino-di-Banksy-il-furto-ripreso-dalle-telecamere-1.jpg\",\"datePublished\":\"2024-09-13T11:29:51+00:00\",\"dateModified\":\"2024-09-13T11:29:52+00:00\",\"author\":{\"@id\":\"https:\/\/newsvirali.it\/fr\/#\/schema\/person\/4c835f7b49c9adb58b33901ee816565d\"},\"breadcrumb\":{\"@id\":\"https:\/\/newsvirali.it\/de\/2024\/09\/13\/banksys-madchen-mit-dem-ballon-gestohlen-der-diebstahl-mit-der-kamera-festgehalten\/#breadcrumb\"},\"inLanguage\":\"fr-FR\",\"potentialAction\":[{\"@type\":\"ReadAction\",\"target\":[\"https:\/\/newsvirali.it\/de\/2024\/09\/13\/banksys-madchen-mit-dem-ballon-gestohlen-der-diebstahl-mit-der-kamera-festgehalten\/\"]}]},{\"@type\":\"ImageObject\",\"inLanguage\":\"fr-FR\",\"@id\":\"https:\/\/newsvirali.it\/de\/2024\/09\/13\/banksys-madchen-mit-dem-ballon-gestohlen-der-diebstahl-mit-der-kamera-festgehalten\/#primaryimage\",\"url\":\"https:\/\/newsvirali.it\/wp-content\/uploads\/2024\/09\/Rubata-la-ragazza-col-palloncino-di-Banksy-il-furto-ripreso-dalle-telecamere-1.jpg\",\"contentUrl\":\"https:\/\/newsvirali.it\/wp-content\/uploads\/2024\/09\/Rubata-la-ragazza-col-palloncino-di-Banksy-il-furto-ripreso-dalle-telecamere-1.jpg\",\"width\":2160,\"height\":1440,\"caption\":\"Rubata la \\\"ragazza col palloncino\\\" di Banksy: il furto ripreso dalle telecamere\"},{\"@type\":\"BreadcrumbList\",\"@id\":\"https:\/\/newsvirali.it\/de\/2024\/09\/13\/banksys-madchen-mit-dem-ballon-gestohlen-der-diebstahl-mit-der-kamera-festgehalten\/#breadcrumb\",\"itemListElement\":[{\"@type\":\"ListItem\",\"position\":1,\"name\":\"Home\",\"item\":\"https:\/\/newsvirali.it\/fr\/\"},{\"@type\":\"ListItem\",\"position\":2,\"name\":\"Rubata la &#8220;ragazza col palloncino&#8221; di Banksy: il furto ripreso dalle telecamere\"}]},{\"@type\":\"WebSite\",\"@id\":\"https:\/\/newsvirali.it\/fr\/#website\",\"url\":\"https:\/\/newsvirali.it\/fr\/\",\"name\":\"Bake News\",\"description\":\"\",\"potentialAction\":[{\"@type\":\"SearchAction\",\"target\":{\"@type\":\"EntryPoint\",\"urlTemplate\":\"https:\/\/newsvirali.it\/fr\/?s={search_term_string}\"},\"query-input\":{\"@type\":\"PropertyValueSpecification\",\"valueRequired\":true,\"valueName\":\"search_term_string\"}}],\"inLanguage\":\"fr-FR\"},{\"@type\":\"Person\",\"@id\":\"https:\/\/newsvirali.it\/fr\/#\/schema\/person\/4c835f7b49c9adb58b33901ee816565d\",\"name\":\"Cecco Prestina\",\"description\":\"Perch\u00e9 nasconderlo? Cecco Prestina \u00e8 un alias, ma dietro di lui non si cela un algoritmo di intelligenza artificiale. C'\u00e8 un giornalista che ha oltre vent'anni di esperienza tutta sul web. Da quando il primo modem ha iniziato a gracchiare sul territorio italiano con Video on Line, Cecco ha capito che da quel doppino sarebbe passato il futuro. Ha dedidicato tutta la sua carriera a capire Internet e poi i social e ora l'Ai. Una carriera in costante aggiornamento. E questa esperienza la mette in campo ogni giorno. Per\u00f2 ogni tanto Cecco ha voglia anche di non scrivere \\\"pipponi\\\" sulla politica, sull'economia. Ha voglia anche di scrivere qualcosa di divertente. Le notizie che trovate su Bake News sono le stesse che Cecco porta all'aperitivo con gli amici. Quelle di cui discutere per farsi due risate. Notizie, vere (qualche volta si fa fatica a crederlo), strane, divertenti, ma anche serie. Bake News \u00e8 nato per questo, dare al pubblico notizie croccanti e calde come il pane che esce dal forno. E Cecco Prestina \u00e8 nato con Bake News.\",\"url\":\"https:\/\/newsvirali.it\/fr\/autore\/cecco-prestina\/\"}]}<\/script>\n<!-- \/ Yoast SEO Premium plugin. -->","yoast_head_json":{"title":"Rubata la \"ragazza col palloncino\" di Banksy: il furto ripreso dalle telecamere","robots":{"index":"index","follow":"follow","max-snippet":"max-snippet:-1","max-image-preview":"max-image-preview:large","max-video-preview":"max-video-preview:-1"},"canonical":"https:\/\/newsvirali.it\/fr\/2024\/09\/13\/banksys-madchen-mit-dem-ballon-gestohlen-der-diebstahl-mit-der-kamera-festgehalten\/","og_locale":"fr_FR","og_type":"article","og_title":"Rubata la \"ragazza col palloncino\" di Banksy: il furto ripreso dalle telecamere","og_description":"La &#8220;ragazza col palloncino&#8221;, l&#8217;opera pi\u00f9 iconica di Banksy, \u00e8 stata rubata da una galleria d&#8217;arte di Londra e il [&hellip;]","og_url":"https:\/\/newsvirali.it\/fr\/2024\/09\/13\/banksys-madchen-mit-dem-ballon-gestohlen-der-diebstahl-mit-der-kamera-festgehalten\/","og_site_name":"News virali","article_published_time":"2024-09-13T11:29:51+00:00","article_modified_time":"2024-09-13T11:29:52+00:00","og_image":[{"width":2160,"height":1440,"url":"https:\/\/newsvirali.it\/wp-content\/uploads\/2024\/09\/Rubata-la-ragazza-col-palloncino-di-Banksy-il-furto-ripreso-dalle-telecamere-1.jpg","type":"image\/jpeg"}],"author":"Cecco Prestina","twitter_card":"summary_large_image","twitter_misc":{"\u00c9crit par":"Cecco Prestina","Dur\u00e9e de lecture estim\u00e9e":"3 minutes"},"schema":{"@context":"https:\/\/schema.org","@graph":[{"@type":"NewsArticle","@id":"https:\/\/newsvirali.it\/de\/2024\/09\/13\/banksys-madchen-mit-dem-ballon-gestohlen-der-diebstahl-mit-der-kamera-festgehalten\/#article","isPartOf":{"@id":"https:\/\/newsvirali.it\/de\/2024\/09\/13\/banksys-madchen-mit-dem-ballon-gestohlen-der-diebstahl-mit-der-kamera-festgehalten\/"},"author":{"name":"Cecco Prestina","@id":"https:\/\/newsvirali.it\/fr\/#\/schema\/person\/4c835f7b49c9adb58b33901ee816565d"},"headline":"Rubata la &#8220;ragazza col palloncino&#8221; di Banksy: il furto ripreso dalle telecamere","datePublished":"2024-09-13T11:29:51+00:00","dateModified":"2024-09-13T11:29:52+00:00","mainEntityOfPage":{"@id":"https:\/\/newsvirali.it\/de\/2024\/09\/13\/banksys-madchen-mit-dem-ballon-gestohlen-der-diebstahl-mit-der-kamera-festgehalten\/"},"wordCount":444,"image":{"@id":"https:\/\/newsvirali.it\/de\/2024\/09\/13\/banksys-madchen-mit-dem-ballon-gestohlen-der-diebstahl-mit-der-kamera-festgehalten\/#primaryimage"},"thumbnailUrl":"https:\/\/newsvirali.it\/wp-content\/uploads\/2024\/09\/Rubata-la-ragazza-col-palloncino-di-Banksy-il-furto-ripreso-dalle-telecamere-1.jpg","articleSection":["Mondo"],"inLanguage":"fr-FR","copyrightYear":"2024","copyrightHolder":{"@id":"https:\/\/newsvirali.it\/fr\/#organization"}},{"@type":"WebPage","@id":"https:\/\/newsvirali.it\/de\/2024\/09\/13\/banksys-madchen-mit-dem-ballon-gestohlen-der-diebstahl-mit-der-kamera-festgehalten\/","url":"https:\/\/newsvirali.it\/de\/2024\/09\/13\/banksys-madchen-mit-dem-ballon-gestohlen-der-diebstahl-mit-der-kamera-festgehalten\/","name":"Rubata la \"ragazza col palloncino\" di Banksy: il furto ripreso dalle telecamere","isPartOf":{"@id":"https:\/\/newsvirali.it\/fr\/#website"},"primaryImageOfPage":{"@id":"https:\/\/newsvirali.it\/de\/2024\/09\/13\/banksys-madchen-mit-dem-ballon-gestohlen-der-diebstahl-mit-der-kamera-festgehalten\/#primaryimage"},"image":{"@id":"https:\/\/newsvirali.it\/de\/2024\/09\/13\/banksys-madchen-mit-dem-ballon-gestohlen-der-diebstahl-mit-der-kamera-festgehalten\/#primaryimage"},"thumbnailUrl":"https:\/\/newsvirali.it\/wp-content\/uploads\/2024\/09\/Rubata-la-ragazza-col-palloncino-di-Banksy-il-furto-ripreso-dalle-telecamere-1.jpg","datePublished":"2024-09-13T11:29:51+00:00","dateModified":"2024-09-13T11:29:52+00:00","author":{"@id":"https:\/\/newsvirali.it\/fr\/#\/schema\/person\/4c835f7b49c9adb58b33901ee816565d"},"breadcrumb":{"@id":"https:\/\/newsvirali.it\/de\/2024\/09\/13\/banksys-madchen-mit-dem-ballon-gestohlen-der-diebstahl-mit-der-kamera-festgehalten\/#breadcrumb"},"inLanguage":"fr-FR","potentialAction":[{"@type":"ReadAction","target":["https:\/\/newsvirali.it\/de\/2024\/09\/13\/banksys-madchen-mit-dem-ballon-gestohlen-der-diebstahl-mit-der-kamera-festgehalten\/"]}]},{"@type":"ImageObject","inLanguage":"fr-FR","@id":"https:\/\/newsvirali.it\/de\/2024\/09\/13\/banksys-madchen-mit-dem-ballon-gestohlen-der-diebstahl-mit-der-kamera-festgehalten\/#primaryimage","url":"https:\/\/newsvirali.it\/wp-content\/uploads\/2024\/09\/Rubata-la-ragazza-col-palloncino-di-Banksy-il-furto-ripreso-dalle-telecamere-1.jpg","contentUrl":"https:\/\/newsvirali.it\/wp-content\/uploads\/2024\/09\/Rubata-la-ragazza-col-palloncino-di-Banksy-il-furto-ripreso-dalle-telecamere-1.jpg","width":2160,"height":1440,"caption":"Rubata la \"ragazza col palloncino\" di Banksy: il furto ripreso dalle telecamere"},{"@type":"BreadcrumbList","@id":"https:\/\/newsvirali.it\/de\/2024\/09\/13\/banksys-madchen-mit-dem-ballon-gestohlen-der-diebstahl-mit-der-kamera-festgehalten\/#breadcrumb","itemListElement":[{"@type":"ListItem","position":1,"name":"Home","item":"https:\/\/newsvirali.it\/fr\/"},{"@type":"ListItem","position":2,"name":"Rubata la &#8220;ragazza col palloncino&#8221; di Banksy: il furto ripreso dalle telecamere"}]},{"@type":"WebSite","@id":"https:\/\/newsvirali.it\/fr\/#website","url":"https:\/\/newsvirali.it\/fr\/","name":"Bake News","description":"","potentialAction":[{"@type":"SearchAction","target":{"@type":"EntryPoint","urlTemplate":"https:\/\/newsvirali.it\/fr\/?s={search_term_string}"},"query-input":{"@type":"PropertyValueSpecification","valueRequired":true,"valueName":"search_term_string"}}],"inLanguage":"fr-FR"},{"@type":"Person","@id":"https:\/\/newsvirali.it\/fr\/#\/schema\/person\/4c835f7b49c9adb58b33901ee816565d","name":"Cecco Prestina","description":"Perch\u00e9 nasconderlo? Cecco Prestina \u00e8 un alias, ma dietro di lui non si cela un algoritmo di intelligenza artificiale. C'\u00e8 un giornalista che ha oltre vent'anni di esperienza tutta sul web. Da quando il primo modem ha iniziato a gracchiare sul territorio italiano con Video on Line, Cecco ha capito che da quel doppino sarebbe passato il futuro. Ha dedidicato tutta la sua carriera a capire Internet e poi i social e ora l'Ai. Una carriera in costante aggiornamento. E questa esperienza la mette in campo ogni giorno. Per\u00f2 ogni tanto Cecco ha voglia anche di non scrivere \"pipponi\" sulla politica, sull'economia. Ha voglia anche di scrivere qualcosa di divertente. Le notizie che trovate su Bake News sono le stesse che Cecco porta all'aperitivo con gli amici. Quelle di cui discutere per farsi due risate. Notizie, vere (qualche volta si fa fatica a crederlo), strane, divertenti, ma anche serie. Bake News \u00e8 nato per questo, dare al pubblico notizie croccanti e calde come il pane che esce dal forno. E Cecco Prestina \u00e8 nato con Bake News.","url":"https:\/\/newsvirali.it\/fr\/autore\/cecco-prestina\/"}]}},"_links":{"self":[{"href":"https:\/\/newsvirali.it\/fr\/wp-json\/wp\/v2\/posts\/42733","targetHints":{"allow":["GET"]}}],"collection":[{"href":"https:\/\/newsvirali.it\/fr\/wp-json\/wp\/v2\/posts"}],"about":[{"href":"https:\/\/newsvirali.it\/fr\/wp-json\/wp\/v2\/types\/post"}],"author":[{"embeddable":true,"href":"https:\/\/newsvirali.it\/fr\/wp-json\/wp\/v2\/users\/4"}],"replies":[{"embeddable":true,"href":"https:\/\/newsvirali.it\/fr\/wp-json\/wp\/v2\/comments?post=42733"}],"version-history":[{"count":3,"href":"https:\/\/newsvirali.it\/fr\/wp-json\/wp\/v2\/posts\/42733\/revisions"}],"predecessor-version":[{"id":42830,"href":"https:\/\/newsvirali.it\/fr\/wp-json\/wp\/v2\/posts\/42733\/revisions\/42830"}],"wp:featuredmedia":[{"embeddable":true,"href":"https:\/\/newsvirali.it\/fr\/wp-json\/wp\/v2\/media\/42735"}],"wp:attachment":[{"href":"https:\/\/newsvirali.it\/fr\/wp-json\/wp\/v2\/media?parent=42733"}],"wp:term":[{"taxonomy":"category","embeddable":true,"href":"https:\/\/newsvirali.it\/fr\/wp-json\/wp\/v2\/categories?post=42733"},{"taxonomy":"post_tag","embeddable":true,"href":"https:\/\/newsvirali.it\/fr\/wp-json\/wp\/v2\/tags?post=42733"}],"curies":[{"name":"wp","href":"https:\/\/api.w.org\/{rel}","templated":true}]}}