{"id":41684,"date":"2024-09-09T09:23:24","date_gmt":"2024-09-09T07:23:24","guid":{"rendered":"https:\/\/www.bakenews.it\/?p=41684"},"modified":"2024-09-09T09:23:25","modified_gmt":"2024-09-09T07:23:25","slug":"atleta-paralimpica-squalificata-a-due-metri-dal-traguardo-perche-troppo-altruista","status":"publish","type":"post","link":"https:\/\/newsvirali.it\/fr\/2024\/09\/09\/un-athlete-paralympique-disqualifie-a-deux-metres-de-la-ligne-darrivee-pour-setre-montre-trop-altruiste\/","title":{"rendered":"Un athl\u00e8te paralympique disqualifi\u00e9 \u00e0 deux m\u00e8tres de la ligne d&#039;arriv\u00e9e pour avoir \u00e9t\u00e9 &quot;trop altruiste&quot;"},"content":{"rendered":"<p>La marathonienne paralympique Elena Congost a \u00e9t\u00e9 disqualifi\u00e9e et priv\u00e9e de m\u00e9daille de bronze apr\u00e8s avoir \u00e9t\u00e9 disqualifi\u00e9e \u00e0 seulement deux m\u00e8tres de la ligne d&#039;arriv\u00e9e. Congost, 36 ans, est une athl\u00e8te espagnole d&#039;athl\u00e9tisme T12\/B2 n\u00e9e avec une d\u00e9ficience visuelle d\u00e9g\u00e9n\u00e9rative et a donc couru avec la guide Mia Carol Bruguera \u00e0 Paris.<\/p>\n\n\n\n<p><strong>LIRE AUSSI<\/strong><\/p>\n\n\n\n<ul class=\"wp-block-list\">\n<li><a href=\"https:\/\/www.bakenews.it\/2023\/12\/01\/il-fallo-piu-antisportivo-dellanno-squalifica-a-vita-per-giocatore-di-calcio\/\">La faute la plus antisportive de l&#039;ann\u00e9e, interdiction \u00e0 vie pour un footballeur<\/a><\/li>\n\n\n\n<li><a href=\"https:\/\/www.bakenews.it\/2023\/10\/02\/usa-bimbo-morto-di-cancro-per-insultare-avversari-tifoso-rischia-squalifica-a-vita\/\">Utilise un enfant d\u00e9c\u00e9d\u00e9 d&#039;un cancer pour insulter ses adversaires : un fan risque une interdiction \u00e0 vie<\/a><\/li>\n\n\n\n<li><a href=\"https:\/\/www.bakenews.it\/2024\/08\/18\/brutale-fallo-spezza-gamba-allavversario-partita-sospesa\/\">Faute brutale, casse la jambe de l&#039;adversaire : match suspendu<\/a><\/li>\n<\/ul>\n\n\n\n<h2 class=\"wp-block-heading\" id=\"h-atleta-paralimpica-squalificata-alla-maratona\">Un athl\u00e8te paralympique disqualifi\u00e9 du marathon<\/h2>\n\n\n\n<p>L&#039;athl\u00e8te s&#039;\u00e9tait class\u00e9 troisi\u00e8me au marathon T12 avec un record personnel de 3:00:48, mais cela n&#039;a servi \u00e0 rien. C&#039;est parce que Congost a l\u00e2ch\u00e9 la corde, ce qui n&#039;est pas autoris\u00e9 selon les r\u00e8gles paralympiques, pour aider Bruguera, qui souffrait d&#039;une crampe peu avant de d\u00e9crocher la troisi\u00e8me place.<\/p>\n\n\n\n<p>Tous les marathoniens T12 doivent \u00eatre reli\u00e9s \u00e0 leur guide par une attache de s\u00e9curit\u00e9 \u00e0 tout moment. Pour cela, elle a \u00e9t\u00e9 disqualifi\u00e9e et la m\u00e9daille de bronze a \u00e9t\u00e9 d\u00e9cern\u00e9e \u00e0 la Japonaise Misato Michishita.<\/p>\n\n\n\n<h2 class=\"wp-block-heading\" id=\"h-la-spagnola-congost-perde-la-medaglia-di-bronzo\">L&#039;Espagnol Congost perd la m\u00e9daille de bronze<\/h2>\n\n\n\n<p>La Marocaine Fatima El Idrissi a \u00e9tabli un record du monde en 2:48,36, remportant la m\u00e9daille d&#039;or, tandis que sa compatriote Meryem En-Nourhi est arriv\u00e9e deuxi\u00e8me. Congost a exprim\u00e9 sa d\u00e9ception peu apr\u00e8s avoir appris la d\u00e9cision.<\/p>\n\n\n\n<figure class=\"wp-block-embed is-type-rich is-provider-twitter wp-block-embed-twitter\"><div class=\"wp-block-embed__wrapper\">\n<blockquote class=\"twitter-tweet\" data-width=\"500\" data-dnt=\"true\"><p lang=\"es\" dir=\"ltr\">Elena Congost est revenue il y a un mois dans un endroit o\u00f9 elle est devenue m\u00e8re de quatre enfants.<br><br>Le troisi\u00e8me \u00e9tage est d\u00e9sormais termin\u00e9, mais il a \u00e9t\u00e9 d\u00e9tartr\u00e9. <br><br>Vous avez donn\u00e9 la priorit\u00e9 \u00e0 aider votre guide \u00e0 atteindre votre objectif.<br><br>Nous sommes immens\u00e9ment fiers d&#039;Elena et Mia. <a href=\"https:\/\/twitter.com\/hashtag\/teamEspa%C3%B1a?src=hash&amp;ref_src=twsrc%5Etfw\">#teamEspagne<\/a> \u2764\ufe0f <a href=\"https:\/\/t.co\/7z3WtGeZig\">pic.twitter.com\/7z3WtGeZig<\/a><\/p>\u2013 Pilar Alegr\u00eda (@Pilar_Alegria) <a href=\"https:\/\/twitter.com\/Pilar_Alegria\/status\/1832750956749926743?ref_src=twsrc%5Etfw\">8 septembre 2024<\/a><\/blockquote><script async src=\"https:\/\/platform.twitter.com\/widgets.js\" charset=\"utf-8\"><\/script>\n<\/div><\/figure>\n\n\n\n<p>L&#039;athl\u00e8te populaire ne regrette pas ses actes et r\u00e9it\u00e8re qu&#039;elle a fait le bon choix en prenant soin d&#039;un autre \u00eatre humain. Congost a d\u00e9clar\u00e9 \u00e0 Marca : \u00ab J&#039;aimerais que tout le monde sache que je n&#039;ai pas \u00e9t\u00e9 disqualifi\u00e9 pour tricherie, mais plut\u00f4t pour \u00eatre une personne et pour l&#039;instinct qui vient quand quelqu&#039;un tombe et qui est de l&#039;aider ou de le soutenir.<\/p>\n\n\n\n<h2 class=\"wp-block-heading\" id=\"h-sono-orgogliosa-di-quello-che-ho-fatto\">&quot;Je suis fier de ce que j&#039;ai fait&quot;<\/h2>\n\n\n\n<p>\u00ab Je suis d\u00e9vast\u00e9, pour \u00eatre honn\u00eate, parce que j&#039;avais la m\u00e9daille. Mais je suis super fier de tout ce que j&#039;ai fait et \u00e0 la fin ils m&#039;ont disqualifi\u00e9 car \u00e0 10 m\u00e8tres de la ligne d&#039;arriv\u00e9e j&#039;ai l\u00e2ch\u00e9 la corde une seconde car une personne \u00e0 c\u00f4t\u00e9 de moi est tomb\u00e9e face contre terre et j&#039;ai attrap\u00e9 la corde encore une fois et nous avons franchi la ligne d&#039;arriv\u00e9e.<\/p>\n\n\n\n<p>\u00ab L&#039;athl\u00e8te suivant \u00e9tait \u00e0 trois minutes de moi, donc c&#039;\u00e9tait un r\u00e9flexe conditionn\u00e9 de tout \u00eatre humain de s&#039;accrocher \u00e0 une personne qui tombait \u00e0 c\u00f4t\u00e9 de moi. \u00abQuand il n&#039;y a aucune aide, aucun b\u00e9n\u00e9fice et quand il est clair que je m&#039;arr\u00eate net \u00e0 cause de cette situation. Je ne comprends pas comment quelqu&#039;un peut raisonner ou comprendre la situation, qu&#039;il ne s&#039;agit pas de tricher, qu&#039;il ne s&#039;agit pas d&#039;entra\u00eener un athl\u00e8te.&quot;<\/p>\n\n\n\n<p><strong>ARTICLES LES PLUS LUS<\/strong><\/p>\n\n\n<p>[koko_analytics_most_viewed_posts number=5 days=8 post_type=\u201dpost\u201d show_date=\u201dfalse\u201d]<\/p>\n<br \/>Suivez-nous \u00e9galement sur Google News : <b><a href=\"https:\/\/news.google.com\/publications\/CAAqBwgKMNqJiwswjMfqAg?hl=it&gl=IT&ceid=IT:it\" target=\"_blank\">Cliquez ici<\/a><\/b>","protected":false},"excerpt":{"rendered":"<p>La marathonienne paralympique Elena Congost a \u00e9t\u00e9 disqualifi\u00e9e et priv\u00e9e d&#039;une m\u00e9daille de bronze apr\u00e8s avoir \u00e9t\u00e9 [\u2026]<\/p>","protected":false},"author":4,"featured_media":41685,"comment_status":"closed","ping_status":"open","sticky":false,"template":"","format":"standard","meta":{"MSN_Categories":"Uncategorized","MSN_Publish_Option":false,"MSN_Is_Local_News":false,"MSN_Is_AIAC_Included":"Empty","MSN_Location":"[]","MSN_Add_Feature_Img_On_Top_Of_Post":false,"MSN_Has_Custom_Author":false,"MSN_Custom_Author":"","MSN_Has_Custom_Canonical_Url":false,"MSN_Custom_Canonical_Url":"","footnotes":""},"categories":[8],"tags":[],"class_list":["post-41684","post","type-post","status-publish","format-standard","has-post-thumbnail","hentry","category-sport"],"acf":[],"yoast_head":"<!-- This site is optimized with the Yoast SEO Premium plugin v26.7 (Yoast SEO v26.7) - https:\/\/yoast.com\/wordpress\/plugins\/seo\/ -->\n<title>Atleta paralimpica squalificata a due metri dal traguardo perch\u00e9 &quot;troppo altruista&quot;<\/title>\n<meta name=\"robots\" content=\"index, follow, max-snippet:-1, max-image-preview:large, max-video-preview:-1\" \/>\n<link rel=\"canonical\" href=\"https:\/\/newsvirali.it\/fr\/2024\/09\/09\/un-athlete-paralympique-disqualifie-a-deux-metres-de-la-ligne-darrivee-pour-setre-montre-trop-altruiste\/\" \/>\n<meta property=\"og:locale\" content=\"fr_FR\" \/>\n<meta property=\"og:type\" content=\"article\" \/>\n<meta property=\"og:title\" content=\"Atleta paralimpica squalificata a due metri dal traguardo perch\u00e9 &quot;troppo altruista&quot;\" \/>\n<meta property=\"og:description\" content=\"La maratoneta paralimpica Elena Congost \u00e8 stata squalificata e le \u00e8 stata negata la medaglia di bronzo dopo essere stata [&hellip;]\" \/>\n<meta property=\"og:url\" content=\"https:\/\/newsvirali.it\/fr\/2024\/09\/09\/un-athlete-paralympique-disqualifie-a-deux-metres-de-la-ligne-darrivee-pour-setre-montre-trop-altruiste\/\" \/>\n<meta property=\"og:site_name\" content=\"News virali\" \/>\n<meta property=\"article:published_time\" content=\"2024-09-09T07:23:24+00:00\" \/>\n<meta property=\"article:modified_time\" content=\"2024-09-09T07:23:25+00:00\" \/>\n<meta property=\"og:image\" content=\"https:\/\/newsvirali.it\/wp-content\/uploads\/2024\/09\/Atleta-paralimpica-squalificata-e-perde-medaglia-a-due-metri-dal-traguardo-perche-troppo-altruista-1.jpg\" \/>\n\t<meta property=\"og:image:width\" content=\"600\" \/>\n\t<meta property=\"og:image:height\" content=\"400\" \/>\n\t<meta property=\"og:image:type\" content=\"image\/jpeg\" \/>\n<meta name=\"author\" content=\"Cecco Prestina\" \/>\n<meta name=\"twitter:card\" content=\"summary_large_image\" \/>\n<meta name=\"twitter:label1\" content=\"\u00c9crit par\" \/>\n\t<meta name=\"twitter:data1\" content=\"Cecco Prestina\" \/>\n\t<meta name=\"twitter:label2\" content=\"Dur\u00e9e de lecture estim\u00e9e\" \/>\n\t<meta name=\"twitter:data2\" content=\"3 minutes\" \/>\n<script type=\"application\/ld+json\" class=\"yoast-schema-graph\">{\"@context\":\"https:\/\/schema.org\",\"@graph\":[{\"@type\":\"NewsArticle\",\"@id\":\"https:\/\/newsvirali.it\/2024\/09\/09\/atleta-paralimpica-squalificata-a-due-metri-dal-traguardo-perche-troppo-altruista\/#article\",\"isPartOf\":{\"@id\":\"https:\/\/newsvirali.it\/2024\/09\/09\/atleta-paralimpica-squalificata-a-due-metri-dal-traguardo-perche-troppo-altruista\/\"},\"author\":{\"name\":\"Cecco Prestina\",\"@id\":\"https:\/\/newsvirali.it\/fr\/#\/schema\/person\/4c835f7b49c9adb58b33901ee816565d\"},\"headline\":\"Atleta paralimpica squalificata a due metri dal traguardo perch\u00e9 &#8220;troppo altruista&#8221;\",\"datePublished\":\"2024-09-09T07:23:24+00:00\",\"dateModified\":\"2024-09-09T07:23:25+00:00\",\"mainEntityOfPage\":{\"@id\":\"https:\/\/newsvirali.it\/2024\/09\/09\/atleta-paralimpica-squalificata-a-due-metri-dal-traguardo-perche-troppo-altruista\/\"},\"wordCount\":443,\"image\":{\"@id\":\"https:\/\/newsvirali.it\/2024\/09\/09\/atleta-paralimpica-squalificata-a-due-metri-dal-traguardo-perche-troppo-altruista\/#primaryimage\"},\"thumbnailUrl\":\"https:\/\/newsvirali.it\/wp-content\/uploads\/2024\/09\/Atleta-paralimpica-squalificata-e-perde-medaglia-a-due-metri-dal-traguardo-perche-troppo-altruista-1.jpg\",\"articleSection\":[\"Sport\"],\"inLanguage\":\"fr-FR\",\"copyrightYear\":\"2024\",\"copyrightHolder\":{\"@id\":\"https:\/\/newsvirali.it\/fr\/#organization\"}},{\"@type\":\"WebPage\",\"@id\":\"https:\/\/newsvirali.it\/2024\/09\/09\/atleta-paralimpica-squalificata-a-due-metri-dal-traguardo-perche-troppo-altruista\/\",\"url\":\"https:\/\/newsvirali.it\/2024\/09\/09\/atleta-paralimpica-squalificata-a-due-metri-dal-traguardo-perche-troppo-altruista\/\",\"name\":\"Atleta paralimpica squalificata a due metri dal traguardo perch\u00e9 \\\"troppo altruista\\\"\",\"isPartOf\":{\"@id\":\"https:\/\/newsvirali.it\/fr\/#website\"},\"primaryImageOfPage\":{\"@id\":\"https:\/\/newsvirali.it\/2024\/09\/09\/atleta-paralimpica-squalificata-a-due-metri-dal-traguardo-perche-troppo-altruista\/#primaryimage\"},\"image\":{\"@id\":\"https:\/\/newsvirali.it\/2024\/09\/09\/atleta-paralimpica-squalificata-a-due-metri-dal-traguardo-perche-troppo-altruista\/#primaryimage\"},\"thumbnailUrl\":\"https:\/\/newsvirali.it\/wp-content\/uploads\/2024\/09\/Atleta-paralimpica-squalificata-e-perde-medaglia-a-due-metri-dal-traguardo-perche-troppo-altruista-1.jpg\",\"datePublished\":\"2024-09-09T07:23:24+00:00\",\"dateModified\":\"2024-09-09T07:23:25+00:00\",\"author\":{\"@id\":\"https:\/\/newsvirali.it\/fr\/#\/schema\/person\/4c835f7b49c9adb58b33901ee816565d\"},\"breadcrumb\":{\"@id\":\"https:\/\/newsvirali.it\/2024\/09\/09\/atleta-paralimpica-squalificata-a-due-metri-dal-traguardo-perche-troppo-altruista\/#breadcrumb\"},\"inLanguage\":\"fr-FR\",\"potentialAction\":[{\"@type\":\"ReadAction\",\"target\":[\"https:\/\/newsvirali.it\/2024\/09\/09\/atleta-paralimpica-squalificata-a-due-metri-dal-traguardo-perche-troppo-altruista\/\"]}]},{\"@type\":\"ImageObject\",\"inLanguage\":\"fr-FR\",\"@id\":\"https:\/\/newsvirali.it\/2024\/09\/09\/atleta-paralimpica-squalificata-a-due-metri-dal-traguardo-perche-troppo-altruista\/#primaryimage\",\"url\":\"https:\/\/newsvirali.it\/wp-content\/uploads\/2024\/09\/Atleta-paralimpica-squalificata-e-perde-medaglia-a-due-metri-dal-traguardo-perche-troppo-altruista-1.jpg\",\"contentUrl\":\"https:\/\/newsvirali.it\/wp-content\/uploads\/2024\/09\/Atleta-paralimpica-squalificata-e-perde-medaglia-a-due-metri-dal-traguardo-perche-troppo-altruista-1.jpg\",\"width\":600,\"height\":400,\"caption\":\"Atleta paralimpica squalificata (e perde medaglia) a due metri dal traguardo perch\u00e9 troppo altruista\"},{\"@type\":\"BreadcrumbList\",\"@id\":\"https:\/\/newsvirali.it\/2024\/09\/09\/atleta-paralimpica-squalificata-a-due-metri-dal-traguardo-perche-troppo-altruista\/#breadcrumb\",\"itemListElement\":[{\"@type\":\"ListItem\",\"position\":1,\"name\":\"Home\",\"item\":\"https:\/\/newsvirali.it\/fr\/\"},{\"@type\":\"ListItem\",\"position\":2,\"name\":\"Atleta paralimpica squalificata a due metri dal traguardo perch\u00e9 &#8220;troppo altruista&#8221;\"}]},{\"@type\":\"WebSite\",\"@id\":\"https:\/\/newsvirali.it\/fr\/#website\",\"url\":\"https:\/\/newsvirali.it\/fr\/\",\"name\":\"Bake News\",\"description\":\"\",\"potentialAction\":[{\"@type\":\"SearchAction\",\"target\":{\"@type\":\"EntryPoint\",\"urlTemplate\":\"https:\/\/newsvirali.it\/fr\/?s={search_term_string}\"},\"query-input\":{\"@type\":\"PropertyValueSpecification\",\"valueRequired\":true,\"valueName\":\"search_term_string\"}}],\"inLanguage\":\"fr-FR\"},{\"@type\":\"Person\",\"@id\":\"https:\/\/newsvirali.it\/fr\/#\/schema\/person\/4c835f7b49c9adb58b33901ee816565d\",\"name\":\"Cecco Prestina\",\"description\":\"Perch\u00e9 nasconderlo? Cecco Prestina \u00e8 un alias, ma dietro di lui non si cela un algoritmo di intelligenza artificiale. C'\u00e8 un giornalista che ha oltre vent'anni di esperienza tutta sul web. Da quando il primo modem ha iniziato a gracchiare sul territorio italiano con Video on Line, Cecco ha capito che da quel doppino sarebbe passato il futuro. Ha dedidicato tutta la sua carriera a capire Internet e poi i social e ora l'Ai. Una carriera in costante aggiornamento. E questa esperienza la mette in campo ogni giorno. Per\u00f2 ogni tanto Cecco ha voglia anche di non scrivere \\\"pipponi\\\" sulla politica, sull'economia. Ha voglia anche di scrivere qualcosa di divertente. Le notizie che trovate su Bake News sono le stesse che Cecco porta all'aperitivo con gli amici. Quelle di cui discutere per farsi due risate. Notizie, vere (qualche volta si fa fatica a crederlo), strane, divertenti, ma anche serie. Bake News \u00e8 nato per questo, dare al pubblico notizie croccanti e calde come il pane che esce dal forno. E Cecco Prestina \u00e8 nato con Bake News.\",\"url\":\"https:\/\/newsvirali.it\/fr\/autore\/cecco-prestina\/\"}]}<\/script>\n<!-- \/ Yoast SEO Premium plugin. -->","yoast_head_json":{"title":"Atleta paralimpica squalificata a due metri dal traguardo perch\u00e9 \"troppo altruista\"","robots":{"index":"index","follow":"follow","max-snippet":"max-snippet:-1","max-image-preview":"max-image-preview:large","max-video-preview":"max-video-preview:-1"},"canonical":"https:\/\/newsvirali.it\/fr\/2024\/09\/09\/un-athlete-paralympique-disqualifie-a-deux-metres-de-la-ligne-darrivee-pour-setre-montre-trop-altruiste\/","og_locale":"fr_FR","og_type":"article","og_title":"Atleta paralimpica squalificata a due metri dal traguardo perch\u00e9 \"troppo altruista\"","og_description":"La maratoneta paralimpica Elena Congost \u00e8 stata squalificata e le \u00e8 stata negata la medaglia di bronzo dopo essere stata [&hellip;]","og_url":"https:\/\/newsvirali.it\/fr\/2024\/09\/09\/un-athlete-paralympique-disqualifie-a-deux-metres-de-la-ligne-darrivee-pour-setre-montre-trop-altruiste\/","og_site_name":"News virali","article_published_time":"2024-09-09T07:23:24+00:00","article_modified_time":"2024-09-09T07:23:25+00:00","og_image":[{"width":600,"height":400,"url":"https:\/\/newsvirali.it\/wp-content\/uploads\/2024\/09\/Atleta-paralimpica-squalificata-e-perde-medaglia-a-due-metri-dal-traguardo-perche-troppo-altruista-1.jpg","type":"image\/jpeg"}],"author":"Cecco Prestina","twitter_card":"summary_large_image","twitter_misc":{"\u00c9crit par":"Cecco Prestina","Dur\u00e9e de lecture estim\u00e9e":"3 minutes"},"schema":{"@context":"https:\/\/schema.org","@graph":[{"@type":"NewsArticle","@id":"https:\/\/newsvirali.it\/2024\/09\/09\/atleta-paralimpica-squalificata-a-due-metri-dal-traguardo-perche-troppo-altruista\/#article","isPartOf":{"@id":"https:\/\/newsvirali.it\/2024\/09\/09\/atleta-paralimpica-squalificata-a-due-metri-dal-traguardo-perche-troppo-altruista\/"},"author":{"name":"Cecco Prestina","@id":"https:\/\/newsvirali.it\/fr\/#\/schema\/person\/4c835f7b49c9adb58b33901ee816565d"},"headline":"Atleta paralimpica squalificata a due metri dal traguardo perch\u00e9 &#8220;troppo altruista&#8221;","datePublished":"2024-09-09T07:23:24+00:00","dateModified":"2024-09-09T07:23:25+00:00","mainEntityOfPage":{"@id":"https:\/\/newsvirali.it\/2024\/09\/09\/atleta-paralimpica-squalificata-a-due-metri-dal-traguardo-perche-troppo-altruista\/"},"wordCount":443,"image":{"@id":"https:\/\/newsvirali.it\/2024\/09\/09\/atleta-paralimpica-squalificata-a-due-metri-dal-traguardo-perche-troppo-altruista\/#primaryimage"},"thumbnailUrl":"https:\/\/newsvirali.it\/wp-content\/uploads\/2024\/09\/Atleta-paralimpica-squalificata-e-perde-medaglia-a-due-metri-dal-traguardo-perche-troppo-altruista-1.jpg","articleSection":["Sport"],"inLanguage":"fr-FR","copyrightYear":"2024","copyrightHolder":{"@id":"https:\/\/newsvirali.it\/fr\/#organization"}},{"@type":"WebPage","@id":"https:\/\/newsvirali.it\/2024\/09\/09\/atleta-paralimpica-squalificata-a-due-metri-dal-traguardo-perche-troppo-altruista\/","url":"https:\/\/newsvirali.it\/2024\/09\/09\/atleta-paralimpica-squalificata-a-due-metri-dal-traguardo-perche-troppo-altruista\/","name":"Atleta paralimpica squalificata a due metri dal traguardo perch\u00e9 \"troppo altruista\"","isPartOf":{"@id":"https:\/\/newsvirali.it\/fr\/#website"},"primaryImageOfPage":{"@id":"https:\/\/newsvirali.it\/2024\/09\/09\/atleta-paralimpica-squalificata-a-due-metri-dal-traguardo-perche-troppo-altruista\/#primaryimage"},"image":{"@id":"https:\/\/newsvirali.it\/2024\/09\/09\/atleta-paralimpica-squalificata-a-due-metri-dal-traguardo-perche-troppo-altruista\/#primaryimage"},"thumbnailUrl":"https:\/\/newsvirali.it\/wp-content\/uploads\/2024\/09\/Atleta-paralimpica-squalificata-e-perde-medaglia-a-due-metri-dal-traguardo-perche-troppo-altruista-1.jpg","datePublished":"2024-09-09T07:23:24+00:00","dateModified":"2024-09-09T07:23:25+00:00","author":{"@id":"https:\/\/newsvirali.it\/fr\/#\/schema\/person\/4c835f7b49c9adb58b33901ee816565d"},"breadcrumb":{"@id":"https:\/\/newsvirali.it\/2024\/09\/09\/atleta-paralimpica-squalificata-a-due-metri-dal-traguardo-perche-troppo-altruista\/#breadcrumb"},"inLanguage":"fr-FR","potentialAction":[{"@type":"ReadAction","target":["https:\/\/newsvirali.it\/2024\/09\/09\/atleta-paralimpica-squalificata-a-due-metri-dal-traguardo-perche-troppo-altruista\/"]}]},{"@type":"ImageObject","inLanguage":"fr-FR","@id":"https:\/\/newsvirali.it\/2024\/09\/09\/atleta-paralimpica-squalificata-a-due-metri-dal-traguardo-perche-troppo-altruista\/#primaryimage","url":"https:\/\/newsvirali.it\/wp-content\/uploads\/2024\/09\/Atleta-paralimpica-squalificata-e-perde-medaglia-a-due-metri-dal-traguardo-perche-troppo-altruista-1.jpg","contentUrl":"https:\/\/newsvirali.it\/wp-content\/uploads\/2024\/09\/Atleta-paralimpica-squalificata-e-perde-medaglia-a-due-metri-dal-traguardo-perche-troppo-altruista-1.jpg","width":600,"height":400,"caption":"Atleta paralimpica squalificata (e perde medaglia) a due metri dal traguardo perch\u00e9 troppo altruista"},{"@type":"BreadcrumbList","@id":"https:\/\/newsvirali.it\/2024\/09\/09\/atleta-paralimpica-squalificata-a-due-metri-dal-traguardo-perche-troppo-altruista\/#breadcrumb","itemListElement":[{"@type":"ListItem","position":1,"name":"Home","item":"https:\/\/newsvirali.it\/fr\/"},{"@type":"ListItem","position":2,"name":"Atleta paralimpica squalificata a due metri dal traguardo perch\u00e9 &#8220;troppo altruista&#8221;"}]},{"@type":"WebSite","@id":"https:\/\/newsvirali.it\/fr\/#website","url":"https:\/\/newsvirali.it\/fr\/","name":"Bake News","description":"","potentialAction":[{"@type":"SearchAction","target":{"@type":"EntryPoint","urlTemplate":"https:\/\/newsvirali.it\/fr\/?s={search_term_string}"},"query-input":{"@type":"PropertyValueSpecification","valueRequired":true,"valueName":"search_term_string"}}],"inLanguage":"fr-FR"},{"@type":"Person","@id":"https:\/\/newsvirali.it\/fr\/#\/schema\/person\/4c835f7b49c9adb58b33901ee816565d","name":"Cecco Prestina","description":"Perch\u00e9 nasconderlo? Cecco Prestina \u00e8 un alias, ma dietro di lui non si cela un algoritmo di intelligenza artificiale. C'\u00e8 un giornalista che ha oltre vent'anni di esperienza tutta sul web. Da quando il primo modem ha iniziato a gracchiare sul territorio italiano con Video on Line, Cecco ha capito che da quel doppino sarebbe passato il futuro. Ha dedidicato tutta la sua carriera a capire Internet e poi i social e ora l'Ai. Una carriera in costante aggiornamento. E questa esperienza la mette in campo ogni giorno. Per\u00f2 ogni tanto Cecco ha voglia anche di non scrivere \"pipponi\" sulla politica, sull'economia. Ha voglia anche di scrivere qualcosa di divertente. Le notizie che trovate su Bake News sono le stesse che Cecco porta all'aperitivo con gli amici. Quelle di cui discutere per farsi due risate. Notizie, vere (qualche volta si fa fatica a crederlo), strane, divertenti, ma anche serie. Bake News \u00e8 nato per questo, dare al pubblico notizie croccanti e calde come il pane che esce dal forno. E Cecco Prestina \u00e8 nato con Bake News.","url":"https:\/\/newsvirali.it\/fr\/autore\/cecco-prestina\/"}]}},"_links":{"self":[{"href":"https:\/\/newsvirali.it\/fr\/wp-json\/wp\/v2\/posts\/41684","targetHints":{"allow":["GET"]}}],"collection":[{"href":"https:\/\/newsvirali.it\/fr\/wp-json\/wp\/v2\/posts"}],"about":[{"href":"https:\/\/newsvirali.it\/fr\/wp-json\/wp\/v2\/types\/post"}],"author":[{"embeddable":true,"href":"https:\/\/newsvirali.it\/fr\/wp-json\/wp\/v2\/users\/4"}],"replies":[{"embeddable":true,"href":"https:\/\/newsvirali.it\/fr\/wp-json\/wp\/v2\/comments?post=41684"}],"version-history":[{"count":3,"href":"https:\/\/newsvirali.it\/fr\/wp-json\/wp\/v2\/posts\/41684\/revisions"}],"predecessor-version":[{"id":41788,"href":"https:\/\/newsvirali.it\/fr\/wp-json\/wp\/v2\/posts\/41684\/revisions\/41788"}],"wp:featuredmedia":[{"embeddable":true,"href":"https:\/\/newsvirali.it\/fr\/wp-json\/wp\/v2\/media\/41685"}],"wp:attachment":[{"href":"https:\/\/newsvirali.it\/fr\/wp-json\/wp\/v2\/media?parent=41684"}],"wp:term":[{"taxonomy":"category","embeddable":true,"href":"https:\/\/newsvirali.it\/fr\/wp-json\/wp\/v2\/categories?post=41684"},{"taxonomy":"post_tag","embeddable":true,"href":"https:\/\/newsvirali.it\/fr\/wp-json\/wp\/v2\/tags?post=41684"}],"curies":[{"name":"wp","href":"https:\/\/api.w.org\/{rel}","templated":true}]}}