{"id":40462,"date":"2024-08-25T07:45:41","date_gmt":"2024-08-25T05:45:41","guid":{"rendered":"https:\/\/www.bakenews.it\/?p=40462"},"modified":"2024-08-25T07:45:42","modified_gmt":"2024-08-25T05:45:42","slug":"elicottero-si-schianta-davanti-a-una-spiaggia-e-terrorizza-bagnanti-video","status":"publish","type":"post","link":"https:\/\/newsvirali.it\/fr\/2024\/08\/25\/un-helicoptere-secrase-devant-une-plage-et-terrorise-les-nageurs-video\/","title":{"rendered":"Un h\u00e9licopt\u00e8re s&#039;\u00e9crase devant une plage et terrorise les baigneurs : vid\u00e9o"},"content":{"rendered":"<p>Un mini-h\u00e9licopt\u00e8re a \u00e9t\u00e9 aper\u00e7u volant \u00e0 basse altitude au-dessus d&#039;une plage en Italie avant de s&#039;\u00e9craser dans la mer devant des nageurs horrifi\u00e9s. L&#039;avion biplace a \u00e9t\u00e9 aper\u00e7u jeudi volant dangereusement pr\u00e8s de la plage de Bassa Quita, au-dessus de la c\u00f4te de Marina di Minturno, dans la province de Latina. Une vid\u00e9o de cette exp\u00e9rience terrifiante montre l&#039;h\u00e9licopt\u00e8re se rapprochant de plus en plus de l&#039;eau, \u00e0 proximit\u00e9 d&#039;une plage pleine de monde.<\/p>\n\n\n\n<p><strong>LIRE AUSSI<\/strong><\/p>\n\n\n\n<ul class=\"wp-block-list\">\n<li><a href=\"https:\/\/www.bakenews.it\/2024\/08\/17\/aereo-si-schianta-in-mare-in-costa-azzurra-davanti-a-decine-di-persone-video-shock\/\">Un avion s&#039;\u00e9crase en mer sur la C\u00f4te d&#039;Azur devant des dizaines de personnes : vid\u00e9o choc<\/a><\/li>\n\n\n\n<li><a href=\"https:\/\/www.bakenews.it\/2024\/06\/24\/motoscafo-senza-controllo-si-schianta-su-spiaggia-a-formentera-nessun-ferito\/\">Un bateau \u00e0 moteur incontr\u00f4lable s&#039;\u00e9crase sur la plage de Formentera : personne n&#039;a \u00e9t\u00e9 bless\u00e9<\/a><\/li>\n\n\n\n<li><a href=\"https:\/\/www.bakenews.it\/2024\/06\/06\/tram-fuori-controllo-schianta-passeggeri-sbalzati-fuori-autostrada\/\">Accidents de tramway incontr\u00f4lables : passagers \u00e9ject\u00e9s sur l&#039;autoroute, vid\u00e9o choc<\/a><\/li>\n<\/ul>\n\n\n\n<p>Quelques secondes plus tard, il a \u00e9t\u00e9 vu s&#039;\u00e9craser dans la mer et tomber au sol au milieu d&#039;une violente \u00e9claboussure. Le pilote est miraculeusement indemne apr\u00e8s l&#039;accident. Le d\u00e9put\u00e9 italien Francesco Emilio Borrelli a comment\u00e9 cette affaire en avertissant que &quot;ce n&#039;est que par hasard que cela ne s&#039;est pas transform\u00e9 en trag\u00e9die&quot;. Le d\u00e9put\u00e9 d&#039;Alleanza Verdi Sinistra a d\u00e9clar\u00e9 : \u00ab Nous devons parler de l&#039;accident survenu \u00e0 Marina di Minturno car ce n&#039;est que par hasard qu&#039;il ne s&#039;est pas transform\u00e9 en trag\u00e9die.<\/p>\n\n\n\n<figure class=\"wp-block-embed is-type-video is-provider-tiktok wp-block-embed-tiktok\"><div class=\"wp-block-embed__wrapper\">\n<blockquote class=\"tiktok-embed\" cite=\"https:\/\/www.tiktok.com\/@damiano9.3\/video\/7406304011344809248\" data-video-id=\"7406304011344809248\" data-embed-from=\"oembed\" style=\"max-width:605px; min-width:325px;\"> <section> <a target=\"_blank\" title=\"@damiano9.3\" href=\"https:\/\/www.tiktok.com\/@damiano9.3?refer=embed\">@damiano9.3<\/a> <p>@\ud83c\udfd6\ufe0f\u26f1\ufe0fAcquaMarina Beach\u26f1\ufe0f\ud83c\udfd6\ufe0f <a title=\"est\" target=\"_blank\" href=\"https:\/\/www.tiktok.com\/tag\/levante?refer=embed\">#levante<\/a> <a title=\"minturnoscauri\" target=\"_blank\" href=\"https:\/\/www.tiktok.com\/tag\/minturnoscauri?refer=embed\">#minturnoscauri<\/a> <\/p> <a target=\"_blank\" title=\"\u266c nh\u1ea1c n\u1ec1n - Michael-vo - wheystore.vn\" href=\"https:\/\/www.tiktok.com\/music\/nh\u1ea1c-n\u1ec1n-Michael-vo-7082008704488377115?refer=embed\">\u266c nh\u1ea1c n\u1ec1n \u2013 Michael-vo \u2013 wheystore.vn<\/a> <\/section> <\/blockquote> <script async src=\"https:\/\/www.tiktok.com\/embed.js\"><\/script>\n<\/div><\/figure>\n\n\n\n<p>\u00ab J&#039;ai demand\u00e9 que soient pr\u00e9cis\u00e9es les raisons de l&#039;atterrissage soudain de l&#039;avion, si elles \u00e9taient dues \u00e0 une panne m\u00e9canique ou \u00e0 une erreur de pilotage et s&#039;il est normal que des vols \u00e0 si basse altitude soient si proches d&#039;endroits tr\u00e8s fr\u00e9quent\u00e9s comme stations baln\u00e9aires \u00bb. Il a ajout\u00e9 que les mini-h\u00e9licopt\u00e8res et les parapentes sont devenus un spectacle &quot;constant&quot; \u00e0 Minturno, &quot;surtout \u00e0 basse altitude et au-dessus de la t\u00eate des nageurs&quot;. L&#039;homme politique a \u00e9galement demand\u00e9 &quot;des contr\u00f4les rigoureux de la s\u00e9curit\u00e9 de ceux qui les exploitent et des personnes h\u00e9berg\u00e9es \u00e0 bord, avec des contr\u00f4les pr\u00e9cis de ce qui est exig\u00e9 par les codes de vol et de la possession de l&#039;\u00e9quipement n\u00e9cessaire par les pilotes&quot;.<\/p>\n\n\n\n<p>La vid\u00e9o de l&#039;incident a circul\u00e9 sur TikTok et de nombreux utilisateurs ont comment\u00e9. En effet, plusieurs se demandaient s&#039;il \u00e9tait normal de voir un avion motoris\u00e9 naviguer si pr\u00e8s d&#039;une plage. La man\u0153uvre du pilote ne semble donc pas indiquer un probl\u00e8me technique mais une erreur humaine, ce qui provoque encore plus d&#039;inqui\u00e9tude.<\/p>\n\n\n\n<p><strong>ARTICLES LES PLUS LUS<\/strong><\/p>\n\n\n<p>[koko_analytics_most_viewed_posts number=5 days=8 post_type=\u201dpost\u201d show_date=\u201dfalse\u201d]<\/p>\n<br \/>Suivez-nous \u00e9galement sur Google News : <b><a href=\"https:\/\/news.google.com\/publications\/CAAqBwgKMNqJiwswjMfqAg?hl=it&gl=IT&ceid=IT:it\" target=\"_blank\">Cliquez ici<\/a><\/b>","protected":false},"excerpt":{"rendered":"<p>Un mini-h\u00e9licopt\u00e8re a \u00e9t\u00e9 rep\u00e9r\u00e9 volant \u00e0 basse altitude au-dessus d&#039;une plage en Italie avant de s&#039;\u00e9craser dans la mer devant [...]<\/p>","protected":false},"author":4,"featured_media":40463,"comment_status":"closed","ping_status":"open","sticky":false,"template":"","format":"standard","meta":{"MSN_Categories":"Uncategorized","MSN_Publish_Option":false,"MSN_Is_Local_News":false,"MSN_Is_AIAC_Included":"Empty","MSN_Location":"[]","MSN_Add_Feature_Img_On_Top_Of_Post":false,"MSN_Has_Custom_Author":false,"MSN_Custom_Author":"","MSN_Has_Custom_Canonical_Url":false,"MSN_Custom_Canonical_Url":"","footnotes":""},"categories":[9],"tags":[],"class_list":["post-40462","post","type-post","status-publish","format-standard","has-post-thumbnail","hentry","category-mondo"],"acf":[],"yoast_head":"<!-- This site is optimized with the Yoast SEO Premium plugin v26.7 (Yoast SEO v26.7) - https:\/\/yoast.com\/wordpress\/plugins\/seo\/ -->\n<title>Elicottero si schianta davanti a una spiaggia e terrorizza bagnanti: video<\/title>\n<meta name=\"description\" content=\"Un mini elicottero \u00e8 stato avvistato volare basso su una spiaggia in Italia davanti a bagnanti inorriditi e poi si schianta: video shock.\" \/>\n<meta name=\"robots\" content=\"index, follow, max-snippet:-1, max-image-preview:large, max-video-preview:-1\" \/>\n<link rel=\"canonical\" href=\"https:\/\/newsvirali.it\/fr\/2024\/08\/25\/un-helicoptere-secrase-devant-une-plage-et-terrorise-les-nageurs-video\/\" \/>\n<meta property=\"og:locale\" content=\"fr_FR\" \/>\n<meta property=\"og:type\" content=\"article\" \/>\n<meta property=\"og:title\" content=\"Elicottero si schianta davanti a una spiaggia e terrorizza bagnanti: video\" \/>\n<meta property=\"og:description\" content=\"Un mini elicottero \u00e8 stato avvistato volare basso su una spiaggia in Italia davanti a bagnanti inorriditi e poi si schianta: video shock.\" \/>\n<meta property=\"og:url\" content=\"https:\/\/newsvirali.it\/fr\/2024\/08\/25\/un-helicoptere-secrase-devant-une-plage-et-terrorise-les-nageurs-video\/\" \/>\n<meta property=\"og:site_name\" content=\"News virali\" \/>\n<meta property=\"article:published_time\" content=\"2024-08-25T05:45:41+00:00\" \/>\n<meta property=\"article:modified_time\" content=\"2024-08-25T05:45:42+00:00\" \/>\n<meta property=\"og:image\" content=\"https:\/\/newsvirali.it\/wp-content\/uploads\/2024\/08\/Elicottero-si-schianta-davanti-a-una-spiaggia-e-terrorizza-bagnanti-video-1.jpg\" \/>\n\t<meta property=\"og:image:width\" content=\"600\" \/>\n\t<meta property=\"og:image:height\" content=\"400\" \/>\n\t<meta property=\"og:image:type\" content=\"image\/jpeg\" \/>\n<meta name=\"author\" content=\"Cecco Prestina\" \/>\n<meta name=\"twitter:card\" content=\"summary_large_image\" \/>\n<meta name=\"twitter:label1\" content=\"\u00c9crit par\" \/>\n\t<meta name=\"twitter:data1\" content=\"Cecco Prestina\" \/>\n\t<meta name=\"twitter:label2\" content=\"Dur\u00e9e de lecture estim\u00e9e\" \/>\n\t<meta name=\"twitter:data2\" content=\"2 minutes\" \/>\n<script type=\"application\/ld+json\" class=\"yoast-schema-graph\">{\"@context\":\"https:\/\/schema.org\",\"@graph\":[{\"@type\":\"NewsArticle\",\"@id\":\"https:\/\/newsvirali.it\/2024\/08\/25\/elicottero-si-schianta-davanti-a-una-spiaggia-e-terrorizza-bagnanti-video\/#article\",\"isPartOf\":{\"@id\":\"https:\/\/newsvirali.it\/2024\/08\/25\/elicottero-si-schianta-davanti-a-una-spiaggia-e-terrorizza-bagnanti-video\/\"},\"author\":{\"name\":\"Cecco Prestina\",\"@id\":\"https:\/\/newsvirali.it\/fr\/#\/schema\/person\/4c835f7b49c9adb58b33901ee816565d\"},\"headline\":\"Elicottero si schianta davanti a una spiaggia e terrorizza bagnanti: video\",\"datePublished\":\"2024-08-25T05:45:41+00:00\",\"dateModified\":\"2024-08-25T05:45:42+00:00\",\"mainEntityOfPage\":{\"@id\":\"https:\/\/newsvirali.it\/2024\/08\/25\/elicottero-si-schianta-davanti-a-una-spiaggia-e-terrorizza-bagnanti-video\/\"},\"wordCount\":374,\"image\":{\"@id\":\"https:\/\/newsvirali.it\/2024\/08\/25\/elicottero-si-schianta-davanti-a-una-spiaggia-e-terrorizza-bagnanti-video\/#primaryimage\"},\"thumbnailUrl\":\"https:\/\/newsvirali.it\/wp-content\/uploads\/2024\/08\/Elicottero-si-schianta-davanti-a-una-spiaggia-e-terrorizza-bagnanti-video-1.jpg\",\"articleSection\":[\"Mondo\"],\"inLanguage\":\"fr-FR\",\"copyrightYear\":\"2024\",\"copyrightHolder\":{\"@id\":\"https:\/\/newsvirali.it\/fr\/#organization\"}},{\"@type\":\"WebPage\",\"@id\":\"https:\/\/newsvirali.it\/2024\/08\/25\/elicottero-si-schianta-davanti-a-una-spiaggia-e-terrorizza-bagnanti-video\/\",\"url\":\"https:\/\/newsvirali.it\/2024\/08\/25\/elicottero-si-schianta-davanti-a-una-spiaggia-e-terrorizza-bagnanti-video\/\",\"name\":\"Elicottero si schianta davanti a una spiaggia e terrorizza bagnanti: video\",\"isPartOf\":{\"@id\":\"https:\/\/newsvirali.it\/fr\/#website\"},\"primaryImageOfPage\":{\"@id\":\"https:\/\/newsvirali.it\/2024\/08\/25\/elicottero-si-schianta-davanti-a-una-spiaggia-e-terrorizza-bagnanti-video\/#primaryimage\"},\"image\":{\"@id\":\"https:\/\/newsvirali.it\/2024\/08\/25\/elicottero-si-schianta-davanti-a-una-spiaggia-e-terrorizza-bagnanti-video\/#primaryimage\"},\"thumbnailUrl\":\"https:\/\/newsvirali.it\/wp-content\/uploads\/2024\/08\/Elicottero-si-schianta-davanti-a-una-spiaggia-e-terrorizza-bagnanti-video-1.jpg\",\"datePublished\":\"2024-08-25T05:45:41+00:00\",\"dateModified\":\"2024-08-25T05:45:42+00:00\",\"author\":{\"@id\":\"https:\/\/newsvirali.it\/fr\/#\/schema\/person\/4c835f7b49c9adb58b33901ee816565d\"},\"description\":\"Un mini elicottero \u00e8 stato avvistato volare basso su una spiaggia in Italia davanti a bagnanti inorriditi e poi si schianta: video shock.\",\"breadcrumb\":{\"@id\":\"https:\/\/newsvirali.it\/2024\/08\/25\/elicottero-si-schianta-davanti-a-una-spiaggia-e-terrorizza-bagnanti-video\/#breadcrumb\"},\"inLanguage\":\"fr-FR\",\"potentialAction\":[{\"@type\":\"ReadAction\",\"target\":[\"https:\/\/newsvirali.it\/2024\/08\/25\/elicottero-si-schianta-davanti-a-una-spiaggia-e-terrorizza-bagnanti-video\/\"]}]},{\"@type\":\"ImageObject\",\"inLanguage\":\"fr-FR\",\"@id\":\"https:\/\/newsvirali.it\/2024\/08\/25\/elicottero-si-schianta-davanti-a-una-spiaggia-e-terrorizza-bagnanti-video\/#primaryimage\",\"url\":\"https:\/\/newsvirali.it\/wp-content\/uploads\/2024\/08\/Elicottero-si-schianta-davanti-a-una-spiaggia-e-terrorizza-bagnanti-video-1.jpg\",\"contentUrl\":\"https:\/\/newsvirali.it\/wp-content\/uploads\/2024\/08\/Elicottero-si-schianta-davanti-a-una-spiaggia-e-terrorizza-bagnanti-video-1.jpg\",\"width\":600,\"height\":400,\"caption\":\"Elicottero si schianta davanti a una spiaggia e terrorizza bagnanti: video\"},{\"@type\":\"BreadcrumbList\",\"@id\":\"https:\/\/newsvirali.it\/2024\/08\/25\/elicottero-si-schianta-davanti-a-una-spiaggia-e-terrorizza-bagnanti-video\/#breadcrumb\",\"itemListElement\":[{\"@type\":\"ListItem\",\"position\":1,\"name\":\"Home\",\"item\":\"https:\/\/newsvirali.it\/fr\/\"},{\"@type\":\"ListItem\",\"position\":2,\"name\":\"Elicottero si schianta davanti a una spiaggia e terrorizza bagnanti: video\"}]},{\"@type\":\"WebSite\",\"@id\":\"https:\/\/newsvirali.it\/fr\/#website\",\"url\":\"https:\/\/newsvirali.it\/fr\/\",\"name\":\"Bake News\",\"description\":\"\",\"potentialAction\":[{\"@type\":\"SearchAction\",\"target\":{\"@type\":\"EntryPoint\",\"urlTemplate\":\"https:\/\/newsvirali.it\/fr\/?s={search_term_string}\"},\"query-input\":{\"@type\":\"PropertyValueSpecification\",\"valueRequired\":true,\"valueName\":\"search_term_string\"}}],\"inLanguage\":\"fr-FR\"},{\"@type\":\"Person\",\"@id\":\"https:\/\/newsvirali.it\/fr\/#\/schema\/person\/4c835f7b49c9adb58b33901ee816565d\",\"name\":\"Cecco Prestina\",\"description\":\"Perch\u00e9 nasconderlo? Cecco Prestina \u00e8 un alias, ma dietro di lui non si cela un algoritmo di intelligenza artificiale. C'\u00e8 un giornalista che ha oltre vent'anni di esperienza tutta sul web. Da quando il primo modem ha iniziato a gracchiare sul territorio italiano con Video on Line, Cecco ha capito che da quel doppino sarebbe passato il futuro. Ha dedidicato tutta la sua carriera a capire Internet e poi i social e ora l'Ai. Una carriera in costante aggiornamento. E questa esperienza la mette in campo ogni giorno. Per\u00f2 ogni tanto Cecco ha voglia anche di non scrivere \\\"pipponi\\\" sulla politica, sull'economia. Ha voglia anche di scrivere qualcosa di divertente. Le notizie che trovate su Bake News sono le stesse che Cecco porta all'aperitivo con gli amici. Quelle di cui discutere per farsi due risate. Notizie, vere (qualche volta si fa fatica a crederlo), strane, divertenti, ma anche serie. Bake News \u00e8 nato per questo, dare al pubblico notizie croccanti e calde come il pane che esce dal forno. E Cecco Prestina \u00e8 nato con Bake News.\",\"url\":\"https:\/\/newsvirali.it\/fr\/autore\/cecco-prestina\/\"}]}<\/script>\n<!-- \/ Yoast SEO Premium plugin. -->","yoast_head_json":{"title":"Elicottero si schianta davanti a una spiaggia e terrorizza bagnanti: video","description":"Un mini elicottero \u00e8 stato avvistato volare basso su una spiaggia in Italia davanti a bagnanti inorriditi e poi si schianta: video shock.","robots":{"index":"index","follow":"follow","max-snippet":"max-snippet:-1","max-image-preview":"max-image-preview:large","max-video-preview":"max-video-preview:-1"},"canonical":"https:\/\/newsvirali.it\/fr\/2024\/08\/25\/un-helicoptere-secrase-devant-une-plage-et-terrorise-les-nageurs-video\/","og_locale":"fr_FR","og_type":"article","og_title":"Elicottero si schianta davanti a una spiaggia e terrorizza bagnanti: video","og_description":"Un mini elicottero \u00e8 stato avvistato volare basso su una spiaggia in Italia davanti a bagnanti inorriditi e poi si schianta: video shock.","og_url":"https:\/\/newsvirali.it\/fr\/2024\/08\/25\/un-helicoptere-secrase-devant-une-plage-et-terrorise-les-nageurs-video\/","og_site_name":"News virali","article_published_time":"2024-08-25T05:45:41+00:00","article_modified_time":"2024-08-25T05:45:42+00:00","og_image":[{"width":600,"height":400,"url":"https:\/\/newsvirali.it\/wp-content\/uploads\/2024\/08\/Elicottero-si-schianta-davanti-a-una-spiaggia-e-terrorizza-bagnanti-video-1.jpg","type":"image\/jpeg"}],"author":"Cecco Prestina","twitter_card":"summary_large_image","twitter_misc":{"\u00c9crit par":"Cecco Prestina","Dur\u00e9e de lecture estim\u00e9e":"2 minutes"},"schema":{"@context":"https:\/\/schema.org","@graph":[{"@type":"NewsArticle","@id":"https:\/\/newsvirali.it\/2024\/08\/25\/elicottero-si-schianta-davanti-a-una-spiaggia-e-terrorizza-bagnanti-video\/#article","isPartOf":{"@id":"https:\/\/newsvirali.it\/2024\/08\/25\/elicottero-si-schianta-davanti-a-una-spiaggia-e-terrorizza-bagnanti-video\/"},"author":{"name":"Cecco Prestina","@id":"https:\/\/newsvirali.it\/fr\/#\/schema\/person\/4c835f7b49c9adb58b33901ee816565d"},"headline":"Elicottero si schianta davanti a una spiaggia e terrorizza bagnanti: video","datePublished":"2024-08-25T05:45:41+00:00","dateModified":"2024-08-25T05:45:42+00:00","mainEntityOfPage":{"@id":"https:\/\/newsvirali.it\/2024\/08\/25\/elicottero-si-schianta-davanti-a-una-spiaggia-e-terrorizza-bagnanti-video\/"},"wordCount":374,"image":{"@id":"https:\/\/newsvirali.it\/2024\/08\/25\/elicottero-si-schianta-davanti-a-una-spiaggia-e-terrorizza-bagnanti-video\/#primaryimage"},"thumbnailUrl":"https:\/\/newsvirali.it\/wp-content\/uploads\/2024\/08\/Elicottero-si-schianta-davanti-a-una-spiaggia-e-terrorizza-bagnanti-video-1.jpg","articleSection":["Mondo"],"inLanguage":"fr-FR","copyrightYear":"2024","copyrightHolder":{"@id":"https:\/\/newsvirali.it\/fr\/#organization"}},{"@type":"WebPage","@id":"https:\/\/newsvirali.it\/2024\/08\/25\/elicottero-si-schianta-davanti-a-una-spiaggia-e-terrorizza-bagnanti-video\/","url":"https:\/\/newsvirali.it\/2024\/08\/25\/elicottero-si-schianta-davanti-a-una-spiaggia-e-terrorizza-bagnanti-video\/","name":"Elicottero si schianta davanti a una spiaggia e terrorizza bagnanti: video","isPartOf":{"@id":"https:\/\/newsvirali.it\/fr\/#website"},"primaryImageOfPage":{"@id":"https:\/\/newsvirali.it\/2024\/08\/25\/elicottero-si-schianta-davanti-a-una-spiaggia-e-terrorizza-bagnanti-video\/#primaryimage"},"image":{"@id":"https:\/\/newsvirali.it\/2024\/08\/25\/elicottero-si-schianta-davanti-a-una-spiaggia-e-terrorizza-bagnanti-video\/#primaryimage"},"thumbnailUrl":"https:\/\/newsvirali.it\/wp-content\/uploads\/2024\/08\/Elicottero-si-schianta-davanti-a-una-spiaggia-e-terrorizza-bagnanti-video-1.jpg","datePublished":"2024-08-25T05:45:41+00:00","dateModified":"2024-08-25T05:45:42+00:00","author":{"@id":"https:\/\/newsvirali.it\/fr\/#\/schema\/person\/4c835f7b49c9adb58b33901ee816565d"},"description":"Un mini elicottero \u00e8 stato avvistato volare basso su una spiaggia in Italia davanti a bagnanti inorriditi e poi si schianta: video shock.","breadcrumb":{"@id":"https:\/\/newsvirali.it\/2024\/08\/25\/elicottero-si-schianta-davanti-a-una-spiaggia-e-terrorizza-bagnanti-video\/#breadcrumb"},"inLanguage":"fr-FR","potentialAction":[{"@type":"ReadAction","target":["https:\/\/newsvirali.it\/2024\/08\/25\/elicottero-si-schianta-davanti-a-una-spiaggia-e-terrorizza-bagnanti-video\/"]}]},{"@type":"ImageObject","inLanguage":"fr-FR","@id":"https:\/\/newsvirali.it\/2024\/08\/25\/elicottero-si-schianta-davanti-a-una-spiaggia-e-terrorizza-bagnanti-video\/#primaryimage","url":"https:\/\/newsvirali.it\/wp-content\/uploads\/2024\/08\/Elicottero-si-schianta-davanti-a-una-spiaggia-e-terrorizza-bagnanti-video-1.jpg","contentUrl":"https:\/\/newsvirali.it\/wp-content\/uploads\/2024\/08\/Elicottero-si-schianta-davanti-a-una-spiaggia-e-terrorizza-bagnanti-video-1.jpg","width":600,"height":400,"caption":"Elicottero si schianta davanti a una spiaggia e terrorizza bagnanti: video"},{"@type":"BreadcrumbList","@id":"https:\/\/newsvirali.it\/2024\/08\/25\/elicottero-si-schianta-davanti-a-una-spiaggia-e-terrorizza-bagnanti-video\/#breadcrumb","itemListElement":[{"@type":"ListItem","position":1,"name":"Home","item":"https:\/\/newsvirali.it\/fr\/"},{"@type":"ListItem","position":2,"name":"Elicottero si schianta davanti a una spiaggia e terrorizza bagnanti: video"}]},{"@type":"WebSite","@id":"https:\/\/newsvirali.it\/fr\/#website","url":"https:\/\/newsvirali.it\/fr\/","name":"Bake News","description":"","potentialAction":[{"@type":"SearchAction","target":{"@type":"EntryPoint","urlTemplate":"https:\/\/newsvirali.it\/fr\/?s={search_term_string}"},"query-input":{"@type":"PropertyValueSpecification","valueRequired":true,"valueName":"search_term_string"}}],"inLanguage":"fr-FR"},{"@type":"Person","@id":"https:\/\/newsvirali.it\/fr\/#\/schema\/person\/4c835f7b49c9adb58b33901ee816565d","name":"Cecco Prestina","description":"Perch\u00e9 nasconderlo? Cecco Prestina \u00e8 un alias, ma dietro di lui non si cela un algoritmo di intelligenza artificiale. C'\u00e8 un giornalista che ha oltre vent'anni di esperienza tutta sul web. Da quando il primo modem ha iniziato a gracchiare sul territorio italiano con Video on Line, Cecco ha capito che da quel doppino sarebbe passato il futuro. Ha dedidicato tutta la sua carriera a capire Internet e poi i social e ora l'Ai. Una carriera in costante aggiornamento. E questa esperienza la mette in campo ogni giorno. Per\u00f2 ogni tanto Cecco ha voglia anche di non scrivere \"pipponi\" sulla politica, sull'economia. Ha voglia anche di scrivere qualcosa di divertente. Le notizie che trovate su Bake News sono le stesse che Cecco porta all'aperitivo con gli amici. Quelle di cui discutere per farsi due risate. Notizie, vere (qualche volta si fa fatica a crederlo), strane, divertenti, ma anche serie. Bake News \u00e8 nato per questo, dare al pubblico notizie croccanti e calde come il pane che esce dal forno. E Cecco Prestina \u00e8 nato con Bake News.","url":"https:\/\/newsvirali.it\/fr\/autore\/cecco-prestina\/"}]}},"_links":{"self":[{"href":"https:\/\/newsvirali.it\/fr\/wp-json\/wp\/v2\/posts\/40462","targetHints":{"allow":["GET"]}}],"collection":[{"href":"https:\/\/newsvirali.it\/fr\/wp-json\/wp\/v2\/posts"}],"about":[{"href":"https:\/\/newsvirali.it\/fr\/wp-json\/wp\/v2\/types\/post"}],"author":[{"embeddable":true,"href":"https:\/\/newsvirali.it\/fr\/wp-json\/wp\/v2\/users\/4"}],"replies":[{"embeddable":true,"href":"https:\/\/newsvirali.it\/fr\/wp-json\/wp\/v2\/comments?post=40462"}],"version-history":[{"count":4,"href":"https:\/\/newsvirali.it\/fr\/wp-json\/wp\/v2\/posts\/40462\/revisions"}],"predecessor-version":[{"id":40536,"href":"https:\/\/newsvirali.it\/fr\/wp-json\/wp\/v2\/posts\/40462\/revisions\/40536"}],"wp:featuredmedia":[{"embeddable":true,"href":"https:\/\/newsvirali.it\/fr\/wp-json\/wp\/v2\/media\/40463"}],"wp:attachment":[{"href":"https:\/\/newsvirali.it\/fr\/wp-json\/wp\/v2\/media?parent=40462"}],"wp:term":[{"taxonomy":"category","embeddable":true,"href":"https:\/\/newsvirali.it\/fr\/wp-json\/wp\/v2\/categories?post=40462"},{"taxonomy":"post_tag","embeddable":true,"href":"https:\/\/newsvirali.it\/fr\/wp-json\/wp\/v2\/tags?post=40462"}],"curies":[{"name":"wp","href":"https:\/\/api.w.org\/{rel}","templated":true}]}}