{"id":38722,"date":"2024-08-06T13:42:25","date_gmt":"2024-08-06T11:42:25","guid":{"rendered":"https:\/\/www.bakenews.it\/?p=38722"},"modified":"2024-08-06T15:56:17","modified_gmt":"2024-08-06T13:56:17","slug":"tintura-per-capelli-fa-gonfiare-la-testa-quasi-ad-esplodere-rischia-la-vita-ecco-perche","status":"publish","type":"post","link":"https:\/\/newsvirali.it\/fr\/2024\/08\/06\/la-teinture-capillaire-fait-gonfler-la-tete-et-presque-exploser-elle-met-votre-vie-en-danger-voici-pourquoi\/","title":{"rendered":"La teinture capillaire fait gonfler la t\u00eate jusqu&#039;\u00e0 exploser : elle met votre vie en danger, c&#039;est pourquoi"},"content":{"rendered":"<p>Une teinture capillaire destin\u00e9e \u00e0 couvrir les cheveux gris a pouss\u00e9 un homme \u00e0 risquer sa vie et a trouv\u00e9 sa t\u00eate enfl\u00e9e presque au point d&#039;\u00e9clater. Un homme du Lancashire qui a eu une r\u00e9action allergique \u00e0 une teinture capillaire a d\u00e9clar\u00e9 qu&#039;il s&#039;\u00e9tait retrouv\u00e9 avec une &quot;t\u00eate de ballon&quot; g\u00e9ante comme celle du personnage du film d&#039;animation Megamind. Sa petite amie, a-t-il d\u00e9clar\u00e9 lui-m\u00eame, n&#039;a pas eu le courage de le regarder en face. La t\u00eate de Ryan Brigg, 27 ans, a enfl\u00e9, prenant d&#039;abord la forme d&#039;un pneu autour de son front, puis tout son visage est devenu tout aussi tragique. Pour r\u00e9duire l\u2019enflure, le gar\u00e7on a fini par prendre jusqu\u2019\u00e0 25 m\u00e9dicaments par jour.<\/p>\n\n\n\n<p><strong>LIRE AUSSI<\/strong><\/p>\n\n\n\n<ul class=\"wp-block-list\">\n<li><a href=\"https:\/\/www.bakenews.it\/2023\/08\/09\/allergica-noccioline-costretta-comprare-confezioni-aereo\/\">Allergique aux cacahu\u00e8tes, elle demande \u00e0 la compagnie a\u00e9rienne de ne pas les servir : oblig\u00e9e d&#039;acheter tous les paquets<\/a><\/li>\n\n\n\n<li><a href=\"https:\/\/www.bakenews.it\/2024\/05\/07\/donna-assume-ibuprofene-dolori-mestruali-ustioni-coma\/\">Une femme prend de l&#039;ibuprof\u00e8ne pour soulager ses douleurs menstruelles : elle souffre de br\u00fblures et tombe dans le coma<\/a><\/li>\n\n\n\n<li><a href=\"https:\/\/www.bakenews.it\/2024\/01\/25\/ballerina-25enne-mangia-un-biscotto-e-muore-colpa-di-una-nocciolina\/\">Une danseuse de 25 ans mange un biscuit et meurt : \u00e0 cause d&#039;une cacahu\u00e8te<\/a><\/li>\n<\/ul>\n\n\n\n<h2 class=\"wp-block-heading\" id=\"h-tintura-per-capelli-fa-reazione-allergica-testa-come-palloncino\">La teinture capillaire provoque une r\u00e9action allergique\u00a0: la t\u00eate ressemble \u00e0 un ballon<\/h2>\n\n\n\n<p>Tout a commenc\u00e9 le 27 juillet lorsque Ryan s&#039;est rendu chez sa m\u00e8re qui lui avait achet\u00e9 de la teinture noire pour couvrir quelques cheveux gris qui commen\u00e7aient \u00e0 appara\u00eetre. Le jeune homme de 27 ans a appliqu\u00e9 le produit sur son cuir chevelu sans toutefois faire le test que ces colorants invitent \u00e0 faire, \u00e0 savoir un test cutan\u00e9 pour d\u00e9couvrir d&#039;\u00e9ventuelles r\u00e9actions allergiques.<\/p>\n\n\n\n<p>Bien qu&#039;il ait ressenti une sensation de br\u00fblure, Ryan a pens\u00e9 que c&#039;\u00e9tait normal et s&#039;est couch\u00e9. Le lendemain, cependant, il a remarqu\u00e9 une premi\u00e8re \u00e9ruption cutan\u00e9e squameuse autour de la racine de ses cheveux. Et il a commenc\u00e9 \u00e0 photographier cet \u00e9v\u00e9nement pour le faire \u00e9valuer par un m\u00e9decin. Ce jour-l\u00e0, il se rendit au travail comme d&#039;habitude et fut horrifi\u00e9 car plus le temps passait, plus sa t\u00eate enflait. En fin de journ\u00e9e, une sorte de ballon a \u00e9t\u00e9 retrouv\u00e9. Ses coll\u00e8gues l\u2019ont alors imm\u00e9diatement renvoy\u00e9 chez lui et il s\u2019est rendu aux urgences. Mais \u00e0 l&#039;h\u00f4pital, ils l&#039;ont ensuite renvoy\u00e9 chez lui, l&#039;invitant \u00e0 revenir si la situation empirait.<\/p>\n\n\n\n<h2 class=\"wp-block-heading\" id=\"h-ha-rischiato-la-vita-poteva-morire-soffocato\">Il a risqu\u00e9 sa vie, il aurait pu mourir \u00e9touff\u00e9<\/h2>\n\n\n\n<p>Et le lendemain, c&#039;\u00e9tait vraiment pire. Ryan s&#039;est r\u00e9veill\u00e9 avec son visage si enfl\u00e9 que son \u0153il gauche \u00e9tait compl\u00e8tement ferm\u00e9. Il a ensuite appel\u00e9 une ambulance et \u00e0 l&#039;h\u00f4pital, ils lui ont diagnostiqu\u00e9 une r\u00e9action allergique \u00e0 la paraph\u00e9nyl\u00e8nediamine (PPD), un produit chimique couramment pr\u00e9sent dans les teintures capillaires. Ryan a d\u00e9clar\u00e9 : \u00ab J&#039;\u00e9tais cens\u00e9 passer un test, mais je ne savais pas que c&#039;\u00e9tait n\u00e9cessaire de le faire. J&#039;ai appliqu\u00e9 le colorant et \u00e7a a un peu br\u00fbl\u00e9, mais je pensais que c&#039;\u00e9tait ce que \u00e7a faisait. Ce n\u2019\u00e9tait \u00e9videmment pas le cas. \u00bb<\/p>\n\n\n\n<p>Bien que tout va bien maintenant, Ryan affirme qu&#039;il a des cro\u00fbtes sur le cuir chevelu et avertit d\u00e9sormais les autres de ne pas commettre la m\u00eame erreur que lui et de toujours passer un test cutan\u00e9, car la situation aurait pu \u00eatre bien pire si elle s&#039;\u00e9tait propag\u00e9e plus loin le long du cou. et des voies respiratoires. Ryan a ajout\u00e9 : \u00ab C&#039;est pourquoi ils m&#039;ont gard\u00e9 \u00e0 l&#039;int\u00e9rieur, car si cela \u00e9tait mont\u00e9 jusqu&#039;\u00e0 mon cou, cela aurait pu commencer \u00e0 fermer mes voies respiratoires. Je suis content que ce soit fini maintenant, mais fais certainement un test.&quot;<\/p>\n\n\n\n<p><strong>ARTICLES LES PLUS LUS<\/strong><\/p>\n\n\n<p>[koko_analytics_most_viewed_posts number=5 days=8 post_type=\u201dpost\u201d show_date=\u201dfalse\u201d]<\/p>\n<br \/>Suivez-nous \u00e9galement sur Google News : <b><a href=\"https:\/\/news.google.com\/publications\/CAAqBwgKMNqJiwswjMfqAg?hl=it&gl=IT&ceid=IT:it\" target=\"_blank\">Cliquez ici<\/a><\/b>","protected":false},"excerpt":{"rendered":"<p>Une teinture capillaire pour couvrir les cheveux gris a pouss\u00e9 un homme \u00e0 risquer sa vie alors qu&#039;il se retrouvait [\u2026]<\/p>","protected":false},"author":4,"featured_media":38723,"comment_status":"open","ping_status":"open","sticky":false,"template":"","format":"standard","meta":{"MSN_Categories":"Uncategorized","MSN_Publish_Option":false,"MSN_Is_Local_News":false,"MSN_Is_AIAC_Included":"Empty","MSN_Location":"[]","MSN_Add_Feature_Img_On_Top_Of_Post":false,"MSN_Has_Custom_Author":false,"MSN_Custom_Author":"","MSN_Has_Custom_Canonical_Url":false,"MSN_Custom_Canonical_Url":"","footnotes":""},"categories":[9],"tags":[],"class_list":["post-38722","post","type-post","status-publish","format-standard","has-post-thumbnail","hentry","category-mondo"],"acf":[],"yoast_head":"<!-- This site is optimized with the Yoast SEO Premium plugin v26.7 (Yoast SEO v26.7) - https:\/\/yoast.com\/wordpress\/plugins\/seo\/ -->\n<title>Tintura per capelli fa gonfiare la testa quasi ad esplodere: rischia la vita, ecco perch\u00e9<\/title>\n<meta name=\"description\" content=\"Una tintura per capelli per coprire i peli grigi ha fatto rischiare la vita ad uomo che si \u00e8 ritrovato la testa gonfia quasi fino a scoppiare.\" \/>\n<meta name=\"robots\" content=\"index, follow, max-snippet:-1, max-image-preview:large, max-video-preview:-1\" \/>\n<link rel=\"canonical\" href=\"https:\/\/newsvirali.it\/fr\/2024\/08\/06\/haarfarbemittel-lassen-ihren-kopf-anschwellen-und-fast-explodieren-es-riskiert-ihr-leben-hier-ist-der-grund-dafur\/\" \/>\n<meta property=\"og:locale\" content=\"fr_FR\" \/>\n<meta property=\"og:type\" content=\"article\" \/>\n<meta property=\"og:title\" content=\"Tintura per capelli fa gonfiare la testa quasi ad esplodere: rischia la vita, ecco perch\u00e9\" \/>\n<meta property=\"og:description\" content=\"Una tintura per capelli per coprire i peli grigi ha fatto rischiare la vita ad uomo che si \u00e8 ritrovato la testa gonfia quasi fino a scoppiare.\" \/>\n<meta property=\"og:url\" content=\"https:\/\/newsvirali.it\/fr\/2024\/08\/06\/haarfarbemittel-lassen-ihren-kopf-anschwellen-und-fast-explodieren-es-riskiert-ihr-leben-hier-ist-der-grund-dafur\/\" \/>\n<meta property=\"og:site_name\" content=\"News virali\" \/>\n<meta property=\"article:published_time\" content=\"2024-08-06T11:42:25+00:00\" \/>\n<meta property=\"article:modified_time\" content=\"2024-08-06T13:56:17+00:00\" \/>\n<meta property=\"og:image\" content=\"https:\/\/newsvirali.it\/wp-content\/uploads\/2024\/08\/Tintura-per-capelli-fa-gonfiare-la-testa-quasi-ad-esplodere-rischia-la-vita-ecco-perche-1.jpg\" \/>\n\t<meta property=\"og:image:width\" content=\"600\" \/>\n\t<meta property=\"og:image:height\" content=\"400\" \/>\n\t<meta property=\"og:image:type\" content=\"image\/jpeg\" \/>\n<meta name=\"author\" content=\"Cecco Prestina\" \/>\n<meta name=\"twitter:card\" content=\"summary_large_image\" \/>\n<meta name=\"twitter:label1\" content=\"\u00c9crit par\" \/>\n\t<meta name=\"twitter:data1\" content=\"Cecco Prestina\" \/>\n\t<meta name=\"twitter:label2\" content=\"Dur\u00e9e de lecture estim\u00e9e\" \/>\n\t<meta name=\"twitter:data2\" content=\"3 minutes\" \/>\n<script type=\"application\/ld+json\" class=\"yoast-schema-graph\">{\"@context\":\"https:\/\/schema.org\",\"@graph\":[{\"@type\":\"NewsArticle\",\"@id\":\"https:\/\/newsvirali.it\/de\/2024\/08\/06\/haarfarbemittel-lassen-ihren-kopf-anschwellen-und-fast-explodieren-es-riskiert-ihr-leben-hier-ist-der-grund-dafur\/#article\",\"isPartOf\":{\"@id\":\"https:\/\/newsvirali.it\/de\/2024\/08\/06\/haarfarbemittel-lassen-ihren-kopf-anschwellen-und-fast-explodieren-es-riskiert-ihr-leben-hier-ist-der-grund-dafur\/\"},\"author\":{\"name\":\"Cecco Prestina\",\"@id\":\"https:\/\/newsvirali.it\/fr\/#\/schema\/person\/4c835f7b49c9adb58b33901ee816565d\"},\"headline\":\"Tintura per capelli fa gonfiare la testa quasi ad esplodere: rischia la vita, ecco perch\u00e9\",\"datePublished\":\"2024-08-06T11:42:25+00:00\",\"dateModified\":\"2024-08-06T13:56:17+00:00\",\"mainEntityOfPage\":{\"@id\":\"https:\/\/newsvirali.it\/de\/2024\/08\/06\/haarfarbemittel-lassen-ihren-kopf-anschwellen-und-fast-explodieren-es-riskiert-ihr-leben-hier-ist-der-grund-dafur\/\"},\"wordCount\":540,\"commentCount\":0,\"image\":{\"@id\":\"https:\/\/newsvirali.it\/de\/2024\/08\/06\/haarfarbemittel-lassen-ihren-kopf-anschwellen-und-fast-explodieren-es-riskiert-ihr-leben-hier-ist-der-grund-dafur\/#primaryimage\"},\"thumbnailUrl\":\"https:\/\/newsvirali.it\/wp-content\/uploads\/2024\/08\/Tintura-per-capelli-fa-gonfiare-la-testa-quasi-ad-esplodere-rischia-la-vita-ecco-perche-1.jpg\",\"articleSection\":[\"Mondo\"],\"inLanguage\":\"fr-FR\",\"potentialAction\":[{\"@type\":\"CommentAction\",\"name\":\"Comment\",\"target\":[\"https:\/\/newsvirali.it\/de\/2024\/08\/06\/haarfarbemittel-lassen-ihren-kopf-anschwellen-und-fast-explodieren-es-riskiert-ihr-leben-hier-ist-der-grund-dafur\/#respond\"]}],\"copyrightYear\":\"2024\",\"copyrightHolder\":{\"@id\":\"https:\/\/newsvirali.it\/fr\/#organization\"}},{\"@type\":\"WebPage\",\"@id\":\"https:\/\/newsvirali.it\/de\/2024\/08\/06\/haarfarbemittel-lassen-ihren-kopf-anschwellen-und-fast-explodieren-es-riskiert-ihr-leben-hier-ist-der-grund-dafur\/\",\"url\":\"https:\/\/newsvirali.it\/de\/2024\/08\/06\/haarfarbemittel-lassen-ihren-kopf-anschwellen-und-fast-explodieren-es-riskiert-ihr-leben-hier-ist-der-grund-dafur\/\",\"name\":\"Tintura per capelli fa gonfiare la testa quasi ad esplodere: rischia la vita, ecco perch\u00e9\",\"isPartOf\":{\"@id\":\"https:\/\/newsvirali.it\/fr\/#website\"},\"primaryImageOfPage\":{\"@id\":\"https:\/\/newsvirali.it\/de\/2024\/08\/06\/haarfarbemittel-lassen-ihren-kopf-anschwellen-und-fast-explodieren-es-riskiert-ihr-leben-hier-ist-der-grund-dafur\/#primaryimage\"},\"image\":{\"@id\":\"https:\/\/newsvirali.it\/de\/2024\/08\/06\/haarfarbemittel-lassen-ihren-kopf-anschwellen-und-fast-explodieren-es-riskiert-ihr-leben-hier-ist-der-grund-dafur\/#primaryimage\"},\"thumbnailUrl\":\"https:\/\/newsvirali.it\/wp-content\/uploads\/2024\/08\/Tintura-per-capelli-fa-gonfiare-la-testa-quasi-ad-esplodere-rischia-la-vita-ecco-perche-1.jpg\",\"datePublished\":\"2024-08-06T11:42:25+00:00\",\"dateModified\":\"2024-08-06T13:56:17+00:00\",\"author\":{\"@id\":\"https:\/\/newsvirali.it\/fr\/#\/schema\/person\/4c835f7b49c9adb58b33901ee816565d\"},\"description\":\"Una tintura per capelli per coprire i peli grigi ha fatto rischiare la vita ad uomo che si \u00e8 ritrovato la testa gonfia quasi fino a scoppiare.\",\"breadcrumb\":{\"@id\":\"https:\/\/newsvirali.it\/de\/2024\/08\/06\/haarfarbemittel-lassen-ihren-kopf-anschwellen-und-fast-explodieren-es-riskiert-ihr-leben-hier-ist-der-grund-dafur\/#breadcrumb\"},\"inLanguage\":\"fr-FR\",\"potentialAction\":[{\"@type\":\"ReadAction\",\"target\":[\"https:\/\/newsvirali.it\/de\/2024\/08\/06\/haarfarbemittel-lassen-ihren-kopf-anschwellen-und-fast-explodieren-es-riskiert-ihr-leben-hier-ist-der-grund-dafur\/\"]}]},{\"@type\":\"ImageObject\",\"inLanguage\":\"fr-FR\",\"@id\":\"https:\/\/newsvirali.it\/de\/2024\/08\/06\/haarfarbemittel-lassen-ihren-kopf-anschwellen-und-fast-explodieren-es-riskiert-ihr-leben-hier-ist-der-grund-dafur\/#primaryimage\",\"url\":\"https:\/\/newsvirali.it\/wp-content\/uploads\/2024\/08\/Tintura-per-capelli-fa-gonfiare-la-testa-quasi-ad-esplodere-rischia-la-vita-ecco-perche-1.jpg\",\"contentUrl\":\"https:\/\/newsvirali.it\/wp-content\/uploads\/2024\/08\/Tintura-per-capelli-fa-gonfiare-la-testa-quasi-ad-esplodere-rischia-la-vita-ecco-perche-1.jpg\",\"width\":600,\"height\":400,\"caption\":\"Tintura per capelli fa gonfiare la testa quasi ad esplodere rischia la vita, ecco perch\u00e9\"},{\"@type\":\"BreadcrumbList\",\"@id\":\"https:\/\/newsvirali.it\/de\/2024\/08\/06\/haarfarbemittel-lassen-ihren-kopf-anschwellen-und-fast-explodieren-es-riskiert-ihr-leben-hier-ist-der-grund-dafur\/#breadcrumb\",\"itemListElement\":[{\"@type\":\"ListItem\",\"position\":1,\"name\":\"Home\",\"item\":\"https:\/\/newsvirali.it\/fr\/\"},{\"@type\":\"ListItem\",\"position\":2,\"name\":\"Tintura per capelli fa gonfiare la testa quasi ad esplodere: rischia la vita, ecco perch\u00e9\"}]},{\"@type\":\"WebSite\",\"@id\":\"https:\/\/newsvirali.it\/fr\/#website\",\"url\":\"https:\/\/newsvirali.it\/fr\/\",\"name\":\"Bake News\",\"description\":\"\",\"potentialAction\":[{\"@type\":\"SearchAction\",\"target\":{\"@type\":\"EntryPoint\",\"urlTemplate\":\"https:\/\/newsvirali.it\/fr\/?s={search_term_string}\"},\"query-input\":{\"@type\":\"PropertyValueSpecification\",\"valueRequired\":true,\"valueName\":\"search_term_string\"}}],\"inLanguage\":\"fr-FR\"},{\"@type\":\"Person\",\"@id\":\"https:\/\/newsvirali.it\/fr\/#\/schema\/person\/4c835f7b49c9adb58b33901ee816565d\",\"name\":\"Cecco Prestina\",\"description\":\"Perch\u00e9 nasconderlo? Cecco Prestina \u00e8 un alias, ma dietro di lui non si cela un algoritmo di intelligenza artificiale. C'\u00e8 un giornalista che ha oltre vent'anni di esperienza tutta sul web. Da quando il primo modem ha iniziato a gracchiare sul territorio italiano con Video on Line, Cecco ha capito che da quel doppino sarebbe passato il futuro. Ha dedidicato tutta la sua carriera a capire Internet e poi i social e ora l'Ai. Una carriera in costante aggiornamento. E questa esperienza la mette in campo ogni giorno. Per\u00f2 ogni tanto Cecco ha voglia anche di non scrivere \\\"pipponi\\\" sulla politica, sull'economia. Ha voglia anche di scrivere qualcosa di divertente. Le notizie che trovate su Bake News sono le stesse che Cecco porta all'aperitivo con gli amici. Quelle di cui discutere per farsi due risate. Notizie, vere (qualche volta si fa fatica a crederlo), strane, divertenti, ma anche serie. Bake News \u00e8 nato per questo, dare al pubblico notizie croccanti e calde come il pane che esce dal forno. E Cecco Prestina \u00e8 nato con Bake News.\",\"url\":\"https:\/\/newsvirali.it\/fr\/autore\/cecco-prestina\/\"}]}<\/script>\n<!-- \/ Yoast SEO Premium plugin. -->","yoast_head_json":{"title":"Tintura per capelli fa gonfiare la testa quasi ad esplodere: rischia la vita, ecco perch\u00e9","description":"Una tintura per capelli per coprire i peli grigi ha fatto rischiare la vita ad uomo che si \u00e8 ritrovato la testa gonfia quasi fino a scoppiare.","robots":{"index":"index","follow":"follow","max-snippet":"max-snippet:-1","max-image-preview":"max-image-preview:large","max-video-preview":"max-video-preview:-1"},"canonical":"https:\/\/newsvirali.it\/fr\/2024\/08\/06\/haarfarbemittel-lassen-ihren-kopf-anschwellen-und-fast-explodieren-es-riskiert-ihr-leben-hier-ist-der-grund-dafur\/","og_locale":"fr_FR","og_type":"article","og_title":"Tintura per capelli fa gonfiare la testa quasi ad esplodere: rischia la vita, ecco perch\u00e9","og_description":"Una tintura per capelli per coprire i peli grigi ha fatto rischiare la vita ad uomo che si \u00e8 ritrovato la testa gonfia quasi fino a scoppiare.","og_url":"https:\/\/newsvirali.it\/fr\/2024\/08\/06\/haarfarbemittel-lassen-ihren-kopf-anschwellen-und-fast-explodieren-es-riskiert-ihr-leben-hier-ist-der-grund-dafur\/","og_site_name":"News virali","article_published_time":"2024-08-06T11:42:25+00:00","article_modified_time":"2024-08-06T13:56:17+00:00","og_image":[{"width":600,"height":400,"url":"https:\/\/newsvirali.it\/wp-content\/uploads\/2024\/08\/Tintura-per-capelli-fa-gonfiare-la-testa-quasi-ad-esplodere-rischia-la-vita-ecco-perche-1.jpg","type":"image\/jpeg"}],"author":"Cecco Prestina","twitter_card":"summary_large_image","twitter_misc":{"\u00c9crit par":"Cecco Prestina","Dur\u00e9e de lecture estim\u00e9e":"3 minutes"},"schema":{"@context":"https:\/\/schema.org","@graph":[{"@type":"NewsArticle","@id":"https:\/\/newsvirali.it\/de\/2024\/08\/06\/haarfarbemittel-lassen-ihren-kopf-anschwellen-und-fast-explodieren-es-riskiert-ihr-leben-hier-ist-der-grund-dafur\/#article","isPartOf":{"@id":"https:\/\/newsvirali.it\/de\/2024\/08\/06\/haarfarbemittel-lassen-ihren-kopf-anschwellen-und-fast-explodieren-es-riskiert-ihr-leben-hier-ist-der-grund-dafur\/"},"author":{"name":"Cecco Prestina","@id":"https:\/\/newsvirali.it\/fr\/#\/schema\/person\/4c835f7b49c9adb58b33901ee816565d"},"headline":"Tintura per capelli fa gonfiare la testa quasi ad esplodere: rischia la vita, ecco perch\u00e9","datePublished":"2024-08-06T11:42:25+00:00","dateModified":"2024-08-06T13:56:17+00:00","mainEntityOfPage":{"@id":"https:\/\/newsvirali.it\/de\/2024\/08\/06\/haarfarbemittel-lassen-ihren-kopf-anschwellen-und-fast-explodieren-es-riskiert-ihr-leben-hier-ist-der-grund-dafur\/"},"wordCount":540,"commentCount":0,"image":{"@id":"https:\/\/newsvirali.it\/de\/2024\/08\/06\/haarfarbemittel-lassen-ihren-kopf-anschwellen-und-fast-explodieren-es-riskiert-ihr-leben-hier-ist-der-grund-dafur\/#primaryimage"},"thumbnailUrl":"https:\/\/newsvirali.it\/wp-content\/uploads\/2024\/08\/Tintura-per-capelli-fa-gonfiare-la-testa-quasi-ad-esplodere-rischia-la-vita-ecco-perche-1.jpg","articleSection":["Mondo"],"inLanguage":"fr-FR","potentialAction":[{"@type":"CommentAction","name":"Comment","target":["https:\/\/newsvirali.it\/de\/2024\/08\/06\/haarfarbemittel-lassen-ihren-kopf-anschwellen-und-fast-explodieren-es-riskiert-ihr-leben-hier-ist-der-grund-dafur\/#respond"]}],"copyrightYear":"2024","copyrightHolder":{"@id":"https:\/\/newsvirali.it\/fr\/#organization"}},{"@type":"WebPage","@id":"https:\/\/newsvirali.it\/de\/2024\/08\/06\/haarfarbemittel-lassen-ihren-kopf-anschwellen-und-fast-explodieren-es-riskiert-ihr-leben-hier-ist-der-grund-dafur\/","url":"https:\/\/newsvirali.it\/de\/2024\/08\/06\/haarfarbemittel-lassen-ihren-kopf-anschwellen-und-fast-explodieren-es-riskiert-ihr-leben-hier-ist-der-grund-dafur\/","name":"Tintura per capelli fa gonfiare la testa quasi ad esplodere: rischia la vita, ecco perch\u00e9","isPartOf":{"@id":"https:\/\/newsvirali.it\/fr\/#website"},"primaryImageOfPage":{"@id":"https:\/\/newsvirali.it\/de\/2024\/08\/06\/haarfarbemittel-lassen-ihren-kopf-anschwellen-und-fast-explodieren-es-riskiert-ihr-leben-hier-ist-der-grund-dafur\/#primaryimage"},"image":{"@id":"https:\/\/newsvirali.it\/de\/2024\/08\/06\/haarfarbemittel-lassen-ihren-kopf-anschwellen-und-fast-explodieren-es-riskiert-ihr-leben-hier-ist-der-grund-dafur\/#primaryimage"},"thumbnailUrl":"https:\/\/newsvirali.it\/wp-content\/uploads\/2024\/08\/Tintura-per-capelli-fa-gonfiare-la-testa-quasi-ad-esplodere-rischia-la-vita-ecco-perche-1.jpg","datePublished":"2024-08-06T11:42:25+00:00","dateModified":"2024-08-06T13:56:17+00:00","author":{"@id":"https:\/\/newsvirali.it\/fr\/#\/schema\/person\/4c835f7b49c9adb58b33901ee816565d"},"description":"Una tintura per capelli per coprire i peli grigi ha fatto rischiare la vita ad uomo che si \u00e8 ritrovato la testa gonfia quasi fino a scoppiare.","breadcrumb":{"@id":"https:\/\/newsvirali.it\/de\/2024\/08\/06\/haarfarbemittel-lassen-ihren-kopf-anschwellen-und-fast-explodieren-es-riskiert-ihr-leben-hier-ist-der-grund-dafur\/#breadcrumb"},"inLanguage":"fr-FR","potentialAction":[{"@type":"ReadAction","target":["https:\/\/newsvirali.it\/de\/2024\/08\/06\/haarfarbemittel-lassen-ihren-kopf-anschwellen-und-fast-explodieren-es-riskiert-ihr-leben-hier-ist-der-grund-dafur\/"]}]},{"@type":"ImageObject","inLanguage":"fr-FR","@id":"https:\/\/newsvirali.it\/de\/2024\/08\/06\/haarfarbemittel-lassen-ihren-kopf-anschwellen-und-fast-explodieren-es-riskiert-ihr-leben-hier-ist-der-grund-dafur\/#primaryimage","url":"https:\/\/newsvirali.it\/wp-content\/uploads\/2024\/08\/Tintura-per-capelli-fa-gonfiare-la-testa-quasi-ad-esplodere-rischia-la-vita-ecco-perche-1.jpg","contentUrl":"https:\/\/newsvirali.it\/wp-content\/uploads\/2024\/08\/Tintura-per-capelli-fa-gonfiare-la-testa-quasi-ad-esplodere-rischia-la-vita-ecco-perche-1.jpg","width":600,"height":400,"caption":"Tintura per capelli fa gonfiare la testa quasi ad esplodere rischia la vita, ecco perch\u00e9"},{"@type":"BreadcrumbList","@id":"https:\/\/newsvirali.it\/de\/2024\/08\/06\/haarfarbemittel-lassen-ihren-kopf-anschwellen-und-fast-explodieren-es-riskiert-ihr-leben-hier-ist-der-grund-dafur\/#breadcrumb","itemListElement":[{"@type":"ListItem","position":1,"name":"Home","item":"https:\/\/newsvirali.it\/fr\/"},{"@type":"ListItem","position":2,"name":"Tintura per capelli fa gonfiare la testa quasi ad esplodere: rischia la vita, ecco perch\u00e9"}]},{"@type":"WebSite","@id":"https:\/\/newsvirali.it\/fr\/#website","url":"https:\/\/newsvirali.it\/fr\/","name":"Bake News","description":"","potentialAction":[{"@type":"SearchAction","target":{"@type":"EntryPoint","urlTemplate":"https:\/\/newsvirali.it\/fr\/?s={search_term_string}"},"query-input":{"@type":"PropertyValueSpecification","valueRequired":true,"valueName":"search_term_string"}}],"inLanguage":"fr-FR"},{"@type":"Person","@id":"https:\/\/newsvirali.it\/fr\/#\/schema\/person\/4c835f7b49c9adb58b33901ee816565d","name":"Cecco Prestina","description":"Perch\u00e9 nasconderlo? Cecco Prestina \u00e8 un alias, ma dietro di lui non si cela un algoritmo di intelligenza artificiale. C'\u00e8 un giornalista che ha oltre vent'anni di esperienza tutta sul web. Da quando il primo modem ha iniziato a gracchiare sul territorio italiano con Video on Line, Cecco ha capito che da quel doppino sarebbe passato il futuro. Ha dedidicato tutta la sua carriera a capire Internet e poi i social e ora l'Ai. Una carriera in costante aggiornamento. E questa esperienza la mette in campo ogni giorno. Per\u00f2 ogni tanto Cecco ha voglia anche di non scrivere \"pipponi\" sulla politica, sull'economia. Ha voglia anche di scrivere qualcosa di divertente. Le notizie che trovate su Bake News sono le stesse che Cecco porta all'aperitivo con gli amici. Quelle di cui discutere per farsi due risate. Notizie, vere (qualche volta si fa fatica a crederlo), strane, divertenti, ma anche serie. Bake News \u00e8 nato per questo, dare al pubblico notizie croccanti e calde come il pane che esce dal forno. E Cecco Prestina \u00e8 nato con Bake News.","url":"https:\/\/newsvirali.it\/fr\/autore\/cecco-prestina\/"}]}},"_links":{"self":[{"href":"https:\/\/newsvirali.it\/fr\/wp-json\/wp\/v2\/posts\/38722","targetHints":{"allow":["GET"]}}],"collection":[{"href":"https:\/\/newsvirali.it\/fr\/wp-json\/wp\/v2\/posts"}],"about":[{"href":"https:\/\/newsvirali.it\/fr\/wp-json\/wp\/v2\/types\/post"}],"author":[{"embeddable":true,"href":"https:\/\/newsvirali.it\/fr\/wp-json\/wp\/v2\/users\/4"}],"replies":[{"embeddable":true,"href":"https:\/\/newsvirali.it\/fr\/wp-json\/wp\/v2\/comments?post=38722"}],"version-history":[{"count":5,"href":"https:\/\/newsvirali.it\/fr\/wp-json\/wp\/v2\/posts\/38722\/revisions"}],"predecessor-version":[{"id":38743,"href":"https:\/\/newsvirali.it\/fr\/wp-json\/wp\/v2\/posts\/38722\/revisions\/38743"}],"wp:featuredmedia":[{"embeddable":true,"href":"https:\/\/newsvirali.it\/fr\/wp-json\/wp\/v2\/media\/38723"}],"wp:attachment":[{"href":"https:\/\/newsvirali.it\/fr\/wp-json\/wp\/v2\/media?parent=38722"}],"wp:term":[{"taxonomy":"category","embeddable":true,"href":"https:\/\/newsvirali.it\/fr\/wp-json\/wp\/v2\/categories?post=38722"},{"taxonomy":"post_tag","embeddable":true,"href":"https:\/\/newsvirali.it\/fr\/wp-json\/wp\/v2\/tags?post=38722"}],"curies":[{"name":"wp","href":"https:\/\/api.w.org\/{rel}","templated":true}]}}