{"id":37607,"date":"2024-07-26T19:33:25","date_gmt":"2024-07-26T17:33:25","guid":{"rendered":"https:\/\/www.bakenews.it\/?p=37607"},"modified":"2024-07-26T19:39:28","modified_gmt":"2024-07-26T17:39:28","slug":"william-licenzia-la-sorella-della-regina-camilla-ecco-perche","status":"publish","type":"post","link":"https:\/\/newsvirali.it\/fr\/2024\/07\/26\/william-licencie-camilla-la-soeur-de-la-reine-voici-pourquoi\/","title":{"rendered":"William licencie Camilla, la s\u0153ur de la reine : voici pourquoi"},"content":{"rendered":"<p>William limoge Camilla, la s\u0153ur de la reine : le prince de Galles a retir\u00e9 la s\u0153ur de la reine de la masse salariale peu de temps apr\u00e8s avoir repris le duch\u00e9 de Cornouailles. Annabel Elliot, 75 ans et architecte d&#039;int\u00e9rieur, a re\u00e7u plusieurs centaines de milliers de livres sterling pour ses services au cours des deux derni\u00e8res d\u00e9cennies. Elle a \u00e9t\u00e9 employ\u00e9e par le roi, puis le prince de Galles, en tant que designer en chef de ses domaines apr\u00e8s son mariage en 2005 avec la reine Camilla, sa s\u0153ur a\u00een\u00e9e.<\/p>\n\n\n\n<p><strong>LIRE AUSSI<\/strong><\/p>\n\n\n\n<ul class=\"wp-block-list\">\n<li><a href=\"https:\/\/www.bakenews.it\/2024\/05\/07\/re-carlo-infuriato-con-william-e-kate-colpa-di-un-video-social-sempre-cosi-fanno\/\">Le roi Charles en col\u00e8re contre William et Kate, bl\u00e2m\u00e9 dans une vid\u00e9o sociale : &quot;C&#039;est comme \u00e7a qu&#039;ils font toujours&quot;<\/a><\/li>\n\n\n\n<li><a href=\"https:\/\/www.bakenews.it\/2024\/04\/23\/william-e-kate-dimenticano-il-compleanno-di-louis-ma-poi-corrono-ai-ripari\/\">William et Kate oublient l&#039;anniversaire de Louis (mais passent ensuite \u00e0 l&#039;action)<\/a><\/li>\n\n\n\n<li><a href=\"https:\/\/www.bakenews.it\/2024\/04\/10\/il-principe-william-rompe-il-silenzio-social-addio-leonessa\/\">Le prince William brise le silence social : &quot;Au revoir lionne&quot;<\/a><\/li>\n<\/ul>\n\n\n\n<h2 class=\"wp-block-heading\" id=\"h-william-licenzia-la-sorella-di-camilla-ecco-perche\">William licencie la s\u0153ur de Camilla : voici pourquoi<\/h2>\n\n\n\n<p>Depuis lors, il a b\u00e9n\u00e9fici\u00e9 d&#039;un revenu annuel sur les maisons de vacances du Duch\u00e9, d\u00e9corant et am\u00e9liorant des propri\u00e9t\u00e9s en Cornouailles, au Pays de Galles et dans les \u00eeles Scilly. Les comptes annuels du Duch\u00e9 d\u00e9taillent comment il a \u00e9t\u00e9 pay\u00e9 \u00ab dans le cours normal des affaires et en toute ind\u00e9pendance \u00bb. Des montants variables allant de 19 625 \u00a3 \u00e0 82 272 \u00a3 pour entretenir ses propri\u00e9t\u00e9s lou\u00e9es ainsi que les bureaux et la cr\u00e8che du duch\u00e9.<\/p>\n\n\n\n<p>Chaque ann\u00e9e, elle recevait le remboursement de sommes suppl\u00e9mentaires, comprises entre 7\u00a0160 \u00a3 et 90\u00a0285 \u00a3, pour l&#039;achat de meubles, d&#039;accessoires et de stocks de d\u00e9tail. Mme Elliot a \u00e9galement \u00e9t\u00e9 employ\u00e9e pour superviser la r\u00e9novation d&#039;un pub de 20 chambres au centre du d\u00e9veloppement de King&#039;s Poundbury dans le Dorset et pour aider \u00e0 convertir deux cottages et un pavillon d&#039;h\u00f4tes \u00e0 Dumfries House dans l&#039;Ayrshire, que le monarque a sauv\u00e9 pour la nation en 2007. .<\/p>\n\n\n\n<h2 class=\"wp-block-heading\" id=\"h-william-usa-le-case-per-i-senzatetto\">William utilise des maisons pour les sans-abri<\/h2>\n\n\n\n<p>Cependant, les derniers comptes du duch\u00e9 de Cornouailles, d\u00e9taillant les revenus et d\u00e9penses de la premi\u00e8re ann\u00e9e du prince William en tant que duc de Cornouailles, r\u00e9v\u00e8lent que pour la premi\u00e8re fois depuis pr\u00e8s de deux d\u00e9cennies, Mme Elliot n&#039;a pas \u00e9t\u00e9 pay\u00e9e pour ses services au cours de la p\u00e9riode 2023. 2024. Le rapport r\u00e9p\u00e8te simplement une phrase des comptes de l&#039;ann\u00e9e pr\u00e9c\u00e9dente, qui couvraient les six derniers mois de Charles \u00e0 la barre, puis les six premiers mois de son fils a\u00een\u00e9, apr\u00e8s qu&#039;il ait h\u00e9rit\u00e9 de la succession \u00e0 la mort d&#039;Elizabeth II.<\/p>\n\n\n\n<p>Le Duch\u00e9, selon ce qu&#039;\u00e9crit le Telegraph, a admis que les travaux de conception n&#039;avaient pas fait l&#039;objet d&#039;un appel d&#039;offres. Cela refl\u00e8te un changement progressif d\u2019approche, l\u2019h\u00e9ritier du tr\u00f4ne g\u00e9rant \u00e0 sa mani\u00e8re le vaste portefeuille immobilier. Il a d\u00e9j\u00e0 veill\u00e9 \u00e0 ce que 24 propri\u00e9t\u00e9s de son d\u00e9veloppement Nansledan \u00e0 Cornwall soient d\u00e9sign\u00e9es pour les sans-abri. Et le duch\u00e9 s&#039;est engag\u00e9 \u00e0 construire plus de 400 logements sociaux \u00e0 louer dans son nouveau d\u00e9veloppement du sud-est de Faversham, dans le Kent.<\/p>\n\n\n\n<h2 class=\"wp-block-heading\" id=\"h-e-tornata-a-lavorare-per-il-cognato-il-re-carlo\">Elle est retourn\u00e9e travailler pour son \u00ab beau-fr\u00e8re \u00bb (King Charles)<\/h2>\n\n\n\n<p>Cependant, Mme Elliot b\u00e9n\u00e9ficie toujours de certains avantages professionnels d\u00e9coulant de sa relation avec le roi et la reine. Elle a r\u00e9cemment \u00e9t\u00e9 embauch\u00e9e pour superviser des am\u00e9liorations significatives au centre d&#039;accueil et au restaurant de Balmoral avant son ouverture au public cet \u00e9t\u00e9 et des sources du palais de Buckingham ont confirm\u00e9 qu&#039;elle continuerait \u00e0 s&#039;impliquer aupr\u00e8s de la famille lorsqu&#039;il y aurait des \u00ab opportunit\u00e9s appropri\u00e9es \u00bb. Au cours des 18 derniers mois environ, il a \u00e9galement entrepris des travaux sur le domaine King&#039;s Sandringham, dans le Norfolk.<\/p>\n\n\n\n<p><strong>ARTICLES LES PLUS LUS<\/strong><\/p>\n\n\n<p>[koko_analytics_most_viewed_posts number=5 days=8 post_type=\u201dpost\u201d show_date=\u201dfalse\u201d]<\/p>\n<br \/>Suivez-nous \u00e9galement sur Google News : <b><a href=\"https:\/\/news.google.com\/publications\/CAAqBwgKMNqJiwswjMfqAg?hl=it&gl=IT&ceid=IT:it\" target=\"_blank\">Cliquez ici<\/a><\/b>","protected":false},"excerpt":{"rendered":"<p>William licencie Camilla, la s\u0153ur de la reine : le prince de Galles a retir\u00e9 la s\u0153ur de la reine de la liste des salaires [...]<\/p>","protected":false},"author":4,"featured_media":37612,"comment_status":"open","ping_status":"open","sticky":false,"template":"","format":"standard","meta":{"MSN_Categories":"Uncategorized","MSN_Publish_Option":false,"MSN_Is_Local_News":false,"MSN_Is_AIAC_Included":"Empty","MSN_Location":"[]","MSN_Add_Feature_Img_On_Top_Of_Post":false,"MSN_Has_Custom_Author":false,"MSN_Custom_Author":"","MSN_Has_Custom_Canonical_Url":false,"MSN_Custom_Canonical_Url":"","footnotes":""},"categories":[9],"tags":[],"class_list":["post-37607","post","type-post","status-publish","format-standard","has-post-thumbnail","hentry","category-mondo"],"acf":[],"yoast_head":"<!-- This site is optimized with the Yoast SEO Premium plugin v26.7 (Yoast SEO v26.7) - https:\/\/yoast.com\/wordpress\/plugins\/seo\/ -->\n<title>William licenzia la sorella della Regina Camilla: ecco perch\u00e9<\/title>\n<meta name=\"description\" content=\"William licenzia la sorella della regina Camilla. La donna si occupava delle case di Re Carlo. Ecco perch\u00e9 ora \u00e8 senza lavoro.\" \/>\n<meta name=\"robots\" content=\"index, follow, max-snippet:-1, max-image-preview:large, max-video-preview:-1\" \/>\n<link rel=\"canonical\" href=\"https:\/\/newsvirali.it\/fr\/2024\/07\/26\/william-despide-a-camilla-la-hermana-de-la-reina-he-aqui-por-que\/\" \/>\n<meta property=\"og:locale\" content=\"fr_FR\" \/>\n<meta property=\"og:type\" content=\"article\" \/>\n<meta property=\"og:title\" content=\"William licenzia la sorella della Regina Camilla: ecco perch\u00e9\" \/>\n<meta property=\"og:description\" content=\"William licenzia la sorella della regina Camilla. La donna si occupava delle case di Re Carlo. Ecco perch\u00e9 ora \u00e8 senza lavoro.\" \/>\n<meta property=\"og:url\" content=\"https:\/\/newsvirali.it\/fr\/2024\/07\/26\/william-despide-a-camilla-la-hermana-de-la-reina-he-aqui-por-que\/\" \/>\n<meta property=\"og:site_name\" content=\"News virali\" \/>\n<meta property=\"article:published_time\" content=\"2024-07-26T17:33:25+00:00\" \/>\n<meta property=\"article:modified_time\" content=\"2024-07-26T17:39:28+00:00\" \/>\n<meta property=\"og:image\" content=\"https:\/\/newsvirali.it\/wp-content\/uploads\/2024\/07\/MixCollage-26-Jul-2024-07-27-PM-3973.jpg\" \/>\n\t<meta property=\"og:image:width\" content=\"2160\" \/>\n\t<meta property=\"og:image:height\" content=\"1440\" \/>\n\t<meta property=\"og:image:type\" content=\"image\/jpeg\" \/>\n<meta name=\"author\" content=\"Cecco Prestina\" \/>\n<meta name=\"twitter:card\" content=\"summary_large_image\" \/>\n<meta name=\"twitter:label1\" content=\"\u00c9crit par\" \/>\n\t<meta name=\"twitter:data1\" content=\"Cecco Prestina\" \/>\n\t<meta name=\"twitter:label2\" content=\"Dur\u00e9e de lecture estim\u00e9e\" \/>\n\t<meta name=\"twitter:data2\" content=\"3 minutes\" \/>\n<script type=\"application\/ld+json\" class=\"yoast-schema-graph\">{\"@context\":\"https:\/\/schema.org\",\"@graph\":[{\"@type\":\"NewsArticle\",\"@id\":\"https:\/\/newsvirali.it\/es\/2024\/07\/26\/william-despide-a-camilla-la-hermana-de-la-reina-he-aqui-por-que\/#article\",\"isPartOf\":{\"@id\":\"https:\/\/newsvirali.it\/es\/2024\/07\/26\/william-despide-a-camilla-la-hermana-de-la-reina-he-aqui-por-que\/\"},\"author\":{\"name\":\"Cecco Prestina\",\"@id\":\"https:\/\/newsvirali.it\/fr\/#\/schema\/person\/4c835f7b49c9adb58b33901ee816565d\"},\"headline\":\"William licenzia la sorella della Regina Camilla: ecco perch\u00e9\",\"datePublished\":\"2024-07-26T17:33:25+00:00\",\"dateModified\":\"2024-07-26T17:39:28+00:00\",\"mainEntityOfPage\":{\"@id\":\"https:\/\/newsvirali.it\/es\/2024\/07\/26\/william-despide-a-camilla-la-hermana-de-la-reina-he-aqui-por-que\/\"},\"wordCount\":543,\"commentCount\":0,\"image\":{\"@id\":\"https:\/\/newsvirali.it\/es\/2024\/07\/26\/william-despide-a-camilla-la-hermana-de-la-reina-he-aqui-por-que\/#primaryimage\"},\"thumbnailUrl\":\"https:\/\/newsvirali.it\/wp-content\/uploads\/2024\/07\/MixCollage-26-Jul-2024-07-27-PM-3973.jpg\",\"articleSection\":[\"Mondo\"],\"inLanguage\":\"fr-FR\",\"potentialAction\":[{\"@type\":\"CommentAction\",\"name\":\"Comment\",\"target\":[\"https:\/\/newsvirali.it\/es\/2024\/07\/26\/william-despide-a-camilla-la-hermana-de-la-reina-he-aqui-por-que\/#respond\"]}],\"copyrightYear\":\"2024\",\"copyrightHolder\":{\"@id\":\"https:\/\/newsvirali.it\/fr\/#organization\"}},{\"@type\":\"WebPage\",\"@id\":\"https:\/\/newsvirali.it\/es\/2024\/07\/26\/william-despide-a-camilla-la-hermana-de-la-reina-he-aqui-por-que\/\",\"url\":\"https:\/\/newsvirali.it\/es\/2024\/07\/26\/william-despide-a-camilla-la-hermana-de-la-reina-he-aqui-por-que\/\",\"name\":\"William licenzia la sorella della Regina Camilla: ecco perch\u00e9\",\"isPartOf\":{\"@id\":\"https:\/\/newsvirali.it\/fr\/#website\"},\"primaryImageOfPage\":{\"@id\":\"https:\/\/newsvirali.it\/es\/2024\/07\/26\/william-despide-a-camilla-la-hermana-de-la-reina-he-aqui-por-que\/#primaryimage\"},\"image\":{\"@id\":\"https:\/\/newsvirali.it\/es\/2024\/07\/26\/william-despide-a-camilla-la-hermana-de-la-reina-he-aqui-por-que\/#primaryimage\"},\"thumbnailUrl\":\"https:\/\/newsvirali.it\/wp-content\/uploads\/2024\/07\/MixCollage-26-Jul-2024-07-27-PM-3973.jpg\",\"datePublished\":\"2024-07-26T17:33:25+00:00\",\"dateModified\":\"2024-07-26T17:39:28+00:00\",\"author\":{\"@id\":\"https:\/\/newsvirali.it\/fr\/#\/schema\/person\/4c835f7b49c9adb58b33901ee816565d\"},\"description\":\"William licenzia la sorella della regina Camilla. La donna si occupava delle case di Re Carlo. Ecco perch\u00e9 ora \u00e8 senza lavoro.\",\"breadcrumb\":{\"@id\":\"https:\/\/newsvirali.it\/es\/2024\/07\/26\/william-despide-a-camilla-la-hermana-de-la-reina-he-aqui-por-que\/#breadcrumb\"},\"inLanguage\":\"fr-FR\",\"potentialAction\":[{\"@type\":\"ReadAction\",\"target\":[\"https:\/\/newsvirali.it\/es\/2024\/07\/26\/william-despide-a-camilla-la-hermana-de-la-reina-he-aqui-por-que\/\"]}]},{\"@type\":\"ImageObject\",\"inLanguage\":\"fr-FR\",\"@id\":\"https:\/\/newsvirali.it\/es\/2024\/07\/26\/william-despide-a-camilla-la-hermana-de-la-reina-he-aqui-por-que\/#primaryimage\",\"url\":\"https:\/\/newsvirali.it\/wp-content\/uploads\/2024\/07\/MixCollage-26-Jul-2024-07-27-PM-3973.jpg\",\"contentUrl\":\"https:\/\/newsvirali.it\/wp-content\/uploads\/2024\/07\/MixCollage-26-Jul-2024-07-27-PM-3973.jpg\",\"width\":2160,\"height\":1440,\"caption\":\"William ha licenziato la sorella della Regina Camilla\"},{\"@type\":\"BreadcrumbList\",\"@id\":\"https:\/\/newsvirali.it\/es\/2024\/07\/26\/william-despide-a-camilla-la-hermana-de-la-reina-he-aqui-por-que\/#breadcrumb\",\"itemListElement\":[{\"@type\":\"ListItem\",\"position\":1,\"name\":\"Home\",\"item\":\"https:\/\/newsvirali.it\/fr\/\"},{\"@type\":\"ListItem\",\"position\":2,\"name\":\"William licenzia la sorella della Regina Camilla: ecco perch\u00e9\"}]},{\"@type\":\"WebSite\",\"@id\":\"https:\/\/newsvirali.it\/fr\/#website\",\"url\":\"https:\/\/newsvirali.it\/fr\/\",\"name\":\"Bake News\",\"description\":\"\",\"potentialAction\":[{\"@type\":\"SearchAction\",\"target\":{\"@type\":\"EntryPoint\",\"urlTemplate\":\"https:\/\/newsvirali.it\/fr\/?s={search_term_string}\"},\"query-input\":{\"@type\":\"PropertyValueSpecification\",\"valueRequired\":true,\"valueName\":\"search_term_string\"}}],\"inLanguage\":\"fr-FR\"},{\"@type\":\"Person\",\"@id\":\"https:\/\/newsvirali.it\/fr\/#\/schema\/person\/4c835f7b49c9adb58b33901ee816565d\",\"name\":\"Cecco Prestina\",\"description\":\"Perch\u00e9 nasconderlo? Cecco Prestina \u00e8 un alias, ma dietro di lui non si cela un algoritmo di intelligenza artificiale. C'\u00e8 un giornalista che ha oltre vent'anni di esperienza tutta sul web. Da quando il primo modem ha iniziato a gracchiare sul territorio italiano con Video on Line, Cecco ha capito che da quel doppino sarebbe passato il futuro. Ha dedidicato tutta la sua carriera a capire Internet e poi i social e ora l'Ai. Una carriera in costante aggiornamento. E questa esperienza la mette in campo ogni giorno. Per\u00f2 ogni tanto Cecco ha voglia anche di non scrivere \\\"pipponi\\\" sulla politica, sull'economia. Ha voglia anche di scrivere qualcosa di divertente. Le notizie che trovate su Bake News sono le stesse che Cecco porta all'aperitivo con gli amici. Quelle di cui discutere per farsi due risate. Notizie, vere (qualche volta si fa fatica a crederlo), strane, divertenti, ma anche serie. Bake News \u00e8 nato per questo, dare al pubblico notizie croccanti e calde come il pane che esce dal forno. E Cecco Prestina \u00e8 nato con Bake News.\",\"url\":\"https:\/\/newsvirali.it\/fr\/autore\/cecco-prestina\/\"}]}<\/script>\n<!-- \/ Yoast SEO Premium plugin. -->","yoast_head_json":{"title":"William licenzia la sorella della Regina Camilla: ecco perch\u00e9","description":"William licenzia la sorella della regina Camilla. La donna si occupava delle case di Re Carlo. Ecco perch\u00e9 ora \u00e8 senza lavoro.","robots":{"index":"index","follow":"follow","max-snippet":"max-snippet:-1","max-image-preview":"max-image-preview:large","max-video-preview":"max-video-preview:-1"},"canonical":"https:\/\/newsvirali.it\/fr\/2024\/07\/26\/william-despide-a-camilla-la-hermana-de-la-reina-he-aqui-por-que\/","og_locale":"fr_FR","og_type":"article","og_title":"William licenzia la sorella della Regina Camilla: ecco perch\u00e9","og_description":"William licenzia la sorella della regina Camilla. La donna si occupava delle case di Re Carlo. Ecco perch\u00e9 ora \u00e8 senza lavoro.","og_url":"https:\/\/newsvirali.it\/fr\/2024\/07\/26\/william-despide-a-camilla-la-hermana-de-la-reina-he-aqui-por-que\/","og_site_name":"News virali","article_published_time":"2024-07-26T17:33:25+00:00","article_modified_time":"2024-07-26T17:39:28+00:00","og_image":[{"width":2160,"height":1440,"url":"https:\/\/newsvirali.it\/wp-content\/uploads\/2024\/07\/MixCollage-26-Jul-2024-07-27-PM-3973.jpg","type":"image\/jpeg"}],"author":"Cecco Prestina","twitter_card":"summary_large_image","twitter_misc":{"\u00c9crit par":"Cecco Prestina","Dur\u00e9e de lecture estim\u00e9e":"3 minutes"},"schema":{"@context":"https:\/\/schema.org","@graph":[{"@type":"NewsArticle","@id":"https:\/\/newsvirali.it\/es\/2024\/07\/26\/william-despide-a-camilla-la-hermana-de-la-reina-he-aqui-por-que\/#article","isPartOf":{"@id":"https:\/\/newsvirali.it\/es\/2024\/07\/26\/william-despide-a-camilla-la-hermana-de-la-reina-he-aqui-por-que\/"},"author":{"name":"Cecco Prestina","@id":"https:\/\/newsvirali.it\/fr\/#\/schema\/person\/4c835f7b49c9adb58b33901ee816565d"},"headline":"William licenzia la sorella della Regina Camilla: ecco perch\u00e9","datePublished":"2024-07-26T17:33:25+00:00","dateModified":"2024-07-26T17:39:28+00:00","mainEntityOfPage":{"@id":"https:\/\/newsvirali.it\/es\/2024\/07\/26\/william-despide-a-camilla-la-hermana-de-la-reina-he-aqui-por-que\/"},"wordCount":543,"commentCount":0,"image":{"@id":"https:\/\/newsvirali.it\/es\/2024\/07\/26\/william-despide-a-camilla-la-hermana-de-la-reina-he-aqui-por-que\/#primaryimage"},"thumbnailUrl":"https:\/\/newsvirali.it\/wp-content\/uploads\/2024\/07\/MixCollage-26-Jul-2024-07-27-PM-3973.jpg","articleSection":["Mondo"],"inLanguage":"fr-FR","potentialAction":[{"@type":"CommentAction","name":"Comment","target":["https:\/\/newsvirali.it\/es\/2024\/07\/26\/william-despide-a-camilla-la-hermana-de-la-reina-he-aqui-por-que\/#respond"]}],"copyrightYear":"2024","copyrightHolder":{"@id":"https:\/\/newsvirali.it\/fr\/#organization"}},{"@type":"WebPage","@id":"https:\/\/newsvirali.it\/es\/2024\/07\/26\/william-despide-a-camilla-la-hermana-de-la-reina-he-aqui-por-que\/","url":"https:\/\/newsvirali.it\/es\/2024\/07\/26\/william-despide-a-camilla-la-hermana-de-la-reina-he-aqui-por-que\/","name":"William licenzia la sorella della Regina Camilla: ecco perch\u00e9","isPartOf":{"@id":"https:\/\/newsvirali.it\/fr\/#website"},"primaryImageOfPage":{"@id":"https:\/\/newsvirali.it\/es\/2024\/07\/26\/william-despide-a-camilla-la-hermana-de-la-reina-he-aqui-por-que\/#primaryimage"},"image":{"@id":"https:\/\/newsvirali.it\/es\/2024\/07\/26\/william-despide-a-camilla-la-hermana-de-la-reina-he-aqui-por-que\/#primaryimage"},"thumbnailUrl":"https:\/\/newsvirali.it\/wp-content\/uploads\/2024\/07\/MixCollage-26-Jul-2024-07-27-PM-3973.jpg","datePublished":"2024-07-26T17:33:25+00:00","dateModified":"2024-07-26T17:39:28+00:00","author":{"@id":"https:\/\/newsvirali.it\/fr\/#\/schema\/person\/4c835f7b49c9adb58b33901ee816565d"},"description":"William licenzia la sorella della regina Camilla. La donna si occupava delle case di Re Carlo. Ecco perch\u00e9 ora \u00e8 senza lavoro.","breadcrumb":{"@id":"https:\/\/newsvirali.it\/es\/2024\/07\/26\/william-despide-a-camilla-la-hermana-de-la-reina-he-aqui-por-que\/#breadcrumb"},"inLanguage":"fr-FR","potentialAction":[{"@type":"ReadAction","target":["https:\/\/newsvirali.it\/es\/2024\/07\/26\/william-despide-a-camilla-la-hermana-de-la-reina-he-aqui-por-que\/"]}]},{"@type":"ImageObject","inLanguage":"fr-FR","@id":"https:\/\/newsvirali.it\/es\/2024\/07\/26\/william-despide-a-camilla-la-hermana-de-la-reina-he-aqui-por-que\/#primaryimage","url":"https:\/\/newsvirali.it\/wp-content\/uploads\/2024\/07\/MixCollage-26-Jul-2024-07-27-PM-3973.jpg","contentUrl":"https:\/\/newsvirali.it\/wp-content\/uploads\/2024\/07\/MixCollage-26-Jul-2024-07-27-PM-3973.jpg","width":2160,"height":1440,"caption":"William ha licenziato la sorella della Regina Camilla"},{"@type":"BreadcrumbList","@id":"https:\/\/newsvirali.it\/es\/2024\/07\/26\/william-despide-a-camilla-la-hermana-de-la-reina-he-aqui-por-que\/#breadcrumb","itemListElement":[{"@type":"ListItem","position":1,"name":"Home","item":"https:\/\/newsvirali.it\/fr\/"},{"@type":"ListItem","position":2,"name":"William licenzia la sorella della Regina Camilla: ecco perch\u00e9"}]},{"@type":"WebSite","@id":"https:\/\/newsvirali.it\/fr\/#website","url":"https:\/\/newsvirali.it\/fr\/","name":"Bake News","description":"","potentialAction":[{"@type":"SearchAction","target":{"@type":"EntryPoint","urlTemplate":"https:\/\/newsvirali.it\/fr\/?s={search_term_string}"},"query-input":{"@type":"PropertyValueSpecification","valueRequired":true,"valueName":"search_term_string"}}],"inLanguage":"fr-FR"},{"@type":"Person","@id":"https:\/\/newsvirali.it\/fr\/#\/schema\/person\/4c835f7b49c9adb58b33901ee816565d","name":"Cecco Prestina","description":"Perch\u00e9 nasconderlo? Cecco Prestina \u00e8 un alias, ma dietro di lui non si cela un algoritmo di intelligenza artificiale. C'\u00e8 un giornalista che ha oltre vent'anni di esperienza tutta sul web. Da quando il primo modem ha iniziato a gracchiare sul territorio italiano con Video on Line, Cecco ha capito che da quel doppino sarebbe passato il futuro. Ha dedidicato tutta la sua carriera a capire Internet e poi i social e ora l'Ai. Una carriera in costante aggiornamento. E questa esperienza la mette in campo ogni giorno. Per\u00f2 ogni tanto Cecco ha voglia anche di non scrivere \"pipponi\" sulla politica, sull'economia. Ha voglia anche di scrivere qualcosa di divertente. Le notizie che trovate su Bake News sono le stesse che Cecco porta all'aperitivo con gli amici. Quelle di cui discutere per farsi due risate. Notizie, vere (qualche volta si fa fatica a crederlo), strane, divertenti, ma anche serie. Bake News \u00e8 nato per questo, dare al pubblico notizie croccanti e calde come il pane che esce dal forno. E Cecco Prestina \u00e8 nato con Bake News.","url":"https:\/\/newsvirali.it\/fr\/autore\/cecco-prestina\/"}]}},"_links":{"self":[{"href":"https:\/\/newsvirali.it\/fr\/wp-json\/wp\/v2\/posts\/37607","targetHints":{"allow":["GET"]}}],"collection":[{"href":"https:\/\/newsvirali.it\/fr\/wp-json\/wp\/v2\/posts"}],"about":[{"href":"https:\/\/newsvirali.it\/fr\/wp-json\/wp\/v2\/types\/post"}],"author":[{"embeddable":true,"href":"https:\/\/newsvirali.it\/fr\/wp-json\/wp\/v2\/users\/4"}],"replies":[{"embeddable":true,"href":"https:\/\/newsvirali.it\/fr\/wp-json\/wp\/v2\/comments?post=37607"}],"version-history":[{"count":3,"href":"https:\/\/newsvirali.it\/fr\/wp-json\/wp\/v2\/posts\/37607\/revisions"}],"predecessor-version":[{"id":37613,"href":"https:\/\/newsvirali.it\/fr\/wp-json\/wp\/v2\/posts\/37607\/revisions\/37613"}],"wp:featuredmedia":[{"embeddable":true,"href":"https:\/\/newsvirali.it\/fr\/wp-json\/wp\/v2\/media\/37612"}],"wp:attachment":[{"href":"https:\/\/newsvirali.it\/fr\/wp-json\/wp\/v2\/media?parent=37607"}],"wp:term":[{"taxonomy":"category","embeddable":true,"href":"https:\/\/newsvirali.it\/fr\/wp-json\/wp\/v2\/categories?post=37607"},{"taxonomy":"post_tag","embeddable":true,"href":"https:\/\/newsvirali.it\/fr\/wp-json\/wp\/v2\/tags?post=37607"}],"curies":[{"name":"wp","href":"https:\/\/api.w.org\/{rel}","templated":true}]}}