{"id":37397,"date":"2024-07-25T08:20:43","date_gmt":"2024-07-25T06:20:43","guid":{"rendered":"https:\/\/www.bakenews.it\/?p=37397"},"modified":"2024-07-25T10:11:54","modified_gmt":"2024-07-25T08:11:54","slug":"poliziotto-calci-faccia-sospetto-video-brutale-arresto-social","status":"publish","type":"post","link":"https:\/\/newsvirali.it\/fr\/2024\/07\/25\/un-policier-donne-un-coup-de-pied-au-suspect-lors-dune-arrestation-video-brutale-sur-les-reseaux-sociaux\/","title":{"rendered":"Un policier donne un coup de pied au suspect, vid\u00e9o d&#039;une arrestation brutale sur les r\u00e9seaux sociaux"},"content":{"rendered":"<p>Un contr\u00f4le de police \u00e0 l&#039;a\u00e9roport de Manchester (Angleterre) a d\u00e9g\u00e9n\u00e9r\u00e9 et la police a tabass\u00e9 des citoyens islamiques : un policier a donn\u00e9 un coup de pied \u00e0 un suspect au visage, une sc\u00e8ne macabre dont la vid\u00e9o a fait le tour du web. Des centaines de manifestants se sont rassembl\u00e9s pendant la nuit devant le poste de police de Rochdale, o\u00f9 les suspects ont \u00e9t\u00e9 emmen\u00e9s apr\u00e8s les arrestations. La vid\u00e9o des hommes arr\u00eat\u00e9s est devenue virale apr\u00e8s que l&#039;un d&#039;eux a \u00e9t\u00e9 frapp\u00e9 au visage et pi\u00e9tin\u00e9 \u00e0 la t\u00eate par un policier, tandis que d&#039;autres ont \u00e9t\u00e9 jet\u00e9s au sol, touch\u00e9s au Taser et frapp\u00e9s avec un spray d\u00e9bilitant.<\/p>\n\n\n\n<p><strong>LIRE AUSSI<\/strong><\/p>\n\n\n\n<ul class=\"wp-block-list\">\n<li><a href=\"https:\/\/www.bakenews.it\/2024\/07\/24\/rissa-a-basket-tra-13enni-giocatore-spacca-a-calci-la-testa-ad-avversario\/\">Bagarre de basket entre jeunes de 13 ans : un joueur donne un coup de pied \u00e0 la t\u00eate d&#039;un adversaire<\/a><\/li>\n\n\n\n<li><a href=\"https:\/\/www.bakenews.it\/2024\/06\/14\/schiaffeggia-bambina-per-strada-e-viene-presa-a-calci-da-passante-video-shock\/\">Elle gifle un enfant dans la rue et se fait donner des coups de pied par un passant : vid\u00e9o choc<\/a><\/li>\n\n\n\n<li><a href=\"https:\/\/www.bakenews.it\/2024\/05\/27\/turista-litiga-per-il-conto-buttafuori-con-un-calcio-in-testa-lo-manda-in-coma-video-shock\/\">Un touriste se bat pour l&#039;addition, le videur lui donne un coup de pied \u00e0 la t\u00eate et l&#039;envoie dans le coma : vid\u00e9o choquante<\/a><\/li>\n\n\n\n<li><a href=\"https:\/\/www.bakenews.it\/2024\/07\/24\/scopre-ladro-in-spiaggia-turista-lo-massacra-a-colpi-di-ombrellone-video\/\">Un voleur est d\u00e9couvert sur la plage, un touriste le massacre avec des parapluies : vid\u00e9o<\/a><\/li>\n<\/ul>\n\n\n\n<h2 class=\"wp-block-heading\" id=\"h-la-polizia-hanno-spaccato-il-naso-ad-un-agente\">La police : \u00ab Ils ont cass\u00e9 le nez d&#039;un policier \u00bb<\/h2>\n\n\n\n<p>La police du Grand Manchester (GMP) a d\u00e9clar\u00e9 que les hommes avaient \u00e9t\u00e9 arr\u00eat\u00e9s apr\u00e8s que des policiers eurent r\u00e9pondu \u00e0 des informations faisant \u00e9tat d&#039;une agression au terminal 2 de l&#039;a\u00e9roport mardi soir, et que plusieurs policiers avaient \u00e9t\u00e9 agress\u00e9s au cours de l&#039;incident, dont une polici\u00e8re dont le nez \u00e9tait cass\u00e9. L&#039;officier qui a frapp\u00e9 le ballon a \u00e9t\u00e9 d\u00e9mis de ses fonctions actives, mais pas suspendu, dans l&#039;attente d&#039;une enqu\u00eate ind\u00e9pendante visant \u00e0 faire la lumi\u00e8re sur la situation.<\/p>\n\n\n\n<p>L&#039;homme frapp\u00e9 dans la vid\u00e9o est originaire de Rochdale et des centaines de personnes se sont rassembl\u00e9es devant le principal commissariat de la ville mardi soir pour protester contre le traitement r\u00e9serv\u00e9 aux personnes arr\u00eat\u00e9es. Un imam local a \u00e9t\u00e9 vu en train d&#039;essayer de calmer les tensions au sein de la foule. Des foules en col\u00e8re se sont rassembl\u00e9es apr\u00e8s la diffusion en ligne d&#039;une vid\u00e9o montrant l&#039;arrestation de quatre hommes \u00e0 l&#039;a\u00e9roport de Manchester.<\/p>\n\n\n\n<figure class=\"wp-block-embed\"><div class=\"wp-block-embed__wrapper\">\nhttps:\/\/twitter.com\/DillyHussain88\/status\/1816112400497614941\n<\/div><\/figure>\n\n\n\n<h2 class=\"wp-block-heading\" id=\"h-video-virale-dell-arresto-calci-in-faccia-a-sospetto\">Vid\u00e9o virale de l&#039;arrestation : le suspect re\u00e7oit un coup de pied au visage<\/h2>\n\n\n\n<p>La police s&#039;est d\u00e9fendue en affirmant que les hommes avaient \u00e9t\u00e9 arr\u00eat\u00e9s parce qu&#039;ils \u00e9taient soup\u00e7onn\u00e9s d&#039;une s\u00e9rie de crimes, notamment des voies de fait, des agressions contre un secouriste, des bagarres et des entraves \u00e0 la police. Dans la vid\u00e9o, on peut voir un homme v\u00eatu d\u2019un short bleu et d\u2019un T-shirt bleu allong\u00e9 sur le sol, les mains derri\u00e8re le dos tandis qu\u2019une femme \u00e2g\u00e9e s\u2019agenouille \u00e0 c\u00f4t\u00e9 de lui. Derri\u00e8re le couple, un homme v\u00eatu d&#039;un T-shirt gris et d&#039;un short est assis sur une chaise, les mains au-dessus de la t\u00eate. Un policier, tenant un Taser, frappe l&#039;homme au visage au sol, avant de lui pi\u00e9tiner l&#039;arri\u00e8re de la t\u00eate alors qu&#039;il s&#039;\u00e9loigne du policier.<\/p>\n\n\n\n<p>Cela suscite l&#039;indignation des spectateurs de la sc\u00e8ne et que l&#039;on entend crier \u00e0 la police &quot;arr\u00eatez de donner des coups de pied aux gens&quot; et &quot;vous \u00eates film\u00e9s&quot;. On peut voir une polici\u00e8re repousser les gens qui filment loin de l&#039;homme. \u00c0 l\u2019arri\u00e8re-plan, on peut voir un policier crier \u00ab\u00a0\u00e0 bas, \u00e0 bas\u00a0\u00bb \u00e0 l\u2019homme assis sur la chaise. L&#039;homme est ensuite pouss\u00e9 au sol par deux policiers et menott\u00e9. C&#039;est alors que la femme, que l&#039;on voit v\u00eatue d&#039;une dupatta bleue, erre confus\u00e9ment entre les deux hommes, que l&#039;on croit \u00eatre ses enfants. Elle est ensuite repouss\u00e9e par une polici\u00e8re.<\/p>\n\n\n\n<h2 class=\"wp-block-heading\" id=\"h-il-video-girato-all-aeroporto-di-manchester\">La vid\u00e9o tourn\u00e9e \u00e0 l&#039;a\u00e9roport de Manchester<\/h2>\n\n\n\n<p>D&#039;autres images, qui semblent avoir \u00e9t\u00e9 tourn\u00e9es apr\u00e8s que les deux hommes ont \u00e9t\u00e9 emmen\u00e9s par des policiers, montrent des policiers coin\u00e7ant un groupe de personnes sur la m\u00eame place. Dans la vid\u00e9o, vous pouvez voir un policier avec un Taser \u00e0 la main pointant un homme et disant : \u00ab Ils vont vous arr\u00eater \u00bb. \u00c0 ce moment-l\u00e0, l&#039;un des policiers tire sa balle neutralisante sur l&#039;un des hommes, avant que lui et un autre policier n&#039;attrapent l&#039;homme et le jettent au sol.<\/p>\n\n\n\n<p>Les hommes sont ensuite tra\u00een\u00e9s hors du b\u00e2timent par des agents jusqu&#039;\u00e0 un v\u00e9hicule de police en attente. Amar Rafiq, qui a tourn\u00e9 une partie de la vid\u00e9o originale, revenait du Qatar \u00e0 Manchester lorsqu&#039;il a vu l&#039;incident se d\u00e9rouler sous ses yeux. Il a d\u00e9clar\u00e9 \u00e0 MailOnline : \u00ab Je suis sorti sur la place o\u00f9 se produisait l\u2019accident. L&#039;agent pla\u00e7ait l&#039;homme contre le mur et essayait de le pousser et de le cogner. Quelques instants plus tard, l&#039;autre gars qui \u00e9tait l\u00e0 a frapp\u00e9 le policier, puis ils les ont jet\u00e9s tous les deux au sol. Ils [la police] disaient &#039;vous \u00eates en \u00e9tat d&#039;arrestation&#039;.\u00bb Il a expliqu\u00e9 que c&#039;est \u00e0 ce moment-l\u00e0 qu&#039;il a commenc\u00e9 \u00e0 filmer, capturant le moment o\u00f9 l&#039;un des hommes semblait recevoir un coup de pied \u00e0 la t\u00eate.<\/p>\n\n\n\n<p>M. Rafiq a d\u00e9clar\u00e9 : \u00ab J\u2019\u00e9tais juste abasourdi. Le flic vient de lui donner un coup de pied au visage. Tout le monde \u00e9tait inquiet pour lui-m\u00eame, ils ont commenc\u00e9 \u00e0 paniquer et \u00e0 s&#039;enfuir, ils avaient peur d&#039;\u00eatre attaqu\u00e9s. \u00bb Il a ajout\u00e9 qu&#039;il n&#039;avait pas vu ce qui \u00e9tait arriv\u00e9 aux hommes ou \u00e0 la femme qui les accompagnaient parce que les policiers avaient fait sortir tout le monde des lieux. Rafiq a d\u00e9clar\u00e9 qu&#039;au moins dix officiers \u00e9taient pr\u00e9sents \u00e0 ce moment-l\u00e0.<\/p>\n\n\n\n<figure class=\"wp-block-embed is-type-rich is-provider-twitter wp-block-embed-twitter\"><div class=\"wp-block-embed__wrapper\">\n<blockquote class=\"twitter-tweet\" data-width=\"500\" data-dnt=\"true\"><p lang=\"en\" dir=\"ltr\">S\u00e9quence vid\u00e9o de ce qui s&#039;est pass\u00e9 AVANT, pendant et APR\u00c8S l&#039;incident de brutalit\u00e9 polici\u00e8re \u00e0 l&#039;a\u00e9roport de Manchester. <br><br>L&#039;officier en question a d\u00e9sormais \u00e9t\u00e9 d\u00e9mis de ses fonctions op\u00e9rationnelles. <a href=\"https:\/\/t.co\/4AswcesqtM\">https:\/\/t.co\/4AswcesqtM<\/a> <a href=\"https:\/\/t.co\/GdjlPWWfdq\">pic.twitter.com\/GdjlPWWfdq<\/a><\/p>-Dilly Hussain (@DillyHussain88) <a href=\"https:\/\/twitter.com\/DillyHussain88\/status\/1816226862848233607?ref_src=twsrc%5Etfw\">24 juillet 2024<\/a><\/blockquote><script async src=\"https:\/\/platform.twitter.com\/widgets.js\" charset=\"utf-8\"><\/script>\n<\/div><\/figure>\n\n\n\n<h2 class=\"wp-block-heading\" id=\"h-la-polizia-si-difende-aggressione-iniziata-da-loro\">Les policiers se d\u00e9fendent : &quot;L&#039;attaque d\u00e9clench\u00e9e par eux&quot;<\/h2>\n\n\n\n<p>Un porte-parole de la police du Grand Manchester a d\u00e9clar\u00e9 que l&#039;appel avait \u00e9t\u00e9 lanc\u00e9 \u00e0 la suite d&#039;informations faisant \u00e9tat d&#039;une bagarre entre des membres du public. Le chef adjoint de la police, Wasim Chaudhry, a d\u00e9clar\u00e9 que les forces de l&#039;ordre comprenaient pourquoi la vid\u00e9o des arrestations \u00ab avait suscit\u00e9 l&#039;inqui\u00e9tude \u00bb. Il a d\u00e9clar\u00e9 : \u00ab Nous savons que les images d&#039;un incident \u00e0 l&#039;a\u00e9roport de Manchester qui circulent largement montrent un \u00e9v\u00e9nement vraiment choquant et qui inqui\u00e8te \u00e0 juste titre les gens. Le recours \u00e0 une telle force lors d\u2019une arrestation est un \u00e9v\u00e9nement inhabituel et, comme nous le savons, suscite l\u2019inqui\u00e9tude. Nous avons \u00e9t\u00e9 appel\u00e9s suite \u00e0 des informations faisant \u00e9tat d&#039;une agression dans le terminal 2 de l&#039;a\u00e9roport de Manchester \u00e0 20h25 le mardi 23 juillet. Le suspect pr\u00e9sum\u00e9 a \u00e9t\u00e9 film\u00e9 par des cam\u00e9ras de surveillance \u00e0 proximit\u00e9 d&#039;un distributeur de billets dans le parking et des agents se sont rendus sur les lieux pour l&#039;arr\u00eater.<\/p>\n\n\n\n<p>\u00ab Lors de notre intervention, trois policiers ont \u00e9t\u00e9 agress\u00e9s. Une femme a eu le nez cass\u00e9 et les autres policiers ont \u00e9t\u00e9 contraints \u00e0 terre et ont subi des blessures qui ont n\u00e9cessit\u00e9 des soins hospitaliers. Un policier de sexe masculin a \u00e9t\u00e9 d\u00e9mis de ses fonctions op\u00e9rationnelles et nous signalons volontairement notre r\u00e9ponse polici\u00e8re au Bureau ind\u00e9pendant de la conduite de la police.<\/p>\n\n\n\n<p><strong>LIRE LES AUTRES NOUVELLES DU MONDE<\/strong><\/p>\n\n\n<ul class=\"wp-block-latest-posts__list wp-block-latest-posts\"><li><a class=\"wp-block-latest-posts__post-title\" href=\"https:\/\/newsvirali.it\/fr\/2026\/02\/12\/emma-amit-crabe-du-diable-mort\/\">La vlogueuse Emma Amit d\u00e9c\u00e8de apr\u00e8s avoir consomm\u00e9 du crabe du diable toxique<\/a><\/li>\n<li><a class=\"wp-block-latest-posts__post-title\" href=\"https:\/\/newsvirali.it\/fr\/2026\/02\/05\/suicide-des-trois-soeurs-en-inde\/\">Des parents confisquent les t\u00e9l\u00e9phones portables de trois s\u0153urs qui jouent excessivement aux jeux vid\u00e9o\u00a0: trois s\u0153urs se suicident<\/a><\/li>\n<li><a class=\"wp-block-latest-posts__post-title\" href=\"https:\/\/newsvirali.it\/fr\/2026\/01\/30\/arrestation-dans-un-complexe-hotelier-de-floride-pour-actes-obscenes\/\">Un h\u00f4tel de Floride fait sensation : un homme arr\u00eat\u00e9 pour exhibitionnisme avec un aspirateur<\/a><\/li>\n<li><a class=\"wp-block-latest-posts__post-title\" href=\"https:\/\/newsvirali.it\/fr\/2026\/01\/28\/un-pere-ivre-pend-son-fils-dans-une-video-choquante\/\">Un p\u00e8re ivre pend son fils par la fen\u00eatre : vid\u00e9o choquante<\/a><\/li>\n<li><a class=\"wp-block-latest-posts__post-title\" href=\"https:\/\/newsvirali.it\/fr\/2026\/01\/27\/une-enseignante-enceinte-et-un-eleve-de-13-ans\/\">Une enseignante admet \u00eatre tomb\u00e9e enceinte d&#039;un \u00e9l\u00e8ve de 13 ans<\/a><\/li>\n<\/ul><br \/>Suivez-nous \u00e9galement sur Google News : <b><a href=\"https:\/\/news.google.com\/publications\/CAAqBwgKMNqJiwswjMfqAg?hl=it&gl=IT&ceid=IT:it\" target=\"_blank\">Cliquez ici<\/a><\/b>","protected":false},"excerpt":{"rendered":"<p>Un contr\u00f4le de police \u00e0 l&#039;a\u00e9roport de Manchester (Angleterre) a d\u00e9g\u00e9n\u00e9r\u00e9 et la police a frapp\u00e9 des citoyens islamiques : un policier [\u2026]<\/p>","protected":false},"author":4,"featured_media":37470,"comment_status":"open","ping_status":"open","sticky":false,"template":"","format":"standard","meta":{"MSN_Categories":"Uncategorized","MSN_Publish_Option":false,"MSN_Is_Local_News":false,"MSN_Is_AIAC_Included":"Empty","MSN_Location":"[]","MSN_Add_Feature_Img_On_Top_Of_Post":false,"MSN_Has_Custom_Author":false,"MSN_Custom_Author":"","MSN_Has_Custom_Canonical_Url":false,"MSN_Custom_Canonical_Url":"","footnotes":""},"categories":[9],"tags":[],"class_list":["post-37397","post","type-post","status-publish","format-standard","has-post-thumbnail","hentry","category-mondo"],"acf":[],"yoast_head":"<!-- This site is optimized with the Yoast SEO Premium plugin v26.7 (Yoast SEO v26.7) - https:\/\/yoast.com\/wordpress\/plugins\/seo\/ -->\n<title>Poliziotto d\u00e0 calci in faccia a sospetto, video del brutale arresto sui social<\/title>\n<meta name=\"description\" content=\"Un poliziotto ha preso a calci in faccia un sospetto, una scena raccapricciante il cui video ha fatto il giro del web.\" \/>\n<meta name=\"robots\" content=\"index, follow, max-snippet:-1, max-image-preview:large, max-video-preview:-1\" \/>\n<link rel=\"canonical\" href=\"https:\/\/newsvirali.it\/fr\/2024\/07\/25\/policia-patea-la-cara-del-sospechoso-brutal-video-arresto-social\/\" \/>\n<meta property=\"og:locale\" content=\"fr_FR\" \/>\n<meta property=\"og:type\" content=\"article\" \/>\n<meta property=\"og:title\" content=\"Poliziotto d\u00e0 calci in faccia a sospetto, video del brutale arresto sui social\" \/>\n<meta property=\"og:description\" content=\"Un poliziotto ha preso a calci in faccia un sospetto, una scena raccapricciante il cui video ha fatto il giro del web.\" \/>\n<meta property=\"og:url\" content=\"https:\/\/newsvirali.it\/fr\/2024\/07\/25\/policia-patea-la-cara-del-sospechoso-brutal-video-arresto-social\/\" \/>\n<meta property=\"og:site_name\" content=\"News virali\" \/>\n<meta property=\"article:published_time\" content=\"2024-07-25T06:20:43+00:00\" \/>\n<meta property=\"article:modified_time\" content=\"2024-07-25T08:11:54+00:00\" \/>\n<meta property=\"og:image\" content=\"https:\/\/newsvirali.it\/wp-content\/uploads\/2024\/07\/Poliziotto-da-calci-in-faccia-a-sospetto-video-del-brutale-arresto-sui-social-0bis.jpg\" \/>\n\t<meta property=\"og:image:width\" content=\"600\" \/>\n\t<meta property=\"og:image:height\" content=\"400\" \/>\n\t<meta property=\"og:image:type\" content=\"image\/jpeg\" \/>\n<meta name=\"author\" content=\"Cecco Prestina\" \/>\n<meta name=\"twitter:card\" content=\"summary_large_image\" \/>\n<meta name=\"twitter:label1\" content=\"\u00c9crit par\" \/>\n\t<meta name=\"twitter:data1\" content=\"Cecco Prestina\" \/>\n\t<meta name=\"twitter:label2\" content=\"Dur\u00e9e de lecture estim\u00e9e\" \/>\n\t<meta name=\"twitter:data2\" content=\"6 minutes\" \/>\n<script type=\"application\/ld+json\" class=\"yoast-schema-graph\">{\"@context\":\"https:\/\/schema.org\",\"@graph\":[{\"@type\":\"NewsArticle\",\"@id\":\"https:\/\/newsvirali.it\/es\/2024\/07\/25\/policia-patea-la-cara-del-sospechoso-brutal-video-arresto-social\/#article\",\"isPartOf\":{\"@id\":\"https:\/\/newsvirali.it\/es\/2024\/07\/25\/policia-patea-la-cara-del-sospechoso-brutal-video-arresto-social\/\"},\"author\":{\"name\":\"Cecco Prestina\",\"@id\":\"https:\/\/newsvirali.it\/fr\/#\/schema\/person\/4c835f7b49c9adb58b33901ee816565d\"},\"headline\":\"Poliziotto d\u00e0 calci in faccia a sospetto, video del brutale arresto sui social\",\"datePublished\":\"2024-07-25T06:20:43+00:00\",\"dateModified\":\"2024-07-25T08:11:54+00:00\",\"mainEntityOfPage\":{\"@id\":\"https:\/\/newsvirali.it\/es\/2024\/07\/25\/policia-patea-la-cara-del-sospechoso-brutal-video-arresto-social\/\"},\"wordCount\":1075,\"commentCount\":0,\"image\":{\"@id\":\"https:\/\/newsvirali.it\/es\/2024\/07\/25\/policia-patea-la-cara-del-sospechoso-brutal-video-arresto-social\/#primaryimage\"},\"thumbnailUrl\":\"https:\/\/newsvirali.it\/wp-content\/uploads\/2024\/07\/Poliziotto-da-calci-in-faccia-a-sospetto-video-del-brutale-arresto-sui-social-0bis.jpg\",\"articleSection\":[\"Mondo\"],\"inLanguage\":\"fr-FR\",\"potentialAction\":[{\"@type\":\"CommentAction\",\"name\":\"Comment\",\"target\":[\"https:\/\/newsvirali.it\/es\/2024\/07\/25\/policia-patea-la-cara-del-sospechoso-brutal-video-arresto-social\/#respond\"]}],\"copyrightYear\":\"2024\",\"copyrightHolder\":{\"@id\":\"https:\/\/newsvirali.it\/fr\/#organization\"}},{\"@type\":\"WebPage\",\"@id\":\"https:\/\/newsvirali.it\/es\/2024\/07\/25\/policia-patea-la-cara-del-sospechoso-brutal-video-arresto-social\/\",\"url\":\"https:\/\/newsvirali.it\/es\/2024\/07\/25\/policia-patea-la-cara-del-sospechoso-brutal-video-arresto-social\/\",\"name\":\"Poliziotto d\u00e0 calci in faccia a sospetto, video del brutale arresto sui social\",\"isPartOf\":{\"@id\":\"https:\/\/newsvirali.it\/fr\/#website\"},\"primaryImageOfPage\":{\"@id\":\"https:\/\/newsvirali.it\/es\/2024\/07\/25\/policia-patea-la-cara-del-sospechoso-brutal-video-arresto-social\/#primaryimage\"},\"image\":{\"@id\":\"https:\/\/newsvirali.it\/es\/2024\/07\/25\/policia-patea-la-cara-del-sospechoso-brutal-video-arresto-social\/#primaryimage\"},\"thumbnailUrl\":\"https:\/\/newsvirali.it\/wp-content\/uploads\/2024\/07\/Poliziotto-da-calci-in-faccia-a-sospetto-video-del-brutale-arresto-sui-social-0bis.jpg\",\"datePublished\":\"2024-07-25T06:20:43+00:00\",\"dateModified\":\"2024-07-25T08:11:54+00:00\",\"author\":{\"@id\":\"https:\/\/newsvirali.it\/fr\/#\/schema\/person\/4c835f7b49c9adb58b33901ee816565d\"},\"description\":\"Un poliziotto ha preso a calci in faccia un sospetto, una scena raccapricciante il cui video ha fatto il giro del web.\",\"breadcrumb\":{\"@id\":\"https:\/\/newsvirali.it\/es\/2024\/07\/25\/policia-patea-la-cara-del-sospechoso-brutal-video-arresto-social\/#breadcrumb\"},\"inLanguage\":\"fr-FR\",\"potentialAction\":[{\"@type\":\"ReadAction\",\"target\":[\"https:\/\/newsvirali.it\/es\/2024\/07\/25\/policia-patea-la-cara-del-sospechoso-brutal-video-arresto-social\/\"]}]},{\"@type\":\"ImageObject\",\"inLanguage\":\"fr-FR\",\"@id\":\"https:\/\/newsvirali.it\/es\/2024\/07\/25\/policia-patea-la-cara-del-sospechoso-brutal-video-arresto-social\/#primaryimage\",\"url\":\"https:\/\/newsvirali.it\/wp-content\/uploads\/2024\/07\/Poliziotto-da-calci-in-faccia-a-sospetto-video-del-brutale-arresto-sui-social-0bis.jpg\",\"contentUrl\":\"https:\/\/newsvirali.it\/wp-content\/uploads\/2024\/07\/Poliziotto-da-calci-in-faccia-a-sospetto-video-del-brutale-arresto-sui-social-0bis.jpg\",\"width\":600,\"height\":400},{\"@type\":\"BreadcrumbList\",\"@id\":\"https:\/\/newsvirali.it\/es\/2024\/07\/25\/policia-patea-la-cara-del-sospechoso-brutal-video-arresto-social\/#breadcrumb\",\"itemListElement\":[{\"@type\":\"ListItem\",\"position\":1,\"name\":\"Home\",\"item\":\"https:\/\/newsvirali.it\/fr\/\"},{\"@type\":\"ListItem\",\"position\":2,\"name\":\"Poliziotto d\u00e0 calci in faccia a sospetto, video del brutale arresto sui social\"}]},{\"@type\":\"WebSite\",\"@id\":\"https:\/\/newsvirali.it\/fr\/#website\",\"url\":\"https:\/\/newsvirali.it\/fr\/\",\"name\":\"Bake News\",\"description\":\"\",\"potentialAction\":[{\"@type\":\"SearchAction\",\"target\":{\"@type\":\"EntryPoint\",\"urlTemplate\":\"https:\/\/newsvirali.it\/fr\/?s={search_term_string}\"},\"query-input\":{\"@type\":\"PropertyValueSpecification\",\"valueRequired\":true,\"valueName\":\"search_term_string\"}}],\"inLanguage\":\"fr-FR\"},{\"@type\":\"Person\",\"@id\":\"https:\/\/newsvirali.it\/fr\/#\/schema\/person\/4c835f7b49c9adb58b33901ee816565d\",\"name\":\"Cecco Prestina\",\"description\":\"Perch\u00e9 nasconderlo? Cecco Prestina \u00e8 un alias, ma dietro di lui non si cela un algoritmo di intelligenza artificiale. C'\u00e8 un giornalista che ha oltre vent'anni di esperienza tutta sul web. Da quando il primo modem ha iniziato a gracchiare sul territorio italiano con Video on Line, Cecco ha capito che da quel doppino sarebbe passato il futuro. Ha dedidicato tutta la sua carriera a capire Internet e poi i social e ora l'Ai. Una carriera in costante aggiornamento. E questa esperienza la mette in campo ogni giorno. Per\u00f2 ogni tanto Cecco ha voglia anche di non scrivere \\\"pipponi\\\" sulla politica, sull'economia. Ha voglia anche di scrivere qualcosa di divertente. Le notizie che trovate su Bake News sono le stesse che Cecco porta all'aperitivo con gli amici. Quelle di cui discutere per farsi due risate. Notizie, vere (qualche volta si fa fatica a crederlo), strane, divertenti, ma anche serie. Bake News \u00e8 nato per questo, dare al pubblico notizie croccanti e calde come il pane che esce dal forno. E Cecco Prestina \u00e8 nato con Bake News.\",\"url\":\"https:\/\/newsvirali.it\/fr\/autore\/cecco-prestina\/\"}]}<\/script>\n<!-- \/ Yoast SEO Premium plugin. -->","yoast_head_json":{"title":"Poliziotto d\u00e0 calci in faccia a sospetto, video del brutale arresto sui social","description":"Un poliziotto ha preso a calci in faccia un sospetto, una scena raccapricciante il cui video ha fatto il giro del web.","robots":{"index":"index","follow":"follow","max-snippet":"max-snippet:-1","max-image-preview":"max-image-preview:large","max-video-preview":"max-video-preview:-1"},"canonical":"https:\/\/newsvirali.it\/fr\/2024\/07\/25\/policia-patea-la-cara-del-sospechoso-brutal-video-arresto-social\/","og_locale":"fr_FR","og_type":"article","og_title":"Poliziotto d\u00e0 calci in faccia a sospetto, video del brutale arresto sui social","og_description":"Un poliziotto ha preso a calci in faccia un sospetto, una scena raccapricciante il cui video ha fatto il giro del web.","og_url":"https:\/\/newsvirali.it\/fr\/2024\/07\/25\/policia-patea-la-cara-del-sospechoso-brutal-video-arresto-social\/","og_site_name":"News virali","article_published_time":"2024-07-25T06:20:43+00:00","article_modified_time":"2024-07-25T08:11:54+00:00","og_image":[{"width":600,"height":400,"url":"https:\/\/newsvirali.it\/wp-content\/uploads\/2024\/07\/Poliziotto-da-calci-in-faccia-a-sospetto-video-del-brutale-arresto-sui-social-0bis.jpg","type":"image\/jpeg"}],"author":"Cecco Prestina","twitter_card":"summary_large_image","twitter_misc":{"\u00c9crit par":"Cecco Prestina","Dur\u00e9e de lecture estim\u00e9e":"6 minutes"},"schema":{"@context":"https:\/\/schema.org","@graph":[{"@type":"NewsArticle","@id":"https:\/\/newsvirali.it\/es\/2024\/07\/25\/policia-patea-la-cara-del-sospechoso-brutal-video-arresto-social\/#article","isPartOf":{"@id":"https:\/\/newsvirali.it\/es\/2024\/07\/25\/policia-patea-la-cara-del-sospechoso-brutal-video-arresto-social\/"},"author":{"name":"Cecco Prestina","@id":"https:\/\/newsvirali.it\/fr\/#\/schema\/person\/4c835f7b49c9adb58b33901ee816565d"},"headline":"Poliziotto d\u00e0 calci in faccia a sospetto, video del brutale arresto sui social","datePublished":"2024-07-25T06:20:43+00:00","dateModified":"2024-07-25T08:11:54+00:00","mainEntityOfPage":{"@id":"https:\/\/newsvirali.it\/es\/2024\/07\/25\/policia-patea-la-cara-del-sospechoso-brutal-video-arresto-social\/"},"wordCount":1075,"commentCount":0,"image":{"@id":"https:\/\/newsvirali.it\/es\/2024\/07\/25\/policia-patea-la-cara-del-sospechoso-brutal-video-arresto-social\/#primaryimage"},"thumbnailUrl":"https:\/\/newsvirali.it\/wp-content\/uploads\/2024\/07\/Poliziotto-da-calci-in-faccia-a-sospetto-video-del-brutale-arresto-sui-social-0bis.jpg","articleSection":["Mondo"],"inLanguage":"fr-FR","potentialAction":[{"@type":"CommentAction","name":"Comment","target":["https:\/\/newsvirali.it\/es\/2024\/07\/25\/policia-patea-la-cara-del-sospechoso-brutal-video-arresto-social\/#respond"]}],"copyrightYear":"2024","copyrightHolder":{"@id":"https:\/\/newsvirali.it\/fr\/#organization"}},{"@type":"WebPage","@id":"https:\/\/newsvirali.it\/es\/2024\/07\/25\/policia-patea-la-cara-del-sospechoso-brutal-video-arresto-social\/","url":"https:\/\/newsvirali.it\/es\/2024\/07\/25\/policia-patea-la-cara-del-sospechoso-brutal-video-arresto-social\/","name":"Poliziotto d\u00e0 calci in faccia a sospetto, video del brutale arresto sui social","isPartOf":{"@id":"https:\/\/newsvirali.it\/fr\/#website"},"primaryImageOfPage":{"@id":"https:\/\/newsvirali.it\/es\/2024\/07\/25\/policia-patea-la-cara-del-sospechoso-brutal-video-arresto-social\/#primaryimage"},"image":{"@id":"https:\/\/newsvirali.it\/es\/2024\/07\/25\/policia-patea-la-cara-del-sospechoso-brutal-video-arresto-social\/#primaryimage"},"thumbnailUrl":"https:\/\/newsvirali.it\/wp-content\/uploads\/2024\/07\/Poliziotto-da-calci-in-faccia-a-sospetto-video-del-brutale-arresto-sui-social-0bis.jpg","datePublished":"2024-07-25T06:20:43+00:00","dateModified":"2024-07-25T08:11:54+00:00","author":{"@id":"https:\/\/newsvirali.it\/fr\/#\/schema\/person\/4c835f7b49c9adb58b33901ee816565d"},"description":"Un poliziotto ha preso a calci in faccia un sospetto, una scena raccapricciante il cui video ha fatto il giro del web.","breadcrumb":{"@id":"https:\/\/newsvirali.it\/es\/2024\/07\/25\/policia-patea-la-cara-del-sospechoso-brutal-video-arresto-social\/#breadcrumb"},"inLanguage":"fr-FR","potentialAction":[{"@type":"ReadAction","target":["https:\/\/newsvirali.it\/es\/2024\/07\/25\/policia-patea-la-cara-del-sospechoso-brutal-video-arresto-social\/"]}]},{"@type":"ImageObject","inLanguage":"fr-FR","@id":"https:\/\/newsvirali.it\/es\/2024\/07\/25\/policia-patea-la-cara-del-sospechoso-brutal-video-arresto-social\/#primaryimage","url":"https:\/\/newsvirali.it\/wp-content\/uploads\/2024\/07\/Poliziotto-da-calci-in-faccia-a-sospetto-video-del-brutale-arresto-sui-social-0bis.jpg","contentUrl":"https:\/\/newsvirali.it\/wp-content\/uploads\/2024\/07\/Poliziotto-da-calci-in-faccia-a-sospetto-video-del-brutale-arresto-sui-social-0bis.jpg","width":600,"height":400},{"@type":"BreadcrumbList","@id":"https:\/\/newsvirali.it\/es\/2024\/07\/25\/policia-patea-la-cara-del-sospechoso-brutal-video-arresto-social\/#breadcrumb","itemListElement":[{"@type":"ListItem","position":1,"name":"Home","item":"https:\/\/newsvirali.it\/fr\/"},{"@type":"ListItem","position":2,"name":"Poliziotto d\u00e0 calci in faccia a sospetto, video del brutale arresto sui social"}]},{"@type":"WebSite","@id":"https:\/\/newsvirali.it\/fr\/#website","url":"https:\/\/newsvirali.it\/fr\/","name":"Bake News","description":"","potentialAction":[{"@type":"SearchAction","target":{"@type":"EntryPoint","urlTemplate":"https:\/\/newsvirali.it\/fr\/?s={search_term_string}"},"query-input":{"@type":"PropertyValueSpecification","valueRequired":true,"valueName":"search_term_string"}}],"inLanguage":"fr-FR"},{"@type":"Person","@id":"https:\/\/newsvirali.it\/fr\/#\/schema\/person\/4c835f7b49c9adb58b33901ee816565d","name":"Cecco Prestina","description":"Perch\u00e9 nasconderlo? Cecco Prestina \u00e8 un alias, ma dietro di lui non si cela un algoritmo di intelligenza artificiale. C'\u00e8 un giornalista che ha oltre vent'anni di esperienza tutta sul web. Da quando il primo modem ha iniziato a gracchiare sul territorio italiano con Video on Line, Cecco ha capito che da quel doppino sarebbe passato il futuro. Ha dedidicato tutta la sua carriera a capire Internet e poi i social e ora l'Ai. Una carriera in costante aggiornamento. E questa esperienza la mette in campo ogni giorno. Per\u00f2 ogni tanto Cecco ha voglia anche di non scrivere \"pipponi\" sulla politica, sull'economia. Ha voglia anche di scrivere qualcosa di divertente. Le notizie che trovate su Bake News sono le stesse che Cecco porta all'aperitivo con gli amici. Quelle di cui discutere per farsi due risate. Notizie, vere (qualche volta si fa fatica a crederlo), strane, divertenti, ma anche serie. Bake News \u00e8 nato per questo, dare al pubblico notizie croccanti e calde come il pane che esce dal forno. E Cecco Prestina \u00e8 nato con Bake News.","url":"https:\/\/newsvirali.it\/fr\/autore\/cecco-prestina\/"}]}},"_links":{"self":[{"href":"https:\/\/newsvirali.it\/fr\/wp-json\/wp\/v2\/posts\/37397","targetHints":{"allow":["GET"]}}],"collection":[{"href":"https:\/\/newsvirali.it\/fr\/wp-json\/wp\/v2\/posts"}],"about":[{"href":"https:\/\/newsvirali.it\/fr\/wp-json\/wp\/v2\/types\/post"}],"author":[{"embeddable":true,"href":"https:\/\/newsvirali.it\/fr\/wp-json\/wp\/v2\/users\/4"}],"replies":[{"embeddable":true,"href":"https:\/\/newsvirali.it\/fr\/wp-json\/wp\/v2\/comments?post=37397"}],"version-history":[{"count":9,"href":"https:\/\/newsvirali.it\/fr\/wp-json\/wp\/v2\/posts\/37397\/revisions"}],"predecessor-version":[{"id":37472,"href":"https:\/\/newsvirali.it\/fr\/wp-json\/wp\/v2\/posts\/37397\/revisions\/37472"}],"wp:featuredmedia":[{"embeddable":true,"href":"https:\/\/newsvirali.it\/fr\/wp-json\/wp\/v2\/media\/37470"}],"wp:attachment":[{"href":"https:\/\/newsvirali.it\/fr\/wp-json\/wp\/v2\/media?parent=37397"}],"wp:term":[{"taxonomy":"category","embeddable":true,"href":"https:\/\/newsvirali.it\/fr\/wp-json\/wp\/v2\/categories?post=37397"},{"taxonomy":"post_tag","embeddable":true,"href":"https:\/\/newsvirali.it\/fr\/wp-json\/wp\/v2\/tags?post=37397"}],"curies":[{"name":"wp","href":"https:\/\/api.w.org\/{rel}","templated":true}]}}