{"id":33883,"date":"2024-06-25T17:57:43","date_gmt":"2024-06-25T15:57:43","guid":{"rendered":"https:\/\/www.bakenews.it\/?p=33883"},"modified":"2024-06-25T17:57:44","modified_gmt":"2024-06-25T15:57:44","slug":"morto-kevin-alano-alto-mondo-world-guinness","status":"publish","type":"post","link":"https:\/\/newsvirali.it\/fr\/2024\/06\/25\/kevin-dogue-allemand-high-world-world-guinness-mort\/","title":{"rendered":"Kevin, le plus grand dogue allemand du monde, est d\u00e9c\u00e9d\u00e9 : il y a seulement trois mois, il a \u00e9t\u00e9 couronn\u00e9 par le World Guinness"},"content":{"rendered":"<p>Kevin, le Dogue Allemand de l&#039;Iowa qui a battu tous les records et que le Guinness World Records avait d\u00e9sign\u00e9 il y a trois mois comme le chien le plus grand du monde, est d\u00e9c\u00e9d\u00e9. Kevin, un dogue allemand de trois ans originaire de West Des Moines, qui mesurait 7 pieds lorsqu&#039;il se tenait sur ses pattes arri\u00e8re, est d\u00e9c\u00e9d\u00e9 plus t\u00f4t cette semaine apr\u00e8s \u00eatre tomb\u00e9 soudainement malade. Tracy Wolfe, la propri\u00e9taire du chien, a \u00e9t\u00e9 parmi les premi\u00e8res \u00e0 annoncer la nouvelle.<\/p>\n\n\n\n<p><strong>ARTICLES LES PLUS LUS<\/strong><\/p>\n\n\n<p>[koko_analytics_most_viewed_posts number=5 days=8 post_type=\u201dpost\u201d show_date=\u201dfalse\u201d]<\/p>\n\n\n\n<h2 class=\"wp-block-heading\" id=\"h-morto-a-tre-anni-il-cane-piu-alto-del-mondo\">Le chien le plus grand du monde est mort \u00e0 trois ans<\/h2>\n\n\n\n<p>\u00ab Toute notre famille est d\u00e9vast\u00e9e pour Kevin. Il \u00e9tait tout simplement le meilleur gar\u00e7on g\u00e9ant \u00bb, a d\u00e9clar\u00e9 Tracy au Guinness World Records. &quot;Nous sommes si heureux qu&#039;il ait pu battre le record et avoir cette lumi\u00e8re sur lui.&quot; &quot;Nous sommes profond\u00e9ment attrist\u00e9s d&#039;apprendre que Kevin est d\u00e9c\u00e9d\u00e9 subitement \u00e0 la suite de complications de sant\u00e9 inattendues&quot;, a d\u00e9clar\u00e9 un porte-parole du Guinness World Records. Tracy et l&#039;\u00e9quipe de la clinique v\u00e9t\u00e9rinaire o\u00f9 elle travaille ont tout fait pour sauver Kevin apr\u00e8s qu&#039;il soit tomb\u00e9 malade.<\/p>\n\n\n\n<p>Les Wolf \u00e9taient fiers de tout ce que Kevin avait accompli avant sa mort. \u00ab J\u2019aimerais que ces races g\u00e9antes, et tous les chiens, puissent vivre plus longtemps qu\u2019eux. On n&#039;a jamais assez de temps.&quot; La famille Wolfe a nomm\u00e9 le Dogue Allemand Kevin d&#039;apr\u00e8s une c\u00e9l\u00e8bre r\u00e9plique de film. &quot;Quand nous l&#039;avons eu, nous regardions Home Alone&quot;, a d\u00e9clar\u00e9 Tracy dans une vid\u00e9o du Guinness World Records publi\u00e9e le 13 juin.<\/p>\n\n\n\n<h2 class=\"wp-block-heading\" id=\"h-kevin-deve-il-suo-nome-a-mamma-ho-perso-l-aereo\">Kevin tire son nom de &quot;Home Alone&quot;<\/h2>\n\n\n\n<p>Elle a ajout\u00e9 que la famille n&#039;arr\u00eatait pas de crier la phrase Home Alone, &quot;Regarde ce que tu as fait Kevin&quot;, qui est finalement rest\u00e9e. Avant sa mort, Kevin aimait passer du temps avec Tracy, avec son mari, Roger, et leurs enfants, Alexander, 12 ans, et Ava, 10 ans. Quand Kevin ne jouait pas, il faisait des siestes, ou comme Tracy le disait, \u00ab il le faisait \u00bb. sur le canap\u00e9. \u00bb Tracy a d\u00e9crit Kevin comme \u00ab\u00a0dr\u00f4le\u00a0\u00bb et \u00ab\u00a0trop amical\u00a0\u00bb et a d\u00e9clar\u00e9 que tout le monde aimait le voir jusqu&#039;\u00e0 ce qu&#039;ils se fassent \u00ab fouetter la queue \u00bb.<\/p>\n\n\n\n<blockquote class=\"instagram-media\" data-instgrm-captioned data-instgrm-permalink=\"https:\/\/www.instagram.com\/reel\/C8JEZ4IBC3x\/?utm_source=ig_embed&amp;utm_campaign=loading\" data-instgrm-version=\"14\" style=\" background:#FFF; border:0; border-radius:3px; box-shadow:0 0 1px 0 rgba(0,0,0,0.5),0 1px 10px 0 rgba(0,0,0,0.15); margin: 1px; max-width:540px; min-width:326px; padding:0; width:99.375%; width:-webkit-calc(100% - 2px); width:calc(100% - 2px);\"><div style=\"padding:16px;\"> <a href=\"https:\/\/www.instagram.com\/reel\/C8JEZ4IBC3x\/?utm_source=ig_embed&amp;utm_campaign=loading\" style=\" background:#FFFFFF; line-height:0; padding:0 0; text-align:center; text-decoration:none; width:100%;\" target=\"_blank\" rel=\"noopener\"> <div style=\" display: flex; flex-direction: row; align-items: center;\"> <div style=\"background-color: #F4F4F4; border-radius: 50%; flex-grow: 0; height: 40px; margin-right: 14px; width: 40px;\"><\/div> <div style=\"display: flex; flex-direction: column; flex-grow: 1; justify-content: center;\"> <div style=\" background-color: #F4F4F4; border-radius: 4px; flex-grow: 0; height: 14px; margin-bottom: 6px; width: 100px;\"><\/div> <div style=\" background-color: #F4F4F4; border-radius: 4px; flex-grow: 0; height: 14px; width: 60px;\"><\/div><\/div><\/div><div style=\"padding: 19% 0;\"><\/div> <div style=\"display:block; height:50px; margin:0 auto 12px; width:50px;\"><svg width=\"50px\" height=\"50px\" viewbox=\"0 0 60 60\" version=\"1.1\" xmlns=\"https:\/\/www.w3.org\/2000\/svg\" xmlns:xlink=\"https:\/\/www.w3.org\/1999\/xlink\"><g stroke=\"none\" stroke-width=\"1\" fill=\"none\" fill-rule=\"evenodd\"><g transform=\"translate(-511.000000, -20.000000)\" fill=\"#000000\"><g><path d=\"M556.869,30.41 C554.814,30.41 553.148,32.076 553.148,34.131 C553.148,36.186 554.814,37.852 556.869,37.852 C558.924,37.852 560.59,36.186 560.59,34.131 C560.59,32.076 558.924,30.41 556.869,30.41 M541,60.657 C535.114,60.657 530.342,55.887 530.342,50 C530.342,44.114 535.114,39.342 541,39.342 C546.887,39.342 551.658,44.114 551.658,50 C551.658,55.887 546.887,60.657 541,60.657 M541,33.886 C532.1,33.886 524.886,41.1 524.886,50 C524.886,58.899 532.1,66.113 541,66.113 C549.9,66.113 557.115,58.899 557.115,50 C557.115,41.1 549.9,33.886 541,33.886 M565.378,62.101 C565.244,65.022 564.756,66.606 564.346,67.663 C563.803,69.06 563.154,70.057 562.106,71.106 C561.058,72.155 560.06,72.803 558.662,73.347 C557.607,73.757 556.021,74.244 553.102,74.378 C549.944,74.521 548.997,74.552 541,74.552 C533.003,74.552 532.056,74.521 528.898,74.378 C525.979,74.244 524.393,73.757 523.338,73.347 C521.94,72.803 520.942,72.155 519.894,71.106 C518.846,70.057 518.197,69.06 517.654,67.663 C517.244,66.606 516.755,65.022 516.623,62.101 C516.479,58.943 516.448,57.996 516.448,50 C516.448,42.003 516.479,41.056 516.623,37.899 C516.755,34.978 517.244,33.391 517.654,32.338 C518.197,30.938 518.846,29.942 519.894,28.894 C520.942,27.846 521.94,27.196 523.338,26.654 C524.393,26.244 525.979,25.756 528.898,25.623 C532.057,25.479 533.004,25.448 541,25.448 C548.997,25.448 549.943,25.479 553.102,25.623 C556.021,25.756 557.607,26.244 558.662,26.654 C560.06,27.196 561.058,27.846 562.106,28.894 C563.154,29.942 563.803,30.938 564.346,32.338 C564.756,33.391 565.244,34.978 565.378,37.899 C565.522,41.056 565.552,42.003 565.552,50 C565.552,57.996 565.522,58.943 565.378,62.101 M570.82,37.631 C570.674,34.438 570.167,32.258 569.425,30.349 C568.659,28.377 567.633,26.702 565.965,25.035 C564.297,23.368 562.623,22.342 560.652,21.575 C558.743,20.834 556.562,20.326 553.369,20.18 C550.169,20.033 549.148,20 541,20 C532.853,20 531.831,20.033 528.631,20.18 C525.438,20.326 523.257,20.834 521.349,21.575 C519.376,22.342 517.703,23.368 516.035,25.035 C514.368,26.702 513.342,28.377 512.574,30.349 C511.834,32.258 511.326,34.438 511.181,37.631 C511.035,40.831 511,41.851 511,50 C511,58.147 511.035,59.17 511.181,62.369 C511.326,65.562 511.834,67.743 512.574,69.651 C513.342,71.625 514.368,73.296 516.035,74.965 C517.703,76.634 519.376,77.658 521.349,78.425 C523.257,79.167 525.438,79.673 528.631,79.82 C531.831,79.965 532.853,80.001 541,80.001 C549.148,80.001 550.169,79.965 553.369,79.82 C556.562,79.673 558.743,79.167 560.652,78.425 C562.623,77.658 564.297,76.634 565.965,74.965 C567.633,73.296 568.659,71.625 569.425,69.651 C570.167,67.743 570.674,65.562 570.82,62.369 C570.966,59.17 571,58.147 571,50 C571,41.851 570.966,40.831 570.82,37.631\"><\/path><\/g><\/g><\/g><\/svg><\/div><div style=\"padding-top: 8px;\"> <div style=\" color:#3897f0; font-family:Arial,sans-serif; font-size:14px; font-style:normal; font-weight:550; line-height:18px;\">Voir cette publication sur Instagram<\/div><\/div><div style=\"padding: 12.5% 0;\"><\/div> <div style=\"display: flex; flex-direction: row; margin-bottom: 14px; align-items: center;\"><div> <div style=\"background-color: #F4F4F4; border-radius: 50%; height: 12.5px; width: 12.5px; transform: translateX(0px) translateY(7px);\"><\/div> <div style=\"background-color: #F4F4F4; height: 12.5px; transform: rotate(-45deg) translateX(3px) translateY(1px); width: 12.5px; flex-grow: 0; margin-right: 14px; margin-left: 2px;\"><\/div> <div style=\"background-color: #F4F4F4; border-radius: 50%; height: 12.5px; width: 12.5px; transform: translateX(9px) translateY(-18px);\"><\/div><\/div><div style=\"margin-left: 8px;\"> <div style=\" background-color: #F4F4F4; border-radius: 50%; flex-grow: 0; height: 20px; width: 20px;\"><\/div> <div style=\" width: 0; height: 0; border-top: 2px solid transparent; border-left: 6px solid #f4f4f4; border-bottom: 2px solid transparent; transform: translateX(16px) translateY(-4px) rotate(30deg)\"><\/div><\/div><div style=\"margin-left: auto;\"> <div style=\" width: 0px; border-top: 8px solid #F4F4F4; border-right: 8px solid transparent; transform: translateY(16px);\"><\/div> <div style=\" background-color: #F4F4F4; flex-grow: 0; height: 12px; width: 16px; transform: translateY(-4px);\"><\/div> <div style=\" width: 0; height: 0; border-top: 8px solid #F4F4F4; border-left: 8px solid transparent; transform: translateY(-4px) translateX(8px);\"><\/div><\/div><\/div> <div style=\"display: flex; flex-direction: column; flex-grow: 1; justify-content: center; margin-bottom: 24px;\"> <div style=\" background-color: #F4F4F4; border-radius: 4px; flex-grow: 0; height: 14px; margin-bottom: 6px; width: 224px;\"><\/div> <div style=\" background-color: #F4F4F4; border-radius: 4px; flex-grow: 0; height: 14px; width: 144px;\"><\/div><\/div><\/a><p style=\" color:#c9c8cd; font-family:Arial,sans-serif; font-size:14px; line-height:17px; margin-bottom:0; margin-top:8px; overflow:hidden; padding:8px 0 7px; text-align:center; text-overflow:ellipsis; white-space:nowrap;\"><a href=\"https:\/\/www.instagram.com\/reel\/C8JEZ4IBC3x\/?utm_source=ig_embed&amp;utm_campaign=loading\" style=\" color:#c9c8cd; font-family:Arial,sans-serif; font-size:14px; font-style:normal; font-weight:normal; line-height:17px; text-decoration:none;\" target=\"_blank\" rel=\"noopener\">Un post partag\u00e9 par Guinness World Records (@guinnessworldrecords)<\/a><\/p><\/div><\/blockquote> <script async src=\"\/\/www.instagram.com\/embed.js\"><\/script>\n\n\n\n\n<h2 class=\"wp-block-heading\" id=\"h-la-passione-di-kevin-per-i-bambini-i-cani-piccoli-e-i-gatti\">La passion de Kevin pour les enfants, les petits chiens et les chats<\/h2>\n\n\n\n<p>Le propri\u00e9taire a r\u00e9v\u00e9l\u00e9 que le mauvais comportement de Kevin \u00e9tait g\u00e9n\u00e9ralement li\u00e9 \u00e0 la nourriture, mais qu&#039;il \u00e9tait un \u00ab bon gar\u00e7on \u00bb. Pendant la vid\u00e9o, Kevin, qui mesurait en moyenne un enfant de trois ans sur ses quatre pattes, \u00e9tait presque aussi grand qu&#039;un cheval miniature. \u00ab Quoi qu&#039;il fasse, il ne prend pas beaucoup de poids. Il reste toujours tr\u00e8s maigre, mais il mange six \u00e0 dix tasses de nourriture par jour \u00bb, a d\u00e9clar\u00e9 Wolfe dans la vid\u00e9o du 13 juin. Bien que Kevin dominait la plupart des animaux, il se comportait toujours de mani\u00e8re amicale envers les petits animaux, y compris les chats.<\/p>\n\n\n\n<p>Tracy a r\u00e9v\u00e9l\u00e9 que Kevin \u00e9tait toujours doux avec les petits chiens et poursuivait occasionnellement des chats dans la maison. Elle a ajout\u00e9 que Kevin aimait les enfants et appr\u00e9ciait apparemment le fait qu&#039;Alexandra et Ava faisaient &quot;exactement sa taille&quot;. Alexander, qui, selon Tracy, a form\u00e9 Kevin et l&#039;a emmen\u00e9 \u00e0 des cours d&#039;ob\u00e9issance, a montr\u00e9 ses comp\u00e9tences avec le regrett\u00e9 Dogue Allemand pendant la vid\u00e9o. Kevin a r\u00e9cup\u00e9r\u00e9 le titre de chien le plus grand du monde devant Zeus, un grand danois d\u00e9c\u00e9d\u00e9 apr\u00e8s avoir contract\u00e9 une pneumonie lors de sa bataille contre le cancer en 2023.<\/p>\n\n\n\n<h2 class=\"wp-block-heading\" id=\"h-e-caccia-al-successore\">C&#039;est une recherche d&#039;un successeur<\/h2>\n\n\n\n<p>Comme le Dogue Allemand de l&#039;Iowa, Zeus avait trois ans lorsqu&#039;il mourut. Le d\u00e9c\u00e8s de Kevin signifie d\u00e9sormais que le Guinness World Records devra d\u00e9terminer quel chien est actuellement le plus grand chien du monde.<\/p>\n\n\n\n<p><strong>LIRE D&#039;AUTRES ARTICLES SUR LES ANIMAUX<\/strong><\/p>\n\n\n<ul class=\"wp-block-latest-posts__list wp-block-latest-posts\"><li><a class=\"wp-block-latest-posts__post-title\" href=\"https:\/\/newsvirali.it\/fr\/2026\/01\/28\/jument-violee-vernon\/\">Choc \u00e0 Vernon : une jument viol\u00e9e de nuit, le suspect identifi\u00e9<\/a><\/li>\n<li><a class=\"wp-block-latest-posts__post-title\" href=\"https:\/\/newsvirali.it\/fr\/2025\/10\/22\/un-lion-sechappe-dun-camion-en-afrique-du-sud-video\/\">Leone s&#039;\u00e9chappe d&#039;un camion en mouvement et provoque la panique : la vid\u00e9o est gla\u00e7ante.<\/a><\/li>\n<li><a class=\"wp-block-latest-posts__post-title\" href=\"https:\/\/newsvirali.it\/fr\/2025\/08\/08\/video-virale-du-geant-des-vols-de-passagers-great-dane\/\">Voler avec un dogue allemand \u00e0 ses c\u00f4t\u00e9s : la vid\u00e9o du passager fait le tour du web.<\/a><\/li>\n<li><a class=\"wp-block-latest-posts__post-title\" href=\"https:\/\/newsvirali.it\/fr\/2025\/05\/20\/trafic-illegal-de-tigres-morts-en-mer-dindonesie\/\">Un tigre retrouv\u00e9 mort dans les vagues : choc en Indon\u00e9sie, enqu\u00eate sur un trafic ill\u00e9gal<\/a><\/li>\n<li><a class=\"wp-block-latest-posts__post-title\" href=\"https:\/\/newsvirali.it\/fr\/2025\/05\/12\/un-bebe-elephant-heurte-par-une-voiture-en-malaisie\/\">Un b\u00e9b\u00e9 heurt\u00e9 par un camion\u00a0: le geste d\u00e9chirant d&#039;une m\u00e8re \u00e9l\u00e9phant \u00e9meut la toile<\/a><\/li>\n<\/ul><br \/>Suivez-nous \u00e9galement sur Google News : <b><a href=\"https:\/\/news.google.com\/publications\/CAAqBwgKMNqJiwswjMfqAg?hl=it&gl=IT&ceid=IT:it\" target=\"_blank\">Cliquez ici<\/a><\/b>","protected":false},"excerpt":{"rendered":"<p>Kevin, le Dogue Allemand record de l&#039;Iowa, que le Guinness World Records a r\u00e9compens\u00e9 il y a trois mois comme le plus [\u2026]<\/p>","protected":false},"author":4,"featured_media":33885,"comment_status":"open","ping_status":"open","sticky":false,"template":"","format":"standard","meta":{"MSN_Categories":"Uncategorized","MSN_Publish_Option":false,"MSN_Is_Local_News":false,"MSN_Is_AIAC_Included":"Empty","MSN_Location":"[]","MSN_Add_Feature_Img_On_Top_Of_Post":false,"MSN_Has_Custom_Author":false,"MSN_Custom_Author":"","MSN_Has_Custom_Canonical_Url":false,"MSN_Custom_Canonical_Url":"","footnotes":""},"categories":[31],"tags":[],"class_list":["post-33883","post","type-post","status-publish","format-standard","has-post-thumbnail","hentry","category-animali"],"acf":[],"yoast_head":"<!-- This site is optimized with the Yoast SEO Premium plugin v26.7 (Yoast SEO v26.7) - https:\/\/yoast.com\/wordpress\/plugins\/seo\/ -->\n<title>Morto Kevin, l&#039;alano pi\u00f9 alto del mondo: solo tre mesi fa incoronato dal World Guinness<\/title>\n<meta name=\"description\" content=\"\u00c8 morto Kevin, l&#039;alano dei record dell&#039;Iowa che il Guinness World Records tre mesi fa aveva premiato come cane pi\u00f9 alto del mondo.\" \/>\n<meta name=\"robots\" content=\"index, follow, max-snippet:-1, max-image-preview:large, max-video-preview:-1\" \/>\n<link rel=\"canonical\" href=\"https:\/\/newsvirali.it\/fr\/2024\/06\/25\/kevin-dogue-allemand-high-world-world-guinness-mort\/\" \/>\n<meta property=\"og:locale\" content=\"fr_FR\" \/>\n<meta property=\"og:type\" content=\"article\" \/>\n<meta property=\"og:title\" content=\"Morto Kevin, l&#039;alano pi\u00f9 alto del mondo: solo tre mesi fa incoronato dal World Guinness\" \/>\n<meta property=\"og:description\" content=\"\u00c8 morto Kevin, l&#039;alano dei record dell&#039;Iowa che il Guinness World Records tre mesi fa aveva premiato come cane pi\u00f9 alto del mondo.\" \/>\n<meta property=\"og:url\" content=\"https:\/\/newsvirali.it\/fr\/2024\/06\/25\/kevin-dogue-allemand-high-world-world-guinness-mort\/\" \/>\n<meta property=\"og:site_name\" content=\"News virali\" \/>\n<meta property=\"article:published_time\" content=\"2024-06-25T15:57:43+00:00\" \/>\n<meta property=\"article:modified_time\" content=\"2024-06-25T15:57:44+00:00\" \/>\n<meta property=\"og:image\" content=\"https:\/\/newsvirali.it\/wp-content\/uploads\/2024\/06\/Morto-Kevin-lalano-piu-alto-del-mondo-solo-tre-mesi-fa-incoronato-dal-World-Guinness-1.jpg\" \/>\n\t<meta property=\"og:image:width\" content=\"600\" \/>\n\t<meta property=\"og:image:height\" content=\"400\" \/>\n\t<meta property=\"og:image:type\" content=\"image\/jpeg\" \/>\n<meta name=\"author\" content=\"Cecco Prestina\" \/>\n<meta name=\"twitter:card\" content=\"summary_large_image\" \/>\n<meta name=\"twitter:label1\" content=\"\u00c9crit par\" \/>\n\t<meta name=\"twitter:data1\" content=\"Cecco Prestina\" \/>\n\t<meta name=\"twitter:label2\" content=\"Dur\u00e9e de lecture estim\u00e9e\" \/>\n\t<meta name=\"twitter:data2\" content=\"4 minutes\" \/>\n<script type=\"application\/ld+json\" class=\"yoast-schema-graph\">{\"@context\":\"https:\/\/schema.org\",\"@graph\":[{\"@type\":\"NewsArticle\",\"@id\":\"https:\/\/newsvirali.it\/2024\/06\/25\/morto-kevin-alano-alto-mondo-world-guinness\/#article\",\"isPartOf\":{\"@id\":\"https:\/\/newsvirali.it\/2024\/06\/25\/morto-kevin-alano-alto-mondo-world-guinness\/\"},\"author\":{\"name\":\"Cecco Prestina\",\"@id\":\"https:\/\/newsvirali.it\/fr\/#\/schema\/person\/4c835f7b49c9adb58b33901ee816565d\"},\"headline\":\"Morto Kevin, l&#8217;alano pi\u00f9 alto del mondo: solo tre mesi fa incoronato dal World Guinness\",\"datePublished\":\"2024-06-25T15:57:43+00:00\",\"dateModified\":\"2024-06-25T15:57:44+00:00\",\"mainEntityOfPage\":{\"@id\":\"https:\/\/newsvirali.it\/2024\/06\/25\/morto-kevin-alano-alto-mondo-world-guinness\/\"},\"wordCount\":612,\"commentCount\":0,\"image\":{\"@id\":\"https:\/\/newsvirali.it\/2024\/06\/25\/morto-kevin-alano-alto-mondo-world-guinness\/#primaryimage\"},\"thumbnailUrl\":\"https:\/\/newsvirali.it\/wp-content\/uploads\/2024\/06\/Morto-Kevin-lalano-piu-alto-del-mondo-solo-tre-mesi-fa-incoronato-dal-World-Guinness-1.jpg\",\"articleSection\":[\"Animali\"],\"inLanguage\":\"fr-FR\",\"potentialAction\":[{\"@type\":\"CommentAction\",\"name\":\"Comment\",\"target\":[\"https:\/\/newsvirali.it\/2024\/06\/25\/morto-kevin-alano-alto-mondo-world-guinness\/#respond\"]}],\"copyrightYear\":\"2024\",\"copyrightHolder\":{\"@id\":\"https:\/\/newsvirali.it\/fr\/#organization\"}},{\"@type\":\"WebPage\",\"@id\":\"https:\/\/newsvirali.it\/2024\/06\/25\/morto-kevin-alano-alto-mondo-world-guinness\/\",\"url\":\"https:\/\/newsvirali.it\/2024\/06\/25\/morto-kevin-alano-alto-mondo-world-guinness\/\",\"name\":\"Morto Kevin, l'alano pi\u00f9 alto del mondo: solo tre mesi fa incoronato dal World Guinness\",\"isPartOf\":{\"@id\":\"https:\/\/newsvirali.it\/fr\/#website\"},\"primaryImageOfPage\":{\"@id\":\"https:\/\/newsvirali.it\/2024\/06\/25\/morto-kevin-alano-alto-mondo-world-guinness\/#primaryimage\"},\"image\":{\"@id\":\"https:\/\/newsvirali.it\/2024\/06\/25\/morto-kevin-alano-alto-mondo-world-guinness\/#primaryimage\"},\"thumbnailUrl\":\"https:\/\/newsvirali.it\/wp-content\/uploads\/2024\/06\/Morto-Kevin-lalano-piu-alto-del-mondo-solo-tre-mesi-fa-incoronato-dal-World-Guinness-1.jpg\",\"datePublished\":\"2024-06-25T15:57:43+00:00\",\"dateModified\":\"2024-06-25T15:57:44+00:00\",\"author\":{\"@id\":\"https:\/\/newsvirali.it\/fr\/#\/schema\/person\/4c835f7b49c9adb58b33901ee816565d\"},\"description\":\"\u00c8 morto Kevin, l'alano dei record dell'Iowa che il Guinness World Records tre mesi fa aveva premiato come cane pi\u00f9 alto del mondo.\",\"breadcrumb\":{\"@id\":\"https:\/\/newsvirali.it\/2024\/06\/25\/morto-kevin-alano-alto-mondo-world-guinness\/#breadcrumb\"},\"inLanguage\":\"fr-FR\",\"potentialAction\":[{\"@type\":\"ReadAction\",\"target\":[\"https:\/\/newsvirali.it\/2024\/06\/25\/morto-kevin-alano-alto-mondo-world-guinness\/\"]}]},{\"@type\":\"ImageObject\",\"inLanguage\":\"fr-FR\",\"@id\":\"https:\/\/newsvirali.it\/2024\/06\/25\/morto-kevin-alano-alto-mondo-world-guinness\/#primaryimage\",\"url\":\"https:\/\/newsvirali.it\/wp-content\/uploads\/2024\/06\/Morto-Kevin-lalano-piu-alto-del-mondo-solo-tre-mesi-fa-incoronato-dal-World-Guinness-1.jpg\",\"contentUrl\":\"https:\/\/newsvirali.it\/wp-content\/uploads\/2024\/06\/Morto-Kevin-lalano-piu-alto-del-mondo-solo-tre-mesi-fa-incoronato-dal-World-Guinness-1.jpg\",\"width\":600,\"height\":400,\"caption\":\"Morto Kevin, l'alano pi\u00f9 alto del mondo solo tre mesi fa incoronato dal World Guinness\"},{\"@type\":\"BreadcrumbList\",\"@id\":\"https:\/\/newsvirali.it\/2024\/06\/25\/morto-kevin-alano-alto-mondo-world-guinness\/#breadcrumb\",\"itemListElement\":[{\"@type\":\"ListItem\",\"position\":1,\"name\":\"Home\",\"item\":\"https:\/\/newsvirali.it\/fr\/\"},{\"@type\":\"ListItem\",\"position\":2,\"name\":\"Morto Kevin, l&#8217;alano pi\u00f9 alto del mondo: solo tre mesi fa incoronato dal World Guinness\"}]},{\"@type\":\"WebSite\",\"@id\":\"https:\/\/newsvirali.it\/fr\/#website\",\"url\":\"https:\/\/newsvirali.it\/fr\/\",\"name\":\"Bake News\",\"description\":\"\",\"potentialAction\":[{\"@type\":\"SearchAction\",\"target\":{\"@type\":\"EntryPoint\",\"urlTemplate\":\"https:\/\/newsvirali.it\/fr\/?s={search_term_string}\"},\"query-input\":{\"@type\":\"PropertyValueSpecification\",\"valueRequired\":true,\"valueName\":\"search_term_string\"}}],\"inLanguage\":\"fr-FR\"},{\"@type\":\"Person\",\"@id\":\"https:\/\/newsvirali.it\/fr\/#\/schema\/person\/4c835f7b49c9adb58b33901ee816565d\",\"name\":\"Cecco Prestina\",\"description\":\"Perch\u00e9 nasconderlo? Cecco Prestina \u00e8 un alias, ma dietro di lui non si cela un algoritmo di intelligenza artificiale. C'\u00e8 un giornalista che ha oltre vent'anni di esperienza tutta sul web. Da quando il primo modem ha iniziato a gracchiare sul territorio italiano con Video on Line, Cecco ha capito che da quel doppino sarebbe passato il futuro. Ha dedidicato tutta la sua carriera a capire Internet e poi i social e ora l'Ai. Una carriera in costante aggiornamento. E questa esperienza la mette in campo ogni giorno. Per\u00f2 ogni tanto Cecco ha voglia anche di non scrivere \\\"pipponi\\\" sulla politica, sull'economia. Ha voglia anche di scrivere qualcosa di divertente. Le notizie che trovate su Bake News sono le stesse che Cecco porta all'aperitivo con gli amici. Quelle di cui discutere per farsi due risate. Notizie, vere (qualche volta si fa fatica a crederlo), strane, divertenti, ma anche serie. Bake News \u00e8 nato per questo, dare al pubblico notizie croccanti e calde come il pane che esce dal forno. E Cecco Prestina \u00e8 nato con Bake News.\",\"url\":\"https:\/\/newsvirali.it\/fr\/autore\/cecco-prestina\/\"}]}<\/script>\n<!-- \/ Yoast SEO Premium plugin. -->","yoast_head_json":{"title":"Morto Kevin, l'alano pi\u00f9 alto del mondo: solo tre mesi fa incoronato dal World Guinness","description":"\u00c8 morto Kevin, l'alano dei record dell'Iowa che il Guinness World Records tre mesi fa aveva premiato come cane pi\u00f9 alto del mondo.","robots":{"index":"index","follow":"follow","max-snippet":"max-snippet:-1","max-image-preview":"max-image-preview:large","max-video-preview":"max-video-preview:-1"},"canonical":"https:\/\/newsvirali.it\/fr\/2024\/06\/25\/kevin-dogue-allemand-high-world-world-guinness-mort\/","og_locale":"fr_FR","og_type":"article","og_title":"Morto Kevin, l'alano pi\u00f9 alto del mondo: solo tre mesi fa incoronato dal World Guinness","og_description":"\u00c8 morto Kevin, l'alano dei record dell'Iowa che il Guinness World Records tre mesi fa aveva premiato come cane pi\u00f9 alto del mondo.","og_url":"https:\/\/newsvirali.it\/fr\/2024\/06\/25\/kevin-dogue-allemand-high-world-world-guinness-mort\/","og_site_name":"News virali","article_published_time":"2024-06-25T15:57:43+00:00","article_modified_time":"2024-06-25T15:57:44+00:00","og_image":[{"width":600,"height":400,"url":"https:\/\/newsvirali.it\/wp-content\/uploads\/2024\/06\/Morto-Kevin-lalano-piu-alto-del-mondo-solo-tre-mesi-fa-incoronato-dal-World-Guinness-1.jpg","type":"image\/jpeg"}],"author":"Cecco Prestina","twitter_card":"summary_large_image","twitter_misc":{"\u00c9crit par":"Cecco Prestina","Dur\u00e9e de lecture estim\u00e9e":"4 minutes"},"schema":{"@context":"https:\/\/schema.org","@graph":[{"@type":"NewsArticle","@id":"https:\/\/newsvirali.it\/2024\/06\/25\/morto-kevin-alano-alto-mondo-world-guinness\/#article","isPartOf":{"@id":"https:\/\/newsvirali.it\/2024\/06\/25\/morto-kevin-alano-alto-mondo-world-guinness\/"},"author":{"name":"Cecco Prestina","@id":"https:\/\/newsvirali.it\/fr\/#\/schema\/person\/4c835f7b49c9adb58b33901ee816565d"},"headline":"Morto Kevin, l&#8217;alano pi\u00f9 alto del mondo: solo tre mesi fa incoronato dal World Guinness","datePublished":"2024-06-25T15:57:43+00:00","dateModified":"2024-06-25T15:57:44+00:00","mainEntityOfPage":{"@id":"https:\/\/newsvirali.it\/2024\/06\/25\/morto-kevin-alano-alto-mondo-world-guinness\/"},"wordCount":612,"commentCount":0,"image":{"@id":"https:\/\/newsvirali.it\/2024\/06\/25\/morto-kevin-alano-alto-mondo-world-guinness\/#primaryimage"},"thumbnailUrl":"https:\/\/newsvirali.it\/wp-content\/uploads\/2024\/06\/Morto-Kevin-lalano-piu-alto-del-mondo-solo-tre-mesi-fa-incoronato-dal-World-Guinness-1.jpg","articleSection":["Animali"],"inLanguage":"fr-FR","potentialAction":[{"@type":"CommentAction","name":"Comment","target":["https:\/\/newsvirali.it\/2024\/06\/25\/morto-kevin-alano-alto-mondo-world-guinness\/#respond"]}],"copyrightYear":"2024","copyrightHolder":{"@id":"https:\/\/newsvirali.it\/fr\/#organization"}},{"@type":"WebPage","@id":"https:\/\/newsvirali.it\/2024\/06\/25\/morto-kevin-alano-alto-mondo-world-guinness\/","url":"https:\/\/newsvirali.it\/2024\/06\/25\/morto-kevin-alano-alto-mondo-world-guinness\/","name":"Morto Kevin, l'alano pi\u00f9 alto del mondo: solo tre mesi fa incoronato dal World Guinness","isPartOf":{"@id":"https:\/\/newsvirali.it\/fr\/#website"},"primaryImageOfPage":{"@id":"https:\/\/newsvirali.it\/2024\/06\/25\/morto-kevin-alano-alto-mondo-world-guinness\/#primaryimage"},"image":{"@id":"https:\/\/newsvirali.it\/2024\/06\/25\/morto-kevin-alano-alto-mondo-world-guinness\/#primaryimage"},"thumbnailUrl":"https:\/\/newsvirali.it\/wp-content\/uploads\/2024\/06\/Morto-Kevin-lalano-piu-alto-del-mondo-solo-tre-mesi-fa-incoronato-dal-World-Guinness-1.jpg","datePublished":"2024-06-25T15:57:43+00:00","dateModified":"2024-06-25T15:57:44+00:00","author":{"@id":"https:\/\/newsvirali.it\/fr\/#\/schema\/person\/4c835f7b49c9adb58b33901ee816565d"},"description":"\u00c8 morto Kevin, l'alano dei record dell'Iowa che il Guinness World Records tre mesi fa aveva premiato come cane pi\u00f9 alto del mondo.","breadcrumb":{"@id":"https:\/\/newsvirali.it\/2024\/06\/25\/morto-kevin-alano-alto-mondo-world-guinness\/#breadcrumb"},"inLanguage":"fr-FR","potentialAction":[{"@type":"ReadAction","target":["https:\/\/newsvirali.it\/2024\/06\/25\/morto-kevin-alano-alto-mondo-world-guinness\/"]}]},{"@type":"ImageObject","inLanguage":"fr-FR","@id":"https:\/\/newsvirali.it\/2024\/06\/25\/morto-kevin-alano-alto-mondo-world-guinness\/#primaryimage","url":"https:\/\/newsvirali.it\/wp-content\/uploads\/2024\/06\/Morto-Kevin-lalano-piu-alto-del-mondo-solo-tre-mesi-fa-incoronato-dal-World-Guinness-1.jpg","contentUrl":"https:\/\/newsvirali.it\/wp-content\/uploads\/2024\/06\/Morto-Kevin-lalano-piu-alto-del-mondo-solo-tre-mesi-fa-incoronato-dal-World-Guinness-1.jpg","width":600,"height":400,"caption":"Morto Kevin, l'alano pi\u00f9 alto del mondo solo tre mesi fa incoronato dal World Guinness"},{"@type":"BreadcrumbList","@id":"https:\/\/newsvirali.it\/2024\/06\/25\/morto-kevin-alano-alto-mondo-world-guinness\/#breadcrumb","itemListElement":[{"@type":"ListItem","position":1,"name":"Home","item":"https:\/\/newsvirali.it\/fr\/"},{"@type":"ListItem","position":2,"name":"Morto Kevin, l&#8217;alano pi\u00f9 alto del mondo: solo tre mesi fa incoronato dal World Guinness"}]},{"@type":"WebSite","@id":"https:\/\/newsvirali.it\/fr\/#website","url":"https:\/\/newsvirali.it\/fr\/","name":"Bake News","description":"","potentialAction":[{"@type":"SearchAction","target":{"@type":"EntryPoint","urlTemplate":"https:\/\/newsvirali.it\/fr\/?s={search_term_string}"},"query-input":{"@type":"PropertyValueSpecification","valueRequired":true,"valueName":"search_term_string"}}],"inLanguage":"fr-FR"},{"@type":"Person","@id":"https:\/\/newsvirali.it\/fr\/#\/schema\/person\/4c835f7b49c9adb58b33901ee816565d","name":"Cecco Prestina","description":"Perch\u00e9 nasconderlo? Cecco Prestina \u00e8 un alias, ma dietro di lui non si cela un algoritmo di intelligenza artificiale. C'\u00e8 un giornalista che ha oltre vent'anni di esperienza tutta sul web. Da quando il primo modem ha iniziato a gracchiare sul territorio italiano con Video on Line, Cecco ha capito che da quel doppino sarebbe passato il futuro. Ha dedidicato tutta la sua carriera a capire Internet e poi i social e ora l'Ai. Una carriera in costante aggiornamento. E questa esperienza la mette in campo ogni giorno. Per\u00f2 ogni tanto Cecco ha voglia anche di non scrivere \"pipponi\" sulla politica, sull'economia. Ha voglia anche di scrivere qualcosa di divertente. Le notizie che trovate su Bake News sono le stesse che Cecco porta all'aperitivo con gli amici. Quelle di cui discutere per farsi due risate. Notizie, vere (qualche volta si fa fatica a crederlo), strane, divertenti, ma anche serie. Bake News \u00e8 nato per questo, dare al pubblico notizie croccanti e calde come il pane che esce dal forno. E Cecco Prestina \u00e8 nato con Bake News.","url":"https:\/\/newsvirali.it\/fr\/autore\/cecco-prestina\/"}]}},"_links":{"self":[{"href":"https:\/\/newsvirali.it\/fr\/wp-json\/wp\/v2\/posts\/33883","targetHints":{"allow":["GET"]}}],"collection":[{"href":"https:\/\/newsvirali.it\/fr\/wp-json\/wp\/v2\/posts"}],"about":[{"href":"https:\/\/newsvirali.it\/fr\/wp-json\/wp\/v2\/types\/post"}],"author":[{"embeddable":true,"href":"https:\/\/newsvirali.it\/fr\/wp-json\/wp\/v2\/users\/4"}],"replies":[{"embeddable":true,"href":"https:\/\/newsvirali.it\/fr\/wp-json\/wp\/v2\/comments?post=33883"}],"version-history":[{"count":4,"href":"https:\/\/newsvirali.it\/fr\/wp-json\/wp\/v2\/posts\/33883\/revisions"}],"predecessor-version":[{"id":33914,"href":"https:\/\/newsvirali.it\/fr\/wp-json\/wp\/v2\/posts\/33883\/revisions\/33914"}],"wp:featuredmedia":[{"embeddable":true,"href":"https:\/\/newsvirali.it\/fr\/wp-json\/wp\/v2\/media\/33885"}],"wp:attachment":[{"href":"https:\/\/newsvirali.it\/fr\/wp-json\/wp\/v2\/media?parent=33883"}],"wp:term":[{"taxonomy":"category","embeddable":true,"href":"https:\/\/newsvirali.it\/fr\/wp-json\/wp\/v2\/categories?post=33883"},{"taxonomy":"post_tag","embeddable":true,"href":"https:\/\/newsvirali.it\/fr\/wp-json\/wp\/v2\/tags?post=33883"}],"curies":[{"name":"wp","href":"https:\/\/api.w.org\/{rel}","templated":true}]}}