{"id":31958,"date":"2024-06-13T14:34:20","date_gmt":"2024-06-13T12:34:20","guid":{"rendered":"https:\/\/www.bakenews.it\/?p=31958"},"modified":"2024-06-14T11:38:07","modified_gmt":"2024-06-14T09:38:07","slug":"storico-ponte-ferroviario-distrutto-per-errore-con-la-dinamite-video","status":"publish","type":"post","link":"https:\/\/newsvirali.it\/fr\/2024\/06\/13\/pont-ferroviaire-historique-detruit-par-erreur-avec-une-video-a-la-dynamite\/","title":{"rendered":"Pont ferroviaire historique d\u00e9truit par erreur \u00e0 la dynamite : vid\u00e9o"},"content":{"rendered":"<p>Un pont historique dans une r\u00e9gion pittoresque de Suisse a \u00e9t\u00e9 d\u00e9truit \u00e0 la dynamite en raison d&#039;une erreur bureaucratique. Le viaduc vieux de 110 ans pr\u00e8s de Davos, dans les Alpes suisses, a explos\u00e9 \u00e0 la suite d&#039;un malentendu parmi les responsables des transports. Traversant des montagnes majestueuses et des for\u00eats alpines, le viaduc de Castielertobel a \u00e9t\u00e9 construit en 1913 pour aider les trains \u00e0 naviguer sur le terrain difficile du canton des Grisons. Il s&#039;est \u00e9lev\u00e9 \u00e0 54 m\u00e8tres au-dessus des gorges sauvages pendant plus d&#039;un si\u00e8cle, jusqu&#039;\u00e0 ce qu&#039;il connaisse une fin explosive.<\/p>\n\n\n\n<p><strong>LIRE LES AUTRES NOUVELLES CURIEUSES<\/strong><\/p>\n\n\n<ul class=\"wp-block-latest-posts__list wp-block-latest-posts\"><li><a class=\"wp-block-latest-posts__post-title\" href=\"https:\/\/newsvirali.it\/fr\/2026\/02\/09\/panne-de-courant-flying-pig-en-chine\/\">Un cochon volant provoque une panne de courant\u00a0: d\u00e9couvrez cette histoire incroyable (et ce n\u2019est pas de l\u2019IA).<\/a><\/li>\n<li><a class=\"wp-block-latest-posts__post-title\" href=\"https:\/\/newsvirali.it\/fr\/2026\/02\/03\/chirurgie-esthetique-pour-cadavres-obeses-a-new-york\/\">Chirurgie esth\u00e9tique choquante \u00e0 New York\u00a0: de la graisse de cadavres pour embellir le corps<\/a><\/li>\n<li><a class=\"wp-block-latest-posts__post-title\" href=\"https:\/\/newsvirali.it\/fr\/2026\/01\/28\/garcon-coince-dans-un-tuyau-de-28-cm-au-kansas\/\">Un gar\u00e7on coinc\u00e9 dans un tuyau de 28 cm de diam\u00e8tre, mais internet doute qu&#039;il ait \u00e9t\u00e9 secouru.<\/a><\/li>\n<li><a class=\"wp-block-latest-posts__post-title\" href=\"https:\/\/newsvirali.it\/fr\/2026\/01\/14\/des-mannequins-onlyfans-expulsees-dun-avion-a-miami\/\">Des mannequins OnlyFans expuls\u00e9es d&#039;un avion par la police, \u00e0 moiti\u00e9 nues<\/a><\/li>\n<li><a class=\"wp-block-latest-posts__post-title\" href=\"https:\/\/newsvirali.it\/fr\/2026\/01\/12\/emballages-en-plastique-ouverts\/\">Plus besoin de ciseaux\u00a0: une maman r\u00e9v\u00e8le une m\u00e9thode simple pour ouvrir les emballages plastiques les plus difficiles.<\/a><\/li>\n<\/ul>\n\n\n<h2 class=\"wp-block-heading\" id=\"h-ponte-distrutto-con-la-dinamite-dove-non-si-poteva\">Pont d\u00e9truit \u00e0 la dynamite l\u00e0 o\u00f9 cela ne pouvait pas \u00eatre fait<\/h2>\n\n\n\n<p>L\u2019ancien pont ferroviaire n\u2019\u00e9tait pas sans probl\u00e8mes. En 2019, son propri\u00e9taire, la soci\u00e9t\u00e9 de transport suisse des Chemins de fer rh\u00e9tiques (RhB), a d\u00e9couvert lors d&#039;une inspection de routine de graves dommages \u00e0 la structure en acier. Ils d\u00e9cident alors de proc\u00e9der \u00e0 la d\u00e9molition et les deux piliers de pierre du pont, hauts de 50 m\u00e8tres, explosent en mai. Mais il appara\u00eet d\u00e9sormais que la d\u00e9molition \u00e9tait ill\u00e9gale. Le propri\u00e9taire aurait demand\u00e9 un permis pour une d\u00e9molition conventionnelle, plut\u00f4t que pour l&#039;utilisation d&#039;explosifs, apr\u00e8s que le gouvernement et une \u00e9tude environnementale l&#039;ont inform\u00e9 qu&#039;il n&#039;\u00e9tait pas autoris\u00e9 \u00e0 le d\u00e9truire \u00e0 la dynamite.<\/p>\n\n\n\n<p>L&#039;Office f\u00e9d\u00e9ral des transports (OFT) a d\u00e9clar\u00e9 qu&#039;il aurait d\u00fb autoriser la d\u00e9molition. Michael Mueller, porte-parole de l&#039;agence f\u00e9d\u00e9rale, a d\u00e9clar\u00e9 : &quot;Les chemins de fer avaient exclu que des explosions soient utilis\u00e9es pour d\u00e9manteler le viaduc de Castieler.&quot; &quot;Le fait que l&#039;explosion ait eu lieu malgr\u00e9 cela contredit cette autorisation et est donc ill\u00e9gale.&quot; La police a ouvert une enqu\u00eate pour savoir comment s&#039;est produit l&#039;\u00e9change.<\/p>\n\n\n\n<p>Le minist\u00e8re public cantonal m\u00e8ne une enqu\u00eate pr\u00e9liminaire pour d\u00e9terminer si des infractions p\u00e9nales ont \u00e9t\u00e9 commises. Le canton aurait cependant d\u00e9clar\u00e9 que rien ne s&#039;opposait \u00e0 la d\u00e9molition au niveau local. Mais selon Mueller, cela ne suffit pas : \u00ab La construction et le d\u00e9mant\u00e8lement d&#039;installations ferroviaires doivent \u00eatre approuv\u00e9s par le BAV dans le cadre de la proc\u00e9dure dite d&#039;approbation des plans. La seule d\u00e9claration d&#039;une autorit\u00e9 cantonale ne suffit pas\u00bb.<\/p>\n\n\n\n<h2 class=\"wp-block-heading\" id=\"h-la-ferrovia-ha-dimenticato-di-avvisare\">Le chemin de fer a oubli\u00e9 de \u00ab pr\u00e9venir \u00bb<\/h2>\n\n\n\n<p>La compagnie ferroviaire a d\u00e9clar\u00e9 avoir \u00ab oubli\u00e9 \u00bb de consulter l\u2019office f\u00e9d\u00e9ral. Apr\u00e8s qu&#039;une entreprise de construction ait recommand\u00e9 sa d\u00e9molition pour des raisons de s\u00e9curit\u00e9 et apr\u00e8s avoir examin\u00e9 l&#039;impact environnemental avec d&#039;autres autorit\u00e9s et experts, la soci\u00e9t\u00e9 ferroviaire a d\u00e9cid\u00e9 d&#039;aller de l&#039;avant. Ils ont admis qu&#039;ils devraient \u00e0 nouveau consulter l&#039;Office f\u00e9d\u00e9ral des transports, car la demande initiale concernait une destruction sans dynamite.<\/p>\n\n\n\n<p><strong>LIRE LES AUTRES NOUVELLES DU MONDE<\/strong><\/p>\n\n\n<ul class=\"wp-block-latest-posts__list wp-block-latest-posts\"><li><a class=\"wp-block-latest-posts__post-title\" href=\"https:\/\/newsvirali.it\/fr\/2026\/02\/12\/emma-amit-crabe-du-diable-mort\/\">La vlogueuse Emma Amit d\u00e9c\u00e8de apr\u00e8s avoir consomm\u00e9 du crabe du diable toxique<\/a><\/li>\n<li><a class=\"wp-block-latest-posts__post-title\" href=\"https:\/\/newsvirali.it\/fr\/2026\/02\/05\/suicide-des-trois-soeurs-en-inde\/\">Des parents confisquent les t\u00e9l\u00e9phones portables de trois s\u0153urs qui jouent excessivement aux jeux vid\u00e9o\u00a0: trois s\u0153urs se suicident<\/a><\/li>\n<li><a class=\"wp-block-latest-posts__post-title\" href=\"https:\/\/newsvirali.it\/fr\/2026\/01\/30\/arrestation-dans-un-complexe-hotelier-de-floride-pour-actes-obscenes\/\">Un h\u00f4tel de Floride fait sensation : un homme arr\u00eat\u00e9 pour exhibitionnisme avec un aspirateur<\/a><\/li>\n<li><a class=\"wp-block-latest-posts__post-title\" href=\"https:\/\/newsvirali.it\/fr\/2026\/01\/28\/un-pere-ivre-pend-son-fils-dans-une-video-choquante\/\">Un p\u00e8re ivre pend son fils par la fen\u00eatre : vid\u00e9o choquante<\/a><\/li>\n<li><a class=\"wp-block-latest-posts__post-title\" href=\"https:\/\/newsvirali.it\/fr\/2026\/01\/27\/une-enseignante-enceinte-et-un-eleve-de-13-ans\/\">Une enseignante admet \u00eatre tomb\u00e9e enceinte d&#039;un \u00e9l\u00e8ve de 13 ans<\/a><\/li>\n<\/ul><br \/>Suivez-nous \u00e9galement sur Google News : <b><a href=\"https:\/\/news.google.com\/publications\/CAAqBwgKMNqJiwswjMfqAg?hl=it&gl=IT&ceid=IT:it\" target=\"_blank\">Cliquez ici<\/a><\/b>","protected":false},"excerpt":{"rendered":"<p>Un pont historique dans une r\u00e9gion pittoresque de Suisse a \u00e9t\u00e9 d\u00e9truit \u00e0 la dynamite en raison d&#039;une erreur bureaucratique. Le [\u2026]<\/p>","protected":false},"author":4,"featured_media":31959,"comment_status":"open","ping_status":"open","sticky":false,"template":"","format":"standard","meta":{"MSN_Categories":"Uncategorized","MSN_Publish_Option":false,"MSN_Is_Local_News":false,"MSN_Is_AIAC_Included":"Empty","MSN_Location":"[]","MSN_Add_Feature_Img_On_Top_Of_Post":false,"MSN_Has_Custom_Author":false,"MSN_Custom_Author":"","MSN_Has_Custom_Canonical_Url":false,"MSN_Custom_Canonical_Url":"","footnotes":""},"categories":[9],"tags":[],"class_list":["post-31958","post","type-post","status-publish","format-standard","has-post-thumbnail","hentry","category-mondo"],"acf":[],"yoast_head":"<!-- This site is optimized with the Yoast SEO Premium plugin v26.7 (Yoast SEO v26.7) - https:\/\/yoast.com\/wordpress\/plugins\/seo\/ -->\n<title>Storico ponte ferroviario distrutto per errore con la dinamite: video<\/title>\n<meta name=\"description\" content=\"Uno storico ponte in una zona panoramica della Svizzera \u00e8 stato distrutto con la dinamite per un errore burocratico.\" \/>\n<meta name=\"robots\" content=\"index, follow, max-snippet:-1, max-image-preview:large, max-video-preview:-1\" \/>\n<link rel=\"canonical\" href=\"https:\/\/newsvirali.it\/fr\/2024\/06\/13\/pont-ferroviaire-historique-detruit-par-erreur-avec-une-video-a-la-dynamite\/\" \/>\n<meta property=\"og:locale\" content=\"fr_FR\" \/>\n<meta property=\"og:type\" content=\"article\" \/>\n<meta property=\"og:title\" content=\"Storico ponte ferroviario distrutto per errore con la dinamite: video\" \/>\n<meta property=\"og:description\" content=\"Uno storico ponte in una zona panoramica della Svizzera \u00e8 stato distrutto con la dinamite per un errore burocratico.\" \/>\n<meta property=\"og:url\" content=\"https:\/\/newsvirali.it\/fr\/2024\/06\/13\/pont-ferroviaire-historique-detruit-par-erreur-avec-une-video-a-la-dynamite\/\" \/>\n<meta property=\"og:site_name\" content=\"News virali\" \/>\n<meta property=\"article:published_time\" content=\"2024-06-13T12:34:20+00:00\" \/>\n<meta property=\"article:modified_time\" content=\"2024-06-14T09:38:07+00:00\" \/>\n<meta property=\"og:image\" content=\"https:\/\/newsvirali.it\/wp-content\/uploads\/2024\/06\/Storico-ponte-ferroviario-distrutto-per-errore-con-la-dinamite-video-1.jpg\" \/>\n\t<meta property=\"og:image:width\" content=\"600\" \/>\n\t<meta property=\"og:image:height\" content=\"400\" \/>\n\t<meta property=\"og:image:type\" content=\"image\/jpeg\" \/>\n<meta name=\"author\" content=\"Cecco Prestina\" \/>\n<meta name=\"twitter:card\" content=\"summary_large_image\" \/>\n<meta name=\"twitter:label1\" content=\"\u00c9crit par\" \/>\n\t<meta name=\"twitter:data1\" content=\"Cecco Prestina\" \/>\n\t<meta name=\"twitter:label2\" content=\"Dur\u00e9e de lecture estim\u00e9e\" \/>\n\t<meta name=\"twitter:data2\" content=\"3 minutes\" \/>\n<script type=\"application\/ld+json\" class=\"yoast-schema-graph\">{\"@context\":\"https:\/\/schema.org\",\"@graph\":[{\"@type\":\"NewsArticle\",\"@id\":\"https:\/\/newsvirali.it\/2024\/06\/13\/storico-ponte-ferroviario-distrutto-per-errore-con-la-dinamite-video\/#article\",\"isPartOf\":{\"@id\":\"https:\/\/newsvirali.it\/2024\/06\/13\/storico-ponte-ferroviario-distrutto-per-errore-con-la-dinamite-video\/\"},\"author\":{\"name\":\"Cecco Prestina\",\"@id\":\"https:\/\/newsvirali.it\/fr\/#\/schema\/person\/4c835f7b49c9adb58b33901ee816565d\"},\"headline\":\"Storico ponte ferroviario distrutto per errore con la dinamite: video\",\"datePublished\":\"2024-06-13T12:34:20+00:00\",\"dateModified\":\"2024-06-14T09:38:07+00:00\",\"mainEntityOfPage\":{\"@id\":\"https:\/\/newsvirali.it\/2024\/06\/13\/storico-ponte-ferroviario-distrutto-per-errore-con-la-dinamite-video\/\"},\"wordCount\":421,\"commentCount\":0,\"image\":{\"@id\":\"https:\/\/newsvirali.it\/2024\/06\/13\/storico-ponte-ferroviario-distrutto-per-errore-con-la-dinamite-video\/#primaryimage\"},\"thumbnailUrl\":\"https:\/\/newsvirali.it\/wp-content\/uploads\/2024\/06\/Storico-ponte-ferroviario-distrutto-per-errore-con-la-dinamite-video-1.jpg\",\"articleSection\":[\"Mondo\"],\"inLanguage\":\"fr-FR\",\"potentialAction\":[{\"@type\":\"CommentAction\",\"name\":\"Comment\",\"target\":[\"https:\/\/newsvirali.it\/2024\/06\/13\/storico-ponte-ferroviario-distrutto-per-errore-con-la-dinamite-video\/#respond\"]}],\"copyrightYear\":\"2024\",\"copyrightHolder\":{\"@id\":\"https:\/\/newsvirali.it\/fr\/#organization\"}},{\"@type\":\"WebPage\",\"@id\":\"https:\/\/newsvirali.it\/2024\/06\/13\/storico-ponte-ferroviario-distrutto-per-errore-con-la-dinamite-video\/\",\"url\":\"https:\/\/newsvirali.it\/2024\/06\/13\/storico-ponte-ferroviario-distrutto-per-errore-con-la-dinamite-video\/\",\"name\":\"Storico ponte ferroviario distrutto per errore con la dinamite: video\",\"isPartOf\":{\"@id\":\"https:\/\/newsvirali.it\/fr\/#website\"},\"primaryImageOfPage\":{\"@id\":\"https:\/\/newsvirali.it\/2024\/06\/13\/storico-ponte-ferroviario-distrutto-per-errore-con-la-dinamite-video\/#primaryimage\"},\"image\":{\"@id\":\"https:\/\/newsvirali.it\/2024\/06\/13\/storico-ponte-ferroviario-distrutto-per-errore-con-la-dinamite-video\/#primaryimage\"},\"thumbnailUrl\":\"https:\/\/newsvirali.it\/wp-content\/uploads\/2024\/06\/Storico-ponte-ferroviario-distrutto-per-errore-con-la-dinamite-video-1.jpg\",\"datePublished\":\"2024-06-13T12:34:20+00:00\",\"dateModified\":\"2024-06-14T09:38:07+00:00\",\"author\":{\"@id\":\"https:\/\/newsvirali.it\/fr\/#\/schema\/person\/4c835f7b49c9adb58b33901ee816565d\"},\"description\":\"Uno storico ponte in una zona panoramica della Svizzera \u00e8 stato distrutto con la dinamite per un errore burocratico.\",\"breadcrumb\":{\"@id\":\"https:\/\/newsvirali.it\/2024\/06\/13\/storico-ponte-ferroviario-distrutto-per-errore-con-la-dinamite-video\/#breadcrumb\"},\"inLanguage\":\"fr-FR\",\"potentialAction\":[{\"@type\":\"ReadAction\",\"target\":[\"https:\/\/newsvirali.it\/2024\/06\/13\/storico-ponte-ferroviario-distrutto-per-errore-con-la-dinamite-video\/\"]}]},{\"@type\":\"ImageObject\",\"inLanguage\":\"fr-FR\",\"@id\":\"https:\/\/newsvirali.it\/2024\/06\/13\/storico-ponte-ferroviario-distrutto-per-errore-con-la-dinamite-video\/#primaryimage\",\"url\":\"https:\/\/newsvirali.it\/wp-content\/uploads\/2024\/06\/Storico-ponte-ferroviario-distrutto-per-errore-con-la-dinamite-video-1.jpg\",\"contentUrl\":\"https:\/\/newsvirali.it\/wp-content\/uploads\/2024\/06\/Storico-ponte-ferroviario-distrutto-per-errore-con-la-dinamite-video-1.jpg\",\"width\":600,\"height\":400,\"caption\":\"Storico ponte ferroviario distrutto per errore con la dinamite: video\"},{\"@type\":\"BreadcrumbList\",\"@id\":\"https:\/\/newsvirali.it\/2024\/06\/13\/storico-ponte-ferroviario-distrutto-per-errore-con-la-dinamite-video\/#breadcrumb\",\"itemListElement\":[{\"@type\":\"ListItem\",\"position\":1,\"name\":\"Home\",\"item\":\"https:\/\/newsvirali.it\/fr\/\"},{\"@type\":\"ListItem\",\"position\":2,\"name\":\"Storico ponte ferroviario distrutto per errore con la dinamite: video\"}]},{\"@type\":\"WebSite\",\"@id\":\"https:\/\/newsvirali.it\/fr\/#website\",\"url\":\"https:\/\/newsvirali.it\/fr\/\",\"name\":\"Bake News\",\"description\":\"\",\"potentialAction\":[{\"@type\":\"SearchAction\",\"target\":{\"@type\":\"EntryPoint\",\"urlTemplate\":\"https:\/\/newsvirali.it\/fr\/?s={search_term_string}\"},\"query-input\":{\"@type\":\"PropertyValueSpecification\",\"valueRequired\":true,\"valueName\":\"search_term_string\"}}],\"inLanguage\":\"fr-FR\"},{\"@type\":\"Person\",\"@id\":\"https:\/\/newsvirali.it\/fr\/#\/schema\/person\/4c835f7b49c9adb58b33901ee816565d\",\"name\":\"Cecco Prestina\",\"description\":\"Perch\u00e9 nasconderlo? Cecco Prestina \u00e8 un alias, ma dietro di lui non si cela un algoritmo di intelligenza artificiale. C'\u00e8 un giornalista che ha oltre vent'anni di esperienza tutta sul web. Da quando il primo modem ha iniziato a gracchiare sul territorio italiano con Video on Line, Cecco ha capito che da quel doppino sarebbe passato il futuro. Ha dedidicato tutta la sua carriera a capire Internet e poi i social e ora l'Ai. Una carriera in costante aggiornamento. E questa esperienza la mette in campo ogni giorno. Per\u00f2 ogni tanto Cecco ha voglia anche di non scrivere \\\"pipponi\\\" sulla politica, sull'economia. Ha voglia anche di scrivere qualcosa di divertente. Le notizie che trovate su Bake News sono le stesse che Cecco porta all'aperitivo con gli amici. Quelle di cui discutere per farsi due risate. Notizie, vere (qualche volta si fa fatica a crederlo), strane, divertenti, ma anche serie. Bake News \u00e8 nato per questo, dare al pubblico notizie croccanti e calde come il pane che esce dal forno. E Cecco Prestina \u00e8 nato con Bake News.\",\"url\":\"https:\/\/newsvirali.it\/fr\/autore\/cecco-prestina\/\"}]}<\/script>\n<!-- \/ Yoast SEO Premium plugin. -->","yoast_head_json":{"title":"Storico ponte ferroviario distrutto per errore con la dinamite: video","description":"Uno storico ponte in una zona panoramica della Svizzera \u00e8 stato distrutto con la dinamite per un errore burocratico.","robots":{"index":"index","follow":"follow","max-snippet":"max-snippet:-1","max-image-preview":"max-image-preview:large","max-video-preview":"max-video-preview:-1"},"canonical":"https:\/\/newsvirali.it\/fr\/2024\/06\/13\/pont-ferroviaire-historique-detruit-par-erreur-avec-une-video-a-la-dynamite\/","og_locale":"fr_FR","og_type":"article","og_title":"Storico ponte ferroviario distrutto per errore con la dinamite: video","og_description":"Uno storico ponte in una zona panoramica della Svizzera \u00e8 stato distrutto con la dinamite per un errore burocratico.","og_url":"https:\/\/newsvirali.it\/fr\/2024\/06\/13\/pont-ferroviaire-historique-detruit-par-erreur-avec-une-video-a-la-dynamite\/","og_site_name":"News virali","article_published_time":"2024-06-13T12:34:20+00:00","article_modified_time":"2024-06-14T09:38:07+00:00","og_image":[{"width":600,"height":400,"url":"https:\/\/newsvirali.it\/wp-content\/uploads\/2024\/06\/Storico-ponte-ferroviario-distrutto-per-errore-con-la-dinamite-video-1.jpg","type":"image\/jpeg"}],"author":"Cecco Prestina","twitter_card":"summary_large_image","twitter_misc":{"\u00c9crit par":"Cecco Prestina","Dur\u00e9e de lecture estim\u00e9e":"3 minutes"},"schema":{"@context":"https:\/\/schema.org","@graph":[{"@type":"NewsArticle","@id":"https:\/\/newsvirali.it\/2024\/06\/13\/storico-ponte-ferroviario-distrutto-per-errore-con-la-dinamite-video\/#article","isPartOf":{"@id":"https:\/\/newsvirali.it\/2024\/06\/13\/storico-ponte-ferroviario-distrutto-per-errore-con-la-dinamite-video\/"},"author":{"name":"Cecco Prestina","@id":"https:\/\/newsvirali.it\/fr\/#\/schema\/person\/4c835f7b49c9adb58b33901ee816565d"},"headline":"Storico ponte ferroviario distrutto per errore con la dinamite: video","datePublished":"2024-06-13T12:34:20+00:00","dateModified":"2024-06-14T09:38:07+00:00","mainEntityOfPage":{"@id":"https:\/\/newsvirali.it\/2024\/06\/13\/storico-ponte-ferroviario-distrutto-per-errore-con-la-dinamite-video\/"},"wordCount":421,"commentCount":0,"image":{"@id":"https:\/\/newsvirali.it\/2024\/06\/13\/storico-ponte-ferroviario-distrutto-per-errore-con-la-dinamite-video\/#primaryimage"},"thumbnailUrl":"https:\/\/newsvirali.it\/wp-content\/uploads\/2024\/06\/Storico-ponte-ferroviario-distrutto-per-errore-con-la-dinamite-video-1.jpg","articleSection":["Mondo"],"inLanguage":"fr-FR","potentialAction":[{"@type":"CommentAction","name":"Comment","target":["https:\/\/newsvirali.it\/2024\/06\/13\/storico-ponte-ferroviario-distrutto-per-errore-con-la-dinamite-video\/#respond"]}],"copyrightYear":"2024","copyrightHolder":{"@id":"https:\/\/newsvirali.it\/fr\/#organization"}},{"@type":"WebPage","@id":"https:\/\/newsvirali.it\/2024\/06\/13\/storico-ponte-ferroviario-distrutto-per-errore-con-la-dinamite-video\/","url":"https:\/\/newsvirali.it\/2024\/06\/13\/storico-ponte-ferroviario-distrutto-per-errore-con-la-dinamite-video\/","name":"Storico ponte ferroviario distrutto per errore con la dinamite: video","isPartOf":{"@id":"https:\/\/newsvirali.it\/fr\/#website"},"primaryImageOfPage":{"@id":"https:\/\/newsvirali.it\/2024\/06\/13\/storico-ponte-ferroviario-distrutto-per-errore-con-la-dinamite-video\/#primaryimage"},"image":{"@id":"https:\/\/newsvirali.it\/2024\/06\/13\/storico-ponte-ferroviario-distrutto-per-errore-con-la-dinamite-video\/#primaryimage"},"thumbnailUrl":"https:\/\/newsvirali.it\/wp-content\/uploads\/2024\/06\/Storico-ponte-ferroviario-distrutto-per-errore-con-la-dinamite-video-1.jpg","datePublished":"2024-06-13T12:34:20+00:00","dateModified":"2024-06-14T09:38:07+00:00","author":{"@id":"https:\/\/newsvirali.it\/fr\/#\/schema\/person\/4c835f7b49c9adb58b33901ee816565d"},"description":"Uno storico ponte in una zona panoramica della Svizzera \u00e8 stato distrutto con la dinamite per un errore burocratico.","breadcrumb":{"@id":"https:\/\/newsvirali.it\/2024\/06\/13\/storico-ponte-ferroviario-distrutto-per-errore-con-la-dinamite-video\/#breadcrumb"},"inLanguage":"fr-FR","potentialAction":[{"@type":"ReadAction","target":["https:\/\/newsvirali.it\/2024\/06\/13\/storico-ponte-ferroviario-distrutto-per-errore-con-la-dinamite-video\/"]}]},{"@type":"ImageObject","inLanguage":"fr-FR","@id":"https:\/\/newsvirali.it\/2024\/06\/13\/storico-ponte-ferroviario-distrutto-per-errore-con-la-dinamite-video\/#primaryimage","url":"https:\/\/newsvirali.it\/wp-content\/uploads\/2024\/06\/Storico-ponte-ferroviario-distrutto-per-errore-con-la-dinamite-video-1.jpg","contentUrl":"https:\/\/newsvirali.it\/wp-content\/uploads\/2024\/06\/Storico-ponte-ferroviario-distrutto-per-errore-con-la-dinamite-video-1.jpg","width":600,"height":400,"caption":"Storico ponte ferroviario distrutto per errore con la dinamite: video"},{"@type":"BreadcrumbList","@id":"https:\/\/newsvirali.it\/2024\/06\/13\/storico-ponte-ferroviario-distrutto-per-errore-con-la-dinamite-video\/#breadcrumb","itemListElement":[{"@type":"ListItem","position":1,"name":"Home","item":"https:\/\/newsvirali.it\/fr\/"},{"@type":"ListItem","position":2,"name":"Storico ponte ferroviario distrutto per errore con la dinamite: video"}]},{"@type":"WebSite","@id":"https:\/\/newsvirali.it\/fr\/#website","url":"https:\/\/newsvirali.it\/fr\/","name":"Bake News","description":"","potentialAction":[{"@type":"SearchAction","target":{"@type":"EntryPoint","urlTemplate":"https:\/\/newsvirali.it\/fr\/?s={search_term_string}"},"query-input":{"@type":"PropertyValueSpecification","valueRequired":true,"valueName":"search_term_string"}}],"inLanguage":"fr-FR"},{"@type":"Person","@id":"https:\/\/newsvirali.it\/fr\/#\/schema\/person\/4c835f7b49c9adb58b33901ee816565d","name":"Cecco Prestina","description":"Perch\u00e9 nasconderlo? Cecco Prestina \u00e8 un alias, ma dietro di lui non si cela un algoritmo di intelligenza artificiale. C'\u00e8 un giornalista che ha oltre vent'anni di esperienza tutta sul web. Da quando il primo modem ha iniziato a gracchiare sul territorio italiano con Video on Line, Cecco ha capito che da quel doppino sarebbe passato il futuro. Ha dedidicato tutta la sua carriera a capire Internet e poi i social e ora l'Ai. Una carriera in costante aggiornamento. E questa esperienza la mette in campo ogni giorno. Per\u00f2 ogni tanto Cecco ha voglia anche di non scrivere \"pipponi\" sulla politica, sull'economia. Ha voglia anche di scrivere qualcosa di divertente. Le notizie che trovate su Bake News sono le stesse che Cecco porta all'aperitivo con gli amici. Quelle di cui discutere per farsi due risate. Notizie, vere (qualche volta si fa fatica a crederlo), strane, divertenti, ma anche serie. Bake News \u00e8 nato per questo, dare al pubblico notizie croccanti e calde come il pane che esce dal forno. E Cecco Prestina \u00e8 nato con Bake News.","url":"https:\/\/newsvirali.it\/fr\/autore\/cecco-prestina\/"}]}},"_links":{"self":[{"href":"https:\/\/newsvirali.it\/fr\/wp-json\/wp\/v2\/posts\/31958","targetHints":{"allow":["GET"]}}],"collection":[{"href":"https:\/\/newsvirali.it\/fr\/wp-json\/wp\/v2\/posts"}],"about":[{"href":"https:\/\/newsvirali.it\/fr\/wp-json\/wp\/v2\/types\/post"}],"author":[{"embeddable":true,"href":"https:\/\/newsvirali.it\/fr\/wp-json\/wp\/v2\/users\/4"}],"replies":[{"embeddable":true,"href":"https:\/\/newsvirali.it\/fr\/wp-json\/wp\/v2\/comments?post=31958"}],"version-history":[{"count":4,"href":"https:\/\/newsvirali.it\/fr\/wp-json\/wp\/v2\/posts\/31958\/revisions"}],"predecessor-version":[{"id":32104,"href":"https:\/\/newsvirali.it\/fr\/wp-json\/wp\/v2\/posts\/31958\/revisions\/32104"}],"wp:featuredmedia":[{"embeddable":true,"href":"https:\/\/newsvirali.it\/fr\/wp-json\/wp\/v2\/media\/31959"}],"wp:attachment":[{"href":"https:\/\/newsvirali.it\/fr\/wp-json\/wp\/v2\/media?parent=31958"}],"wp:term":[{"taxonomy":"category","embeddable":true,"href":"https:\/\/newsvirali.it\/fr\/wp-json\/wp\/v2\/categories?post=31958"},{"taxonomy":"post_tag","embeddable":true,"href":"https:\/\/newsvirali.it\/fr\/wp-json\/wp\/v2\/tags?post=31958"}],"curies":[{"name":"wp","href":"https:\/\/api.w.org\/{rel}","templated":true}]}}