{"id":28440,"date":"2024-05-16T13:19:20","date_gmt":"2024-05-16T11:19:20","guid":{"rendered":"https:\/\/www.bakenews.it\/?p=28440"},"modified":"2024-05-16T14:18:23","modified_gmt":"2024-05-16T12:18:23","slug":"rapito-26-anni-ritrovato-vivo-non-fuggiva-bloccato-incantesimo","status":"publish","type":"post","link":"https:\/\/newsvirali.it\/fr\/2024\/05\/16\/kidnappe-26-ans-retrouve-vivant-na-pas-echappe-au-sort-bloque\/","title":{"rendered":"Enlev\u00e9 pendant 26 ans et retrouv\u00e9 vivant, il n&#039;a pas pu s&#039;\u00e9chapper car il \u00e9tait &quot;bloqu\u00e9 par un sortil\u00e8ge&quot;."},"content":{"rendered":"<p>Un homme enlev\u00e9 \u00e0 l&#039;\u00e2ge de 19 ans et retrouv\u00e9 26 ans plus tard en Alg\u00e9rie ce week-end avait \u00e9t\u00e9 s\u00e9gr\u00e9gu\u00e9 dans une \u00e9table \u00e0 200 m\u00e8tres de son domicile. Mais l\u2019homme \u2013 appel\u00e9 Omar Bin Omran \u2013 n\u2019a jamais demand\u00e9 d\u2019aide car il \u00e9tait convaincu que son ravisseur lui avait jet\u00e9 un sort.<\/p>\n\n\n\n<p><strong>LIRE AUSSI<\/strong><\/p>\n\n\n\n<ul class=\"wp-block-list\">\n<li><a href=\"https:\/\/www.bakenews.it\/comico-americano-adescato-da-una-donna-sui-social-rapito-e-ucciso-in-colombia\/\">Un com\u00e9dien am\u00e9ricain attir\u00e9 par une femme sur les r\u00e9seaux sociaux kidnapp\u00e9 et tu\u00e9 en Colombie<\/a><\/li>\n\n\n\n<li><a href=\"https:\/\/www.bakenews.it\/rapita-in-diretta-davanti-alle-telecamere-di-una-casa-polizia-diffonde-video\/\">Kidnapp\u00e9 en direct devant les cam\u00e9ras d&#039;une maison : la police diffuse une vid\u00e9o<\/a><\/li>\n\n\n\n<li><a href=\"https:\/\/www.bakenews.it\/narcos-rapiscono-donna-e-la-umiliano-spogliata-e-uccisa-per-punire-clan-rivale\/\">Les Narcos kidnappent une femme et l&#039;humilient : d\u00e9shabill\u00e9s et tu\u00e9s pour punir un clan rival<\/a><\/li>\n<\/ul>\n\n\n\n<p>Omran a disparu pendant la guerre civile alg\u00e9rienne de 1998, ce qui a amen\u00e9 sa famille \u00e0 supposer qu&#039;il avait \u00e9t\u00e9 tu\u00e9 dans le conflit entre le gouvernement de ce pays d&#039;Afrique du Nord et divers groupes rebelles islamiques. Mais la v\u00e9rit\u00e9 est qu\u2019il a \u00e9t\u00e9 kidnapp\u00e9 par son voisin. \u00c0 l&#039;\u00e2ge de 45 ans, il a \u00e9t\u00e9 retrouv\u00e9 parmi des meules de foin dans une \u00e9table le 12 mai, \u00e0 seulement 200 m\u00e8tres du domicile familial, dans la ville de Djelfa.<\/p>\n\n\n\n<figure class=\"wp-block-embed is-type-rich is-provider-twitter wp-block-embed-twitter\"><div class=\"wp-block-embed__wrapper\">\n<blockquote class=\"twitter-tweet\" data-width=\"500\" data-dnt=\"true\"><p lang=\"en\" dir=\"ltr\">Un Alg\u00e9rien retrouv\u00e9 vivant dans la cave d&#039;un voisin apr\u00e8s 27 ans.<br><br>En 1997, Omar Bin Omran, 17 ans, l&#039;un des neuf enfants, a disparu alors qu&#039;il se rendait dans une \u00e9cole professionnelle de la ville de Djelfa. Une recherche a \u00e9t\u00e9 lanc\u00e9e concernant le chien de la famille, qui aurait \u00e9t\u00e9 empoisonn\u00e9 par\u2026 <a href=\"https:\/\/t.co\/mHPBh5Go0A\">pic.twitter.com\/mHPBh5Go0A<\/a><\/p>\u2013 BoreCure (@CureBore) <a href=\"https:\/\/twitter.com\/CureBore\/status\/1790882372344324152?ref_src=twsrc%5Etfw\">15 mai 2024<\/a><\/blockquote><script async src=\"https:\/\/platform.twitter.com\/widgets.js\" charset=\"utf-8\"><\/script>\n<\/div><\/figure>\n\n\n\n<p>Cette d\u00e9couverte a eu lieu apr\u00e8s que le fr\u00e8re du ravisseur l&#039;ait accus\u00e9 sur les r\u00e9seaux sociaux, pr\u00e9tendument pour se venger d&#039;un litige successoral. Cela a r\u00e9v\u00e9l\u00e9 l&#039;identit\u00e9 et l&#039;emplacement de la victime et a incit\u00e9 la famille d&#039;Omran \u00e0 perquisitionner la r\u00e9sidence. Le coupable pr\u00e9sum\u00e9, un portier de 61 ans travaillant dans la ville voisine d&#039;El Guedid, a \u00e9t\u00e9 arr\u00eat\u00e9 apr\u00e8s avoir tent\u00e9 de s&#039;enfuir. Le minist\u00e8re de la S\u00e9curit\u00e9 a indiqu\u00e9 que l&#039;enqu\u00eate \u00e9tait toujours en cours, ajoutant que la victime recevait des soins m\u00e9dicaux et psychologiques apr\u00e8s le crime qualifi\u00e9 d&#039;\u00ab odieux \u00bb.<\/p>\n\n\n\n<h2 class=\"wp-block-heading\" id=\"h-rapito-per-26-anni-credeva-fosse-vittima-di-un-incantesimo\">Kidnapp\u00e9 pendant 26 ans, il croyait avoir \u00e9t\u00e9 victime d&#039;un envo\u00fbtement<\/h2>\n\n\n\n<p>Les m\u00e9dias alg\u00e9riens ont rapport\u00e9 que la victime a d\u00e9clar\u00e9 qu&#039;elle n&#039;avait pas pu appeler \u00e0 l&#039;aide &quot;en raison d&#039;un sort que son ravisseur lui avait lanc\u00e9&quot;. Des images ont \u00e9t\u00e9 partag\u00e9es sur les r\u00e9seaux sociaux et diffus\u00e9es sur les cha\u00eenes de t\u00e9l\u00e9vision alg\u00e9riennes du moment o\u00f9 il a \u00e9t\u00e9 retrouv\u00e9 dans ce qui semble \u00eatre un trou dans le sol, d\u00e9crit par les autorit\u00e9s comme une bergerie, \u00e0 l&#039;int\u00e9rieur de la maison de son ravisseur pr\u00e9sum\u00e9. La vid\u00e9o floue montre des torches qui brillent dans une fosse entour\u00e9e de foin tandis qu&#039;Omar l\u00e8ve les yeux furtivement, apparemment choqu\u00e9 par l&#039;\u00e9quipe de recherche qui l&#039;entoure, avec des morceaux de paille \u00e9gar\u00e9s dans les cheveux.<\/p>\n\n\n\n<h2 class=\"wp-block-heading\" id=\"h-il-suo-amato-cane-per-un-mese-ha-girato-vicino-al-covo\">Son chien bien-aim\u00e9 a err\u00e9 pr\u00e8s de la tani\u00e8re pendant un mois<\/h2>\n\n\n\n<p>Depuis, d&#039;autres images ont circul\u00e9 de l&#039;homme barbu sortant du trou, consid\u00e9r\u00e9 comme une bergerie, et de lui adolescent, assis avec un chien et de jeunes enfants avant de dispara\u00eetre. Selon le journal alg\u00e9rien El Khabar, le chien se languissait de lui pr\u00e8s de l&#039;endroit o\u00f9 il \u00e9tait d\u00e9tenu, ayant reconnu son odeur. Le rapport indique que le ravisseur a empoisonn\u00e9 le chien pour chasser la famille. Les recherches pour retrouver Omar ont \u00e9t\u00e9 lanc\u00e9es en 1998 apr\u00e8s sa disparition alors qu&#039;il se rendait dans une \u00e9cole professionnelle.<\/p>\n\n\n\n<p>Selon le journal, la d\u00e9nonciation issue du litige successoral a incit\u00e9 la famille kidnapp\u00e9e \u00e0 faire une descente dans la maison \u00e0 la recherche d&#039;Omar. Lorsqu&#039;ils l&#039;ont retrouv\u00e9, son ravisseur pr\u00e9sum\u00e9 a tent\u00e9 de s&#039;enfuir avant d&#039;\u00eatre arr\u00eat\u00e9 puis arr\u00eat\u00e9. Tragiquement, la m\u00e8re d&#039;Omar est d\u00e9c\u00e9d\u00e9e en 2013 sans jamais conna\u00eetre la v\u00e9rit\u00e9 sur ce qui est arriv\u00e9 \u00e0 son fils.<\/p>\n\n\n\n<h2 class=\"wp-block-heading\" id=\"h-la-soffiata-giunta-dal-fratello-del-rapitore\">Le &quot;tuyau&quot; venait du fr\u00e8re du ravisseur<\/h2>\n\n\n\n<p>Omar aurait appris la mort de sa m\u00e8re alors qu&#039;il \u00e9tait en captivit\u00e9. Un proche a d\u00e9clar\u00e9 sur Facebook : \u00ab Dieu merci, mon cousin a \u00e9t\u00e9 retrouv\u00e9. Bin Imran Omar est en bonne sant\u00e9 apr\u00e8s 26 ans de disparition. J&#039;attends les d\u00e9tails de l&#039;affaire et de l&#039;enqu\u00eate.&quot; Les procureurs de Djelfa, une ville de montagne d&#039;environ 500 000 habitants situ\u00e9e \u00e0 environ 230 km au sud de la capitale c\u00f4ti\u00e8re d&#039;Alger, affirment qu&#039;Omar recevra un traitement psychologique apr\u00e8s son sauvetage et qu&#039;ils se sont engag\u00e9s \u00e0 lui rendre justice.<\/p>\n\n\n\n<p>Les responsables ont promis que \u00ab l&#039;auteur de ce crime odieux \u00bb serait poursuivi avec \u00ab s\u00e9v\u00e9rit\u00e9 \u00bb. L&#039;homme arr\u00eat\u00e9 aurait travaill\u00e9 comme fonctionnaire et v\u00e9cu seul, mais les m\u00e9dias alg\u00e9riens sugg\u00e8rent qu&#039;il \u00e9tait r\u00e9guli\u00e8rement vu en train d&#039;acheter suffisamment de nourriture pour deux personnes. Cette affaire pourrait \u00eatre l\u2019une des plus longues affaires d\u2019enl\u00e8vement au monde.<\/p>\n\n\n\n<p><strong>LIRE LES AUTRES NOUVELLES DU MONDE<\/strong><\/p>\n\n\n<ul class=\"wp-block-latest-posts__list wp-block-latest-posts\"><li><a class=\"wp-block-latest-posts__post-title\" href=\"https:\/\/newsvirali.it\/fr\/2026\/02\/12\/emma-amit-crabe-du-diable-mort\/\">La vlogueuse Emma Amit d\u00e9c\u00e8de apr\u00e8s avoir consomm\u00e9 du crabe du diable toxique<\/a><\/li>\n<li><a class=\"wp-block-latest-posts__post-title\" href=\"https:\/\/newsvirali.it\/fr\/2026\/02\/05\/suicide-des-trois-soeurs-en-inde\/\">Des parents confisquent les t\u00e9l\u00e9phones portables de trois s\u0153urs qui jouent excessivement aux jeux vid\u00e9o\u00a0: trois s\u0153urs se suicident<\/a><\/li>\n<li><a class=\"wp-block-latest-posts__post-title\" href=\"https:\/\/newsvirali.it\/fr\/2026\/01\/30\/arrestation-dans-un-complexe-hotelier-de-floride-pour-actes-obscenes\/\">Un h\u00f4tel de Floride fait sensation : un homme arr\u00eat\u00e9 pour exhibitionnisme avec un aspirateur<\/a><\/li>\n<li><a class=\"wp-block-latest-posts__post-title\" href=\"https:\/\/newsvirali.it\/fr\/2026\/01\/28\/un-pere-ivre-pend-son-fils-dans-une-video-choquante\/\">Un p\u00e8re ivre pend son fils par la fen\u00eatre : vid\u00e9o choquante<\/a><\/li>\n<li><a class=\"wp-block-latest-posts__post-title\" href=\"https:\/\/newsvirali.it\/fr\/2026\/01\/27\/une-enseignante-enceinte-et-un-eleve-de-13-ans\/\">Une enseignante admet \u00eatre tomb\u00e9e enceinte d&#039;un \u00e9l\u00e8ve de 13 ans<\/a><\/li>\n<\/ul><br \/>Suivez-nous \u00e9galement sur Google News : <b><a href=\"https:\/\/news.google.com\/publications\/CAAqBwgKMNqJiwswjMfqAg?hl=it&gl=IT&ceid=IT:it\" target=\"_blank\">Cliquez ici<\/a><\/b>","protected":false},"excerpt":{"rendered":"<p>Un homme enlev\u00e9 \u00e0 l\u2019\u00e2ge de 19 ans et retrouv\u00e9 26 ans plus tard en Alg\u00e9rie ce week-end avait \u00e9t\u00e9 [\u2026]<\/p>","protected":false},"author":4,"featured_media":28456,"comment_status":"open","ping_status":"open","sticky":false,"template":"","format":"standard","meta":{"MSN_Categories":"Uncategorized","MSN_Publish_Option":false,"MSN_Is_Local_News":false,"MSN_Is_AIAC_Included":"Empty","MSN_Location":"[]","MSN_Add_Feature_Img_On_Top_Of_Post":false,"MSN_Has_Custom_Author":false,"MSN_Custom_Author":"","MSN_Has_Custom_Canonical_Url":false,"MSN_Custom_Canonical_Url":"","footnotes":""},"categories":[9],"tags":[],"class_list":["post-28440","post","type-post","status-publish","format-standard","has-post-thumbnail","hentry","category-mondo"],"acf":[],"yoast_head":"<!-- This site is optimized with the Yoast SEO Premium plugin v26.7 (Yoast SEO v26.7) - https:\/\/yoast.com\/wordpress\/plugins\/seo\/ -->\n<title>Rapito per 26 anni e ritrovato vivo, non fuggiva perch\u00e9 &quot;bloccato da un incantesimo&quot;<\/title>\n<meta name=\"description\" content=\"Un uomo rapito all&#039;et\u00e0 di 19 anni e ritrovato 26 anni dopo in Algeria era stato segregato in una stalla a 200 metri da casa sua.\" \/>\n<meta name=\"robots\" content=\"index, follow, max-snippet:-1, max-image-preview:large, max-video-preview:-1\" \/>\n<link rel=\"canonical\" href=\"https:\/\/newsvirali.it\/fr\/2024\/05\/16\/kidnappe-26-ans-retrouve-vivant-na-pas-echappe-au-sort-bloque\/\" \/>\n<meta property=\"og:locale\" content=\"fr_FR\" \/>\n<meta property=\"og:type\" content=\"article\" \/>\n<meta property=\"og:title\" content=\"Rapito per 26 anni e ritrovato vivo, non fuggiva perch\u00e9 &quot;bloccato da un incantesimo&quot;\" \/>\n<meta property=\"og:description\" content=\"Un uomo rapito all&#039;et\u00e0 di 19 anni e ritrovato 26 anni dopo in Algeria era stato segregato in una stalla a 200 metri da casa sua.\" \/>\n<meta property=\"og:url\" content=\"https:\/\/newsvirali.it\/fr\/2024\/05\/16\/kidnappe-26-ans-retrouve-vivant-na-pas-echappe-au-sort-bloque\/\" \/>\n<meta property=\"og:site_name\" content=\"News virali\" \/>\n<meta property=\"article:published_time\" content=\"2024-05-16T11:19:20+00:00\" \/>\n<meta property=\"article:modified_time\" content=\"2024-05-16T12:18:23+00:00\" \/>\n<meta property=\"og:image\" content=\"https:\/\/newsvirali.it\/wp-content\/uploads\/2024\/05\/Rapito-per-26-anni-e-ritrovato-vivo-non-fuggiva-perche-bloccato-da-un-incantesimo-13.jpg\" \/>\n\t<meta property=\"og:image:width\" content=\"600\" \/>\n\t<meta property=\"og:image:height\" content=\"400\" \/>\n\t<meta property=\"og:image:type\" content=\"image\/jpeg\" \/>\n<meta name=\"author\" content=\"Cecco Prestina\" \/>\n<meta name=\"twitter:card\" content=\"summary_large_image\" \/>\n<meta name=\"twitter:label1\" content=\"\u00c9crit par\" \/>\n\t<meta name=\"twitter:data1\" content=\"Cecco Prestina\" \/>\n\t<meta name=\"twitter:label2\" content=\"Dur\u00e9e de lecture estim\u00e9e\" \/>\n\t<meta name=\"twitter:data2\" content=\"4 minutes\" \/>\n<script type=\"application\/ld+json\" class=\"yoast-schema-graph\">{\"@context\":\"https:\/\/schema.org\",\"@graph\":[{\"@type\":\"NewsArticle\",\"@id\":\"https:\/\/newsvirali.it\/2024\/05\/16\/rapito-26-anni-ritrovato-vivo-non-fuggiva-bloccato-incantesimo\/#article\",\"isPartOf\":{\"@id\":\"https:\/\/newsvirali.it\/2024\/05\/16\/rapito-26-anni-ritrovato-vivo-non-fuggiva-bloccato-incantesimo\/\"},\"author\":{\"name\":\"Cecco Prestina\",\"@id\":\"https:\/\/newsvirali.it\/fr\/#\/schema\/person\/4c835f7b49c9adb58b33901ee816565d\"},\"headline\":\"Rapito per 26 anni e ritrovato vivo, non fuggiva perch\u00e9 &#8220;bloccato da un incantesimo&#8221;\",\"datePublished\":\"2024-05-16T11:19:20+00:00\",\"dateModified\":\"2024-05-16T12:18:23+00:00\",\"mainEntityOfPage\":{\"@id\":\"https:\/\/newsvirali.it\/2024\/05\/16\/rapito-26-anni-ritrovato-vivo-non-fuggiva-bloccato-incantesimo\/\"},\"wordCount\":712,\"commentCount\":0,\"image\":{\"@id\":\"https:\/\/newsvirali.it\/2024\/05\/16\/rapito-26-anni-ritrovato-vivo-non-fuggiva-bloccato-incantesimo\/#primaryimage\"},\"thumbnailUrl\":\"https:\/\/newsvirali.it\/wp-content\/uploads\/2024\/05\/Rapito-per-26-anni-e-ritrovato-vivo-non-fuggiva-perche-bloccato-da-un-incantesimo-13.jpg\",\"articleSection\":[\"Mondo\"],\"inLanguage\":\"fr-FR\",\"potentialAction\":[{\"@type\":\"CommentAction\",\"name\":\"Comment\",\"target\":[\"https:\/\/newsvirali.it\/2024\/05\/16\/rapito-26-anni-ritrovato-vivo-non-fuggiva-bloccato-incantesimo\/#respond\"]}],\"copyrightYear\":\"2024\",\"copyrightHolder\":{\"@id\":\"https:\/\/newsvirali.it\/fr\/#organization\"}},{\"@type\":\"WebPage\",\"@id\":\"https:\/\/newsvirali.it\/2024\/05\/16\/rapito-26-anni-ritrovato-vivo-non-fuggiva-bloccato-incantesimo\/\",\"url\":\"https:\/\/newsvirali.it\/2024\/05\/16\/rapito-26-anni-ritrovato-vivo-non-fuggiva-bloccato-incantesimo\/\",\"name\":\"Rapito per 26 anni e ritrovato vivo, non fuggiva perch\u00e9 \\\"bloccato da un incantesimo\\\"\",\"isPartOf\":{\"@id\":\"https:\/\/newsvirali.it\/fr\/#website\"},\"primaryImageOfPage\":{\"@id\":\"https:\/\/newsvirali.it\/2024\/05\/16\/rapito-26-anni-ritrovato-vivo-non-fuggiva-bloccato-incantesimo\/#primaryimage\"},\"image\":{\"@id\":\"https:\/\/newsvirali.it\/2024\/05\/16\/rapito-26-anni-ritrovato-vivo-non-fuggiva-bloccato-incantesimo\/#primaryimage\"},\"thumbnailUrl\":\"https:\/\/newsvirali.it\/wp-content\/uploads\/2024\/05\/Rapito-per-26-anni-e-ritrovato-vivo-non-fuggiva-perche-bloccato-da-un-incantesimo-13.jpg\",\"datePublished\":\"2024-05-16T11:19:20+00:00\",\"dateModified\":\"2024-05-16T12:18:23+00:00\",\"author\":{\"@id\":\"https:\/\/newsvirali.it\/fr\/#\/schema\/person\/4c835f7b49c9adb58b33901ee816565d\"},\"description\":\"Un uomo rapito all'et\u00e0 di 19 anni e ritrovato 26 anni dopo in Algeria era stato segregato in una stalla a 200 metri da casa sua.\",\"breadcrumb\":{\"@id\":\"https:\/\/newsvirali.it\/2024\/05\/16\/rapito-26-anni-ritrovato-vivo-non-fuggiva-bloccato-incantesimo\/#breadcrumb\"},\"inLanguage\":\"fr-FR\",\"potentialAction\":[{\"@type\":\"ReadAction\",\"target\":[\"https:\/\/newsvirali.it\/2024\/05\/16\/rapito-26-anni-ritrovato-vivo-non-fuggiva-bloccato-incantesimo\/\"]}]},{\"@type\":\"ImageObject\",\"inLanguage\":\"fr-FR\",\"@id\":\"https:\/\/newsvirali.it\/2024\/05\/16\/rapito-26-anni-ritrovato-vivo-non-fuggiva-bloccato-incantesimo\/#primaryimage\",\"url\":\"https:\/\/newsvirali.it\/wp-content\/uploads\/2024\/05\/Rapito-per-26-anni-e-ritrovato-vivo-non-fuggiva-perche-bloccato-da-un-incantesimo-13.jpg\",\"contentUrl\":\"https:\/\/newsvirali.it\/wp-content\/uploads\/2024\/05\/Rapito-per-26-anni-e-ritrovato-vivo-non-fuggiva-perche-bloccato-da-un-incantesimo-13.jpg\",\"width\":600,\"height\":400,\"caption\":\"Rapito per 26 anni e ritrovato vivo, non fuggiva perch\u00e9 bloccato da un incantesimo (13)\"},{\"@type\":\"BreadcrumbList\",\"@id\":\"https:\/\/newsvirali.it\/2024\/05\/16\/rapito-26-anni-ritrovato-vivo-non-fuggiva-bloccato-incantesimo\/#breadcrumb\",\"itemListElement\":[{\"@type\":\"ListItem\",\"position\":1,\"name\":\"Home\",\"item\":\"https:\/\/newsvirali.it\/fr\/\"},{\"@type\":\"ListItem\",\"position\":2,\"name\":\"Rapito per 26 anni e ritrovato vivo, non fuggiva perch\u00e9 &#8220;bloccato da un incantesimo&#8221;\"}]},{\"@type\":\"WebSite\",\"@id\":\"https:\/\/newsvirali.it\/fr\/#website\",\"url\":\"https:\/\/newsvirali.it\/fr\/\",\"name\":\"Bake News\",\"description\":\"\",\"potentialAction\":[{\"@type\":\"SearchAction\",\"target\":{\"@type\":\"EntryPoint\",\"urlTemplate\":\"https:\/\/newsvirali.it\/fr\/?s={search_term_string}\"},\"query-input\":{\"@type\":\"PropertyValueSpecification\",\"valueRequired\":true,\"valueName\":\"search_term_string\"}}],\"inLanguage\":\"fr-FR\"},{\"@type\":\"Person\",\"@id\":\"https:\/\/newsvirali.it\/fr\/#\/schema\/person\/4c835f7b49c9adb58b33901ee816565d\",\"name\":\"Cecco Prestina\",\"description\":\"Perch\u00e9 nasconderlo? Cecco Prestina \u00e8 un alias, ma dietro di lui non si cela un algoritmo di intelligenza artificiale. C'\u00e8 un giornalista che ha oltre vent'anni di esperienza tutta sul web. Da quando il primo modem ha iniziato a gracchiare sul territorio italiano con Video on Line, Cecco ha capito che da quel doppino sarebbe passato il futuro. Ha dedidicato tutta la sua carriera a capire Internet e poi i social e ora l'Ai. Una carriera in costante aggiornamento. E questa esperienza la mette in campo ogni giorno. Per\u00f2 ogni tanto Cecco ha voglia anche di non scrivere \\\"pipponi\\\" sulla politica, sull'economia. Ha voglia anche di scrivere qualcosa di divertente. Le notizie che trovate su Bake News sono le stesse che Cecco porta all'aperitivo con gli amici. Quelle di cui discutere per farsi due risate. Notizie, vere (qualche volta si fa fatica a crederlo), strane, divertenti, ma anche serie. Bake News \u00e8 nato per questo, dare al pubblico notizie croccanti e calde come il pane che esce dal forno. E Cecco Prestina \u00e8 nato con Bake News.\",\"url\":\"https:\/\/newsvirali.it\/fr\/autore\/cecco-prestina\/\"}]}<\/script>\n<!-- \/ Yoast SEO Premium plugin. -->","yoast_head_json":{"title":"Rapito per 26 anni e ritrovato vivo, non fuggiva perch\u00e9 \"bloccato da un incantesimo\"","description":"Un uomo rapito all'et\u00e0 di 19 anni e ritrovato 26 anni dopo in Algeria era stato segregato in una stalla a 200 metri da casa sua.","robots":{"index":"index","follow":"follow","max-snippet":"max-snippet:-1","max-image-preview":"max-image-preview:large","max-video-preview":"max-video-preview:-1"},"canonical":"https:\/\/newsvirali.it\/fr\/2024\/05\/16\/kidnappe-26-ans-retrouve-vivant-na-pas-echappe-au-sort-bloque\/","og_locale":"fr_FR","og_type":"article","og_title":"Rapito per 26 anni e ritrovato vivo, non fuggiva perch\u00e9 \"bloccato da un incantesimo\"","og_description":"Un uomo rapito all'et\u00e0 di 19 anni e ritrovato 26 anni dopo in Algeria era stato segregato in una stalla a 200 metri da casa sua.","og_url":"https:\/\/newsvirali.it\/fr\/2024\/05\/16\/kidnappe-26-ans-retrouve-vivant-na-pas-echappe-au-sort-bloque\/","og_site_name":"News virali","article_published_time":"2024-05-16T11:19:20+00:00","article_modified_time":"2024-05-16T12:18:23+00:00","og_image":[{"width":600,"height":400,"url":"https:\/\/newsvirali.it\/wp-content\/uploads\/2024\/05\/Rapito-per-26-anni-e-ritrovato-vivo-non-fuggiva-perche-bloccato-da-un-incantesimo-13.jpg","type":"image\/jpeg"}],"author":"Cecco Prestina","twitter_card":"summary_large_image","twitter_misc":{"\u00c9crit par":"Cecco Prestina","Dur\u00e9e de lecture estim\u00e9e":"4 minutes"},"schema":{"@context":"https:\/\/schema.org","@graph":[{"@type":"NewsArticle","@id":"https:\/\/newsvirali.it\/2024\/05\/16\/rapito-26-anni-ritrovato-vivo-non-fuggiva-bloccato-incantesimo\/#article","isPartOf":{"@id":"https:\/\/newsvirali.it\/2024\/05\/16\/rapito-26-anni-ritrovato-vivo-non-fuggiva-bloccato-incantesimo\/"},"author":{"name":"Cecco Prestina","@id":"https:\/\/newsvirali.it\/fr\/#\/schema\/person\/4c835f7b49c9adb58b33901ee816565d"},"headline":"Rapito per 26 anni e ritrovato vivo, non fuggiva perch\u00e9 &#8220;bloccato da un incantesimo&#8221;","datePublished":"2024-05-16T11:19:20+00:00","dateModified":"2024-05-16T12:18:23+00:00","mainEntityOfPage":{"@id":"https:\/\/newsvirali.it\/2024\/05\/16\/rapito-26-anni-ritrovato-vivo-non-fuggiva-bloccato-incantesimo\/"},"wordCount":712,"commentCount":0,"image":{"@id":"https:\/\/newsvirali.it\/2024\/05\/16\/rapito-26-anni-ritrovato-vivo-non-fuggiva-bloccato-incantesimo\/#primaryimage"},"thumbnailUrl":"https:\/\/newsvirali.it\/wp-content\/uploads\/2024\/05\/Rapito-per-26-anni-e-ritrovato-vivo-non-fuggiva-perche-bloccato-da-un-incantesimo-13.jpg","articleSection":["Mondo"],"inLanguage":"fr-FR","potentialAction":[{"@type":"CommentAction","name":"Comment","target":["https:\/\/newsvirali.it\/2024\/05\/16\/rapito-26-anni-ritrovato-vivo-non-fuggiva-bloccato-incantesimo\/#respond"]}],"copyrightYear":"2024","copyrightHolder":{"@id":"https:\/\/newsvirali.it\/fr\/#organization"}},{"@type":"WebPage","@id":"https:\/\/newsvirali.it\/2024\/05\/16\/rapito-26-anni-ritrovato-vivo-non-fuggiva-bloccato-incantesimo\/","url":"https:\/\/newsvirali.it\/2024\/05\/16\/rapito-26-anni-ritrovato-vivo-non-fuggiva-bloccato-incantesimo\/","name":"Rapito per 26 anni e ritrovato vivo, non fuggiva perch\u00e9 \"bloccato da un incantesimo\"","isPartOf":{"@id":"https:\/\/newsvirali.it\/fr\/#website"},"primaryImageOfPage":{"@id":"https:\/\/newsvirali.it\/2024\/05\/16\/rapito-26-anni-ritrovato-vivo-non-fuggiva-bloccato-incantesimo\/#primaryimage"},"image":{"@id":"https:\/\/newsvirali.it\/2024\/05\/16\/rapito-26-anni-ritrovato-vivo-non-fuggiva-bloccato-incantesimo\/#primaryimage"},"thumbnailUrl":"https:\/\/newsvirali.it\/wp-content\/uploads\/2024\/05\/Rapito-per-26-anni-e-ritrovato-vivo-non-fuggiva-perche-bloccato-da-un-incantesimo-13.jpg","datePublished":"2024-05-16T11:19:20+00:00","dateModified":"2024-05-16T12:18:23+00:00","author":{"@id":"https:\/\/newsvirali.it\/fr\/#\/schema\/person\/4c835f7b49c9adb58b33901ee816565d"},"description":"Un uomo rapito all'et\u00e0 di 19 anni e ritrovato 26 anni dopo in Algeria era stato segregato in una stalla a 200 metri da casa sua.","breadcrumb":{"@id":"https:\/\/newsvirali.it\/2024\/05\/16\/rapito-26-anni-ritrovato-vivo-non-fuggiva-bloccato-incantesimo\/#breadcrumb"},"inLanguage":"fr-FR","potentialAction":[{"@type":"ReadAction","target":["https:\/\/newsvirali.it\/2024\/05\/16\/rapito-26-anni-ritrovato-vivo-non-fuggiva-bloccato-incantesimo\/"]}]},{"@type":"ImageObject","inLanguage":"fr-FR","@id":"https:\/\/newsvirali.it\/2024\/05\/16\/rapito-26-anni-ritrovato-vivo-non-fuggiva-bloccato-incantesimo\/#primaryimage","url":"https:\/\/newsvirali.it\/wp-content\/uploads\/2024\/05\/Rapito-per-26-anni-e-ritrovato-vivo-non-fuggiva-perche-bloccato-da-un-incantesimo-13.jpg","contentUrl":"https:\/\/newsvirali.it\/wp-content\/uploads\/2024\/05\/Rapito-per-26-anni-e-ritrovato-vivo-non-fuggiva-perche-bloccato-da-un-incantesimo-13.jpg","width":600,"height":400,"caption":"Rapito per 26 anni e ritrovato vivo, non fuggiva perch\u00e9 bloccato da un incantesimo (13)"},{"@type":"BreadcrumbList","@id":"https:\/\/newsvirali.it\/2024\/05\/16\/rapito-26-anni-ritrovato-vivo-non-fuggiva-bloccato-incantesimo\/#breadcrumb","itemListElement":[{"@type":"ListItem","position":1,"name":"Home","item":"https:\/\/newsvirali.it\/fr\/"},{"@type":"ListItem","position":2,"name":"Rapito per 26 anni e ritrovato vivo, non fuggiva perch\u00e9 &#8220;bloccato da un incantesimo&#8221;"}]},{"@type":"WebSite","@id":"https:\/\/newsvirali.it\/fr\/#website","url":"https:\/\/newsvirali.it\/fr\/","name":"Bake News","description":"","potentialAction":[{"@type":"SearchAction","target":{"@type":"EntryPoint","urlTemplate":"https:\/\/newsvirali.it\/fr\/?s={search_term_string}"},"query-input":{"@type":"PropertyValueSpecification","valueRequired":true,"valueName":"search_term_string"}}],"inLanguage":"fr-FR"},{"@type":"Person","@id":"https:\/\/newsvirali.it\/fr\/#\/schema\/person\/4c835f7b49c9adb58b33901ee816565d","name":"Cecco Prestina","description":"Perch\u00e9 nasconderlo? Cecco Prestina \u00e8 un alias, ma dietro di lui non si cela un algoritmo di intelligenza artificiale. C'\u00e8 un giornalista che ha oltre vent'anni di esperienza tutta sul web. Da quando il primo modem ha iniziato a gracchiare sul territorio italiano con Video on Line, Cecco ha capito che da quel doppino sarebbe passato il futuro. Ha dedidicato tutta la sua carriera a capire Internet e poi i social e ora l'Ai. Una carriera in costante aggiornamento. E questa esperienza la mette in campo ogni giorno. Per\u00f2 ogni tanto Cecco ha voglia anche di non scrivere \"pipponi\" sulla politica, sull'economia. Ha voglia anche di scrivere qualcosa di divertente. Le notizie che trovate su Bake News sono le stesse che Cecco porta all'aperitivo con gli amici. Quelle di cui discutere per farsi due risate. Notizie, vere (qualche volta si fa fatica a crederlo), strane, divertenti, ma anche serie. Bake News \u00e8 nato per questo, dare al pubblico notizie croccanti e calde come il pane che esce dal forno. E Cecco Prestina \u00e8 nato con Bake News.","url":"https:\/\/newsvirali.it\/fr\/autore\/cecco-prestina\/"}]}},"_links":{"self":[{"href":"https:\/\/newsvirali.it\/fr\/wp-json\/wp\/v2\/posts\/28440","targetHints":{"allow":["GET"]}}],"collection":[{"href":"https:\/\/newsvirali.it\/fr\/wp-json\/wp\/v2\/posts"}],"about":[{"href":"https:\/\/newsvirali.it\/fr\/wp-json\/wp\/v2\/types\/post"}],"author":[{"embeddable":true,"href":"https:\/\/newsvirali.it\/fr\/wp-json\/wp\/v2\/users\/4"}],"replies":[{"embeddable":true,"href":"https:\/\/newsvirali.it\/fr\/wp-json\/wp\/v2\/comments?post=28440"}],"version-history":[{"count":7,"href":"https:\/\/newsvirali.it\/fr\/wp-json\/wp\/v2\/posts\/28440\/revisions"}],"predecessor-version":[{"id":28465,"href":"https:\/\/newsvirali.it\/fr\/wp-json\/wp\/v2\/posts\/28440\/revisions\/28465"}],"wp:featuredmedia":[{"embeddable":true,"href":"https:\/\/newsvirali.it\/fr\/wp-json\/wp\/v2\/media\/28456"}],"wp:attachment":[{"href":"https:\/\/newsvirali.it\/fr\/wp-json\/wp\/v2\/media?parent=28440"}],"wp:term":[{"taxonomy":"category","embeddable":true,"href":"https:\/\/newsvirali.it\/fr\/wp-json\/wp\/v2\/categories?post=28440"},{"taxonomy":"post_tag","embeddable":true,"href":"https:\/\/newsvirali.it\/fr\/wp-json\/wp\/v2\/tags?post=28440"}],"curies":[{"name":"wp","href":"https:\/\/api.w.org\/{rel}","templated":true}]}}