{"id":26415,"date":"2024-05-07T11:24:40","date_gmt":"2024-05-07T09:24:40","guid":{"rendered":"https:\/\/www.bakenews.it\/?p=26415"},"modified":"2024-05-07T11:24:42","modified_gmt":"2024-05-07T09:24:42","slug":"corfu-tradizionale-lancio-del-vaso-finisce-male-fracassato-in-testa-a-una-donna","status":"publish","type":"post","link":"https:\/\/newsvirali.it\/fr\/2024\/05\/07\/un-vase-traditionnel-de-corfou-se-termine-par-un-gros-choc-sur-la-tete-dune-femme\/","title":{"rendered":"Corfou, un lancer de vase traditionnel se termine mal : fracass\u00e9 sur la t\u00eate d&#039;une femme"},"content":{"rendered":"<p>Une tradition vieille de plusieurs si\u00e8cles sur l&#039;\u00eele grecque de Corfou a risqu\u00e9 de tourner au drame lorsqu&#039;un vase jet\u00e9 par la fen\u00eatre par l&#039;adjoint au maire s&#039;est retrouv\u00e9 sur la t\u00eate d&#039;une femme, se brisant en mille morceaux. Les Corfiots c\u00e9l\u00e8brent le samedi saint avec une coutume appel\u00e9e \u00ab botides \u00bb dans laquelle les gens jettent de grandes cruches d&#039;argile pleines d&#039;eau depuis leur balcon.<\/p>\n\n\n\n<p><strong>LIRE AUSSI<\/strong><\/p>\n\n\n\n<ul class=\"wp-block-list\">\n<li><a href=\"https:\/\/www.bakenews.it\/festa-di-natale-allasilo-finisce-male-licenziata-perche-si-e-comportata-male\/\">La f\u00eate de No\u00ebl \u00e0 la maternelle se termine mal : elle est licenci\u00e9e parce qu&#039;elle &quot;s&#039;est mal comport\u00e9e&quot;<\/a><\/li>\n\n\n\n<li><a href=\"https:\/\/www.bakenews.it\/intervento-di-allungamento-pene-finisce-male-muore-32enne\/\">L&#039;op\u00e9ration d&#039;agrandissement du p\u00e9nis se termine mal : un homme de 32 ans d\u00e9c\u00e8de<\/a><\/li>\n\n\n\n<li><a href=\"https:\/\/www.bakenews.it\/pranzo-di-nozze-finisce-tra-diarrea-e-vomito-100-invitati-intossicati\/\">Le d\u00eener de mariage se termine par de la diarrh\u00e9e et des vomissements, 100 invit\u00e9s ivres<\/a><\/li>\n\n\n\n<li><a href=\"https:\/\/www.bakenews.it\/follia-a-tenerife-turista-si-tuffa-in-grotta-e-finisce-sugli-scogli-video\/\">Folie \u00e0 Tenerife, un touriste plonge dans une grotte et finit sur des rochers : vid\u00e9o<\/a><\/li>\n<\/ul>\n\n\n\n<p>Alors que les cruches se brisent dans la rue, des milliers d&#039;insulaires et de touristes regardent, applaudissent et, bien s\u00fbr, se font \u00e9clabousser par l&#039;eau. Pourtant, dimanche, une femme s&#039;est retrouv\u00e9e malgr\u00e9 elle avec un violent mal de t\u00eate apr\u00e8s qu&#039;une des loches ait \u00e9t\u00e9 projet\u00e9e depuis la fen\u00eatre de la mairie et soit tomb\u00e9e sur elle.<\/p>\n\n\n\n<h2 class=\"wp-block-heading\" id=\"h-donna-colpita-in-testa-dal-vaso-lanciato-dal-vicesindaco-di-corfu\">Femme frapp\u00e9e \u00e0 la t\u00eate par le vase lanc\u00e9 par l&#039;adjoint au maire de Corfou<\/h2>\n\n\n\n<p>En fait, ce n&#039;est pas un habitant au hasard qui a jet\u00e9 l&#039;\u00e9norme cruche, mais le maire adjoint Spyros Spyros Halikiopoulo, selon Corfu TV News. La vid\u00e9o montre Halikiopoulo poussant la grande cruche du balcon sans se rendre compte que deux personnes marchaient sur le trottoir vers 11 heures. Avec des morceaux de la cruche cass\u00e9e \u00e9parpill\u00e9s sur le sol, on peut entendre la foule crier tandis que les spectateurs se pr\u00e9cipitent au secours des deux femmes.<\/p>\n\n\n\n<p>L&#039;une des femmes a \u00e9t\u00e9 transport\u00e9e \u00e0 l&#039;h\u00f4pital par mesure de pr\u00e9caution, suivie peu apr\u00e8s par Halikiopoulo, inquiet. Halikiopoulos a d\u00e9clar\u00e9 que les blessures li\u00e9es \u00e0 la tradition sont rares.<\/p>\n\n\n\n<figure class=\"wp-block-embed is-type-video is-provider-youtube wp-block-embed-youtube wp-embed-aspect-4-3 wp-has-aspect-ratio\"><div class=\"wp-block-embed__wrapper\">\n<iframe loading=\"lazy\" title=\"\u039a\u03ad\u03c1\u03ba\u03c5\u03c1\u03b1: \u039a\u03b1\u03c4\u03ac \u03bb\u03ac\u03b8\u03bf\u03c2\u2026 \u03b1\u03bb\u03bb\u03ac \u03ad\u03b3\u03b9\u03bd\u03b5! \u0388\u03c0\u03b5\u03c3\u03b5 \u03bf \u039c\u03c0\u03cc\u03c4\u03b7\u03c2 \u03c3\u03c4\u03bf \u03ba\u03b5\u03c6\u03ac\u03bb\u03b9 \u03c4\u03b7\u03c2.\" width=\"500\" height=\"375\" src=\"https:\/\/www.youtube.com\/embed\/G87t869RuEg?feature=oembed\" frameborder=\"0\" allow=\"accelerometer; autoplay; clipboard-write; encrypted-media; gyroscope; picture-in-picture; web-share\" referrerpolicy=\"strict-origin-when-cross-origin\" allowfullscreen><\/iframe>\n<\/div><\/figure>\n\n\n\n<p>\u00ab Bien que les adjoints au maire aient pris toutes les pr\u00e9cautions n\u00e9cessaires, en v\u00e9rifiant la zone devant la fen\u00eatre o\u00f9 ils se trouvaient, lorsque le vase est tomb\u00e9, deux jeunes femmes sont pass\u00e9es \u00e0 grande vitesse, \u00e0 la suite de quoi l&#039;une d&#039;elles a \u00e9t\u00e9 frapp\u00e9e \u00e0 la t\u00eate. et l&#039;\u00e9paule&quot;, a indiqu\u00e9 son bureau dans un communiqu\u00e9.<\/p>\n\n\n\n<h2 class=\"wp-block-heading\" id=\"h-i-feriti-in-questa-festa-sono-eventi-rari\">Les blessures lors de cette f\u00eate sont des &quot;\u00e9v\u00e9nements rares&quot;<\/h2>\n\n\n\n<p>Le communiqu\u00e9 poursuit : \u00ab Il s&#039;agit d&#039;un \u00e9v\u00e9nement rare, car m\u00eame si des milliers de bottes tombent lors du custom (et souvent de tr\u00e8s haut), les blessures sont rares car tout le monde est tr\u00e8s attentif et profite donc de ce moment unique.<\/p>\n\n\n\n<p>\u00ab A l&#039;occasion de l&#039;accident, le conseiller au d\u00e9veloppement du tourisme durable, s&#039;adressant au public, assure la s\u00e9curit\u00e9 des costumes, mais attire l&#039;attention de tous pour \u00e9viter m\u00eame ces accidents tr\u00e8s rares \u00bb.<\/p>\n\n\n\n<h2 class=\"wp-block-heading\" id=\"h-la-tradizione-dei-botides-nata-dai-veneziani\">La tradition des botides n\u00e9e des V\u00e9nitiens ?<\/h2>\n\n\n\n<p>Personne ne sait avec certitude d\u2019o\u00f9 vient la tradition des botides. Mais il est g\u00e9n\u00e9ralement admis que les V\u00e9nitiens qui r\u00e9gnaient sur Corfou entre le XIVe et le XVIIIe si\u00e8cle ont jou\u00e9 un r\u00f4le important. Les V\u00e9nitiens prenaient litt\u00e9ralement le dicton \u00ab nouvelle ann\u00e9e, nouveau moi \u00bb et c\u00e9l\u00e9braient la nouvelle ann\u00e9e en jetant leurs vieilles affaires par la fen\u00eatre.<\/p>\n\n\n\n<p><strong>LIRE LES AUTRES NOUVELLES DU MONDE<\/strong><\/p>\n\n\n<ul class=\"wp-block-latest-posts__list wp-block-latest-posts\"><li><a class=\"wp-block-latest-posts__post-title\" href=\"https:\/\/newsvirali.it\/fr\/2026\/02\/12\/emma-amit-crabe-du-diable-mort\/\">La vlogueuse Emma Amit d\u00e9c\u00e8de apr\u00e8s avoir consomm\u00e9 du crabe du diable toxique<\/a><\/li>\n<li><a class=\"wp-block-latest-posts__post-title\" href=\"https:\/\/newsvirali.it\/fr\/2026\/02\/05\/suicide-des-trois-soeurs-en-inde\/\">Des parents confisquent les t\u00e9l\u00e9phones portables de trois s\u0153urs qui jouent excessivement aux jeux vid\u00e9o\u00a0: trois s\u0153urs se suicident<\/a><\/li>\n<li><a class=\"wp-block-latest-posts__post-title\" href=\"https:\/\/newsvirali.it\/fr\/2026\/01\/30\/arrestation-dans-un-complexe-hotelier-de-floride-pour-actes-obscenes\/\">Un h\u00f4tel de Floride fait sensation : un homme arr\u00eat\u00e9 pour exhibitionnisme avec un aspirateur<\/a><\/li>\n<li><a class=\"wp-block-latest-posts__post-title\" href=\"https:\/\/newsvirali.it\/fr\/2026\/01\/28\/un-pere-ivre-pend-son-fils-dans-une-video-choquante\/\">Un p\u00e8re ivre pend son fils par la fen\u00eatre : vid\u00e9o choquante<\/a><\/li>\n<li><a class=\"wp-block-latest-posts__post-title\" href=\"https:\/\/newsvirali.it\/fr\/2026\/01\/27\/une-enseignante-enceinte-et-un-eleve-de-13-ans\/\">Une enseignante admet \u00eatre tomb\u00e9e enceinte d&#039;un \u00e9l\u00e8ve de 13 ans<\/a><\/li>\n<\/ul><br \/>Suivez-nous \u00e9galement sur Google News : <b><a href=\"https:\/\/news.google.com\/publications\/CAAqBwgKMNqJiwswjMfqAg?hl=it&gl=IT&ceid=IT:it\" target=\"_blank\">Cliquez ici<\/a><\/b>","protected":false},"excerpt":{"rendered":"<p>Une tradition vieille de plusieurs si\u00e8cles sur l&#039;\u00eele grecque de Corfou a risqu\u00e9 de tourner au drame lorsqu&#039;un vase jet\u00e9 par la fen\u00eatre par [\u2026]<\/p>","protected":false},"author":4,"featured_media":26436,"comment_status":"open","ping_status":"open","sticky":false,"template":"","format":"standard","meta":{"MSN_Categories":"Uncategorized","MSN_Publish_Option":false,"MSN_Is_Local_News":false,"MSN_Is_AIAC_Included":"Empty","MSN_Location":"[]","MSN_Add_Feature_Img_On_Top_Of_Post":false,"MSN_Has_Custom_Author":false,"MSN_Custom_Author":"","MSN_Has_Custom_Canonical_Url":false,"MSN_Custom_Canonical_Url":"","footnotes":""},"categories":[9],"tags":[],"class_list":["post-26415","post","type-post","status-publish","format-standard","has-post-thumbnail","hentry","category-mondo"],"acf":[],"yoast_head":"<!-- This site is optimized with the Yoast SEO Premium plugin v26.7 (Yoast SEO v26.7) - https:\/\/yoast.com\/wordpress\/plugins\/seo\/ -->\n<title>Corf\u00f9, tradizionale lancio del vaso va male: in testa a una donna<\/title>\n<meta name=\"description\" content=\"Una tradizione di Corf\u00f9 ha rischiato di diventare tragedia quando un vaso lanciato dal vicesindaco \u00e8 finito in testa ad una donna.\" \/>\n<meta name=\"robots\" content=\"index, follow, max-snippet:-1, max-image-preview:large, max-video-preview:-1\" \/>\n<link rel=\"canonical\" href=\"https:\/\/newsvirali.it\/fr\/2024\/05\/07\/das-traditionelle-werfen-der-vase-auf-korfu-endet-schwer-mit-dem-kopf-einer-frau\/\" \/>\n<meta property=\"og:locale\" content=\"fr_FR\" \/>\n<meta property=\"og:type\" content=\"article\" \/>\n<meta property=\"og:title\" content=\"Corf\u00f9, tradizionale lancio del vaso finisce male: fracassato in testa a una donna\" \/>\n<meta property=\"og:description\" content=\"Una tradizione di Corf\u00f9 ha rischiato di diventare tragedia quando un vaso lanciato dal vicesindaco \u00e8 finito in testa ad una donna.\" \/>\n<meta property=\"og:url\" content=\"https:\/\/newsvirali.it\/fr\/2024\/05\/07\/das-traditionelle-werfen-der-vase-auf-korfu-endet-schwer-mit-dem-kopf-einer-frau\/\" \/>\n<meta property=\"og:site_name\" content=\"News virali\" \/>\n<meta property=\"article:published_time\" content=\"2024-05-07T09:24:40+00:00\" \/>\n<meta property=\"article:modified_time\" content=\"2024-05-07T09:24:42+00:00\" \/>\n<meta property=\"og:image\" content=\"https:\/\/newsvirali.it\/wp-content\/uploads\/2024\/05\/Corfu-tradizionale-lancio-del-vaso-finisce-male-fracassato-in-testa-a-una-donna.jpg\" \/>\n\t<meta property=\"og:image:width\" content=\"600\" \/>\n\t<meta property=\"og:image:height\" content=\"400\" \/>\n\t<meta property=\"og:image:type\" content=\"image\/jpeg\" \/>\n<meta name=\"author\" content=\"Cecco Prestina\" \/>\n<meta name=\"twitter:card\" content=\"summary_large_image\" \/>\n<meta name=\"twitter:label1\" content=\"\u00c9crit par\" \/>\n\t<meta name=\"twitter:data1\" content=\"Cecco Prestina\" \/>\n\t<meta name=\"twitter:label2\" content=\"Dur\u00e9e de lecture estim\u00e9e\" \/>\n\t<meta name=\"twitter:data2\" content=\"3 minutes\" \/>\n<script type=\"application\/ld+json\" class=\"yoast-schema-graph\">{\"@context\":\"https:\/\/schema.org\",\"@graph\":[{\"@type\":\"NewsArticle\",\"@id\":\"https:\/\/newsvirali.it\/de\/2024\/05\/07\/das-traditionelle-werfen-der-vase-auf-korfu-endet-schwer-mit-dem-kopf-einer-frau\/#article\",\"isPartOf\":{\"@id\":\"https:\/\/newsvirali.it\/de\/2024\/05\/07\/das-traditionelle-werfen-der-vase-auf-korfu-endet-schwer-mit-dem-kopf-einer-frau\/\"},\"author\":{\"name\":\"Cecco Prestina\",\"@id\":\"https:\/\/newsvirali.it\/fr\/#\/schema\/person\/4c835f7b49c9adb58b33901ee816565d\"},\"headline\":\"Corf\u00f9, tradizionale lancio del vaso finisce male: fracassato in testa a una donna\",\"datePublished\":\"2024-05-07T09:24:40+00:00\",\"dateModified\":\"2024-05-07T09:24:42+00:00\",\"mainEntityOfPage\":{\"@id\":\"https:\/\/newsvirali.it\/de\/2024\/05\/07\/das-traditionelle-werfen-der-vase-auf-korfu-endet-schwer-mit-dem-kopf-einer-frau\/\"},\"wordCount\":489,\"commentCount\":0,\"image\":{\"@id\":\"https:\/\/newsvirali.it\/de\/2024\/05\/07\/das-traditionelle-werfen-der-vase-auf-korfu-endet-schwer-mit-dem-kopf-einer-frau\/#primaryimage\"},\"thumbnailUrl\":\"https:\/\/newsvirali.it\/wp-content\/uploads\/2024\/05\/Corfu-tradizionale-lancio-del-vaso-finisce-male-fracassato-in-testa-a-una-donna.jpg\",\"articleSection\":[\"Mondo\"],\"inLanguage\":\"fr-FR\",\"potentialAction\":[{\"@type\":\"CommentAction\",\"name\":\"Comment\",\"target\":[\"https:\/\/newsvirali.it\/de\/2024\/05\/07\/das-traditionelle-werfen-der-vase-auf-korfu-endet-schwer-mit-dem-kopf-einer-frau\/#respond\"]}],\"copyrightYear\":\"2024\",\"copyrightHolder\":{\"@id\":\"https:\/\/newsvirali.it\/fr\/#organization\"}},{\"@type\":\"WebPage\",\"@id\":\"https:\/\/newsvirali.it\/de\/2024\/05\/07\/das-traditionelle-werfen-der-vase-auf-korfu-endet-schwer-mit-dem-kopf-einer-frau\/\",\"url\":\"https:\/\/newsvirali.it\/de\/2024\/05\/07\/das-traditionelle-werfen-der-vase-auf-korfu-endet-schwer-mit-dem-kopf-einer-frau\/\",\"name\":\"Corf\u00f9, tradizionale lancio del vaso va male: in testa a una donna\",\"isPartOf\":{\"@id\":\"https:\/\/newsvirali.it\/fr\/#website\"},\"primaryImageOfPage\":{\"@id\":\"https:\/\/newsvirali.it\/de\/2024\/05\/07\/das-traditionelle-werfen-der-vase-auf-korfu-endet-schwer-mit-dem-kopf-einer-frau\/#primaryimage\"},\"image\":{\"@id\":\"https:\/\/newsvirali.it\/de\/2024\/05\/07\/das-traditionelle-werfen-der-vase-auf-korfu-endet-schwer-mit-dem-kopf-einer-frau\/#primaryimage\"},\"thumbnailUrl\":\"https:\/\/newsvirali.it\/wp-content\/uploads\/2024\/05\/Corfu-tradizionale-lancio-del-vaso-finisce-male-fracassato-in-testa-a-una-donna.jpg\",\"datePublished\":\"2024-05-07T09:24:40+00:00\",\"dateModified\":\"2024-05-07T09:24:42+00:00\",\"author\":{\"@id\":\"https:\/\/newsvirali.it\/fr\/#\/schema\/person\/4c835f7b49c9adb58b33901ee816565d\"},\"description\":\"Una tradizione di Corf\u00f9 ha rischiato di diventare tragedia quando un vaso lanciato dal vicesindaco \u00e8 finito in testa ad una donna.\",\"breadcrumb\":{\"@id\":\"https:\/\/newsvirali.it\/de\/2024\/05\/07\/das-traditionelle-werfen-der-vase-auf-korfu-endet-schwer-mit-dem-kopf-einer-frau\/#breadcrumb\"},\"inLanguage\":\"fr-FR\",\"potentialAction\":[{\"@type\":\"ReadAction\",\"target\":[\"https:\/\/newsvirali.it\/de\/2024\/05\/07\/das-traditionelle-werfen-der-vase-auf-korfu-endet-schwer-mit-dem-kopf-einer-frau\/\"]}]},{\"@type\":\"ImageObject\",\"inLanguage\":\"fr-FR\",\"@id\":\"https:\/\/newsvirali.it\/de\/2024\/05\/07\/das-traditionelle-werfen-der-vase-auf-korfu-endet-schwer-mit-dem-kopf-einer-frau\/#primaryimage\",\"url\":\"https:\/\/newsvirali.it\/wp-content\/uploads\/2024\/05\/Corfu-tradizionale-lancio-del-vaso-finisce-male-fracassato-in-testa-a-una-donna.jpg\",\"contentUrl\":\"https:\/\/newsvirali.it\/wp-content\/uploads\/2024\/05\/Corfu-tradizionale-lancio-del-vaso-finisce-male-fracassato-in-testa-a-una-donna.jpg\",\"width\":600,\"height\":400,\"caption\":\"Corf\u00f9, tradizionale lancio del vaso finisce male fracassato in testa a una donna\"},{\"@type\":\"BreadcrumbList\",\"@id\":\"https:\/\/newsvirali.it\/de\/2024\/05\/07\/das-traditionelle-werfen-der-vase-auf-korfu-endet-schwer-mit-dem-kopf-einer-frau\/#breadcrumb\",\"itemListElement\":[{\"@type\":\"ListItem\",\"position\":1,\"name\":\"Home\",\"item\":\"https:\/\/newsvirali.it\/fr\/\"},{\"@type\":\"ListItem\",\"position\":2,\"name\":\"Corf\u00f9, tradizionale lancio del vaso finisce male: fracassato in testa a una donna\"}]},{\"@type\":\"WebSite\",\"@id\":\"https:\/\/newsvirali.it\/fr\/#website\",\"url\":\"https:\/\/newsvirali.it\/fr\/\",\"name\":\"Bake News\",\"description\":\"\",\"potentialAction\":[{\"@type\":\"SearchAction\",\"target\":{\"@type\":\"EntryPoint\",\"urlTemplate\":\"https:\/\/newsvirali.it\/fr\/?s={search_term_string}\"},\"query-input\":{\"@type\":\"PropertyValueSpecification\",\"valueRequired\":true,\"valueName\":\"search_term_string\"}}],\"inLanguage\":\"fr-FR\"},{\"@type\":\"Person\",\"@id\":\"https:\/\/newsvirali.it\/fr\/#\/schema\/person\/4c835f7b49c9adb58b33901ee816565d\",\"name\":\"Cecco Prestina\",\"description\":\"Perch\u00e9 nasconderlo? Cecco Prestina \u00e8 un alias, ma dietro di lui non si cela un algoritmo di intelligenza artificiale. C'\u00e8 un giornalista che ha oltre vent'anni di esperienza tutta sul web. Da quando il primo modem ha iniziato a gracchiare sul territorio italiano con Video on Line, Cecco ha capito che da quel doppino sarebbe passato il futuro. Ha dedidicato tutta la sua carriera a capire Internet e poi i social e ora l'Ai. Una carriera in costante aggiornamento. E questa esperienza la mette in campo ogni giorno. Per\u00f2 ogni tanto Cecco ha voglia anche di non scrivere \\\"pipponi\\\" sulla politica, sull'economia. Ha voglia anche di scrivere qualcosa di divertente. Le notizie che trovate su Bake News sono le stesse che Cecco porta all'aperitivo con gli amici. Quelle di cui discutere per farsi due risate. Notizie, vere (qualche volta si fa fatica a crederlo), strane, divertenti, ma anche serie. Bake News \u00e8 nato per questo, dare al pubblico notizie croccanti e calde come il pane che esce dal forno. E Cecco Prestina \u00e8 nato con Bake News.\",\"url\":\"https:\/\/newsvirali.it\/fr\/autore\/cecco-prestina\/\"}]}<\/script>\n<!-- \/ Yoast SEO Premium plugin. -->","yoast_head_json":{"title":"Corf\u00f9, tradizionale lancio del vaso va male: in testa a una donna","description":"Una tradizione di Corf\u00f9 ha rischiato di diventare tragedia quando un vaso lanciato dal vicesindaco \u00e8 finito in testa ad una donna.","robots":{"index":"index","follow":"follow","max-snippet":"max-snippet:-1","max-image-preview":"max-image-preview:large","max-video-preview":"max-video-preview:-1"},"canonical":"https:\/\/newsvirali.it\/fr\/2024\/05\/07\/das-traditionelle-werfen-der-vase-auf-korfu-endet-schwer-mit-dem-kopf-einer-frau\/","og_locale":"fr_FR","og_type":"article","og_title":"Corf\u00f9, tradizionale lancio del vaso finisce male: fracassato in testa a una donna","og_description":"Una tradizione di Corf\u00f9 ha rischiato di diventare tragedia quando un vaso lanciato dal vicesindaco \u00e8 finito in testa ad una donna.","og_url":"https:\/\/newsvirali.it\/fr\/2024\/05\/07\/das-traditionelle-werfen-der-vase-auf-korfu-endet-schwer-mit-dem-kopf-einer-frau\/","og_site_name":"News virali","article_published_time":"2024-05-07T09:24:40+00:00","article_modified_time":"2024-05-07T09:24:42+00:00","og_image":[{"width":600,"height":400,"url":"https:\/\/newsvirali.it\/wp-content\/uploads\/2024\/05\/Corfu-tradizionale-lancio-del-vaso-finisce-male-fracassato-in-testa-a-una-donna.jpg","type":"image\/jpeg"}],"author":"Cecco Prestina","twitter_card":"summary_large_image","twitter_misc":{"\u00c9crit par":"Cecco Prestina","Dur\u00e9e de lecture estim\u00e9e":"3 minutes"},"schema":{"@context":"https:\/\/schema.org","@graph":[{"@type":"NewsArticle","@id":"https:\/\/newsvirali.it\/de\/2024\/05\/07\/das-traditionelle-werfen-der-vase-auf-korfu-endet-schwer-mit-dem-kopf-einer-frau\/#article","isPartOf":{"@id":"https:\/\/newsvirali.it\/de\/2024\/05\/07\/das-traditionelle-werfen-der-vase-auf-korfu-endet-schwer-mit-dem-kopf-einer-frau\/"},"author":{"name":"Cecco Prestina","@id":"https:\/\/newsvirali.it\/fr\/#\/schema\/person\/4c835f7b49c9adb58b33901ee816565d"},"headline":"Corf\u00f9, tradizionale lancio del vaso finisce male: fracassato in testa a una donna","datePublished":"2024-05-07T09:24:40+00:00","dateModified":"2024-05-07T09:24:42+00:00","mainEntityOfPage":{"@id":"https:\/\/newsvirali.it\/de\/2024\/05\/07\/das-traditionelle-werfen-der-vase-auf-korfu-endet-schwer-mit-dem-kopf-einer-frau\/"},"wordCount":489,"commentCount":0,"image":{"@id":"https:\/\/newsvirali.it\/de\/2024\/05\/07\/das-traditionelle-werfen-der-vase-auf-korfu-endet-schwer-mit-dem-kopf-einer-frau\/#primaryimage"},"thumbnailUrl":"https:\/\/newsvirali.it\/wp-content\/uploads\/2024\/05\/Corfu-tradizionale-lancio-del-vaso-finisce-male-fracassato-in-testa-a-una-donna.jpg","articleSection":["Mondo"],"inLanguage":"fr-FR","potentialAction":[{"@type":"CommentAction","name":"Comment","target":["https:\/\/newsvirali.it\/de\/2024\/05\/07\/das-traditionelle-werfen-der-vase-auf-korfu-endet-schwer-mit-dem-kopf-einer-frau\/#respond"]}],"copyrightYear":"2024","copyrightHolder":{"@id":"https:\/\/newsvirali.it\/fr\/#organization"}},{"@type":"WebPage","@id":"https:\/\/newsvirali.it\/de\/2024\/05\/07\/das-traditionelle-werfen-der-vase-auf-korfu-endet-schwer-mit-dem-kopf-einer-frau\/","url":"https:\/\/newsvirali.it\/de\/2024\/05\/07\/das-traditionelle-werfen-der-vase-auf-korfu-endet-schwer-mit-dem-kopf-einer-frau\/","name":"Corf\u00f9, tradizionale lancio del vaso va male: in testa a una donna","isPartOf":{"@id":"https:\/\/newsvirali.it\/fr\/#website"},"primaryImageOfPage":{"@id":"https:\/\/newsvirali.it\/de\/2024\/05\/07\/das-traditionelle-werfen-der-vase-auf-korfu-endet-schwer-mit-dem-kopf-einer-frau\/#primaryimage"},"image":{"@id":"https:\/\/newsvirali.it\/de\/2024\/05\/07\/das-traditionelle-werfen-der-vase-auf-korfu-endet-schwer-mit-dem-kopf-einer-frau\/#primaryimage"},"thumbnailUrl":"https:\/\/newsvirali.it\/wp-content\/uploads\/2024\/05\/Corfu-tradizionale-lancio-del-vaso-finisce-male-fracassato-in-testa-a-una-donna.jpg","datePublished":"2024-05-07T09:24:40+00:00","dateModified":"2024-05-07T09:24:42+00:00","author":{"@id":"https:\/\/newsvirali.it\/fr\/#\/schema\/person\/4c835f7b49c9adb58b33901ee816565d"},"description":"Una tradizione di Corf\u00f9 ha rischiato di diventare tragedia quando un vaso lanciato dal vicesindaco \u00e8 finito in testa ad una donna.","breadcrumb":{"@id":"https:\/\/newsvirali.it\/de\/2024\/05\/07\/das-traditionelle-werfen-der-vase-auf-korfu-endet-schwer-mit-dem-kopf-einer-frau\/#breadcrumb"},"inLanguage":"fr-FR","potentialAction":[{"@type":"ReadAction","target":["https:\/\/newsvirali.it\/de\/2024\/05\/07\/das-traditionelle-werfen-der-vase-auf-korfu-endet-schwer-mit-dem-kopf-einer-frau\/"]}]},{"@type":"ImageObject","inLanguage":"fr-FR","@id":"https:\/\/newsvirali.it\/de\/2024\/05\/07\/das-traditionelle-werfen-der-vase-auf-korfu-endet-schwer-mit-dem-kopf-einer-frau\/#primaryimage","url":"https:\/\/newsvirali.it\/wp-content\/uploads\/2024\/05\/Corfu-tradizionale-lancio-del-vaso-finisce-male-fracassato-in-testa-a-una-donna.jpg","contentUrl":"https:\/\/newsvirali.it\/wp-content\/uploads\/2024\/05\/Corfu-tradizionale-lancio-del-vaso-finisce-male-fracassato-in-testa-a-una-donna.jpg","width":600,"height":400,"caption":"Corf\u00f9, tradizionale lancio del vaso finisce male fracassato in testa a una donna"},{"@type":"BreadcrumbList","@id":"https:\/\/newsvirali.it\/de\/2024\/05\/07\/das-traditionelle-werfen-der-vase-auf-korfu-endet-schwer-mit-dem-kopf-einer-frau\/#breadcrumb","itemListElement":[{"@type":"ListItem","position":1,"name":"Home","item":"https:\/\/newsvirali.it\/fr\/"},{"@type":"ListItem","position":2,"name":"Corf\u00f9, tradizionale lancio del vaso finisce male: fracassato in testa a una donna"}]},{"@type":"WebSite","@id":"https:\/\/newsvirali.it\/fr\/#website","url":"https:\/\/newsvirali.it\/fr\/","name":"Bake News","description":"","potentialAction":[{"@type":"SearchAction","target":{"@type":"EntryPoint","urlTemplate":"https:\/\/newsvirali.it\/fr\/?s={search_term_string}"},"query-input":{"@type":"PropertyValueSpecification","valueRequired":true,"valueName":"search_term_string"}}],"inLanguage":"fr-FR"},{"@type":"Person","@id":"https:\/\/newsvirali.it\/fr\/#\/schema\/person\/4c835f7b49c9adb58b33901ee816565d","name":"Cecco Prestina","description":"Perch\u00e9 nasconderlo? Cecco Prestina \u00e8 un alias, ma dietro di lui non si cela un algoritmo di intelligenza artificiale. C'\u00e8 un giornalista che ha oltre vent'anni di esperienza tutta sul web. Da quando il primo modem ha iniziato a gracchiare sul territorio italiano con Video on Line, Cecco ha capito che da quel doppino sarebbe passato il futuro. Ha dedidicato tutta la sua carriera a capire Internet e poi i social e ora l'Ai. Una carriera in costante aggiornamento. E questa esperienza la mette in campo ogni giorno. Per\u00f2 ogni tanto Cecco ha voglia anche di non scrivere \"pipponi\" sulla politica, sull'economia. Ha voglia anche di scrivere qualcosa di divertente. Le notizie che trovate su Bake News sono le stesse che Cecco porta all'aperitivo con gli amici. Quelle di cui discutere per farsi due risate. Notizie, vere (qualche volta si fa fatica a crederlo), strane, divertenti, ma anche serie. Bake News \u00e8 nato per questo, dare al pubblico notizie croccanti e calde come il pane che esce dal forno. E Cecco Prestina \u00e8 nato con Bake News.","url":"https:\/\/newsvirali.it\/fr\/autore\/cecco-prestina\/"}]}},"_links":{"self":[{"href":"https:\/\/newsvirali.it\/fr\/wp-json\/wp\/v2\/posts\/26415","targetHints":{"allow":["GET"]}}],"collection":[{"href":"https:\/\/newsvirali.it\/fr\/wp-json\/wp\/v2\/posts"}],"about":[{"href":"https:\/\/newsvirali.it\/fr\/wp-json\/wp\/v2\/types\/post"}],"author":[{"embeddable":true,"href":"https:\/\/newsvirali.it\/fr\/wp-json\/wp\/v2\/users\/4"}],"replies":[{"embeddable":true,"href":"https:\/\/newsvirali.it\/fr\/wp-json\/wp\/v2\/comments?post=26415"}],"version-history":[{"count":3,"href":"https:\/\/newsvirali.it\/fr\/wp-json\/wp\/v2\/posts\/26415\/revisions"}],"predecessor-version":[{"id":26502,"href":"https:\/\/newsvirali.it\/fr\/wp-json\/wp\/v2\/posts\/26415\/revisions\/26502"}],"wp:featuredmedia":[{"embeddable":true,"href":"https:\/\/newsvirali.it\/fr\/wp-json\/wp\/v2\/media\/26436"}],"wp:attachment":[{"href":"https:\/\/newsvirali.it\/fr\/wp-json\/wp\/v2\/media?parent=26415"}],"wp:term":[{"taxonomy":"category","embeddable":true,"href":"https:\/\/newsvirali.it\/fr\/wp-json\/wp\/v2\/categories?post=26415"},{"taxonomy":"post_tag","embeddable":true,"href":"https:\/\/newsvirali.it\/fr\/wp-json\/wp\/v2\/tags?post=26415"}],"curies":[{"name":"wp","href":"https:\/\/api.w.org\/{rel}","templated":true}]}}