{"id":22428,"date":"2024-04-10T14:09:17","date_gmt":"2024-04-10T12:09:17","guid":{"rendered":"https:\/\/www.bakenews.it\/?p=22428"},"modified":"2024-04-10T14:09:18","modified_gmt":"2024-04-10T12:09:18","slug":"bimba-non-allacciata-a-seggiolino-cade-dal-finestrino-durante-curva-video-shock","status":"publish","type":"post","link":"https:\/\/newsvirali.it\/fr\/2024\/04\/10\/une-petite-fille-non-attachee-dans-un-siege-auto-tombe-par-la-fenetre-lors-dun-virage-video-choc\/","title":{"rendered":"Une petite fille non attach\u00e9e dans un si\u00e8ge auto tombe par la fen\u00eatre en prenant un virage : vid\u00e9o choquante"},"content":{"rendered":"<p>La police catalane a publi\u00e9 une vid\u00e9o choquante dans laquelle on peut voir une fillette de deux ans tomber de la vitre d&#039;une voiture en marche dans un virage. L&#039;accident a \u00e9t\u00e9 utilis\u00e9 pour encourager les parents \u00e0 utiliser correctement les si\u00e8ges pour enfants, car la m\u00e8re qui conduisait cette voiture n&#039;avait en fait pas attach\u00e9 son enfant. La vid\u00e9o a \u00e9t\u00e9 diffus\u00e9e sur les r\u00e9seaux sociaux de la police.<\/p>\n\n\n\n<p><strong>LIRE LES AUTRES NOUVELLES DU MONDE<\/strong><\/p>\n\n\n<ul class=\"wp-block-latest-posts__list wp-block-latest-posts\"><li><a class=\"wp-block-latest-posts__post-title\" href=\"https:\/\/newsvirali.it\/fr\/2026\/02\/12\/emma-amit-crabe-du-diable-mort\/\">La vlogueuse Emma Amit d\u00e9c\u00e8de apr\u00e8s avoir consomm\u00e9 du crabe du diable toxique<\/a><\/li>\n<li><a class=\"wp-block-latest-posts__post-title\" href=\"https:\/\/newsvirali.it\/fr\/2026\/02\/05\/suicide-des-trois-soeurs-en-inde\/\">Des parents confisquent les t\u00e9l\u00e9phones portables de trois s\u0153urs qui jouent excessivement aux jeux vid\u00e9o\u00a0: trois s\u0153urs se suicident<\/a><\/li>\n<li><a class=\"wp-block-latest-posts__post-title\" href=\"https:\/\/newsvirali.it\/fr\/2026\/01\/30\/arrestation-dans-un-complexe-hotelier-de-floride-pour-actes-obscenes\/\">Un h\u00f4tel de Floride fait sensation : un homme arr\u00eat\u00e9 pour exhibitionnisme avec un aspirateur<\/a><\/li>\n<li><a class=\"wp-block-latest-posts__post-title\" href=\"https:\/\/newsvirali.it\/fr\/2026\/01\/28\/un-pere-ivre-pend-son-fils-dans-une-video-choquante\/\">Un p\u00e8re ivre pend son fils par la fen\u00eatre : vid\u00e9o choquante<\/a><\/li>\n<li><a class=\"wp-block-latest-posts__post-title\" href=\"https:\/\/newsvirali.it\/fr\/2026\/01\/27\/une-enseignante-enceinte-et-un-eleve-de-13-ans\/\">Une enseignante admet \u00eatre tomb\u00e9e enceinte d&#039;un \u00e9l\u00e8ve de 13 ans<\/a><\/li>\n<\/ul>\n\n\n<h2 class=\"wp-block-heading\" id=\"h-bimba-cade-dal-finestrino-dell-auto-solo-ferita\">Une petite fille tombe de la vitre d&#039;une voiture : seulement bless\u00e9e<\/h2>\n\n\n\n<p>Dans les images, on voit la petite fille se pencher par la lunette arri\u00e8re avant de tomber la t\u00eate la premi\u00e8re et de heurter la route principale alors que la voiture continue d&#039;avancer. La police espagnole a partag\u00e9 la vid\u00e9o pour avertir les parents conduisant avec des enfants dans la voiture. \u00c9tonnamment, la petite fille n\u2019a subi que des blessures mineures lors de ce terrible accident.<\/p>\n\n\n\n<p>Un porte-parole de la police espagnole a d\u00e9clar\u00e9 : \u00ab Il est tout aussi important d&#039;avoir un syst\u00e8me de retenue pour enfants que de l&#039;utiliser. Ne pas le faire peut avoir des cons\u00e9quences tr\u00e8s graves. \u00bb La m\u00e8re de la petite fille, qui conduisait, ne l&#039;avait pas correctement attach\u00e9e avant de partir, selon les informations locales. La femme a \u00e9t\u00e9 signal\u00e9e aux autorit\u00e9s locales.<\/p>\n\n\n\n<h2 class=\"wp-block-heading\" id=\"h-il-video-girato-dall-auto-che-seguiva\">La vid\u00e9o tourn\u00e9e depuis la voiture qui suit<\/h2>\n\n\n\n<p>Le moment terrifiant de la chute de la petite fille a \u00e9t\u00e9 film\u00e9 par une cam\u00e9ra install\u00e9e sur le tableau de bord d&#039;une voiture derri\u00e8re celle dans laquelle elle voyageait. Un porte-parole de la police a confirm\u00e9 : &quot;Le conducteur a \u00e9t\u00e9 signal\u00e9 pour un d\u00e9lit pr\u00e9sum\u00e9 de blessure et pour une infraction administrative pour non-utilisation correcte du si\u00e8ge enfant.&quot;<\/p>\n\n\n\n<p>La s\u00e9curit\u00e9 routi\u00e8re des enfants est une priorit\u00e9 en Europe depuis des d\u00e9cennies. En 1981, le premier r\u00e8glement europ\u00e9en sur les syst\u00e8mes de retenue pour enfants a \u00e9t\u00e9 publi\u00e9, connu sous le nom d&#039;ECE R44. Cependant, les avanc\u00e9es technologiques ont conduit \u00e0 la cr\u00e9ation d&#039;une nouvelle r\u00e9glementation en 2013, la R129, avec des normes plus exigeantes et adapt\u00e9es aux besoins actuels.<\/p>\n\n\n\n<p><strong>ARTICLES LES PLUS LUS<\/strong><\/p>\n\n\n<p>[koko_analytics_most_viewed_posts number=5 days=8 post_type=\u201dpost\u201d show_date=\u201dfalse\u201d]<\/p>\n<br \/>Suivez-nous \u00e9galement sur Google News : <b><a href=\"https:\/\/news.google.com\/publications\/CAAqBwgKMNqJiwswjMfqAg?hl=it&gl=IT&ceid=IT:it\" target=\"_blank\">Cliquez ici<\/a><\/b>","protected":false},"excerpt":{"rendered":"<p>La police catalane a publi\u00e9 une vid\u00e9o choquante dans laquelle on voit une fillette de deux ans tomber du sol [...]<\/p>","protected":false},"author":4,"featured_media":22429,"comment_status":"open","ping_status":"open","sticky":false,"template":"","format":"standard","meta":{"MSN_Categories":"Uncategorized","MSN_Publish_Option":false,"MSN_Is_Local_News":false,"MSN_Is_AIAC_Included":"Empty","MSN_Location":"[]","MSN_Add_Feature_Img_On_Top_Of_Post":false,"MSN_Has_Custom_Author":false,"MSN_Custom_Author":"","MSN_Has_Custom_Canonical_Url":false,"MSN_Custom_Canonical_Url":"","footnotes":""},"categories":[464,9],"tags":[],"class_list":["post-22428","post","type-post","status-publish","format-standard","has-post-thumbnail","hentry","category-_tedesco","category-mondo"],"acf":[],"yoast_head":"<!-- This site is optimized with the Yoast SEO Premium plugin v26.7 (Yoast SEO v26.7) - https:\/\/yoast.com\/wordpress\/plugins\/seo\/ -->\n<title>Bimba non allacciata a seggiolino cade dal finestrino durante curva<\/title>\n<meta name=\"description\" content=\"La polizia catalana ha diffuso un video shock in cui si vede una bimba di due anni che cade dal finestrino di un&#039;auto in movimento.\" \/>\n<meta name=\"robots\" content=\"index, follow, max-snippet:-1, max-image-preview:large, max-video-preview:-1\" \/>\n<link rel=\"canonical\" href=\"https:\/\/newsvirali.it\/fr\/2024\/04\/10\/une-petite-fille-non-attachee-dans-un-siege-auto-tombe-par-la-fenetre-lors-dun-virage-video-choc\/\" \/>\n<meta property=\"og:locale\" content=\"fr_FR\" \/>\n<meta property=\"og:type\" content=\"article\" \/>\n<meta property=\"og:title\" content=\"Bimba non allacciata a seggiolino cade dal finestrino durante curva: video shock\" \/>\n<meta property=\"og:description\" content=\"La polizia catalana ha diffuso un video shock in cui si vede una bimba di due anni che cade dal finestrino di un&#039;auto in movimento.\" \/>\n<meta property=\"og:url\" content=\"https:\/\/newsvirali.it\/fr\/2024\/04\/10\/une-petite-fille-non-attachee-dans-un-siege-auto-tombe-par-la-fenetre-lors-dun-virage-video-choc\/\" \/>\n<meta property=\"og:site_name\" content=\"News virali\" \/>\n<meta property=\"article:published_time\" content=\"2024-04-10T12:09:17+00:00\" \/>\n<meta property=\"article:modified_time\" content=\"2024-04-10T12:09:18+00:00\" \/>\n<meta property=\"og:image\" content=\"https:\/\/newsvirali.it\/wp-content\/uploads\/2024\/04\/Bimba-non-allacciata-a-seggiolino-cade-dal-finestrino-durante-curva-video-shock-25.jpg\" \/>\n\t<meta property=\"og:image:width\" content=\"600\" \/>\n\t<meta property=\"og:image:height\" content=\"337\" \/>\n\t<meta property=\"og:image:type\" content=\"image\/jpeg\" \/>\n<meta name=\"author\" content=\"Cecco Prestina\" \/>\n<meta name=\"twitter:card\" content=\"summary_large_image\" \/>\n<meta name=\"twitter:label1\" content=\"\u00c9crit par\" \/>\n\t<meta name=\"twitter:data1\" content=\"Cecco Prestina\" \/>\n\t<meta name=\"twitter:label2\" content=\"Dur\u00e9e de lecture estim\u00e9e\" \/>\n\t<meta name=\"twitter:data2\" content=\"2 minutes\" \/>\n<script type=\"application\/ld+json\" class=\"yoast-schema-graph\">{\"@context\":\"https:\/\/schema.org\",\"@graph\":[{\"@type\":\"NewsArticle\",\"@id\":\"https:\/\/newsvirali.it\/fr\/2024\/04\/10\/une-petite-fille-non-attachee-dans-un-siege-auto-tombe-par-la-fenetre-lors-dun-virage-video-choc\/#article\",\"isPartOf\":{\"@id\":\"https:\/\/newsvirali.it\/fr\/2024\/04\/10\/une-petite-fille-non-attachee-dans-un-siege-auto-tombe-par-la-fenetre-lors-dun-virage-video-choc\/\"},\"author\":{\"name\":\"Cecco Prestina\",\"@id\":\"https:\/\/newsvirali.it\/fr\/#\/schema\/person\/4c835f7b49c9adb58b33901ee816565d\"},\"headline\":\"Bimba non allacciata a seggiolino cade dal finestrino durante curva: video shock\",\"datePublished\":\"2024-04-10T12:09:17+00:00\",\"dateModified\":\"2024-04-10T12:09:18+00:00\",\"mainEntityOfPage\":{\"@id\":\"https:\/\/newsvirali.it\/fr\/2024\/04\/10\/une-petite-fille-non-attachee-dans-un-siege-auto-tombe-par-la-fenetre-lors-dun-virage-video-choc\/\"},\"wordCount\":306,\"commentCount\":0,\"image\":{\"@id\":\"https:\/\/newsvirali.it\/fr\/2024\/04\/10\/une-petite-fille-non-attachee-dans-un-siege-auto-tombe-par-la-fenetre-lors-dun-virage-video-choc\/#primaryimage\"},\"thumbnailUrl\":\"https:\/\/newsvirali.it\/wp-content\/uploads\/2024\/04\/Bimba-non-allacciata-a-seggiolino-cade-dal-finestrino-durante-curva-video-shock-25.jpg\",\"articleSection\":[\"_tedesco\",\"Mondo\"],\"inLanguage\":\"fr-FR\",\"potentialAction\":[{\"@type\":\"CommentAction\",\"name\":\"Comment\",\"target\":[\"https:\/\/newsvirali.it\/fr\/2024\/04\/10\/une-petite-fille-non-attachee-dans-un-siege-auto-tombe-par-la-fenetre-lors-dun-virage-video-choc\/#respond\"]}],\"copyrightYear\":\"2024\",\"copyrightHolder\":{\"@id\":\"https:\/\/newsvirali.it\/fr\/#organization\"}},{\"@type\":\"WebPage\",\"@id\":\"https:\/\/newsvirali.it\/fr\/2024\/04\/10\/une-petite-fille-non-attachee-dans-un-siege-auto-tombe-par-la-fenetre-lors-dun-virage-video-choc\/\",\"url\":\"https:\/\/newsvirali.it\/fr\/2024\/04\/10\/une-petite-fille-non-attachee-dans-un-siege-auto-tombe-par-la-fenetre-lors-dun-virage-video-choc\/\",\"name\":\"Bimba non allacciata a seggiolino cade dal finestrino durante curva\",\"isPartOf\":{\"@id\":\"https:\/\/newsvirali.it\/fr\/#website\"},\"primaryImageOfPage\":{\"@id\":\"https:\/\/newsvirali.it\/fr\/2024\/04\/10\/une-petite-fille-non-attachee-dans-un-siege-auto-tombe-par-la-fenetre-lors-dun-virage-video-choc\/#primaryimage\"},\"image\":{\"@id\":\"https:\/\/newsvirali.it\/fr\/2024\/04\/10\/une-petite-fille-non-attachee-dans-un-siege-auto-tombe-par-la-fenetre-lors-dun-virage-video-choc\/#primaryimage\"},\"thumbnailUrl\":\"https:\/\/newsvirali.it\/wp-content\/uploads\/2024\/04\/Bimba-non-allacciata-a-seggiolino-cade-dal-finestrino-durante-curva-video-shock-25.jpg\",\"datePublished\":\"2024-04-10T12:09:17+00:00\",\"dateModified\":\"2024-04-10T12:09:18+00:00\",\"author\":{\"@id\":\"https:\/\/newsvirali.it\/fr\/#\/schema\/person\/4c835f7b49c9adb58b33901ee816565d\"},\"description\":\"La polizia catalana ha diffuso un video shock in cui si vede una bimba di due anni che cade dal finestrino di un'auto in movimento.\",\"breadcrumb\":{\"@id\":\"https:\/\/newsvirali.it\/fr\/2024\/04\/10\/une-petite-fille-non-attachee-dans-un-siege-auto-tombe-par-la-fenetre-lors-dun-virage-video-choc\/#breadcrumb\"},\"inLanguage\":\"fr-FR\",\"potentialAction\":[{\"@type\":\"ReadAction\",\"target\":[\"https:\/\/newsvirali.it\/fr\/2024\/04\/10\/une-petite-fille-non-attachee-dans-un-siege-auto-tombe-par-la-fenetre-lors-dun-virage-video-choc\/\"]}]},{\"@type\":\"ImageObject\",\"inLanguage\":\"fr-FR\",\"@id\":\"https:\/\/newsvirali.it\/fr\/2024\/04\/10\/une-petite-fille-non-attachee-dans-un-siege-auto-tombe-par-la-fenetre-lors-dun-virage-video-choc\/#primaryimage\",\"url\":\"https:\/\/newsvirali.it\/wp-content\/uploads\/2024\/04\/Bimba-non-allacciata-a-seggiolino-cade-dal-finestrino-durante-curva-video-shock-25.jpg\",\"contentUrl\":\"https:\/\/newsvirali.it\/wp-content\/uploads\/2024\/04\/Bimba-non-allacciata-a-seggiolino-cade-dal-finestrino-durante-curva-video-shock-25.jpg\",\"width\":600,\"height\":337,\"caption\":\"Bimba non allacciata a seggiolino cade dal finestrino durante curva: video shock\"},{\"@type\":\"BreadcrumbList\",\"@id\":\"https:\/\/newsvirali.it\/fr\/2024\/04\/10\/une-petite-fille-non-attachee-dans-un-siege-auto-tombe-par-la-fenetre-lors-dun-virage-video-choc\/#breadcrumb\",\"itemListElement\":[{\"@type\":\"ListItem\",\"position\":1,\"name\":\"Home\",\"item\":\"https:\/\/newsvirali.it\/fr\/\"},{\"@type\":\"ListItem\",\"position\":2,\"name\":\"Bimba non allacciata a seggiolino cade dal finestrino durante curva: video shock\"}]},{\"@type\":\"WebSite\",\"@id\":\"https:\/\/newsvirali.it\/fr\/#website\",\"url\":\"https:\/\/newsvirali.it\/fr\/\",\"name\":\"Bake News\",\"description\":\"\",\"potentialAction\":[{\"@type\":\"SearchAction\",\"target\":{\"@type\":\"EntryPoint\",\"urlTemplate\":\"https:\/\/newsvirali.it\/fr\/?s={search_term_string}\"},\"query-input\":{\"@type\":\"PropertyValueSpecification\",\"valueRequired\":true,\"valueName\":\"search_term_string\"}}],\"inLanguage\":\"fr-FR\"},{\"@type\":\"Person\",\"@id\":\"https:\/\/newsvirali.it\/fr\/#\/schema\/person\/4c835f7b49c9adb58b33901ee816565d\",\"name\":\"Cecco Prestina\",\"description\":\"Perch\u00e9 nasconderlo? Cecco Prestina \u00e8 un alias, ma dietro di lui non si cela un algoritmo di intelligenza artificiale. C'\u00e8 un giornalista che ha oltre vent'anni di esperienza tutta sul web. Da quando il primo modem ha iniziato a gracchiare sul territorio italiano con Video on Line, Cecco ha capito che da quel doppino sarebbe passato il futuro. Ha dedidicato tutta la sua carriera a capire Internet e poi i social e ora l'Ai. Una carriera in costante aggiornamento. E questa esperienza la mette in campo ogni giorno. Per\u00f2 ogni tanto Cecco ha voglia anche di non scrivere \\\"pipponi\\\" sulla politica, sull'economia. Ha voglia anche di scrivere qualcosa di divertente. Le notizie che trovate su Bake News sono le stesse che Cecco porta all'aperitivo con gli amici. Quelle di cui discutere per farsi due risate. Notizie, vere (qualche volta si fa fatica a crederlo), strane, divertenti, ma anche serie. Bake News \u00e8 nato per questo, dare al pubblico notizie croccanti e calde come il pane che esce dal forno. E Cecco Prestina \u00e8 nato con Bake News.\",\"url\":\"https:\/\/newsvirali.it\/fr\/autore\/cecco-prestina\/\"}]}<\/script>\n<!-- \/ Yoast SEO Premium plugin. -->","yoast_head_json":{"title":"Bimba non allacciata a seggiolino cade dal finestrino durante curva","description":"La polizia catalana ha diffuso un video shock in cui si vede una bimba di due anni che cade dal finestrino di un'auto in movimento.","robots":{"index":"index","follow":"follow","max-snippet":"max-snippet:-1","max-image-preview":"max-image-preview:large","max-video-preview":"max-video-preview:-1"},"canonical":"https:\/\/newsvirali.it\/fr\/2024\/04\/10\/une-petite-fille-non-attachee-dans-un-siege-auto-tombe-par-la-fenetre-lors-dun-virage-video-choc\/","og_locale":"fr_FR","og_type":"article","og_title":"Bimba non allacciata a seggiolino cade dal finestrino durante curva: video shock","og_description":"La polizia catalana ha diffuso un video shock in cui si vede una bimba di due anni che cade dal finestrino di un'auto in movimento.","og_url":"https:\/\/newsvirali.it\/fr\/2024\/04\/10\/une-petite-fille-non-attachee-dans-un-siege-auto-tombe-par-la-fenetre-lors-dun-virage-video-choc\/","og_site_name":"News virali","article_published_time":"2024-04-10T12:09:17+00:00","article_modified_time":"2024-04-10T12:09:18+00:00","og_image":[{"width":600,"height":337,"url":"https:\/\/newsvirali.it\/wp-content\/uploads\/2024\/04\/Bimba-non-allacciata-a-seggiolino-cade-dal-finestrino-durante-curva-video-shock-25.jpg","type":"image\/jpeg"}],"author":"Cecco Prestina","twitter_card":"summary_large_image","twitter_misc":{"\u00c9crit par":"Cecco Prestina","Dur\u00e9e de lecture estim\u00e9e":"2 minutes"},"schema":{"@context":"https:\/\/schema.org","@graph":[{"@type":"NewsArticle","@id":"https:\/\/newsvirali.it\/fr\/2024\/04\/10\/une-petite-fille-non-attachee-dans-un-siege-auto-tombe-par-la-fenetre-lors-dun-virage-video-choc\/#article","isPartOf":{"@id":"https:\/\/newsvirali.it\/fr\/2024\/04\/10\/une-petite-fille-non-attachee-dans-un-siege-auto-tombe-par-la-fenetre-lors-dun-virage-video-choc\/"},"author":{"name":"Cecco Prestina","@id":"https:\/\/newsvirali.it\/fr\/#\/schema\/person\/4c835f7b49c9adb58b33901ee816565d"},"headline":"Bimba non allacciata a seggiolino cade dal finestrino durante curva: video shock","datePublished":"2024-04-10T12:09:17+00:00","dateModified":"2024-04-10T12:09:18+00:00","mainEntityOfPage":{"@id":"https:\/\/newsvirali.it\/fr\/2024\/04\/10\/une-petite-fille-non-attachee-dans-un-siege-auto-tombe-par-la-fenetre-lors-dun-virage-video-choc\/"},"wordCount":306,"commentCount":0,"image":{"@id":"https:\/\/newsvirali.it\/fr\/2024\/04\/10\/une-petite-fille-non-attachee-dans-un-siege-auto-tombe-par-la-fenetre-lors-dun-virage-video-choc\/#primaryimage"},"thumbnailUrl":"https:\/\/newsvirali.it\/wp-content\/uploads\/2024\/04\/Bimba-non-allacciata-a-seggiolino-cade-dal-finestrino-durante-curva-video-shock-25.jpg","articleSection":["_tedesco","Mondo"],"inLanguage":"fr-FR","potentialAction":[{"@type":"CommentAction","name":"Comment","target":["https:\/\/newsvirali.it\/fr\/2024\/04\/10\/une-petite-fille-non-attachee-dans-un-siege-auto-tombe-par-la-fenetre-lors-dun-virage-video-choc\/#respond"]}],"copyrightYear":"2024","copyrightHolder":{"@id":"https:\/\/newsvirali.it\/fr\/#organization"}},{"@type":"WebPage","@id":"https:\/\/newsvirali.it\/fr\/2024\/04\/10\/une-petite-fille-non-attachee-dans-un-siege-auto-tombe-par-la-fenetre-lors-dun-virage-video-choc\/","url":"https:\/\/newsvirali.it\/fr\/2024\/04\/10\/une-petite-fille-non-attachee-dans-un-siege-auto-tombe-par-la-fenetre-lors-dun-virage-video-choc\/","name":"Bimba non allacciata a seggiolino cade dal finestrino durante curva","isPartOf":{"@id":"https:\/\/newsvirali.it\/fr\/#website"},"primaryImageOfPage":{"@id":"https:\/\/newsvirali.it\/fr\/2024\/04\/10\/une-petite-fille-non-attachee-dans-un-siege-auto-tombe-par-la-fenetre-lors-dun-virage-video-choc\/#primaryimage"},"image":{"@id":"https:\/\/newsvirali.it\/fr\/2024\/04\/10\/une-petite-fille-non-attachee-dans-un-siege-auto-tombe-par-la-fenetre-lors-dun-virage-video-choc\/#primaryimage"},"thumbnailUrl":"https:\/\/newsvirali.it\/wp-content\/uploads\/2024\/04\/Bimba-non-allacciata-a-seggiolino-cade-dal-finestrino-durante-curva-video-shock-25.jpg","datePublished":"2024-04-10T12:09:17+00:00","dateModified":"2024-04-10T12:09:18+00:00","author":{"@id":"https:\/\/newsvirali.it\/fr\/#\/schema\/person\/4c835f7b49c9adb58b33901ee816565d"},"description":"La polizia catalana ha diffuso un video shock in cui si vede una bimba di due anni che cade dal finestrino di un'auto in movimento.","breadcrumb":{"@id":"https:\/\/newsvirali.it\/fr\/2024\/04\/10\/une-petite-fille-non-attachee-dans-un-siege-auto-tombe-par-la-fenetre-lors-dun-virage-video-choc\/#breadcrumb"},"inLanguage":"fr-FR","potentialAction":[{"@type":"ReadAction","target":["https:\/\/newsvirali.it\/fr\/2024\/04\/10\/une-petite-fille-non-attachee-dans-un-siege-auto-tombe-par-la-fenetre-lors-dun-virage-video-choc\/"]}]},{"@type":"ImageObject","inLanguage":"fr-FR","@id":"https:\/\/newsvirali.it\/fr\/2024\/04\/10\/une-petite-fille-non-attachee-dans-un-siege-auto-tombe-par-la-fenetre-lors-dun-virage-video-choc\/#primaryimage","url":"https:\/\/newsvirali.it\/wp-content\/uploads\/2024\/04\/Bimba-non-allacciata-a-seggiolino-cade-dal-finestrino-durante-curva-video-shock-25.jpg","contentUrl":"https:\/\/newsvirali.it\/wp-content\/uploads\/2024\/04\/Bimba-non-allacciata-a-seggiolino-cade-dal-finestrino-durante-curva-video-shock-25.jpg","width":600,"height":337,"caption":"Bimba non allacciata a seggiolino cade dal finestrino durante curva: video shock"},{"@type":"BreadcrumbList","@id":"https:\/\/newsvirali.it\/fr\/2024\/04\/10\/une-petite-fille-non-attachee-dans-un-siege-auto-tombe-par-la-fenetre-lors-dun-virage-video-choc\/#breadcrumb","itemListElement":[{"@type":"ListItem","position":1,"name":"Home","item":"https:\/\/newsvirali.it\/fr\/"},{"@type":"ListItem","position":2,"name":"Bimba non allacciata a seggiolino cade dal finestrino durante curva: video shock"}]},{"@type":"WebSite","@id":"https:\/\/newsvirali.it\/fr\/#website","url":"https:\/\/newsvirali.it\/fr\/","name":"Bake News","description":"","potentialAction":[{"@type":"SearchAction","target":{"@type":"EntryPoint","urlTemplate":"https:\/\/newsvirali.it\/fr\/?s={search_term_string}"},"query-input":{"@type":"PropertyValueSpecification","valueRequired":true,"valueName":"search_term_string"}}],"inLanguage":"fr-FR"},{"@type":"Person","@id":"https:\/\/newsvirali.it\/fr\/#\/schema\/person\/4c835f7b49c9adb58b33901ee816565d","name":"Cecco Prestina","description":"Perch\u00e9 nasconderlo? Cecco Prestina \u00e8 un alias, ma dietro di lui non si cela un algoritmo di intelligenza artificiale. C'\u00e8 un giornalista che ha oltre vent'anni di esperienza tutta sul web. Da quando il primo modem ha iniziato a gracchiare sul territorio italiano con Video on Line, Cecco ha capito che da quel doppino sarebbe passato il futuro. Ha dedidicato tutta la sua carriera a capire Internet e poi i social e ora l'Ai. Una carriera in costante aggiornamento. E questa esperienza la mette in campo ogni giorno. Per\u00f2 ogni tanto Cecco ha voglia anche di non scrivere \"pipponi\" sulla politica, sull'economia. Ha voglia anche di scrivere qualcosa di divertente. Le notizie che trovate su Bake News sono le stesse che Cecco porta all'aperitivo con gli amici. Quelle di cui discutere per farsi due risate. Notizie, vere (qualche volta si fa fatica a crederlo), strane, divertenti, ma anche serie. Bake News \u00e8 nato per questo, dare al pubblico notizie croccanti e calde come il pane che esce dal forno. E Cecco Prestina \u00e8 nato con Bake News.","url":"https:\/\/newsvirali.it\/fr\/autore\/cecco-prestina\/"}]}},"_links":{"self":[{"href":"https:\/\/newsvirali.it\/fr\/wp-json\/wp\/v2\/posts\/22428","targetHints":{"allow":["GET"]}}],"collection":[{"href":"https:\/\/newsvirali.it\/fr\/wp-json\/wp\/v2\/posts"}],"about":[{"href":"https:\/\/newsvirali.it\/fr\/wp-json\/wp\/v2\/types\/post"}],"author":[{"embeddable":true,"href":"https:\/\/newsvirali.it\/fr\/wp-json\/wp\/v2\/users\/4"}],"replies":[{"embeddable":true,"href":"https:\/\/newsvirali.it\/fr\/wp-json\/wp\/v2\/comments?post=22428"}],"version-history":[{"count":4,"href":"https:\/\/newsvirali.it\/fr\/wp-json\/wp\/v2\/posts\/22428\/revisions"}],"predecessor-version":[{"id":22457,"href":"https:\/\/newsvirali.it\/fr\/wp-json\/wp\/v2\/posts\/22428\/revisions\/22457"}],"wp:featuredmedia":[{"embeddable":true,"href":"https:\/\/newsvirali.it\/fr\/wp-json\/wp\/v2\/media\/22429"}],"wp:attachment":[{"href":"https:\/\/newsvirali.it\/fr\/wp-json\/wp\/v2\/media?parent=22428"}],"wp:term":[{"taxonomy":"category","embeddable":true,"href":"https:\/\/newsvirali.it\/fr\/wp-json\/wp\/v2\/categories?post=22428"},{"taxonomy":"post_tag","embeddable":true,"href":"https:\/\/newsvirali.it\/fr\/wp-json\/wp\/v2\/tags?post=22428"}],"curies":[{"name":"wp","href":"https:\/\/api.w.org\/{rel}","templated":true}]}}