{"id":21922,"date":"2024-04-08T14:24:22","date_gmt":"2024-04-08T12:24:22","guid":{"rendered":"https:\/\/www.bakenews.it\/?p=21922"},"modified":"2024-04-08T14:27:11","modified_gmt":"2024-04-08T12:27:11","slug":"metro-nega-accesso-a-uomo-senza-braccia-dimentica-pass-e-non-puo-dimostrare-disabilita","status":"publish","type":"post","link":"https:\/\/newsvirali.it\/fr\/2024\/04\/08\/le-metro-refuse-lacces-a-un-homme-sans-bras-oublie-son-laissez-passer-et-ne-peut-pas-prouver-son-handicap\/","title":{"rendered":"Metro refuse l&#039;acc\u00e8s \u00e0 un homme sans bras : il oublie son laissez-passer et ne peut pas prouver son handicap"},"content":{"rendered":"<p>La nouvelle d&#039;un homme sans bras qui n&#039;a pas pu prendre le m\u00e9tro gratuitement parce qu&#039;il ne disposait pas d&#039;un abonnement certifiant son handicap fait sensation en Chine. Le personnel de la gare a demand\u00e9 \u00e0 un homme sans bras de prouver qu&#039;il \u00e9tait handicap\u00e9 afin de pouvoir voyager gratuitement. Li Fengqiang a publi\u00e9 sur son compte Douyin une vid\u00e9o de son exp\u00e9rience en entrant dans une station de m\u00e9tro \u00e0 Wuhan, dans la province chinoise du Hubei, d\u00e9clenchant une vague de commentaires indign\u00e9s \u00e0 l&#039;\u00e9gard de la compagnie ferroviaire.<\/p>\n\n\n\n<p><strong>LIRE AUSSI<\/strong><\/p>\n\n\n<ul class=\"wp-block-latest-posts__list wp-block-latest-posts\"><li><a class=\"wp-block-latest-posts__post-title\" href=\"https:\/\/newsvirali.it\/fr\/2026\/02\/12\/emma-amit-crabe-du-diable-mort\/\">La vlogueuse Emma Amit d\u00e9c\u00e8de apr\u00e8s avoir consomm\u00e9 du crabe du diable toxique<\/a><\/li>\n<li><a class=\"wp-block-latest-posts__post-title\" href=\"https:\/\/newsvirali.it\/fr\/2026\/02\/11\/les-penalites-pour-les-costumes-des-jeux-olympiques-de-2026-souvrent\/\">Milan-Cortina 2026\u00a0: Ouverture du costume en comp\u00e9tition\u00a0: la patineuse \u00e9vite la p\u00e9nalit\u00e9<\/a><\/li>\n<li><a class=\"wp-block-latest-posts__post-title\" href=\"https:\/\/newsvirali.it\/fr\/2026\/02\/09\/panne-de-courant-flying-pig-en-chine\/\">Un cochon volant provoque une panne de courant\u00a0: d\u00e9couvrez cette histoire incroyable (et ce n\u2019est pas de l\u2019IA).<\/a><\/li>\n<li><a class=\"wp-block-latest-posts__post-title\" href=\"https:\/\/newsvirali.it\/fr\/2026\/02\/05\/suicide-des-trois-soeurs-en-inde\/\">Des parents confisquent les t\u00e9l\u00e9phones portables de trois s\u0153urs qui jouent excessivement aux jeux vid\u00e9o\u00a0: trois s\u0153urs se suicident<\/a><\/li>\n<li><a class=\"wp-block-latest-posts__post-title\" href=\"https:\/\/newsvirali.it\/fr\/2026\/02\/04\/strategie-xai-de-spacex-centres-de-donnees-spatiaux-de-musk\/\">Ce n&#039;est pas une fusion\u00a0: le v\u00e9ritable plan de Musk derri\u00e8re SpaceX et xAI<\/a><\/li>\n<\/ul>\n\n\n<h2 class=\"wp-block-heading\" id=\"h-non-e-stato-in-grado-di-dimostrare-la-disabilita\">Il n&#039;a pas pu prouver son handicap<\/h2>\n\n\n\n<p>Dans la vid\u00e9o, on peut voir un membre du personnel lui dire de pr\u00e9senter sa carte d&#039;invalidit\u00e9 d\u00e9livr\u00e9e par le gouvernement pour pouvoir voyager gratuitement dans les transports publics. Li Fengqiang avait oubli\u00e9 sa carte d&#039;identit\u00e9 et affirmait qu&#039;il n&#039;avait pas besoin de pr\u00e9senter de preuve, mais le personnel \u00e9tait au contraire tr\u00e8s strict avec les r\u00e8gles. Il faut dire que le conducteur a propos\u00e9 de payer le billet \u00e0 la place de Li mais l&#039;homme, par principe, a refus\u00e9 et l&#039;a pay\u00e9 lui-m\u00eame.<\/p>\n\n\n\n<h2 class=\"wp-block-heading\" id=\"h-il-video-per-chiedere-regole-piu-umane\">La vid\u00e9o pour demander \u00ab des r\u00e8gles plus humaines \u00bb<\/h2>\n\n\n\n<p>Au cours des 24 heures suivantes, apr\u00e8s une vague de commentaires sur la vid\u00e9o, le m\u00e9tro de Wuhan s&#039;est excus\u00e9, affirmant que le membre du personnel avait \u00e9t\u00e9 inconsid\u00e9r\u00e9 et s&#039;est engag\u00e9 \u00e0 prot\u00e9ger le droit des personnes handicap\u00e9es de voyager sans barri\u00e8res \u00e0 l&#039;avenir. Les commentateurs ont en partie d\u00e9fendu le contr\u00f4leur en affirmant que la faute incombait aux r\u00e8gles strictes de l&#039;entreprise de transport et non au personnel. &quot;Le personnel et l&#039;homme sans bras ont \u00e9t\u00e9 victimes de r\u00e8gles hostiles&quot;, a d\u00e9clar\u00e9 un navigateur Weibo. Li a d\u00e9clar\u00e9 qu&#039;il n&#039;avait pas publi\u00e9 la vid\u00e9o pour bl\u00e2mer le personnel, mais pour appeler \u00e0 un environnement \u00ab plus humain \u00bb pour les personnes handicap\u00e9es.<\/p>\n\n\n\n<figure class=\"wp-block-embed is-type-video is-provider-youtube wp-block-embed-youtube wp-embed-aspect-16-9 wp-has-aspect-ratio\"><div class=\"wp-block-embed__wrapper\">\n<iframe loading=\"lazy\" title=\"\u65e0\u81c2\u7537\u5b50\u514d\u8d39\u4e58\u5730\u94c1\u88ab\u8981\u6c42\u51fa\u793a\u6b8b\u75be\u8bc1 \u5730\u94c1\uff1a\u89c4\u5b9a\u5fc5\u987b\u51fa\u793a\u8bc1\u4ef6\u6838\" width=\"500\" height=\"281\" src=\"https:\/\/www.youtube.com\/embed\/qHYqr-MANWs?feature=oembed\" frameborder=\"0\" allow=\"accelerometer; autoplay; clipboard-write; encrypted-media; gyroscope; picture-in-picture; web-share\" referrerpolicy=\"strict-origin-when-cross-origin\" allowfullscreen><\/iframe>\n<\/div><\/figure>\n\n\n\n<p>\u00ab De nombreuses personnes handicap\u00e9es ont souvent du mal \u00e0 trouver le courage de quitter leur domicile. Une r\u00e8gle hostile comme celle-ci pourrait facilement les dissuader de sortir \u00bb, a-t-il d\u00e9clar\u00e9. Athl\u00e8te de natation handicap\u00e9 et propri\u00e9taire d&#039;une entreprise de piscines, Li a d\u00e9clar\u00e9 que 70% du personnel employ\u00e9 dans son entreprise \u00e9taient handicap\u00e9s et qu&#039;il savait \u00e0 quel point ils rencontraient des difficult\u00e9s pour voyager chaque jour. Selon un rapport r\u00e9alis\u00e9 conjointement par la F\u00e9d\u00e9ration chinoise des personnes handicap\u00e9es et l&#039;Association chinoise des consommateurs en 2017, il existe moins de 40,61 installations TP3T sans obstacle en Chine. Les structures existantes manquent \u00e9galement d\u2019entretien.<\/p>\n\n\n\n<h2 class=\"wp-block-heading\" id=\"h-le-regole-in-cina-sui-disabili\">Les r\u00e8gles en Chine sur les personnes handicap\u00e9es<\/h2>\n\n\n\n<p>Selon le gouvernement, la Chine compte plus de 85 millions de personnes handicap\u00e9es. On estime que ce nombre atteindra 250 millions d&#039;ici 2050. Le pays a officiellement mis en \u0153uvre la loi sur la cr\u00e9ation d&#039;un environnement sans obstacles en septembre 2023, promettant de cr\u00e9er un environnement plus inclusif. La loi pr\u00e9cise les exigences relatives \u00e0 la construction d&#039;installations accessibles et \u00e0 l&#039;application d&#039;\u00e9changes d&#039;informations accessibles, ainsi que de services sociaux.<\/p>\n\n\n\n<p><strong>ARTICLES LES PLUS LUS<\/strong><\/p>\n\n\n<p>[koko_analytics_most_viewed_posts number=5 days=8 post_type=\u201dpost\u201d show_date=\u201dfalse\u201d]<\/p>\n<br \/>Suivez-nous \u00e9galement sur Google News : <b><a href=\"https:\/\/news.google.com\/publications\/CAAqBwgKMNqJiwswjMfqAg?hl=it&gl=IT&ceid=IT:it\" target=\"_blank\">Cliquez ici<\/a><\/b>","protected":false},"excerpt":{"rendered":"<p>La nouvelle d&#039;un homme sans bras qui n&#039;a pas pu prendre le m\u00e9tro gratuitement fait sensation en Chine [...]<\/p>","protected":false},"author":4,"featured_media":21934,"comment_status":"open","ping_status":"open","sticky":false,"template":"","format":"standard","meta":{"MSN_Categories":"Uncategorized","MSN_Publish_Option":false,"MSN_Is_Local_News":false,"MSN_Is_AIAC_Included":"Empty","MSN_Location":"[]","MSN_Add_Feature_Img_On_Top_Of_Post":false,"MSN_Has_Custom_Author":false,"MSN_Custom_Author":"","MSN_Has_Custom_Canonical_Url":false,"MSN_Custom_Canonical_Url":"","footnotes":""},"categories":[463,464,9],"tags":[],"class_list":["post-21922","post","type-post","status-publish","format-standard","has-post-thumbnail","hentry","category-_spagnolo","category-_tedesco","category-mondo"],"acf":[],"yoast_head":"<!-- This site is optimized with the Yoast SEO Premium plugin v26.7 (Yoast SEO v26.7) - https:\/\/yoast.com\/wordpress\/plugins\/seo\/ -->\n<title>Metro nega accesso a uomo senza braccia: dimentica pass e non pu\u00f2 dimostrare disabilit\u00e0<\/title>\n<meta name=\"description\" content=\"Fa scalpore la notizia di un uomo senza braccia che non ha potuto viaggiare in metro gratis perch\u00e9 sprovviso dell&#039;abbonamento disabili.\" \/>\n<meta name=\"robots\" content=\"index, follow, max-snippet:-1, max-image-preview:large, max-video-preview:-1\" \/>\n<link rel=\"canonical\" href=\"https:\/\/newsvirali.it\/fr\/2024\/04\/08\/metro-niega-acceso-a-hombre-sin-brazos-olvida-pase-y-no-puede-acreditar-discapacidad\/\" \/>\n<meta property=\"og:locale\" content=\"fr_FR\" \/>\n<meta property=\"og:type\" content=\"article\" \/>\n<meta property=\"og:title\" content=\"Metro nega accesso a uomo senza braccia: dimentica pass e non pu\u00f2 dimostrare disabilit\u00e0\" \/>\n<meta property=\"og:description\" content=\"Fa scalpore la notizia di un uomo senza braccia che non ha potuto viaggiare in metro gratis perch\u00e9 sprovviso dell&#039;abbonamento disabili.\" \/>\n<meta property=\"og:url\" content=\"https:\/\/newsvirali.it\/fr\/2024\/04\/08\/metro-niega-acceso-a-hombre-sin-brazos-olvida-pase-y-no-puede-acreditar-discapacidad\/\" \/>\n<meta property=\"og:site_name\" content=\"News virali\" \/>\n<meta property=\"article:published_time\" content=\"2024-04-08T12:24:22+00:00\" \/>\n<meta property=\"article:modified_time\" content=\"2024-04-08T12:27:11+00:00\" \/>\n<meta property=\"og:image\" content=\"https:\/\/newsvirali.it\/wp-content\/uploads\/2024\/04\/Metro-nega-accesso-a-uomo-senza-braccia-dimentica-pass-e-non-puo-dimostrare-disabilita-12.jpg\" \/>\n\t<meta property=\"og:image:width\" content=\"600\" \/>\n\t<meta property=\"og:image:height\" content=\"337\" \/>\n\t<meta property=\"og:image:type\" content=\"image\/jpeg\" \/>\n<meta name=\"author\" content=\"Cecco Prestina\" \/>\n<meta name=\"twitter:card\" content=\"summary_large_image\" \/>\n<meta name=\"twitter:label1\" content=\"\u00c9crit par\" \/>\n\t<meta name=\"twitter:data1\" content=\"Cecco Prestina\" \/>\n\t<meta name=\"twitter:label2\" content=\"Dur\u00e9e de lecture estim\u00e9e\" \/>\n\t<meta name=\"twitter:data2\" content=\"3 minutes\" \/>\n<script type=\"application\/ld+json\" class=\"yoast-schema-graph\">{\"@context\":\"https:\/\/schema.org\",\"@graph\":[{\"@type\":\"NewsArticle\",\"@id\":\"https:\/\/newsvirali.it\/es\/2024\/04\/08\/metro-niega-acceso-a-hombre-sin-brazos-olvida-pase-y-no-puede-acreditar-discapacidad\/#article\",\"isPartOf\":{\"@id\":\"https:\/\/newsvirali.it\/es\/2024\/04\/08\/metro-niega-acceso-a-hombre-sin-brazos-olvida-pase-y-no-puede-acreditar-discapacidad\/\"},\"author\":{\"name\":\"Cecco Prestina\",\"@id\":\"https:\/\/newsvirali.it\/fr\/#\/schema\/person\/4c835f7b49c9adb58b33901ee816565d\"},\"headline\":\"Metro nega accesso a uomo senza braccia: dimentica pass e non pu\u00f2 dimostrare disabilit\u00e0\",\"datePublished\":\"2024-04-08T12:24:22+00:00\",\"dateModified\":\"2024-04-08T12:27:11+00:00\",\"mainEntityOfPage\":{\"@id\":\"https:\/\/newsvirali.it\/es\/2024\/04\/08\/metro-niega-acceso-a-hombre-sin-brazos-olvida-pase-y-no-puede-acreditar-discapacidad\/\"},\"wordCount\":490,\"commentCount\":0,\"image\":{\"@id\":\"https:\/\/newsvirali.it\/es\/2024\/04\/08\/metro-niega-acceso-a-hombre-sin-brazos-olvida-pase-y-no-puede-acreditar-discapacidad\/#primaryimage\"},\"thumbnailUrl\":\"https:\/\/newsvirali.it\/wp-content\/uploads\/2024\/04\/Metro-nega-accesso-a-uomo-senza-braccia-dimentica-pass-e-non-puo-dimostrare-disabilita-12.jpg\",\"articleSection\":[\"_spagnolo\",\"_tedesco\",\"Mondo\"],\"inLanguage\":\"fr-FR\",\"potentialAction\":[{\"@type\":\"CommentAction\",\"name\":\"Comment\",\"target\":[\"https:\/\/newsvirali.it\/es\/2024\/04\/08\/metro-niega-acceso-a-hombre-sin-brazos-olvida-pase-y-no-puede-acreditar-discapacidad\/#respond\"]}],\"copyrightYear\":\"2024\",\"copyrightHolder\":{\"@id\":\"https:\/\/newsvirali.it\/fr\/#organization\"}},{\"@type\":\"WebPage\",\"@id\":\"https:\/\/newsvirali.it\/es\/2024\/04\/08\/metro-niega-acceso-a-hombre-sin-brazos-olvida-pase-y-no-puede-acreditar-discapacidad\/\",\"url\":\"https:\/\/newsvirali.it\/es\/2024\/04\/08\/metro-niega-acceso-a-hombre-sin-brazos-olvida-pase-y-no-puede-acreditar-discapacidad\/\",\"name\":\"Metro nega accesso a uomo senza braccia: dimentica pass e non pu\u00f2 dimostrare disabilit\u00e0\",\"isPartOf\":{\"@id\":\"https:\/\/newsvirali.it\/fr\/#website\"},\"primaryImageOfPage\":{\"@id\":\"https:\/\/newsvirali.it\/es\/2024\/04\/08\/metro-niega-acceso-a-hombre-sin-brazos-olvida-pase-y-no-puede-acreditar-discapacidad\/#primaryimage\"},\"image\":{\"@id\":\"https:\/\/newsvirali.it\/es\/2024\/04\/08\/metro-niega-acceso-a-hombre-sin-brazos-olvida-pase-y-no-puede-acreditar-discapacidad\/#primaryimage\"},\"thumbnailUrl\":\"https:\/\/newsvirali.it\/wp-content\/uploads\/2024\/04\/Metro-nega-accesso-a-uomo-senza-braccia-dimentica-pass-e-non-puo-dimostrare-disabilita-12.jpg\",\"datePublished\":\"2024-04-08T12:24:22+00:00\",\"dateModified\":\"2024-04-08T12:27:11+00:00\",\"author\":{\"@id\":\"https:\/\/newsvirali.it\/fr\/#\/schema\/person\/4c835f7b49c9adb58b33901ee816565d\"},\"description\":\"Fa scalpore la notizia di un uomo senza braccia che non ha potuto viaggiare in metro gratis perch\u00e9 sprovviso dell'abbonamento disabili.\",\"breadcrumb\":{\"@id\":\"https:\/\/newsvirali.it\/es\/2024\/04\/08\/metro-niega-acceso-a-hombre-sin-brazos-olvida-pase-y-no-puede-acreditar-discapacidad\/#breadcrumb\"},\"inLanguage\":\"fr-FR\",\"potentialAction\":[{\"@type\":\"ReadAction\",\"target\":[\"https:\/\/newsvirali.it\/es\/2024\/04\/08\/metro-niega-acceso-a-hombre-sin-brazos-olvida-pase-y-no-puede-acreditar-discapacidad\/\"]}]},{\"@type\":\"ImageObject\",\"inLanguage\":\"fr-FR\",\"@id\":\"https:\/\/newsvirali.it\/es\/2024\/04\/08\/metro-niega-acceso-a-hombre-sin-brazos-olvida-pase-y-no-puede-acreditar-discapacidad\/#primaryimage\",\"url\":\"https:\/\/newsvirali.it\/wp-content\/uploads\/2024\/04\/Metro-nega-accesso-a-uomo-senza-braccia-dimentica-pass-e-non-puo-dimostrare-disabilita-12.jpg\",\"contentUrl\":\"https:\/\/newsvirali.it\/wp-content\/uploads\/2024\/04\/Metro-nega-accesso-a-uomo-senza-braccia-dimentica-pass-e-non-puo-dimostrare-disabilita-12.jpg\",\"width\":600,\"height\":337,\"caption\":\"Metro nega accesso a uomo senza braccia: dimentica pass e non pu\u00f2 dimostrare disabilit\u00e0\"},{\"@type\":\"BreadcrumbList\",\"@id\":\"https:\/\/newsvirali.it\/es\/2024\/04\/08\/metro-niega-acceso-a-hombre-sin-brazos-olvida-pase-y-no-puede-acreditar-discapacidad\/#breadcrumb\",\"itemListElement\":[{\"@type\":\"ListItem\",\"position\":1,\"name\":\"Home\",\"item\":\"https:\/\/newsvirali.it\/fr\/\"},{\"@type\":\"ListItem\",\"position\":2,\"name\":\"Metro nega accesso a uomo senza braccia: dimentica pass e non pu\u00f2 dimostrare disabilit\u00e0\"}]},{\"@type\":\"WebSite\",\"@id\":\"https:\/\/newsvirali.it\/fr\/#website\",\"url\":\"https:\/\/newsvirali.it\/fr\/\",\"name\":\"Bake News\",\"description\":\"\",\"potentialAction\":[{\"@type\":\"SearchAction\",\"target\":{\"@type\":\"EntryPoint\",\"urlTemplate\":\"https:\/\/newsvirali.it\/fr\/?s={search_term_string}\"},\"query-input\":{\"@type\":\"PropertyValueSpecification\",\"valueRequired\":true,\"valueName\":\"search_term_string\"}}],\"inLanguage\":\"fr-FR\"},{\"@type\":\"Person\",\"@id\":\"https:\/\/newsvirali.it\/fr\/#\/schema\/person\/4c835f7b49c9adb58b33901ee816565d\",\"name\":\"Cecco Prestina\",\"description\":\"Perch\u00e9 nasconderlo? Cecco Prestina \u00e8 un alias, ma dietro di lui non si cela un algoritmo di intelligenza artificiale. C'\u00e8 un giornalista che ha oltre vent'anni di esperienza tutta sul web. Da quando il primo modem ha iniziato a gracchiare sul territorio italiano con Video on Line, Cecco ha capito che da quel doppino sarebbe passato il futuro. Ha dedidicato tutta la sua carriera a capire Internet e poi i social e ora l'Ai. Una carriera in costante aggiornamento. E questa esperienza la mette in campo ogni giorno. Per\u00f2 ogni tanto Cecco ha voglia anche di non scrivere \\\"pipponi\\\" sulla politica, sull'economia. Ha voglia anche di scrivere qualcosa di divertente. Le notizie che trovate su Bake News sono le stesse che Cecco porta all'aperitivo con gli amici. Quelle di cui discutere per farsi due risate. Notizie, vere (qualche volta si fa fatica a crederlo), strane, divertenti, ma anche serie. Bake News \u00e8 nato per questo, dare al pubblico notizie croccanti e calde come il pane che esce dal forno. E Cecco Prestina \u00e8 nato con Bake News.\",\"url\":\"https:\/\/newsvirali.it\/fr\/autore\/cecco-prestina\/\"}]}<\/script>\n<!-- \/ Yoast SEO Premium plugin. -->","yoast_head_json":{"title":"Metro nega accesso a uomo senza braccia: dimentica pass e non pu\u00f2 dimostrare disabilit\u00e0","description":"Fa scalpore la notizia di un uomo senza braccia che non ha potuto viaggiare in metro gratis perch\u00e9 sprovviso dell'abbonamento disabili.","robots":{"index":"index","follow":"follow","max-snippet":"max-snippet:-1","max-image-preview":"max-image-preview:large","max-video-preview":"max-video-preview:-1"},"canonical":"https:\/\/newsvirali.it\/fr\/2024\/04\/08\/metro-niega-acceso-a-hombre-sin-brazos-olvida-pase-y-no-puede-acreditar-discapacidad\/","og_locale":"fr_FR","og_type":"article","og_title":"Metro nega accesso a uomo senza braccia: dimentica pass e non pu\u00f2 dimostrare disabilit\u00e0","og_description":"Fa scalpore la notizia di un uomo senza braccia che non ha potuto viaggiare in metro gratis perch\u00e9 sprovviso dell'abbonamento disabili.","og_url":"https:\/\/newsvirali.it\/fr\/2024\/04\/08\/metro-niega-acceso-a-hombre-sin-brazos-olvida-pase-y-no-puede-acreditar-discapacidad\/","og_site_name":"News virali","article_published_time":"2024-04-08T12:24:22+00:00","article_modified_time":"2024-04-08T12:27:11+00:00","og_image":[{"width":600,"height":337,"url":"https:\/\/newsvirali.it\/wp-content\/uploads\/2024\/04\/Metro-nega-accesso-a-uomo-senza-braccia-dimentica-pass-e-non-puo-dimostrare-disabilita-12.jpg","type":"image\/jpeg"}],"author":"Cecco Prestina","twitter_card":"summary_large_image","twitter_misc":{"\u00c9crit par":"Cecco Prestina","Dur\u00e9e de lecture estim\u00e9e":"3 minutes"},"schema":{"@context":"https:\/\/schema.org","@graph":[{"@type":"NewsArticle","@id":"https:\/\/newsvirali.it\/es\/2024\/04\/08\/metro-niega-acceso-a-hombre-sin-brazos-olvida-pase-y-no-puede-acreditar-discapacidad\/#article","isPartOf":{"@id":"https:\/\/newsvirali.it\/es\/2024\/04\/08\/metro-niega-acceso-a-hombre-sin-brazos-olvida-pase-y-no-puede-acreditar-discapacidad\/"},"author":{"name":"Cecco Prestina","@id":"https:\/\/newsvirali.it\/fr\/#\/schema\/person\/4c835f7b49c9adb58b33901ee816565d"},"headline":"Metro nega accesso a uomo senza braccia: dimentica pass e non pu\u00f2 dimostrare disabilit\u00e0","datePublished":"2024-04-08T12:24:22+00:00","dateModified":"2024-04-08T12:27:11+00:00","mainEntityOfPage":{"@id":"https:\/\/newsvirali.it\/es\/2024\/04\/08\/metro-niega-acceso-a-hombre-sin-brazos-olvida-pase-y-no-puede-acreditar-discapacidad\/"},"wordCount":490,"commentCount":0,"image":{"@id":"https:\/\/newsvirali.it\/es\/2024\/04\/08\/metro-niega-acceso-a-hombre-sin-brazos-olvida-pase-y-no-puede-acreditar-discapacidad\/#primaryimage"},"thumbnailUrl":"https:\/\/newsvirali.it\/wp-content\/uploads\/2024\/04\/Metro-nega-accesso-a-uomo-senza-braccia-dimentica-pass-e-non-puo-dimostrare-disabilita-12.jpg","articleSection":["_spagnolo","_tedesco","Mondo"],"inLanguage":"fr-FR","potentialAction":[{"@type":"CommentAction","name":"Comment","target":["https:\/\/newsvirali.it\/es\/2024\/04\/08\/metro-niega-acceso-a-hombre-sin-brazos-olvida-pase-y-no-puede-acreditar-discapacidad\/#respond"]}],"copyrightYear":"2024","copyrightHolder":{"@id":"https:\/\/newsvirali.it\/fr\/#organization"}},{"@type":"WebPage","@id":"https:\/\/newsvirali.it\/es\/2024\/04\/08\/metro-niega-acceso-a-hombre-sin-brazos-olvida-pase-y-no-puede-acreditar-discapacidad\/","url":"https:\/\/newsvirali.it\/es\/2024\/04\/08\/metro-niega-acceso-a-hombre-sin-brazos-olvida-pase-y-no-puede-acreditar-discapacidad\/","name":"Metro nega accesso a uomo senza braccia: dimentica pass e non pu\u00f2 dimostrare disabilit\u00e0","isPartOf":{"@id":"https:\/\/newsvirali.it\/fr\/#website"},"primaryImageOfPage":{"@id":"https:\/\/newsvirali.it\/es\/2024\/04\/08\/metro-niega-acceso-a-hombre-sin-brazos-olvida-pase-y-no-puede-acreditar-discapacidad\/#primaryimage"},"image":{"@id":"https:\/\/newsvirali.it\/es\/2024\/04\/08\/metro-niega-acceso-a-hombre-sin-brazos-olvida-pase-y-no-puede-acreditar-discapacidad\/#primaryimage"},"thumbnailUrl":"https:\/\/newsvirali.it\/wp-content\/uploads\/2024\/04\/Metro-nega-accesso-a-uomo-senza-braccia-dimentica-pass-e-non-puo-dimostrare-disabilita-12.jpg","datePublished":"2024-04-08T12:24:22+00:00","dateModified":"2024-04-08T12:27:11+00:00","author":{"@id":"https:\/\/newsvirali.it\/fr\/#\/schema\/person\/4c835f7b49c9adb58b33901ee816565d"},"description":"Fa scalpore la notizia di un uomo senza braccia che non ha potuto viaggiare in metro gratis perch\u00e9 sprovviso dell'abbonamento disabili.","breadcrumb":{"@id":"https:\/\/newsvirali.it\/es\/2024\/04\/08\/metro-niega-acceso-a-hombre-sin-brazos-olvida-pase-y-no-puede-acreditar-discapacidad\/#breadcrumb"},"inLanguage":"fr-FR","potentialAction":[{"@type":"ReadAction","target":["https:\/\/newsvirali.it\/es\/2024\/04\/08\/metro-niega-acceso-a-hombre-sin-brazos-olvida-pase-y-no-puede-acreditar-discapacidad\/"]}]},{"@type":"ImageObject","inLanguage":"fr-FR","@id":"https:\/\/newsvirali.it\/es\/2024\/04\/08\/metro-niega-acceso-a-hombre-sin-brazos-olvida-pase-y-no-puede-acreditar-discapacidad\/#primaryimage","url":"https:\/\/newsvirali.it\/wp-content\/uploads\/2024\/04\/Metro-nega-accesso-a-uomo-senza-braccia-dimentica-pass-e-non-puo-dimostrare-disabilita-12.jpg","contentUrl":"https:\/\/newsvirali.it\/wp-content\/uploads\/2024\/04\/Metro-nega-accesso-a-uomo-senza-braccia-dimentica-pass-e-non-puo-dimostrare-disabilita-12.jpg","width":600,"height":337,"caption":"Metro nega accesso a uomo senza braccia: dimentica pass e non pu\u00f2 dimostrare disabilit\u00e0"},{"@type":"BreadcrumbList","@id":"https:\/\/newsvirali.it\/es\/2024\/04\/08\/metro-niega-acceso-a-hombre-sin-brazos-olvida-pase-y-no-puede-acreditar-discapacidad\/#breadcrumb","itemListElement":[{"@type":"ListItem","position":1,"name":"Home","item":"https:\/\/newsvirali.it\/fr\/"},{"@type":"ListItem","position":2,"name":"Metro nega accesso a uomo senza braccia: dimentica pass e non pu\u00f2 dimostrare disabilit\u00e0"}]},{"@type":"WebSite","@id":"https:\/\/newsvirali.it\/fr\/#website","url":"https:\/\/newsvirali.it\/fr\/","name":"Bake News","description":"","potentialAction":[{"@type":"SearchAction","target":{"@type":"EntryPoint","urlTemplate":"https:\/\/newsvirali.it\/fr\/?s={search_term_string}"},"query-input":{"@type":"PropertyValueSpecification","valueRequired":true,"valueName":"search_term_string"}}],"inLanguage":"fr-FR"},{"@type":"Person","@id":"https:\/\/newsvirali.it\/fr\/#\/schema\/person\/4c835f7b49c9adb58b33901ee816565d","name":"Cecco Prestina","description":"Perch\u00e9 nasconderlo? Cecco Prestina \u00e8 un alias, ma dietro di lui non si cela un algoritmo di intelligenza artificiale. C'\u00e8 un giornalista che ha oltre vent'anni di esperienza tutta sul web. Da quando il primo modem ha iniziato a gracchiare sul territorio italiano con Video on Line, Cecco ha capito che da quel doppino sarebbe passato il futuro. Ha dedidicato tutta la sua carriera a capire Internet e poi i social e ora l'Ai. Una carriera in costante aggiornamento. E questa esperienza la mette in campo ogni giorno. Per\u00f2 ogni tanto Cecco ha voglia anche di non scrivere \"pipponi\" sulla politica, sull'economia. Ha voglia anche di scrivere qualcosa di divertente. Le notizie che trovate su Bake News sono le stesse che Cecco porta all'aperitivo con gli amici. Quelle di cui discutere per farsi due risate. Notizie, vere (qualche volta si fa fatica a crederlo), strane, divertenti, ma anche serie. Bake News \u00e8 nato per questo, dare al pubblico notizie croccanti e calde come il pane che esce dal forno. E Cecco Prestina \u00e8 nato con Bake News.","url":"https:\/\/newsvirali.it\/fr\/autore\/cecco-prestina\/"}]}},"_links":{"self":[{"href":"https:\/\/newsvirali.it\/fr\/wp-json\/wp\/v2\/posts\/21922","targetHints":{"allow":["GET"]}}],"collection":[{"href":"https:\/\/newsvirali.it\/fr\/wp-json\/wp\/v2\/posts"}],"about":[{"href":"https:\/\/newsvirali.it\/fr\/wp-json\/wp\/v2\/types\/post"}],"author":[{"embeddable":true,"href":"https:\/\/newsvirali.it\/fr\/wp-json\/wp\/v2\/users\/4"}],"replies":[{"embeddable":true,"href":"https:\/\/newsvirali.it\/fr\/wp-json\/wp\/v2\/comments?post=21922"}],"version-history":[{"count":10,"href":"https:\/\/newsvirali.it\/fr\/wp-json\/wp\/v2\/posts\/21922\/revisions"}],"predecessor-version":[{"id":21954,"href":"https:\/\/newsvirali.it\/fr\/wp-json\/wp\/v2\/posts\/21922\/revisions\/21954"}],"wp:featuredmedia":[{"embeddable":true,"href":"https:\/\/newsvirali.it\/fr\/wp-json\/wp\/v2\/media\/21934"}],"wp:attachment":[{"href":"https:\/\/newsvirali.it\/fr\/wp-json\/wp\/v2\/media?parent=21922"}],"wp:term":[{"taxonomy":"category","embeddable":true,"href":"https:\/\/newsvirali.it\/fr\/wp-json\/wp\/v2\/categories?post=21922"},{"taxonomy":"post_tag","embeddable":true,"href":"https:\/\/newsvirali.it\/fr\/wp-json\/wp\/v2\/tags?post=21922"}],"curies":[{"name":"wp","href":"https:\/\/api.w.org\/{rel}","templated":true}]}}