{"id":21377,"date":"2024-04-03T11:39:46","date_gmt":"2024-04-03T09:39:46","guid":{"rendered":"https:\/\/www.bakenews.it\/?p=21377"},"modified":"2024-04-03T11:39:47","modified_gmt":"2024-04-03T09:39:47","slug":"ospedale-fa-abortire-la-donna-sbagliata-scusate-erano-entrambe-asiatiche","status":"publish","type":"post","link":"https:\/\/newsvirali.it\/fr\/2024\/04\/03\/lhopital-fait-avorter-a-la-mauvaise-femme-desole-ils-etaient-tous-les-deux-asiatiques\/","title":{"rendered":"L&#039;h\u00f4pital avorte la mauvaise femme : &quot;D\u00e9sol\u00e9, elles \u00e9taient toutes les deux asiatiques&quot;"},"content":{"rendered":"<p>Les m\u00e9decins d&#039;un h\u00f4pital de Prague ont avort\u00e9 la mauvaise femme et, apr\u00e8s une premi\u00e8re enqu\u00eate, ils expliquent que l&#039;erreur \u00e9tait due \u00e0 la race de la patiente : ils \u00e9taient tous deux d&#039;origine asiatique. La victime de cette incroyable erreur \u00e9tait arriv\u00e9e \u00e0 l&#039;h\u00f4pital universitaire Bulovka de Prague pour ce qu&#039;elle pensait \u00eatre un contr\u00f4le de routine. Au lieu de cela, elle a \u00e9t\u00e9 soumise \u00e0 une anesth\u00e9sie et ils ont proc\u00e9d\u00e9 \u00e0 une fausse couche sans son consentement.<\/p>\n\n\n\n<p><strong>LIRE AUSSI<\/strong><\/p>\n\n\n\n<ul class=\"wp-block-list\">\n<li><a href=\"https:\/\/www.bakenews.it\/la-foto-di-impagnatiello-usata-per-una-pubblicita-giornale-si-scusa\/\">La photo d&#039;Impagnatiello utilis\u00e9e pour une publicit\u00e9 : le journal s&#039;excuse<\/a><\/li>\n\n\n\n<li><a href=\"https:\/\/www.bakenews.it\/vietato-divorzio-incinta-assurda-legge\/\">Divorce interdit si elle est enceinte : c&#039;est l\u00e0 que la loi absurde est en vigueur<\/a><\/li>\n\n\n\n<li><a href=\"https:\/\/www.bakenews.it\/in-ospedale-per-mal-di-pancia-era-incinta-ma-il-feto-cresceva-nellintestino\/\">Hospitalis\u00e9e pour maux de ventre, elle \u00e9tait enceinte : mais le f\u0153tus grandissait dans l&#039;intestin<\/a><\/li>\n\n\n\n<li><a href=\"https:\/\/www.bakenews.it\/donna-70-anni-partorisce-gemelli-mamma-anziana-africa\/\">Une femme de 70 ans donne naissance \u00e0 des jumeaux : elle est la m\u00e8re la plus \u00e2g\u00e9e d&#039;Afrique<\/a><\/li>\n<\/ul>\n\n\n\n<p>Le personnel de l&#039;h\u00f4pital dit &quot;profond\u00e9ment regretter&quot; que cette femme ait \u00e9t\u00e9 confondue avec un autre patient asiatique. La femme en bonne sant\u00e9, enceinte de quatre mois et d\u00e9sireuse de garder son b\u00e9b\u00e9, a \u00e9t\u00e9 anesth\u00e9si\u00e9e et soumise \u00e0 une sorte de chirurgie ut\u00e9rine appel\u00e9e curetage qui a conduit \u00e0 une fausse couche. L&#039;affaire d&#039;horreur survenue \u00e0 l&#039;h\u00f4pital Bulovka de Prague, en R\u00e9publique tch\u00e8que, a fait la une des journaux du monde entier et des questions ont \u00e9t\u00e9 soulev\u00e9es sur ce qui aurait pu se produire.<\/p>\n\n\n\n<h2 class=\"wp-block-heading\" id=\"h-non-parlava-bene-la-lingua-locale\">Il ne parlait pas bien la langue locale<\/h2>\n\n\n\n<p>Un porte-parole de l&#039;h\u00f4pital a d\u00e9clar\u00e9 que cela \u00e9tait en partie d\u00fb \u00e0 des difficult\u00e9s de traduction, car la femme ne parlait pas bien le tch\u00e8que. Apr\u00e8s avoir r\u00e9alis\u00e9 son erreur, elle a \u00e9t\u00e9 emmen\u00e9e aux soins intensifs et son partenaire a \u00e9t\u00e9 appel\u00e9 comme traducteur, mais \u00e0 ce stade, il \u00e9tait trop tard pour corriger. Eva Libigerov\u00e1, porte-parole de l&#039;h\u00f4pital, a voulu apporter quelques \u00e9claircissements : \u00ab Il ne fait aucun doute qu&#039;il y a eu une violation fatale et un non-respect du r\u00e8glement int\u00e9rieur de la part du personnel de la clinique concern\u00e9, ce qui a conduit au d\u00e9but de l&#039;op\u00e9ration sur la personne mal identifi\u00e9e. patient&quot;.<\/p>\n\n\n\n<p>&quot;Cependant, selon les r\u00e9sultats obtenus jusqu&#039;\u00e0 pr\u00e9sent, tout l&#039;incident s&#039;est produit dans des circonstances tr\u00e8s malheureuses, lorsque dans la salle d&#039;attente, la patiente s&#039;est adress\u00e9e au nom d&#039;une autre personne (les deux patientes \u00e9taient asiatiques), elle a donc hoch\u00e9 la t\u00eate en signe d&#039;accord et a suivi le personnel. en chirurgie g\u00e9n\u00e9rale, o\u00f9 toutes les \u00e9tapes ult\u00e9rieures de la pr\u00e9paration avant l&#039;op\u00e9ration lui ont \u00e9t\u00e9 d\u00e9crites. D\u2019apr\u00e8s le discours consentant de la patiente, le personnel a eu l\u2019impression qu\u2019elle comprenait et comprenait toutes les informations.<\/p>\n\n\n\n<p>\u00abLe patient a \u00e9galement sign\u00e9 volontairement le dossier m\u00e9dical de la courte hospitalisation avec le nom d&#039;un autre patient et \u00e9tait \u00e9galement dispos\u00e9 \u00e0 se pr\u00e9parer \u00e0 l&#039;op\u00e9ration et \u00e0 l&#039;emmener en salle d&#039;op\u00e9ration. Avant l\u2019induction de l\u2019anesth\u00e9sie, le m\u00e9decin op\u00e9ratoire s\u2019adressait au patient par son nom, apr\u00e8s quoi le patient r\u00e9pondait en hochant la t\u00eate.<\/p>\n\n\n\n<h2 class=\"wp-block-heading\" id=\"h-il-medico-si-e-accorto-troppo-tardi\">Le m\u00e9decin s&#039;en est rendu compte trop tard<\/h2>\n\n\n\n<p>Le m\u00e9decin s&#039;est rendu compte de l&#039;erreur seulement apr\u00e8s que &quot;les r\u00e9sultats de l&#039;op\u00e9ration ne correspondaient pas au diagnostic indicatif, mais malheureusement il \u00e9tait trop tard, le f\u0153tus \u00e9tait d\u00e9j\u00e0 irr\u00e9versiblement endommag\u00e9&quot;. &quot;Le m\u00e9decin g\u00e9n\u00e9raliste a \u00e9t\u00e9 appel\u00e9 et a d\u00e9couvert que le patient n&#039;avait pas de bracelet d&#039;identification et qu&#039;il y avait eu une malheureuse erreur&quot;, a-t-il ajout\u00e9. Les personnes impliqu\u00e9es dans l&#039;erreur ont d\u00e9j\u00e0 \u00e9t\u00e9 suspendues.<\/p>\n\n\n\n<h2 class=\"wp-block-heading\" id=\"h-ci-sara-un-risarcimento-da-parte-dell-ospedale\">Il y aura une compensation de l&#039;h\u00f4pital<\/h2>\n\n\n\n<p>Mme Libigerov\u00e1 a poursuivi : \u00ab Nous avons exprim\u00e9 nos profonds regrets et nos excuses \u00e0 la patiente et \u00e0 toute sa famille pour ce malheureux incident et lui avons assur\u00e9 que nous ferons tout notre possible pour att\u00e9nuer le pr\u00e9judice caus\u00e9 et \u00e9galement l&#039;indemniser. \u00bb En R\u00e9publique tch\u00e8que, l&#039;avortement est l\u00e9gal jusqu&#039;\u00e0 la 12e semaine pour quelque raison que ce soit, pour des raisons m\u00e9dicales jusqu&#039;\u00e0 la 24e semaine et \u00e0 tout moment en raison de graves anomalies du f\u0153tus.<\/p>\n\n\n\n<p><strong>LIRE LES AUTRES NOUVELLES DU MONDE<\/strong><\/p>\n\n\n<ul class=\"wp-block-latest-posts__list wp-block-latest-posts\"><li><a class=\"wp-block-latest-posts__post-title\" href=\"https:\/\/newsvirali.it\/fr\/2026\/02\/12\/emma-amit-crabe-du-diable-mort\/\">La vlogueuse Emma Amit d\u00e9c\u00e8de apr\u00e8s avoir consomm\u00e9 du crabe du diable toxique<\/a><\/li>\n<li><a class=\"wp-block-latest-posts__post-title\" href=\"https:\/\/newsvirali.it\/fr\/2026\/02\/05\/suicide-des-trois-soeurs-en-inde\/\">Des parents confisquent les t\u00e9l\u00e9phones portables de trois s\u0153urs qui jouent excessivement aux jeux vid\u00e9o\u00a0: trois s\u0153urs se suicident<\/a><\/li>\n<li><a class=\"wp-block-latest-posts__post-title\" href=\"https:\/\/newsvirali.it\/fr\/2026\/01\/30\/arrestation-dans-un-complexe-hotelier-de-floride-pour-actes-obscenes\/\">Un h\u00f4tel de Floride fait sensation : un homme arr\u00eat\u00e9 pour exhibitionnisme avec un aspirateur<\/a><\/li>\n<li><a class=\"wp-block-latest-posts__post-title\" href=\"https:\/\/newsvirali.it\/fr\/2026\/01\/28\/un-pere-ivre-pend-son-fils-dans-une-video-choquante\/\">Un p\u00e8re ivre pend son fils par la fen\u00eatre : vid\u00e9o choquante<\/a><\/li>\n<li><a class=\"wp-block-latest-posts__post-title\" href=\"https:\/\/newsvirali.it\/fr\/2026\/01\/27\/une-enseignante-enceinte-et-un-eleve-de-13-ans\/\">Une enseignante admet \u00eatre tomb\u00e9e enceinte d&#039;un \u00e9l\u00e8ve de 13 ans<\/a><\/li>\n<\/ul><br \/>Suivez-nous \u00e9galement sur Google News : <b><a href=\"https:\/\/news.google.com\/publications\/CAAqBwgKMNqJiwswjMfqAg?hl=it&gl=IT&ceid=IT:it\" target=\"_blank\">Cliquez ici<\/a><\/b>","protected":false},"excerpt":{"rendered":"<p>Les m\u00e9decins d&#039;un h\u00f4pital de Prague ont avort\u00e9 la mauvaise femme et, apr\u00e8s une premi\u00e8re enqu\u00eate, ils expliquent [...]<\/p>","protected":false},"author":4,"featured_media":21381,"comment_status":"open","ping_status":"open","sticky":false,"template":"","format":"standard","meta":{"MSN_Categories":"Uncategorized","MSN_Publish_Option":false,"MSN_Is_Local_News":false,"MSN_Is_AIAC_Included":"Empty","MSN_Location":"[]","MSN_Add_Feature_Img_On_Top_Of_Post":false,"MSN_Has_Custom_Author":false,"MSN_Custom_Author":"","MSN_Has_Custom_Canonical_Url":false,"MSN_Custom_Canonical_Url":"","footnotes":""},"categories":[463,464,9],"tags":[],"class_list":["post-21377","post","type-post","status-publish","format-standard","has-post-thumbnail","hentry","category-_spagnolo","category-_tedesco","category-mondo"],"acf":[],"yoast_head":"<!-- This site is optimized with the Yoast SEO Premium plugin v26.7 (Yoast SEO v26.7) - https:\/\/yoast.com\/wordpress\/plugins\/seo\/ -->\n<title>Ospedale fa abortire donna sbagliata: scusate, entrambe asiatiche<\/title>\n<meta name=\"description\" content=\"I medici hanno fatto abortire la donna sbagliata e ora dopo una prima indagine spiegano che l&#039;errore \u00e8 stato dovuto alla razza della paziente.\" \/>\n<meta name=\"robots\" content=\"index, follow, max-snippet:-1, max-image-preview:large, max-video-preview:-1\" \/>\n<link rel=\"canonical\" href=\"https:\/\/newsvirali.it\/fr\/2024\/04\/03\/el-hospital-le-hace-un-aborto-a-la-mujer-equivocada-lamento-que-ambas-fueran-asiaticas\/\" \/>\n<meta property=\"og:locale\" content=\"fr_FR\" \/>\n<meta property=\"og:type\" content=\"article\" \/>\n<meta property=\"og:title\" content=\"Ospedale fa abortire la donna sbagliata: &quot;Scusate, erano entrambe asiatiche&quot;\" \/>\n<meta property=\"og:description\" content=\"I medici hanno fatto abortire la donna sbagliata e ora dopo una prima indagine spiegano che l&#039;errore \u00e8 stato dovuto alla razza della paziente.\" \/>\n<meta property=\"og:url\" content=\"https:\/\/newsvirali.it\/fr\/2024\/04\/03\/el-hospital-le-hace-un-aborto-a-la-mujer-equivocada-lamento-que-ambas-fueran-asiaticas\/\" \/>\n<meta property=\"og:site_name\" content=\"News virali\" \/>\n<meta property=\"article:published_time\" content=\"2024-04-03T09:39:46+00:00\" \/>\n<meta property=\"article:modified_time\" content=\"2024-04-03T09:39:47+00:00\" \/>\n<meta property=\"og:image\" content=\"https:\/\/newsvirali.it\/wp-content\/uploads\/2024\/04\/Ospedale-fa-abortire-la-donna-sbagliata-Scusate-erano-entrambe-asiatiche-4.jpg\" \/>\n\t<meta property=\"og:image:width\" content=\"2000\" \/>\n\t<meta property=\"og:image:height\" content=\"1125\" \/>\n\t<meta property=\"og:image:type\" content=\"image\/jpeg\" \/>\n<meta name=\"author\" content=\"Cecco Prestina\" \/>\n<meta name=\"twitter:card\" content=\"summary_large_image\" \/>\n<meta name=\"twitter:label1\" content=\"\u00c9crit par\" \/>\n\t<meta name=\"twitter:data1\" content=\"Cecco Prestina\" \/>\n\t<meta name=\"twitter:label2\" content=\"Dur\u00e9e de lecture estim\u00e9e\" \/>\n\t<meta name=\"twitter:data2\" content=\"4 minutes\" \/>\n<script type=\"application\/ld+json\" class=\"yoast-schema-graph\">{\"@context\":\"https:\/\/schema.org\",\"@graph\":[{\"@type\":\"NewsArticle\",\"@id\":\"https:\/\/newsvirali.it\/es\/2024\/04\/03\/el-hospital-le-hace-un-aborto-a-la-mujer-equivocada-lamento-que-ambas-fueran-asiaticas\/#article\",\"isPartOf\":{\"@id\":\"https:\/\/newsvirali.it\/es\/2024\/04\/03\/el-hospital-le-hace-un-aborto-a-la-mujer-equivocada-lamento-que-ambas-fueran-asiaticas\/\"},\"author\":{\"name\":\"Cecco Prestina\",\"@id\":\"https:\/\/newsvirali.it\/fr\/#\/schema\/person\/4c835f7b49c9adb58b33901ee816565d\"},\"headline\":\"Ospedale fa abortire la donna sbagliata: &#8220;Scusate, erano entrambe asiatiche&#8221;\",\"datePublished\":\"2024-04-03T09:39:46+00:00\",\"dateModified\":\"2024-04-03T09:39:47+00:00\",\"mainEntityOfPage\":{\"@id\":\"https:\/\/newsvirali.it\/es\/2024\/04\/03\/el-hospital-le-hace-un-aborto-a-la-mujer-equivocada-lamento-que-ambas-fueran-asiaticas\/\"},\"wordCount\":620,\"commentCount\":0,\"image\":{\"@id\":\"https:\/\/newsvirali.it\/es\/2024\/04\/03\/el-hospital-le-hace-un-aborto-a-la-mujer-equivocada-lamento-que-ambas-fueran-asiaticas\/#primaryimage\"},\"thumbnailUrl\":\"https:\/\/newsvirali.it\/wp-content\/uploads\/2024\/04\/Ospedale-fa-abortire-la-donna-sbagliata-Scusate-erano-entrambe-asiatiche-4.jpg\",\"articleSection\":[\"_spagnolo\",\"_tedesco\",\"Mondo\"],\"inLanguage\":\"fr-FR\",\"potentialAction\":[{\"@type\":\"CommentAction\",\"name\":\"Comment\",\"target\":[\"https:\/\/newsvirali.it\/es\/2024\/04\/03\/el-hospital-le-hace-un-aborto-a-la-mujer-equivocada-lamento-que-ambas-fueran-asiaticas\/#respond\"]}],\"copyrightYear\":\"2024\",\"copyrightHolder\":{\"@id\":\"https:\/\/newsvirali.it\/fr\/#organization\"}},{\"@type\":\"WebPage\",\"@id\":\"https:\/\/newsvirali.it\/es\/2024\/04\/03\/el-hospital-le-hace-un-aborto-a-la-mujer-equivocada-lamento-que-ambas-fueran-asiaticas\/\",\"url\":\"https:\/\/newsvirali.it\/es\/2024\/04\/03\/el-hospital-le-hace-un-aborto-a-la-mujer-equivocada-lamento-que-ambas-fueran-asiaticas\/\",\"name\":\"Ospedale fa abortire donna sbagliata: scusate, entrambe asiatiche\",\"isPartOf\":{\"@id\":\"https:\/\/newsvirali.it\/fr\/#website\"},\"primaryImageOfPage\":{\"@id\":\"https:\/\/newsvirali.it\/es\/2024\/04\/03\/el-hospital-le-hace-un-aborto-a-la-mujer-equivocada-lamento-que-ambas-fueran-asiaticas\/#primaryimage\"},\"image\":{\"@id\":\"https:\/\/newsvirali.it\/es\/2024\/04\/03\/el-hospital-le-hace-un-aborto-a-la-mujer-equivocada-lamento-que-ambas-fueran-asiaticas\/#primaryimage\"},\"thumbnailUrl\":\"https:\/\/newsvirali.it\/wp-content\/uploads\/2024\/04\/Ospedale-fa-abortire-la-donna-sbagliata-Scusate-erano-entrambe-asiatiche-4.jpg\",\"datePublished\":\"2024-04-03T09:39:46+00:00\",\"dateModified\":\"2024-04-03T09:39:47+00:00\",\"author\":{\"@id\":\"https:\/\/newsvirali.it\/fr\/#\/schema\/person\/4c835f7b49c9adb58b33901ee816565d\"},\"description\":\"I medici hanno fatto abortire la donna sbagliata e ora dopo una prima indagine spiegano che l'errore \u00e8 stato dovuto alla razza della paziente.\",\"breadcrumb\":{\"@id\":\"https:\/\/newsvirali.it\/es\/2024\/04\/03\/el-hospital-le-hace-un-aborto-a-la-mujer-equivocada-lamento-que-ambas-fueran-asiaticas\/#breadcrumb\"},\"inLanguage\":\"fr-FR\",\"potentialAction\":[{\"@type\":\"ReadAction\",\"target\":[\"https:\/\/newsvirali.it\/es\/2024\/04\/03\/el-hospital-le-hace-un-aborto-a-la-mujer-equivocada-lamento-que-ambas-fueran-asiaticas\/\"]}]},{\"@type\":\"ImageObject\",\"inLanguage\":\"fr-FR\",\"@id\":\"https:\/\/newsvirali.it\/es\/2024\/04\/03\/el-hospital-le-hace-un-aborto-a-la-mujer-equivocada-lamento-que-ambas-fueran-asiaticas\/#primaryimage\",\"url\":\"https:\/\/newsvirali.it\/wp-content\/uploads\/2024\/04\/Ospedale-fa-abortire-la-donna-sbagliata-Scusate-erano-entrambe-asiatiche-4.jpg\",\"contentUrl\":\"https:\/\/newsvirali.it\/wp-content\/uploads\/2024\/04\/Ospedale-fa-abortire-la-donna-sbagliata-Scusate-erano-entrambe-asiatiche-4.jpg\",\"width\":2000,\"height\":1125,\"caption\":\"Ospedale fa abortire la donna sbagliata: \\\"Scusate, erano entrambe asiatiche\\\"\"},{\"@type\":\"BreadcrumbList\",\"@id\":\"https:\/\/newsvirali.it\/es\/2024\/04\/03\/el-hospital-le-hace-un-aborto-a-la-mujer-equivocada-lamento-que-ambas-fueran-asiaticas\/#breadcrumb\",\"itemListElement\":[{\"@type\":\"ListItem\",\"position\":1,\"name\":\"Home\",\"item\":\"https:\/\/newsvirali.it\/fr\/\"},{\"@type\":\"ListItem\",\"position\":2,\"name\":\"Ospedale fa abortire la donna sbagliata: &#8220;Scusate, erano entrambe asiatiche&#8221;\"}]},{\"@type\":\"WebSite\",\"@id\":\"https:\/\/newsvirali.it\/fr\/#website\",\"url\":\"https:\/\/newsvirali.it\/fr\/\",\"name\":\"Bake News\",\"description\":\"\",\"potentialAction\":[{\"@type\":\"SearchAction\",\"target\":{\"@type\":\"EntryPoint\",\"urlTemplate\":\"https:\/\/newsvirali.it\/fr\/?s={search_term_string}\"},\"query-input\":{\"@type\":\"PropertyValueSpecification\",\"valueRequired\":true,\"valueName\":\"search_term_string\"}}],\"inLanguage\":\"fr-FR\"},{\"@type\":\"Person\",\"@id\":\"https:\/\/newsvirali.it\/fr\/#\/schema\/person\/4c835f7b49c9adb58b33901ee816565d\",\"name\":\"Cecco Prestina\",\"description\":\"Perch\u00e9 nasconderlo? Cecco Prestina \u00e8 un alias, ma dietro di lui non si cela un algoritmo di intelligenza artificiale. C'\u00e8 un giornalista che ha oltre vent'anni di esperienza tutta sul web. Da quando il primo modem ha iniziato a gracchiare sul territorio italiano con Video on Line, Cecco ha capito che da quel doppino sarebbe passato il futuro. Ha dedidicato tutta la sua carriera a capire Internet e poi i social e ora l'Ai. Una carriera in costante aggiornamento. E questa esperienza la mette in campo ogni giorno. Per\u00f2 ogni tanto Cecco ha voglia anche di non scrivere \\\"pipponi\\\" sulla politica, sull'economia. Ha voglia anche di scrivere qualcosa di divertente. Le notizie che trovate su Bake News sono le stesse che Cecco porta all'aperitivo con gli amici. Quelle di cui discutere per farsi due risate. Notizie, vere (qualche volta si fa fatica a crederlo), strane, divertenti, ma anche serie. Bake News \u00e8 nato per questo, dare al pubblico notizie croccanti e calde come il pane che esce dal forno. E Cecco Prestina \u00e8 nato con Bake News.\",\"url\":\"https:\/\/newsvirali.it\/fr\/autore\/cecco-prestina\/\"}]}<\/script>\n<!-- \/ Yoast SEO Premium plugin. -->","yoast_head_json":{"title":"Ospedale fa abortire donna sbagliata: scusate, entrambe asiatiche","description":"I medici hanno fatto abortire la donna sbagliata e ora dopo una prima indagine spiegano che l'errore \u00e8 stato dovuto alla razza della paziente.","robots":{"index":"index","follow":"follow","max-snippet":"max-snippet:-1","max-image-preview":"max-image-preview:large","max-video-preview":"max-video-preview:-1"},"canonical":"https:\/\/newsvirali.it\/fr\/2024\/04\/03\/el-hospital-le-hace-un-aborto-a-la-mujer-equivocada-lamento-que-ambas-fueran-asiaticas\/","og_locale":"fr_FR","og_type":"article","og_title":"Ospedale fa abortire la donna sbagliata: \"Scusate, erano entrambe asiatiche\"","og_description":"I medici hanno fatto abortire la donna sbagliata e ora dopo una prima indagine spiegano che l'errore \u00e8 stato dovuto alla razza della paziente.","og_url":"https:\/\/newsvirali.it\/fr\/2024\/04\/03\/el-hospital-le-hace-un-aborto-a-la-mujer-equivocada-lamento-que-ambas-fueran-asiaticas\/","og_site_name":"News virali","article_published_time":"2024-04-03T09:39:46+00:00","article_modified_time":"2024-04-03T09:39:47+00:00","og_image":[{"width":2000,"height":1125,"url":"https:\/\/newsvirali.it\/wp-content\/uploads\/2024\/04\/Ospedale-fa-abortire-la-donna-sbagliata-Scusate-erano-entrambe-asiatiche-4.jpg","type":"image\/jpeg"}],"author":"Cecco Prestina","twitter_card":"summary_large_image","twitter_misc":{"\u00c9crit par":"Cecco Prestina","Dur\u00e9e de lecture estim\u00e9e":"4 minutes"},"schema":{"@context":"https:\/\/schema.org","@graph":[{"@type":"NewsArticle","@id":"https:\/\/newsvirali.it\/es\/2024\/04\/03\/el-hospital-le-hace-un-aborto-a-la-mujer-equivocada-lamento-que-ambas-fueran-asiaticas\/#article","isPartOf":{"@id":"https:\/\/newsvirali.it\/es\/2024\/04\/03\/el-hospital-le-hace-un-aborto-a-la-mujer-equivocada-lamento-que-ambas-fueran-asiaticas\/"},"author":{"name":"Cecco Prestina","@id":"https:\/\/newsvirali.it\/fr\/#\/schema\/person\/4c835f7b49c9adb58b33901ee816565d"},"headline":"Ospedale fa abortire la donna sbagliata: &#8220;Scusate, erano entrambe asiatiche&#8221;","datePublished":"2024-04-03T09:39:46+00:00","dateModified":"2024-04-03T09:39:47+00:00","mainEntityOfPage":{"@id":"https:\/\/newsvirali.it\/es\/2024\/04\/03\/el-hospital-le-hace-un-aborto-a-la-mujer-equivocada-lamento-que-ambas-fueran-asiaticas\/"},"wordCount":620,"commentCount":0,"image":{"@id":"https:\/\/newsvirali.it\/es\/2024\/04\/03\/el-hospital-le-hace-un-aborto-a-la-mujer-equivocada-lamento-que-ambas-fueran-asiaticas\/#primaryimage"},"thumbnailUrl":"https:\/\/newsvirali.it\/wp-content\/uploads\/2024\/04\/Ospedale-fa-abortire-la-donna-sbagliata-Scusate-erano-entrambe-asiatiche-4.jpg","articleSection":["_spagnolo","_tedesco","Mondo"],"inLanguage":"fr-FR","potentialAction":[{"@type":"CommentAction","name":"Comment","target":["https:\/\/newsvirali.it\/es\/2024\/04\/03\/el-hospital-le-hace-un-aborto-a-la-mujer-equivocada-lamento-que-ambas-fueran-asiaticas\/#respond"]}],"copyrightYear":"2024","copyrightHolder":{"@id":"https:\/\/newsvirali.it\/fr\/#organization"}},{"@type":"WebPage","@id":"https:\/\/newsvirali.it\/es\/2024\/04\/03\/el-hospital-le-hace-un-aborto-a-la-mujer-equivocada-lamento-que-ambas-fueran-asiaticas\/","url":"https:\/\/newsvirali.it\/es\/2024\/04\/03\/el-hospital-le-hace-un-aborto-a-la-mujer-equivocada-lamento-que-ambas-fueran-asiaticas\/","name":"Ospedale fa abortire donna sbagliata: scusate, entrambe asiatiche","isPartOf":{"@id":"https:\/\/newsvirali.it\/fr\/#website"},"primaryImageOfPage":{"@id":"https:\/\/newsvirali.it\/es\/2024\/04\/03\/el-hospital-le-hace-un-aborto-a-la-mujer-equivocada-lamento-que-ambas-fueran-asiaticas\/#primaryimage"},"image":{"@id":"https:\/\/newsvirali.it\/es\/2024\/04\/03\/el-hospital-le-hace-un-aborto-a-la-mujer-equivocada-lamento-que-ambas-fueran-asiaticas\/#primaryimage"},"thumbnailUrl":"https:\/\/newsvirali.it\/wp-content\/uploads\/2024\/04\/Ospedale-fa-abortire-la-donna-sbagliata-Scusate-erano-entrambe-asiatiche-4.jpg","datePublished":"2024-04-03T09:39:46+00:00","dateModified":"2024-04-03T09:39:47+00:00","author":{"@id":"https:\/\/newsvirali.it\/fr\/#\/schema\/person\/4c835f7b49c9adb58b33901ee816565d"},"description":"I medici hanno fatto abortire la donna sbagliata e ora dopo una prima indagine spiegano che l'errore \u00e8 stato dovuto alla razza della paziente.","breadcrumb":{"@id":"https:\/\/newsvirali.it\/es\/2024\/04\/03\/el-hospital-le-hace-un-aborto-a-la-mujer-equivocada-lamento-que-ambas-fueran-asiaticas\/#breadcrumb"},"inLanguage":"fr-FR","potentialAction":[{"@type":"ReadAction","target":["https:\/\/newsvirali.it\/es\/2024\/04\/03\/el-hospital-le-hace-un-aborto-a-la-mujer-equivocada-lamento-que-ambas-fueran-asiaticas\/"]}]},{"@type":"ImageObject","inLanguage":"fr-FR","@id":"https:\/\/newsvirali.it\/es\/2024\/04\/03\/el-hospital-le-hace-un-aborto-a-la-mujer-equivocada-lamento-que-ambas-fueran-asiaticas\/#primaryimage","url":"https:\/\/newsvirali.it\/wp-content\/uploads\/2024\/04\/Ospedale-fa-abortire-la-donna-sbagliata-Scusate-erano-entrambe-asiatiche-4.jpg","contentUrl":"https:\/\/newsvirali.it\/wp-content\/uploads\/2024\/04\/Ospedale-fa-abortire-la-donna-sbagliata-Scusate-erano-entrambe-asiatiche-4.jpg","width":2000,"height":1125,"caption":"Ospedale fa abortire la donna sbagliata: \"Scusate, erano entrambe asiatiche\""},{"@type":"BreadcrumbList","@id":"https:\/\/newsvirali.it\/es\/2024\/04\/03\/el-hospital-le-hace-un-aborto-a-la-mujer-equivocada-lamento-que-ambas-fueran-asiaticas\/#breadcrumb","itemListElement":[{"@type":"ListItem","position":1,"name":"Home","item":"https:\/\/newsvirali.it\/fr\/"},{"@type":"ListItem","position":2,"name":"Ospedale fa abortire la donna sbagliata: &#8220;Scusate, erano entrambe asiatiche&#8221;"}]},{"@type":"WebSite","@id":"https:\/\/newsvirali.it\/fr\/#website","url":"https:\/\/newsvirali.it\/fr\/","name":"Bake News","description":"","potentialAction":[{"@type":"SearchAction","target":{"@type":"EntryPoint","urlTemplate":"https:\/\/newsvirali.it\/fr\/?s={search_term_string}"},"query-input":{"@type":"PropertyValueSpecification","valueRequired":true,"valueName":"search_term_string"}}],"inLanguage":"fr-FR"},{"@type":"Person","@id":"https:\/\/newsvirali.it\/fr\/#\/schema\/person\/4c835f7b49c9adb58b33901ee816565d","name":"Cecco Prestina","description":"Perch\u00e9 nasconderlo? Cecco Prestina \u00e8 un alias, ma dietro di lui non si cela un algoritmo di intelligenza artificiale. C'\u00e8 un giornalista che ha oltre vent'anni di esperienza tutta sul web. Da quando il primo modem ha iniziato a gracchiare sul territorio italiano con Video on Line, Cecco ha capito che da quel doppino sarebbe passato il futuro. Ha dedidicato tutta la sua carriera a capire Internet e poi i social e ora l'Ai. Una carriera in costante aggiornamento. E questa esperienza la mette in campo ogni giorno. Per\u00f2 ogni tanto Cecco ha voglia anche di non scrivere \"pipponi\" sulla politica, sull'economia. Ha voglia anche di scrivere qualcosa di divertente. Le notizie che trovate su Bake News sono le stesse che Cecco porta all'aperitivo con gli amici. Quelle di cui discutere per farsi due risate. Notizie, vere (qualche volta si fa fatica a crederlo), strane, divertenti, ma anche serie. Bake News \u00e8 nato per questo, dare al pubblico notizie croccanti e calde come il pane che esce dal forno. E Cecco Prestina \u00e8 nato con Bake News.","url":"https:\/\/newsvirali.it\/fr\/autore\/cecco-prestina\/"}]}},"_links":{"self":[{"href":"https:\/\/newsvirali.it\/fr\/wp-json\/wp\/v2\/posts\/21377","targetHints":{"allow":["GET"]}}],"collection":[{"href":"https:\/\/newsvirali.it\/fr\/wp-json\/wp\/v2\/posts"}],"about":[{"href":"https:\/\/newsvirali.it\/fr\/wp-json\/wp\/v2\/types\/post"}],"author":[{"embeddable":true,"href":"https:\/\/newsvirali.it\/fr\/wp-json\/wp\/v2\/users\/4"}],"replies":[{"embeddable":true,"href":"https:\/\/newsvirali.it\/fr\/wp-json\/wp\/v2\/comments?post=21377"}],"version-history":[{"count":3,"href":"https:\/\/newsvirali.it\/fr\/wp-json\/wp\/v2\/posts\/21377\/revisions"}],"predecessor-version":[{"id":21385,"href":"https:\/\/newsvirali.it\/fr\/wp-json\/wp\/v2\/posts\/21377\/revisions\/21385"}],"wp:featuredmedia":[{"embeddable":true,"href":"https:\/\/newsvirali.it\/fr\/wp-json\/wp\/v2\/media\/21381"}],"wp:attachment":[{"href":"https:\/\/newsvirali.it\/fr\/wp-json\/wp\/v2\/media?parent=21377"}],"wp:term":[{"taxonomy":"category","embeddable":true,"href":"https:\/\/newsvirali.it\/fr\/wp-json\/wp\/v2\/categories?post=21377"},{"taxonomy":"post_tag","embeddable":true,"href":"https:\/\/newsvirali.it\/fr\/wp-json\/wp\/v2\/tags?post=21377"}],"curies":[{"name":"wp","href":"https:\/\/api.w.org\/{rel}","templated":true}]}}