{"id":18714,"date":"2024-03-04T11:38:39","date_gmt":"2024-03-04T10:38:39","guid":{"rendered":"https:\/\/www.bakenews.it\/?p=18714"},"modified":"2024-03-04T11:38:40","modified_gmt":"2024-03-04T10:38:40","slug":"irlanda-episodio-di-star-trek-censurato-da-34-anni-ecco-perche","status":"publish","type":"post","link":"https:\/\/newsvirali.it\/fr\/2024\/03\/04\/lepisode-de-star-trek-en-irlande-censure-pendant-34-ans-voici-pourquoi\/","title":{"rendered":"Irlande, \u00e9pisode de Star Trek censur\u00e9 pendant 34 ans : voici pourquoi"},"content":{"rendered":"<p>Un \u00e9pisode de Star Trek faisant r\u00e9f\u00e9rence \u00e0 \u00ab l&#039;unification irlandaise en 2024 \u00bb a \u00e9t\u00e9 censur\u00e9 et est toujours interdit en Irlande pendant 34 ans. L&#039;\u00e9pisode 12 de la troisi\u00e8me s\u00e9rie, intitul\u00e9 The High Ground, a \u00e9t\u00e9 diffus\u00e9 en 1990 et implique une organisation terroriste prenant en otage un membre de l&#039;\u00e9quipage du vaisseau spatial de la F\u00e9d\u00e9ration Starfleet USS Enterprise-D dans le but de promouvoir ses propres objectifs. Mais un moment controvers\u00e9 dans lequel le personnage andro\u00efde nomm\u00e9 Data, jou\u00e9 par Brent Spiner, cite \u00ab l&#039;unification irlandaise en 2024 \u00bb comme exemple d&#039;un objectif politique atteint par la violence, a fait que l&#039;\u00e9pisode n&#039;a \u00e9t\u00e9 diffus\u00e9 qu&#039;une seule fois en Irlande au cours des 34 ann\u00e9es suivantes.<\/p>\n\n\n\n<p><strong>LIRE AUSSI<\/strong><\/p>\n\n\n<ul class=\"wp-block-latest-posts__list wp-block-latest-posts\"><li><a class=\"wp-block-latest-posts__post-title\" href=\"https:\/\/newsvirali.it\/fr\/2026\/02\/12\/emma-amit-crabe-du-diable-mort\/\">La vlogueuse Emma Amit d\u00e9c\u00e8de apr\u00e8s avoir consomm\u00e9 du crabe du diable toxique<\/a><\/li>\n<li><a class=\"wp-block-latest-posts__post-title\" href=\"https:\/\/newsvirali.it\/fr\/2026\/02\/11\/les-penalites-pour-les-costumes-des-jeux-olympiques-de-2026-souvrent\/\">Milan-Cortina 2026\u00a0: Ouverture du costume en comp\u00e9tition\u00a0: la patineuse \u00e9vite la p\u00e9nalit\u00e9<\/a><\/li>\n<li><a class=\"wp-block-latest-posts__post-title\" href=\"https:\/\/newsvirali.it\/fr\/2026\/02\/09\/panne-de-courant-flying-pig-en-chine\/\">Un cochon volant provoque une panne de courant\u00a0: d\u00e9couvrez cette histoire incroyable (et ce n\u2019est pas de l\u2019IA).<\/a><\/li>\n<li><a class=\"wp-block-latest-posts__post-title\" href=\"https:\/\/newsvirali.it\/fr\/2026\/02\/05\/suicide-des-trois-soeurs-en-inde\/\">Des parents confisquent les t\u00e9l\u00e9phones portables de trois s\u0153urs qui jouent excessivement aux jeux vid\u00e9o\u00a0: trois s\u0153urs se suicident<\/a><\/li>\n<li><a class=\"wp-block-latest-posts__post-title\" href=\"https:\/\/newsvirali.it\/fr\/2026\/02\/04\/strategie-xai-de-spacex-centres-de-donnees-spatiaux-de-musk\/\">Ce n&#039;est pas une fusion\u00a0: le v\u00e9ritable plan de Musk derri\u00e8re SpaceX et xAI<\/a><\/li>\n<\/ul>\n\n\n<p>Les inqui\u00e9tudes quant aux \u00e9ventuelles implications politiques de l&#039;\u00e9pisode, diffus\u00e9 pour la premi\u00e8re fois aux \u00c9tats-Unis, ont conduit \u00e0 la d\u00e9cision de ne pas le diffuser sur la BBC et sur la cha\u00eene irlandaise RTV. Une version \u00ab censur\u00e9e \u00bb diffus\u00e9e en 1992 sur Sky sans la phrase contest\u00e9e. The High Ground a finalement \u00e9t\u00e9 diffus\u00e9 par la BBC le 29 septembre 2007, dans ce qui semble \u00eatre sa seule \u00e9mission.<\/p>\n\n\n\n<h2 class=\"wp-block-heading\" id=\"h-all-epoca-l-ira-era-ancora-operativa\">\u00c0 l&#039;\u00e9poque, l&#039;IRA \u00e9tait encore op\u00e9rationnelle<\/h2>\n\n\n\n<p>En plus de l&#039;unification irlandaise, Data fournit deux autres exemples de violence qui ont permis de r\u00e9aliser une cause politique : l&#039;ind\u00e9pendance du Mexique vis-\u00e0-vis de l&#039;Espagne et la r\u00e9bellion de Kenzie (un \u00e9v\u00e9nement dans l&#039;univers de Star Trek). La d\u00e9cision de ne pas diffuser l&#039;\u00e9pisode en 1990 refl\u00e9tait la situation politique f\u00e9brile de l&#039;\u00e9poque. Il y avait des troubles en Irlande du Nord, avec des menaces terroristes de la part de l&#039;IRA, qui avait d\u00e9clar\u00e9 comme objectif la lib\u00e9ration de la r\u00e9gion de la domination britannique.<\/p>\n\n\n\n<p>Plus de trois d\u00e9cennies plus tard, l&#039;Irlande du Nord a \u00e9lu Premier ministre la r\u00e9publicaine Michelle O&#039;Neill, leader r\u00e9gionale du Sinn Fein, un parti qui a ses racines dans l&#039;IRA. Le mois dernier, l\u2019administration d\u00e9centralis\u00e9e de Stormont a \u00e9t\u00e9 mise en service avec le retour au partage du pouvoir apr\u00e8s une interruption de deux ans. Melinda M Snodgrass, qui a \u00e9crit l&#039;\u00e9pisode de Star Trek, a d\u00e9clar\u00e9 que l&#039;histoire ressemblait d\u00e9lib\u00e9r\u00e9ment \u00e0 la situation en Irlande du Nord dans les ann\u00e9es 1990. Il a d\u00e9clar\u00e9 vouloir explorer l\u2019id\u00e9e selon laquelle \u00ab le combattant de la libert\u00e9 d\u2019un homme est le terroriste d\u2019un autre \u00bb.<\/p>\n\n\n\n<h2 class=\"wp-block-heading\" id=\"h-star-trek-censurato-bbc-non-ricorda-il-perche\">Star Trek censur\u00e9 ? La BBC ne se souvient pas pourquoi<\/h2>\n\n\n\n<p>La saison originale de Star Trek est apparue pour la premi\u00e8re fois sur les \u00e9crans en 1966 et a dur\u00e9 deux ans. Il est revenu pour une deuxi\u00e8me s\u00e9rie, Star Trek : The Next Generation, diffus\u00e9e entre 1987 et 1994. La BBC se dit incapable de d\u00e9terminer pourquoi l&#039;interdiction a \u00e9t\u00e9 impos\u00e9e, car elle \u00ab remonte \u00e0 tr\u00e8s longtemps \u00bb.<\/p>\n\n\n\n<p><strong>LIRE PLUS D&#039;ACTUALIT\u00c9S T\u00c9L\u00c9VIS\u00c9ES<\/strong><\/p>\n\n\n<ul class=\"wp-block-latest-posts__list wp-block-latest-posts\"><li><a class=\"wp-block-latest-posts__post-title\" href=\"https:\/\/newsvirali.it\/fr\/2026\/01\/29\/le-look-viral-du-meteorologue-de-la-bbc\/\">Une pr\u00e9sentatrice m\u00e9t\u00e9o de la BBC en cuissardes provoque la panique chez les t\u00e9l\u00e9spectateurs<\/a><\/li>\n<li><a class=\"wp-block-latest-posts__post-title\" href=\"https:\/\/newsvirali.it\/fr\/2026\/01\/28\/veronica-saltos-accident-sexy\/\">Incident sexy en direct \u00e0 la t\u00e9l\u00e9vision : le t\u00e9ton de Veronica Saltos appara\u00eet, la vid\u00e9o devient virale.<\/a><\/li>\n<li><a class=\"wp-block-latest-posts__post-title\" href=\"https:\/\/newsvirali.it\/fr\/2026\/01\/27\/lala-kent-et-michelle-saniei-nues-sous-la-douche-des-photos-qui-rendent-les-fans-fous\/\">Lala Kent et Michelle Saniei nues sous la douche\u00a0: des photos qui rendent les fans compl\u00e8tement fous<\/a><\/li>\n<li><a class=\"wp-block-latest-posts__post-title\" href=\"https:\/\/newsvirali.it\/fr\/2026\/01\/19\/video-en-bikini-skinnytok-dashley-james\/\">Ashley James critique SkinnyTok\u00a0: sa vid\u00e9o en bikini et son message aux m\u00e8res<\/a><\/li>\n<li><a class=\"wp-block-latest-posts__post-title\" href=\"https:\/\/newsvirali.it\/fr\/2026\/01\/15\/sydney-sweeney-euphoria-3-cassie-teaser\/\">Sydney Sweeney surprend dans Euphoria 3\u00a0: le tournant pour Cassie dans la premi\u00e8re bande-annonce<\/a><\/li>\n<\/ul><br \/>Suivez-nous \u00e9galement sur Google News : <b><a href=\"https:\/\/news.google.com\/publications\/CAAqBwgKMNqJiwswjMfqAg?hl=it&gl=IT&ceid=IT:it\" target=\"_blank\">Cliquez ici<\/a><\/b>","protected":false},"excerpt":{"rendered":"<p>Un \u00e9pisode de Star Trek faisant r\u00e9f\u00e9rence \u00e0 \u00ab l&#039;unification irlandaise en 2024 \u00bb a \u00e9t\u00e9 censur\u00e9 et par 34 [...]<\/p>","protected":false},"author":4,"featured_media":18715,"comment_status":"open","ping_status":"open","sticky":false,"template":"","format":"standard","meta":{"MSN_Categories":"Uncategorized","MSN_Publish_Option":false,"MSN_Is_Local_News":false,"MSN_Is_AIAC_Included":"Empty","MSN_Location":"[]","MSN_Add_Feature_Img_On_Top_Of_Post":false,"MSN_Has_Custom_Author":false,"MSN_Custom_Author":"","MSN_Has_Custom_Canonical_Url":false,"MSN_Custom_Canonical_Url":"","footnotes":""},"categories":[18],"tags":[],"class_list":["post-18714","post","type-post","status-publish","format-standard","has-post-thumbnail","hentry","category-televisione"],"acf":[],"yoast_head":"<!-- This site is optimized with the Yoast SEO Premium plugin v26.7 (Yoast SEO v26.7) - https:\/\/yoast.com\/wordpress\/plugins\/seo\/ -->\n<title>Irlanda, episodio di Star Trek censurato da 34 anni: ecco perch\u00e9<\/title>\n<meta name=\"description\" content=\"Un episodio di Star Trek che fa riferimento alla &quot;unificazione irlandese nel 2024&quot; \u00e8 stato censurato e da 34 anni \u00e8 ancora vietato in Irlanda.\" \/>\n<meta name=\"robots\" content=\"index, follow, max-snippet:-1, max-image-preview:large, max-video-preview:-1\" \/>\n<link rel=\"canonical\" href=\"https:\/\/newsvirali.it\/fr\/2024\/03\/04\/lepisode-de-star-trek-en-irlande-censure-pendant-34-ans-voici-pourquoi\/\" \/>\n<meta property=\"og:locale\" content=\"fr_FR\" \/>\n<meta property=\"og:type\" content=\"article\" \/>\n<meta property=\"og:title\" content=\"Irlanda, episodio di Star Trek censurato da 34 anni: ecco perch\u00e9\" \/>\n<meta property=\"og:description\" content=\"Un episodio di Star Trek che fa riferimento alla &quot;unificazione irlandese nel 2024&quot; \u00e8 stato censurato e da 34 anni \u00e8 ancora vietato in Irlanda.\" \/>\n<meta property=\"og:url\" content=\"https:\/\/newsvirali.it\/fr\/2024\/03\/04\/lepisode-de-star-trek-en-irlande-censure-pendant-34-ans-voici-pourquoi\/\" \/>\n<meta property=\"og:site_name\" content=\"News virali\" \/>\n<meta property=\"article:published_time\" content=\"2024-03-04T10:38:39+00:00\" \/>\n<meta property=\"article:modified_time\" content=\"2024-03-04T10:38:40+00:00\" \/>\n<meta property=\"og:image\" content=\"https:\/\/newsvirali.it\/wp-content\/uploads\/2024\/03\/Data_Star_Trek.png\" \/>\n\t<meta property=\"og:image:width\" content=\"640\" \/>\n\t<meta property=\"og:image:height\" content=\"480\" \/>\n\t<meta property=\"og:image:type\" content=\"image\/png\" \/>\n<meta name=\"author\" content=\"Cecco Prestina\" \/>\n<meta name=\"twitter:card\" content=\"summary_large_image\" \/>\n<meta name=\"twitter:label1\" content=\"\u00c9crit par\" \/>\n\t<meta name=\"twitter:data1\" content=\"Cecco Prestina\" \/>\n\t<meta name=\"twitter:label2\" content=\"Dur\u00e9e de lecture estim\u00e9e\" \/>\n\t<meta name=\"twitter:data2\" content=\"3 minutes\" \/>\n<script type=\"application\/ld+json\" class=\"yoast-schema-graph\">{\"@context\":\"https:\/\/schema.org\",\"@graph\":[{\"@type\":\"NewsArticle\",\"@id\":\"https:\/\/newsvirali.it\/2024\/03\/04\/irlanda-episodio-di-star-trek-censurato-da-34-anni-ecco-perche\/#article\",\"isPartOf\":{\"@id\":\"https:\/\/newsvirali.it\/2024\/03\/04\/irlanda-episodio-di-star-trek-censurato-da-34-anni-ecco-perche\/\"},\"author\":{\"name\":\"Cecco Prestina\",\"@id\":\"https:\/\/newsvirali.it\/fr\/#\/schema\/person\/4c835f7b49c9adb58b33901ee816565d\"},\"headline\":\"Irlanda, episodio di Star Trek censurato da 34 anni: ecco perch\u00e9\",\"datePublished\":\"2024-03-04T10:38:39+00:00\",\"dateModified\":\"2024-03-04T10:38:40+00:00\",\"mainEntityOfPage\":{\"@id\":\"https:\/\/newsvirali.it\/2024\/03\/04\/irlanda-episodio-di-star-trek-censurato-da-34-anni-ecco-perche\/\"},\"wordCount\":436,\"commentCount\":0,\"image\":{\"@id\":\"https:\/\/newsvirali.it\/2024\/03\/04\/irlanda-episodio-di-star-trek-censurato-da-34-anni-ecco-perche\/#primaryimage\"},\"thumbnailUrl\":\"https:\/\/newsvirali.it\/wp-content\/uploads\/2024\/03\/Data_Star_Trek.png\",\"articleSection\":[\"Televisione\"],\"inLanguage\":\"fr-FR\",\"potentialAction\":[{\"@type\":\"CommentAction\",\"name\":\"Comment\",\"target\":[\"https:\/\/newsvirali.it\/2024\/03\/04\/irlanda-episodio-di-star-trek-censurato-da-34-anni-ecco-perche\/#respond\"]}],\"copyrightYear\":\"2024\",\"copyrightHolder\":{\"@id\":\"https:\/\/newsvirali.it\/fr\/#organization\"}},{\"@type\":\"WebPage\",\"@id\":\"https:\/\/newsvirali.it\/2024\/03\/04\/irlanda-episodio-di-star-trek-censurato-da-34-anni-ecco-perche\/\",\"url\":\"https:\/\/newsvirali.it\/2024\/03\/04\/irlanda-episodio-di-star-trek-censurato-da-34-anni-ecco-perche\/\",\"name\":\"Irlanda, episodio di Star Trek censurato da 34 anni: ecco perch\u00e9\",\"isPartOf\":{\"@id\":\"https:\/\/newsvirali.it\/fr\/#website\"},\"primaryImageOfPage\":{\"@id\":\"https:\/\/newsvirali.it\/2024\/03\/04\/irlanda-episodio-di-star-trek-censurato-da-34-anni-ecco-perche\/#primaryimage\"},\"image\":{\"@id\":\"https:\/\/newsvirali.it\/2024\/03\/04\/irlanda-episodio-di-star-trek-censurato-da-34-anni-ecco-perche\/#primaryimage\"},\"thumbnailUrl\":\"https:\/\/newsvirali.it\/wp-content\/uploads\/2024\/03\/Data_Star_Trek.png\",\"datePublished\":\"2024-03-04T10:38:39+00:00\",\"dateModified\":\"2024-03-04T10:38:40+00:00\",\"author\":{\"@id\":\"https:\/\/newsvirali.it\/fr\/#\/schema\/person\/4c835f7b49c9adb58b33901ee816565d\"},\"description\":\"Un episodio di Star Trek che fa riferimento alla \\\"unificazione irlandese nel 2024\\\" \u00e8 stato censurato e da 34 anni \u00e8 ancora vietato in Irlanda.\",\"breadcrumb\":{\"@id\":\"https:\/\/newsvirali.it\/2024\/03\/04\/irlanda-episodio-di-star-trek-censurato-da-34-anni-ecco-perche\/#breadcrumb\"},\"inLanguage\":\"fr-FR\",\"potentialAction\":[{\"@type\":\"ReadAction\",\"target\":[\"https:\/\/newsvirali.it\/2024\/03\/04\/irlanda-episodio-di-star-trek-censurato-da-34-anni-ecco-perche\/\"]}]},{\"@type\":\"ImageObject\",\"inLanguage\":\"fr-FR\",\"@id\":\"https:\/\/newsvirali.it\/2024\/03\/04\/irlanda-episodio-di-star-trek-censurato-da-34-anni-ecco-perche\/#primaryimage\",\"url\":\"https:\/\/newsvirali.it\/wp-content\/uploads\/2024\/03\/Data_Star_Trek.png\",\"contentUrl\":\"https:\/\/newsvirali.it\/wp-content\/uploads\/2024\/03\/Data_Star_Trek.png\",\"width\":640,\"height\":480,\"caption\":\"Irlanda, episodio di Star Trek censurato da 34 anni: ecco perch\u00e9\"},{\"@type\":\"BreadcrumbList\",\"@id\":\"https:\/\/newsvirali.it\/2024\/03\/04\/irlanda-episodio-di-star-trek-censurato-da-34-anni-ecco-perche\/#breadcrumb\",\"itemListElement\":[{\"@type\":\"ListItem\",\"position\":1,\"name\":\"Home\",\"item\":\"https:\/\/newsvirali.it\/fr\/\"},{\"@type\":\"ListItem\",\"position\":2,\"name\":\"Irlanda, episodio di Star Trek censurato da 34 anni: ecco perch\u00e9\"}]},{\"@type\":\"WebSite\",\"@id\":\"https:\/\/newsvirali.it\/fr\/#website\",\"url\":\"https:\/\/newsvirali.it\/fr\/\",\"name\":\"Bake News\",\"description\":\"\",\"potentialAction\":[{\"@type\":\"SearchAction\",\"target\":{\"@type\":\"EntryPoint\",\"urlTemplate\":\"https:\/\/newsvirali.it\/fr\/?s={search_term_string}\"},\"query-input\":{\"@type\":\"PropertyValueSpecification\",\"valueRequired\":true,\"valueName\":\"search_term_string\"}}],\"inLanguage\":\"fr-FR\"},{\"@type\":\"Person\",\"@id\":\"https:\/\/newsvirali.it\/fr\/#\/schema\/person\/4c835f7b49c9adb58b33901ee816565d\",\"name\":\"Cecco Prestina\",\"description\":\"Perch\u00e9 nasconderlo? Cecco Prestina \u00e8 un alias, ma dietro di lui non si cela un algoritmo di intelligenza artificiale. C'\u00e8 un giornalista che ha oltre vent'anni di esperienza tutta sul web. Da quando il primo modem ha iniziato a gracchiare sul territorio italiano con Video on Line, Cecco ha capito che da quel doppino sarebbe passato il futuro. Ha dedidicato tutta la sua carriera a capire Internet e poi i social e ora l'Ai. Una carriera in costante aggiornamento. E questa esperienza la mette in campo ogni giorno. Per\u00f2 ogni tanto Cecco ha voglia anche di non scrivere \\\"pipponi\\\" sulla politica, sull'economia. Ha voglia anche di scrivere qualcosa di divertente. Le notizie che trovate su Bake News sono le stesse che Cecco porta all'aperitivo con gli amici. Quelle di cui discutere per farsi due risate. Notizie, vere (qualche volta si fa fatica a crederlo), strane, divertenti, ma anche serie. Bake News \u00e8 nato per questo, dare al pubblico notizie croccanti e calde come il pane che esce dal forno. E Cecco Prestina \u00e8 nato con Bake News.\",\"url\":\"https:\/\/newsvirali.it\/fr\/autore\/cecco-prestina\/\"}]}<\/script>\n<!-- \/ Yoast SEO Premium plugin. -->","yoast_head_json":{"title":"Irlanda, episodio di Star Trek censurato da 34 anni: ecco perch\u00e9","description":"Un episodio di Star Trek che fa riferimento alla \"unificazione irlandese nel 2024\" \u00e8 stato censurato e da 34 anni \u00e8 ancora vietato in Irlanda.","robots":{"index":"index","follow":"follow","max-snippet":"max-snippet:-1","max-image-preview":"max-image-preview:large","max-video-preview":"max-video-preview:-1"},"canonical":"https:\/\/newsvirali.it\/fr\/2024\/03\/04\/lepisode-de-star-trek-en-irlande-censure-pendant-34-ans-voici-pourquoi\/","og_locale":"fr_FR","og_type":"article","og_title":"Irlanda, episodio di Star Trek censurato da 34 anni: ecco perch\u00e9","og_description":"Un episodio di Star Trek che fa riferimento alla \"unificazione irlandese nel 2024\" \u00e8 stato censurato e da 34 anni \u00e8 ancora vietato in Irlanda.","og_url":"https:\/\/newsvirali.it\/fr\/2024\/03\/04\/lepisode-de-star-trek-en-irlande-censure-pendant-34-ans-voici-pourquoi\/","og_site_name":"News virali","article_published_time":"2024-03-04T10:38:39+00:00","article_modified_time":"2024-03-04T10:38:40+00:00","og_image":[{"width":640,"height":480,"url":"https:\/\/newsvirali.it\/wp-content\/uploads\/2024\/03\/Data_Star_Trek.png","type":"image\/png"}],"author":"Cecco Prestina","twitter_card":"summary_large_image","twitter_misc":{"\u00c9crit par":"Cecco Prestina","Dur\u00e9e de lecture estim\u00e9e":"3 minutes"},"schema":{"@context":"https:\/\/schema.org","@graph":[{"@type":"NewsArticle","@id":"https:\/\/newsvirali.it\/2024\/03\/04\/irlanda-episodio-di-star-trek-censurato-da-34-anni-ecco-perche\/#article","isPartOf":{"@id":"https:\/\/newsvirali.it\/2024\/03\/04\/irlanda-episodio-di-star-trek-censurato-da-34-anni-ecco-perche\/"},"author":{"name":"Cecco Prestina","@id":"https:\/\/newsvirali.it\/fr\/#\/schema\/person\/4c835f7b49c9adb58b33901ee816565d"},"headline":"Irlanda, episodio di Star Trek censurato da 34 anni: ecco perch\u00e9","datePublished":"2024-03-04T10:38:39+00:00","dateModified":"2024-03-04T10:38:40+00:00","mainEntityOfPage":{"@id":"https:\/\/newsvirali.it\/2024\/03\/04\/irlanda-episodio-di-star-trek-censurato-da-34-anni-ecco-perche\/"},"wordCount":436,"commentCount":0,"image":{"@id":"https:\/\/newsvirali.it\/2024\/03\/04\/irlanda-episodio-di-star-trek-censurato-da-34-anni-ecco-perche\/#primaryimage"},"thumbnailUrl":"https:\/\/newsvirali.it\/wp-content\/uploads\/2024\/03\/Data_Star_Trek.png","articleSection":["Televisione"],"inLanguage":"fr-FR","potentialAction":[{"@type":"CommentAction","name":"Comment","target":["https:\/\/newsvirali.it\/2024\/03\/04\/irlanda-episodio-di-star-trek-censurato-da-34-anni-ecco-perche\/#respond"]}],"copyrightYear":"2024","copyrightHolder":{"@id":"https:\/\/newsvirali.it\/fr\/#organization"}},{"@type":"WebPage","@id":"https:\/\/newsvirali.it\/2024\/03\/04\/irlanda-episodio-di-star-trek-censurato-da-34-anni-ecco-perche\/","url":"https:\/\/newsvirali.it\/2024\/03\/04\/irlanda-episodio-di-star-trek-censurato-da-34-anni-ecco-perche\/","name":"Irlanda, episodio di Star Trek censurato da 34 anni: ecco perch\u00e9","isPartOf":{"@id":"https:\/\/newsvirali.it\/fr\/#website"},"primaryImageOfPage":{"@id":"https:\/\/newsvirali.it\/2024\/03\/04\/irlanda-episodio-di-star-trek-censurato-da-34-anni-ecco-perche\/#primaryimage"},"image":{"@id":"https:\/\/newsvirali.it\/2024\/03\/04\/irlanda-episodio-di-star-trek-censurato-da-34-anni-ecco-perche\/#primaryimage"},"thumbnailUrl":"https:\/\/newsvirali.it\/wp-content\/uploads\/2024\/03\/Data_Star_Trek.png","datePublished":"2024-03-04T10:38:39+00:00","dateModified":"2024-03-04T10:38:40+00:00","author":{"@id":"https:\/\/newsvirali.it\/fr\/#\/schema\/person\/4c835f7b49c9adb58b33901ee816565d"},"description":"Un episodio di Star Trek che fa riferimento alla \"unificazione irlandese nel 2024\" \u00e8 stato censurato e da 34 anni \u00e8 ancora vietato in Irlanda.","breadcrumb":{"@id":"https:\/\/newsvirali.it\/2024\/03\/04\/irlanda-episodio-di-star-trek-censurato-da-34-anni-ecco-perche\/#breadcrumb"},"inLanguage":"fr-FR","potentialAction":[{"@type":"ReadAction","target":["https:\/\/newsvirali.it\/2024\/03\/04\/irlanda-episodio-di-star-trek-censurato-da-34-anni-ecco-perche\/"]}]},{"@type":"ImageObject","inLanguage":"fr-FR","@id":"https:\/\/newsvirali.it\/2024\/03\/04\/irlanda-episodio-di-star-trek-censurato-da-34-anni-ecco-perche\/#primaryimage","url":"https:\/\/newsvirali.it\/wp-content\/uploads\/2024\/03\/Data_Star_Trek.png","contentUrl":"https:\/\/newsvirali.it\/wp-content\/uploads\/2024\/03\/Data_Star_Trek.png","width":640,"height":480,"caption":"Irlanda, episodio di Star Trek censurato da 34 anni: ecco perch\u00e9"},{"@type":"BreadcrumbList","@id":"https:\/\/newsvirali.it\/2024\/03\/04\/irlanda-episodio-di-star-trek-censurato-da-34-anni-ecco-perche\/#breadcrumb","itemListElement":[{"@type":"ListItem","position":1,"name":"Home","item":"https:\/\/newsvirali.it\/fr\/"},{"@type":"ListItem","position":2,"name":"Irlanda, episodio di Star Trek censurato da 34 anni: ecco perch\u00e9"}]},{"@type":"WebSite","@id":"https:\/\/newsvirali.it\/fr\/#website","url":"https:\/\/newsvirali.it\/fr\/","name":"Bake News","description":"","potentialAction":[{"@type":"SearchAction","target":{"@type":"EntryPoint","urlTemplate":"https:\/\/newsvirali.it\/fr\/?s={search_term_string}"},"query-input":{"@type":"PropertyValueSpecification","valueRequired":true,"valueName":"search_term_string"}}],"inLanguage":"fr-FR"},{"@type":"Person","@id":"https:\/\/newsvirali.it\/fr\/#\/schema\/person\/4c835f7b49c9adb58b33901ee816565d","name":"Cecco Prestina","description":"Perch\u00e9 nasconderlo? Cecco Prestina \u00e8 un alias, ma dietro di lui non si cela un algoritmo di intelligenza artificiale. C'\u00e8 un giornalista che ha oltre vent'anni di esperienza tutta sul web. Da quando il primo modem ha iniziato a gracchiare sul territorio italiano con Video on Line, Cecco ha capito che da quel doppino sarebbe passato il futuro. Ha dedidicato tutta la sua carriera a capire Internet e poi i social e ora l'Ai. Una carriera in costante aggiornamento. E questa esperienza la mette in campo ogni giorno. Per\u00f2 ogni tanto Cecco ha voglia anche di non scrivere \"pipponi\" sulla politica, sull'economia. Ha voglia anche di scrivere qualcosa di divertente. Le notizie che trovate su Bake News sono le stesse che Cecco porta all'aperitivo con gli amici. Quelle di cui discutere per farsi due risate. Notizie, vere (qualche volta si fa fatica a crederlo), strane, divertenti, ma anche serie. Bake News \u00e8 nato per questo, dare al pubblico notizie croccanti e calde come il pane che esce dal forno. E Cecco Prestina \u00e8 nato con Bake News.","url":"https:\/\/newsvirali.it\/fr\/autore\/cecco-prestina\/"}]}},"_links":{"self":[{"href":"https:\/\/newsvirali.it\/fr\/wp-json\/wp\/v2\/posts\/18714","targetHints":{"allow":["GET"]}}],"collection":[{"href":"https:\/\/newsvirali.it\/fr\/wp-json\/wp\/v2\/posts"}],"about":[{"href":"https:\/\/newsvirali.it\/fr\/wp-json\/wp\/v2\/types\/post"}],"author":[{"embeddable":true,"href":"https:\/\/newsvirali.it\/fr\/wp-json\/wp\/v2\/users\/4"}],"replies":[{"embeddable":true,"href":"https:\/\/newsvirali.it\/fr\/wp-json\/wp\/v2\/comments?post=18714"}],"version-history":[{"count":3,"href":"https:\/\/newsvirali.it\/fr\/wp-json\/wp\/v2\/posts\/18714\/revisions"}],"predecessor-version":[{"id":18718,"href":"https:\/\/newsvirali.it\/fr\/wp-json\/wp\/v2\/posts\/18714\/revisions\/18718"}],"wp:featuredmedia":[{"embeddable":true,"href":"https:\/\/newsvirali.it\/fr\/wp-json\/wp\/v2\/media\/18715"}],"wp:attachment":[{"href":"https:\/\/newsvirali.it\/fr\/wp-json\/wp\/v2\/media?parent=18714"}],"wp:term":[{"taxonomy":"category","embeddable":true,"href":"https:\/\/newsvirali.it\/fr\/wp-json\/wp\/v2\/categories?post=18714"},{"taxonomy":"post_tag","embeddable":true,"href":"https:\/\/newsvirali.it\/fr\/wp-json\/wp\/v2\/tags?post=18714"}],"curies":[{"name":"wp","href":"https:\/\/api.w.org\/{rel}","templated":true}]}}