{"id":17266,"date":"2024-02-16T16:09:06","date_gmt":"2024-02-16T15:09:06","guid":{"rendered":"https:\/\/www.bakenews.it\/?p=17266"},"modified":"2024-02-16T17:19:50","modified_gmt":"2024-02-16T16:19:50","slug":"il-castello-delle-cerimonie-e-abusivo-confiscata-la-sonrisa","status":"publish","type":"post","link":"https:\/\/newsvirali.it\/fr\/2024\/02\/16\/le-chateau-des-ceremonies-et-des-abus-a-confisque-le-sourire\/","title":{"rendered":"Le \u00ab Ch\u00e2teau des C\u00e9r\u00e9monies \u00bb est ill\u00e9gal : \u00ab La Sonrisa \u00bb confisqu\u00e9e"},"content":{"rendered":"<p>Le Ch\u00e2teau des C\u00e9r\u00e9monies est d\u00e9finitivement consid\u00e9r\u00e9 comme ill\u00e9gal et &quot;La Sonrisa&quot;, rendue c\u00e9l\u00e8bre \u00e0 la t\u00e9l\u00e9vision par le &quot;Patron des C\u00e9r\u00e9monies&quot;, a \u00e9t\u00e9 confisqu\u00e9e. La Cour de cassation a rendu d\u00e9finitive la confiscation du Castello delle Cerimonie, \u00e9galement connu sous le nom de &quot;La Sonrisa&quot;, situ\u00e9 \u00e0 Sant&#039;Antonio Abbate dans la province de Naples. L&#039;\u00e9tablissement d&#039;h\u00e9bergement est devenu c\u00e9l\u00e8bre aupr\u00e8s du grand public pour avoir \u00e9t\u00e9 le lieu d&#039;une s\u00e9rie t\u00e9l\u00e9vis\u00e9e diffus\u00e9e en temps r\u00e9el, ax\u00e9e sur les c\u00e9l\u00e9brations de mariages et autres occasions.<\/p>\n\n\n\n<p><strong>LIRE AUSSI<\/strong><\/p>\n\n\n<ul class=\"wp-block-latest-posts__list wp-block-latest-posts\"><li><a class=\"wp-block-latest-posts__post-title\" href=\"https:\/\/newsvirali.it\/fr\/2026\/02\/12\/emma-amit-crabe-du-diable-mort\/\">La vlogueuse Emma Amit d\u00e9c\u00e8de apr\u00e8s avoir consomm\u00e9 du crabe du diable toxique<\/a><\/li>\n<li><a class=\"wp-block-latest-posts__post-title\" href=\"https:\/\/newsvirali.it\/fr\/2026\/02\/11\/les-penalites-pour-les-costumes-des-jeux-olympiques-de-2026-souvrent\/\">Milan-Cortina 2026\u00a0: Ouverture du costume en comp\u00e9tition\u00a0: la patineuse \u00e9vite la p\u00e9nalit\u00e9<\/a><\/li>\n<li><a class=\"wp-block-latest-posts__post-title\" href=\"https:\/\/newsvirali.it\/fr\/2026\/02\/09\/panne-de-courant-flying-pig-en-chine\/\">Un cochon volant provoque une panne de courant\u00a0: d\u00e9couvrez cette histoire incroyable (et ce n\u2019est pas de l\u2019IA).<\/a><\/li>\n<li><a class=\"wp-block-latest-posts__post-title\" href=\"https:\/\/newsvirali.it\/fr\/2026\/02\/05\/suicide-des-trois-soeurs-en-inde\/\">Des parents confisquent les t\u00e9l\u00e9phones portables de trois s\u0153urs qui jouent excessivement aux jeux vid\u00e9o\u00a0: trois s\u0153urs se suicident<\/a><\/li>\n<li><a class=\"wp-block-latest-posts__post-title\" href=\"https:\/\/newsvirali.it\/fr\/2026\/02\/04\/strategie-xai-de-spacex-centres-de-donnees-spatiaux-de-musk\/\">Ce n&#039;est pas une fusion\u00a0: le v\u00e9ritable plan de Musk derri\u00e8re SpaceX et xAI<\/a><\/li>\n<\/ul>\n\n\n<h2 class=\"wp-block-heading\" id=\"h-il-castello-delle-cerimonie-e-abusivo\">Le \u00ab Ch\u00e2teau des c\u00e9r\u00e9monies \u00bb est ill\u00e9gal<\/h2>\n\n\n\n<p>La Cour Supr\u00eame a confirm\u00e9 la confiscation des b\u00e2timents et des terrains sur lesquels se trouve le Ch\u00e2teau, qui passeront au patrimoine de la Commune de Sant&#039;Antonio Abate. Les crimes reproch\u00e9s aux suspects ont \u00e9t\u00e9 interdits.<\/p>\n\n\n\n<p>Le proc\u00e8s Sonrisa a d\u00e9but\u00e9 en 2011, lorsque les enqu\u00eateurs ont contest\u00e9 une s\u00e9rie de violations de constructions commises \u00e0 partir de 1979 sur une superficie de plus de 40 000 m\u00e8tres carr\u00e9s.<\/p>\n\n\n\n<p>En 2016, le tribunal de Torre Annunziata a condamn\u00e9 Rita Greco, \u00e9pouse d\u00e9c\u00e9d\u00e9e du \u00ab patron de c\u00e9r\u00e9monie \u00bb Tobia Antonio Polese, et Agostino Polese, fr\u00e8re de Tobia et directeur de l&#039;entreprise, \u00e0 un an de prison (peine avec sursis). La peine de premi\u00e8re instance a ensuite \u00e9t\u00e9 partiellement r\u00e9form\u00e9e par la Cour d&#039;appel de Naples. Avec l&#039;arr\u00eat de la Cour supr\u00eame, la sentence est devenue d\u00e9finitive.<br>L\u2019avenir du Ch\u00e2teau C\u00e9r\u00e9monial est d\u00e9sormais incertain. La municipalit\u00e9 de Sant&#039;Antonio Abate devra d\u00e9cider de l&#039;utilisation de la structure.<\/p>\n\n\n\n<h2 class=\"wp-block-heading\" id=\"h-la-famiglia-polese-faremo-ricorso-a-strasburgo\">La famille Polonaise : \u00ab Nous ferons appel \u00e0 Strasbourg \u00bb<\/h2>\n\n\n\n<p>\u00abNous pensons que nous avons subi une injustice, que peut-\u00eatre la Cour de cassation n&#039;a m\u00eame pas lu les documents et qu&#039;une appr\u00e9ciation unilat\u00e9rale a \u00e9t\u00e9 faite. Nous r\u00e9fl\u00e9chissons avec les avocats \u00e0 ce qu&#039;il faut faire d&#039;autre, je pense que nous ferons appel \u00e0 la Cour de Strasbourg, pour \u00eatre \u00e9valu\u00e9s par un tribunal impartial. Nous sommes tous d\u00e9courag\u00e9s, ainsi que nos quelque 300 familles qui travaillent avec nous directement et indirectement. Nous pensions que la justice \u00e9tait diff\u00e9rente, que pour les crimes qui avaient expir\u00e9, le d\u00e9lai de prescription ne se poursuivrait pas de cette mani\u00e8re, nous ne nous attendions pas \u00e0 cette d\u00e9cision. \u00bb C&#039;est ce que dit Ciro Polese, l&#039;un des partenaires et propri\u00e9taires du &quot;ch\u00e2teau des c\u00e9r\u00e9monies&quot; confisqu\u00e9 \u00e0 Sant&#039;Antonio Abate (Naples). \u00abMaintenant, je ne sais pas ce qui va se passer. Pour le moment, nous continuons \u00e0 travailler parce que le Tribunal nous a confi\u00e9 l&#039;entreprise, justement pour ne pas renvoyer les travailleurs chez eux. Nous esp\u00e9rons que la municipalit\u00e9 pourra le faire aussi. Ou qu&#039;\u00e0 l&#039;avenir une ou plusieurs associations s&#039;occuperont de la structure, ce qui ne renverra pas nos salari\u00e9s chez eux. Nous continuerons notre combat.&quot;<\/p>\n\n\n\n<h2 class=\"wp-block-heading\" id=\"h-ecco-alcuni-possibili-scenari\">Voici quelques sc\u00e9narios possibles<\/h2>\n\n\n\n<p>Le Ch\u00e2teau pourrait \u00eatre utilis\u00e9 comme lieu d&#039;activit\u00e9s municipales telles que des bureaux, des biblioth\u00e8ques ou des centres culturels.<br>Il pourrait \u00eatre mis en vente pour r\u00e9colter des fonds pour les caisses municipales.<br>Il pourrait \u00eatre g\u00e9r\u00e9 par des particuliers qui se chargeraient de sa restructuration et de son r\u00e9am\u00e9nagement.<br>La d\u00e9cision de la municipalit\u00e9 aura un impact significatif sur l&#039;avenir du Castello delle Cerimonie et de la communaut\u00e9 de Sant&#039;Antonio Abate.<\/p>\n\n\n\n<p><strong>DERNIERS ARTICLES DE NOUVELLES<\/strong><\/p>\n\n\n<ul class=\"wp-block-latest-posts__list wp-block-latest-posts\"><li><a class=\"wp-block-latest-posts__post-title\" href=\"https:\/\/newsvirali.it\/fr\/2026\/01\/30\/nouveaux-messages-darnaque-whatsapp-argent-des-amis\/\">Nouvelle arnaque sur WhatsApp\u00a0: le message provient d\u2019un ami qui demande de l\u2019argent.<\/a><\/li>\n<li><a class=\"wp-block-latest-posts__post-title\" href=\"https:\/\/newsvirali.it\/fr\/2026\/01\/27\/la-collecte-de-fonds-gofundme-de-kastadiva-a-ete-bloquee\/\">La drag queen KastaDiva se suicide ; Taffo bloque la collecte de fonds pour le rapatriement de son corps.<\/a><\/li>\n<li><a class=\"wp-block-latest-posts__post-title\" href=\"https:\/\/newsvirali.it\/fr\/2026\/01\/26\/affaire-pretti-fusillade-accidentelle\/\">Affaire Pretti\u00a0: La th\u00e9orie du tir accidentel embarrasse l\u2019ICE<\/a><\/li>\n<li><a class=\"wp-block-latest-posts__post-title\" href=\"https:\/\/newsvirali.it\/fr\/2026\/01\/21\/querelle-doleaire-musc\/\">L&#039;\u00e9change acerbe entre Musk et O&#039;Leary sur les r\u00e9seaux sociaux\u00a0: voici pourquoi ils se sont brouill\u00e9s.<\/a><\/li>\n<li><a class=\"wp-block-latest-posts__post-title\" href=\"https:\/\/newsvirali.it\/fr\/2025\/12\/10\/un-fugitif-de-la-creche-de-galatone-arrete\/\">Un fugitif arr\u00eat\u00e9 \u00e0 Galatone (Lecce) pour s&#039;\u00eatre fondu dans les statues de la cr\u00e8che.<\/a><\/li>\n<\/ul><br \/>Suivez-nous \u00e9galement sur Google News : <b><a href=\"https:\/\/news.google.com\/publications\/CAAqBwgKMNqJiwswjMfqAg?hl=it&gl=IT&ceid=IT:it\" target=\"_blank\">Cliquez ici<\/a><\/b>","protected":false},"excerpt":{"rendered":"<p>Le Ch\u00e2teau des C\u00e9r\u00e9monies est d\u00e9finitivement consid\u00e9r\u00e9 comme ill\u00e9gal et \u00ab La Sonrisa \u00bb, rendue c\u00e9l\u00e8bre \u00e0 la t\u00e9l\u00e9vision avec le \u00ab Patron des C\u00e9r\u00e9monies \u00bb, est [\u2026]<\/p>","protected":false},"author":4,"featured_media":17267,"comment_status":"open","ping_status":"open","sticky":false,"template":"","format":"standard","meta":{"MSN_Categories":"Uncategorized","MSN_Publish_Option":false,"MSN_Is_Local_News":false,"MSN_Is_AIAC_Included":"Empty","MSN_Location":"[]","MSN_Add_Feature_Img_On_Top_Of_Post":false,"MSN_Has_Custom_Author":false,"MSN_Custom_Author":"","MSN_Has_Custom_Canonical_Url":false,"MSN_Custom_Canonical_Url":"","footnotes":""},"categories":[7],"tags":[],"class_list":["post-17266","post","type-post","status-publish","format-standard","has-post-thumbnail","hentry","category-cronaca"],"acf":[],"yoast_head":"<!-- This site is optimized with the Yoast SEO Premium plugin v26.7 (Yoast SEO v26.7) - https:\/\/yoast.com\/wordpress\/plugins\/seo\/ -->\n<title>Il &quot;Castello delle Cerimonie&quot; \u00e8 abusivo: confiscata &quot;La Sonrisa&quot;<\/title>\n<meta name=\"description\" content=\"Il Castello delle Cerimonie \u00e8 definitivamente considerato abusivo e &quot;La Sonrisa&quot;, resa celebre in tv col &quot;Boss delle cerimonie&quot;, \u00e8 stata confiscata.\" \/>\n<meta name=\"robots\" content=\"index, follow, max-snippet:-1, max-image-preview:large, max-video-preview:-1\" \/>\n<link rel=\"canonical\" href=\"https:\/\/newsvirali.it\/fr\/2024\/02\/16\/das-schloss-der-zeremonien-und-beschlagnahmte-die-sonrisa-illegal\/\" \/>\n<meta property=\"og:locale\" content=\"fr_FR\" \/>\n<meta property=\"og:type\" content=\"article\" \/>\n<meta property=\"og:title\" content=\"Il &quot;Castello delle Cerimonie&quot; \u00e8 abusivo: confiscata &quot;La Sonrisa&quot;\" \/>\n<meta property=\"og:description\" content=\"Il Castello delle Cerimonie \u00e8 definitivamente considerato abusivo e &quot;La Sonrisa&quot;, resa celebre in tv col &quot;Boss delle cerimonie&quot;, \u00e8 stata confiscata.\" \/>\n<meta property=\"og:url\" content=\"https:\/\/newsvirali.it\/fr\/2024\/02\/16\/das-schloss-der-zeremonien-und-beschlagnahmte-die-sonrisa-illegal\/\" \/>\n<meta property=\"og:site_name\" content=\"News virali\" \/>\n<meta property=\"article:published_time\" content=\"2024-02-16T15:09:06+00:00\" \/>\n<meta property=\"article:modified_time\" content=\"2024-02-16T16:19:50+00:00\" \/>\n<meta property=\"og:image\" content=\"https:\/\/newsvirali.it\/wp-content\/uploads\/2024\/02\/MixCollage-16-Feb-2024-04-07-PM-2025.jpg\" \/>\n\t<meta property=\"og:image:width\" content=\"2560\" \/>\n\t<meta property=\"og:image:height\" content=\"1440\" \/>\n\t<meta property=\"og:image:type\" content=\"image\/jpeg\" \/>\n<meta name=\"author\" content=\"Cecco Prestina\" \/>\n<meta name=\"twitter:card\" content=\"summary_large_image\" \/>\n<meta name=\"twitter:label1\" content=\"\u00c9crit par\" \/>\n\t<meta name=\"twitter:data1\" content=\"Cecco Prestina\" \/>\n\t<meta name=\"twitter:label2\" content=\"Dur\u00e9e de lecture estim\u00e9e\" \/>\n\t<meta name=\"twitter:data2\" content=\"3 minutes\" \/>\n<script type=\"application\/ld+json\" class=\"yoast-schema-graph\">{\"@context\":\"https:\/\/schema.org\",\"@graph\":[{\"@type\":\"NewsArticle\",\"@id\":\"https:\/\/newsvirali.it\/de\/2024\/02\/16\/das-schloss-der-zeremonien-und-beschlagnahmte-die-sonrisa-illegal\/#article\",\"isPartOf\":{\"@id\":\"https:\/\/newsvirali.it\/de\/2024\/02\/16\/das-schloss-der-zeremonien-und-beschlagnahmte-die-sonrisa-illegal\/\"},\"author\":{\"name\":\"Cecco Prestina\",\"@id\":\"https:\/\/newsvirali.it\/fr\/#\/schema\/person\/4c835f7b49c9adb58b33901ee816565d\"},\"headline\":\"Il &#8220;Castello delle Cerimonie&#8221; \u00e8 abusivo: confiscata &#8220;La Sonrisa&#8221;\",\"datePublished\":\"2024-02-16T15:09:06+00:00\",\"dateModified\":\"2024-02-16T16:19:50+00:00\",\"mainEntityOfPage\":{\"@id\":\"https:\/\/newsvirali.it\/de\/2024\/02\/16\/das-schloss-der-zeremonien-und-beschlagnahmte-die-sonrisa-illegal\/\"},\"wordCount\":477,\"commentCount\":0,\"image\":{\"@id\":\"https:\/\/newsvirali.it\/de\/2024\/02\/16\/das-schloss-der-zeremonien-und-beschlagnahmte-die-sonrisa-illegal\/#primaryimage\"},\"thumbnailUrl\":\"https:\/\/newsvirali.it\/wp-content\/uploads\/2024\/02\/MixCollage-16-Feb-2024-04-07-PM-2025.jpg\",\"articleSection\":[\"Cronaca\"],\"inLanguage\":\"fr-FR\",\"potentialAction\":[{\"@type\":\"CommentAction\",\"name\":\"Comment\",\"target\":[\"https:\/\/newsvirali.it\/de\/2024\/02\/16\/das-schloss-der-zeremonien-und-beschlagnahmte-die-sonrisa-illegal\/#respond\"]}],\"copyrightYear\":\"2024\",\"copyrightHolder\":{\"@id\":\"https:\/\/newsvirali.it\/fr\/#organization\"}},{\"@type\":\"WebPage\",\"@id\":\"https:\/\/newsvirali.it\/de\/2024\/02\/16\/das-schloss-der-zeremonien-und-beschlagnahmte-die-sonrisa-illegal\/\",\"url\":\"https:\/\/newsvirali.it\/de\/2024\/02\/16\/das-schloss-der-zeremonien-und-beschlagnahmte-die-sonrisa-illegal\/\",\"name\":\"Il \\\"Castello delle Cerimonie\\\" \u00e8 abusivo: confiscata \\\"La Sonrisa\\\"\",\"isPartOf\":{\"@id\":\"https:\/\/newsvirali.it\/fr\/#website\"},\"primaryImageOfPage\":{\"@id\":\"https:\/\/newsvirali.it\/de\/2024\/02\/16\/das-schloss-der-zeremonien-und-beschlagnahmte-die-sonrisa-illegal\/#primaryimage\"},\"image\":{\"@id\":\"https:\/\/newsvirali.it\/de\/2024\/02\/16\/das-schloss-der-zeremonien-und-beschlagnahmte-die-sonrisa-illegal\/#primaryimage\"},\"thumbnailUrl\":\"https:\/\/newsvirali.it\/wp-content\/uploads\/2024\/02\/MixCollage-16-Feb-2024-04-07-PM-2025.jpg\",\"datePublished\":\"2024-02-16T15:09:06+00:00\",\"dateModified\":\"2024-02-16T16:19:50+00:00\",\"author\":{\"@id\":\"https:\/\/newsvirali.it\/fr\/#\/schema\/person\/4c835f7b49c9adb58b33901ee816565d\"},\"description\":\"Il Castello delle Cerimonie \u00e8 definitivamente considerato abusivo e \\\"La Sonrisa\\\", resa celebre in tv col \\\"Boss delle cerimonie\\\", \u00e8 stata confiscata.\",\"breadcrumb\":{\"@id\":\"https:\/\/newsvirali.it\/de\/2024\/02\/16\/das-schloss-der-zeremonien-und-beschlagnahmte-die-sonrisa-illegal\/#breadcrumb\"},\"inLanguage\":\"fr-FR\",\"potentialAction\":[{\"@type\":\"ReadAction\",\"target\":[\"https:\/\/newsvirali.it\/de\/2024\/02\/16\/das-schloss-der-zeremonien-und-beschlagnahmte-die-sonrisa-illegal\/\"]}]},{\"@type\":\"ImageObject\",\"inLanguage\":\"fr-FR\",\"@id\":\"https:\/\/newsvirali.it\/de\/2024\/02\/16\/das-schloss-der-zeremonien-und-beschlagnahmte-die-sonrisa-illegal\/#primaryimage\",\"url\":\"https:\/\/newsvirali.it\/wp-content\/uploads\/2024\/02\/MixCollage-16-Feb-2024-04-07-PM-2025.jpg\",\"contentUrl\":\"https:\/\/newsvirali.it\/wp-content\/uploads\/2024\/02\/MixCollage-16-Feb-2024-04-07-PM-2025.jpg\",\"width\":2560,\"height\":1440,\"caption\":\"Il \\\"Castello delle Cerimonie\\\" \u00e8 abusivo: confiscata \\\"La Sonrisa\\\"\"},{\"@type\":\"BreadcrumbList\",\"@id\":\"https:\/\/newsvirali.it\/de\/2024\/02\/16\/das-schloss-der-zeremonien-und-beschlagnahmte-die-sonrisa-illegal\/#breadcrumb\",\"itemListElement\":[{\"@type\":\"ListItem\",\"position\":1,\"name\":\"Home\",\"item\":\"https:\/\/newsvirali.it\/fr\/\"},{\"@type\":\"ListItem\",\"position\":2,\"name\":\"Il &#8220;Castello delle Cerimonie&#8221; \u00e8 abusivo: confiscata &#8220;La Sonrisa&#8221;\"}]},{\"@type\":\"WebSite\",\"@id\":\"https:\/\/newsvirali.it\/fr\/#website\",\"url\":\"https:\/\/newsvirali.it\/fr\/\",\"name\":\"Bake News\",\"description\":\"\",\"potentialAction\":[{\"@type\":\"SearchAction\",\"target\":{\"@type\":\"EntryPoint\",\"urlTemplate\":\"https:\/\/newsvirali.it\/fr\/?s={search_term_string}\"},\"query-input\":{\"@type\":\"PropertyValueSpecification\",\"valueRequired\":true,\"valueName\":\"search_term_string\"}}],\"inLanguage\":\"fr-FR\"},{\"@type\":\"Person\",\"@id\":\"https:\/\/newsvirali.it\/fr\/#\/schema\/person\/4c835f7b49c9adb58b33901ee816565d\",\"name\":\"Cecco Prestina\",\"description\":\"Perch\u00e9 nasconderlo? Cecco Prestina \u00e8 un alias, ma dietro di lui non si cela un algoritmo di intelligenza artificiale. C'\u00e8 un giornalista che ha oltre vent'anni di esperienza tutta sul web. Da quando il primo modem ha iniziato a gracchiare sul territorio italiano con Video on Line, Cecco ha capito che da quel doppino sarebbe passato il futuro. Ha dedidicato tutta la sua carriera a capire Internet e poi i social e ora l'Ai. Una carriera in costante aggiornamento. E questa esperienza la mette in campo ogni giorno. Per\u00f2 ogni tanto Cecco ha voglia anche di non scrivere \\\"pipponi\\\" sulla politica, sull'economia. Ha voglia anche di scrivere qualcosa di divertente. Le notizie che trovate su Bake News sono le stesse che Cecco porta all'aperitivo con gli amici. Quelle di cui discutere per farsi due risate. Notizie, vere (qualche volta si fa fatica a crederlo), strane, divertenti, ma anche serie. Bake News \u00e8 nato per questo, dare al pubblico notizie croccanti e calde come il pane che esce dal forno. E Cecco Prestina \u00e8 nato con Bake News.\",\"url\":\"https:\/\/newsvirali.it\/fr\/autore\/cecco-prestina\/\"}]}<\/script>\n<!-- \/ Yoast SEO Premium plugin. -->","yoast_head_json":{"title":"Il \"Castello delle Cerimonie\" \u00e8 abusivo: confiscata \"La Sonrisa\"","description":"Il Castello delle Cerimonie \u00e8 definitivamente considerato abusivo e \"La Sonrisa\", resa celebre in tv col \"Boss delle cerimonie\", \u00e8 stata confiscata.","robots":{"index":"index","follow":"follow","max-snippet":"max-snippet:-1","max-image-preview":"max-image-preview:large","max-video-preview":"max-video-preview:-1"},"canonical":"https:\/\/newsvirali.it\/fr\/2024\/02\/16\/das-schloss-der-zeremonien-und-beschlagnahmte-die-sonrisa-illegal\/","og_locale":"fr_FR","og_type":"article","og_title":"Il \"Castello delle Cerimonie\" \u00e8 abusivo: confiscata \"La Sonrisa\"","og_description":"Il Castello delle Cerimonie \u00e8 definitivamente considerato abusivo e \"La Sonrisa\", resa celebre in tv col \"Boss delle cerimonie\", \u00e8 stata confiscata.","og_url":"https:\/\/newsvirali.it\/fr\/2024\/02\/16\/das-schloss-der-zeremonien-und-beschlagnahmte-die-sonrisa-illegal\/","og_site_name":"News virali","article_published_time":"2024-02-16T15:09:06+00:00","article_modified_time":"2024-02-16T16:19:50+00:00","og_image":[{"width":2560,"height":1440,"url":"https:\/\/newsvirali.it\/wp-content\/uploads\/2024\/02\/MixCollage-16-Feb-2024-04-07-PM-2025.jpg","type":"image\/jpeg"}],"author":"Cecco Prestina","twitter_card":"summary_large_image","twitter_misc":{"\u00c9crit par":"Cecco Prestina","Dur\u00e9e de lecture estim\u00e9e":"3 minutes"},"schema":{"@context":"https:\/\/schema.org","@graph":[{"@type":"NewsArticle","@id":"https:\/\/newsvirali.it\/de\/2024\/02\/16\/das-schloss-der-zeremonien-und-beschlagnahmte-die-sonrisa-illegal\/#article","isPartOf":{"@id":"https:\/\/newsvirali.it\/de\/2024\/02\/16\/das-schloss-der-zeremonien-und-beschlagnahmte-die-sonrisa-illegal\/"},"author":{"name":"Cecco Prestina","@id":"https:\/\/newsvirali.it\/fr\/#\/schema\/person\/4c835f7b49c9adb58b33901ee816565d"},"headline":"Il &#8220;Castello delle Cerimonie&#8221; \u00e8 abusivo: confiscata &#8220;La Sonrisa&#8221;","datePublished":"2024-02-16T15:09:06+00:00","dateModified":"2024-02-16T16:19:50+00:00","mainEntityOfPage":{"@id":"https:\/\/newsvirali.it\/de\/2024\/02\/16\/das-schloss-der-zeremonien-und-beschlagnahmte-die-sonrisa-illegal\/"},"wordCount":477,"commentCount":0,"image":{"@id":"https:\/\/newsvirali.it\/de\/2024\/02\/16\/das-schloss-der-zeremonien-und-beschlagnahmte-die-sonrisa-illegal\/#primaryimage"},"thumbnailUrl":"https:\/\/newsvirali.it\/wp-content\/uploads\/2024\/02\/MixCollage-16-Feb-2024-04-07-PM-2025.jpg","articleSection":["Cronaca"],"inLanguage":"fr-FR","potentialAction":[{"@type":"CommentAction","name":"Comment","target":["https:\/\/newsvirali.it\/de\/2024\/02\/16\/das-schloss-der-zeremonien-und-beschlagnahmte-die-sonrisa-illegal\/#respond"]}],"copyrightYear":"2024","copyrightHolder":{"@id":"https:\/\/newsvirali.it\/fr\/#organization"}},{"@type":"WebPage","@id":"https:\/\/newsvirali.it\/de\/2024\/02\/16\/das-schloss-der-zeremonien-und-beschlagnahmte-die-sonrisa-illegal\/","url":"https:\/\/newsvirali.it\/de\/2024\/02\/16\/das-schloss-der-zeremonien-und-beschlagnahmte-die-sonrisa-illegal\/","name":"Il \"Castello delle Cerimonie\" \u00e8 abusivo: confiscata \"La Sonrisa\"","isPartOf":{"@id":"https:\/\/newsvirali.it\/fr\/#website"},"primaryImageOfPage":{"@id":"https:\/\/newsvirali.it\/de\/2024\/02\/16\/das-schloss-der-zeremonien-und-beschlagnahmte-die-sonrisa-illegal\/#primaryimage"},"image":{"@id":"https:\/\/newsvirali.it\/de\/2024\/02\/16\/das-schloss-der-zeremonien-und-beschlagnahmte-die-sonrisa-illegal\/#primaryimage"},"thumbnailUrl":"https:\/\/newsvirali.it\/wp-content\/uploads\/2024\/02\/MixCollage-16-Feb-2024-04-07-PM-2025.jpg","datePublished":"2024-02-16T15:09:06+00:00","dateModified":"2024-02-16T16:19:50+00:00","author":{"@id":"https:\/\/newsvirali.it\/fr\/#\/schema\/person\/4c835f7b49c9adb58b33901ee816565d"},"description":"Il Castello delle Cerimonie \u00e8 definitivamente considerato abusivo e \"La Sonrisa\", resa celebre in tv col \"Boss delle cerimonie\", \u00e8 stata confiscata.","breadcrumb":{"@id":"https:\/\/newsvirali.it\/de\/2024\/02\/16\/das-schloss-der-zeremonien-und-beschlagnahmte-die-sonrisa-illegal\/#breadcrumb"},"inLanguage":"fr-FR","potentialAction":[{"@type":"ReadAction","target":["https:\/\/newsvirali.it\/de\/2024\/02\/16\/das-schloss-der-zeremonien-und-beschlagnahmte-die-sonrisa-illegal\/"]}]},{"@type":"ImageObject","inLanguage":"fr-FR","@id":"https:\/\/newsvirali.it\/de\/2024\/02\/16\/das-schloss-der-zeremonien-und-beschlagnahmte-die-sonrisa-illegal\/#primaryimage","url":"https:\/\/newsvirali.it\/wp-content\/uploads\/2024\/02\/MixCollage-16-Feb-2024-04-07-PM-2025.jpg","contentUrl":"https:\/\/newsvirali.it\/wp-content\/uploads\/2024\/02\/MixCollage-16-Feb-2024-04-07-PM-2025.jpg","width":2560,"height":1440,"caption":"Il \"Castello delle Cerimonie\" \u00e8 abusivo: confiscata \"La Sonrisa\""},{"@type":"BreadcrumbList","@id":"https:\/\/newsvirali.it\/de\/2024\/02\/16\/das-schloss-der-zeremonien-und-beschlagnahmte-die-sonrisa-illegal\/#breadcrumb","itemListElement":[{"@type":"ListItem","position":1,"name":"Home","item":"https:\/\/newsvirali.it\/fr\/"},{"@type":"ListItem","position":2,"name":"Il &#8220;Castello delle Cerimonie&#8221; \u00e8 abusivo: confiscata &#8220;La Sonrisa&#8221;"}]},{"@type":"WebSite","@id":"https:\/\/newsvirali.it\/fr\/#website","url":"https:\/\/newsvirali.it\/fr\/","name":"Bake News","description":"","potentialAction":[{"@type":"SearchAction","target":{"@type":"EntryPoint","urlTemplate":"https:\/\/newsvirali.it\/fr\/?s={search_term_string}"},"query-input":{"@type":"PropertyValueSpecification","valueRequired":true,"valueName":"search_term_string"}}],"inLanguage":"fr-FR"},{"@type":"Person","@id":"https:\/\/newsvirali.it\/fr\/#\/schema\/person\/4c835f7b49c9adb58b33901ee816565d","name":"Cecco Prestina","description":"Perch\u00e9 nasconderlo? Cecco Prestina \u00e8 un alias, ma dietro di lui non si cela un algoritmo di intelligenza artificiale. C'\u00e8 un giornalista che ha oltre vent'anni di esperienza tutta sul web. Da quando il primo modem ha iniziato a gracchiare sul territorio italiano con Video on Line, Cecco ha capito che da quel doppino sarebbe passato il futuro. Ha dedidicato tutta la sua carriera a capire Internet e poi i social e ora l'Ai. Una carriera in costante aggiornamento. E questa esperienza la mette in campo ogni giorno. Per\u00f2 ogni tanto Cecco ha voglia anche di non scrivere \"pipponi\" sulla politica, sull'economia. Ha voglia anche di scrivere qualcosa di divertente. Le notizie che trovate su Bake News sono le stesse che Cecco porta all'aperitivo con gli amici. Quelle di cui discutere per farsi due risate. Notizie, vere (qualche volta si fa fatica a crederlo), strane, divertenti, ma anche serie. Bake News \u00e8 nato per questo, dare al pubblico notizie croccanti e calde come il pane che esce dal forno. E Cecco Prestina \u00e8 nato con Bake News.","url":"https:\/\/newsvirali.it\/fr\/autore\/cecco-prestina\/"}]}},"_links":{"self":[{"href":"https:\/\/newsvirali.it\/fr\/wp-json\/wp\/v2\/posts\/17266","targetHints":{"allow":["GET"]}}],"collection":[{"href":"https:\/\/newsvirali.it\/fr\/wp-json\/wp\/v2\/posts"}],"about":[{"href":"https:\/\/newsvirali.it\/fr\/wp-json\/wp\/v2\/types\/post"}],"author":[{"embeddable":true,"href":"https:\/\/newsvirali.it\/fr\/wp-json\/wp\/v2\/users\/4"}],"replies":[{"embeddable":true,"href":"https:\/\/newsvirali.it\/fr\/wp-json\/wp\/v2\/comments?post=17266"}],"version-history":[{"count":2,"href":"https:\/\/newsvirali.it\/fr\/wp-json\/wp\/v2\/posts\/17266\/revisions"}],"predecessor-version":[{"id":17269,"href":"https:\/\/newsvirali.it\/fr\/wp-json\/wp\/v2\/posts\/17266\/revisions\/17269"}],"wp:featuredmedia":[{"embeddable":true,"href":"https:\/\/newsvirali.it\/fr\/wp-json\/wp\/v2\/media\/17267"}],"wp:attachment":[{"href":"https:\/\/newsvirali.it\/fr\/wp-json\/wp\/v2\/media?parent=17266"}],"wp:term":[{"taxonomy":"category","embeddable":true,"href":"https:\/\/newsvirali.it\/fr\/wp-json\/wp\/v2\/categories?post=17266"},{"taxonomy":"post_tag","embeddable":true,"href":"https:\/\/newsvirali.it\/fr\/wp-json\/wp\/v2\/tags?post=17266"}],"curies":[{"name":"wp","href":"https:\/\/api.w.org\/{rel}","templated":true}]}}