{"id":15436,"date":"2024-01-29T11:02:47","date_gmt":"2024-01-29T10:02:47","guid":{"rendered":"https:\/\/www.bakenews.it\/?p=15436"},"modified":"2024-01-29T12:28:37","modified_gmt":"2024-01-29T11:28:37","slug":"bimbo-di-2-anni-scala-everest-giovane-storia","status":"publish","type":"post","link":"https:\/\/newsvirali.it\/fr\/2024\/01\/29\/garcon-de-2-ans-escaladant-leverest-young-story\/","title":{"rendered":"Un gar\u00e7on de 2 ans gravit l&#039;Everest : il est le plus jeune de l&#039;histoire"},"content":{"rendered":"<p>Un gar\u00e7on de 2 ans gravit l&#039;Everest avec ses parents et franchit une \u00e9tape historique. On pense que le petit britannique est devenu la plus jeune personne \u00e0 atteindre le camp de base du mont Everest. Carter Dallas a \u00ab escalad\u00e9 \u00bb le site du sud du N\u00e9pal, situ\u00e9 \u00e0 une altitude impressionnante de 5\u00a0363 m\u00e8tres au-dessus du niveau de la mer, le 25 octobre. Elle a termin\u00e9 le voyage sur le dos de papa Ross, 35 ans, avec maman Jade, 31 ans, compl\u00e9tant la marche aux c\u00f4t\u00e9s de son fils et de son mari.<\/p>\n\n\n\n<p><strong>LIRE AUSSI<\/strong><\/p>\n\n\n<ul class=\"wp-block-latest-posts__list wp-block-latest-posts\"><li><a class=\"wp-block-latest-posts__post-title\" href=\"https:\/\/newsvirali.it\/fr\/2026\/02\/12\/emma-amit-crabe-du-diable-mort\/\">La vlogueuse Emma Amit d\u00e9c\u00e8de apr\u00e8s avoir consomm\u00e9 du crabe du diable toxique<\/a><\/li>\n<li><a class=\"wp-block-latest-posts__post-title\" href=\"https:\/\/newsvirali.it\/fr\/2026\/02\/11\/les-penalites-pour-les-costumes-des-jeux-olympiques-de-2026-souvrent\/\">Milan-Cortina 2026\u00a0: Ouverture du costume en comp\u00e9tition\u00a0: la patineuse \u00e9vite la p\u00e9nalit\u00e9<\/a><\/li>\n<li><a class=\"wp-block-latest-posts__post-title\" href=\"https:\/\/newsvirali.it\/fr\/2026\/02\/09\/panne-de-courant-flying-pig-en-chine\/\">Un cochon volant provoque une panne de courant\u00a0: d\u00e9couvrez cette histoire incroyable (et ce n\u2019est pas de l\u2019IA).<\/a><\/li>\n<li><a class=\"wp-block-latest-posts__post-title\" href=\"https:\/\/newsvirali.it\/fr\/2026\/02\/05\/suicide-des-trois-soeurs-en-inde\/\">Des parents confisquent les t\u00e9l\u00e9phones portables de trois s\u0153urs qui jouent excessivement aux jeux vid\u00e9o\u00a0: trois s\u0153urs se suicident<\/a><\/li>\n<li><a class=\"wp-block-latest-posts__post-title\" href=\"https:\/\/newsvirali.it\/fr\/2026\/02\/04\/strategie-xai-de-spacex-centres-de-donnees-spatiaux-de-musk\/\">Ce n&#039;est pas une fusion\u00a0: le v\u00e9ritable plan de Musk derri\u00e8re SpaceX et xAI<\/a><\/li>\n<\/ul>\n\n\n<h2 class=\"wp-block-heading\" id=\"h-bimbo-di-2-anni-scala-l-everest-stava-meglio-dei-genitori\">Un gar\u00e7on de 2 ans gravit l&#039;Everest : il \u00e9tait mieux loti que ses parents<\/h2>\n\n\n\n<p>La famille Glasgow voyage en Asie depuis un an. Et maintenant, leur fils a peut-\u00eatre battu le record du monde que l&#039;on pensait auparavant d\u00e9tenu par un enfant de quatre ans originaire de la R\u00e9publique tch\u00e8que. Ross, ancien directeur commercial, a d\u00e9clar\u00e9 : \u00ab Carter a mieux g\u00e9r\u00e9 la situation que moi et sa m\u00e8re. Nous avions tous les deux un petit mal d\u2019altitude mais il allait tout \u00e0 fait bien ! Il y avait deux m\u00e9decins dans les villages avant le camp de base et ils ont test\u00e9 son sang pour v\u00e9rifier qu&#039;il allait bien, ses r\u00e9sultats \u00e9taient meilleurs que les n\u00f4tres \u2013 ils \u00e9taient \u00e9tonn\u00e9s ! Les parents de Carter ont apport\u00e9 des vestes avec de la nourriture et deux sacs de couchage pour leur voyage apr\u00e8s avoir d\u00e9cid\u00e9 de le faire sur un \u00ab caprice \u00bb.<\/p>\n\n\n\n<h2 class=\"wp-block-heading\" id=\"h-mettono-in-affitto-la-casa-e-partono-per-l-asia\">Ils louent la maison et partent en Asie<\/h2>\n\n\n\n<p>Ross a d\u00e9clar\u00e9 qu&#039;ils \u00e9taient bien pr\u00e9par\u00e9s pour le voyage car ils pratiquaient r\u00e9guli\u00e8rement des \u00ab techniques de respiration \u00bb et se plongeaient tous dans le bain de glace froide, y compris Carter. Ross et Jade, un ancien agent immobilier, ont mis en location leur maison en \u00c9cosse et ont achet\u00e9 trois billets aller simple pour un an de voyage en ao\u00fbt 2023. Ils se sont envol\u00e9s pour l&#039;Inde avant de visiter le Sri Lanka et les Maldives, avec un voyage retour \u00e0 L&#039;Inde entre les deux.<\/p>\n\n\n\n<p>Ils se sont ensuite rendus au N\u00e9pal avant de se rendre en Malaisie pour un mariage, puis sont partis \u00e0 Singapour pour f\u00eater l&#039;anniversaire de Carter aux studios Universal. Ils ont ensuite pass\u00e9 No\u00ebl \u00e0 Penang avant de traverser la fronti\u00e8re tha\u00eflandaise et ont pass\u00e9 le Nouvel An sur l&#039;\u00eele tha\u00eflandaise de Koh Lanta. Ross dit que Carter a go\u00fbt\u00e9 \u00e0 toutes les diff\u00e9rentes cultures et les adore.<\/p>\n\n\n\n<p>Carter a \u00e9galement d\u00e9velopp\u00e9 un go\u00fbt pour les aliments exotiques et a aim\u00e9 manger du poisson au curry aux Maldives et des pattes de poulet en Malaisie \u2013 et m\u00eame du crocodile \u2013 mais son plat pr\u00e9f\u00e9r\u00e9 de tous les temps est le Pad Thai. S&#039;il est confirm\u00e9, le record du monde de Carter battra le pr\u00e9c\u00e9dent, que l&#039;on pense d\u00e9tenu par Zara, quatre ans.<\/p>\n\n\n\n<p><strong>LIRE LES AUTRES NOUVELLES DU MONDE<\/strong><\/p>\n\n\n<ul class=\"wp-block-latest-posts__list wp-block-latest-posts\"><li><a class=\"wp-block-latest-posts__post-title\" href=\"https:\/\/newsvirali.it\/fr\/2026\/02\/12\/emma-amit-crabe-du-diable-mort\/\">La vlogueuse Emma Amit d\u00e9c\u00e8de apr\u00e8s avoir consomm\u00e9 du crabe du diable toxique<\/a><\/li>\n<li><a class=\"wp-block-latest-posts__post-title\" href=\"https:\/\/newsvirali.it\/fr\/2026\/02\/05\/suicide-des-trois-soeurs-en-inde\/\">Des parents confisquent les t\u00e9l\u00e9phones portables de trois s\u0153urs qui jouent excessivement aux jeux vid\u00e9o\u00a0: trois s\u0153urs se suicident<\/a><\/li>\n<li><a class=\"wp-block-latest-posts__post-title\" href=\"https:\/\/newsvirali.it\/fr\/2026\/01\/30\/arrestation-dans-un-complexe-hotelier-de-floride-pour-actes-obscenes\/\">Un h\u00f4tel de Floride fait sensation : un homme arr\u00eat\u00e9 pour exhibitionnisme avec un aspirateur<\/a><\/li>\n<li><a class=\"wp-block-latest-posts__post-title\" href=\"https:\/\/newsvirali.it\/fr\/2026\/01\/28\/un-pere-ivre-pend-son-fils-dans-une-video-choquante\/\">Un p\u00e8re ivre pend son fils par la fen\u00eatre : vid\u00e9o choquante<\/a><\/li>\n<li><a class=\"wp-block-latest-posts__post-title\" href=\"https:\/\/newsvirali.it\/fr\/2026\/01\/27\/une-enseignante-enceinte-et-un-eleve-de-13-ans\/\">Une enseignante admet \u00eatre tomb\u00e9e enceinte d&#039;un \u00e9l\u00e8ve de 13 ans<\/a><\/li>\n<\/ul><br \/>Suivez-nous \u00e9galement sur Google News : <b><a href=\"https:\/\/news.google.com\/publications\/CAAqBwgKMNqJiwswjMfqAg?hl=it&gl=IT&ceid=IT:it\" target=\"_blank\">Cliquez ici<\/a><\/b>","protected":false},"excerpt":{"rendered":"<p>Un gar\u00e7on de 2 ans gravit l&#039;Everest avec ses parents et franchit une \u00e9tape historique. On pense que l&#039;enfant britannique [\u2026]<\/p>","protected":false},"author":6,"featured_media":15442,"comment_status":"open","ping_status":"open","sticky":false,"template":"","format":"standard","meta":{"MSN_Categories":"Uncategorized","MSN_Publish_Option":false,"MSN_Is_Local_News":false,"MSN_Is_AIAC_Included":"Empty","MSN_Location":"[]","MSN_Add_Feature_Img_On_Top_Of_Post":false,"MSN_Has_Custom_Author":false,"MSN_Custom_Author":"","MSN_Has_Custom_Canonical_Url":false,"MSN_Custom_Canonical_Url":"","footnotes":""},"categories":[9],"tags":[],"class_list":["post-15436","post","type-post","status-publish","format-standard","has-post-thumbnail","hentry","category-mondo"],"acf":[],"yoast_head":"<!-- This site is optimized with the Yoast SEO Premium plugin v26.7 (Yoast SEO v26.7) - https:\/\/yoast.com\/wordpress\/plugins\/seo\/ -->\n<title>Bimbo di 2 anni scala l&#039;Everest: \u00e8 il pi\u00f9 giovane della storia<\/title>\n<meta name=\"description\" content=\"Un bimbo di 2 anni scala l&#039;Everest coi genitori ed \u00e8 record. I medici controllano il suo sangue e scoprono una cosa incredibile.\" \/>\n<meta name=\"robots\" content=\"index, follow, max-snippet:-1, max-image-preview:large, max-video-preview:-1\" \/>\n<link rel=\"canonical\" href=\"https:\/\/newsvirali.it\/fr\/2024\/01\/29\/2-jahriger-junge-klettert-auf-den-everest-junge-geschichte\/\" \/>\n<meta property=\"og:locale\" content=\"fr_FR\" \/>\n<meta property=\"og:type\" content=\"article\" \/>\n<meta property=\"og:title\" content=\"Bimbo di 2 anni scala l&#039;Everest: \u00e8 il pi\u00f9 giovane della storia\" \/>\n<meta property=\"og:description\" content=\"Un bimbo di 2 anni scala l&#039;Everest coi genitori ed \u00e8 record. I medici controllano il suo sangue e scoprono una cosa incredibile.\" \/>\n<meta property=\"og:url\" content=\"https:\/\/newsvirali.it\/fr\/2024\/01\/29\/2-jahriger-junge-klettert-auf-den-everest-junge-geschichte\/\" \/>\n<meta property=\"og:site_name\" content=\"News virali\" \/>\n<meta property=\"article:published_time\" content=\"2024-01-29T10:02:47+00:00\" \/>\n<meta property=\"article:modified_time\" content=\"2024-01-29T11:28:37+00:00\" \/>\n<meta property=\"og:image\" content=\"https:\/\/newsvirali.it\/wp-content\/uploads\/2024\/01\/Screenshot_6-6.jpg\" \/>\n\t<meta property=\"og:image:width\" content=\"309\" \/>\n\t<meta property=\"og:image:height\" content=\"467\" \/>\n\t<meta property=\"og:image:type\" content=\"image\/jpeg\" \/>\n<meta name=\"author\" content=\"Marko Pugliese\" \/>\n<meta name=\"twitter:card\" content=\"summary_large_image\" \/>\n<meta name=\"twitter:label1\" content=\"\u00c9crit par\" \/>\n\t<meta name=\"twitter:data1\" content=\"Marko Pugliese\" \/>\n\t<meta name=\"twitter:label2\" content=\"Dur\u00e9e de lecture estim\u00e9e\" \/>\n\t<meta name=\"twitter:data2\" content=\"3 minutes\" \/>\n<script type=\"application\/ld+json\" class=\"yoast-schema-graph\">{\"@context\":\"https:\/\/schema.org\",\"@graph\":[{\"@type\":\"NewsArticle\",\"@id\":\"https:\/\/newsvirali.it\/de\/2024\/01\/29\/2-jahriger-junge-klettert-auf-den-everest-junge-geschichte\/#article\",\"isPartOf\":{\"@id\":\"https:\/\/newsvirali.it\/de\/2024\/01\/29\/2-jahriger-junge-klettert-auf-den-everest-junge-geschichte\/\"},\"author\":{\"name\":\"Marko Pugliese\",\"@id\":\"https:\/\/newsvirali.it\/fr\/#\/schema\/person\/fee8d82c39cd568e1ce6ef86792c7b53\"},\"headline\":\"Bimbo di 2 anni scala l&#8217;Everest: \u00e8 il pi\u00f9 giovane della storia\",\"datePublished\":\"2024-01-29T10:02:47+00:00\",\"dateModified\":\"2024-01-29T11:28:37+00:00\",\"mainEntityOfPage\":{\"@id\":\"https:\/\/newsvirali.it\/de\/2024\/01\/29\/2-jahriger-junge-klettert-auf-den-everest-junge-geschichte\/\"},\"wordCount\":446,\"commentCount\":0,\"image\":{\"@id\":\"https:\/\/newsvirali.it\/de\/2024\/01\/29\/2-jahriger-junge-klettert-auf-den-everest-junge-geschichte\/#primaryimage\"},\"thumbnailUrl\":\"https:\/\/newsvirali.it\/wp-content\/uploads\/2024\/01\/Screenshot_6-6.jpg\",\"articleSection\":[\"Mondo\"],\"inLanguage\":\"fr-FR\",\"potentialAction\":[{\"@type\":\"CommentAction\",\"name\":\"Comment\",\"target\":[\"https:\/\/newsvirali.it\/de\/2024\/01\/29\/2-jahriger-junge-klettert-auf-den-everest-junge-geschichte\/#respond\"]}],\"copyrightYear\":\"2024\",\"copyrightHolder\":{\"@id\":\"https:\/\/newsvirali.it\/fr\/#organization\"}},{\"@type\":\"WebPage\",\"@id\":\"https:\/\/newsvirali.it\/de\/2024\/01\/29\/2-jahriger-junge-klettert-auf-den-everest-junge-geschichte\/\",\"url\":\"https:\/\/newsvirali.it\/de\/2024\/01\/29\/2-jahriger-junge-klettert-auf-den-everest-junge-geschichte\/\",\"name\":\"Bimbo di 2 anni scala l'Everest: \u00e8 il pi\u00f9 giovane della storia\",\"isPartOf\":{\"@id\":\"https:\/\/newsvirali.it\/fr\/#website\"},\"primaryImageOfPage\":{\"@id\":\"https:\/\/newsvirali.it\/de\/2024\/01\/29\/2-jahriger-junge-klettert-auf-den-everest-junge-geschichte\/#primaryimage\"},\"image\":{\"@id\":\"https:\/\/newsvirali.it\/de\/2024\/01\/29\/2-jahriger-junge-klettert-auf-den-everest-junge-geschichte\/#primaryimage\"},\"thumbnailUrl\":\"https:\/\/newsvirali.it\/wp-content\/uploads\/2024\/01\/Screenshot_6-6.jpg\",\"datePublished\":\"2024-01-29T10:02:47+00:00\",\"dateModified\":\"2024-01-29T11:28:37+00:00\",\"author\":{\"@id\":\"https:\/\/newsvirali.it\/fr\/#\/schema\/person\/fee8d82c39cd568e1ce6ef86792c7b53\"},\"description\":\"Un bimbo di 2 anni scala l'Everest coi genitori ed \u00e8 record. I medici controllano il suo sangue e scoprono una cosa incredibile.\",\"breadcrumb\":{\"@id\":\"https:\/\/newsvirali.it\/de\/2024\/01\/29\/2-jahriger-junge-klettert-auf-den-everest-junge-geschichte\/#breadcrumb\"},\"inLanguage\":\"fr-FR\",\"potentialAction\":[{\"@type\":\"ReadAction\",\"target\":[\"https:\/\/newsvirali.it\/de\/2024\/01\/29\/2-jahriger-junge-klettert-auf-den-everest-junge-geschichte\/\"]}]},{\"@type\":\"ImageObject\",\"inLanguage\":\"fr-FR\",\"@id\":\"https:\/\/newsvirali.it\/de\/2024\/01\/29\/2-jahriger-junge-klettert-auf-den-everest-junge-geschichte\/#primaryimage\",\"url\":\"https:\/\/newsvirali.it\/wp-content\/uploads\/2024\/01\/Screenshot_6-6.jpg\",\"contentUrl\":\"https:\/\/newsvirali.it\/wp-content\/uploads\/2024\/01\/Screenshot_6-6.jpg\",\"width\":309,\"height\":467,\"caption\":\"Bimbo di 2 anni scala l'Everest: \u00e8 il pi\u00f9 giovane della storia\"},{\"@type\":\"BreadcrumbList\",\"@id\":\"https:\/\/newsvirali.it\/de\/2024\/01\/29\/2-jahriger-junge-klettert-auf-den-everest-junge-geschichte\/#breadcrumb\",\"itemListElement\":[{\"@type\":\"ListItem\",\"position\":1,\"name\":\"Home\",\"item\":\"https:\/\/newsvirali.it\/fr\/\"},{\"@type\":\"ListItem\",\"position\":2,\"name\":\"Bimbo di 2 anni scala l&#8217;Everest: \u00e8 il pi\u00f9 giovane della storia\"}]},{\"@type\":\"WebSite\",\"@id\":\"https:\/\/newsvirali.it\/fr\/#website\",\"url\":\"https:\/\/newsvirali.it\/fr\/\",\"name\":\"Bake News\",\"description\":\"\",\"potentialAction\":[{\"@type\":\"SearchAction\",\"target\":{\"@type\":\"EntryPoint\",\"urlTemplate\":\"https:\/\/newsvirali.it\/fr\/?s={search_term_string}\"},\"query-input\":{\"@type\":\"PropertyValueSpecification\",\"valueRequired\":true,\"valueName\":\"search_term_string\"}}],\"inLanguage\":\"fr-FR\"},{\"@type\":\"Person\",\"@id\":\"https:\/\/newsvirali.it\/fr\/#\/schema\/person\/fee8d82c39cd568e1ce6ef86792c7b53\",\"name\":\"Marko Pugliese\",\"url\":\"https:\/\/newsvirali.it\/fr\/autore\/markopugliese\/\"}]}<\/script>\n<!-- \/ Yoast SEO Premium plugin. -->","yoast_head_json":{"title":"Bimbo di 2 anni scala l'Everest: \u00e8 il pi\u00f9 giovane della storia","description":"Un bimbo di 2 anni scala l'Everest coi genitori ed \u00e8 record. I medici controllano il suo sangue e scoprono una cosa incredibile.","robots":{"index":"index","follow":"follow","max-snippet":"max-snippet:-1","max-image-preview":"max-image-preview:large","max-video-preview":"max-video-preview:-1"},"canonical":"https:\/\/newsvirali.it\/fr\/2024\/01\/29\/2-jahriger-junge-klettert-auf-den-everest-junge-geschichte\/","og_locale":"fr_FR","og_type":"article","og_title":"Bimbo di 2 anni scala l'Everest: \u00e8 il pi\u00f9 giovane della storia","og_description":"Un bimbo di 2 anni scala l'Everest coi genitori ed \u00e8 record. I medici controllano il suo sangue e scoprono una cosa incredibile.","og_url":"https:\/\/newsvirali.it\/fr\/2024\/01\/29\/2-jahriger-junge-klettert-auf-den-everest-junge-geschichte\/","og_site_name":"News virali","article_published_time":"2024-01-29T10:02:47+00:00","article_modified_time":"2024-01-29T11:28:37+00:00","og_image":[{"width":309,"height":467,"url":"https:\/\/newsvirali.it\/wp-content\/uploads\/2024\/01\/Screenshot_6-6.jpg","type":"image\/jpeg"}],"author":"Marko Pugliese","twitter_card":"summary_large_image","twitter_misc":{"\u00c9crit par":"Marko Pugliese","Dur\u00e9e de lecture estim\u00e9e":"3 minutes"},"schema":{"@context":"https:\/\/schema.org","@graph":[{"@type":"NewsArticle","@id":"https:\/\/newsvirali.it\/de\/2024\/01\/29\/2-jahriger-junge-klettert-auf-den-everest-junge-geschichte\/#article","isPartOf":{"@id":"https:\/\/newsvirali.it\/de\/2024\/01\/29\/2-jahriger-junge-klettert-auf-den-everest-junge-geschichte\/"},"author":{"name":"Marko Pugliese","@id":"https:\/\/newsvirali.it\/fr\/#\/schema\/person\/fee8d82c39cd568e1ce6ef86792c7b53"},"headline":"Bimbo di 2 anni scala l&#8217;Everest: \u00e8 il pi\u00f9 giovane della storia","datePublished":"2024-01-29T10:02:47+00:00","dateModified":"2024-01-29T11:28:37+00:00","mainEntityOfPage":{"@id":"https:\/\/newsvirali.it\/de\/2024\/01\/29\/2-jahriger-junge-klettert-auf-den-everest-junge-geschichte\/"},"wordCount":446,"commentCount":0,"image":{"@id":"https:\/\/newsvirali.it\/de\/2024\/01\/29\/2-jahriger-junge-klettert-auf-den-everest-junge-geschichte\/#primaryimage"},"thumbnailUrl":"https:\/\/newsvirali.it\/wp-content\/uploads\/2024\/01\/Screenshot_6-6.jpg","articleSection":["Mondo"],"inLanguage":"fr-FR","potentialAction":[{"@type":"CommentAction","name":"Comment","target":["https:\/\/newsvirali.it\/de\/2024\/01\/29\/2-jahriger-junge-klettert-auf-den-everest-junge-geschichte\/#respond"]}],"copyrightYear":"2024","copyrightHolder":{"@id":"https:\/\/newsvirali.it\/fr\/#organization"}},{"@type":"WebPage","@id":"https:\/\/newsvirali.it\/de\/2024\/01\/29\/2-jahriger-junge-klettert-auf-den-everest-junge-geschichte\/","url":"https:\/\/newsvirali.it\/de\/2024\/01\/29\/2-jahriger-junge-klettert-auf-den-everest-junge-geschichte\/","name":"Bimbo di 2 anni scala l'Everest: \u00e8 il pi\u00f9 giovane della storia","isPartOf":{"@id":"https:\/\/newsvirali.it\/fr\/#website"},"primaryImageOfPage":{"@id":"https:\/\/newsvirali.it\/de\/2024\/01\/29\/2-jahriger-junge-klettert-auf-den-everest-junge-geschichte\/#primaryimage"},"image":{"@id":"https:\/\/newsvirali.it\/de\/2024\/01\/29\/2-jahriger-junge-klettert-auf-den-everest-junge-geschichte\/#primaryimage"},"thumbnailUrl":"https:\/\/newsvirali.it\/wp-content\/uploads\/2024\/01\/Screenshot_6-6.jpg","datePublished":"2024-01-29T10:02:47+00:00","dateModified":"2024-01-29T11:28:37+00:00","author":{"@id":"https:\/\/newsvirali.it\/fr\/#\/schema\/person\/fee8d82c39cd568e1ce6ef86792c7b53"},"description":"Un bimbo di 2 anni scala l'Everest coi genitori ed \u00e8 record. I medici controllano il suo sangue e scoprono una cosa incredibile.","breadcrumb":{"@id":"https:\/\/newsvirali.it\/de\/2024\/01\/29\/2-jahriger-junge-klettert-auf-den-everest-junge-geschichte\/#breadcrumb"},"inLanguage":"fr-FR","potentialAction":[{"@type":"ReadAction","target":["https:\/\/newsvirali.it\/de\/2024\/01\/29\/2-jahriger-junge-klettert-auf-den-everest-junge-geschichte\/"]}]},{"@type":"ImageObject","inLanguage":"fr-FR","@id":"https:\/\/newsvirali.it\/de\/2024\/01\/29\/2-jahriger-junge-klettert-auf-den-everest-junge-geschichte\/#primaryimage","url":"https:\/\/newsvirali.it\/wp-content\/uploads\/2024\/01\/Screenshot_6-6.jpg","contentUrl":"https:\/\/newsvirali.it\/wp-content\/uploads\/2024\/01\/Screenshot_6-6.jpg","width":309,"height":467,"caption":"Bimbo di 2 anni scala l'Everest: \u00e8 il pi\u00f9 giovane della storia"},{"@type":"BreadcrumbList","@id":"https:\/\/newsvirali.it\/de\/2024\/01\/29\/2-jahriger-junge-klettert-auf-den-everest-junge-geschichte\/#breadcrumb","itemListElement":[{"@type":"ListItem","position":1,"name":"Home","item":"https:\/\/newsvirali.it\/fr\/"},{"@type":"ListItem","position":2,"name":"Bimbo di 2 anni scala l&#8217;Everest: \u00e8 il pi\u00f9 giovane della storia"}]},{"@type":"WebSite","@id":"https:\/\/newsvirali.it\/fr\/#website","url":"https:\/\/newsvirali.it\/fr\/","name":"Bake News","description":"","potentialAction":[{"@type":"SearchAction","target":{"@type":"EntryPoint","urlTemplate":"https:\/\/newsvirali.it\/fr\/?s={search_term_string}"},"query-input":{"@type":"PropertyValueSpecification","valueRequired":true,"valueName":"search_term_string"}}],"inLanguage":"fr-FR"},{"@type":"Person","@id":"https:\/\/newsvirali.it\/fr\/#\/schema\/person\/fee8d82c39cd568e1ce6ef86792c7b53","name":"Marko Pugliese","url":"https:\/\/newsvirali.it\/fr\/autore\/markopugliese\/"}]}},"_links":{"self":[{"href":"https:\/\/newsvirali.it\/fr\/wp-json\/wp\/v2\/posts\/15436","targetHints":{"allow":["GET"]}}],"collection":[{"href":"https:\/\/newsvirali.it\/fr\/wp-json\/wp\/v2\/posts"}],"about":[{"href":"https:\/\/newsvirali.it\/fr\/wp-json\/wp\/v2\/types\/post"}],"author":[{"embeddable":true,"href":"https:\/\/newsvirali.it\/fr\/wp-json\/wp\/v2\/users\/6"}],"replies":[{"embeddable":true,"href":"https:\/\/newsvirali.it\/fr\/wp-json\/wp\/v2\/comments?post=15436"}],"version-history":[{"count":8,"href":"https:\/\/newsvirali.it\/fr\/wp-json\/wp\/v2\/posts\/15436\/revisions"}],"predecessor-version":[{"id":15468,"href":"https:\/\/newsvirali.it\/fr\/wp-json\/wp\/v2\/posts\/15436\/revisions\/15468"}],"wp:featuredmedia":[{"embeddable":true,"href":"https:\/\/newsvirali.it\/fr\/wp-json\/wp\/v2\/media\/15442"}],"wp:attachment":[{"href":"https:\/\/newsvirali.it\/fr\/wp-json\/wp\/v2\/media?parent=15436"}],"wp:term":[{"taxonomy":"category","embeddable":true,"href":"https:\/\/newsvirali.it\/fr\/wp-json\/wp\/v2\/categories?post=15436"},{"taxonomy":"post_tag","embeddable":true,"href":"https:\/\/newsvirali.it\/fr\/wp-json\/wp\/v2\/tags?post=15436"}],"curies":[{"name":"wp","href":"https:\/\/api.w.org\/{rel}","templated":true}]}}