{"id":15272,"date":"2024-01-25T16:54:53","date_gmt":"2024-01-25T15:54:53","guid":{"rendered":"https:\/\/www.bakenews.it\/?p=15272"},"modified":"2024-01-25T17:44:11","modified_gmt":"2024-01-25T16:44:11","slug":"ballerina-25enne-mangia-un-biscotto-e-muore-colpa-di-una-nocciolina","status":"publish","type":"post","link":"https:\/\/newsvirali.it\/fr\/2024\/01\/25\/une-ballerine-de-25-ans-mange-un-biscuit-et-meurt-a-cause-dune-cacahuete\/","title":{"rendered":"Une danseuse de 25 ans mange un biscuit et meurt : \u00e0 cause d&#039;une cacahu\u00e8te"},"content":{"rendered":"<p>Un danseur professionnel new-yorkais est d\u00e9c\u00e9d\u00e9 apr\u00e8s avoir mang\u00e9 un biscuit de No\u00ebl mal \u00e9tiquet\u00e9 contenant une cacahu\u00e8te. Le produit \u00e9tait vendu dans un supermarch\u00e9 new-yorkais bien connu, Stew Leonard&#039;s. \u00c9change d&#039;accusations entre le magasin et le grossiste pour savoir qui avait tort. \u00d3rla Baxendale, 25 ans, a subi un choc anaphylactique apr\u00e8s avoir subi une grave r\u00e9action allergique en mangeant un biscuit florentin \u00e0 la vanille. Cela s&#039;est produit le 11 janvier, a confirm\u00e9 ce mercredi Marijo Adimey, avocat de la famille de la victime.<\/p>\n\n\n\n<p><strong>LIRE AUSSI<\/strong><\/p>\n\n\n<ul class=\"wp-block-latest-posts__list wp-block-latest-posts\"><li><a class=\"wp-block-latest-posts__post-title\" href=\"https:\/\/newsvirali.it\/fr\/2026\/02\/12\/emma-amit-crabe-du-diable-mort\/\">La vlogueuse Emma Amit d\u00e9c\u00e8de apr\u00e8s avoir consomm\u00e9 du crabe du diable toxique<\/a><\/li>\n<li><a class=\"wp-block-latest-posts__post-title\" href=\"https:\/\/newsvirali.it\/fr\/2026\/02\/11\/les-penalites-pour-les-costumes-des-jeux-olympiques-de-2026-souvrent\/\">Milan-Cortina 2026\u00a0: Ouverture du costume en comp\u00e9tition\u00a0: la patineuse \u00e9vite la p\u00e9nalit\u00e9<\/a><\/li>\n<li><a class=\"wp-block-latest-posts__post-title\" href=\"https:\/\/newsvirali.it\/fr\/2026\/02\/09\/panne-de-courant-flying-pig-en-chine\/\">Un cochon volant provoque une panne de courant\u00a0: d\u00e9couvrez cette histoire incroyable (et ce n\u2019est pas de l\u2019IA).<\/a><\/li>\n<li><a class=\"wp-block-latest-posts__post-title\" href=\"https:\/\/newsvirali.it\/fr\/2026\/02\/05\/suicide-des-trois-soeurs-en-inde\/\">Des parents confisquent les t\u00e9l\u00e9phones portables de trois s\u0153urs qui jouent excessivement aux jeux vid\u00e9o\u00a0: trois s\u0153urs se suicident<\/a><\/li>\n<li><a class=\"wp-block-latest-posts__post-title\" href=\"https:\/\/newsvirali.it\/fr\/2026\/02\/04\/strategie-xai-de-spacex-centres-de-donnees-spatiaux-de-musk\/\">Ce n&#039;est pas une fusion\u00a0: le v\u00e9ritable plan de Musk derri\u00e8re SpaceX et xAI<\/a><\/li>\n<\/ul>\n\n\n<h2 class=\"wp-block-heading\" id=\"h-mangia-biscotto-e-muore-per-shock-anafilattico\">Il mange des biscuits et meurt d&#039;un choc anaphylactique<\/h2>\n\n\n\n<p>Baxendale, originaire du Royaume-Uni, a mang\u00e9 cette friandise alors qu&#039;il rencontrait des amis dans le Connecticut. \u00ab La mort de <a href=\"https:\/\/www.instagram.com\/orla_baxendale\/?hl=it\">Orla Baxendale<\/a> s&#039;est produit en raison d&#039;un malheureux incident impliquant la consommation d&#039;un cookie fabriqu\u00e9 par Cookies United et vendu par Stew Leonard&#039;s, qui contenait des cacahu\u00e8tes non pr\u00e9cis\u00e9es \u00bb, a \u00e9crit Adimey. \u00ab Cet oubli tragique a conduit au rappel de biscuits florentins \u00e0 la vanille dans les magasins Stew Leonard de Danbury et Newington, CT pour la p\u00e9riode du 6 novembre au 31 d\u00e9cembre 2023. \u00bb<\/p>\n\n\n\n<h2 class=\"wp-block-heading\" id=\"h-gravi-negligenze-da-parte-del-produttore\">Grave n\u00e9gligence de la part du fabricant<\/h2>\n\n\n\n<p>Adimey a partag\u00e9 qu&#039;une enqu\u00eate sur la mort de Baxendale a r\u00e9v\u00e9l\u00e9 \u00ab une n\u00e9gligence grave et une conduite imprudente de la part du fabricant et\/ou des vendeurs \u00bb pour avoir omis d&#039;indiquer sur l&#039;emballage du biscuit que le produit contenait des cacahu\u00e8tes. &quot;Cette incapacit\u00e9 \u00e0 divulguer correctement a conduit \u00e0 ce r\u00e9sultat d\u00e9vastateur mais \u00e9vitable&quot;, a \u00e9crit l&#039;avocat.<\/p>\n\n\n\n<h2 class=\"wp-block-heading\" id=\"h-scambio-di-accuse-tra-negozio-e-produttore\">\u00c9change d&#039;accusations entre magasin et fabricant<\/h2>\n\n\n\n<p>Le supermarch\u00e9 Stew Leonard&#039;s a d\u00e9clar\u00e9 que le fabricant de Long Island aupr\u00e8s duquel il ach\u00e8te les biscuits ne l&#039;avait pas inform\u00e9 du changement dans les ingr\u00e9dients des biscuits florentins \u00e0 la vanille. &quot;Stew Leonard&#039;s a d\u00e9clar\u00e9 dans un pr\u00e9c\u00e9dent communiqu\u00e9 de presse que &#039;les cookies contiennent des cacahu\u00e8tes, un ingr\u00e9dient non divulgu\u00e9 \u00e0 Stew Leonard&#039;s par le fabricant&#039;&quot;, a \u00e9crit United Cookies dans un communiqu\u00e9 mardi. Le grossiste affirme que Stew Leonard&#039;s a modifi\u00e9 l&#039;emballage pour repr\u00e9senter la marque du magasin, mais n&#039;a pas r\u00e9ussi \u00e0 \u00e9tiqueter correctement les biscuits comme contenant des cacahu\u00e8tes avant qu&#039;ils n&#039;arrivent dans les rayons.<\/p>\n\n\n\n<p><\/p>\n\n\n\n<p>La Division des aliments, des normes et de la s\u00e9curit\u00e9 des produits (DCP) du D\u00e9partement de la protection des consommateurs du Connecticut a d\u00e9clar\u00e9 qu&#039;elle enqu\u00eatait sur l&#039;accident mortel avec des responsables du Connecticut, de New York et du New Jersey, de la Food and Drug Administration et de Stew Leonard&#039;s. &quot;Il s&#039;agit d&#039;une trag\u00e9die d\u00e9chirante qui n&#039;aurait jamais d\u00fb se produire&quot;, a d\u00e9clar\u00e9 le commissaire du DCP, Bryan T. Cafferelli, ajoutant qu&#039;ils iront au fond de la fa\u00e7on dont cette &quot;erreur s&#039;est produite et \u00e9viteront qu&#039;une trag\u00e9die similaire ne se reproduise \u00e0 l&#039;avenir&quot;.<\/p>\n\n\n\n<p><strong>LIRE LES AUTRES NOUVELLES DU MONDE<\/strong><\/p>\n\n\n<ul class=\"wp-block-latest-posts__list wp-block-latest-posts\"><li><a class=\"wp-block-latest-posts__post-title\" href=\"https:\/\/newsvirali.it\/fr\/2026\/02\/12\/emma-amit-crabe-du-diable-mort\/\">La vlogueuse Emma Amit d\u00e9c\u00e8de apr\u00e8s avoir consomm\u00e9 du crabe du diable toxique<\/a><\/li>\n<li><a class=\"wp-block-latest-posts__post-title\" href=\"https:\/\/newsvirali.it\/fr\/2026\/02\/05\/suicide-des-trois-soeurs-en-inde\/\">Des parents confisquent les t\u00e9l\u00e9phones portables de trois s\u0153urs qui jouent excessivement aux jeux vid\u00e9o\u00a0: trois s\u0153urs se suicident<\/a><\/li>\n<li><a class=\"wp-block-latest-posts__post-title\" href=\"https:\/\/newsvirali.it\/fr\/2026\/01\/30\/arrestation-dans-un-complexe-hotelier-de-floride-pour-actes-obscenes\/\">Un h\u00f4tel de Floride fait sensation : un homme arr\u00eat\u00e9 pour exhibitionnisme avec un aspirateur<\/a><\/li>\n<li><a class=\"wp-block-latest-posts__post-title\" href=\"https:\/\/newsvirali.it\/fr\/2026\/01\/28\/un-pere-ivre-pend-son-fils-dans-une-video-choquante\/\">Un p\u00e8re ivre pend son fils par la fen\u00eatre : vid\u00e9o choquante<\/a><\/li>\n<li><a class=\"wp-block-latest-posts__post-title\" href=\"https:\/\/newsvirali.it\/fr\/2026\/01\/27\/une-enseignante-enceinte-et-un-eleve-de-13-ans\/\">Une enseignante admet \u00eatre tomb\u00e9e enceinte d&#039;un \u00e9l\u00e8ve de 13 ans<\/a><\/li>\n<\/ul><br \/>Suivez-nous \u00e9galement sur Google News : <b><a href=\"https:\/\/news.google.com\/publications\/CAAqBwgKMNqJiwswjMfqAg?hl=it&gl=IT&ceid=IT:it\" target=\"_blank\">Cliquez ici<\/a><\/b>","protected":false},"excerpt":{"rendered":"<p>Une danseuse professionnelle new-yorkaise est d\u00e9c\u00e9d\u00e9e apr\u00e8s avoir mang\u00e9 un biscuit de No\u00ebl mal \u00e9tiquet\u00e9 contenant un [\u2026]<\/p>","protected":false},"author":4,"featured_media":15282,"comment_status":"open","ping_status":"open","sticky":false,"template":"","format":"standard","meta":{"MSN_Categories":"Uncategorized","MSN_Publish_Option":false,"MSN_Is_Local_News":false,"MSN_Is_AIAC_Included":"Empty","MSN_Location":"[]","MSN_Add_Feature_Img_On_Top_Of_Post":false,"MSN_Has_Custom_Author":false,"MSN_Custom_Author":"","MSN_Has_Custom_Canonical_Url":false,"MSN_Custom_Canonical_Url":"","footnotes":""},"categories":[9],"tags":[],"class_list":["post-15272","post","type-post","status-publish","format-standard","has-post-thumbnail","hentry","category-mondo"],"acf":[],"yoast_head":"<!-- This site is optimized with the Yoast SEO Premium plugin v26.7 (Yoast SEO v26.7) - https:\/\/yoast.com\/wordpress\/plugins\/seo\/ -->\n<title>Ballerina mangia un biscotto e muore: colpa di una nocciolina<\/title>\n<meta name=\"description\" content=\"Una ballerina di New York \u00e8 morta dopo aver mangiato un biscotto natalizio etichettato in modo errato contenente una nocciolina.\" \/>\n<meta name=\"robots\" content=\"index, follow, max-snippet:-1, max-image-preview:large, max-video-preview:-1\" \/>\n<link rel=\"canonical\" href=\"https:\/\/newsvirali.it\/fr\/2024\/01\/25\/bailarina-de-25-anos-come-una-galleta-y-muere-a-causa-de-un-mani\/\" \/>\n<meta property=\"og:locale\" content=\"fr_FR\" \/>\n<meta property=\"og:type\" content=\"article\" \/>\n<meta property=\"og:title\" content=\"Ballerina 25enne mangia un biscotto e muore: colpa di una nocciolina\" \/>\n<meta property=\"og:description\" content=\"Una ballerina di New York \u00e8 morta dopo aver mangiato un biscotto natalizio etichettato in modo errato contenente una nocciolina.\" \/>\n<meta property=\"og:url\" content=\"https:\/\/newsvirali.it\/fr\/2024\/01\/25\/bailarina-de-25-anos-come-una-galleta-y-muere-a-causa-de-un-mani\/\" \/>\n<meta property=\"og:site_name\" content=\"News virali\" \/>\n<meta property=\"article:published_time\" content=\"2024-01-25T15:54:53+00:00\" \/>\n<meta property=\"article:modified_time\" content=\"2024-01-25T16:44:11+00:00\" \/>\n<meta property=\"og:image\" content=\"https:\/\/newsvirali.it\/wp-content\/uploads\/2024\/01\/MixCollage-25-Jan-2024-04-50-PM-9673.jpg\" \/>\n\t<meta property=\"og:image:width\" content=\"2560\" \/>\n\t<meta property=\"og:image:height\" content=\"1440\" \/>\n\t<meta property=\"og:image:type\" content=\"image\/jpeg\" \/>\n<meta name=\"author\" content=\"Cecco Prestina\" \/>\n<meta name=\"twitter:card\" content=\"summary_large_image\" \/>\n<meta name=\"twitter:label1\" content=\"\u00c9crit par\" \/>\n\t<meta name=\"twitter:data1\" content=\"Cecco Prestina\" \/>\n\t<meta name=\"twitter:label2\" content=\"Dur\u00e9e de lecture estim\u00e9e\" \/>\n\t<meta name=\"twitter:data2\" content=\"3 minutes\" \/>\n<script type=\"application\/ld+json\" class=\"yoast-schema-graph\">{\"@context\":\"https:\/\/schema.org\",\"@graph\":[{\"@type\":\"NewsArticle\",\"@id\":\"https:\/\/newsvirali.it\/es\/2024\/01\/25\/bailarina-de-25-anos-come-una-galleta-y-muere-a-causa-de-un-mani\/#article\",\"isPartOf\":{\"@id\":\"https:\/\/newsvirali.it\/es\/2024\/01\/25\/bailarina-de-25-anos-come-una-galleta-y-muere-a-causa-de-un-mani\/\"},\"author\":{\"name\":\"Cecco Prestina\",\"@id\":\"https:\/\/newsvirali.it\/fr\/#\/schema\/person\/4c835f7b49c9adb58b33901ee816565d\"},\"headline\":\"Ballerina 25enne mangia un biscotto e muore: colpa di una nocciolina\",\"datePublished\":\"2024-01-25T15:54:53+00:00\",\"dateModified\":\"2024-01-25T16:44:11+00:00\",\"mainEntityOfPage\":{\"@id\":\"https:\/\/newsvirali.it\/es\/2024\/01\/25\/bailarina-de-25-anos-come-una-galleta-y-muere-a-causa-de-un-mani\/\"},\"wordCount\":427,\"commentCount\":0,\"image\":{\"@id\":\"https:\/\/newsvirali.it\/es\/2024\/01\/25\/bailarina-de-25-anos-come-una-galleta-y-muere-a-causa-de-un-mani\/#primaryimage\"},\"thumbnailUrl\":\"https:\/\/newsvirali.it\/wp-content\/uploads\/2024\/01\/MixCollage-25-Jan-2024-04-50-PM-9673.jpg\",\"articleSection\":[\"Mondo\"],\"inLanguage\":\"fr-FR\",\"potentialAction\":[{\"@type\":\"CommentAction\",\"name\":\"Comment\",\"target\":[\"https:\/\/newsvirali.it\/es\/2024\/01\/25\/bailarina-de-25-anos-come-una-galleta-y-muere-a-causa-de-un-mani\/#respond\"]}],\"copyrightYear\":\"2024\",\"copyrightHolder\":{\"@id\":\"https:\/\/newsvirali.it\/fr\/#organization\"}},{\"@type\":\"WebPage\",\"@id\":\"https:\/\/newsvirali.it\/es\/2024\/01\/25\/bailarina-de-25-anos-come-una-galleta-y-muere-a-causa-de-un-mani\/\",\"url\":\"https:\/\/newsvirali.it\/es\/2024\/01\/25\/bailarina-de-25-anos-come-una-galleta-y-muere-a-causa-de-un-mani\/\",\"name\":\"Ballerina mangia un biscotto e muore: colpa di una nocciolina\",\"isPartOf\":{\"@id\":\"https:\/\/newsvirali.it\/fr\/#website\"},\"primaryImageOfPage\":{\"@id\":\"https:\/\/newsvirali.it\/es\/2024\/01\/25\/bailarina-de-25-anos-come-una-galleta-y-muere-a-causa-de-un-mani\/#primaryimage\"},\"image\":{\"@id\":\"https:\/\/newsvirali.it\/es\/2024\/01\/25\/bailarina-de-25-anos-come-una-galleta-y-muere-a-causa-de-un-mani\/#primaryimage\"},\"thumbnailUrl\":\"https:\/\/newsvirali.it\/wp-content\/uploads\/2024\/01\/MixCollage-25-Jan-2024-04-50-PM-9673.jpg\",\"datePublished\":\"2024-01-25T15:54:53+00:00\",\"dateModified\":\"2024-01-25T16:44:11+00:00\",\"author\":{\"@id\":\"https:\/\/newsvirali.it\/fr\/#\/schema\/person\/4c835f7b49c9adb58b33901ee816565d\"},\"description\":\"Una ballerina di New York \u00e8 morta dopo aver mangiato un biscotto natalizio etichettato in modo errato contenente una nocciolina.\",\"breadcrumb\":{\"@id\":\"https:\/\/newsvirali.it\/es\/2024\/01\/25\/bailarina-de-25-anos-come-una-galleta-y-muere-a-causa-de-un-mani\/#breadcrumb\"},\"inLanguage\":\"fr-FR\",\"potentialAction\":[{\"@type\":\"ReadAction\",\"target\":[\"https:\/\/newsvirali.it\/es\/2024\/01\/25\/bailarina-de-25-anos-come-una-galleta-y-muere-a-causa-de-un-mani\/\"]}]},{\"@type\":\"ImageObject\",\"inLanguage\":\"fr-FR\",\"@id\":\"https:\/\/newsvirali.it\/es\/2024\/01\/25\/bailarina-de-25-anos-come-una-galleta-y-muere-a-causa-de-un-mani\/#primaryimage\",\"url\":\"https:\/\/newsvirali.it\/wp-content\/uploads\/2024\/01\/MixCollage-25-Jan-2024-04-50-PM-9673.jpg\",\"contentUrl\":\"https:\/\/newsvirali.it\/wp-content\/uploads\/2024\/01\/MixCollage-25-Jan-2024-04-50-PM-9673.jpg\",\"width\":2560,\"height\":1440,\"caption\":\"Ballerina mangia un biscotto e muore: colpa di una nocciolina\"},{\"@type\":\"BreadcrumbList\",\"@id\":\"https:\/\/newsvirali.it\/es\/2024\/01\/25\/bailarina-de-25-anos-come-una-galleta-y-muere-a-causa-de-un-mani\/#breadcrumb\",\"itemListElement\":[{\"@type\":\"ListItem\",\"position\":1,\"name\":\"Home\",\"item\":\"https:\/\/newsvirali.it\/fr\/\"},{\"@type\":\"ListItem\",\"position\":2,\"name\":\"Ballerina 25enne mangia un biscotto e muore: colpa di una nocciolina\"}]},{\"@type\":\"WebSite\",\"@id\":\"https:\/\/newsvirali.it\/fr\/#website\",\"url\":\"https:\/\/newsvirali.it\/fr\/\",\"name\":\"Bake News\",\"description\":\"\",\"potentialAction\":[{\"@type\":\"SearchAction\",\"target\":{\"@type\":\"EntryPoint\",\"urlTemplate\":\"https:\/\/newsvirali.it\/fr\/?s={search_term_string}\"},\"query-input\":{\"@type\":\"PropertyValueSpecification\",\"valueRequired\":true,\"valueName\":\"search_term_string\"}}],\"inLanguage\":\"fr-FR\"},{\"@type\":\"Person\",\"@id\":\"https:\/\/newsvirali.it\/fr\/#\/schema\/person\/4c835f7b49c9adb58b33901ee816565d\",\"name\":\"Cecco Prestina\",\"description\":\"Perch\u00e9 nasconderlo? Cecco Prestina \u00e8 un alias, ma dietro di lui non si cela un algoritmo di intelligenza artificiale. C'\u00e8 un giornalista che ha oltre vent'anni di esperienza tutta sul web. Da quando il primo modem ha iniziato a gracchiare sul territorio italiano con Video on Line, Cecco ha capito che da quel doppino sarebbe passato il futuro. Ha dedidicato tutta la sua carriera a capire Internet e poi i social e ora l'Ai. Una carriera in costante aggiornamento. E questa esperienza la mette in campo ogni giorno. Per\u00f2 ogni tanto Cecco ha voglia anche di non scrivere \\\"pipponi\\\" sulla politica, sull'economia. Ha voglia anche di scrivere qualcosa di divertente. Le notizie che trovate su Bake News sono le stesse che Cecco porta all'aperitivo con gli amici. Quelle di cui discutere per farsi due risate. Notizie, vere (qualche volta si fa fatica a crederlo), strane, divertenti, ma anche serie. Bake News \u00e8 nato per questo, dare al pubblico notizie croccanti e calde come il pane che esce dal forno. E Cecco Prestina \u00e8 nato con Bake News.\",\"url\":\"https:\/\/newsvirali.it\/fr\/autore\/cecco-prestina\/\"}]}<\/script>\n<!-- \/ Yoast SEO Premium plugin. -->","yoast_head_json":{"title":"Ballerina mangia un biscotto e muore: colpa di una nocciolina","description":"Una ballerina di New York \u00e8 morta dopo aver mangiato un biscotto natalizio etichettato in modo errato contenente una nocciolina.","robots":{"index":"index","follow":"follow","max-snippet":"max-snippet:-1","max-image-preview":"max-image-preview:large","max-video-preview":"max-video-preview:-1"},"canonical":"https:\/\/newsvirali.it\/fr\/2024\/01\/25\/bailarina-de-25-anos-come-una-galleta-y-muere-a-causa-de-un-mani\/","og_locale":"fr_FR","og_type":"article","og_title":"Ballerina 25enne mangia un biscotto e muore: colpa di una nocciolina","og_description":"Una ballerina di New York \u00e8 morta dopo aver mangiato un biscotto natalizio etichettato in modo errato contenente una nocciolina.","og_url":"https:\/\/newsvirali.it\/fr\/2024\/01\/25\/bailarina-de-25-anos-come-una-galleta-y-muere-a-causa-de-un-mani\/","og_site_name":"News virali","article_published_time":"2024-01-25T15:54:53+00:00","article_modified_time":"2024-01-25T16:44:11+00:00","og_image":[{"width":2560,"height":1440,"url":"https:\/\/newsvirali.it\/wp-content\/uploads\/2024\/01\/MixCollage-25-Jan-2024-04-50-PM-9673.jpg","type":"image\/jpeg"}],"author":"Cecco Prestina","twitter_card":"summary_large_image","twitter_misc":{"\u00c9crit par":"Cecco Prestina","Dur\u00e9e de lecture estim\u00e9e":"3 minutes"},"schema":{"@context":"https:\/\/schema.org","@graph":[{"@type":"NewsArticle","@id":"https:\/\/newsvirali.it\/es\/2024\/01\/25\/bailarina-de-25-anos-come-una-galleta-y-muere-a-causa-de-un-mani\/#article","isPartOf":{"@id":"https:\/\/newsvirali.it\/es\/2024\/01\/25\/bailarina-de-25-anos-come-una-galleta-y-muere-a-causa-de-un-mani\/"},"author":{"name":"Cecco Prestina","@id":"https:\/\/newsvirali.it\/fr\/#\/schema\/person\/4c835f7b49c9adb58b33901ee816565d"},"headline":"Ballerina 25enne mangia un biscotto e muore: colpa di una nocciolina","datePublished":"2024-01-25T15:54:53+00:00","dateModified":"2024-01-25T16:44:11+00:00","mainEntityOfPage":{"@id":"https:\/\/newsvirali.it\/es\/2024\/01\/25\/bailarina-de-25-anos-come-una-galleta-y-muere-a-causa-de-un-mani\/"},"wordCount":427,"commentCount":0,"image":{"@id":"https:\/\/newsvirali.it\/es\/2024\/01\/25\/bailarina-de-25-anos-come-una-galleta-y-muere-a-causa-de-un-mani\/#primaryimage"},"thumbnailUrl":"https:\/\/newsvirali.it\/wp-content\/uploads\/2024\/01\/MixCollage-25-Jan-2024-04-50-PM-9673.jpg","articleSection":["Mondo"],"inLanguage":"fr-FR","potentialAction":[{"@type":"CommentAction","name":"Comment","target":["https:\/\/newsvirali.it\/es\/2024\/01\/25\/bailarina-de-25-anos-come-una-galleta-y-muere-a-causa-de-un-mani\/#respond"]}],"copyrightYear":"2024","copyrightHolder":{"@id":"https:\/\/newsvirali.it\/fr\/#organization"}},{"@type":"WebPage","@id":"https:\/\/newsvirali.it\/es\/2024\/01\/25\/bailarina-de-25-anos-come-una-galleta-y-muere-a-causa-de-un-mani\/","url":"https:\/\/newsvirali.it\/es\/2024\/01\/25\/bailarina-de-25-anos-come-una-galleta-y-muere-a-causa-de-un-mani\/","name":"Ballerina mangia un biscotto e muore: colpa di una nocciolina","isPartOf":{"@id":"https:\/\/newsvirali.it\/fr\/#website"},"primaryImageOfPage":{"@id":"https:\/\/newsvirali.it\/es\/2024\/01\/25\/bailarina-de-25-anos-come-una-galleta-y-muere-a-causa-de-un-mani\/#primaryimage"},"image":{"@id":"https:\/\/newsvirali.it\/es\/2024\/01\/25\/bailarina-de-25-anos-come-una-galleta-y-muere-a-causa-de-un-mani\/#primaryimage"},"thumbnailUrl":"https:\/\/newsvirali.it\/wp-content\/uploads\/2024\/01\/MixCollage-25-Jan-2024-04-50-PM-9673.jpg","datePublished":"2024-01-25T15:54:53+00:00","dateModified":"2024-01-25T16:44:11+00:00","author":{"@id":"https:\/\/newsvirali.it\/fr\/#\/schema\/person\/4c835f7b49c9adb58b33901ee816565d"},"description":"Una ballerina di New York \u00e8 morta dopo aver mangiato un biscotto natalizio etichettato in modo errato contenente una nocciolina.","breadcrumb":{"@id":"https:\/\/newsvirali.it\/es\/2024\/01\/25\/bailarina-de-25-anos-come-una-galleta-y-muere-a-causa-de-un-mani\/#breadcrumb"},"inLanguage":"fr-FR","potentialAction":[{"@type":"ReadAction","target":["https:\/\/newsvirali.it\/es\/2024\/01\/25\/bailarina-de-25-anos-come-una-galleta-y-muere-a-causa-de-un-mani\/"]}]},{"@type":"ImageObject","inLanguage":"fr-FR","@id":"https:\/\/newsvirali.it\/es\/2024\/01\/25\/bailarina-de-25-anos-come-una-galleta-y-muere-a-causa-de-un-mani\/#primaryimage","url":"https:\/\/newsvirali.it\/wp-content\/uploads\/2024\/01\/MixCollage-25-Jan-2024-04-50-PM-9673.jpg","contentUrl":"https:\/\/newsvirali.it\/wp-content\/uploads\/2024\/01\/MixCollage-25-Jan-2024-04-50-PM-9673.jpg","width":2560,"height":1440,"caption":"Ballerina mangia un biscotto e muore: colpa di una nocciolina"},{"@type":"BreadcrumbList","@id":"https:\/\/newsvirali.it\/es\/2024\/01\/25\/bailarina-de-25-anos-come-una-galleta-y-muere-a-causa-de-un-mani\/#breadcrumb","itemListElement":[{"@type":"ListItem","position":1,"name":"Home","item":"https:\/\/newsvirali.it\/fr\/"},{"@type":"ListItem","position":2,"name":"Ballerina 25enne mangia un biscotto e muore: colpa di una nocciolina"}]},{"@type":"WebSite","@id":"https:\/\/newsvirali.it\/fr\/#website","url":"https:\/\/newsvirali.it\/fr\/","name":"Bake News","description":"","potentialAction":[{"@type":"SearchAction","target":{"@type":"EntryPoint","urlTemplate":"https:\/\/newsvirali.it\/fr\/?s={search_term_string}"},"query-input":{"@type":"PropertyValueSpecification","valueRequired":true,"valueName":"search_term_string"}}],"inLanguage":"fr-FR"},{"@type":"Person","@id":"https:\/\/newsvirali.it\/fr\/#\/schema\/person\/4c835f7b49c9adb58b33901ee816565d","name":"Cecco Prestina","description":"Perch\u00e9 nasconderlo? Cecco Prestina \u00e8 un alias, ma dietro di lui non si cela un algoritmo di intelligenza artificiale. C'\u00e8 un giornalista che ha oltre vent'anni di esperienza tutta sul web. Da quando il primo modem ha iniziato a gracchiare sul territorio italiano con Video on Line, Cecco ha capito che da quel doppino sarebbe passato il futuro. Ha dedidicato tutta la sua carriera a capire Internet e poi i social e ora l'Ai. Una carriera in costante aggiornamento. E questa esperienza la mette in campo ogni giorno. Per\u00f2 ogni tanto Cecco ha voglia anche di non scrivere \"pipponi\" sulla politica, sull'economia. Ha voglia anche di scrivere qualcosa di divertente. Le notizie che trovate su Bake News sono le stesse che Cecco porta all'aperitivo con gli amici. Quelle di cui discutere per farsi due risate. Notizie, vere (qualche volta si fa fatica a crederlo), strane, divertenti, ma anche serie. Bake News \u00e8 nato per questo, dare al pubblico notizie croccanti e calde come il pane che esce dal forno. E Cecco Prestina \u00e8 nato con Bake News.","url":"https:\/\/newsvirali.it\/fr\/autore\/cecco-prestina\/"}]}},"_links":{"self":[{"href":"https:\/\/newsvirali.it\/fr\/wp-json\/wp\/v2\/posts\/15272","targetHints":{"allow":["GET"]}}],"collection":[{"href":"https:\/\/newsvirali.it\/fr\/wp-json\/wp\/v2\/posts"}],"about":[{"href":"https:\/\/newsvirali.it\/fr\/wp-json\/wp\/v2\/types\/post"}],"author":[{"embeddable":true,"href":"https:\/\/newsvirali.it\/fr\/wp-json\/wp\/v2\/users\/4"}],"replies":[{"embeddable":true,"href":"https:\/\/newsvirali.it\/fr\/wp-json\/wp\/v2\/comments?post=15272"}],"version-history":[{"count":7,"href":"https:\/\/newsvirali.it\/fr\/wp-json\/wp\/v2\/posts\/15272\/revisions"}],"predecessor-version":[{"id":15301,"href":"https:\/\/newsvirali.it\/fr\/wp-json\/wp\/v2\/posts\/15272\/revisions\/15301"}],"wp:featuredmedia":[{"embeddable":true,"href":"https:\/\/newsvirali.it\/fr\/wp-json\/wp\/v2\/media\/15282"}],"wp:attachment":[{"href":"https:\/\/newsvirali.it\/fr\/wp-json\/wp\/v2\/media?parent=15272"}],"wp:term":[{"taxonomy":"category","embeddable":true,"href":"https:\/\/newsvirali.it\/fr\/wp-json\/wp\/v2\/categories?post=15272"},{"taxonomy":"post_tag","embeddable":true,"href":"https:\/\/newsvirali.it\/fr\/wp-json\/wp\/v2\/tags?post=15272"}],"curies":[{"name":"wp","href":"https:\/\/api.w.org\/{rel}","templated":true}]}}