{"id":14553,"date":"2024-01-17T12:08:50","date_gmt":"2024-01-17T11:08:50","guid":{"rendered":"https:\/\/www.bakenews.it\/?p=14553"},"modified":"2024-01-17T13:30:18","modified_gmt":"2024-01-17T12:30:18","slug":"papa-francesco-e-un-pervertito-arcivescovo-vuol-far-arrestare-il-pontefice","status":"publish","type":"post","link":"https:\/\/newsvirali.it\/fr\/2024\/01\/17\/le-pape-francois-et-un-archeveque-pervers-veulent-faire-arreter-le-pontife\/","title":{"rendered":"&quot;Le pape Fran\u00e7ois est un pervers&quot;, l&#039;archev\u00eaque veut faire arr\u00eater le pontife"},"content":{"rendered":"<p>L&#039;archev\u00eaque Carlo Maria Vigan\u00f2 souhaite faire arr\u00eater le pape Fran\u00e7ois en d\u00e9clenchant une pol\u00e9mique \u00e0 propos d&#039;un livre \u00e9crit par un cardinal en 1998. L&#039;archev\u00eaque Vigan\u00f2 s&#039;est souvent trouv\u00e9 en d\u00e9saccord avec le pape Fran\u00e7ois sur l&#039;orientation de l&#039;\u00c9glise catholique. critiquer un livre refait surface \u00e9crit il y a 25 ans par un autre religieux. L&#039;archev\u00eaque consid\u00e8re l&#039;\u0153uvre comme \u00ab pornographique \u00bb et comme une \u00ab perversion \u00bb et a demand\u00e9 l&#039;arrestation de l&#039;\u00e9crivain, le cardinal V\u00edctor Manuel Fern\u00e1ndez, et du pape.<\/p>\n\n\n\n<p><strong>LIRE AUSSI<\/strong><\/p>\n\n\n\n<ul class=\"wp-block-list\">\n<li><a href=\"https:\/\/www.bakenews.it\/prete-sposa-18enne-fugge-italia-storia-sconvolge-paese\/\">Un pr\u00eatre catholique \u00e9pouse une jeune de 18 ans et s&#039;enfuit en Italie : l&#039;histoire qui choque tout un pays<\/a><\/li>\n\n\n\n<li><a href=\"https:\/\/www.bakenews.it\/cantante-seminuda-in-chiesa-per-un-video-musicale-vescovo-licenzia-prete\/\">Chanteur \u00e0 moiti\u00e9 nu dans une \u00e9glise pour un clip : un \u00e9v\u00eaque licencie un pr\u00eatre<\/a><\/li>\n\n\n\n<li><a href=\"https:\/\/www.bakenews.it\/scomunicata-dalla-chiesa-perche-mostra-le-mutandine-sui-social-ora-e-ricca\/\">Excommuni\u00e9e de l&#039;\u00e9glise pour avoir montr\u00e9 sa culotte sur les r\u00e9seaux sociaux : maintenant elle est riche<\/a><\/li>\n<\/ul>\n\n\n\n<h2 class=\"wp-block-heading\" id=\"h-arrestare-papa-francesco-ecco-le-accuse-di-mons-vigano\">\u00ab Arr\u00eater le pape Fran\u00e7ois \u00bb : voici les accusations de Mgr. Vigan\u00f2<\/h2>\n\n\n\n<p>L&#039;archev\u00eaque a auparavant \u00e9t\u00e9 ambassadeur du Vatican aux \u00c9tats-Unis pendant cinq ans ; il a \u00e9t\u00e9 nomm\u00e9 nonce apostolique en 2011 et est rest\u00e9 en fonction jusqu&#039;\u00e0 sa retraite en 2016. Il est devenu un critique de plus en plus virulent du Pape et de l&#039;\u00c9glise alors qu&#039;il navigue dans l&#039;\u00e8re moderne et est aux prises avec des questions telles que la sexualit\u00e9 et la pand\u00e9mie, au-del\u00e0 des abus sexuels. scandales. Ses avertissements concernant une conspiration mondialiste lui ont valu d\u2019attirer l\u2019attention du pr\u00e9sident de l\u2019\u00e9poque, Donald Trump, en 2020.<\/p>\n\n\n\n<p>La campagne de Mgr Vigan\u00f2 s&#039;est intensifi\u00e9e apr\u00e8s qu&#039;il ait appel\u00e9 \u00e0 l&#039;arrestation du chef de l&#039;\u00c9glise catholique. Sur quoi porte la pol\u00e9mique ? Mgr Vigan\u00f2 r\u00e9pondait \u00e0 un livre r\u00e9cemment refait surface de 1998 intitul\u00e9 Passion mystique : spiritualit\u00e9 et sensualit\u00e9, \u00e9crit par Fern\u00e1ndez, alors pr\u00eatre. Le livre comprendrait des descriptions graphiques des orgasmes masculins et f\u00e9minins ainsi que des discussions sur la mani\u00e8re dont les partenaires sexuels pourraient trouver Dieu en paroxysme. Mais les m\u00e9dias am\u00e9ricains qui ont soulev\u00e9 l\u2019affaire n\u2019ont pas pu voir un exemplaire du livre.<\/p>\n\n\n\n<figure class=\"wp-block-embed is-type-rich is-provider-twitter wp-block-embed-twitter\"><div class=\"wp-block-embed__wrapper\">\n<blockquote class=\"twitter-tweet\" data-width=\"500\" data-dnt=\"true\"><p lang=\"en\" dir=\"ltr\">Les r\u00e9gurgitations blasph\u00e9matoires des \u00e9gouts du pamphlet r\u00e9pugnant de Tucho montrent un tel niveau de perversion et d&#039;ali\u00e9nation \u00e0 la foi qu&#039;il exige l&#039;expulsion manu militari de l&#039;Argentin et de ses complices.<br><br>Les Gardes Suisses ont jur\u00e9 de d\u00e9fendre le Si\u00e8ge de Pierre, pas celui qui\u2026 <a href=\"https:\/\/t.co\/aKEuOtklqZ\">pic.twitter.com\/aKEuOtklqZ<\/a><\/p>\u2013 Mgr Carlo Maria Vigan\u00f2 (@CarloMVigano) <a href=\"https:\/\/twitter.com\/CarloMVigano\/status\/1744347265123160184?ref_src=twsrc%5Etfw\">8 janvier 2024<\/a><\/blockquote><script async src=\"https:\/\/platform.twitter.com\/widgets.js\" charset=\"utf-8\"><\/script>\n<\/div><\/figure>\n\n\n\n<h2 class=\"wp-block-heading\" id=\"h-dio-lo-si-raggiunge-nell-orgasmo\">&quot;Dieu est atteint dans l&#039;orgasme&quot;<\/h2>\n\n\n\n<p>Le pr\u00eatre, selon Vigan\u00f2, a sugg\u00e9r\u00e9 que Dieu pourrait \u00ab \u00eatre pr\u00e9sent lorsque deux \u00eatres humains s&#039;aiment et atteignent l&#039;orgasme ; et cet orgasme, v\u00e9cu en pr\u00e9sence de Dieu, peut aussi \u00eatre un acte sublime de la pr\u00e9sence de Dieu \u00bb, a \u00e9crit le magazine Catholic Herald dans un commentaire, citant le livre de Fern\u00e1ndez. Le livre a refait surface apr\u00e8s que l&#039;actuel cardinal Fern\u00e1ndez, avec l&#039;approbation du pape, ait autoris\u00e9 les pasteurs \u00e0 donner des b\u00e9n\u00e9dictions non liturgiques aux couples en \u00ab situation irr\u00e9guli\u00e8re \u00bb, comme les couples homosexuels ou les concubins non mari\u00e9s.<\/p>\n\n\n\n<p>Le 8 janvier, Vigan\u00f2 \u00e9crit dans Faith assez pour exiger l&#039;expulsion militaire de l&#039;Argentin et de ses complices. Les Gardes Suisses ont jur\u00e9 de d\u00e9fendre le Si\u00e8ge de Pierre, et non celui qui le d\u00e9molit syst\u00e9matiquement. Alors laissez-les tenir leur serment et arr\u00eater ces pervers h\u00e9r\u00e9tiques !<\/p>\n\n\n\n<h2 class=\"wp-block-heading\" id=\"h-il-card-fernandez-non-riscriverei-quel-libro\">La carte. Fern\u00e1ndez: &quot;Je ne r\u00e9\u00e9crirais pas ce livre&quot;<\/h2>\n\n\n\n<p>Le 8 janvier, le cardinal Fern\u00e1ndez a accord\u00e9 une interview au site catholique Crux et a d\u00e9clar\u00e9 qu&#039;il \u00e9tait jeune lorsqu&#039;il a \u00e9crit le livre, ajoutant : \u00ab Je ne l&#039;\u00e9crirais certainement pas maintenant \u00bb. Il a d\u00e9clar\u00e9 : \u00ab Longtemps apr\u00e8s ce livre, j\u2019en ai \u00e9crit des plus s\u00e9rieux comme La force curative du mysticisme\u2026 [et] je n\u2019ai jamais permis qu\u2019il soit r\u00e9imprim\u00e9. \u00bb Il a d\u00e9clar\u00e9 qu&#039;il avait tent\u00e9 d&#039;aider les couples \u00e0 &quot;mieux comprendre le sens spirituel de leurs relations&quot;, mais a ajout\u00e9 qu&#039;il avait ensuite tent\u00e9 d&#039;annuler le livre de peur qu&#039;il &quot;pourrait \u00eatre mal interpr\u00e9t\u00e9&quot;.<\/p>\n\n\n\n<p>Quelques jours plus tard, Mgr Vigan\u00f2 a de nouveau contact\u00e9 X pour partager un lien vers sa d\u00e9claration compl\u00e8te sur le sujet, dirigeant les lecteurs vers un site Web catholique appel\u00e9 Exsurge Domine. Appelant \u00e0 plusieurs reprises le Pape \u00ab Bergoglio \u00bb \u2013 en r\u00e9f\u00e9rence au nom de naissance du pontife, Jorge Mario Bergoglio \u2013 il a \u00e9crit : \u00ab Regardez\u2026 Les auditions de Bergoglio avec des transsexuels, des homosexuels c\u00e9l\u00e8bres et des amants cohabitants : peut-on s\u00e9rieusement croire qu&#039;il n&#039;y a pas de coh\u00e9rence dans ce cloaque de vices ? et perversions avec ce que Tucho a \u00e9crit en 1998 ?<\/p>\n\n\n\n<p><strong>LIRE LES AUTRES NOUVELLES DU MONDE<\/strong><\/p>\n\n\n<ul class=\"wp-block-latest-posts__list wp-block-latest-posts\"><li><a class=\"wp-block-latest-posts__post-title\" href=\"https:\/\/newsvirali.it\/fr\/2026\/02\/12\/emma-amit-crabe-du-diable-mort\/\">La vlogueuse Emma Amit d\u00e9c\u00e8de apr\u00e8s avoir consomm\u00e9 du crabe du diable toxique<\/a><\/li>\n<li><a class=\"wp-block-latest-posts__post-title\" href=\"https:\/\/newsvirali.it\/fr\/2026\/02\/05\/suicide-des-trois-soeurs-en-inde\/\">Des parents confisquent les t\u00e9l\u00e9phones portables de trois s\u0153urs qui jouent excessivement aux jeux vid\u00e9o\u00a0: trois s\u0153urs se suicident<\/a><\/li>\n<li><a class=\"wp-block-latest-posts__post-title\" href=\"https:\/\/newsvirali.it\/fr\/2026\/01\/30\/arrestation-dans-un-complexe-hotelier-de-floride-pour-actes-obscenes\/\">Un h\u00f4tel de Floride fait sensation : un homme arr\u00eat\u00e9 pour exhibitionnisme avec un aspirateur<\/a><\/li>\n<li><a class=\"wp-block-latest-posts__post-title\" href=\"https:\/\/newsvirali.it\/fr\/2026\/01\/28\/un-pere-ivre-pend-son-fils-dans-une-video-choquante\/\">Un p\u00e8re ivre pend son fils par la fen\u00eatre : vid\u00e9o choquante<\/a><\/li>\n<li><a class=\"wp-block-latest-posts__post-title\" href=\"https:\/\/newsvirali.it\/fr\/2026\/01\/27\/une-enseignante-enceinte-et-un-eleve-de-13-ans\/\">Une enseignante admet \u00eatre tomb\u00e9e enceinte d&#039;un \u00e9l\u00e8ve de 13 ans<\/a><\/li>\n<\/ul><br \/>Suivez-nous \u00e9galement sur Google News : <b><a href=\"https:\/\/news.google.com\/publications\/CAAqBwgKMNqJiwswjMfqAg?hl=it&gl=IT&ceid=IT:it\" target=\"_blank\">Cliquez ici<\/a><\/b>","protected":false},"excerpt":{"rendered":"<p>L&#039;archev\u00eaque Carlo Maria Vigan\u00f2 veut faire arr\u00eater le pape Fran\u00e7ois en d\u00e9clenchant une pol\u00e9mique autour d&#039;un livre \u00e9crit par un cardinal en [\u2026]<\/p>","protected":false},"author":4,"featured_media":14564,"comment_status":"open","ping_status":"open","sticky":false,"template":"","format":"standard","meta":{"MSN_Categories":"Uncategorized","MSN_Publish_Option":false,"MSN_Is_Local_News":false,"MSN_Is_AIAC_Included":"Empty","MSN_Location":"[]","MSN_Add_Feature_Img_On_Top_Of_Post":false,"MSN_Has_Custom_Author":false,"MSN_Custom_Author":"","MSN_Has_Custom_Canonical_Url":false,"MSN_Custom_Canonical_Url":"","footnotes":""},"categories":[7],"tags":[],"class_list":["post-14553","post","type-post","status-publish","format-standard","has-post-thumbnail","hentry","category-cronaca"],"acf":[],"yoast_head":"<!-- This site is optimized with the Yoast SEO Premium plugin v26.7 (Yoast SEO v26.7) - https:\/\/yoast.com\/wordpress\/plugins\/seo\/ -->\n<title>&quot;Papa Francesco \u00e8 un pervertito&quot;, arcivescovo lo vuole arrestare<\/title>\n<meta name=\"description\" content=\"Nuovo attacco dell&#039;arcivescovo Carlo Maria Vigan\u00f2 che vuole fare arrestare papa Francesco per un libro da &quot;pervertiti&quot;.\" \/>\n<meta name=\"robots\" content=\"index, follow, max-snippet:-1, max-image-preview:large, max-video-preview:-1\" \/>\n<link rel=\"canonical\" href=\"https:\/\/newsvirali.it\/fr\/2024\/01\/17\/papst-franziskus-und-ein-perverser-erzbischof-wollen-den-papst-verhaften-lassen\/\" \/>\n<meta property=\"og:locale\" content=\"fr_FR\" \/>\n<meta property=\"og:type\" content=\"article\" \/>\n<meta property=\"og:title\" content=\"&quot;Papa Francesco \u00e8 un pervertito&quot;, arcivescovo vuol far arrestare il Pontefice\" \/>\n<meta property=\"og:description\" content=\"Nuovo attacco dell&#039;arcivescovo Carlo Maria Vigan\u00f2 che vuole fare arrestare papa Francesco per un libro da &quot;pervertiti&quot;.\" \/>\n<meta property=\"og:url\" content=\"https:\/\/newsvirali.it\/fr\/2024\/01\/17\/papst-franziskus-und-ein-perverser-erzbischof-wollen-den-papst-verhaften-lassen\/\" \/>\n<meta property=\"og:site_name\" content=\"News virali\" \/>\n<meta property=\"article:published_time\" content=\"2024-01-17T11:08:50+00:00\" \/>\n<meta property=\"article:modified_time\" content=\"2024-01-17T12:30:18+00:00\" \/>\n<meta property=\"og:image\" content=\"https:\/\/newsvirali.it\/wp-content\/uploads\/2024\/01\/MixCollage-17-Jan-2024-12-02-PM-8679-1.jpg\" \/>\n\t<meta property=\"og:image:width\" content=\"2560\" \/>\n\t<meta property=\"og:image:height\" content=\"1440\" \/>\n\t<meta property=\"og:image:type\" content=\"image\/jpeg\" \/>\n<meta name=\"author\" content=\"Cecco Prestina\" \/>\n<meta name=\"twitter:card\" content=\"summary_large_image\" \/>\n<meta name=\"twitter:label1\" content=\"\u00c9crit par\" \/>\n\t<meta name=\"twitter:data1\" content=\"Cecco Prestina\" \/>\n\t<meta name=\"twitter:label2\" content=\"Dur\u00e9e de lecture estim\u00e9e\" \/>\n\t<meta name=\"twitter:data2\" content=\"4 minutes\" \/>\n<script type=\"application\/ld+json\" class=\"yoast-schema-graph\">{\"@context\":\"https:\/\/schema.org\",\"@graph\":[{\"@type\":\"NewsArticle\",\"@id\":\"https:\/\/newsvirali.it\/de\/2024\/01\/17\/papst-franziskus-und-ein-perverser-erzbischof-wollen-den-papst-verhaften-lassen\/#article\",\"isPartOf\":{\"@id\":\"https:\/\/newsvirali.it\/de\/2024\/01\/17\/papst-franziskus-und-ein-perverser-erzbischof-wollen-den-papst-verhaften-lassen\/\"},\"author\":{\"name\":\"Cecco Prestina\",\"@id\":\"https:\/\/newsvirali.it\/fr\/#\/schema\/person\/4c835f7b49c9adb58b33901ee816565d\"},\"headline\":\"&#8220;Papa Francesco \u00e8 un pervertito&#8221;, arcivescovo vuol far arrestare il Pontefice\",\"datePublished\":\"2024-01-17T11:08:50+00:00\",\"dateModified\":\"2024-01-17T12:30:18+00:00\",\"mainEntityOfPage\":{\"@id\":\"https:\/\/newsvirali.it\/de\/2024\/01\/17\/papst-franziskus-und-ein-perverser-erzbischof-wollen-den-papst-verhaften-lassen\/\"},\"wordCount\":684,\"commentCount\":0,\"image\":{\"@id\":\"https:\/\/newsvirali.it\/de\/2024\/01\/17\/papst-franziskus-und-ein-perverser-erzbischof-wollen-den-papst-verhaften-lassen\/#primaryimage\"},\"thumbnailUrl\":\"https:\/\/newsvirali.it\/wp-content\/uploads\/2024\/01\/MixCollage-17-Jan-2024-12-02-PM-8679-1.jpg\",\"articleSection\":[\"Cronaca\"],\"inLanguage\":\"fr-FR\",\"potentialAction\":[{\"@type\":\"CommentAction\",\"name\":\"Comment\",\"target\":[\"https:\/\/newsvirali.it\/de\/2024\/01\/17\/papst-franziskus-und-ein-perverser-erzbischof-wollen-den-papst-verhaften-lassen\/#respond\"]}],\"copyrightYear\":\"2024\",\"copyrightHolder\":{\"@id\":\"https:\/\/newsvirali.it\/fr\/#organization\"}},{\"@type\":\"WebPage\",\"@id\":\"https:\/\/newsvirali.it\/de\/2024\/01\/17\/papst-franziskus-und-ein-perverser-erzbischof-wollen-den-papst-verhaften-lassen\/\",\"url\":\"https:\/\/newsvirali.it\/de\/2024\/01\/17\/papst-franziskus-und-ein-perverser-erzbischof-wollen-den-papst-verhaften-lassen\/\",\"name\":\"\\\"Papa Francesco \u00e8 un pervertito\\\", arcivescovo lo vuole arrestare\",\"isPartOf\":{\"@id\":\"https:\/\/newsvirali.it\/fr\/#website\"},\"primaryImageOfPage\":{\"@id\":\"https:\/\/newsvirali.it\/de\/2024\/01\/17\/papst-franziskus-und-ein-perverser-erzbischof-wollen-den-papst-verhaften-lassen\/#primaryimage\"},\"image\":{\"@id\":\"https:\/\/newsvirali.it\/de\/2024\/01\/17\/papst-franziskus-und-ein-perverser-erzbischof-wollen-den-papst-verhaften-lassen\/#primaryimage\"},\"thumbnailUrl\":\"https:\/\/newsvirali.it\/wp-content\/uploads\/2024\/01\/MixCollage-17-Jan-2024-12-02-PM-8679-1.jpg\",\"datePublished\":\"2024-01-17T11:08:50+00:00\",\"dateModified\":\"2024-01-17T12:30:18+00:00\",\"author\":{\"@id\":\"https:\/\/newsvirali.it\/fr\/#\/schema\/person\/4c835f7b49c9adb58b33901ee816565d\"},\"description\":\"Nuovo attacco dell'arcivescovo Carlo Maria Vigan\u00f2 che vuole fare arrestare papa Francesco per un libro da \\\"pervertiti\\\".\",\"breadcrumb\":{\"@id\":\"https:\/\/newsvirali.it\/de\/2024\/01\/17\/papst-franziskus-und-ein-perverser-erzbischof-wollen-den-papst-verhaften-lassen\/#breadcrumb\"},\"inLanguage\":\"fr-FR\",\"potentialAction\":[{\"@type\":\"ReadAction\",\"target\":[\"https:\/\/newsvirali.it\/de\/2024\/01\/17\/papst-franziskus-und-ein-perverser-erzbischof-wollen-den-papst-verhaften-lassen\/\"]}]},{\"@type\":\"ImageObject\",\"inLanguage\":\"fr-FR\",\"@id\":\"https:\/\/newsvirali.it\/de\/2024\/01\/17\/papst-franziskus-und-ein-perverser-erzbischof-wollen-den-papst-verhaften-lassen\/#primaryimage\",\"url\":\"https:\/\/newsvirali.it\/wp-content\/uploads\/2024\/01\/MixCollage-17-Jan-2024-12-02-PM-8679-1.jpg\",\"contentUrl\":\"https:\/\/newsvirali.it\/wp-content\/uploads\/2024\/01\/MixCollage-17-Jan-2024-12-02-PM-8679-1.jpg\",\"width\":2560,\"height\":1440,\"caption\":\"\\\"Papa Francesco \u00e8 un pervertito\\\", arcivescovo lo vuole arrestare\"},{\"@type\":\"BreadcrumbList\",\"@id\":\"https:\/\/newsvirali.it\/de\/2024\/01\/17\/papst-franziskus-und-ein-perverser-erzbischof-wollen-den-papst-verhaften-lassen\/#breadcrumb\",\"itemListElement\":[{\"@type\":\"ListItem\",\"position\":1,\"name\":\"Home\",\"item\":\"https:\/\/newsvirali.it\/fr\/\"},{\"@type\":\"ListItem\",\"position\":2,\"name\":\"&#8220;Papa Francesco \u00e8 un pervertito&#8221;, arcivescovo vuol far arrestare il Pontefice\"}]},{\"@type\":\"WebSite\",\"@id\":\"https:\/\/newsvirali.it\/fr\/#website\",\"url\":\"https:\/\/newsvirali.it\/fr\/\",\"name\":\"Bake News\",\"description\":\"\",\"potentialAction\":[{\"@type\":\"SearchAction\",\"target\":{\"@type\":\"EntryPoint\",\"urlTemplate\":\"https:\/\/newsvirali.it\/fr\/?s={search_term_string}\"},\"query-input\":{\"@type\":\"PropertyValueSpecification\",\"valueRequired\":true,\"valueName\":\"search_term_string\"}}],\"inLanguage\":\"fr-FR\"},{\"@type\":\"Person\",\"@id\":\"https:\/\/newsvirali.it\/fr\/#\/schema\/person\/4c835f7b49c9adb58b33901ee816565d\",\"name\":\"Cecco Prestina\",\"description\":\"Perch\u00e9 nasconderlo? Cecco Prestina \u00e8 un alias, ma dietro di lui non si cela un algoritmo di intelligenza artificiale. C'\u00e8 un giornalista che ha oltre vent'anni di esperienza tutta sul web. Da quando il primo modem ha iniziato a gracchiare sul territorio italiano con Video on Line, Cecco ha capito che da quel doppino sarebbe passato il futuro. Ha dedidicato tutta la sua carriera a capire Internet e poi i social e ora l'Ai. Una carriera in costante aggiornamento. E questa esperienza la mette in campo ogni giorno. Per\u00f2 ogni tanto Cecco ha voglia anche di non scrivere \\\"pipponi\\\" sulla politica, sull'economia. Ha voglia anche di scrivere qualcosa di divertente. Le notizie che trovate su Bake News sono le stesse che Cecco porta all'aperitivo con gli amici. Quelle di cui discutere per farsi due risate. Notizie, vere (qualche volta si fa fatica a crederlo), strane, divertenti, ma anche serie. Bake News \u00e8 nato per questo, dare al pubblico notizie croccanti e calde come il pane che esce dal forno. E Cecco Prestina \u00e8 nato con Bake News.\",\"url\":\"https:\/\/newsvirali.it\/fr\/autore\/cecco-prestina\/\"}]}<\/script>\n<!-- \/ Yoast SEO Premium plugin. -->","yoast_head_json":{"title":"\"Papa Francesco \u00e8 un pervertito\", arcivescovo lo vuole arrestare","description":"Nuovo attacco dell'arcivescovo Carlo Maria Vigan\u00f2 che vuole fare arrestare papa Francesco per un libro da \"pervertiti\".","robots":{"index":"index","follow":"follow","max-snippet":"max-snippet:-1","max-image-preview":"max-image-preview:large","max-video-preview":"max-video-preview:-1"},"canonical":"https:\/\/newsvirali.it\/fr\/2024\/01\/17\/papst-franziskus-und-ein-perverser-erzbischof-wollen-den-papst-verhaften-lassen\/","og_locale":"fr_FR","og_type":"article","og_title":"\"Papa Francesco \u00e8 un pervertito\", arcivescovo vuol far arrestare il Pontefice","og_description":"Nuovo attacco dell'arcivescovo Carlo Maria Vigan\u00f2 che vuole fare arrestare papa Francesco per un libro da \"pervertiti\".","og_url":"https:\/\/newsvirali.it\/fr\/2024\/01\/17\/papst-franziskus-und-ein-perverser-erzbischof-wollen-den-papst-verhaften-lassen\/","og_site_name":"News virali","article_published_time":"2024-01-17T11:08:50+00:00","article_modified_time":"2024-01-17T12:30:18+00:00","og_image":[{"width":2560,"height":1440,"url":"https:\/\/newsvirali.it\/wp-content\/uploads\/2024\/01\/MixCollage-17-Jan-2024-12-02-PM-8679-1.jpg","type":"image\/jpeg"}],"author":"Cecco Prestina","twitter_card":"summary_large_image","twitter_misc":{"\u00c9crit par":"Cecco Prestina","Dur\u00e9e de lecture estim\u00e9e":"4 minutes"},"schema":{"@context":"https:\/\/schema.org","@graph":[{"@type":"NewsArticle","@id":"https:\/\/newsvirali.it\/de\/2024\/01\/17\/papst-franziskus-und-ein-perverser-erzbischof-wollen-den-papst-verhaften-lassen\/#article","isPartOf":{"@id":"https:\/\/newsvirali.it\/de\/2024\/01\/17\/papst-franziskus-und-ein-perverser-erzbischof-wollen-den-papst-verhaften-lassen\/"},"author":{"name":"Cecco Prestina","@id":"https:\/\/newsvirali.it\/fr\/#\/schema\/person\/4c835f7b49c9adb58b33901ee816565d"},"headline":"&#8220;Papa Francesco \u00e8 un pervertito&#8221;, arcivescovo vuol far arrestare il Pontefice","datePublished":"2024-01-17T11:08:50+00:00","dateModified":"2024-01-17T12:30:18+00:00","mainEntityOfPage":{"@id":"https:\/\/newsvirali.it\/de\/2024\/01\/17\/papst-franziskus-und-ein-perverser-erzbischof-wollen-den-papst-verhaften-lassen\/"},"wordCount":684,"commentCount":0,"image":{"@id":"https:\/\/newsvirali.it\/de\/2024\/01\/17\/papst-franziskus-und-ein-perverser-erzbischof-wollen-den-papst-verhaften-lassen\/#primaryimage"},"thumbnailUrl":"https:\/\/newsvirali.it\/wp-content\/uploads\/2024\/01\/MixCollage-17-Jan-2024-12-02-PM-8679-1.jpg","articleSection":["Cronaca"],"inLanguage":"fr-FR","potentialAction":[{"@type":"CommentAction","name":"Comment","target":["https:\/\/newsvirali.it\/de\/2024\/01\/17\/papst-franziskus-und-ein-perverser-erzbischof-wollen-den-papst-verhaften-lassen\/#respond"]}],"copyrightYear":"2024","copyrightHolder":{"@id":"https:\/\/newsvirali.it\/fr\/#organization"}},{"@type":"WebPage","@id":"https:\/\/newsvirali.it\/de\/2024\/01\/17\/papst-franziskus-und-ein-perverser-erzbischof-wollen-den-papst-verhaften-lassen\/","url":"https:\/\/newsvirali.it\/de\/2024\/01\/17\/papst-franziskus-und-ein-perverser-erzbischof-wollen-den-papst-verhaften-lassen\/","name":"\"Papa Francesco \u00e8 un pervertito\", arcivescovo lo vuole arrestare","isPartOf":{"@id":"https:\/\/newsvirali.it\/fr\/#website"},"primaryImageOfPage":{"@id":"https:\/\/newsvirali.it\/de\/2024\/01\/17\/papst-franziskus-und-ein-perverser-erzbischof-wollen-den-papst-verhaften-lassen\/#primaryimage"},"image":{"@id":"https:\/\/newsvirali.it\/de\/2024\/01\/17\/papst-franziskus-und-ein-perverser-erzbischof-wollen-den-papst-verhaften-lassen\/#primaryimage"},"thumbnailUrl":"https:\/\/newsvirali.it\/wp-content\/uploads\/2024\/01\/MixCollage-17-Jan-2024-12-02-PM-8679-1.jpg","datePublished":"2024-01-17T11:08:50+00:00","dateModified":"2024-01-17T12:30:18+00:00","author":{"@id":"https:\/\/newsvirali.it\/fr\/#\/schema\/person\/4c835f7b49c9adb58b33901ee816565d"},"description":"Nuovo attacco dell'arcivescovo Carlo Maria Vigan\u00f2 che vuole fare arrestare papa Francesco per un libro da \"pervertiti\".","breadcrumb":{"@id":"https:\/\/newsvirali.it\/de\/2024\/01\/17\/papst-franziskus-und-ein-perverser-erzbischof-wollen-den-papst-verhaften-lassen\/#breadcrumb"},"inLanguage":"fr-FR","potentialAction":[{"@type":"ReadAction","target":["https:\/\/newsvirali.it\/de\/2024\/01\/17\/papst-franziskus-und-ein-perverser-erzbischof-wollen-den-papst-verhaften-lassen\/"]}]},{"@type":"ImageObject","inLanguage":"fr-FR","@id":"https:\/\/newsvirali.it\/de\/2024\/01\/17\/papst-franziskus-und-ein-perverser-erzbischof-wollen-den-papst-verhaften-lassen\/#primaryimage","url":"https:\/\/newsvirali.it\/wp-content\/uploads\/2024\/01\/MixCollage-17-Jan-2024-12-02-PM-8679-1.jpg","contentUrl":"https:\/\/newsvirali.it\/wp-content\/uploads\/2024\/01\/MixCollage-17-Jan-2024-12-02-PM-8679-1.jpg","width":2560,"height":1440,"caption":"\"Papa Francesco \u00e8 un pervertito\", arcivescovo lo vuole arrestare"},{"@type":"BreadcrumbList","@id":"https:\/\/newsvirali.it\/de\/2024\/01\/17\/papst-franziskus-und-ein-perverser-erzbischof-wollen-den-papst-verhaften-lassen\/#breadcrumb","itemListElement":[{"@type":"ListItem","position":1,"name":"Home","item":"https:\/\/newsvirali.it\/fr\/"},{"@type":"ListItem","position":2,"name":"&#8220;Papa Francesco \u00e8 un pervertito&#8221;, arcivescovo vuol far arrestare il Pontefice"}]},{"@type":"WebSite","@id":"https:\/\/newsvirali.it\/fr\/#website","url":"https:\/\/newsvirali.it\/fr\/","name":"Bake News","description":"","potentialAction":[{"@type":"SearchAction","target":{"@type":"EntryPoint","urlTemplate":"https:\/\/newsvirali.it\/fr\/?s={search_term_string}"},"query-input":{"@type":"PropertyValueSpecification","valueRequired":true,"valueName":"search_term_string"}}],"inLanguage":"fr-FR"},{"@type":"Person","@id":"https:\/\/newsvirali.it\/fr\/#\/schema\/person\/4c835f7b49c9adb58b33901ee816565d","name":"Cecco Prestina","description":"Perch\u00e9 nasconderlo? Cecco Prestina \u00e8 un alias, ma dietro di lui non si cela un algoritmo di intelligenza artificiale. C'\u00e8 un giornalista che ha oltre vent'anni di esperienza tutta sul web. Da quando il primo modem ha iniziato a gracchiare sul territorio italiano con Video on Line, Cecco ha capito che da quel doppino sarebbe passato il futuro. Ha dedidicato tutta la sua carriera a capire Internet e poi i social e ora l'Ai. Una carriera in costante aggiornamento. E questa esperienza la mette in campo ogni giorno. Per\u00f2 ogni tanto Cecco ha voglia anche di non scrivere \"pipponi\" sulla politica, sull'economia. Ha voglia anche di scrivere qualcosa di divertente. Le notizie che trovate su Bake News sono le stesse che Cecco porta all'aperitivo con gli amici. Quelle di cui discutere per farsi due risate. Notizie, vere (qualche volta si fa fatica a crederlo), strane, divertenti, ma anche serie. Bake News \u00e8 nato per questo, dare al pubblico notizie croccanti e calde come il pane che esce dal forno. E Cecco Prestina \u00e8 nato con Bake News.","url":"https:\/\/newsvirali.it\/fr\/autore\/cecco-prestina\/"}]}},"_links":{"self":[{"href":"https:\/\/newsvirali.it\/fr\/wp-json\/wp\/v2\/posts\/14553","targetHints":{"allow":["GET"]}}],"collection":[{"href":"https:\/\/newsvirali.it\/fr\/wp-json\/wp\/v2\/posts"}],"about":[{"href":"https:\/\/newsvirali.it\/fr\/wp-json\/wp\/v2\/types\/post"}],"author":[{"embeddable":true,"href":"https:\/\/newsvirali.it\/fr\/wp-json\/wp\/v2\/users\/4"}],"replies":[{"embeddable":true,"href":"https:\/\/newsvirali.it\/fr\/wp-json\/wp\/v2\/comments?post=14553"}],"version-history":[{"count":7,"href":"https:\/\/newsvirali.it\/fr\/wp-json\/wp\/v2\/posts\/14553\/revisions"}],"predecessor-version":[{"id":14566,"href":"https:\/\/newsvirali.it\/fr\/wp-json\/wp\/v2\/posts\/14553\/revisions\/14566"}],"wp:featuredmedia":[{"embeddable":true,"href":"https:\/\/newsvirali.it\/fr\/wp-json\/wp\/v2\/media\/14564"}],"wp:attachment":[{"href":"https:\/\/newsvirali.it\/fr\/wp-json\/wp\/v2\/media?parent=14553"}],"wp:term":[{"taxonomy":"category","embeddable":true,"href":"https:\/\/newsvirali.it\/fr\/wp-json\/wp\/v2\/categories?post=14553"},{"taxonomy":"post_tag","embeddable":true,"href":"https:\/\/newsvirali.it\/fr\/wp-json\/wp\/v2\/tags?post=14553"}],"curies":[{"name":"wp","href":"https:\/\/api.w.org\/{rel}","templated":true}]}}