{"id":14538,"date":"2024-01-17T11:37:09","date_gmt":"2024-01-17T10:37:09","guid":{"rendered":"https:\/\/www.bakenews.it\/?p=14538"},"modified":"2024-01-17T11:37:10","modified_gmt":"2024-01-17T10:37:10","slug":"padre-stroncato-da-infarto-bimbo-di-2-anni-muore-di-fame-vicino-a-lui","status":"publish","type":"post","link":"https:\/\/newsvirali.it\/fr\/2024\/01\/17\/pere-frappe-par-une-crise-cardiaque-un-enfant-de-2-ans-meurt-de-faim-a-cote-de-lui\/","title":{"rendered":"P\u00e8re frapp\u00e9 par une crise cardiaque, un enfant de 2 ans meurt de faim \u00e0 c\u00f4t\u00e9 de lui"},"content":{"rendered":"<p>Un gar\u00e7on de deux ans est mort de faim \u00e0 c\u00f4t\u00e9 du corps de son p\u00e8re d\u00e9c\u00e9d\u00e9 d&#039;une crise cardiaque. Ce qui rend l&#039;histoire encore plus tragique, c&#039;est l&#039;annonce selon laquelle les services sociaux ont eu l&#039;opportunit\u00e9 de le sauver. Le petit Bronson Battersby a \u00e9t\u00e9 retrouv\u00e9 recroquevill\u00e9 avec son p\u00e8re Kenneth 14 jours apr\u00e8s leur derni\u00e8re vue. Sarah, 43 ans, la m\u00e8re de Bronson, a d\u00e9clar\u00e9 : &quot;Nous devons pouvoir compter sur les travailleurs sociaux pour assurer la s\u00e9curit\u00e9 de nos enfants.&quot;<\/p>\n\n\n\n<p><strong>LIRE AUSSI<\/strong><\/p>\n\n\n\n<ul class=\"wp-block-list\">\n<li><a href=\"https:\/\/www.bakenews.it\/sposa-il-babysitter-di-quando-era-bambina-insulti-sui-social-e-un-malato\/\">Elle \u00e9pouse sa baby-sitter, insultes sur les r\u00e9seaux sociaux : &quot;Il est malade&quot;<\/a><\/li>\n\n\n\n<li><a href=\"https:\/\/www.bakenews.it\/bimbo-aereo-sbagliato-scoperto-errore-spiegazione\/\">Enfant dans le mauvais avion : l&#039;erreur d\u00e9couverte, la compagnie prend des mesures s\u00e9v\u00e8res<\/a><\/li>\n\n\n\n<li><a href=\"https:\/\/www.bakenews.it\/bimbo-autistico-fa-tatuaggio-allhenne-in-vacanza-ustione-sul-braccio\/\">Un enfant autiste se fait tatouer au henn\u00e9 pendant ses vacances : br\u00fblure sur le bras<\/a><\/li>\n\n\n\n<li><a href=\"https:\/\/www.bakenews.it\/babysitter-ubriaca-massacra-botte-bimbo-2-anni-arrestata\/\">Une baby-sitter ivre bat \u00e0 mort un gar\u00e7on de 2 ans : arr\u00eat\u00e9e apr\u00e8s deux mois<\/a><\/li>\n<\/ul>\n\n\n\n<h2 class=\"wp-block-heading\" id=\"h-bimbo-muore-di-fame-sotto-accusa-servizi-sociali\">Un enfant meurt de faim, les services sociaux accus\u00e9s<\/h2>\n\n\n\n<p>Une refonte rapide est initi\u00e9e \u00e0 Skegness, dans le Lincolnshire (Grande-Bretagne). Le p\u00e8re et le fils ont \u00e9t\u00e9 vus vivants pour la derni\u00e8re fois le lendemain de No\u00ebl avant que Kenneth, 60 ans, ne meure d&#039;une crise cardiaque. Cela signifiait que Bronson, confi\u00e9 aux soins des services \u00e0 l&#039;enfance, s&#039;est retrouv\u00e9 dans le noir, sans nourriture ni eau, incapable d&#039;obtenir de l&#039;aide. Les travailleurs sociaux se sont rendus au domicile le 2 janvier, puis \u00e0 nouveau deux jours plus tard, mais n&#039;ont re\u00e7u aucune r\u00e9ponse.<\/p>\n\n\n\n<p>Ils ont contact\u00e9 la police mais, \u00e9tonnamment, il a fallu encore cinq jours avant que les corps de Bronson et de Kenneth ne soient retrouv\u00e9s le 9 janvier. Le chien boxer Skylar a surv\u00e9cu chez lui \u00e0 Skegness. Des tests pr\u00e9liminaires ont r\u00e9v\u00e9l\u00e9 que Bronson \u00e9tait mort de d\u00e9shydratation et de faim. Hier, sa m\u00e8re Sarah Piesse, 43 ans, a d\u00e9clar\u00e9 avec \u00e9motion au Sun : \u00ab Si les services sociaux avaient fait leur travail, Bronson serait encore en vie. Mais ils n&#039;ont rien fait. Je n&#039;arrive pas \u00e0 y croire. Ils ne peuvent pas les laisser s&#039;en sortir. \u00bb<\/p>\n\n\n\n<h2 class=\"wp-block-heading\" id=\"h-il-racconto-della-madre-in-obitorio-non-potevo-abbracciarlo\">L&#039;histoire de la m\u00e8re \u00e0 la morgue : je ne pouvais pas le serrer dans mes bras<\/h2>\n\n\n\n<p>Sarah a ajout\u00e9 : \u00ab J&#039;ai eu les r\u00e9sultats de l&#039;autopsie. Bronson est mort de faim parce que son p\u00e8re est mort. Ils pensent que Kenneth est mort au plus t\u00f4t le 29 d\u00e9cembre. Cela signifie que si l\u2019assistant social avait insist\u00e9 pour venir alors qu\u2019il n\u2019avait re\u00e7u aucune r\u00e9ponse le 2 janvier, alors Bronson serait encore en vie. \u00bb Malheureusement, Sarah, m\u00e8re de trois enfants, n&#039;a pas pu serrer Bronson dans ses bras lorsqu&#039;elle est all\u00e9e l&#039;identifier. En pleurant, elle a d\u00e9clar\u00e9 : \u00ab Je n&#039;ai pas pu le prendre parce que son corps \u00e9tait trop fragile. Je ne pouvais que le toucher. Il \u00e9tait rest\u00e9 l\u00e0 trop longtemps. \u00bb<\/p>\n\n\n\n<p>Sarah a vu Bronson pour la derni\u00e8re fois avant No\u00ebl apr\u00e8s s&#039;\u00eatre brouill\u00e9e avec son ex. Bronson a \u00e9t\u00e9 vu vivant pour la derni\u00e8re fois lorsqu&#039;il a dit au revoir \u00e0 un voisin venu rendre visite au gar\u00e7on et \u00e0 son p\u00e8re le lendemain de No\u00ebl. Le 27 d\u00e9cembre, Kenneth a envoy\u00e9 un texto \u00e0 un voisin pour lui dire : \u00ab Merci beaucoup pour votre attention, cela compte tellement pour moi et Bronson. \u00bb Ce jour-l\u00e0, le travailleur social de Bronson a envoy\u00e9 un texto \u00e0 Kenneth pour organiser une visite de routine.<\/p>\n\n\n\n<h2 class=\"wp-block-heading\" id=\"h-il-decesso-dopo-natale-a-gennaio-il-primo-tentativo-di-contatto\">D\u00e9c\u00e8s apr\u00e8s No\u00ebl, premi\u00e8re tentative de contact en janvier<\/h2>\n\n\n\n<p>Elle a frapp\u00e9 \u00e0 la porte le 2 janvier mais est partie sans recevoir de r\u00e9ponse. Il s&#039;est renseign\u00e9 \u00e0 d&#039;autres adresses et a appel\u00e9 la police. Le conseil du comt\u00e9 du Lincolnshire affirme que la travailleuse sociale a effectu\u00e9 une visite inopin\u00e9e sur la propri\u00e9t\u00e9 le 4 janvier et qu&#039;elle n&#039;a re\u00e7u aucune r\u00e9ponse, elle a de nouveau contact\u00e9 la police. Elle a finalement r\u00e9cup\u00e9r\u00e9 la cl\u00e9 du propri\u00e9taire et a fait la triste d\u00e9couverte. La police et les secours sont intervenus sur place mais les deux hommes ont \u00e9t\u00e9 d\u00e9clar\u00e9s morts.<\/p>\n\n\n\n<p>Sarah a ensuite re\u00e7u un coup \u00e0 sa porte de la police l&#039;informant de la nouvelle d\u00e9vastatrice. Hier, le conseil du comt\u00e9 a confirm\u00e9 qu&#039;il avait lanc\u00e9 une enqu\u00eate rapide sur les \u00e9v\u00e9nements entourant la mort de Bronson. Le travailleur social n&#039;a pas \u00e9t\u00e9 suspendu, m\u00eame s&#039;il semble avoir volontairement pris cong\u00e9.<\/p>\n\n\n\n<p>La police a \u00e9cart\u00e9 toute circonstance suspecte et a transmis le dossier au m\u00e9decin l\u00e9giste. L&#039;autopsie initiale aurait exclu une intoxication au monoxyde de carbone. Kenneth, qui \u00e9tait au ch\u00f4mage, souffrait apparemment d&#039;une maladie cardiaque pr\u00e9existante et avait eu une grave jaunisse au cours des derniers mois. Les services sociaux ont class\u00e9 Bronson comme vuln\u00e9rable, ce qui signifie qu&#039;il recevait des visites hebdomadaires.<\/p>\n\n\n\n<p><strong>LIRE LES AUTRES NOUVELLES DU MONDE<\/strong><\/p>\n\n\n<ul class=\"wp-block-latest-posts__list wp-block-latest-posts\"><li><a class=\"wp-block-latest-posts__post-title\" href=\"https:\/\/newsvirali.it\/fr\/2026\/02\/12\/emma-amit-crabe-du-diable-mort\/\">La vlogueuse Emma Amit d\u00e9c\u00e8de apr\u00e8s avoir consomm\u00e9 du crabe du diable toxique<\/a><\/li>\n<li><a class=\"wp-block-latest-posts__post-title\" href=\"https:\/\/newsvirali.it\/fr\/2026\/02\/05\/suicide-des-trois-soeurs-en-inde\/\">Des parents confisquent les t\u00e9l\u00e9phones portables de trois s\u0153urs qui jouent excessivement aux jeux vid\u00e9o\u00a0: trois s\u0153urs se suicident<\/a><\/li>\n<li><a class=\"wp-block-latest-posts__post-title\" href=\"https:\/\/newsvirali.it\/fr\/2026\/01\/30\/arrestation-dans-un-complexe-hotelier-de-floride-pour-actes-obscenes\/\">Un h\u00f4tel de Floride fait sensation : un homme arr\u00eat\u00e9 pour exhibitionnisme avec un aspirateur<\/a><\/li>\n<li><a class=\"wp-block-latest-posts__post-title\" href=\"https:\/\/newsvirali.it\/fr\/2026\/01\/28\/un-pere-ivre-pend-son-fils-dans-une-video-choquante\/\">Un p\u00e8re ivre pend son fils par la fen\u00eatre : vid\u00e9o choquante<\/a><\/li>\n<li><a class=\"wp-block-latest-posts__post-title\" href=\"https:\/\/newsvirali.it\/fr\/2026\/01\/27\/une-enseignante-enceinte-et-un-eleve-de-13-ans\/\">Une enseignante admet \u00eatre tomb\u00e9e enceinte d&#039;un \u00e9l\u00e8ve de 13 ans<\/a><\/li>\n<\/ul><br \/>Suivez-nous \u00e9galement sur Google News : <b><a href=\"https:\/\/news.google.com\/publications\/CAAqBwgKMNqJiwswjMfqAg?hl=it&gl=IT&ceid=IT:it\" target=\"_blank\">Cliquez ici<\/a><\/b>","protected":false},"excerpt":{"rendered":"<p>Un gar\u00e7on de deux ans est mort de faim \u00e0 c\u00f4t\u00e9 du corps de son p\u00e8re, tu\u00e9 par [...]<\/p>","protected":false},"author":4,"featured_media":14539,"comment_status":"open","ping_status":"open","sticky":false,"template":"","format":"standard","meta":{"MSN_Categories":"Uncategorized","MSN_Publish_Option":false,"MSN_Is_Local_News":false,"MSN_Is_AIAC_Included":"Empty","MSN_Location":"[]","MSN_Add_Feature_Img_On_Top_Of_Post":false,"MSN_Has_Custom_Author":false,"MSN_Custom_Author":"","MSN_Has_Custom_Canonical_Url":false,"MSN_Custom_Canonical_Url":"","footnotes":""},"categories":[9],"tags":[],"class_list":["post-14538","post","type-post","status-publish","format-standard","has-post-thumbnail","hentry","category-mondo"],"acf":[],"yoast_head":"<!-- This site is optimized with the Yoast SEO Premium plugin v26.7 (Yoast SEO v26.7) - https:\/\/yoast.com\/wordpress\/plugins\/seo\/ -->\n<title>Padre stroncato da infarto, bimbo di 2 anni muore di fame<\/title>\n<meta name=\"description\" content=\"Un bimbo di due anni \u00e8 morto di fame accanto al corpo di suo padre che era rimasto ucciso da un infarto. Ecco la straziante storia.\" \/>\n<meta name=\"robots\" content=\"index, follow, max-snippet:-1, max-image-preview:large, max-video-preview:-1\" \/>\n<link rel=\"canonical\" href=\"https:\/\/newsvirali.it\/fr\/2024\/01\/17\/pere-frappe-par-une-crise-cardiaque-un-enfant-de-2-ans-meurt-de-faim-a-cote-de-lui\/\" \/>\n<meta property=\"og:locale\" content=\"fr_FR\" \/>\n<meta property=\"og:type\" content=\"article\" \/>\n<meta property=\"og:title\" content=\"Padre stroncato da infarto, bimbo di 2 anni muore di fame vicino a lui\" \/>\n<meta property=\"og:description\" content=\"Un bimbo di due anni \u00e8 morto di fame accanto al corpo di suo padre che era rimasto ucciso da un infarto. Ecco la straziante storia.\" \/>\n<meta property=\"og:url\" content=\"https:\/\/newsvirali.it\/fr\/2024\/01\/17\/pere-frappe-par-une-crise-cardiaque-un-enfant-de-2-ans-meurt-de-faim-a-cote-de-lui\/\" \/>\n<meta property=\"og:site_name\" content=\"News virali\" \/>\n<meta property=\"article:published_time\" content=\"2024-01-17T10:37:09+00:00\" \/>\n<meta property=\"article:modified_time\" content=\"2024-01-17T10:37:10+00:00\" \/>\n<meta property=\"og:image\" content=\"https:\/\/newsvirali.it\/wp-content\/uploads\/2024\/01\/MixCollage-17-Jan-2024-11-28-AM-3585.jpg\" \/>\n\t<meta property=\"og:image:width\" content=\"2560\" \/>\n\t<meta property=\"og:image:height\" content=\"1440\" \/>\n\t<meta property=\"og:image:type\" content=\"image\/jpeg\" \/>\n<meta name=\"author\" content=\"Cecco Prestina\" \/>\n<meta name=\"twitter:card\" content=\"summary_large_image\" \/>\n<meta name=\"twitter:label1\" content=\"\u00c9crit par\" \/>\n\t<meta name=\"twitter:data1\" content=\"Cecco Prestina\" \/>\n\t<meta name=\"twitter:label2\" content=\"Dur\u00e9e de lecture estim\u00e9e\" \/>\n\t<meta name=\"twitter:data2\" content=\"4 minutes\" \/>\n<script type=\"application\/ld+json\" class=\"yoast-schema-graph\">{\"@context\":\"https:\/\/schema.org\",\"@graph\":[{\"@type\":\"NewsArticle\",\"@id\":\"https:\/\/newsvirali.it\/2024\/01\/17\/padre-stroncato-da-infarto-bimbo-di-2-anni-muore-di-fame-vicino-a-lui\/#article\",\"isPartOf\":{\"@id\":\"https:\/\/newsvirali.it\/2024\/01\/17\/padre-stroncato-da-infarto-bimbo-di-2-anni-muore-di-fame-vicino-a-lui\/\"},\"author\":{\"name\":\"Cecco Prestina\",\"@id\":\"https:\/\/newsvirali.it\/fr\/#\/schema\/person\/4c835f7b49c9adb58b33901ee816565d\"},\"headline\":\"Padre stroncato da infarto, bimbo di 2 anni muore di fame vicino a lui\",\"datePublished\":\"2024-01-17T10:37:09+00:00\",\"dateModified\":\"2024-01-17T10:37:10+00:00\",\"mainEntityOfPage\":{\"@id\":\"https:\/\/newsvirali.it\/2024\/01\/17\/padre-stroncato-da-infarto-bimbo-di-2-anni-muore-di-fame-vicino-a-lui\/\"},\"wordCount\":703,\"commentCount\":0,\"image\":{\"@id\":\"https:\/\/newsvirali.it\/2024\/01\/17\/padre-stroncato-da-infarto-bimbo-di-2-anni-muore-di-fame-vicino-a-lui\/#primaryimage\"},\"thumbnailUrl\":\"https:\/\/newsvirali.it\/wp-content\/uploads\/2024\/01\/MixCollage-17-Jan-2024-11-28-AM-3585.jpg\",\"articleSection\":[\"Mondo\"],\"inLanguage\":\"fr-FR\",\"potentialAction\":[{\"@type\":\"CommentAction\",\"name\":\"Comment\",\"target\":[\"https:\/\/newsvirali.it\/2024\/01\/17\/padre-stroncato-da-infarto-bimbo-di-2-anni-muore-di-fame-vicino-a-lui\/#respond\"]}],\"copyrightYear\":\"2024\",\"copyrightHolder\":{\"@id\":\"https:\/\/newsvirali.it\/fr\/#organization\"}},{\"@type\":\"WebPage\",\"@id\":\"https:\/\/newsvirali.it\/2024\/01\/17\/padre-stroncato-da-infarto-bimbo-di-2-anni-muore-di-fame-vicino-a-lui\/\",\"url\":\"https:\/\/newsvirali.it\/2024\/01\/17\/padre-stroncato-da-infarto-bimbo-di-2-anni-muore-di-fame-vicino-a-lui\/\",\"name\":\"Padre stroncato da infarto, bimbo di 2 anni muore di fame\",\"isPartOf\":{\"@id\":\"https:\/\/newsvirali.it\/fr\/#website\"},\"primaryImageOfPage\":{\"@id\":\"https:\/\/newsvirali.it\/2024\/01\/17\/padre-stroncato-da-infarto-bimbo-di-2-anni-muore-di-fame-vicino-a-lui\/#primaryimage\"},\"image\":{\"@id\":\"https:\/\/newsvirali.it\/2024\/01\/17\/padre-stroncato-da-infarto-bimbo-di-2-anni-muore-di-fame-vicino-a-lui\/#primaryimage\"},\"thumbnailUrl\":\"https:\/\/newsvirali.it\/wp-content\/uploads\/2024\/01\/MixCollage-17-Jan-2024-11-28-AM-3585.jpg\",\"datePublished\":\"2024-01-17T10:37:09+00:00\",\"dateModified\":\"2024-01-17T10:37:10+00:00\",\"author\":{\"@id\":\"https:\/\/newsvirali.it\/fr\/#\/schema\/person\/4c835f7b49c9adb58b33901ee816565d\"},\"description\":\"Un bimbo di due anni \u00e8 morto di fame accanto al corpo di suo padre che era rimasto ucciso da un infarto. Ecco la straziante storia.\",\"breadcrumb\":{\"@id\":\"https:\/\/newsvirali.it\/2024\/01\/17\/padre-stroncato-da-infarto-bimbo-di-2-anni-muore-di-fame-vicino-a-lui\/#breadcrumb\"},\"inLanguage\":\"fr-FR\",\"potentialAction\":[{\"@type\":\"ReadAction\",\"target\":[\"https:\/\/newsvirali.it\/2024\/01\/17\/padre-stroncato-da-infarto-bimbo-di-2-anni-muore-di-fame-vicino-a-lui\/\"]}]},{\"@type\":\"ImageObject\",\"inLanguage\":\"fr-FR\",\"@id\":\"https:\/\/newsvirali.it\/2024\/01\/17\/padre-stroncato-da-infarto-bimbo-di-2-anni-muore-di-fame-vicino-a-lui\/#primaryimage\",\"url\":\"https:\/\/newsvirali.it\/wp-content\/uploads\/2024\/01\/MixCollage-17-Jan-2024-11-28-AM-3585.jpg\",\"contentUrl\":\"https:\/\/newsvirali.it\/wp-content\/uploads\/2024\/01\/MixCollage-17-Jan-2024-11-28-AM-3585.jpg\",\"width\":2560,\"height\":1440,\"caption\":\"Padre stroncato da infarto, bimbo di 2 anni muore di fame vicino a lui\"},{\"@type\":\"BreadcrumbList\",\"@id\":\"https:\/\/newsvirali.it\/2024\/01\/17\/padre-stroncato-da-infarto-bimbo-di-2-anni-muore-di-fame-vicino-a-lui\/#breadcrumb\",\"itemListElement\":[{\"@type\":\"ListItem\",\"position\":1,\"name\":\"Home\",\"item\":\"https:\/\/newsvirali.it\/fr\/\"},{\"@type\":\"ListItem\",\"position\":2,\"name\":\"Padre stroncato da infarto, bimbo di 2 anni muore di fame vicino a lui\"}]},{\"@type\":\"WebSite\",\"@id\":\"https:\/\/newsvirali.it\/fr\/#website\",\"url\":\"https:\/\/newsvirali.it\/fr\/\",\"name\":\"Bake News\",\"description\":\"\",\"potentialAction\":[{\"@type\":\"SearchAction\",\"target\":{\"@type\":\"EntryPoint\",\"urlTemplate\":\"https:\/\/newsvirali.it\/fr\/?s={search_term_string}\"},\"query-input\":{\"@type\":\"PropertyValueSpecification\",\"valueRequired\":true,\"valueName\":\"search_term_string\"}}],\"inLanguage\":\"fr-FR\"},{\"@type\":\"Person\",\"@id\":\"https:\/\/newsvirali.it\/fr\/#\/schema\/person\/4c835f7b49c9adb58b33901ee816565d\",\"name\":\"Cecco Prestina\",\"description\":\"Perch\u00e9 nasconderlo? Cecco Prestina \u00e8 un alias, ma dietro di lui non si cela un algoritmo di intelligenza artificiale. C'\u00e8 un giornalista che ha oltre vent'anni di esperienza tutta sul web. Da quando il primo modem ha iniziato a gracchiare sul territorio italiano con Video on Line, Cecco ha capito che da quel doppino sarebbe passato il futuro. Ha dedidicato tutta la sua carriera a capire Internet e poi i social e ora l'Ai. Una carriera in costante aggiornamento. E questa esperienza la mette in campo ogni giorno. Per\u00f2 ogni tanto Cecco ha voglia anche di non scrivere \\\"pipponi\\\" sulla politica, sull'economia. Ha voglia anche di scrivere qualcosa di divertente. Le notizie che trovate su Bake News sono le stesse che Cecco porta all'aperitivo con gli amici. Quelle di cui discutere per farsi due risate. Notizie, vere (qualche volta si fa fatica a crederlo), strane, divertenti, ma anche serie. Bake News \u00e8 nato per questo, dare al pubblico notizie croccanti e calde come il pane che esce dal forno. E Cecco Prestina \u00e8 nato con Bake News.\",\"url\":\"https:\/\/newsvirali.it\/fr\/autore\/cecco-prestina\/\"}]}<\/script>\n<!-- \/ Yoast SEO Premium plugin. -->","yoast_head_json":{"title":"Padre stroncato da infarto, bimbo di 2 anni muore di fame","description":"Un bimbo di due anni \u00e8 morto di fame accanto al corpo di suo padre che era rimasto ucciso da un infarto. Ecco la straziante storia.","robots":{"index":"index","follow":"follow","max-snippet":"max-snippet:-1","max-image-preview":"max-image-preview:large","max-video-preview":"max-video-preview:-1"},"canonical":"https:\/\/newsvirali.it\/fr\/2024\/01\/17\/pere-frappe-par-une-crise-cardiaque-un-enfant-de-2-ans-meurt-de-faim-a-cote-de-lui\/","og_locale":"fr_FR","og_type":"article","og_title":"Padre stroncato da infarto, bimbo di 2 anni muore di fame vicino a lui","og_description":"Un bimbo di due anni \u00e8 morto di fame accanto al corpo di suo padre che era rimasto ucciso da un infarto. Ecco la straziante storia.","og_url":"https:\/\/newsvirali.it\/fr\/2024\/01\/17\/pere-frappe-par-une-crise-cardiaque-un-enfant-de-2-ans-meurt-de-faim-a-cote-de-lui\/","og_site_name":"News virali","article_published_time":"2024-01-17T10:37:09+00:00","article_modified_time":"2024-01-17T10:37:10+00:00","og_image":[{"width":2560,"height":1440,"url":"https:\/\/newsvirali.it\/wp-content\/uploads\/2024\/01\/MixCollage-17-Jan-2024-11-28-AM-3585.jpg","type":"image\/jpeg"}],"author":"Cecco Prestina","twitter_card":"summary_large_image","twitter_misc":{"\u00c9crit par":"Cecco Prestina","Dur\u00e9e de lecture estim\u00e9e":"4 minutes"},"schema":{"@context":"https:\/\/schema.org","@graph":[{"@type":"NewsArticle","@id":"https:\/\/newsvirali.it\/2024\/01\/17\/padre-stroncato-da-infarto-bimbo-di-2-anni-muore-di-fame-vicino-a-lui\/#article","isPartOf":{"@id":"https:\/\/newsvirali.it\/2024\/01\/17\/padre-stroncato-da-infarto-bimbo-di-2-anni-muore-di-fame-vicino-a-lui\/"},"author":{"name":"Cecco Prestina","@id":"https:\/\/newsvirali.it\/fr\/#\/schema\/person\/4c835f7b49c9adb58b33901ee816565d"},"headline":"Padre stroncato da infarto, bimbo di 2 anni muore di fame vicino a lui","datePublished":"2024-01-17T10:37:09+00:00","dateModified":"2024-01-17T10:37:10+00:00","mainEntityOfPage":{"@id":"https:\/\/newsvirali.it\/2024\/01\/17\/padre-stroncato-da-infarto-bimbo-di-2-anni-muore-di-fame-vicino-a-lui\/"},"wordCount":703,"commentCount":0,"image":{"@id":"https:\/\/newsvirali.it\/2024\/01\/17\/padre-stroncato-da-infarto-bimbo-di-2-anni-muore-di-fame-vicino-a-lui\/#primaryimage"},"thumbnailUrl":"https:\/\/newsvirali.it\/wp-content\/uploads\/2024\/01\/MixCollage-17-Jan-2024-11-28-AM-3585.jpg","articleSection":["Mondo"],"inLanguage":"fr-FR","potentialAction":[{"@type":"CommentAction","name":"Comment","target":["https:\/\/newsvirali.it\/2024\/01\/17\/padre-stroncato-da-infarto-bimbo-di-2-anni-muore-di-fame-vicino-a-lui\/#respond"]}],"copyrightYear":"2024","copyrightHolder":{"@id":"https:\/\/newsvirali.it\/fr\/#organization"}},{"@type":"WebPage","@id":"https:\/\/newsvirali.it\/2024\/01\/17\/padre-stroncato-da-infarto-bimbo-di-2-anni-muore-di-fame-vicino-a-lui\/","url":"https:\/\/newsvirali.it\/2024\/01\/17\/padre-stroncato-da-infarto-bimbo-di-2-anni-muore-di-fame-vicino-a-lui\/","name":"Padre stroncato da infarto, bimbo di 2 anni muore di fame","isPartOf":{"@id":"https:\/\/newsvirali.it\/fr\/#website"},"primaryImageOfPage":{"@id":"https:\/\/newsvirali.it\/2024\/01\/17\/padre-stroncato-da-infarto-bimbo-di-2-anni-muore-di-fame-vicino-a-lui\/#primaryimage"},"image":{"@id":"https:\/\/newsvirali.it\/2024\/01\/17\/padre-stroncato-da-infarto-bimbo-di-2-anni-muore-di-fame-vicino-a-lui\/#primaryimage"},"thumbnailUrl":"https:\/\/newsvirali.it\/wp-content\/uploads\/2024\/01\/MixCollage-17-Jan-2024-11-28-AM-3585.jpg","datePublished":"2024-01-17T10:37:09+00:00","dateModified":"2024-01-17T10:37:10+00:00","author":{"@id":"https:\/\/newsvirali.it\/fr\/#\/schema\/person\/4c835f7b49c9adb58b33901ee816565d"},"description":"Un bimbo di due anni \u00e8 morto di fame accanto al corpo di suo padre che era rimasto ucciso da un infarto. Ecco la straziante storia.","breadcrumb":{"@id":"https:\/\/newsvirali.it\/2024\/01\/17\/padre-stroncato-da-infarto-bimbo-di-2-anni-muore-di-fame-vicino-a-lui\/#breadcrumb"},"inLanguage":"fr-FR","potentialAction":[{"@type":"ReadAction","target":["https:\/\/newsvirali.it\/2024\/01\/17\/padre-stroncato-da-infarto-bimbo-di-2-anni-muore-di-fame-vicino-a-lui\/"]}]},{"@type":"ImageObject","inLanguage":"fr-FR","@id":"https:\/\/newsvirali.it\/2024\/01\/17\/padre-stroncato-da-infarto-bimbo-di-2-anni-muore-di-fame-vicino-a-lui\/#primaryimage","url":"https:\/\/newsvirali.it\/wp-content\/uploads\/2024\/01\/MixCollage-17-Jan-2024-11-28-AM-3585.jpg","contentUrl":"https:\/\/newsvirali.it\/wp-content\/uploads\/2024\/01\/MixCollage-17-Jan-2024-11-28-AM-3585.jpg","width":2560,"height":1440,"caption":"Padre stroncato da infarto, bimbo di 2 anni muore di fame vicino a lui"},{"@type":"BreadcrumbList","@id":"https:\/\/newsvirali.it\/2024\/01\/17\/padre-stroncato-da-infarto-bimbo-di-2-anni-muore-di-fame-vicino-a-lui\/#breadcrumb","itemListElement":[{"@type":"ListItem","position":1,"name":"Home","item":"https:\/\/newsvirali.it\/fr\/"},{"@type":"ListItem","position":2,"name":"Padre stroncato da infarto, bimbo di 2 anni muore di fame vicino a lui"}]},{"@type":"WebSite","@id":"https:\/\/newsvirali.it\/fr\/#website","url":"https:\/\/newsvirali.it\/fr\/","name":"Bake News","description":"","potentialAction":[{"@type":"SearchAction","target":{"@type":"EntryPoint","urlTemplate":"https:\/\/newsvirali.it\/fr\/?s={search_term_string}"},"query-input":{"@type":"PropertyValueSpecification","valueRequired":true,"valueName":"search_term_string"}}],"inLanguage":"fr-FR"},{"@type":"Person","@id":"https:\/\/newsvirali.it\/fr\/#\/schema\/person\/4c835f7b49c9adb58b33901ee816565d","name":"Cecco Prestina","description":"Perch\u00e9 nasconderlo? Cecco Prestina \u00e8 un alias, ma dietro di lui non si cela un algoritmo di intelligenza artificiale. C'\u00e8 un giornalista che ha oltre vent'anni di esperienza tutta sul web. Da quando il primo modem ha iniziato a gracchiare sul territorio italiano con Video on Line, Cecco ha capito che da quel doppino sarebbe passato il futuro. Ha dedidicato tutta la sua carriera a capire Internet e poi i social e ora l'Ai. Una carriera in costante aggiornamento. E questa esperienza la mette in campo ogni giorno. Per\u00f2 ogni tanto Cecco ha voglia anche di non scrivere \"pipponi\" sulla politica, sull'economia. Ha voglia anche di scrivere qualcosa di divertente. Le notizie che trovate su Bake News sono le stesse che Cecco porta all'aperitivo con gli amici. Quelle di cui discutere per farsi due risate. Notizie, vere (qualche volta si fa fatica a crederlo), strane, divertenti, ma anche serie. Bake News \u00e8 nato per questo, dare al pubblico notizie croccanti e calde come il pane che esce dal forno. E Cecco Prestina \u00e8 nato con Bake News.","url":"https:\/\/newsvirali.it\/fr\/autore\/cecco-prestina\/"}]}},"_links":{"self":[{"href":"https:\/\/newsvirali.it\/fr\/wp-json\/wp\/v2\/posts\/14538","targetHints":{"allow":["GET"]}}],"collection":[{"href":"https:\/\/newsvirali.it\/fr\/wp-json\/wp\/v2\/posts"}],"about":[{"href":"https:\/\/newsvirali.it\/fr\/wp-json\/wp\/v2\/types\/post"}],"author":[{"embeddable":true,"href":"https:\/\/newsvirali.it\/fr\/wp-json\/wp\/v2\/users\/4"}],"replies":[{"embeddable":true,"href":"https:\/\/newsvirali.it\/fr\/wp-json\/wp\/v2\/comments?post=14538"}],"version-history":[{"count":3,"href":"https:\/\/newsvirali.it\/fr\/wp-json\/wp\/v2\/posts\/14538\/revisions"}],"predecessor-version":[{"id":14547,"href":"https:\/\/newsvirali.it\/fr\/wp-json\/wp\/v2\/posts\/14538\/revisions\/14547"}],"wp:featuredmedia":[{"embeddable":true,"href":"https:\/\/newsvirali.it\/fr\/wp-json\/wp\/v2\/media\/14539"}],"wp:attachment":[{"href":"https:\/\/newsvirali.it\/fr\/wp-json\/wp\/v2\/media?parent=14538"}],"wp:term":[{"taxonomy":"category","embeddable":true,"href":"https:\/\/newsvirali.it\/fr\/wp-json\/wp\/v2\/categories?post=14538"},{"taxonomy":"post_tag","embeddable":true,"href":"https:\/\/newsvirali.it\/fr\/wp-json\/wp\/v2\/tags?post=14538"}],"curies":[{"name":"wp","href":"https:\/\/api.w.org\/{rel}","templated":true}]}}