{"id":14129,"date":"2024-01-11T08:43:18","date_gmt":"2024-01-11T07:43:18","guid":{"rendered":"https:\/\/www.bakenews.it\/?p=14129"},"modified":"2024-01-11T08:54:00","modified_gmt":"2024-01-11T07:54:00","slug":"lex-allenatore-della-lazio-sven-goran-eriksson-sta-morendo-di-cancro","status":"publish","type":"post","link":"https:\/\/newsvirali.it\/fr\/2024\/01\/11\/lancien-entraineur-de-la-lazio-sven-goran-eriksson-est-en-train-de-mourir-dun-cancer\/","title":{"rendered":"L&#039;ancien entra\u00eeneur de la Lazio, Sven-Goran Eriksson, est en train de mourir d&#039;un cancer."},"content":{"rendered":"<p>Sven-Goran Eriksson a r\u00e9v\u00e9l\u00e9 qu&#039;il \u00e9tait atteint d&#039;un cancer en phase terminale et a d\u00e9clar\u00e9 : &quot;Je dois me battre aussi longtemps que je peux.&quot; L&#039;ancien s\u00e9lectionneur anglais de 75 ans, connu en Italie pour avoir entra\u00een\u00e9 la Sampdoria et la Lazio, craint qu&#039;il ne lui reste qu&#039;un an \u00e0 vivre ou, dans le pire des cas, un peu moins apr\u00e8s son diagnostic l&#039;ann\u00e9e derni\u00e8re. Il a d\u00e9clar\u00e9 : \u00ab Tout le monde comprend que j\u2019ai une maladie qui n\u2019est pas bonne. Tout le monde imagine que c&#039;est un cancer et c&#039;est effectivement le cas. Mais je dois me battre aussi longtemps que je peux.&quot;<\/p>\n\n\n\n<p><strong>LIRE AUSSI<\/strong><\/p>\n\n\n\n<ul class=\"wp-block-list\">\n<li><a href=\"https:\/\/www.bakenews.it\/lattrice-bridgette-wilson-malata-di-cancro-il-marito-pete-sampras-pregate-per-lei\/\">L&#039;actrice Bridgette Wilson atteinte d&#039;un cancer, son mari Pete Sampras : priez pour elle<\/a><\/li>\n\n\n\n<li><a href=\"https:\/\/www.bakenews.it\/un-14enne-inventa-il-sapone-che-guarisce-il-cancro-alla-pelle\/\">Un jeune de 14 ans invente un savon qui gu\u00e9rit le cancer de la peau<\/a><\/li>\n\n\n\n<li><a href=\"https:\/\/www.bakenews.it\/star-di-jurassic-park-sam-neill-cancro-sto-morendo\/\">La star de Jurassic Park, Sam Neill, parle de son cancer : &quot;Je suis en train de mourir, c&#039;est une grosse nuisance&quot;<\/a><\/li>\n\n\n\n<li><a href=\"https:\/\/www.bakenews.it\/lautaro-martinez-licenzia-baby-sitter-malata-di-cancro-storia\/\">C&#039;est pourquoi Lautaro Martinez a licenci\u00e9 la baby-sitter atteinte d&#039;un cancer<\/a><\/li>\n<\/ul>\n\n\n\n<h2 class=\"wp-block-heading\" id=\"h-sven-goran-eriksson-annuncia-ho-il-cancro\">Sven-Goran Eriksson annonce : J&#039;ai un cancer<\/h2>\n\n\n\n<p>Eriksson s&#039;est exprim\u00e9 sur la radio su\u00e9doise P1 et, interrog\u00e9 sur le pronostic, il a r\u00e9pondu : &quot;Peut-\u00eatre dans le meilleur des cas un an, dans le pire des cas un peu moins, ou dans le meilleur des cas peut-\u00eatre m\u00eame plus.&quot; Vous ne pouvez pas en \u00eatre absolument s\u00fbr. Il vaut mieux ne pas y penser. \u00bb<\/p>\n\n\n\n<p>Des sp\u00e9culations ont circul\u00e9 sur son \u00e9tat de sant\u00e9 apr\u00e8s qu&#039;il ait cess\u00e9 de travailler comme directeur sportif de Karlstad en Su\u00e8de. Aujourd&#039;hui, il a r\u00e9v\u00e9l\u00e9 qu&#039;il s&#039;\u00e9tait effondr\u00e9 apr\u00e8s une course l&#039;ann\u00e9e derni\u00e8re et avait d\u00e9couvert qu&#039;il \u00e9tait gravement malade. Il a dit : \u00ab Ce n&#039;est pas bon. Tout le monde pensait qu\u2019il s\u2019agissait d\u2019un cancer et c\u2019est effectivement le cas. Mais je dois me battre aussi longtemps que je peux. Mais vous pouvez tromper votre cerveau. Voyez le bon c\u00f4t\u00e9 des choses, ne vous vautrez pas dans l\u2019adversit\u00e9, car c\u2019est \u00e9videmment la plus grande adversit\u00e9, mais faites-en quelque chose de bien. \u00bb<\/p>\n\n\n\n<h2 class=\"wp-block-heading\" id=\"h-pochi-mesi-fa-e-collassato-durante-una-corsa\">Il y a quelques mois, il s&#039;est effondr\u00e9 lors d&#039;une course<\/h2>\n\n\n\n<p>Sven-Goran Eriksson a d\u00e9clar\u00e9 \u00e0 P1 qu&#039;il s&#039;\u00e9tait soudainement effondr\u00e9 alors qu&#039;il courait 5 km. Apr\u00e8s avoir consult\u00e9 ses m\u00e9decins, on a d\u00e9couvert qu&#039;Eriksson avait subi un accident vasculaire c\u00e9r\u00e9bral et qu&#039;il souffrait \u00e9galement d&#039;un cancer. Il a d\u00e9clar\u00e9 : \u00ab Ils ne savent pas depuis combien de temps j\u2019ai un cancer, peut-\u00eatre un mois ou un an. \u00bb<\/p>\n\n\n\n<h2 class=\"wp-block-heading\" id=\"h-la-sua-brillante-carriera-da-allenatore\">Sa brillante carri\u00e8re d&#039;entra\u00eeneur<\/h2>\n\n\n\n<p>Au cours d&#039;une brillante carri\u00e8re de manager, Sven a \u00e9t\u00e9 manager de l&#039;IFK G\u00f6teborg, du Benfica, de la Roma, de la Fiorentina, de la Sampdoria, de la Lazio, de Manchester City et de Leicester City. Il a \u00e9galement \u00e9t\u00e9 s\u00e9lectionneur du Mexique, de la C\u00f4te d&#039;Ivoire et des Philippines. Mais alors qu\u2019il dirigeait l\u2019Angleterre pendant cinq ans, il est devenu l\u2019entra\u00eeneur de football le plus c\u00e9l\u00e8bre du monde.<\/p>\n\n\n\n<p>Entre 2001 et 2006, il a dirig\u00e9 la \u00ab g\u00e9n\u00e9ration dor\u00e9e \u00bb de stars, dont David Beckham, Steven Gerrard et Frank Lampard, mais n&#039;a jamais remport\u00e9 le troph\u00e9e majeur esp\u00e9r\u00e9.<br>Son diagnostic tragique est survenu presque exactement 22 ans apr\u00e8s sa d\u00e9mission de son poste d&#039;entra\u00eeneur de la Lazio plus t\u00f4t que pr\u00e9vu pour assumer le r\u00f4le d&#039;entra\u00eeneur de l&#039;Angleterre. Le Su\u00e9dois avait sign\u00e9 un contrat de cinq ans trois mois plus t\u00f4t pour prendre le relais \u00e0 l&#039;\u00e9t\u00e9 2001.<\/p>\n\n\n\n<p><strong>LIRE PLUS D&#039;ACTUALIT\u00c9S SPORTIVES<\/strong><\/p>\n\n\n<ul class=\"wp-block-latest-posts__list wp-block-latest-posts\"><li><a class=\"wp-block-latest-posts__post-title\" href=\"https:\/\/newsvirali.it\/fr\/2026\/02\/11\/les-penalites-pour-les-costumes-des-jeux-olympiques-de-2026-souvrent\/\">Milan-Cortina 2026\u00a0: Ouverture du costume en comp\u00e9tition\u00a0: la patineuse \u00e9vite la p\u00e9nalit\u00e9<\/a><\/li>\n<li><a class=\"wp-block-latest-posts__post-title\" href=\"https:\/\/newsvirali.it\/fr\/2026\/01\/30\/onlyfans-des-jeux-olympiques-de-bobsleigh-allemand\/\">Aux Jeux olympiques gr\u00e2ce \u00e0 OnlyFans\u00a0: la confession choquante d\u2019une bobeuse allemande<\/a><\/li>\n<li><a class=\"wp-block-latest-posts__post-title\" href=\"https:\/\/newsvirali.it\/fr\/2026\/01\/15\/zlatan-ibrahimovic-se-chie-dessus\/\">&quot;Je me suis chi\u00e9 dessus&quot; : l&#039;histoire embarrassante de Zlatan Ibrahimovic<\/a><\/li>\n<li><a class=\"wp-block-latest-posts__post-title\" href=\"https:\/\/newsvirali.it\/fr\/2025\/12\/29\/incident-impliquant-anthony-joshua-au-nigeria\/\">Anthony Joshua bless\u00e9 dans un accident de voiture au Nig\u00e9ria<\/a><\/li>\n<li><a class=\"wp-block-latest-posts__post-title\" href=\"https:\/\/newsvirali.it\/fr\/2025\/11\/25\/la-maladie-de-carlo-vanzini-linquietude-quil-suscite-et-son-engouement-sur-les-reseaux-sociaux\/\">Carlo Vanzini suscite l&#039;inqui\u00e9tude des fans sur les r\u00e9seaux sociaux\u00a0: voici ce que nous savons.<\/a><\/li>\n<\/ul><br \/>Suivez-nous \u00e9galement sur Google News : <b><a href=\"https:\/\/news.google.com\/publications\/CAAqBwgKMNqJiwswjMfqAg?hl=it&gl=IT&ceid=IT:it\" target=\"_blank\">Cliquez ici<\/a><\/b>","protected":false},"excerpt":{"rendered":"<p>Sven-Goran Eriksson a r\u00e9v\u00e9l\u00e9 qu&#039;il \u00e9tait atteint d&#039;un cancer en phase terminale et a d\u00e9clar\u00e9 : &quot;Je dois me battre aussi longtemps que je peux.&quot; L&#039;ancien de 75 ans [\u2026]<\/p>","protected":false},"author":4,"featured_media":14130,"comment_status":"open","ping_status":"open","sticky":false,"template":"","format":"standard","meta":{"MSN_Categories":"Uncategorized","MSN_Publish_Option":false,"MSN_Is_Local_News":false,"MSN_Is_AIAC_Included":"Empty","MSN_Location":"[]","MSN_Add_Feature_Img_On_Top_Of_Post":false,"MSN_Has_Custom_Author":false,"MSN_Custom_Author":"","MSN_Has_Custom_Canonical_Url":false,"MSN_Custom_Canonical_Url":"","footnotes":""},"categories":[8],"tags":[],"class_list":["post-14129","post","type-post","status-publish","format-standard","has-post-thumbnail","hentry","category-sport"],"acf":[],"yoast_head":"<!-- This site is optimized with the Yoast SEO Premium plugin v26.7 (Yoast SEO v26.7) - https:\/\/yoast.com\/wordpress\/plugins\/seo\/ -->\n<title>L&#039;ex allenatore Sven-Goran Eriksson sta morendo di cancro<\/title>\n<meta name=\"description\" content=\"L&#039;ex allenatore Sven-Goran Eriksson ha rivelato di avere un cancro terminale, dichiarando: &quot;Mi resta un anno da vivere&quot;.\" \/>\n<meta name=\"robots\" content=\"index, follow, max-snippet:-1, max-image-preview:large, max-video-preview:-1\" \/>\n<link rel=\"canonical\" href=\"https:\/\/newsvirali.it\/fr\/2024\/01\/11\/el-ex-entrenador-de-la-lazio-sven-goran-eriksson-muere-de-cancer\/\" \/>\n<meta property=\"og:locale\" content=\"fr_FR\" \/>\n<meta property=\"og:type\" content=\"article\" \/>\n<meta property=\"og:title\" content=\"L&#039;ex allenatore della Lazio Sven-Goran Eriksson sta morendo di cancro\" \/>\n<meta property=\"og:description\" content=\"L&#039;ex allenatore Sven-Goran Eriksson ha rivelato di avere un cancro terminale, dichiarando: &quot;Mi resta un anno da vivere&quot;.\" \/>\n<meta property=\"og:url\" content=\"https:\/\/newsvirali.it\/fr\/2024\/01\/11\/el-ex-entrenador-de-la-lazio-sven-goran-eriksson-muere-de-cancer\/\" \/>\n<meta property=\"og:site_name\" content=\"News virali\" \/>\n<meta property=\"article:published_time\" content=\"2024-01-11T07:43:18+00:00\" \/>\n<meta property=\"article:modified_time\" content=\"2024-01-11T07:54:00+00:00\" \/>\n<meta property=\"og:image\" content=\"https:\/\/newsvirali.it\/wp-content\/uploads\/2024\/01\/Eriksson.jpg\" \/>\n\t<meta property=\"og:image:width\" content=\"924\" \/>\n\t<meta property=\"og:image:height\" content=\"1199\" \/>\n\t<meta property=\"og:image:type\" content=\"image\/jpeg\" \/>\n<meta name=\"author\" content=\"Cecco Prestina\" \/>\n<meta name=\"twitter:card\" content=\"summary_large_image\" \/>\n<meta name=\"twitter:label1\" content=\"\u00c9crit par\" \/>\n\t<meta name=\"twitter:data1\" content=\"Cecco Prestina\" \/>\n\t<meta name=\"twitter:label2\" content=\"Dur\u00e9e de lecture estim\u00e9e\" \/>\n\t<meta name=\"twitter:data2\" content=\"3 minutes\" \/>\n<script type=\"application\/ld+json\" class=\"yoast-schema-graph\">{\"@context\":\"https:\/\/schema.org\",\"@graph\":[{\"@type\":\"NewsArticle\",\"@id\":\"https:\/\/newsvirali.it\/es\/2024\/01\/11\/el-ex-entrenador-de-la-lazio-sven-goran-eriksson-muere-de-cancer\/#article\",\"isPartOf\":{\"@id\":\"https:\/\/newsvirali.it\/es\/2024\/01\/11\/el-ex-entrenador-de-la-lazio-sven-goran-eriksson-muere-de-cancer\/\"},\"author\":{\"name\":\"Cecco Prestina\",\"@id\":\"https:\/\/newsvirali.it\/fr\/#\/schema\/person\/4c835f7b49c9adb58b33901ee816565d\"},\"headline\":\"L&#8217;ex allenatore della Lazio Sven-Goran Eriksson sta morendo di cancro\",\"datePublished\":\"2024-01-11T07:43:18+00:00\",\"dateModified\":\"2024-01-11T07:54:00+00:00\",\"mainEntityOfPage\":{\"@id\":\"https:\/\/newsvirali.it\/es\/2024\/01\/11\/el-ex-entrenador-de-la-lazio-sven-goran-eriksson-muere-de-cancer\/\"},\"wordCount\":483,\"commentCount\":0,\"image\":{\"@id\":\"https:\/\/newsvirali.it\/es\/2024\/01\/11\/el-ex-entrenador-de-la-lazio-sven-goran-eriksson-muere-de-cancer\/#primaryimage\"},\"thumbnailUrl\":\"https:\/\/newsvirali.it\/wp-content\/uploads\/2024\/01\/Eriksson.jpg\",\"articleSection\":[\"Sport\"],\"inLanguage\":\"fr-FR\",\"potentialAction\":[{\"@type\":\"CommentAction\",\"name\":\"Comment\",\"target\":[\"https:\/\/newsvirali.it\/es\/2024\/01\/11\/el-ex-entrenador-de-la-lazio-sven-goran-eriksson-muere-de-cancer\/#respond\"]}],\"copyrightYear\":\"2024\",\"copyrightHolder\":{\"@id\":\"https:\/\/newsvirali.it\/fr\/#organization\"}},{\"@type\":\"WebPage\",\"@id\":\"https:\/\/newsvirali.it\/es\/2024\/01\/11\/el-ex-entrenador-de-la-lazio-sven-goran-eriksson-muere-de-cancer\/\",\"url\":\"https:\/\/newsvirali.it\/es\/2024\/01\/11\/el-ex-entrenador-de-la-lazio-sven-goran-eriksson-muere-de-cancer\/\",\"name\":\"L'ex allenatore Sven-Goran Eriksson sta morendo di cancro\",\"isPartOf\":{\"@id\":\"https:\/\/newsvirali.it\/fr\/#website\"},\"primaryImageOfPage\":{\"@id\":\"https:\/\/newsvirali.it\/es\/2024\/01\/11\/el-ex-entrenador-de-la-lazio-sven-goran-eriksson-muere-de-cancer\/#primaryimage\"},\"image\":{\"@id\":\"https:\/\/newsvirali.it\/es\/2024\/01\/11\/el-ex-entrenador-de-la-lazio-sven-goran-eriksson-muere-de-cancer\/#primaryimage\"},\"thumbnailUrl\":\"https:\/\/newsvirali.it\/wp-content\/uploads\/2024\/01\/Eriksson.jpg\",\"datePublished\":\"2024-01-11T07:43:18+00:00\",\"dateModified\":\"2024-01-11T07:54:00+00:00\",\"author\":{\"@id\":\"https:\/\/newsvirali.it\/fr\/#\/schema\/person\/4c835f7b49c9adb58b33901ee816565d\"},\"description\":\"L'ex allenatore Sven-Goran Eriksson ha rivelato di avere un cancro terminale, dichiarando: \\\"Mi resta un anno da vivere\\\".\",\"breadcrumb\":{\"@id\":\"https:\/\/newsvirali.it\/es\/2024\/01\/11\/el-ex-entrenador-de-la-lazio-sven-goran-eriksson-muere-de-cancer\/#breadcrumb\"},\"inLanguage\":\"fr-FR\",\"potentialAction\":[{\"@type\":\"ReadAction\",\"target\":[\"https:\/\/newsvirali.it\/es\/2024\/01\/11\/el-ex-entrenador-de-la-lazio-sven-goran-eriksson-muere-de-cancer\/\"]}]},{\"@type\":\"ImageObject\",\"inLanguage\":\"fr-FR\",\"@id\":\"https:\/\/newsvirali.it\/es\/2024\/01\/11\/el-ex-entrenador-de-la-lazio-sven-goran-eriksson-muere-de-cancer\/#primaryimage\",\"url\":\"https:\/\/newsvirali.it\/wp-content\/uploads\/2024\/01\/Eriksson.jpg\",\"contentUrl\":\"https:\/\/newsvirali.it\/wp-content\/uploads\/2024\/01\/Eriksson.jpg\",\"width\":924,\"height\":1199,\"caption\":\"L'ex allenatore Sven-Goran Eriksson sta morendo di cancro\"},{\"@type\":\"BreadcrumbList\",\"@id\":\"https:\/\/newsvirali.it\/es\/2024\/01\/11\/el-ex-entrenador-de-la-lazio-sven-goran-eriksson-muere-de-cancer\/#breadcrumb\",\"itemListElement\":[{\"@type\":\"ListItem\",\"position\":1,\"name\":\"Home\",\"item\":\"https:\/\/newsvirali.it\/fr\/\"},{\"@type\":\"ListItem\",\"position\":2,\"name\":\"L&#8217;ex allenatore della Lazio Sven-Goran Eriksson sta morendo di cancro\"}]},{\"@type\":\"WebSite\",\"@id\":\"https:\/\/newsvirali.it\/fr\/#website\",\"url\":\"https:\/\/newsvirali.it\/fr\/\",\"name\":\"Bake News\",\"description\":\"\",\"potentialAction\":[{\"@type\":\"SearchAction\",\"target\":{\"@type\":\"EntryPoint\",\"urlTemplate\":\"https:\/\/newsvirali.it\/fr\/?s={search_term_string}\"},\"query-input\":{\"@type\":\"PropertyValueSpecification\",\"valueRequired\":true,\"valueName\":\"search_term_string\"}}],\"inLanguage\":\"fr-FR\"},{\"@type\":\"Person\",\"@id\":\"https:\/\/newsvirali.it\/fr\/#\/schema\/person\/4c835f7b49c9adb58b33901ee816565d\",\"name\":\"Cecco Prestina\",\"description\":\"Perch\u00e9 nasconderlo? Cecco Prestina \u00e8 un alias, ma dietro di lui non si cela un algoritmo di intelligenza artificiale. C'\u00e8 un giornalista che ha oltre vent'anni di esperienza tutta sul web. Da quando il primo modem ha iniziato a gracchiare sul territorio italiano con Video on Line, Cecco ha capito che da quel doppino sarebbe passato il futuro. Ha dedidicato tutta la sua carriera a capire Internet e poi i social e ora l'Ai. Una carriera in costante aggiornamento. E questa esperienza la mette in campo ogni giorno. Per\u00f2 ogni tanto Cecco ha voglia anche di non scrivere \\\"pipponi\\\" sulla politica, sull'economia. Ha voglia anche di scrivere qualcosa di divertente. Le notizie che trovate su Bake News sono le stesse che Cecco porta all'aperitivo con gli amici. Quelle di cui discutere per farsi due risate. Notizie, vere (qualche volta si fa fatica a crederlo), strane, divertenti, ma anche serie. Bake News \u00e8 nato per questo, dare al pubblico notizie croccanti e calde come il pane che esce dal forno. E Cecco Prestina \u00e8 nato con Bake News.\",\"url\":\"https:\/\/newsvirali.it\/fr\/autore\/cecco-prestina\/\"}]}<\/script>\n<!-- \/ Yoast SEO Premium plugin. -->","yoast_head_json":{"title":"L'ex allenatore Sven-Goran Eriksson sta morendo di cancro","description":"L'ex allenatore Sven-Goran Eriksson ha rivelato di avere un cancro terminale, dichiarando: \"Mi resta un anno da vivere\".","robots":{"index":"index","follow":"follow","max-snippet":"max-snippet:-1","max-image-preview":"max-image-preview:large","max-video-preview":"max-video-preview:-1"},"canonical":"https:\/\/newsvirali.it\/fr\/2024\/01\/11\/el-ex-entrenador-de-la-lazio-sven-goran-eriksson-muere-de-cancer\/","og_locale":"fr_FR","og_type":"article","og_title":"L'ex allenatore della Lazio Sven-Goran Eriksson sta morendo di cancro","og_description":"L'ex allenatore Sven-Goran Eriksson ha rivelato di avere un cancro terminale, dichiarando: \"Mi resta un anno da vivere\".","og_url":"https:\/\/newsvirali.it\/fr\/2024\/01\/11\/el-ex-entrenador-de-la-lazio-sven-goran-eriksson-muere-de-cancer\/","og_site_name":"News virali","article_published_time":"2024-01-11T07:43:18+00:00","article_modified_time":"2024-01-11T07:54:00+00:00","og_image":[{"width":924,"height":1199,"url":"https:\/\/newsvirali.it\/wp-content\/uploads\/2024\/01\/Eriksson.jpg","type":"image\/jpeg"}],"author":"Cecco Prestina","twitter_card":"summary_large_image","twitter_misc":{"\u00c9crit par":"Cecco Prestina","Dur\u00e9e de lecture estim\u00e9e":"3 minutes"},"schema":{"@context":"https:\/\/schema.org","@graph":[{"@type":"NewsArticle","@id":"https:\/\/newsvirali.it\/es\/2024\/01\/11\/el-ex-entrenador-de-la-lazio-sven-goran-eriksson-muere-de-cancer\/#article","isPartOf":{"@id":"https:\/\/newsvirali.it\/es\/2024\/01\/11\/el-ex-entrenador-de-la-lazio-sven-goran-eriksson-muere-de-cancer\/"},"author":{"name":"Cecco Prestina","@id":"https:\/\/newsvirali.it\/fr\/#\/schema\/person\/4c835f7b49c9adb58b33901ee816565d"},"headline":"L&#8217;ex allenatore della Lazio Sven-Goran Eriksson sta morendo di cancro","datePublished":"2024-01-11T07:43:18+00:00","dateModified":"2024-01-11T07:54:00+00:00","mainEntityOfPage":{"@id":"https:\/\/newsvirali.it\/es\/2024\/01\/11\/el-ex-entrenador-de-la-lazio-sven-goran-eriksson-muere-de-cancer\/"},"wordCount":483,"commentCount":0,"image":{"@id":"https:\/\/newsvirali.it\/es\/2024\/01\/11\/el-ex-entrenador-de-la-lazio-sven-goran-eriksson-muere-de-cancer\/#primaryimage"},"thumbnailUrl":"https:\/\/newsvirali.it\/wp-content\/uploads\/2024\/01\/Eriksson.jpg","articleSection":["Sport"],"inLanguage":"fr-FR","potentialAction":[{"@type":"CommentAction","name":"Comment","target":["https:\/\/newsvirali.it\/es\/2024\/01\/11\/el-ex-entrenador-de-la-lazio-sven-goran-eriksson-muere-de-cancer\/#respond"]}],"copyrightYear":"2024","copyrightHolder":{"@id":"https:\/\/newsvirali.it\/fr\/#organization"}},{"@type":"WebPage","@id":"https:\/\/newsvirali.it\/es\/2024\/01\/11\/el-ex-entrenador-de-la-lazio-sven-goran-eriksson-muere-de-cancer\/","url":"https:\/\/newsvirali.it\/es\/2024\/01\/11\/el-ex-entrenador-de-la-lazio-sven-goran-eriksson-muere-de-cancer\/","name":"L'ex allenatore Sven-Goran Eriksson sta morendo di cancro","isPartOf":{"@id":"https:\/\/newsvirali.it\/fr\/#website"},"primaryImageOfPage":{"@id":"https:\/\/newsvirali.it\/es\/2024\/01\/11\/el-ex-entrenador-de-la-lazio-sven-goran-eriksson-muere-de-cancer\/#primaryimage"},"image":{"@id":"https:\/\/newsvirali.it\/es\/2024\/01\/11\/el-ex-entrenador-de-la-lazio-sven-goran-eriksson-muere-de-cancer\/#primaryimage"},"thumbnailUrl":"https:\/\/newsvirali.it\/wp-content\/uploads\/2024\/01\/Eriksson.jpg","datePublished":"2024-01-11T07:43:18+00:00","dateModified":"2024-01-11T07:54:00+00:00","author":{"@id":"https:\/\/newsvirali.it\/fr\/#\/schema\/person\/4c835f7b49c9adb58b33901ee816565d"},"description":"L'ex allenatore Sven-Goran Eriksson ha rivelato di avere un cancro terminale, dichiarando: \"Mi resta un anno da vivere\".","breadcrumb":{"@id":"https:\/\/newsvirali.it\/es\/2024\/01\/11\/el-ex-entrenador-de-la-lazio-sven-goran-eriksson-muere-de-cancer\/#breadcrumb"},"inLanguage":"fr-FR","potentialAction":[{"@type":"ReadAction","target":["https:\/\/newsvirali.it\/es\/2024\/01\/11\/el-ex-entrenador-de-la-lazio-sven-goran-eriksson-muere-de-cancer\/"]}]},{"@type":"ImageObject","inLanguage":"fr-FR","@id":"https:\/\/newsvirali.it\/es\/2024\/01\/11\/el-ex-entrenador-de-la-lazio-sven-goran-eriksson-muere-de-cancer\/#primaryimage","url":"https:\/\/newsvirali.it\/wp-content\/uploads\/2024\/01\/Eriksson.jpg","contentUrl":"https:\/\/newsvirali.it\/wp-content\/uploads\/2024\/01\/Eriksson.jpg","width":924,"height":1199,"caption":"L'ex allenatore Sven-Goran Eriksson sta morendo di cancro"},{"@type":"BreadcrumbList","@id":"https:\/\/newsvirali.it\/es\/2024\/01\/11\/el-ex-entrenador-de-la-lazio-sven-goran-eriksson-muere-de-cancer\/#breadcrumb","itemListElement":[{"@type":"ListItem","position":1,"name":"Home","item":"https:\/\/newsvirali.it\/fr\/"},{"@type":"ListItem","position":2,"name":"L&#8217;ex allenatore della Lazio Sven-Goran Eriksson sta morendo di cancro"}]},{"@type":"WebSite","@id":"https:\/\/newsvirali.it\/fr\/#website","url":"https:\/\/newsvirali.it\/fr\/","name":"Bake News","description":"","potentialAction":[{"@type":"SearchAction","target":{"@type":"EntryPoint","urlTemplate":"https:\/\/newsvirali.it\/fr\/?s={search_term_string}"},"query-input":{"@type":"PropertyValueSpecification","valueRequired":true,"valueName":"search_term_string"}}],"inLanguage":"fr-FR"},{"@type":"Person","@id":"https:\/\/newsvirali.it\/fr\/#\/schema\/person\/4c835f7b49c9adb58b33901ee816565d","name":"Cecco Prestina","description":"Perch\u00e9 nasconderlo? Cecco Prestina \u00e8 un alias, ma dietro di lui non si cela un algoritmo di intelligenza artificiale. C'\u00e8 un giornalista che ha oltre vent'anni di esperienza tutta sul web. Da quando il primo modem ha iniziato a gracchiare sul territorio italiano con Video on Line, Cecco ha capito che da quel doppino sarebbe passato il futuro. Ha dedidicato tutta la sua carriera a capire Internet e poi i social e ora l'Ai. Una carriera in costante aggiornamento. E questa esperienza la mette in campo ogni giorno. Per\u00f2 ogni tanto Cecco ha voglia anche di non scrivere \"pipponi\" sulla politica, sull'economia. Ha voglia anche di scrivere qualcosa di divertente. Le notizie che trovate su Bake News sono le stesse che Cecco porta all'aperitivo con gli amici. Quelle di cui discutere per farsi due risate. Notizie, vere (qualche volta si fa fatica a crederlo), strane, divertenti, ma anche serie. Bake News \u00e8 nato per questo, dare al pubblico notizie croccanti e calde come il pane che esce dal forno. E Cecco Prestina \u00e8 nato con Bake News.","url":"https:\/\/newsvirali.it\/fr\/autore\/cecco-prestina\/"}]}},"_links":{"self":[{"href":"https:\/\/newsvirali.it\/fr\/wp-json\/wp\/v2\/posts\/14129","targetHints":{"allow":["GET"]}}],"collection":[{"href":"https:\/\/newsvirali.it\/fr\/wp-json\/wp\/v2\/posts"}],"about":[{"href":"https:\/\/newsvirali.it\/fr\/wp-json\/wp\/v2\/types\/post"}],"author":[{"embeddable":true,"href":"https:\/\/newsvirali.it\/fr\/wp-json\/wp\/v2\/users\/4"}],"replies":[{"embeddable":true,"href":"https:\/\/newsvirali.it\/fr\/wp-json\/wp\/v2\/comments?post=14129"}],"version-history":[{"count":2,"href":"https:\/\/newsvirali.it\/fr\/wp-json\/wp\/v2\/posts\/14129\/revisions"}],"predecessor-version":[{"id":14133,"href":"https:\/\/newsvirali.it\/fr\/wp-json\/wp\/v2\/posts\/14129\/revisions\/14133"}],"wp:featuredmedia":[{"embeddable":true,"href":"https:\/\/newsvirali.it\/fr\/wp-json\/wp\/v2\/media\/14130"}],"wp:attachment":[{"href":"https:\/\/newsvirali.it\/fr\/wp-json\/wp\/v2\/media?parent=14129"}],"wp:term":[{"taxonomy":"category","embeddable":true,"href":"https:\/\/newsvirali.it\/fr\/wp-json\/wp\/v2\/categories?post=14129"},{"taxonomy":"post_tag","embeddable":true,"href":"https:\/\/newsvirali.it\/fr\/wp-json\/wp\/v2\/tags?post=14129"}],"curies":[{"name":"wp","href":"https:\/\/api.w.org\/{rel}","templated":true}]}}