{"id":12771,"date":"2023-12-18T18:16:27","date_gmt":"2023-12-18T17:16:27","guid":{"rendered":"https:\/\/www.bakenews.it\/?p=12771"},"modified":"2023-12-18T18:16:28","modified_gmt":"2023-12-18T17:16:28","slug":"miss-francia-criticata-perche-senza-poppe-e-sembra-un-trans-la-sua-risposta-e-epica","status":"publish","type":"post","link":"https:\/\/newsvirali.it\/fr\/2023\/12\/18\/miss-france-critiquee-parce-quelle-na-pas-de-seins-et-ressemble-a-une-trans-sa-reponse-est-epique\/","title":{"rendered":"Miss France critiqu\u00e9e pour n&#039;avoir pas de seins et &quot;ressembler \u00e0 une trans&quot; : sa r\u00e9ponse est \u00e9pique"},"content":{"rendered":"<p>Eve Gilles, 20 ans, a \u00e9t\u00e9 sacr\u00e9e Miss France mais son \u00e9lection n&#039;a pas plu au public qui l&#039;a critiqu\u00e9e et offens\u00e9e sur les r\u00e9seaux sociaux. La gagnante du concours Miss France de cette ann\u00e9e a ripost\u00e9 apr\u00e8s avoir subi une vague de humiliation corporelle et \u00e9galement \u00e0 cause de ses cheveux courts. Elle se d\u00e9crivait comme &quot;androgyne&quot; et avait ouvertement exprim\u00e9 le besoin de &quot;diversifier&quot; les standards de beaut\u00e9 et de &quot;d\u00e9montrer la modernit\u00e9 de ce concours&quot;. Dans son discours final avant l&#039;annonce des r\u00e9sultats, il a d\u00e9clar\u00e9 : \u00ab \u00c0 mon avis, la beaut\u00e9 ne se limite pas \u00e0 la coupe de cheveux ou aux formes que nous avons. Personne ne devrait dicter qui vous \u00eates. \u00bb<\/p>\n\n\n\n<p><strong>LIRE AUSSI<\/strong><\/p>\n\n\n\n<ul class=\"wp-block-list\">\n<li><a href=\"https:\/\/www.bakenews.it\/miss-uruguay-stroncata-dal-cancro-a-soli-26-anni-laddio-social\/\">Miss Uruguay frapp\u00e9e par un cancer \u00e0 seulement 26 ans : adieu social<\/a><\/li>\n\n\n\n<li><a href=\"https:\/\/www.bakenews.it\/miss-paesi-bassi-donna-transgender-vince-il-titolo-per-la-prima-volta\/\">Miss Pays-Bas, une femme transgenre remporte le titre pour la premi\u00e8re fois<\/a><\/li>\n\n\n\n<li><a href=\"https:\/\/www.bakenews.it\/il-mondo-dietro-di-te-il-frame-horror-che-e-sfuggito-a-tutti\/\">&quot;Le monde derri\u00e8re toi&quot;, le cadre d&#039;horreur qui a manqu\u00e9 \u00e0 tout le monde<\/a><\/li>\n<\/ul>\n\n\n\n<h2 class=\"wp-block-heading\" id=\"h-la-giuria-fondamentale-nella-vittoria-di-eve-gilles\">Le jury a \u00e9t\u00e9 fondamental dans la victoire d&#039;Eve Gilles<\/h2>\n\n\n\n<p>Les r\u00e9seaux sociaux ont depuis \u00e9t\u00e9 inond\u00e9s de critiques bizarres de la part de trolls qui pr\u00e9tendaient que sa victoire \u00e9tait le r\u00e9sultat de plans venant \u00ab d\u2019en haut \u00bb. Le concours a \u00e9t\u00e9 d\u00e9cid\u00e9 par les votes du public et du jury, qui avaient un poids \u00e9gal dans la d\u00e9cision finale. Eve Gilles est arriv\u00e9e troisi\u00e8me lors du vote du public, mais a re\u00e7u suffisamment de voix du jury pour devancer les deux favorites des t\u00e9l\u00e9spectateurs, Audrey Ho-Wen-Tsa\u00ef et Jalylane Ma\u00ebs.<\/p>\n\n\n\n<p>Une commentatrice a \u00e9crit \u00e0 ses 53 000 abonn\u00e9s sur X : \u00ab Donc Miss France a \u00e9t\u00e9 choisie parce qu\u2019elle pr\u00e9tendait \u00eatre diff\u00e9rente et en raison de sa fa\u00e7on intelligente de parler. \u00bb Un autre a \u00e9crit : &quot;On s&#039;en fout de sa coupe de cheveux, mais le corps androgyne est \u00e9videmment l\u00e0 pour envoyer un signal.&quot; Les trolls ont \u00e9galement partag\u00e9 des captures d&#039;\u00e9cran modifi\u00e9es de Wikip\u00e9dia qui sugg\u00e8rent \u00e0 tort que Gilles est trans. Un post vu par des centaines de milliers d&#039;utilisateurs disait : \u00ab La gagnante de Miss France 2024 remplissait presque tous les crit\u00e8res du jour, cheveux courts, pas de seins, victimisation pour ces deux crit\u00e8res (mdr), compl\u00e8tement folle dans son discours. Tout ce qui lui manque, c&#039;est un p\u00e9nis. \u00bb<\/p>\n\n\n\n<h2 class=\"wp-block-heading\" id=\"h-miss-francia-criticata-la-sua-risposta-epica\">Miss France critiqu\u00e9e : sa r\u00e9ponse \u00e9pique<\/h2>\n\n\n\n<p>Eve Gilles, qui \u00e9tudie les math\u00e9matiques \u00e0 l&#039;universit\u00e9 et souhaitait devenir statisticienne avant le concours, a d\u00e9crit l&#039;impact d&#039;une \u00ab vague de body shaming \u00bb apr\u00e8s la publication de photos de maillots de bain pendant le concours. Elle a d\u00e9clar\u00e9 dimanche au Parisien : \u00ab J&#039;ai arr\u00eat\u00e9 de regarder ces commentaires disant que je suis mince, que je n&#039;ai pas de forme, peu importe. Ce sont des choses avec lesquelles on apprend \u00e0 vivre, et je ne comprends pas comment les gens peuvent critiquer quelque chose \u00e0 quoi on ne peut rien changer.&quot;<\/p>\n\n\n\n<p>Le concours, qui remonte aux ann\u00e9es 1920, a \u00e9t\u00e9 soumis \u00e0 des pressions r\u00e9p\u00e9t\u00e9es pour am\u00e9liorer la diversit\u00e9. En 2021, elle a \u00e9t\u00e9 d\u00e9nonc\u00e9e par un groupe f\u00e9ministe pour sexisme et discrimination concernant les r\u00e8gles interdisant l&#039;entr\u00e9e aux m\u00e8res et aux femmes mari\u00e9es. Ces restrictions ont d\u00e9sormais \u00e9t\u00e9 lev\u00e9es, tout comme les r\u00e8gles exigeant que les participants ne soient pas \u00e2g\u00e9s de plus de 24 ans, et les femmes trans ont pu participer cette ann\u00e9e pour la premi\u00e8re fois. Dans une interview accord\u00e9e \u00e0 la cha\u00eene de t\u00e9l\u00e9vision fran\u00e7aise TF1 quelques instants apr\u00e8s la victoire, Eve Gilles a d\u00e9clar\u00e9 : &quot;Chaque femme est diff\u00e9rente et nous sommes toutes uniques&quot;.<\/p>\n\n\n\n<h2 class=\"wp-block-heading\" id=\"h-veniva-anche-definita-maschiaccio\">On l&#039;appelait aussi &quot;gar\u00e7on manqu\u00e9&quot;<\/h2>\n\n\n\n<p>\u00ab J&#039;ai parl\u00e9 de mes cheveux courts parce que, g\u00e9n\u00e9ralement, les candidats ont de beaux cheveux longs. J&#039;ai choisi un c\u00f4t\u00e9 plus androgyne et plus masculin qui pr\u00e9serve ma f\u00e9minit\u00e9.&quot; Elle a depuis exprim\u00e9 sa pr\u00e9f\u00e9rence pour ne pas parler de sa coupe lutin \u2013 dont le terme fran\u00e7ais se traduit grosso modo par \u00ab gar\u00e7on manqu\u00e9 \u00bb \u2013 car un \u00ab grand nombre de Fran\u00e7aises \u00bb ont aussi les cheveux courts.<\/p>\n\n\n\n<p>Pouss\u00e9e par les critiques selon lesquelles Miss France est &quot;obsol\u00e8te&quot;, elle a d\u00e9clar\u00e9 au Parisien : &quot;Si elle est obsol\u00e8te, pourquoi tant de gens la regardent encore ?&quot; \u00ab\u00a0Si c&#039;est d\u00e9mod\u00e9, pourquoi tant de filles continuent-elles \u00e0 s&#039;y lancer\u00a0?\u00a0\u00bb \u00ab C&#039;est une \u00e9norme opportunit\u00e9 pour nous. Pour moi Miss France incarne aussi une part du f\u00e9minisme. Ce sont des jeunes femmes qui ont choisi d\u2019elles-m\u00eames d\u2019\u00eatre l\u00e0.<\/p>\n\n\n\n<p><strong>LIRE PLUS D&#039;ACTUALIT\u00c9S T\u00c9L\u00c9VIS\u00c9ES<\/strong><\/p>\n\n\n<ul class=\"wp-block-latest-posts__list wp-block-latest-posts\"><li><a class=\"wp-block-latest-posts__post-title\" href=\"https:\/\/newsvirali.it\/fr\/2026\/01\/29\/le-look-viral-du-meteorologue-de-la-bbc\/\">Une pr\u00e9sentatrice m\u00e9t\u00e9o de la BBC en cuissardes provoque la panique chez les t\u00e9l\u00e9spectateurs<\/a><\/li>\n<li><a class=\"wp-block-latest-posts__post-title\" href=\"https:\/\/newsvirali.it\/fr\/2026\/01\/28\/veronica-saltos-accident-sexy\/\">Incident sexy en direct \u00e0 la t\u00e9l\u00e9vision : le t\u00e9ton de Veronica Saltos appara\u00eet, la vid\u00e9o devient virale.<\/a><\/li>\n<li><a class=\"wp-block-latest-posts__post-title\" href=\"https:\/\/newsvirali.it\/fr\/2026\/01\/27\/lala-kent-et-michelle-saniei-nues-sous-la-douche-des-photos-qui-rendent-les-fans-fous\/\">Lala Kent et Michelle Saniei nues sous la douche\u00a0: des photos qui rendent les fans compl\u00e8tement fous<\/a><\/li>\n<li><a class=\"wp-block-latest-posts__post-title\" href=\"https:\/\/newsvirali.it\/fr\/2026\/01\/19\/video-en-bikini-skinnytok-dashley-james\/\">Ashley James critique SkinnyTok\u00a0: sa vid\u00e9o en bikini et son message aux m\u00e8res<\/a><\/li>\n<li><a class=\"wp-block-latest-posts__post-title\" href=\"https:\/\/newsvirali.it\/fr\/2026\/01\/15\/sydney-sweeney-euphoria-3-cassie-teaser\/\">Sydney Sweeney surprend dans Euphoria 3\u00a0: le tournant pour Cassie dans la premi\u00e8re bande-annonce<\/a><\/li>\n<\/ul><br \/>Suivez-nous \u00e9galement sur Google News : <b><a href=\"https:\/\/news.google.com\/publications\/CAAqBwgKMNqJiwswjMfqAg?hl=it&gl=IT&ceid=IT:it\" target=\"_blank\">Cliquez ici<\/a><\/b>","protected":false},"excerpt":{"rendered":"<p>Eve Gilles, 20 ans, a \u00e9t\u00e9 sacr\u00e9e Miss France mais son \u00e9lection n&#039;a pas plu au public qui [\u2026]<\/p>","protected":false},"author":4,"featured_media":12779,"comment_status":"open","ping_status":"open","sticky":false,"template":"","format":"standard","meta":{"MSN_Categories":"Uncategorized","MSN_Publish_Option":false,"MSN_Is_Local_News":false,"MSN_Is_AIAC_Included":"Empty","MSN_Location":"[]","MSN_Add_Feature_Img_On_Top_Of_Post":false,"MSN_Has_Custom_Author":false,"MSN_Custom_Author":"","MSN_Has_Custom_Canonical_Url":false,"MSN_Custom_Canonical_Url":"","footnotes":""},"categories":[18],"tags":[],"class_list":["post-12771","post","type-post","status-publish","format-standard","has-post-thumbnail","hentry","category-televisione"],"acf":[],"yoast_head":"<!-- This site is optimized with the Yoast SEO Premium plugin v26.7 (Yoast SEO v26.7) - https:\/\/yoast.com\/wordpress\/plugins\/seo\/ -->\n<title>Miss Francia criticata: senza poppe \u00e8 un trans. La risposta epica<\/title>\n<meta name=\"description\" content=\"Eve Gilles, 20 anni, \u00e8 stata incoronata Miss Francia ma la sua elezione non \u00e8 piaciuta al pubblico che l&#039;ha denigrata e offesa sui social.\" \/>\n<meta name=\"robots\" content=\"index, follow, max-snippet:-1, max-image-preview:large, max-video-preview:-1\" \/>\n<link rel=\"canonical\" href=\"https:\/\/newsvirali.it\/fr\/2023\/12\/18\/miss-france-critiquee-parce-quelle-na-pas-de-seins-et-ressemble-a-une-trans-sa-reponse-est-epique\/\" \/>\n<meta property=\"og:locale\" content=\"fr_FR\" \/>\n<meta property=\"og:type\" content=\"article\" \/>\n<meta property=\"og:title\" content=\"Miss Francia criticata perch\u00e9 senza poppe e &quot;sembra un trans&quot;: la sua risposta \u00e8 epica\" \/>\n<meta property=\"og:description\" content=\"Eve Gilles, 20 anni, \u00e8 stata incoronata Miss Francia ma la sua elezione non \u00e8 piaciuta al pubblico che l&#039;ha denigrata e offesa sui social.\" \/>\n<meta property=\"og:url\" content=\"https:\/\/newsvirali.it\/fr\/2023\/12\/18\/miss-france-critiquee-parce-quelle-na-pas-de-seins-et-ressemble-a-une-trans-sa-reponse-est-epique\/\" \/>\n<meta property=\"og:site_name\" content=\"News virali\" \/>\n<meta property=\"article:published_time\" content=\"2023-12-18T17:16:27+00:00\" \/>\n<meta property=\"article:modified_time\" content=\"2023-12-18T17:16:28+00:00\" \/>\n<meta property=\"og:image\" content=\"https:\/\/newsvirali.it\/wp-content\/uploads\/2023\/12\/MixCollage-18-Dec-2023-06-03-PM-483.jpg\" \/>\n\t<meta property=\"og:image:width\" content=\"2560\" \/>\n\t<meta property=\"og:image:height\" content=\"1440\" \/>\n\t<meta property=\"og:image:type\" content=\"image\/jpeg\" \/>\n<meta name=\"author\" content=\"Cecco Prestina\" \/>\n<meta name=\"twitter:card\" content=\"summary_large_image\" \/>\n<meta name=\"twitter:label1\" content=\"\u00c9crit par\" \/>\n\t<meta name=\"twitter:data1\" content=\"Cecco Prestina\" \/>\n\t<meta name=\"twitter:label2\" content=\"Dur\u00e9e de lecture estim\u00e9e\" \/>\n\t<meta name=\"twitter:data2\" content=\"4 minutes\" \/>\n<script type=\"application\/ld+json\" class=\"yoast-schema-graph\">{\"@context\":\"https:\/\/schema.org\",\"@graph\":[{\"@type\":\"NewsArticle\",\"@id\":\"https:\/\/newsvirali.it\/fr\/2023\/12\/18\/miss-france-critiquee-parce-quelle-na-pas-de-seins-et-ressemble-a-une-trans-sa-reponse-est-epique\/#article\",\"isPartOf\":{\"@id\":\"https:\/\/newsvirali.it\/fr\/2023\/12\/18\/miss-france-critiquee-parce-quelle-na-pas-de-seins-et-ressemble-a-une-trans-sa-reponse-est-epique\/\"},\"author\":{\"name\":\"Cecco Prestina\",\"@id\":\"https:\/\/newsvirali.it\/fr\/#\/schema\/person\/4c835f7b49c9adb58b33901ee816565d\"},\"headline\":\"Miss Francia criticata perch\u00e9 senza poppe e &#8220;sembra un trans&#8221;: la sua risposta \u00e8 epica\",\"datePublished\":\"2023-12-18T17:16:27+00:00\",\"dateModified\":\"2023-12-18T17:16:28+00:00\",\"mainEntityOfPage\":{\"@id\":\"https:\/\/newsvirali.it\/fr\/2023\/12\/18\/miss-france-critiquee-parce-quelle-na-pas-de-seins-et-ressemble-a-une-trans-sa-reponse-est-epique\/\"},\"wordCount\":678,\"commentCount\":0,\"image\":{\"@id\":\"https:\/\/newsvirali.it\/fr\/2023\/12\/18\/miss-france-critiquee-parce-quelle-na-pas-de-seins-et-ressemble-a-une-trans-sa-reponse-est-epique\/#primaryimage\"},\"thumbnailUrl\":\"https:\/\/newsvirali.it\/wp-content\/uploads\/2023\/12\/MixCollage-18-Dec-2023-06-03-PM-483.jpg\",\"articleSection\":[\"Televisione\"],\"inLanguage\":\"fr-FR\",\"potentialAction\":[{\"@type\":\"CommentAction\",\"name\":\"Comment\",\"target\":[\"https:\/\/newsvirali.it\/fr\/2023\/12\/18\/miss-france-critiquee-parce-quelle-na-pas-de-seins-et-ressemble-a-une-trans-sa-reponse-est-epique\/#respond\"]}],\"copyrightYear\":\"2023\",\"copyrightHolder\":{\"@id\":\"https:\/\/newsvirali.it\/fr\/#organization\"}},{\"@type\":\"WebPage\",\"@id\":\"https:\/\/newsvirali.it\/fr\/2023\/12\/18\/miss-france-critiquee-parce-quelle-na-pas-de-seins-et-ressemble-a-une-trans-sa-reponse-est-epique\/\",\"url\":\"https:\/\/newsvirali.it\/fr\/2023\/12\/18\/miss-france-critiquee-parce-quelle-na-pas-de-seins-et-ressemble-a-une-trans-sa-reponse-est-epique\/\",\"name\":\"Miss Francia criticata: senza poppe \u00e8 un trans. La risposta epica\",\"isPartOf\":{\"@id\":\"https:\/\/newsvirali.it\/fr\/#website\"},\"primaryImageOfPage\":{\"@id\":\"https:\/\/newsvirali.it\/fr\/2023\/12\/18\/miss-france-critiquee-parce-quelle-na-pas-de-seins-et-ressemble-a-une-trans-sa-reponse-est-epique\/#primaryimage\"},\"image\":{\"@id\":\"https:\/\/newsvirali.it\/fr\/2023\/12\/18\/miss-france-critiquee-parce-quelle-na-pas-de-seins-et-ressemble-a-une-trans-sa-reponse-est-epique\/#primaryimage\"},\"thumbnailUrl\":\"https:\/\/newsvirali.it\/wp-content\/uploads\/2023\/12\/MixCollage-18-Dec-2023-06-03-PM-483.jpg\",\"datePublished\":\"2023-12-18T17:16:27+00:00\",\"dateModified\":\"2023-12-18T17:16:28+00:00\",\"author\":{\"@id\":\"https:\/\/newsvirali.it\/fr\/#\/schema\/person\/4c835f7b49c9adb58b33901ee816565d\"},\"description\":\"Eve Gilles, 20 anni, \u00e8 stata incoronata Miss Francia ma la sua elezione non \u00e8 piaciuta al pubblico che l'ha denigrata e offesa sui social.\",\"breadcrumb\":{\"@id\":\"https:\/\/newsvirali.it\/fr\/2023\/12\/18\/miss-france-critiquee-parce-quelle-na-pas-de-seins-et-ressemble-a-une-trans-sa-reponse-est-epique\/#breadcrumb\"},\"inLanguage\":\"fr-FR\",\"potentialAction\":[{\"@type\":\"ReadAction\",\"target\":[\"https:\/\/newsvirali.it\/fr\/2023\/12\/18\/miss-france-critiquee-parce-quelle-na-pas-de-seins-et-ressemble-a-une-trans-sa-reponse-est-epique\/\"]}]},{\"@type\":\"ImageObject\",\"inLanguage\":\"fr-FR\",\"@id\":\"https:\/\/newsvirali.it\/fr\/2023\/12\/18\/miss-france-critiquee-parce-quelle-na-pas-de-seins-et-ressemble-a-une-trans-sa-reponse-est-epique\/#primaryimage\",\"url\":\"https:\/\/newsvirali.it\/wp-content\/uploads\/2023\/12\/MixCollage-18-Dec-2023-06-03-PM-483.jpg\",\"contentUrl\":\"https:\/\/newsvirali.it\/wp-content\/uploads\/2023\/12\/MixCollage-18-Dec-2023-06-03-PM-483.jpg\",\"width\":2560,\"height\":1440,\"caption\":\"Miss Francia criticata perch\u00e9 senza poppe e \\\"sembra un trans\\\"\"},{\"@type\":\"BreadcrumbList\",\"@id\":\"https:\/\/newsvirali.it\/fr\/2023\/12\/18\/miss-france-critiquee-parce-quelle-na-pas-de-seins-et-ressemble-a-une-trans-sa-reponse-est-epique\/#breadcrumb\",\"itemListElement\":[{\"@type\":\"ListItem\",\"position\":1,\"name\":\"Home\",\"item\":\"https:\/\/newsvirali.it\/fr\/\"},{\"@type\":\"ListItem\",\"position\":2,\"name\":\"Miss Francia criticata perch\u00e9 senza poppe e &#8220;sembra un trans&#8221;: la sua risposta \u00e8 epica\"}]},{\"@type\":\"WebSite\",\"@id\":\"https:\/\/newsvirali.it\/fr\/#website\",\"url\":\"https:\/\/newsvirali.it\/fr\/\",\"name\":\"Bake News\",\"description\":\"\",\"potentialAction\":[{\"@type\":\"SearchAction\",\"target\":{\"@type\":\"EntryPoint\",\"urlTemplate\":\"https:\/\/newsvirali.it\/fr\/?s={search_term_string}\"},\"query-input\":{\"@type\":\"PropertyValueSpecification\",\"valueRequired\":true,\"valueName\":\"search_term_string\"}}],\"inLanguage\":\"fr-FR\"},{\"@type\":\"Person\",\"@id\":\"https:\/\/newsvirali.it\/fr\/#\/schema\/person\/4c835f7b49c9adb58b33901ee816565d\",\"name\":\"Cecco Prestina\",\"description\":\"Perch\u00e9 nasconderlo? Cecco Prestina \u00e8 un alias, ma dietro di lui non si cela un algoritmo di intelligenza artificiale. C'\u00e8 un giornalista che ha oltre vent'anni di esperienza tutta sul web. Da quando il primo modem ha iniziato a gracchiare sul territorio italiano con Video on Line, Cecco ha capito che da quel doppino sarebbe passato il futuro. Ha dedidicato tutta la sua carriera a capire Internet e poi i social e ora l'Ai. Una carriera in costante aggiornamento. E questa esperienza la mette in campo ogni giorno. Per\u00f2 ogni tanto Cecco ha voglia anche di non scrivere \\\"pipponi\\\" sulla politica, sull'economia. Ha voglia anche di scrivere qualcosa di divertente. Le notizie che trovate su Bake News sono le stesse che Cecco porta all'aperitivo con gli amici. Quelle di cui discutere per farsi due risate. Notizie, vere (qualche volta si fa fatica a crederlo), strane, divertenti, ma anche serie. Bake News \u00e8 nato per questo, dare al pubblico notizie croccanti e calde come il pane che esce dal forno. E Cecco Prestina \u00e8 nato con Bake News.\",\"url\":\"https:\/\/newsvirali.it\/fr\/autore\/cecco-prestina\/\"}]}<\/script>\n<!-- \/ Yoast SEO Premium plugin. -->","yoast_head_json":{"title":"Miss Francia criticata: senza poppe \u00e8 un trans. La risposta epica","description":"Eve Gilles, 20 anni, \u00e8 stata incoronata Miss Francia ma la sua elezione non \u00e8 piaciuta al pubblico che l'ha denigrata e offesa sui social.","robots":{"index":"index","follow":"follow","max-snippet":"max-snippet:-1","max-image-preview":"max-image-preview:large","max-video-preview":"max-video-preview:-1"},"canonical":"https:\/\/newsvirali.it\/fr\/2023\/12\/18\/miss-france-critiquee-parce-quelle-na-pas-de-seins-et-ressemble-a-une-trans-sa-reponse-est-epique\/","og_locale":"fr_FR","og_type":"article","og_title":"Miss Francia criticata perch\u00e9 senza poppe e \"sembra un trans\": la sua risposta \u00e8 epica","og_description":"Eve Gilles, 20 anni, \u00e8 stata incoronata Miss Francia ma la sua elezione non \u00e8 piaciuta al pubblico che l'ha denigrata e offesa sui social.","og_url":"https:\/\/newsvirali.it\/fr\/2023\/12\/18\/miss-france-critiquee-parce-quelle-na-pas-de-seins-et-ressemble-a-une-trans-sa-reponse-est-epique\/","og_site_name":"News virali","article_published_time":"2023-12-18T17:16:27+00:00","article_modified_time":"2023-12-18T17:16:28+00:00","og_image":[{"width":2560,"height":1440,"url":"https:\/\/newsvirali.it\/wp-content\/uploads\/2023\/12\/MixCollage-18-Dec-2023-06-03-PM-483.jpg","type":"image\/jpeg"}],"author":"Cecco Prestina","twitter_card":"summary_large_image","twitter_misc":{"\u00c9crit par":"Cecco Prestina","Dur\u00e9e de lecture estim\u00e9e":"4 minutes"},"schema":{"@context":"https:\/\/schema.org","@graph":[{"@type":"NewsArticle","@id":"https:\/\/newsvirali.it\/fr\/2023\/12\/18\/miss-france-critiquee-parce-quelle-na-pas-de-seins-et-ressemble-a-une-trans-sa-reponse-est-epique\/#article","isPartOf":{"@id":"https:\/\/newsvirali.it\/fr\/2023\/12\/18\/miss-france-critiquee-parce-quelle-na-pas-de-seins-et-ressemble-a-une-trans-sa-reponse-est-epique\/"},"author":{"name":"Cecco Prestina","@id":"https:\/\/newsvirali.it\/fr\/#\/schema\/person\/4c835f7b49c9adb58b33901ee816565d"},"headline":"Miss Francia criticata perch\u00e9 senza poppe e &#8220;sembra un trans&#8221;: la sua risposta \u00e8 epica","datePublished":"2023-12-18T17:16:27+00:00","dateModified":"2023-12-18T17:16:28+00:00","mainEntityOfPage":{"@id":"https:\/\/newsvirali.it\/fr\/2023\/12\/18\/miss-france-critiquee-parce-quelle-na-pas-de-seins-et-ressemble-a-une-trans-sa-reponse-est-epique\/"},"wordCount":678,"commentCount":0,"image":{"@id":"https:\/\/newsvirali.it\/fr\/2023\/12\/18\/miss-france-critiquee-parce-quelle-na-pas-de-seins-et-ressemble-a-une-trans-sa-reponse-est-epique\/#primaryimage"},"thumbnailUrl":"https:\/\/newsvirali.it\/wp-content\/uploads\/2023\/12\/MixCollage-18-Dec-2023-06-03-PM-483.jpg","articleSection":["Televisione"],"inLanguage":"fr-FR","potentialAction":[{"@type":"CommentAction","name":"Comment","target":["https:\/\/newsvirali.it\/fr\/2023\/12\/18\/miss-france-critiquee-parce-quelle-na-pas-de-seins-et-ressemble-a-une-trans-sa-reponse-est-epique\/#respond"]}],"copyrightYear":"2023","copyrightHolder":{"@id":"https:\/\/newsvirali.it\/fr\/#organization"}},{"@type":"WebPage","@id":"https:\/\/newsvirali.it\/fr\/2023\/12\/18\/miss-france-critiquee-parce-quelle-na-pas-de-seins-et-ressemble-a-une-trans-sa-reponse-est-epique\/","url":"https:\/\/newsvirali.it\/fr\/2023\/12\/18\/miss-france-critiquee-parce-quelle-na-pas-de-seins-et-ressemble-a-une-trans-sa-reponse-est-epique\/","name":"Miss Francia criticata: senza poppe \u00e8 un trans. La risposta epica","isPartOf":{"@id":"https:\/\/newsvirali.it\/fr\/#website"},"primaryImageOfPage":{"@id":"https:\/\/newsvirali.it\/fr\/2023\/12\/18\/miss-france-critiquee-parce-quelle-na-pas-de-seins-et-ressemble-a-une-trans-sa-reponse-est-epique\/#primaryimage"},"image":{"@id":"https:\/\/newsvirali.it\/fr\/2023\/12\/18\/miss-france-critiquee-parce-quelle-na-pas-de-seins-et-ressemble-a-une-trans-sa-reponse-est-epique\/#primaryimage"},"thumbnailUrl":"https:\/\/newsvirali.it\/wp-content\/uploads\/2023\/12\/MixCollage-18-Dec-2023-06-03-PM-483.jpg","datePublished":"2023-12-18T17:16:27+00:00","dateModified":"2023-12-18T17:16:28+00:00","author":{"@id":"https:\/\/newsvirali.it\/fr\/#\/schema\/person\/4c835f7b49c9adb58b33901ee816565d"},"description":"Eve Gilles, 20 anni, \u00e8 stata incoronata Miss Francia ma la sua elezione non \u00e8 piaciuta al pubblico che l'ha denigrata e offesa sui social.","breadcrumb":{"@id":"https:\/\/newsvirali.it\/fr\/2023\/12\/18\/miss-france-critiquee-parce-quelle-na-pas-de-seins-et-ressemble-a-une-trans-sa-reponse-est-epique\/#breadcrumb"},"inLanguage":"fr-FR","potentialAction":[{"@type":"ReadAction","target":["https:\/\/newsvirali.it\/fr\/2023\/12\/18\/miss-france-critiquee-parce-quelle-na-pas-de-seins-et-ressemble-a-une-trans-sa-reponse-est-epique\/"]}]},{"@type":"ImageObject","inLanguage":"fr-FR","@id":"https:\/\/newsvirali.it\/fr\/2023\/12\/18\/miss-france-critiquee-parce-quelle-na-pas-de-seins-et-ressemble-a-une-trans-sa-reponse-est-epique\/#primaryimage","url":"https:\/\/newsvirali.it\/wp-content\/uploads\/2023\/12\/MixCollage-18-Dec-2023-06-03-PM-483.jpg","contentUrl":"https:\/\/newsvirali.it\/wp-content\/uploads\/2023\/12\/MixCollage-18-Dec-2023-06-03-PM-483.jpg","width":2560,"height":1440,"caption":"Miss Francia criticata perch\u00e9 senza poppe e \"sembra un trans\""},{"@type":"BreadcrumbList","@id":"https:\/\/newsvirali.it\/fr\/2023\/12\/18\/miss-france-critiquee-parce-quelle-na-pas-de-seins-et-ressemble-a-une-trans-sa-reponse-est-epique\/#breadcrumb","itemListElement":[{"@type":"ListItem","position":1,"name":"Home","item":"https:\/\/newsvirali.it\/fr\/"},{"@type":"ListItem","position":2,"name":"Miss Francia criticata perch\u00e9 senza poppe e &#8220;sembra un trans&#8221;: la sua risposta \u00e8 epica"}]},{"@type":"WebSite","@id":"https:\/\/newsvirali.it\/fr\/#website","url":"https:\/\/newsvirali.it\/fr\/","name":"Bake News","description":"","potentialAction":[{"@type":"SearchAction","target":{"@type":"EntryPoint","urlTemplate":"https:\/\/newsvirali.it\/fr\/?s={search_term_string}"},"query-input":{"@type":"PropertyValueSpecification","valueRequired":true,"valueName":"search_term_string"}}],"inLanguage":"fr-FR"},{"@type":"Person","@id":"https:\/\/newsvirali.it\/fr\/#\/schema\/person\/4c835f7b49c9adb58b33901ee816565d","name":"Cecco Prestina","description":"Perch\u00e9 nasconderlo? Cecco Prestina \u00e8 un alias, ma dietro di lui non si cela un algoritmo di intelligenza artificiale. C'\u00e8 un giornalista che ha oltre vent'anni di esperienza tutta sul web. Da quando il primo modem ha iniziato a gracchiare sul territorio italiano con Video on Line, Cecco ha capito che da quel doppino sarebbe passato il futuro. Ha dedidicato tutta la sua carriera a capire Internet e poi i social e ora l'Ai. Una carriera in costante aggiornamento. E questa esperienza la mette in campo ogni giorno. Per\u00f2 ogni tanto Cecco ha voglia anche di non scrivere \"pipponi\" sulla politica, sull'economia. Ha voglia anche di scrivere qualcosa di divertente. Le notizie che trovate su Bake News sono le stesse che Cecco porta all'aperitivo con gli amici. Quelle di cui discutere per farsi due risate. Notizie, vere (qualche volta si fa fatica a crederlo), strane, divertenti, ma anche serie. Bake News \u00e8 nato per questo, dare al pubblico notizie croccanti e calde come il pane che esce dal forno. E Cecco Prestina \u00e8 nato con Bake News.","url":"https:\/\/newsvirali.it\/fr\/autore\/cecco-prestina\/"}]}},"_links":{"self":[{"href":"https:\/\/newsvirali.it\/fr\/wp-json\/wp\/v2\/posts\/12771","targetHints":{"allow":["GET"]}}],"collection":[{"href":"https:\/\/newsvirali.it\/fr\/wp-json\/wp\/v2\/posts"}],"about":[{"href":"https:\/\/newsvirali.it\/fr\/wp-json\/wp\/v2\/types\/post"}],"author":[{"embeddable":true,"href":"https:\/\/newsvirali.it\/fr\/wp-json\/wp\/v2\/users\/4"}],"replies":[{"embeddable":true,"href":"https:\/\/newsvirali.it\/fr\/wp-json\/wp\/v2\/comments?post=12771"}],"version-history":[{"count":3,"href":"https:\/\/newsvirali.it\/fr\/wp-json\/wp\/v2\/posts\/12771\/revisions"}],"predecessor-version":[{"id":12784,"href":"https:\/\/newsvirali.it\/fr\/wp-json\/wp\/v2\/posts\/12771\/revisions\/12784"}],"wp:featuredmedia":[{"embeddable":true,"href":"https:\/\/newsvirali.it\/fr\/wp-json\/wp\/v2\/media\/12779"}],"wp:attachment":[{"href":"https:\/\/newsvirali.it\/fr\/wp-json\/wp\/v2\/media?parent=12771"}],"wp:term":[{"taxonomy":"category","embeddable":true,"href":"https:\/\/newsvirali.it\/fr\/wp-json\/wp\/v2\/categories?post=12771"},{"taxonomy":"post_tag","embeddable":true,"href":"https:\/\/newsvirali.it\/fr\/wp-json\/wp\/v2\/tags?post=12771"}],"curies":[{"name":"wp","href":"https:\/\/api.w.org\/{rel}","templated":true}]}}