{"id":12714,"date":"2023-12-18T11:28:43","date_gmt":"2023-12-18T10:28:43","guid":{"rendered":"https:\/\/www.bakenews.it\/?p=12714"},"modified":"2024-05-02T22:01:24","modified_gmt":"2024-05-02T20:01:24","slug":"argentina-raffiche-vento-trascina-aereo-spacca-tutto","status":"publish","type":"post","link":"https:\/\/newsvirali.it\/fr\/2023\/12\/18\/argentine-des-rafales-de-vent-entrainent-un-avion-et-cassent-tout\/","title":{"rendered":"Argentine, des rafales de vent entra\u00eenent un avion qui casse tout"},"content":{"rendered":"<p>Mauvais temps en Argentine avec des rafales de vent exceptionnelles qui peuvent entra\u00eener un avion arr\u00eat\u00e9 sur la piste et tout bouleverser. Des vid\u00e9os diffus\u00e9es sur les r\u00e9seaux sociaux montrent le moment o\u00f9 un avion de ligne a \u00e9t\u00e9 emport\u00e9 par des vents de 160 km\/h dans un a\u00e9roport argentin et s&#039;est \u00e9cras\u00e9 dans un escalier.<br>De fortes rafales de vent ont frapp\u00e9 dimanche l&#039;a\u00e9roport Aeroparque Jorge Newbery de Buenos Aires alors qu&#039;une forte temp\u00eate frappait la r\u00e9gion.<\/p>\n\n\n\n<p><strong>LIRE AUSSI<\/strong><\/p>\n\n\n\n<ul class=\"wp-block-list\">\n<li><a href=\"https:\/\/www.bakenews.it\/tiktoker-si-cucina-gamberetti-allaglio-nel-bagno-dellaereo-il-folle-video\/\">TikToker cuisine des crevettes \u00e0 l&#039;ail dans les toilettes de l&#039;avion : la vid\u00e9o folle<\/a><\/li>\n\n\n\n<li><a href=\"https:\/\/www.bakenews.it\/apre-luscita-di-emergenza-e-scappa-sullala-dellaereo-panico-a-bordo\/\">Il ouvre la sortie de secours et s&#039;enfuit sur l&#039;aile de l&#039;avion : panique \u00e0 bord<\/a><\/li>\n\n\n\n<li><a href=\"https:\/\/www.bakenews.it\/aereo-atterra-col-motore-in-fiamme-passeggeri-in-ginocchio-ringraziano-il-pilota\/\">L&#039;avion atterrit avec le moteur en feu, les passagers \u00e0 genoux remercient le pilote<\/a><\/li>\n\n\n\n<li><a href=\"https:\/\/www.bakenews.it\/la-powerbank-di-un-influencer-prende-fuoco-in-aereo-panico-a-bordo\/\">La powerbank d&#039;un influenceur prend feu dans un avion : panique \u00e0 bord<\/a><\/li>\n<\/ul>\n\n\n\n<h2 class=\"wp-block-heading\" id=\"h-vento-a-160-km-h-trascina-l-aereo-in-pista\">Un vent de 160 km\/h entra\u00eene l&#039;avion sur la piste<\/h2>\n\n\n\n<p>Le Boeing 737-700 d&#039;Aerolineas Argentinas a \u00e9t\u00e9 projet\u00e9 \u00e0 travers la piste en direction de l&#039;\u00e9chelle utilis\u00e9e par les passagers pour monter \u00e0 bord avant de s&#039;\u00e9craser dessus, le faisant tomber au sol alors que l&#039;avion tournait sur le c\u00f4t\u00e9. Une \u00e9chelle a ensuite \u00e9t\u00e9 port\u00e9e \u00e0 toute vitesse vers les v\u00e9hicules utilis\u00e9s par les travailleurs de la piste. Les images montraient une section de l\u2019aile de l\u2019avion heurtant un b\u00e2timent sur la piste.<\/p>\n\n\n\n<figure class=\"wp-block-embed is-type-rich is-provider-twitter wp-block-embed-twitter\"><div class=\"wp-block-embed__wrapper\">\n<blockquote class=\"twitter-tweet\" data-width=\"500\" data-dnt=\"true\"><p lang=\"es\" dir=\"ltr\">\u00c0 Buenos Aires, on conna\u00eet de forts bruits de vent d\u00e9passant les 110 km\/h qui ont caus\u00e9 de graves d\u00e9g\u00e2ts aussi bien \u00e0 l&#039;a\u00e9roport Jorge Newbery (o\u00f9 un 737-700 et un MAX8 se sont d\u00e9plac\u00e9s, les endommageant) qu&#039;\u00e0 Ezeiza. L\u2019a\u00e9roport et les infrastructures a\u00e9roportuaires\u2026 <a href=\"https:\/\/t.co\/lEBnVN7mMQ\">pic.twitter.com\/lEBnVN7mMQ<\/a><\/p>\u2013 Sur les ailes de l&#039;aviation (@OnAviation) <a href=\"https:\/\/twitter.com\/OnAviation\/status\/1736323024565977242?ref_src=twsrc%5Etfw\">17 d\u00e9cembre 2023<\/a><\/blockquote><script async src=\"https:\/\/platform.twitter.com\/widgets.js\" charset=\"utf-8\"><\/script>\n<\/div><\/figure>\n\n\n\n<p><\/p>\n\n\n\n<p>L&#039;avion a subi plusieurs dommages, obligeant la compagnie a\u00e9rienne \u00e0 annuler le vol pr\u00e9vu pour r\u00e9paration. Dans un communiqu\u00e9, Aerol\u00edneas Argentinas a d\u00e9clar\u00e9 : \u00ab Aerol\u00edneas Argentinas rapporte qu&#039;en raison de la forte temp\u00eate qui a principalement affect\u00e9 les op\u00e9rations de l&#039;Aeroparque, 100 vols ont jusqu&#039;\u00e0 pr\u00e9sent \u00e9t\u00e9 annul\u00e9s et le m\u00eame nombre a subi des retards et des reportages. \u00bb<\/p>\n\n\n\n<p><\/p>\n\n\n\n<figure class=\"wp-block-embed is-type-rich is-provider-twitter wp-block-embed-twitter\"><div class=\"wp-block-embed__wrapper\">\n<blockquote class=\"twitter-tweet\" data-width=\"500\" data-dnt=\"true\"><p lang=\"es\" dir=\"ltr\">\u26a0\ufe0f Vid\u00e9os percutantes de l&#039;a\u00e9roport Jorge Newbery <a href=\"https:\/\/t.co\/ZQTc28F88c\">pic.twitter.com\/ZQTc28F88c<\/a><\/p>\u2013 Tormentas de la zone sur (@SurTormentas) <a href=\"https:\/\/twitter.com\/SurTormentas\/status\/1736296635737506259?ref_src=twsrc%5Etfw\">17 d\u00e9cembre 2023<\/a><\/blockquote><script async src=\"https:\/\/platform.twitter.com\/widgets.js\" charset=\"utf-8\"><\/script>\n<\/div><\/figure>\n\n\n\n<h2 class=\"wp-block-heading\" id=\"h-diverse-vittime-per-il-maltempo\">Plusieurs victimes \u00e0 cause du mauvais temps<\/h2>\n\n\n\n<p>Un violent orage \u00e9lectrique qui a frapp\u00e9 l&#039;Argentine ce week-end a tu\u00e9 au moins 16 personnes dans le pays et en Uruguay voisin. L&#039;agence m\u00e9t\u00e9orologique uruguayenne a d\u00e9clar\u00e9 que deux personnes \u00e9taient mortes \u00e0 cause de fortes rafales de vent venant du sud-est t\u00f4t dimanche matin, selon un communiqu\u00e9 publi\u00e9 sur le site Internet de l&#039;agence. En Argentine, une femme est d\u00e9c\u00e9d\u00e9e t\u00f4t dimanche matin apr\u00e8s avoir \u00e9t\u00e9 heurt\u00e9e par une branche d&#039;arbre tomb\u00e9e dans la ville de Moreno, ont rapport\u00e9 les m\u00e9dias locaux. Treize autres personnes sont mortes samedi dans la ville de Bahia Blanca apr\u00e8s l&#039;effondrement d&#039;un mur lors de la temp\u00eate. Le pr\u00e9sident argentin Javier Milei s&#039;est rendu dimanche sur les lieux du crash.<\/p>\n\n\n\n<p><strong>LIRE LES AUTRES NOUVELLES DU MONDE<\/strong><\/p>\n\n\n<ul class=\"wp-block-latest-posts__list wp-block-latest-posts\"><li><a class=\"wp-block-latest-posts__post-title\" href=\"https:\/\/newsvirali.it\/fr\/2026\/02\/12\/emma-amit-crabe-du-diable-mort\/\">La vlogueuse Emma Amit d\u00e9c\u00e8de apr\u00e8s avoir consomm\u00e9 du crabe du diable toxique<\/a><\/li>\n<li><a class=\"wp-block-latest-posts__post-title\" href=\"https:\/\/newsvirali.it\/fr\/2026\/02\/05\/suicide-des-trois-soeurs-en-inde\/\">Des parents confisquent les t\u00e9l\u00e9phones portables de trois s\u0153urs qui jouent excessivement aux jeux vid\u00e9o\u00a0: trois s\u0153urs se suicident<\/a><\/li>\n<li><a class=\"wp-block-latest-posts__post-title\" href=\"https:\/\/newsvirali.it\/fr\/2026\/01\/30\/arrestation-dans-un-complexe-hotelier-de-floride-pour-actes-obscenes\/\">Un h\u00f4tel de Floride fait sensation : un homme arr\u00eat\u00e9 pour exhibitionnisme avec un aspirateur<\/a><\/li>\n<li><a class=\"wp-block-latest-posts__post-title\" href=\"https:\/\/newsvirali.it\/fr\/2026\/01\/28\/un-pere-ivre-pend-son-fils-dans-une-video-choquante\/\">Un p\u00e8re ivre pend son fils par la fen\u00eatre : vid\u00e9o choquante<\/a><\/li>\n<li><a class=\"wp-block-latest-posts__post-title\" href=\"https:\/\/newsvirali.it\/fr\/2026\/01\/27\/une-enseignante-enceinte-et-un-eleve-de-13-ans\/\">Une enseignante admet \u00eatre tomb\u00e9e enceinte d&#039;un \u00e9l\u00e8ve de 13 ans<\/a><\/li>\n<\/ul><br \/>Suivez-nous \u00e9galement sur Google News : <b><a href=\"https:\/\/news.google.com\/publications\/CAAqBwgKMNqJiwswjMfqAg?hl=it&gl=IT&ceid=IT:it\" target=\"_blank\">Cliquez ici<\/a><\/b>","protected":false},"excerpt":{"rendered":"<p>Mauvais temps en Argentine avec des rafales de vent exceptionnelles qui peuvent entra\u00eener un avion arr\u00eat\u00e9 sur la piste et tout bouleverser. [\u2026]<\/p>","protected":false},"author":4,"featured_media":12715,"comment_status":"open","ping_status":"open","sticky":false,"template":"","format":"standard","meta":{"MSN_Categories":"Uncategorized","MSN_Publish_Option":false,"MSN_Is_Local_News":false,"MSN_Is_AIAC_Included":"Empty","MSN_Location":"[]","MSN_Add_Feature_Img_On_Top_Of_Post":false,"MSN_Has_Custom_Author":false,"MSN_Custom_Author":"","MSN_Has_Custom_Canonical_Url":false,"MSN_Custom_Canonical_Url":"","footnotes":""},"categories":[9],"tags":[306],"class_list":["post-12714","post","type-post","status-publish","format-standard","has-post-thumbnail","hentry","category-mondo","tag-aereo"],"acf":[],"yoast_head":"<!-- This site is optimized with the Yoast SEO Premium plugin v26.7 (Yoast SEO v26.7) - https:\/\/yoast.com\/wordpress\/plugins\/seo\/ -->\n<title>Argentina, raffiche di vento trascina aereo che spacca tutto<\/title>\n<meta name=\"description\" content=\"Maltempo in Argentina con raffiche di vento eccezionali che arrivano a trascinare un aereo fermo in pista che travolge tutto.\" \/>\n<meta name=\"robots\" content=\"index, follow, max-snippet:-1, max-image-preview:large, max-video-preview:-1\" \/>\n<link rel=\"canonical\" href=\"https:\/\/newsvirali.it\/fr\/2023\/12\/18\/argentine-des-rafales-de-vent-entrainent-un-avion-et-cassent-tout\/\" \/>\n<meta property=\"og:locale\" content=\"fr_FR\" \/>\n<meta property=\"og:type\" content=\"article\" \/>\n<meta property=\"og:title\" content=\"Argentina, raffiche di vento trascina aereo che spacca tutto\" \/>\n<meta property=\"og:description\" content=\"Maltempo in Argentina con raffiche di vento eccezionali che arrivano a trascinare un aereo fermo in pista che travolge tutto.\" \/>\n<meta property=\"og:url\" content=\"https:\/\/newsvirali.it\/fr\/2023\/12\/18\/argentine-des-rafales-de-vent-entrainent-un-avion-et-cassent-tout\/\" \/>\n<meta property=\"og:site_name\" content=\"News virali\" \/>\n<meta property=\"article:published_time\" content=\"2023-12-18T10:28:43+00:00\" \/>\n<meta property=\"article:modified_time\" content=\"2024-05-02T20:01:24+00:00\" \/>\n<meta property=\"og:image\" content=\"https:\/\/newsvirali.it\/wp-content\/uploads\/2023\/12\/MixCollage-18-Dec-2023-11-24-AM-5806.jpg\" \/>\n\t<meta property=\"og:image:width\" content=\"2560\" \/>\n\t<meta property=\"og:image:height\" content=\"1440\" \/>\n\t<meta property=\"og:image:type\" content=\"image\/jpeg\" \/>\n<meta name=\"author\" content=\"Cecco Prestina\" \/>\n<meta name=\"twitter:card\" content=\"summary_large_image\" \/>\n<meta name=\"twitter:label1\" content=\"\u00c9crit par\" \/>\n\t<meta name=\"twitter:data1\" content=\"Cecco Prestina\" \/>\n\t<meta name=\"twitter:label2\" content=\"Dur\u00e9e de lecture estim\u00e9e\" \/>\n\t<meta name=\"twitter:data2\" content=\"2 minutes\" \/>\n<script type=\"application\/ld+json\" class=\"yoast-schema-graph\">{\"@context\":\"https:\/\/schema.org\",\"@graph\":[{\"@type\":\"NewsArticle\",\"@id\":\"https:\/\/newsvirali.it\/2023\/12\/18\/argentina-raffiche-vento-trascina-aereo-spacca-tutto\/#article\",\"isPartOf\":{\"@id\":\"https:\/\/newsvirali.it\/2023\/12\/18\/argentina-raffiche-vento-trascina-aereo-spacca-tutto\/\"},\"author\":{\"name\":\"Cecco Prestina\",\"@id\":\"https:\/\/newsvirali.it\/fr\/#\/schema\/person\/4c835f7b49c9adb58b33901ee816565d\"},\"headline\":\"Argentina, raffiche di vento trascina aereo che spacca tutto\",\"datePublished\":\"2023-12-18T10:28:43+00:00\",\"dateModified\":\"2024-05-02T20:01:24+00:00\",\"mainEntityOfPage\":{\"@id\":\"https:\/\/newsvirali.it\/2023\/12\/18\/argentina-raffiche-vento-trascina-aereo-spacca-tutto\/\"},\"wordCount\":398,\"commentCount\":0,\"image\":{\"@id\":\"https:\/\/newsvirali.it\/2023\/12\/18\/argentina-raffiche-vento-trascina-aereo-spacca-tutto\/#primaryimage\"},\"thumbnailUrl\":\"https:\/\/newsvirali.it\/wp-content\/uploads\/2023\/12\/MixCollage-18-Dec-2023-11-24-AM-5806.jpg\",\"keywords\":[\"aereo\"],\"articleSection\":[\"Mondo\"],\"inLanguage\":\"fr-FR\",\"potentialAction\":[{\"@type\":\"CommentAction\",\"name\":\"Comment\",\"target\":[\"https:\/\/newsvirali.it\/2023\/12\/18\/argentina-raffiche-vento-trascina-aereo-spacca-tutto\/#respond\"]}],\"copyrightYear\":\"2023\",\"copyrightHolder\":{\"@id\":\"https:\/\/newsvirali.it\/fr\/#organization\"}},{\"@type\":\"WebPage\",\"@id\":\"https:\/\/newsvirali.it\/2023\/12\/18\/argentina-raffiche-vento-trascina-aereo-spacca-tutto\/\",\"url\":\"https:\/\/newsvirali.it\/2023\/12\/18\/argentina-raffiche-vento-trascina-aereo-spacca-tutto\/\",\"name\":\"Argentina, raffiche di vento trascina aereo che spacca tutto\",\"isPartOf\":{\"@id\":\"https:\/\/newsvirali.it\/fr\/#website\"},\"primaryImageOfPage\":{\"@id\":\"https:\/\/newsvirali.it\/2023\/12\/18\/argentina-raffiche-vento-trascina-aereo-spacca-tutto\/#primaryimage\"},\"image\":{\"@id\":\"https:\/\/newsvirali.it\/2023\/12\/18\/argentina-raffiche-vento-trascina-aereo-spacca-tutto\/#primaryimage\"},\"thumbnailUrl\":\"https:\/\/newsvirali.it\/wp-content\/uploads\/2023\/12\/MixCollage-18-Dec-2023-11-24-AM-5806.jpg\",\"datePublished\":\"2023-12-18T10:28:43+00:00\",\"dateModified\":\"2024-05-02T20:01:24+00:00\",\"author\":{\"@id\":\"https:\/\/newsvirali.it\/fr\/#\/schema\/person\/4c835f7b49c9adb58b33901ee816565d\"},\"description\":\"Maltempo in Argentina con raffiche di vento eccezionali che arrivano a trascinare un aereo fermo in pista che travolge tutto.\",\"breadcrumb\":{\"@id\":\"https:\/\/newsvirali.it\/2023\/12\/18\/argentina-raffiche-vento-trascina-aereo-spacca-tutto\/#breadcrumb\"},\"inLanguage\":\"fr-FR\",\"potentialAction\":[{\"@type\":\"ReadAction\",\"target\":[\"https:\/\/newsvirali.it\/2023\/12\/18\/argentina-raffiche-vento-trascina-aereo-spacca-tutto\/\"]}]},{\"@type\":\"ImageObject\",\"inLanguage\":\"fr-FR\",\"@id\":\"https:\/\/newsvirali.it\/2023\/12\/18\/argentina-raffiche-vento-trascina-aereo-spacca-tutto\/#primaryimage\",\"url\":\"https:\/\/newsvirali.it\/wp-content\/uploads\/2023\/12\/MixCollage-18-Dec-2023-11-24-AM-5806.jpg\",\"contentUrl\":\"https:\/\/newsvirali.it\/wp-content\/uploads\/2023\/12\/MixCollage-18-Dec-2023-11-24-AM-5806.jpg\",\"width\":2560,\"height\":1440,\"caption\":\"Argentina, raffiche di vento trascina aereo che spacca tutto\"},{\"@type\":\"BreadcrumbList\",\"@id\":\"https:\/\/newsvirali.it\/2023\/12\/18\/argentina-raffiche-vento-trascina-aereo-spacca-tutto\/#breadcrumb\",\"itemListElement\":[{\"@type\":\"ListItem\",\"position\":1,\"name\":\"Home\",\"item\":\"https:\/\/newsvirali.it\/fr\/\"},{\"@type\":\"ListItem\",\"position\":2,\"name\":\"Argentina, raffiche di vento trascina aereo che spacca tutto\"}]},{\"@type\":\"WebSite\",\"@id\":\"https:\/\/newsvirali.it\/fr\/#website\",\"url\":\"https:\/\/newsvirali.it\/fr\/\",\"name\":\"Bake News\",\"description\":\"\",\"potentialAction\":[{\"@type\":\"SearchAction\",\"target\":{\"@type\":\"EntryPoint\",\"urlTemplate\":\"https:\/\/newsvirali.it\/fr\/?s={search_term_string}\"},\"query-input\":{\"@type\":\"PropertyValueSpecification\",\"valueRequired\":true,\"valueName\":\"search_term_string\"}}],\"inLanguage\":\"fr-FR\"},{\"@type\":\"Person\",\"@id\":\"https:\/\/newsvirali.it\/fr\/#\/schema\/person\/4c835f7b49c9adb58b33901ee816565d\",\"name\":\"Cecco Prestina\",\"description\":\"Perch\u00e9 nasconderlo? Cecco Prestina \u00e8 un alias, ma dietro di lui non si cela un algoritmo di intelligenza artificiale. C'\u00e8 un giornalista che ha oltre vent'anni di esperienza tutta sul web. Da quando il primo modem ha iniziato a gracchiare sul territorio italiano con Video on Line, Cecco ha capito che da quel doppino sarebbe passato il futuro. Ha dedidicato tutta la sua carriera a capire Internet e poi i social e ora l'Ai. Una carriera in costante aggiornamento. E questa esperienza la mette in campo ogni giorno. Per\u00f2 ogni tanto Cecco ha voglia anche di non scrivere \\\"pipponi\\\" sulla politica, sull'economia. Ha voglia anche di scrivere qualcosa di divertente. Le notizie che trovate su Bake News sono le stesse che Cecco porta all'aperitivo con gli amici. Quelle di cui discutere per farsi due risate. Notizie, vere (qualche volta si fa fatica a crederlo), strane, divertenti, ma anche serie. Bake News \u00e8 nato per questo, dare al pubblico notizie croccanti e calde come il pane che esce dal forno. E Cecco Prestina \u00e8 nato con Bake News.\",\"url\":\"https:\/\/newsvirali.it\/fr\/autore\/cecco-prestina\/\"}]}<\/script>\n<!-- \/ Yoast SEO Premium plugin. -->","yoast_head_json":{"title":"Argentina, raffiche di vento trascina aereo che spacca tutto","description":"Maltempo in Argentina con raffiche di vento eccezionali che arrivano a trascinare un aereo fermo in pista che travolge tutto.","robots":{"index":"index","follow":"follow","max-snippet":"max-snippet:-1","max-image-preview":"max-image-preview:large","max-video-preview":"max-video-preview:-1"},"canonical":"https:\/\/newsvirali.it\/fr\/2023\/12\/18\/argentine-des-rafales-de-vent-entrainent-un-avion-et-cassent-tout\/","og_locale":"fr_FR","og_type":"article","og_title":"Argentina, raffiche di vento trascina aereo che spacca tutto","og_description":"Maltempo in Argentina con raffiche di vento eccezionali che arrivano a trascinare un aereo fermo in pista che travolge tutto.","og_url":"https:\/\/newsvirali.it\/fr\/2023\/12\/18\/argentine-des-rafales-de-vent-entrainent-un-avion-et-cassent-tout\/","og_site_name":"News virali","article_published_time":"2023-12-18T10:28:43+00:00","article_modified_time":"2024-05-02T20:01:24+00:00","og_image":[{"width":2560,"height":1440,"url":"https:\/\/newsvirali.it\/wp-content\/uploads\/2023\/12\/MixCollage-18-Dec-2023-11-24-AM-5806.jpg","type":"image\/jpeg"}],"author":"Cecco Prestina","twitter_card":"summary_large_image","twitter_misc":{"\u00c9crit par":"Cecco Prestina","Dur\u00e9e de lecture estim\u00e9e":"2 minutes"},"schema":{"@context":"https:\/\/schema.org","@graph":[{"@type":"NewsArticle","@id":"https:\/\/newsvirali.it\/2023\/12\/18\/argentina-raffiche-vento-trascina-aereo-spacca-tutto\/#article","isPartOf":{"@id":"https:\/\/newsvirali.it\/2023\/12\/18\/argentina-raffiche-vento-trascina-aereo-spacca-tutto\/"},"author":{"name":"Cecco Prestina","@id":"https:\/\/newsvirali.it\/fr\/#\/schema\/person\/4c835f7b49c9adb58b33901ee816565d"},"headline":"Argentina, raffiche di vento trascina aereo che spacca tutto","datePublished":"2023-12-18T10:28:43+00:00","dateModified":"2024-05-02T20:01:24+00:00","mainEntityOfPage":{"@id":"https:\/\/newsvirali.it\/2023\/12\/18\/argentina-raffiche-vento-trascina-aereo-spacca-tutto\/"},"wordCount":398,"commentCount":0,"image":{"@id":"https:\/\/newsvirali.it\/2023\/12\/18\/argentina-raffiche-vento-trascina-aereo-spacca-tutto\/#primaryimage"},"thumbnailUrl":"https:\/\/newsvirali.it\/wp-content\/uploads\/2023\/12\/MixCollage-18-Dec-2023-11-24-AM-5806.jpg","keywords":["aereo"],"articleSection":["Mondo"],"inLanguage":"fr-FR","potentialAction":[{"@type":"CommentAction","name":"Comment","target":["https:\/\/newsvirali.it\/2023\/12\/18\/argentina-raffiche-vento-trascina-aereo-spacca-tutto\/#respond"]}],"copyrightYear":"2023","copyrightHolder":{"@id":"https:\/\/newsvirali.it\/fr\/#organization"}},{"@type":"WebPage","@id":"https:\/\/newsvirali.it\/2023\/12\/18\/argentina-raffiche-vento-trascina-aereo-spacca-tutto\/","url":"https:\/\/newsvirali.it\/2023\/12\/18\/argentina-raffiche-vento-trascina-aereo-spacca-tutto\/","name":"Argentina, raffiche di vento trascina aereo che spacca tutto","isPartOf":{"@id":"https:\/\/newsvirali.it\/fr\/#website"},"primaryImageOfPage":{"@id":"https:\/\/newsvirali.it\/2023\/12\/18\/argentina-raffiche-vento-trascina-aereo-spacca-tutto\/#primaryimage"},"image":{"@id":"https:\/\/newsvirali.it\/2023\/12\/18\/argentina-raffiche-vento-trascina-aereo-spacca-tutto\/#primaryimage"},"thumbnailUrl":"https:\/\/newsvirali.it\/wp-content\/uploads\/2023\/12\/MixCollage-18-Dec-2023-11-24-AM-5806.jpg","datePublished":"2023-12-18T10:28:43+00:00","dateModified":"2024-05-02T20:01:24+00:00","author":{"@id":"https:\/\/newsvirali.it\/fr\/#\/schema\/person\/4c835f7b49c9adb58b33901ee816565d"},"description":"Maltempo in Argentina con raffiche di vento eccezionali che arrivano a trascinare un aereo fermo in pista che travolge tutto.","breadcrumb":{"@id":"https:\/\/newsvirali.it\/2023\/12\/18\/argentina-raffiche-vento-trascina-aereo-spacca-tutto\/#breadcrumb"},"inLanguage":"fr-FR","potentialAction":[{"@type":"ReadAction","target":["https:\/\/newsvirali.it\/2023\/12\/18\/argentina-raffiche-vento-trascina-aereo-spacca-tutto\/"]}]},{"@type":"ImageObject","inLanguage":"fr-FR","@id":"https:\/\/newsvirali.it\/2023\/12\/18\/argentina-raffiche-vento-trascina-aereo-spacca-tutto\/#primaryimage","url":"https:\/\/newsvirali.it\/wp-content\/uploads\/2023\/12\/MixCollage-18-Dec-2023-11-24-AM-5806.jpg","contentUrl":"https:\/\/newsvirali.it\/wp-content\/uploads\/2023\/12\/MixCollage-18-Dec-2023-11-24-AM-5806.jpg","width":2560,"height":1440,"caption":"Argentina, raffiche di vento trascina aereo che spacca tutto"},{"@type":"BreadcrumbList","@id":"https:\/\/newsvirali.it\/2023\/12\/18\/argentina-raffiche-vento-trascina-aereo-spacca-tutto\/#breadcrumb","itemListElement":[{"@type":"ListItem","position":1,"name":"Home","item":"https:\/\/newsvirali.it\/fr\/"},{"@type":"ListItem","position":2,"name":"Argentina, raffiche di vento trascina aereo che spacca tutto"}]},{"@type":"WebSite","@id":"https:\/\/newsvirali.it\/fr\/#website","url":"https:\/\/newsvirali.it\/fr\/","name":"Bake News","description":"","potentialAction":[{"@type":"SearchAction","target":{"@type":"EntryPoint","urlTemplate":"https:\/\/newsvirali.it\/fr\/?s={search_term_string}"},"query-input":{"@type":"PropertyValueSpecification","valueRequired":true,"valueName":"search_term_string"}}],"inLanguage":"fr-FR"},{"@type":"Person","@id":"https:\/\/newsvirali.it\/fr\/#\/schema\/person\/4c835f7b49c9adb58b33901ee816565d","name":"Cecco Prestina","description":"Perch\u00e9 nasconderlo? Cecco Prestina \u00e8 un alias, ma dietro di lui non si cela un algoritmo di intelligenza artificiale. C'\u00e8 un giornalista che ha oltre vent'anni di esperienza tutta sul web. Da quando il primo modem ha iniziato a gracchiare sul territorio italiano con Video on Line, Cecco ha capito che da quel doppino sarebbe passato il futuro. Ha dedidicato tutta la sua carriera a capire Internet e poi i social e ora l'Ai. Una carriera in costante aggiornamento. E questa esperienza la mette in campo ogni giorno. Per\u00f2 ogni tanto Cecco ha voglia anche di non scrivere \"pipponi\" sulla politica, sull'economia. Ha voglia anche di scrivere qualcosa di divertente. Le notizie che trovate su Bake News sono le stesse che Cecco porta all'aperitivo con gli amici. Quelle di cui discutere per farsi due risate. Notizie, vere (qualche volta si fa fatica a crederlo), strane, divertenti, ma anche serie. Bake News \u00e8 nato per questo, dare al pubblico notizie croccanti e calde come il pane che esce dal forno. E Cecco Prestina \u00e8 nato con Bake News.","url":"https:\/\/newsvirali.it\/fr\/autore\/cecco-prestina\/"}]}},"_links":{"self":[{"href":"https:\/\/newsvirali.it\/fr\/wp-json\/wp\/v2\/posts\/12714","targetHints":{"allow":["GET"]}}],"collection":[{"href":"https:\/\/newsvirali.it\/fr\/wp-json\/wp\/v2\/posts"}],"about":[{"href":"https:\/\/newsvirali.it\/fr\/wp-json\/wp\/v2\/types\/post"}],"author":[{"embeddable":true,"href":"https:\/\/newsvirali.it\/fr\/wp-json\/wp\/v2\/users\/4"}],"replies":[{"embeddable":true,"href":"https:\/\/newsvirali.it\/fr\/wp-json\/wp\/v2\/comments?post=12714"}],"version-history":[{"count":4,"href":"https:\/\/newsvirali.it\/fr\/wp-json\/wp\/v2\/posts\/12714\/revisions"}],"predecessor-version":[{"id":12738,"href":"https:\/\/newsvirali.it\/fr\/wp-json\/wp\/v2\/posts\/12714\/revisions\/12738"}],"wp:featuredmedia":[{"embeddable":true,"href":"https:\/\/newsvirali.it\/fr\/wp-json\/wp\/v2\/media\/12715"}],"wp:attachment":[{"href":"https:\/\/newsvirali.it\/fr\/wp-json\/wp\/v2\/media?parent=12714"}],"wp:term":[{"taxonomy":"category","embeddable":true,"href":"https:\/\/newsvirali.it\/fr\/wp-json\/wp\/v2\/categories?post=12714"},{"taxonomy":"post_tag","embeddable":true,"href":"https:\/\/newsvirali.it\/fr\/wp-json\/wp\/v2\/tags?post=12714"}],"curies":[{"name":"wp","href":"https:\/\/api.w.org\/{rel}","templated":true}]}}