{"id":12706,"date":"2023-12-17T11:39:00","date_gmt":"2023-12-17T10:39:00","guid":{"rendered":"https:\/\/www.bakenews.it\/?p=12706"},"modified":"2023-12-17T00:47:57","modified_gmt":"2023-12-16T23:47:57","slug":"altro-incidente-nellhockey-11enne-colpito-al-collo-da-disco-morto","status":"publish","type":"post","link":"https:\/\/newsvirali.it\/fr\/2023\/12\/17\/un-autre-accident-de-hockey-un-enfant-de-11-ans-frappe-au-cou-par-une-rondelle-morte\/","title":{"rendered":"Nouvel accident de hockey, un jeune de 11 ans touch\u00e9 au cou par une rondelle : mort"},"content":{"rendered":"<p>Un gar\u00e7on canadien du Qu\u00e9bec est d\u00e9c\u00e9d\u00e9 apr\u00e8s avoir \u00e9t\u00e9 touch\u00e9 au cou par une rondelle lors d&#039;un entra\u00eenement de hockey sur glace. Le jeune de 11 ans, dont le nom n&#039;a pas \u00e9t\u00e9 rendu public, a \u00e9t\u00e9 touch\u00e9 par la rondelle \u00ab alors qu&#039;il pratiquait un exercice physique r\u00e9gulier \u00bb, a annonc\u00e9 la police de Saint-Eustache. Le gar\u00e7on a pass\u00e9 une grande partie de la semaine en soins intensifs avant de mourir tragiquement vendredi, ont indiqu\u00e9 les autorit\u00e9s.<\/p>\n\n\n\n<p><strong>LIRE AUSSI<\/strong><\/p>\n\n\n\n<ul class=\"wp-block-list\">\n<li><a href=\"https:\/\/www.bakenews.it\/giocatrice-hockey-rompe-collo-paralizzata\/\">Une joueuse de hockey se casse le cou en comp\u00e9tition : paralys\u00e9e<\/a><\/li>\n\n\n\n<li><a href=\"https:\/\/www.bakenews.it\/giocatore-di-hockey-muore-durante-partita-il-video-shock-della-tragedia\/\">Un joueur de hockey meurt pendant un match : la vid\u00e9o choc du drame<\/a><\/li>\n\n\n\n<li><a href=\"https:\/\/www.bakenews.it\/il-wrestler-rey-mysterio-rischia-di-morire-sul-ring-salvato-da-logan-paul\/\">Le lutteur Rey Mysterio risque de mourir sur le ring : sauv\u00e9 par Logan Paul<\/a><\/li>\n<\/ul>\n\n\n\n<p>Les premiers intervenants ont d&#039;abord \u00e9t\u00e9 appel\u00e9s au Complexe Walter-Buswell, en banlieue de Montr\u00e9al, a rapport\u00e9 la BBC. Le gar\u00e7on portait des v\u00eatements de protection, dont une minerve, au moment de l&#039;incident, a ajout\u00e9 le m\u00e9dia. La communaut\u00e9 locale du hockey a \u00e9t\u00e9 \u00ab profond\u00e9ment attrist\u00e9e \u00bb par l&#039;incident, a d\u00e9clar\u00e9 l&#039;Association de hockey mineur de Saint-Eustache, selon CTV News.<\/p>\n\n\n\n<p>\u00abJe rends hommage \u00e0 la solidarit\u00e9 manifest\u00e9e par beaucoup en ces jours extr\u00eamement \u00e9mouvants. Enfin et surtout, j&#039;offre mes plus sinc\u00e8res condol\u00e9ances \u00e0 sa famille et \u00e0 ses proches\u00bb, a ajout\u00e9 Jean-Philippe Labr\u00e8che, pr\u00e9sident de l&#039;association. La ministre qu\u00e9b\u00e9coise des Sports, Isabelle Charest, a qualifi\u00e9 la trag\u00e9die de \u00ab tristesse muette \u00bb, a d\u00e9clar\u00e9 la BBC. La mort du gar\u00e7on survient six semaines seulement apr\u00e8s celle de l&#039;ancien joueur de la LNH. <a href=\"https:\/\/www.bakenews.it\/giocatore-di-hockey-muore-durante-partita-il-video-shock-della-tragedia\/\">Adam Johnson est d\u00e9c\u00e9d\u00e9 des suites d&#039;un coup de patin anormal au cou<\/a>.<\/p>\n\n\n\n<p><strong>LIRE LES AUTRES NOUVELLES DU MONDE<\/strong><\/p>\n\n\n<ul class=\"wp-block-latest-posts__list wp-block-latest-posts\"><li><a class=\"wp-block-latest-posts__post-title\" href=\"https:\/\/newsvirali.it\/fr\/2026\/02\/12\/emma-amit-crabe-du-diable-mort\/\">La vlogueuse Emma Amit d\u00e9c\u00e8de apr\u00e8s avoir consomm\u00e9 du crabe du diable toxique<\/a><\/li>\n<li><a class=\"wp-block-latest-posts__post-title\" href=\"https:\/\/newsvirali.it\/fr\/2026\/02\/05\/suicide-des-trois-soeurs-en-inde\/\">Des parents confisquent les t\u00e9l\u00e9phones portables de trois s\u0153urs qui jouent excessivement aux jeux vid\u00e9o\u00a0: trois s\u0153urs se suicident<\/a><\/li>\n<li><a class=\"wp-block-latest-posts__post-title\" href=\"https:\/\/newsvirali.it\/fr\/2026\/01\/30\/arrestation-dans-un-complexe-hotelier-de-floride-pour-actes-obscenes\/\">Un h\u00f4tel de Floride fait sensation : un homme arr\u00eat\u00e9 pour exhibitionnisme avec un aspirateur<\/a><\/li>\n<li><a class=\"wp-block-latest-posts__post-title\" href=\"https:\/\/newsvirali.it\/fr\/2026\/01\/28\/un-pere-ivre-pend-son-fils-dans-une-video-choquante\/\">Un p\u00e8re ivre pend son fils par la fen\u00eatre : vid\u00e9o choquante<\/a><\/li>\n<li><a class=\"wp-block-latest-posts__post-title\" href=\"https:\/\/newsvirali.it\/fr\/2026\/01\/27\/une-enseignante-enceinte-et-un-eleve-de-13-ans\/\">Une enseignante admet \u00eatre tomb\u00e9e enceinte d&#039;un \u00e9l\u00e8ve de 13 ans<\/a><\/li>\n<\/ul><br \/>Suivez-nous \u00e9galement sur Google News : <b><a href=\"https:\/\/news.google.com\/publications\/CAAqBwgKMNqJiwswjMfqAg?hl=it&gl=IT&ceid=IT:it\" target=\"_blank\">Cliquez ici<\/a><\/b>","protected":false},"excerpt":{"rendered":"<p>Un gar\u00e7on canadien du Qu\u00e9bec est d\u00e9c\u00e9d\u00e9 apr\u00e8s avoir \u00e9t\u00e9 touch\u00e9 au cou par une rondelle pendant [\u2026]<\/p>","protected":false},"author":4,"featured_media":12707,"comment_status":"open","ping_status":"open","sticky":false,"template":"","format":"standard","meta":{"MSN_Categories":"Uncategorized","MSN_Publish_Option":false,"MSN_Is_Local_News":false,"MSN_Is_AIAC_Included":"Empty","MSN_Location":"[]","MSN_Add_Feature_Img_On_Top_Of_Post":false,"MSN_Has_Custom_Author":false,"MSN_Custom_Author":"","MSN_Has_Custom_Canonical_Url":false,"MSN_Custom_Canonical_Url":"","footnotes":""},"categories":[9],"tags":[],"class_list":["post-12706","post","type-post","status-publish","format-standard","has-post-thumbnail","hentry","category-mondo"],"acf":[],"yoast_head":"<!-- This site is optimized with the Yoast SEO Premium plugin v26.7 (Yoast SEO v26.7) - https:\/\/yoast.com\/wordpress\/plugins\/seo\/ -->\n<title>Incidente nell&#039;hockey, 11enne colpito al collo da disco: morto<\/title>\n<meta name=\"description\" content=\"Un ragazzino canadese del Qu\u00e9bec \u00e8 morto dopo essere stato colpito al collo da un disco durante un allenamento di hockey sul ghiaccio.\" \/>\n<meta name=\"robots\" content=\"index, follow, max-snippet:-1, max-image-preview:large, max-video-preview:-1\" \/>\n<link rel=\"canonical\" href=\"http:\/\/newsvirali.it\/fr\/2023\/12\/17\/otro-accidente-de-hockey-un-nino-de-11-anos-fue-golpeado-en-el-cuello-por-un-disco-muerto\/\" \/>\n<meta property=\"og:locale\" content=\"fr_FR\" \/>\n<meta property=\"og:type\" content=\"article\" \/>\n<meta property=\"og:title\" content=\"Altro incidente nell&#039;hockey, 11enne colpito al collo da disco: morto\" \/>\n<meta property=\"og:description\" content=\"Un ragazzino canadese del Qu\u00e9bec \u00e8 morto dopo essere stato colpito al collo da un disco durante un allenamento di hockey sul ghiaccio.\" \/>\n<meta property=\"og:url\" content=\"http:\/\/newsvirali.it\/fr\/2023\/12\/17\/otro-accidente-de-hockey-un-nino-de-11-anos-fue-golpeado-en-el-cuello-por-un-disco-muerto\/\" \/>\n<meta property=\"og:site_name\" content=\"News virali\" \/>\n<meta property=\"article:published_time\" content=\"2023-12-17T10:39:00+00:00\" \/>\n<meta property=\"og:image\" content=\"https:\/\/newsvirali.it\/wp-content\/uploads\/2023\/12\/gerhard-crous-doivHPaG-Vw-unsplash-scaled.jpg\" \/>\n\t<meta property=\"og:image:width\" content=\"2560\" \/>\n\t<meta property=\"og:image:height\" content=\"1706\" \/>\n\t<meta property=\"og:image:type\" content=\"image\/jpeg\" \/>\n<meta name=\"author\" content=\"Cecco Prestina\" \/>\n<meta name=\"twitter:card\" content=\"summary_large_image\" \/>\n<meta name=\"twitter:label1\" content=\"\u00c9crit par\" \/>\n\t<meta name=\"twitter:data1\" content=\"Cecco Prestina\" \/>\n\t<meta name=\"twitter:label2\" content=\"Dur\u00e9e de lecture estim\u00e9e\" \/>\n\t<meta name=\"twitter:data2\" content=\"2 minutes\" \/>\n<script type=\"application\/ld+json\" class=\"yoast-schema-graph\">{\"@context\":\"https:\/\/schema.org\",\"@graph\":[{\"@type\":\"NewsArticle\",\"@id\":\"http:\/\/newsvirali.it\/es\/2023\/12\/17\/otro-accidente-de-hockey-un-nino-de-11-anos-fue-golpeado-en-el-cuello-por-un-disco-muerto\/#article\",\"isPartOf\":{\"@id\":\"http:\/\/newsvirali.it\/es\/2023\/12\/17\/otro-accidente-de-hockey-un-nino-de-11-anos-fue-golpeado-en-el-cuello-por-un-disco-muerto\/\"},\"author\":{\"name\":\"Cecco Prestina\",\"@id\":\"https:\/\/newsvirali.it\/fr\/#\/schema\/person\/4c835f7b49c9adb58b33901ee816565d\"},\"headline\":\"Altro incidente nell&#8217;hockey, 11enne colpito al collo da disco: morto\",\"datePublished\":\"2023-12-17T10:39:00+00:00\",\"mainEntityOfPage\":{\"@id\":\"http:\/\/newsvirali.it\/es\/2023\/12\/17\/otro-accidente-de-hockey-un-nino-de-11-anos-fue-golpeado-en-el-cuello-por-un-disco-muerto\/\"},\"wordCount\":261,\"commentCount\":0,\"image\":{\"@id\":\"http:\/\/newsvirali.it\/es\/2023\/12\/17\/otro-accidente-de-hockey-un-nino-de-11-anos-fue-golpeado-en-el-cuello-por-un-disco-muerto\/#primaryimage\"},\"thumbnailUrl\":\"https:\/\/newsvirali.it\/wp-content\/uploads\/2023\/12\/gerhard-crous-doivHPaG-Vw-unsplash-scaled.jpg\",\"articleSection\":[\"Mondo\"],\"inLanguage\":\"fr-FR\",\"potentialAction\":[{\"@type\":\"CommentAction\",\"name\":\"Comment\",\"target\":[\"http:\/\/newsvirali.it\/es\/2023\/12\/17\/otro-accidente-de-hockey-un-nino-de-11-anos-fue-golpeado-en-el-cuello-por-un-disco-muerto\/#respond\"]}],\"copyrightYear\":\"2023\",\"copyrightHolder\":{\"@id\":\"https:\/\/newsvirali.it\/fr\/#organization\"}},{\"@type\":\"WebPage\",\"@id\":\"http:\/\/newsvirali.it\/es\/2023\/12\/17\/otro-accidente-de-hockey-un-nino-de-11-anos-fue-golpeado-en-el-cuello-por-un-disco-muerto\/\",\"url\":\"http:\/\/newsvirali.it\/es\/2023\/12\/17\/otro-accidente-de-hockey-un-nino-de-11-anos-fue-golpeado-en-el-cuello-por-un-disco-muerto\/\",\"name\":\"Incidente nell'hockey, 11enne colpito al collo da disco: morto\",\"isPartOf\":{\"@id\":\"https:\/\/newsvirali.it\/fr\/#website\"},\"primaryImageOfPage\":{\"@id\":\"http:\/\/newsvirali.it\/es\/2023\/12\/17\/otro-accidente-de-hockey-un-nino-de-11-anos-fue-golpeado-en-el-cuello-por-un-disco-muerto\/#primaryimage\"},\"image\":{\"@id\":\"http:\/\/newsvirali.it\/es\/2023\/12\/17\/otro-accidente-de-hockey-un-nino-de-11-anos-fue-golpeado-en-el-cuello-por-un-disco-muerto\/#primaryimage\"},\"thumbnailUrl\":\"https:\/\/newsvirali.it\/wp-content\/uploads\/2023\/12\/gerhard-crous-doivHPaG-Vw-unsplash-scaled.jpg\",\"datePublished\":\"2023-12-17T10:39:00+00:00\",\"author\":{\"@id\":\"https:\/\/newsvirali.it\/fr\/#\/schema\/person\/4c835f7b49c9adb58b33901ee816565d\"},\"description\":\"Un ragazzino canadese del Qu\u00e9bec \u00e8 morto dopo essere stato colpito al collo da un disco durante un allenamento di hockey sul ghiaccio.\",\"breadcrumb\":{\"@id\":\"http:\/\/newsvirali.it\/es\/2023\/12\/17\/otro-accidente-de-hockey-un-nino-de-11-anos-fue-golpeado-en-el-cuello-por-un-disco-muerto\/#breadcrumb\"},\"inLanguage\":\"fr-FR\",\"potentialAction\":[{\"@type\":\"ReadAction\",\"target\":[\"http:\/\/newsvirali.it\/es\/2023\/12\/17\/otro-accidente-de-hockey-un-nino-de-11-anos-fue-golpeado-en-el-cuello-por-un-disco-muerto\/\"]}]},{\"@type\":\"ImageObject\",\"inLanguage\":\"fr-FR\",\"@id\":\"http:\/\/newsvirali.it\/es\/2023\/12\/17\/otro-accidente-de-hockey-un-nino-de-11-anos-fue-golpeado-en-el-cuello-por-un-disco-muerto\/#primaryimage\",\"url\":\"https:\/\/newsvirali.it\/wp-content\/uploads\/2023\/12\/gerhard-crous-doivHPaG-Vw-unsplash-scaled.jpg\",\"contentUrl\":\"https:\/\/newsvirali.it\/wp-content\/uploads\/2023\/12\/gerhard-crous-doivHPaG-Vw-unsplash-scaled.jpg\",\"width\":2560,\"height\":1706,\"caption\":\"Altro incidente mortale nell'hockey, 11enne colpito al collo da disco: morto\"},{\"@type\":\"BreadcrumbList\",\"@id\":\"http:\/\/newsvirali.it\/es\/2023\/12\/17\/otro-accidente-de-hockey-un-nino-de-11-anos-fue-golpeado-en-el-cuello-por-un-disco-muerto\/#breadcrumb\",\"itemListElement\":[{\"@type\":\"ListItem\",\"position\":1,\"name\":\"Home\",\"item\":\"https:\/\/newsvirali.it\/fr\/\"},{\"@type\":\"ListItem\",\"position\":2,\"name\":\"Altro incidente nell&#8217;hockey, 11enne colpito al collo da disco: morto\"}]},{\"@type\":\"WebSite\",\"@id\":\"https:\/\/newsvirali.it\/fr\/#website\",\"url\":\"https:\/\/newsvirali.it\/fr\/\",\"name\":\"Bake News\",\"description\":\"\",\"potentialAction\":[{\"@type\":\"SearchAction\",\"target\":{\"@type\":\"EntryPoint\",\"urlTemplate\":\"https:\/\/newsvirali.it\/fr\/?s={search_term_string}\"},\"query-input\":{\"@type\":\"PropertyValueSpecification\",\"valueRequired\":true,\"valueName\":\"search_term_string\"}}],\"inLanguage\":\"fr-FR\"},{\"@type\":\"Person\",\"@id\":\"https:\/\/newsvirali.it\/fr\/#\/schema\/person\/4c835f7b49c9adb58b33901ee816565d\",\"name\":\"Cecco Prestina\",\"description\":\"Perch\u00e9 nasconderlo? Cecco Prestina \u00e8 un alias, ma dietro di lui non si cela un algoritmo di intelligenza artificiale. C'\u00e8 un giornalista che ha oltre vent'anni di esperienza tutta sul web. Da quando il primo modem ha iniziato a gracchiare sul territorio italiano con Video on Line, Cecco ha capito che da quel doppino sarebbe passato il futuro. Ha dedidicato tutta la sua carriera a capire Internet e poi i social e ora l'Ai. Una carriera in costante aggiornamento. E questa esperienza la mette in campo ogni giorno. Per\u00f2 ogni tanto Cecco ha voglia anche di non scrivere \\\"pipponi\\\" sulla politica, sull'economia. Ha voglia anche di scrivere qualcosa di divertente. Le notizie che trovate su Bake News sono le stesse che Cecco porta all'aperitivo con gli amici. Quelle di cui discutere per farsi due risate. Notizie, vere (qualche volta si fa fatica a crederlo), strane, divertenti, ma anche serie. Bake News \u00e8 nato per questo, dare al pubblico notizie croccanti e calde come il pane che esce dal forno. E Cecco Prestina \u00e8 nato con Bake News.\",\"url\":\"https:\/\/newsvirali.it\/fr\/autore\/cecco-prestina\/\"}]}<\/script>\n<!-- \/ Yoast SEO Premium plugin. -->","yoast_head_json":{"title":"Incidente nell'hockey, 11enne colpito al collo da disco: morto","description":"Un ragazzino canadese del Qu\u00e9bec \u00e8 morto dopo essere stato colpito al collo da un disco durante un allenamento di hockey sul ghiaccio.","robots":{"index":"index","follow":"follow","max-snippet":"max-snippet:-1","max-image-preview":"max-image-preview:large","max-video-preview":"max-video-preview:-1"},"canonical":"http:\/\/newsvirali.it\/fr\/2023\/12\/17\/otro-accidente-de-hockey-un-nino-de-11-anos-fue-golpeado-en-el-cuello-por-un-disco-muerto\/","og_locale":"fr_FR","og_type":"article","og_title":"Altro incidente nell'hockey, 11enne colpito al collo da disco: morto","og_description":"Un ragazzino canadese del Qu\u00e9bec \u00e8 morto dopo essere stato colpito al collo da un disco durante un allenamento di hockey sul ghiaccio.","og_url":"http:\/\/newsvirali.it\/fr\/2023\/12\/17\/otro-accidente-de-hockey-un-nino-de-11-anos-fue-golpeado-en-el-cuello-por-un-disco-muerto\/","og_site_name":"News virali","article_published_time":"2023-12-17T10:39:00+00:00","og_image":[{"width":2560,"height":1706,"url":"https:\/\/newsvirali.it\/wp-content\/uploads\/2023\/12\/gerhard-crous-doivHPaG-Vw-unsplash-scaled.jpg","type":"image\/jpeg"}],"author":"Cecco Prestina","twitter_card":"summary_large_image","twitter_misc":{"\u00c9crit par":"Cecco Prestina","Dur\u00e9e de lecture estim\u00e9e":"2 minutes"},"schema":{"@context":"https:\/\/schema.org","@graph":[{"@type":"NewsArticle","@id":"http:\/\/newsvirali.it\/es\/2023\/12\/17\/otro-accidente-de-hockey-un-nino-de-11-anos-fue-golpeado-en-el-cuello-por-un-disco-muerto\/#article","isPartOf":{"@id":"http:\/\/newsvirali.it\/es\/2023\/12\/17\/otro-accidente-de-hockey-un-nino-de-11-anos-fue-golpeado-en-el-cuello-por-un-disco-muerto\/"},"author":{"name":"Cecco Prestina","@id":"https:\/\/newsvirali.it\/fr\/#\/schema\/person\/4c835f7b49c9adb58b33901ee816565d"},"headline":"Altro incidente nell&#8217;hockey, 11enne colpito al collo da disco: morto","datePublished":"2023-12-17T10:39:00+00:00","mainEntityOfPage":{"@id":"http:\/\/newsvirali.it\/es\/2023\/12\/17\/otro-accidente-de-hockey-un-nino-de-11-anos-fue-golpeado-en-el-cuello-por-un-disco-muerto\/"},"wordCount":261,"commentCount":0,"image":{"@id":"http:\/\/newsvirali.it\/es\/2023\/12\/17\/otro-accidente-de-hockey-un-nino-de-11-anos-fue-golpeado-en-el-cuello-por-un-disco-muerto\/#primaryimage"},"thumbnailUrl":"https:\/\/newsvirali.it\/wp-content\/uploads\/2023\/12\/gerhard-crous-doivHPaG-Vw-unsplash-scaled.jpg","articleSection":["Mondo"],"inLanguage":"fr-FR","potentialAction":[{"@type":"CommentAction","name":"Comment","target":["http:\/\/newsvirali.it\/es\/2023\/12\/17\/otro-accidente-de-hockey-un-nino-de-11-anos-fue-golpeado-en-el-cuello-por-un-disco-muerto\/#respond"]}],"copyrightYear":"2023","copyrightHolder":{"@id":"https:\/\/newsvirali.it\/fr\/#organization"}},{"@type":"WebPage","@id":"http:\/\/newsvirali.it\/es\/2023\/12\/17\/otro-accidente-de-hockey-un-nino-de-11-anos-fue-golpeado-en-el-cuello-por-un-disco-muerto\/","url":"http:\/\/newsvirali.it\/es\/2023\/12\/17\/otro-accidente-de-hockey-un-nino-de-11-anos-fue-golpeado-en-el-cuello-por-un-disco-muerto\/","name":"Incidente nell'hockey, 11enne colpito al collo da disco: morto","isPartOf":{"@id":"https:\/\/newsvirali.it\/fr\/#website"},"primaryImageOfPage":{"@id":"http:\/\/newsvirali.it\/es\/2023\/12\/17\/otro-accidente-de-hockey-un-nino-de-11-anos-fue-golpeado-en-el-cuello-por-un-disco-muerto\/#primaryimage"},"image":{"@id":"http:\/\/newsvirali.it\/es\/2023\/12\/17\/otro-accidente-de-hockey-un-nino-de-11-anos-fue-golpeado-en-el-cuello-por-un-disco-muerto\/#primaryimage"},"thumbnailUrl":"https:\/\/newsvirali.it\/wp-content\/uploads\/2023\/12\/gerhard-crous-doivHPaG-Vw-unsplash-scaled.jpg","datePublished":"2023-12-17T10:39:00+00:00","author":{"@id":"https:\/\/newsvirali.it\/fr\/#\/schema\/person\/4c835f7b49c9adb58b33901ee816565d"},"description":"Un ragazzino canadese del Qu\u00e9bec \u00e8 morto dopo essere stato colpito al collo da un disco durante un allenamento di hockey sul ghiaccio.","breadcrumb":{"@id":"http:\/\/newsvirali.it\/es\/2023\/12\/17\/otro-accidente-de-hockey-un-nino-de-11-anos-fue-golpeado-en-el-cuello-por-un-disco-muerto\/#breadcrumb"},"inLanguage":"fr-FR","potentialAction":[{"@type":"ReadAction","target":["http:\/\/newsvirali.it\/es\/2023\/12\/17\/otro-accidente-de-hockey-un-nino-de-11-anos-fue-golpeado-en-el-cuello-por-un-disco-muerto\/"]}]},{"@type":"ImageObject","inLanguage":"fr-FR","@id":"http:\/\/newsvirali.it\/es\/2023\/12\/17\/otro-accidente-de-hockey-un-nino-de-11-anos-fue-golpeado-en-el-cuello-por-un-disco-muerto\/#primaryimage","url":"https:\/\/newsvirali.it\/wp-content\/uploads\/2023\/12\/gerhard-crous-doivHPaG-Vw-unsplash-scaled.jpg","contentUrl":"https:\/\/newsvirali.it\/wp-content\/uploads\/2023\/12\/gerhard-crous-doivHPaG-Vw-unsplash-scaled.jpg","width":2560,"height":1706,"caption":"Altro incidente mortale nell'hockey, 11enne colpito al collo da disco: morto"},{"@type":"BreadcrumbList","@id":"http:\/\/newsvirali.it\/es\/2023\/12\/17\/otro-accidente-de-hockey-un-nino-de-11-anos-fue-golpeado-en-el-cuello-por-un-disco-muerto\/#breadcrumb","itemListElement":[{"@type":"ListItem","position":1,"name":"Home","item":"https:\/\/newsvirali.it\/fr\/"},{"@type":"ListItem","position":2,"name":"Altro incidente nell&#8217;hockey, 11enne colpito al collo da disco: morto"}]},{"@type":"WebSite","@id":"https:\/\/newsvirali.it\/fr\/#website","url":"https:\/\/newsvirali.it\/fr\/","name":"Bake News","description":"","potentialAction":[{"@type":"SearchAction","target":{"@type":"EntryPoint","urlTemplate":"https:\/\/newsvirali.it\/fr\/?s={search_term_string}"},"query-input":{"@type":"PropertyValueSpecification","valueRequired":true,"valueName":"search_term_string"}}],"inLanguage":"fr-FR"},{"@type":"Person","@id":"https:\/\/newsvirali.it\/fr\/#\/schema\/person\/4c835f7b49c9adb58b33901ee816565d","name":"Cecco Prestina","description":"Perch\u00e9 nasconderlo? Cecco Prestina \u00e8 un alias, ma dietro di lui non si cela un algoritmo di intelligenza artificiale. C'\u00e8 un giornalista che ha oltre vent'anni di esperienza tutta sul web. Da quando il primo modem ha iniziato a gracchiare sul territorio italiano con Video on Line, Cecco ha capito che da quel doppino sarebbe passato il futuro. Ha dedidicato tutta la sua carriera a capire Internet e poi i social e ora l'Ai. Una carriera in costante aggiornamento. E questa esperienza la mette in campo ogni giorno. Per\u00f2 ogni tanto Cecco ha voglia anche di non scrivere \"pipponi\" sulla politica, sull'economia. Ha voglia anche di scrivere qualcosa di divertente. Le notizie che trovate su Bake News sono le stesse che Cecco porta all'aperitivo con gli amici. Quelle di cui discutere per farsi due risate. Notizie, vere (qualche volta si fa fatica a crederlo), strane, divertenti, ma anche serie. Bake News \u00e8 nato per questo, dare al pubblico notizie croccanti e calde come il pane che esce dal forno. E Cecco Prestina \u00e8 nato con Bake News.","url":"https:\/\/newsvirali.it\/fr\/autore\/cecco-prestina\/"}]}},"_links":{"self":[{"href":"https:\/\/newsvirali.it\/fr\/wp-json\/wp\/v2\/posts\/12706","targetHints":{"allow":["GET"]}}],"collection":[{"href":"https:\/\/newsvirali.it\/fr\/wp-json\/wp\/v2\/posts"}],"about":[{"href":"https:\/\/newsvirali.it\/fr\/wp-json\/wp\/v2\/types\/post"}],"author":[{"embeddable":true,"href":"https:\/\/newsvirali.it\/fr\/wp-json\/wp\/v2\/users\/4"}],"replies":[{"embeddable":true,"href":"https:\/\/newsvirali.it\/fr\/wp-json\/wp\/v2\/comments?post=12706"}],"version-history":[{"count":1,"href":"https:\/\/newsvirali.it\/fr\/wp-json\/wp\/v2\/posts\/12706\/revisions"}],"predecessor-version":[{"id":12708,"href":"https:\/\/newsvirali.it\/fr\/wp-json\/wp\/v2\/posts\/12706\/revisions\/12708"}],"wp:featuredmedia":[{"embeddable":true,"href":"https:\/\/newsvirali.it\/fr\/wp-json\/wp\/v2\/media\/12707"}],"wp:attachment":[{"href":"https:\/\/newsvirali.it\/fr\/wp-json\/wp\/v2\/media?parent=12706"}],"wp:term":[{"taxonomy":"category","embeddable":true,"href":"https:\/\/newsvirali.it\/fr\/wp-json\/wp\/v2\/categories?post=12706"},{"taxonomy":"post_tag","embeddable":true,"href":"https:\/\/newsvirali.it\/fr\/wp-json\/wp\/v2\/tags?post=12706"}],"curies":[{"name":"wp","href":"https:\/\/api.w.org\/{rel}","templated":true}]}}