{"id":12448,"date":"2023-12-13T16:34:00","date_gmt":"2023-12-13T15:34:00","guid":{"rendered":"https:\/\/www.bakenews.it\/?p=12448"},"modified":"2023-12-13T16:34:01","modified_gmt":"2023-12-13T15:34:01","slug":"comico-americano-adescato-da-una-donna-sui-social-rapito-e-ucciso-in-colombia","status":"publish","type":"post","link":"https:\/\/newsvirali.it\/fr\/2023\/12\/13\/un-comedien-americain-attire-par-une-femme-sur-les-reseaux-sociaux-kidnappe-et-tue-en-colombie\/","title":{"rendered":"Un com\u00e9dien am\u00e9ricain attir\u00e9 par une femme sur les r\u00e9seaux sociaux kidnapp\u00e9 et tu\u00e9 en Colombie"},"content":{"rendered":"<p>Un com\u00e9dien et activiste am\u00e9ricain a \u00e9t\u00e9 kidnapp\u00e9 et poignard\u00e9 \u00e0 mort par un groupe d&#039;hommes apr\u00e8s \u00eatre sorti avec une femme rencontr\u00e9e en ligne alors qu&#039;il \u00e9tait en vacances en Colombie. <a href=\"https:\/\/www.facebook.com\/tougerxiong.hmongcomedian\/\" target=\"_blank\" rel=\"noreferrer noopener\">Tou Ger Xiong<\/a>, 50 ans, un Am\u00e9ricain d&#039;origine asiatique vivant au Minnesota, \u00e9tait en vacances dans ce pays d&#039;Am\u00e9rique du Sud lorsque sa disparition a eu lieu. Selon le m\u00e9decin l\u00e9giste, il aurait subi au moins douze coups de couteau. Xiong \u00e9tait arriv\u00e9 \u00e0 Medell\u00edn le 29 novembre avec l&#039;intention de passer les vacances de No\u00ebl avec sa famille, avant d&#039;entrer en contact avec une femme rencontr\u00e9e sur les r\u00e9seaux sociaux.<\/p>\n\n\n\n<p><strong>LIRE AUSSI<\/strong><\/p>\n\n\n\n<ul class=\"wp-block-list\">\n<li><a href=\"https:\/\/www.bakenews.it\/le-tolgono-gli-8-figli-e-lei-li-rapisce-tutti-dalle-famiglie-affidatarie-arrestata\/\">Ils lui enl\u00e8vent ses 8 enfants et elle les kidnappe tous dans leurs familles d&#039;accueil : arr\u00eat\u00e9e<\/a><\/li>\n\n\n\n<li><a href=\"https:\/\/www.bakenews.it\/ex-prete-confessa-omicidio-bimba-50-anni-fa\/\">Un ancien pr\u00eatre avoue le meurtre d&#039;une petite fille il y a 50 ans, la police : &quot;Elle mourra en cellule&quot;<\/a><\/li>\n\n\n\n<li><a href=\"https:\/\/www.bakenews.it\/holly-willoughby-terrorizzata-rapimento-lascia-tv\/\">Holly Willoughby, terrifi\u00e9e par le complot visant \u00e0 la kidnapper, quitte la t\u00e9l\u00e9vision<\/a><\/li>\n<\/ul>\n\n\n\n<h2 class=\"wp-block-heading\" id=\"h-era-stato-chiesto-un-riscatto-di-2mila-dollari\">Une ran\u00e7on de 2 mille dollars a \u00e9t\u00e9 demand\u00e9e<\/h2>\n\n\n\n<p>Il avait pr\u00e9vu de rencontrer la myst\u00e9rieuse femme le 10 d\u00e9cembre, mais a \u00e9t\u00e9 attaqu\u00e9 et kidnapp\u00e9 par un groupe d&#039;hommes. Vers 19 heures, heure locale, le com\u00e9dien avait appel\u00e9 un ami en Colombie pour lui dire que les hommes exigeaient 2 000 dollars (8 millions de pesos colombiens) en esp\u00e8ces pour sa lib\u00e9ration, selon le journal local El Colombiano. Xiong a \u00e9galement d\u00e9clar\u00e9 \u00e0 son ami, qui a d\u00e9pos\u00e9 le rapport de police, qu&#039;il avait \u00e9t\u00e9 \u00ab d\u00e9tenu sous la menace d&#039;une arme \u00bb, selon le KSTP.<\/p>\n\n\n\n<h2 class=\"wp-block-heading\" id=\"h-comico-americano-ucciso-in-colombia-con-12-coltellate\">Un com\u00e9dien am\u00e9ricain tu\u00e9 en Colombie de 12 coups de couteau<\/h2>\n\n\n\n<p>Quelques heures plus t\u00f4t, la police s&#039;\u00e9tait rendue \u00e0 l&#039;appartement o\u00f9 Xiong r\u00e9sidait parce qu&#039;une femme prenait des objets dans la r\u00e9sidence et s&#039;est enfuie avant que la police ne puisse l&#039;arr\u00eater, ont indiqu\u00e9 des responsables. Le corps de Xiong a \u00e9t\u00e9 retrouv\u00e9 dans un ravin du Corcovado. Outre les coups de couteau, le corps pr\u00e9sentait de multiples contusions caus\u00e9es par la chute de plus de 20 m\u00e8tres, selon les m\u00e9dias locaux. Les ravisseurs ont tu\u00e9 Xiong avant que le paiement ne soit effectu\u00e9, et une enqu\u00eate a \u00e9t\u00e9 ouverte pour d\u00e9terminer si la mort de Xiong a \u00e9t\u00e9 caus\u00e9e par une tentative d&#039;\u00e9vasion.<\/p>\n\n\n\n<p>Selon le fr\u00e8re de Xiong, l&#039;un des ravisseurs pr\u00e9sum\u00e9s avait d\u00e9j\u00e0 \u00e9t\u00e9 arr\u00eat\u00e9. &quot;Ils ont trouv\u00e9 des v\u00eatements, du sang sur le sac, et ils ont r\u00e9ussi \u00e0 le confisquer et \u00e0 arr\u00eater l&#039;un des suspects&quot;, a d\u00e9clar\u00e9 Eh Xiong au KSTP. Xiong a li\u00e9 son ascendance au peuple Hmong, un groupe autochtone d&#039;Asie de l&#039;Est et du Sud-Est, et a \u00e9t\u00e9 le major de promotion du lyc\u00e9e Humboldt. Il est n\u00e9 au Laos en 1973, alors que son p\u00e8re travaillait pour la CIA avant de fuir vers un camp de r\u00e9fugi\u00e9s en Tha\u00eflande pour \u00e9chapper \u00e0 la prise de contr\u00f4le du Laos par les communistes en 1975. Il a ensuite immigr\u00e9 \u00e0 Saint-Paul en 1992, selon son site Internet.<\/p>\n\n\n\n<p><strong>LIRE LES AUTRES NOUVELLES DU MONDE<\/strong><\/p>\n\n\n<ul class=\"wp-block-latest-posts__list wp-block-latest-posts\"><li><a class=\"wp-block-latest-posts__post-title\" href=\"https:\/\/newsvirali.it\/fr\/2026\/02\/12\/emma-amit-crabe-du-diable-mort\/\">La vlogueuse Emma Amit d\u00e9c\u00e8de apr\u00e8s avoir consomm\u00e9 du crabe du diable toxique<\/a><\/li>\n<li><a class=\"wp-block-latest-posts__post-title\" href=\"https:\/\/newsvirali.it\/fr\/2026\/02\/05\/suicide-des-trois-soeurs-en-inde\/\">Des parents confisquent les t\u00e9l\u00e9phones portables de trois s\u0153urs qui jouent excessivement aux jeux vid\u00e9o\u00a0: trois s\u0153urs se suicident<\/a><\/li>\n<li><a class=\"wp-block-latest-posts__post-title\" href=\"https:\/\/newsvirali.it\/fr\/2026\/01\/30\/arrestation-dans-un-complexe-hotelier-de-floride-pour-actes-obscenes\/\">Un h\u00f4tel de Floride fait sensation : un homme arr\u00eat\u00e9 pour exhibitionnisme avec un aspirateur<\/a><\/li>\n<li><a class=\"wp-block-latest-posts__post-title\" href=\"https:\/\/newsvirali.it\/fr\/2026\/01\/28\/un-pere-ivre-pend-son-fils-dans-une-video-choquante\/\">Un p\u00e8re ivre pend son fils par la fen\u00eatre : vid\u00e9o choquante<\/a><\/li>\n<li><a class=\"wp-block-latest-posts__post-title\" href=\"https:\/\/newsvirali.it\/fr\/2026\/01\/27\/une-enseignante-enceinte-et-un-eleve-de-13-ans\/\">Une enseignante admet \u00eatre tomb\u00e9e enceinte d&#039;un \u00e9l\u00e8ve de 13 ans<\/a><\/li>\n<\/ul><br \/>Suivez-nous \u00e9galement sur Google News : <b><a href=\"https:\/\/news.google.com\/publications\/CAAqBwgKMNqJiwswjMfqAg?hl=it&gl=IT&ceid=IT:it\" target=\"_blank\">Cliquez ici<\/a><\/b>","protected":false},"excerpt":{"rendered":"<p>Un com\u00e9dien et activiste am\u00e9ricain a \u00e9t\u00e9 kidnapp\u00e9 et poignard\u00e9 \u00e0 mort par un groupe d&#039;hommes apr\u00e8s \u00eatre sorti [\u2026]<\/p>","protected":false},"author":4,"featured_media":12449,"comment_status":"open","ping_status":"open","sticky":false,"template":"","format":"standard","meta":{"MSN_Categories":"Uncategorized","MSN_Publish_Option":false,"MSN_Is_Local_News":false,"MSN_Is_AIAC_Included":"Empty","MSN_Location":"[]","MSN_Add_Feature_Img_On_Top_Of_Post":false,"MSN_Has_Custom_Author":false,"MSN_Custom_Author":"","MSN_Has_Custom_Canonical_Url":false,"MSN_Custom_Canonical_Url":"","footnotes":""},"categories":[9],"tags":[],"class_list":["post-12448","post","type-post","status-publish","format-standard","has-post-thumbnail","hentry","category-mondo"],"acf":[],"yoast_head":"<!-- This site is optimized with the Yoast SEO Premium plugin v26.7 (Yoast SEO v26.7) - https:\/\/yoast.com\/wordpress\/plugins\/seo\/ -->\n<title>Comico americano adescato sui social: rapito e ucciso in Colombia<\/title>\n<meta name=\"description\" content=\"Un comico americano \u00e8 stato rapito e ucciso dopo essere uscito con una donna conosciuta online mentre era in vacanza in Colombia.\" \/>\n<meta name=\"robots\" content=\"index, follow, max-snippet:-1, max-image-preview:large, max-video-preview:-1\" \/>\n<link rel=\"canonical\" href=\"https:\/\/newsvirali.it\/fr\/2023\/12\/13\/un-comedien-americain-attire-par-une-femme-sur-les-reseaux-sociaux-kidnappe-et-tue-en-colombie\/\" \/>\n<meta property=\"og:locale\" content=\"fr_FR\" \/>\n<meta property=\"og:type\" content=\"article\" \/>\n<meta property=\"og:title\" content=\"Comico americano adescato da una donna sui social rapito e ucciso in Colombia\" \/>\n<meta property=\"og:description\" content=\"Un comico americano \u00e8 stato rapito e ucciso dopo essere uscito con una donna conosciuta online mentre era in vacanza in Colombia.\" \/>\n<meta property=\"og:url\" content=\"https:\/\/newsvirali.it\/fr\/2023\/12\/13\/un-comedien-americain-attire-par-une-femme-sur-les-reseaux-sociaux-kidnappe-et-tue-en-colombie\/\" \/>\n<meta property=\"og:site_name\" content=\"News virali\" \/>\n<meta property=\"article:published_time\" content=\"2023-12-13T15:34:00+00:00\" \/>\n<meta property=\"article:modified_time\" content=\"2023-12-13T15:34:01+00:00\" \/>\n<meta property=\"og:image\" content=\"https:\/\/newsvirali.it\/wp-content\/uploads\/2023\/12\/MixCollage-13-Dec-2023-04-29-PM-487.jpg\" \/>\n\t<meta property=\"og:image:width\" content=\"2560\" \/>\n\t<meta property=\"og:image:height\" content=\"1440\" \/>\n\t<meta property=\"og:image:type\" content=\"image\/jpeg\" \/>\n<meta name=\"author\" content=\"Cecco Prestina\" \/>\n<meta name=\"twitter:card\" content=\"summary_large_image\" \/>\n<meta name=\"twitter:label1\" content=\"\u00c9crit par\" \/>\n\t<meta name=\"twitter:data1\" content=\"Cecco Prestina\" \/>\n\t<meta name=\"twitter:label2\" content=\"Dur\u00e9e de lecture estim\u00e9e\" \/>\n\t<meta name=\"twitter:data2\" content=\"3 minutes\" \/>\n<script type=\"application\/ld+json\" class=\"yoast-schema-graph\">{\"@context\":\"https:\/\/schema.org\",\"@graph\":[{\"@type\":\"NewsArticle\",\"@id\":\"https:\/\/newsvirali.it\/2023\/12\/13\/comico-americano-adescato-da-una-donna-sui-social-rapito-e-ucciso-in-colombia\/#article\",\"isPartOf\":{\"@id\":\"https:\/\/newsvirali.it\/2023\/12\/13\/comico-americano-adescato-da-una-donna-sui-social-rapito-e-ucciso-in-colombia\/\"},\"author\":{\"name\":\"Cecco Prestina\",\"@id\":\"https:\/\/newsvirali.it\/fr\/#\/schema\/person\/4c835f7b49c9adb58b33901ee816565d\"},\"headline\":\"Comico americano adescato da una donna sui social rapito e ucciso in Colombia\",\"datePublished\":\"2023-12-13T15:34:00+00:00\",\"dateModified\":\"2023-12-13T15:34:01+00:00\",\"mainEntityOfPage\":{\"@id\":\"https:\/\/newsvirali.it\/2023\/12\/13\/comico-americano-adescato-da-una-donna-sui-social-rapito-e-ucciso-in-colombia\/\"},\"wordCount\":431,\"commentCount\":0,\"image\":{\"@id\":\"https:\/\/newsvirali.it\/2023\/12\/13\/comico-americano-adescato-da-una-donna-sui-social-rapito-e-ucciso-in-colombia\/#primaryimage\"},\"thumbnailUrl\":\"https:\/\/newsvirali.it\/wp-content\/uploads\/2023\/12\/MixCollage-13-Dec-2023-04-29-PM-487.jpg\",\"articleSection\":[\"Mondo\"],\"inLanguage\":\"fr-FR\",\"potentialAction\":[{\"@type\":\"CommentAction\",\"name\":\"Comment\",\"target\":[\"https:\/\/newsvirali.it\/2023\/12\/13\/comico-americano-adescato-da-una-donna-sui-social-rapito-e-ucciso-in-colombia\/#respond\"]}],\"copyrightYear\":\"2023\",\"copyrightHolder\":{\"@id\":\"https:\/\/newsvirali.it\/fr\/#organization\"}},{\"@type\":\"WebPage\",\"@id\":\"https:\/\/newsvirali.it\/2023\/12\/13\/comico-americano-adescato-da-una-donna-sui-social-rapito-e-ucciso-in-colombia\/\",\"url\":\"https:\/\/newsvirali.it\/2023\/12\/13\/comico-americano-adescato-da-una-donna-sui-social-rapito-e-ucciso-in-colombia\/\",\"name\":\"Comico americano adescato sui social: rapito e ucciso in Colombia\",\"isPartOf\":{\"@id\":\"https:\/\/newsvirali.it\/fr\/#website\"},\"primaryImageOfPage\":{\"@id\":\"https:\/\/newsvirali.it\/2023\/12\/13\/comico-americano-adescato-da-una-donna-sui-social-rapito-e-ucciso-in-colombia\/#primaryimage\"},\"image\":{\"@id\":\"https:\/\/newsvirali.it\/2023\/12\/13\/comico-americano-adescato-da-una-donna-sui-social-rapito-e-ucciso-in-colombia\/#primaryimage\"},\"thumbnailUrl\":\"https:\/\/newsvirali.it\/wp-content\/uploads\/2023\/12\/MixCollage-13-Dec-2023-04-29-PM-487.jpg\",\"datePublished\":\"2023-12-13T15:34:00+00:00\",\"dateModified\":\"2023-12-13T15:34:01+00:00\",\"author\":{\"@id\":\"https:\/\/newsvirali.it\/fr\/#\/schema\/person\/4c835f7b49c9adb58b33901ee816565d\"},\"description\":\"Un comico americano \u00e8 stato rapito e ucciso dopo essere uscito con una donna conosciuta online mentre era in vacanza in Colombia.\",\"breadcrumb\":{\"@id\":\"https:\/\/newsvirali.it\/2023\/12\/13\/comico-americano-adescato-da-una-donna-sui-social-rapito-e-ucciso-in-colombia\/#breadcrumb\"},\"inLanguage\":\"fr-FR\",\"potentialAction\":[{\"@type\":\"ReadAction\",\"target\":[\"https:\/\/newsvirali.it\/2023\/12\/13\/comico-americano-adescato-da-una-donna-sui-social-rapito-e-ucciso-in-colombia\/\"]}]},{\"@type\":\"ImageObject\",\"inLanguage\":\"fr-FR\",\"@id\":\"https:\/\/newsvirali.it\/2023\/12\/13\/comico-americano-adescato-da-una-donna-sui-social-rapito-e-ucciso-in-colombia\/#primaryimage\",\"url\":\"https:\/\/newsvirali.it\/wp-content\/uploads\/2023\/12\/MixCollage-13-Dec-2023-04-29-PM-487.jpg\",\"contentUrl\":\"https:\/\/newsvirali.it\/wp-content\/uploads\/2023\/12\/MixCollage-13-Dec-2023-04-29-PM-487.jpg\",\"width\":2560,\"height\":1440,\"caption\":\"Comico americano adescato da una donna sui social rapito e ucciso in Colombia\"},{\"@type\":\"BreadcrumbList\",\"@id\":\"https:\/\/newsvirali.it\/2023\/12\/13\/comico-americano-adescato-da-una-donna-sui-social-rapito-e-ucciso-in-colombia\/#breadcrumb\",\"itemListElement\":[{\"@type\":\"ListItem\",\"position\":1,\"name\":\"Home\",\"item\":\"https:\/\/newsvirali.it\/fr\/\"},{\"@type\":\"ListItem\",\"position\":2,\"name\":\"Comico americano adescato da una donna sui social rapito e ucciso in Colombia\"}]},{\"@type\":\"WebSite\",\"@id\":\"https:\/\/newsvirali.it\/fr\/#website\",\"url\":\"https:\/\/newsvirali.it\/fr\/\",\"name\":\"Bake News\",\"description\":\"\",\"potentialAction\":[{\"@type\":\"SearchAction\",\"target\":{\"@type\":\"EntryPoint\",\"urlTemplate\":\"https:\/\/newsvirali.it\/fr\/?s={search_term_string}\"},\"query-input\":{\"@type\":\"PropertyValueSpecification\",\"valueRequired\":true,\"valueName\":\"search_term_string\"}}],\"inLanguage\":\"fr-FR\"},{\"@type\":\"Person\",\"@id\":\"https:\/\/newsvirali.it\/fr\/#\/schema\/person\/4c835f7b49c9adb58b33901ee816565d\",\"name\":\"Cecco Prestina\",\"description\":\"Perch\u00e9 nasconderlo? Cecco Prestina \u00e8 un alias, ma dietro di lui non si cela un algoritmo di intelligenza artificiale. C'\u00e8 un giornalista che ha oltre vent'anni di esperienza tutta sul web. Da quando il primo modem ha iniziato a gracchiare sul territorio italiano con Video on Line, Cecco ha capito che da quel doppino sarebbe passato il futuro. Ha dedidicato tutta la sua carriera a capire Internet e poi i social e ora l'Ai. Una carriera in costante aggiornamento. E questa esperienza la mette in campo ogni giorno. Per\u00f2 ogni tanto Cecco ha voglia anche di non scrivere \\\"pipponi\\\" sulla politica, sull'economia. Ha voglia anche di scrivere qualcosa di divertente. Le notizie che trovate su Bake News sono le stesse che Cecco porta all'aperitivo con gli amici. Quelle di cui discutere per farsi due risate. Notizie, vere (qualche volta si fa fatica a crederlo), strane, divertenti, ma anche serie. Bake News \u00e8 nato per questo, dare al pubblico notizie croccanti e calde come il pane che esce dal forno. E Cecco Prestina \u00e8 nato con Bake News.\",\"url\":\"https:\/\/newsvirali.it\/fr\/autore\/cecco-prestina\/\"}]}<\/script>\n<!-- \/ Yoast SEO Premium plugin. -->","yoast_head_json":{"title":"Comico americano adescato sui social: rapito e ucciso in Colombia","description":"Un comico americano \u00e8 stato rapito e ucciso dopo essere uscito con una donna conosciuta online mentre era in vacanza in Colombia.","robots":{"index":"index","follow":"follow","max-snippet":"max-snippet:-1","max-image-preview":"max-image-preview:large","max-video-preview":"max-video-preview:-1"},"canonical":"https:\/\/newsvirali.it\/fr\/2023\/12\/13\/un-comedien-americain-attire-par-une-femme-sur-les-reseaux-sociaux-kidnappe-et-tue-en-colombie\/","og_locale":"fr_FR","og_type":"article","og_title":"Comico americano adescato da una donna sui social rapito e ucciso in Colombia","og_description":"Un comico americano \u00e8 stato rapito e ucciso dopo essere uscito con una donna conosciuta online mentre era in vacanza in Colombia.","og_url":"https:\/\/newsvirali.it\/fr\/2023\/12\/13\/un-comedien-americain-attire-par-une-femme-sur-les-reseaux-sociaux-kidnappe-et-tue-en-colombie\/","og_site_name":"News virali","article_published_time":"2023-12-13T15:34:00+00:00","article_modified_time":"2023-12-13T15:34:01+00:00","og_image":[{"width":2560,"height":1440,"url":"https:\/\/newsvirali.it\/wp-content\/uploads\/2023\/12\/MixCollage-13-Dec-2023-04-29-PM-487.jpg","type":"image\/jpeg"}],"author":"Cecco Prestina","twitter_card":"summary_large_image","twitter_misc":{"\u00c9crit par":"Cecco Prestina","Dur\u00e9e de lecture estim\u00e9e":"3 minutes"},"schema":{"@context":"https:\/\/schema.org","@graph":[{"@type":"NewsArticle","@id":"https:\/\/newsvirali.it\/2023\/12\/13\/comico-americano-adescato-da-una-donna-sui-social-rapito-e-ucciso-in-colombia\/#article","isPartOf":{"@id":"https:\/\/newsvirali.it\/2023\/12\/13\/comico-americano-adescato-da-una-donna-sui-social-rapito-e-ucciso-in-colombia\/"},"author":{"name":"Cecco Prestina","@id":"https:\/\/newsvirali.it\/fr\/#\/schema\/person\/4c835f7b49c9adb58b33901ee816565d"},"headline":"Comico americano adescato da una donna sui social rapito e ucciso in Colombia","datePublished":"2023-12-13T15:34:00+00:00","dateModified":"2023-12-13T15:34:01+00:00","mainEntityOfPage":{"@id":"https:\/\/newsvirali.it\/2023\/12\/13\/comico-americano-adescato-da-una-donna-sui-social-rapito-e-ucciso-in-colombia\/"},"wordCount":431,"commentCount":0,"image":{"@id":"https:\/\/newsvirali.it\/2023\/12\/13\/comico-americano-adescato-da-una-donna-sui-social-rapito-e-ucciso-in-colombia\/#primaryimage"},"thumbnailUrl":"https:\/\/newsvirali.it\/wp-content\/uploads\/2023\/12\/MixCollage-13-Dec-2023-04-29-PM-487.jpg","articleSection":["Mondo"],"inLanguage":"fr-FR","potentialAction":[{"@type":"CommentAction","name":"Comment","target":["https:\/\/newsvirali.it\/2023\/12\/13\/comico-americano-adescato-da-una-donna-sui-social-rapito-e-ucciso-in-colombia\/#respond"]}],"copyrightYear":"2023","copyrightHolder":{"@id":"https:\/\/newsvirali.it\/fr\/#organization"}},{"@type":"WebPage","@id":"https:\/\/newsvirali.it\/2023\/12\/13\/comico-americano-adescato-da-una-donna-sui-social-rapito-e-ucciso-in-colombia\/","url":"https:\/\/newsvirali.it\/2023\/12\/13\/comico-americano-adescato-da-una-donna-sui-social-rapito-e-ucciso-in-colombia\/","name":"Comico americano adescato sui social: rapito e ucciso in Colombia","isPartOf":{"@id":"https:\/\/newsvirali.it\/fr\/#website"},"primaryImageOfPage":{"@id":"https:\/\/newsvirali.it\/2023\/12\/13\/comico-americano-adescato-da-una-donna-sui-social-rapito-e-ucciso-in-colombia\/#primaryimage"},"image":{"@id":"https:\/\/newsvirali.it\/2023\/12\/13\/comico-americano-adescato-da-una-donna-sui-social-rapito-e-ucciso-in-colombia\/#primaryimage"},"thumbnailUrl":"https:\/\/newsvirali.it\/wp-content\/uploads\/2023\/12\/MixCollage-13-Dec-2023-04-29-PM-487.jpg","datePublished":"2023-12-13T15:34:00+00:00","dateModified":"2023-12-13T15:34:01+00:00","author":{"@id":"https:\/\/newsvirali.it\/fr\/#\/schema\/person\/4c835f7b49c9adb58b33901ee816565d"},"description":"Un comico americano \u00e8 stato rapito e ucciso dopo essere uscito con una donna conosciuta online mentre era in vacanza in Colombia.","breadcrumb":{"@id":"https:\/\/newsvirali.it\/2023\/12\/13\/comico-americano-adescato-da-una-donna-sui-social-rapito-e-ucciso-in-colombia\/#breadcrumb"},"inLanguage":"fr-FR","potentialAction":[{"@type":"ReadAction","target":["https:\/\/newsvirali.it\/2023\/12\/13\/comico-americano-adescato-da-una-donna-sui-social-rapito-e-ucciso-in-colombia\/"]}]},{"@type":"ImageObject","inLanguage":"fr-FR","@id":"https:\/\/newsvirali.it\/2023\/12\/13\/comico-americano-adescato-da-una-donna-sui-social-rapito-e-ucciso-in-colombia\/#primaryimage","url":"https:\/\/newsvirali.it\/wp-content\/uploads\/2023\/12\/MixCollage-13-Dec-2023-04-29-PM-487.jpg","contentUrl":"https:\/\/newsvirali.it\/wp-content\/uploads\/2023\/12\/MixCollage-13-Dec-2023-04-29-PM-487.jpg","width":2560,"height":1440,"caption":"Comico americano adescato da una donna sui social rapito e ucciso in Colombia"},{"@type":"BreadcrumbList","@id":"https:\/\/newsvirali.it\/2023\/12\/13\/comico-americano-adescato-da-una-donna-sui-social-rapito-e-ucciso-in-colombia\/#breadcrumb","itemListElement":[{"@type":"ListItem","position":1,"name":"Home","item":"https:\/\/newsvirali.it\/fr\/"},{"@type":"ListItem","position":2,"name":"Comico americano adescato da una donna sui social rapito e ucciso in Colombia"}]},{"@type":"WebSite","@id":"https:\/\/newsvirali.it\/fr\/#website","url":"https:\/\/newsvirali.it\/fr\/","name":"Bake News","description":"","potentialAction":[{"@type":"SearchAction","target":{"@type":"EntryPoint","urlTemplate":"https:\/\/newsvirali.it\/fr\/?s={search_term_string}"},"query-input":{"@type":"PropertyValueSpecification","valueRequired":true,"valueName":"search_term_string"}}],"inLanguage":"fr-FR"},{"@type":"Person","@id":"https:\/\/newsvirali.it\/fr\/#\/schema\/person\/4c835f7b49c9adb58b33901ee816565d","name":"Cecco Prestina","description":"Perch\u00e9 nasconderlo? Cecco Prestina \u00e8 un alias, ma dietro di lui non si cela un algoritmo di intelligenza artificiale. C'\u00e8 un giornalista che ha oltre vent'anni di esperienza tutta sul web. Da quando il primo modem ha iniziato a gracchiare sul territorio italiano con Video on Line, Cecco ha capito che da quel doppino sarebbe passato il futuro. Ha dedidicato tutta la sua carriera a capire Internet e poi i social e ora l'Ai. Una carriera in costante aggiornamento. E questa esperienza la mette in campo ogni giorno. Per\u00f2 ogni tanto Cecco ha voglia anche di non scrivere \"pipponi\" sulla politica, sull'economia. Ha voglia anche di scrivere qualcosa di divertente. Le notizie che trovate su Bake News sono le stesse che Cecco porta all'aperitivo con gli amici. Quelle di cui discutere per farsi due risate. Notizie, vere (qualche volta si fa fatica a crederlo), strane, divertenti, ma anche serie. Bake News \u00e8 nato per questo, dare al pubblico notizie croccanti e calde come il pane che esce dal forno. E Cecco Prestina \u00e8 nato con Bake News.","url":"https:\/\/newsvirali.it\/fr\/autore\/cecco-prestina\/"}]}},"_links":{"self":[{"href":"https:\/\/newsvirali.it\/fr\/wp-json\/wp\/v2\/posts\/12448","targetHints":{"allow":["GET"]}}],"collection":[{"href":"https:\/\/newsvirali.it\/fr\/wp-json\/wp\/v2\/posts"}],"about":[{"href":"https:\/\/newsvirali.it\/fr\/wp-json\/wp\/v2\/types\/post"}],"author":[{"embeddable":true,"href":"https:\/\/newsvirali.it\/fr\/wp-json\/wp\/v2\/users\/4"}],"replies":[{"embeddable":true,"href":"https:\/\/newsvirali.it\/fr\/wp-json\/wp\/v2\/comments?post=12448"}],"version-history":[{"count":1,"href":"https:\/\/newsvirali.it\/fr\/wp-json\/wp\/v2\/posts\/12448\/revisions"}],"predecessor-version":[{"id":12450,"href":"https:\/\/newsvirali.it\/fr\/wp-json\/wp\/v2\/posts\/12448\/revisions\/12450"}],"wp:featuredmedia":[{"embeddable":true,"href":"https:\/\/newsvirali.it\/fr\/wp-json\/wp\/v2\/media\/12449"}],"wp:attachment":[{"href":"https:\/\/newsvirali.it\/fr\/wp-json\/wp\/v2\/media?parent=12448"}],"wp:term":[{"taxonomy":"category","embeddable":true,"href":"https:\/\/newsvirali.it\/fr\/wp-json\/wp\/v2\/categories?post=12448"},{"taxonomy":"post_tag","embeddable":true,"href":"https:\/\/newsvirali.it\/fr\/wp-json\/wp\/v2\/tags?post=12448"}],"curies":[{"name":"wp","href":"https:\/\/api.w.org\/{rel}","templated":true}]}}