{"id":10935,"date":"2023-11-28T13:02:10","date_gmt":"2023-11-28T12:02:10","guid":{"rendered":"https:\/\/www.bakenews.it\/?p=10935"},"modified":"2023-11-28T13:02:11","modified_gmt":"2023-11-28T12:02:11","slug":"forti-mal-di-testa-da-5-mesi-aveva-bacchette-cinesi-infilate-nel-cervello","status":"publish","type":"post","link":"https:\/\/newsvirali.it\/fr\/2023\/11\/28\/de-graves-maux-de-tete-pendant-5-mois-avaient-des-baguettes-chinoises-coincees-dans-son-cerveau\/","title":{"rendered":"Maux de t\u00eate s\u00e9v\u00e8res depuis 5 mois, il avait des baguettes chinoises coinc\u00e9es dans le cerveau"},"content":{"rendered":"<p>Un homme a v\u00e9cu avec des baguettes chinoises plant\u00e9es dans le cerveau pendant 5 mois sans s&#039;en rendre compte. Un Vietnamien de 35 ans s&#039;est rendu \u00e0 l&#039;h\u00f4pital avec de graves maux de t\u00eate et ce que les m\u00e9decins ont d\u00e9couvert \u00e9tait tout simplement surprenant. Il avait des tiges plant\u00e9es dans le nez et log\u00e9es dans le cerveau. Apr\u00e8s avoir souffert de graves maux de t\u00eate, d\u2019une perte de liquide et m\u00eame d\u2019une perte de vision, l\u2019homme a \u00e9t\u00e9 transport\u00e9 d\u2019urgence aux urgences de l\u2019h\u00f4pital.<\/p>\n\n\n\n<p><strong>LIRE AUSSI<\/strong><\/p>\n\n\n\n<ul class=\"wp-block-list\">\n<li><a href=\"https:\/\/www.bakenews.it\/beve-34-litri-di-birra-e-resta-ubriaco-per-un-mese-e-record\/\">Il boit 34 litres de bi\u00e8re et reste ivre pendant un mois : c&#039;est un record<\/a><\/li>\n\n\n\n<li><a href=\"https:\/\/www.bakenews.it\/un-video-spiega-cosa-succede-quando-si-muore-e-si-la-vita-passa-davanti-come-un-film\/\">Une vid\u00e9o explique ce qui se passe quand on meurt : et oui, la vie passe comme un film<\/a><\/li>\n\n\n\n<li><a href=\"https:\/\/www.bakenews.it\/insuilti-figlio-paris-hilton-risposta-da-applausi\/\">&quot;Quel dur \u00e0 cuire !&quot;, insulte le fils de Paris Hilton : sa r\u00e9ponse suscite des applaudissements<\/a><\/li>\n<\/ul>\n\n\n\n<p>Le personnel de l&#039;H\u00f4pital de l&#039;Amiti\u00e9 Cuba, dans la ville de Dong Hoi, province de Quang Binh, a effectu\u00e9 un scanner pour aller au fond du probl\u00e8me. Et les r\u00e9sultats \u00e9taient bizarres, <a href=\"https:\/\/www.vietnam.vn\/en\/nguoi-dan-ong-bi-doi-dua-dam-xuyen-tu-mui-vao-nao-5-thang-ma-khong-biet\/\" target=\"_blank\" rel=\"noreferrer noopener\">Rapports de Vietnam.vn<\/a>. Il a imm\u00e9diatement \u00e9t\u00e9 op\u00e9r\u00e9 pour sauver sa vie.<\/p>\n\n\n\n<h2 class=\"wp-block-heading\" id=\"h-bacchette-cinesi-nel-cervello-ficcate-durante-rissa\">Des baguettes chinoises coinc\u00e9es dans le cerveau lors d&#039;une bagarre<\/h2>\n\n\n\n<p>La famille du patient pense que les baguettes lui sont entr\u00e9es dans le nez alors qu&#039;il \u00e9tait impliqu\u00e9 dans une bagarre il y a environ cinq mois. Il a \u00e9t\u00e9 bless\u00e9 et transport\u00e9 \u00e0 l&#039;h\u00f4pital, mais les tiges n&#039;ont pas \u00e9t\u00e9 retrouv\u00e9es et aucune anomalie au nez n&#039;a \u00e9t\u00e9 signal\u00e9e. Le protagoniste de l&#039;histoire, un habitant de Bo Trach, s&#039;est disput\u00e9 avec une autre personne et a \u00e9t\u00e9 bless\u00e9. Il a \u00e9t\u00e9 emmen\u00e9 aux urgences et aucune anomalie n\u2019a \u00e9t\u00e9 constat\u00e9e au niveau du nez et il a re\u00e7u uniquement des soins m\u00e9dicaux.<\/p>\n\n\n\n<p>Avec le recul, l&#039;homme de 35 ans se souvient que lors de la bagarre, il avait \u00e9t\u00e9 poignard\u00e9 au visage par quelque chose. Il ne ressentait \u00e0 plusieurs reprises qu&#039;un mal de t\u00eate, une sensation d&#039;oppression et du pus coulant de son nez et de sa gorge. Avant le traitement d&#039;urgence \u00e0 l&#039;h\u00f4pital de l&#039;amiti\u00e9 Vietnam-Cuba Dong Hoi, le patient a ressenti une d\u00e9mangeaison au nez, il a donc utilis\u00e9 une pince \u00e0 \u00e9piler pour retirer quelque chose et a soudainement d\u00e9couvert un gros corps \u00e9tranger \u00e0 l&#039;int\u00e9rieur.<\/p>\n\n\n\n<h2 class=\"wp-block-heading\" id=\"h-l-operazione-chirurgica-e-poi-riuscita\">L&#039;op\u00e9ration a ensuite r\u00e9ussi<\/h2>\n\n\n\n<p>Lors du scanner, les m\u00e9decins ont remarqu\u00e9 un pneumothorax intracr\u00e2nien. Apr\u00e8s la consultation, l&#039;\u00e9quipe m\u00e9dicale a d\u00e9cid\u00e9 de r\u00e9aliser une op\u00e9ration endoscopique par le nez associ\u00e9e \u00e0 la microchirurgie pour fermer la fistule c\u00e9r\u00e9brale du patient sans laisser de s\u00e9quelles. Op\u00e9ration r\u00e9ussie, l&#039;\u00e9tat de sant\u00e9 du patient est actuellement stable et il continue de recevoir des soins de convalescence en attendant sa sortie de l&#039;h\u00f4pital.<\/p>\n\n\n\n<p><strong>LIRE LES AUTRES NOUVELLES DU MONDE<\/strong><\/p>\n\n\n<ul class=\"wp-block-latest-posts__list wp-block-latest-posts\"><li><a class=\"wp-block-latest-posts__post-title\" href=\"https:\/\/newsvirali.it\/fr\/2026\/02\/12\/emma-amit-crabe-du-diable-mort\/\">La vlogueuse Emma Amit d\u00e9c\u00e8de apr\u00e8s avoir consomm\u00e9 du crabe du diable toxique<\/a><\/li>\n<li><a class=\"wp-block-latest-posts__post-title\" href=\"https:\/\/newsvirali.it\/fr\/2026\/02\/05\/suicide-des-trois-soeurs-en-inde\/\">Des parents confisquent les t\u00e9l\u00e9phones portables de trois s\u0153urs qui jouent excessivement aux jeux vid\u00e9o\u00a0: trois s\u0153urs se suicident<\/a><\/li>\n<li><a class=\"wp-block-latest-posts__post-title\" href=\"https:\/\/newsvirali.it\/fr\/2026\/01\/30\/arrestation-dans-un-complexe-hotelier-de-floride-pour-actes-obscenes\/\">Un h\u00f4tel de Floride fait sensation : un homme arr\u00eat\u00e9 pour exhibitionnisme avec un aspirateur<\/a><\/li>\n<li><a class=\"wp-block-latest-posts__post-title\" href=\"https:\/\/newsvirali.it\/fr\/2026\/01\/28\/un-pere-ivre-pend-son-fils-dans-une-video-choquante\/\">Un p\u00e8re ivre pend son fils par la fen\u00eatre : vid\u00e9o choquante<\/a><\/li>\n<li><a class=\"wp-block-latest-posts__post-title\" href=\"https:\/\/newsvirali.it\/fr\/2026\/01\/27\/une-enseignante-enceinte-et-un-eleve-de-13-ans\/\">Une enseignante admet \u00eatre tomb\u00e9e enceinte d&#039;un \u00e9l\u00e8ve de 13 ans<\/a><\/li>\n<\/ul><br \/>Suivez-nous \u00e9galement sur Google News : <b><a href=\"https:\/\/news.google.com\/publications\/CAAqBwgKMNqJiwswjMfqAg?hl=it&gl=IT&ceid=IT:it\" target=\"_blank\">Cliquez ici<\/a><\/b>","protected":false},"excerpt":{"rendered":"<p>Un homme de 35 ans, hospitalis\u00e9 aux urgences pour un mal de t\u00eate, trouve des baguettes chinoises plant\u00e9es dans son cerveau : voil\u00e0 comment elles sont arriv\u00e9es l\u00e0.<\/p>","protected":false},"author":4,"featured_media":10938,"comment_status":"open","ping_status":"open","sticky":false,"template":"","format":"standard","meta":{"MSN_Categories":"Uncategorized","MSN_Publish_Option":false,"MSN_Is_Local_News":false,"MSN_Is_AIAC_Included":"Empty","MSN_Location":"[]","MSN_Add_Feature_Img_On_Top_Of_Post":false,"MSN_Has_Custom_Author":false,"MSN_Custom_Author":"","MSN_Has_Custom_Canonical_Url":false,"MSN_Custom_Canonical_Url":"","footnotes":""},"categories":[9],"tags":[],"class_list":["post-10935","post","type-post","status-publish","format-standard","has-post-thumbnail","hentry","category-mondo"],"acf":[],"yoast_head":"<!-- This site is optimized with the Yoast SEO Premium plugin v26.7 (Yoast SEO v26.7) - https:\/\/yoast.com\/wordpress\/plugins\/seo\/ -->\n<title>Mal di testa da 5 mesi, aveva bacchette cinesi infilate nel cervello<\/title>\n<meta name=\"description\" content=\"A un 35enne al pronto soccorso per mal di testa gli trovano bacchette cinesi infilate nel cervello: ecco come sono arrivate l\u00ec.\" \/>\n<meta name=\"robots\" content=\"index, follow, max-snippet:-1, max-image-preview:large, max-video-preview:-1\" \/>\n<link rel=\"canonical\" href=\"https:\/\/newsvirali.it\/fr\/2023\/11\/28\/de-graves-maux-de-tete-pendant-5-mois-avaient-des-baguettes-chinoises-coincees-dans-son-cerveau\/\" \/>\n<meta property=\"og:locale\" content=\"fr_FR\" \/>\n<meta property=\"og:type\" content=\"article\" \/>\n<meta property=\"og:title\" content=\"Forti mal di testa da 5 mesi, aveva bacchette cinesi infilate nel cervello\" \/>\n<meta property=\"og:description\" content=\"A un 35enne al pronto soccorso per mal di testa gli trovano bacchette cinesi infilate nel cervello: ecco come sono arrivate l\u00ec.\" \/>\n<meta property=\"og:url\" content=\"https:\/\/newsvirali.it\/fr\/2023\/11\/28\/de-graves-maux-de-tete-pendant-5-mois-avaient-des-baguettes-chinoises-coincees-dans-son-cerveau\/\" \/>\n<meta property=\"og:site_name\" content=\"News virali\" \/>\n<meta property=\"article:published_time\" content=\"2023-11-28T12:02:10+00:00\" \/>\n<meta property=\"article:modified_time\" content=\"2023-11-28T12:02:11+00:00\" \/>\n<meta property=\"og:image\" content=\"https:\/\/newsvirali.it\/wp-content\/uploads\/2023\/11\/Screenshot_1-15.jpg\" \/>\n\t<meta property=\"og:image:width\" content=\"650\" \/>\n\t<meta property=\"og:image:height\" content=\"339\" \/>\n\t<meta property=\"og:image:type\" content=\"image\/jpeg\" \/>\n<meta name=\"author\" content=\"Cecco Prestina\" \/>\n<meta name=\"twitter:card\" content=\"summary_large_image\" \/>\n<meta name=\"twitter:label1\" content=\"\u00c9crit par\" \/>\n\t<meta name=\"twitter:data1\" content=\"Cecco Prestina\" \/>\n\t<meta name=\"twitter:label2\" content=\"Dur\u00e9e de lecture estim\u00e9e\" \/>\n\t<meta name=\"twitter:data2\" content=\"3 minutes\" \/>\n<script type=\"application\/ld+json\" class=\"yoast-schema-graph\">{\"@context\":\"https:\/\/schema.org\",\"@graph\":[{\"@type\":\"NewsArticle\",\"@id\":\"https:\/\/newsvirali.it\/2023\/11\/28\/forti-mal-di-testa-da-5-mesi-aveva-bacchette-cinesi-infilate-nel-cervello\/#article\",\"isPartOf\":{\"@id\":\"https:\/\/newsvirali.it\/2023\/11\/28\/forti-mal-di-testa-da-5-mesi-aveva-bacchette-cinesi-infilate-nel-cervello\/\"},\"author\":{\"name\":\"Cecco Prestina\",\"@id\":\"https:\/\/newsvirali.it\/fr\/#\/schema\/person\/4c835f7b49c9adb58b33901ee816565d\"},\"headline\":\"Forti mal di testa da 5 mesi, aveva bacchette cinesi infilate nel cervello\",\"datePublished\":\"2023-11-28T12:02:10+00:00\",\"dateModified\":\"2023-11-28T12:02:11+00:00\",\"mainEntityOfPage\":{\"@id\":\"https:\/\/newsvirali.it\/2023\/11\/28\/forti-mal-di-testa-da-5-mesi-aveva-bacchette-cinesi-infilate-nel-cervello\/\"},\"wordCount\":419,\"commentCount\":0,\"image\":{\"@id\":\"https:\/\/newsvirali.it\/2023\/11\/28\/forti-mal-di-testa-da-5-mesi-aveva-bacchette-cinesi-infilate-nel-cervello\/#primaryimage\"},\"thumbnailUrl\":\"https:\/\/newsvirali.it\/wp-content\/uploads\/2023\/11\/Screenshot_1-15.jpg\",\"articleSection\":[\"Mondo\"],\"inLanguage\":\"fr-FR\",\"potentialAction\":[{\"@type\":\"CommentAction\",\"name\":\"Comment\",\"target\":[\"https:\/\/newsvirali.it\/2023\/11\/28\/forti-mal-di-testa-da-5-mesi-aveva-bacchette-cinesi-infilate-nel-cervello\/#respond\"]}],\"copyrightYear\":\"2023\",\"copyrightHolder\":{\"@id\":\"https:\/\/newsvirali.it\/fr\/#organization\"}},{\"@type\":\"WebPage\",\"@id\":\"https:\/\/newsvirali.it\/2023\/11\/28\/forti-mal-di-testa-da-5-mesi-aveva-bacchette-cinesi-infilate-nel-cervello\/\",\"url\":\"https:\/\/newsvirali.it\/2023\/11\/28\/forti-mal-di-testa-da-5-mesi-aveva-bacchette-cinesi-infilate-nel-cervello\/\",\"name\":\"Mal di testa da 5 mesi, aveva bacchette cinesi infilate nel cervello\",\"isPartOf\":{\"@id\":\"https:\/\/newsvirali.it\/fr\/#website\"},\"primaryImageOfPage\":{\"@id\":\"https:\/\/newsvirali.it\/2023\/11\/28\/forti-mal-di-testa-da-5-mesi-aveva-bacchette-cinesi-infilate-nel-cervello\/#primaryimage\"},\"image\":{\"@id\":\"https:\/\/newsvirali.it\/2023\/11\/28\/forti-mal-di-testa-da-5-mesi-aveva-bacchette-cinesi-infilate-nel-cervello\/#primaryimage\"},\"thumbnailUrl\":\"https:\/\/newsvirali.it\/wp-content\/uploads\/2023\/11\/Screenshot_1-15.jpg\",\"datePublished\":\"2023-11-28T12:02:10+00:00\",\"dateModified\":\"2023-11-28T12:02:11+00:00\",\"author\":{\"@id\":\"https:\/\/newsvirali.it\/fr\/#\/schema\/person\/4c835f7b49c9adb58b33901ee816565d\"},\"description\":\"A un 35enne al pronto soccorso per mal di testa gli trovano bacchette cinesi infilate nel cervello: ecco come sono arrivate l\u00ec.\",\"breadcrumb\":{\"@id\":\"https:\/\/newsvirali.it\/2023\/11\/28\/forti-mal-di-testa-da-5-mesi-aveva-bacchette-cinesi-infilate-nel-cervello\/#breadcrumb\"},\"inLanguage\":\"fr-FR\",\"potentialAction\":[{\"@type\":\"ReadAction\",\"target\":[\"https:\/\/newsvirali.it\/2023\/11\/28\/forti-mal-di-testa-da-5-mesi-aveva-bacchette-cinesi-infilate-nel-cervello\/\"]}]},{\"@type\":\"ImageObject\",\"inLanguage\":\"fr-FR\",\"@id\":\"https:\/\/newsvirali.it\/2023\/11\/28\/forti-mal-di-testa-da-5-mesi-aveva-bacchette-cinesi-infilate-nel-cervello\/#primaryimage\",\"url\":\"https:\/\/newsvirali.it\/wp-content\/uploads\/2023\/11\/Screenshot_1-15.jpg\",\"contentUrl\":\"https:\/\/newsvirali.it\/wp-content\/uploads\/2023\/11\/Screenshot_1-15.jpg\",\"width\":650,\"height\":339,\"caption\":\"Forti mal di testa, aveva da 5 mesi bacchette cinesi infilate nel cervello\"},{\"@type\":\"BreadcrumbList\",\"@id\":\"https:\/\/newsvirali.it\/2023\/11\/28\/forti-mal-di-testa-da-5-mesi-aveva-bacchette-cinesi-infilate-nel-cervello\/#breadcrumb\",\"itemListElement\":[{\"@type\":\"ListItem\",\"position\":1,\"name\":\"Home\",\"item\":\"https:\/\/newsvirali.it\/fr\/\"},{\"@type\":\"ListItem\",\"position\":2,\"name\":\"Forti mal di testa da 5 mesi, aveva bacchette cinesi infilate nel cervello\"}]},{\"@type\":\"WebSite\",\"@id\":\"https:\/\/newsvirali.it\/fr\/#website\",\"url\":\"https:\/\/newsvirali.it\/fr\/\",\"name\":\"Bake News\",\"description\":\"\",\"potentialAction\":[{\"@type\":\"SearchAction\",\"target\":{\"@type\":\"EntryPoint\",\"urlTemplate\":\"https:\/\/newsvirali.it\/fr\/?s={search_term_string}\"},\"query-input\":{\"@type\":\"PropertyValueSpecification\",\"valueRequired\":true,\"valueName\":\"search_term_string\"}}],\"inLanguage\":\"fr-FR\"},{\"@type\":\"Person\",\"@id\":\"https:\/\/newsvirali.it\/fr\/#\/schema\/person\/4c835f7b49c9adb58b33901ee816565d\",\"name\":\"Cecco Prestina\",\"description\":\"Perch\u00e9 nasconderlo? Cecco Prestina \u00e8 un alias, ma dietro di lui non si cela un algoritmo di intelligenza artificiale. C'\u00e8 un giornalista che ha oltre vent'anni di esperienza tutta sul web. Da quando il primo modem ha iniziato a gracchiare sul territorio italiano con Video on Line, Cecco ha capito che da quel doppino sarebbe passato il futuro. Ha dedidicato tutta la sua carriera a capire Internet e poi i social e ora l'Ai. Una carriera in costante aggiornamento. E questa esperienza la mette in campo ogni giorno. Per\u00f2 ogni tanto Cecco ha voglia anche di non scrivere \\\"pipponi\\\" sulla politica, sull'economia. Ha voglia anche di scrivere qualcosa di divertente. Le notizie che trovate su Bake News sono le stesse che Cecco porta all'aperitivo con gli amici. Quelle di cui discutere per farsi due risate. Notizie, vere (qualche volta si fa fatica a crederlo), strane, divertenti, ma anche serie. Bake News \u00e8 nato per questo, dare al pubblico notizie croccanti e calde come il pane che esce dal forno. E Cecco Prestina \u00e8 nato con Bake News.\",\"url\":\"https:\/\/newsvirali.it\/fr\/autore\/cecco-prestina\/\"}]}<\/script>\n<!-- \/ Yoast SEO Premium plugin. -->","yoast_head_json":{"title":"Mal di testa da 5 mesi, aveva bacchette cinesi infilate nel cervello","description":"A un 35enne al pronto soccorso per mal di testa gli trovano bacchette cinesi infilate nel cervello: ecco come sono arrivate l\u00ec.","robots":{"index":"index","follow":"follow","max-snippet":"max-snippet:-1","max-image-preview":"max-image-preview:large","max-video-preview":"max-video-preview:-1"},"canonical":"https:\/\/newsvirali.it\/fr\/2023\/11\/28\/de-graves-maux-de-tete-pendant-5-mois-avaient-des-baguettes-chinoises-coincees-dans-son-cerveau\/","og_locale":"fr_FR","og_type":"article","og_title":"Forti mal di testa da 5 mesi, aveva bacchette cinesi infilate nel cervello","og_description":"A un 35enne al pronto soccorso per mal di testa gli trovano bacchette cinesi infilate nel cervello: ecco come sono arrivate l\u00ec.","og_url":"https:\/\/newsvirali.it\/fr\/2023\/11\/28\/de-graves-maux-de-tete-pendant-5-mois-avaient-des-baguettes-chinoises-coincees-dans-son-cerveau\/","og_site_name":"News virali","article_published_time":"2023-11-28T12:02:10+00:00","article_modified_time":"2023-11-28T12:02:11+00:00","og_image":[{"width":650,"height":339,"url":"https:\/\/newsvirali.it\/wp-content\/uploads\/2023\/11\/Screenshot_1-15.jpg","type":"image\/jpeg"}],"author":"Cecco Prestina","twitter_card":"summary_large_image","twitter_misc":{"\u00c9crit par":"Cecco Prestina","Dur\u00e9e de lecture estim\u00e9e":"3 minutes"},"schema":{"@context":"https:\/\/schema.org","@graph":[{"@type":"NewsArticle","@id":"https:\/\/newsvirali.it\/2023\/11\/28\/forti-mal-di-testa-da-5-mesi-aveva-bacchette-cinesi-infilate-nel-cervello\/#article","isPartOf":{"@id":"https:\/\/newsvirali.it\/2023\/11\/28\/forti-mal-di-testa-da-5-mesi-aveva-bacchette-cinesi-infilate-nel-cervello\/"},"author":{"name":"Cecco Prestina","@id":"https:\/\/newsvirali.it\/fr\/#\/schema\/person\/4c835f7b49c9adb58b33901ee816565d"},"headline":"Forti mal di testa da 5 mesi, aveva bacchette cinesi infilate nel cervello","datePublished":"2023-11-28T12:02:10+00:00","dateModified":"2023-11-28T12:02:11+00:00","mainEntityOfPage":{"@id":"https:\/\/newsvirali.it\/2023\/11\/28\/forti-mal-di-testa-da-5-mesi-aveva-bacchette-cinesi-infilate-nel-cervello\/"},"wordCount":419,"commentCount":0,"image":{"@id":"https:\/\/newsvirali.it\/2023\/11\/28\/forti-mal-di-testa-da-5-mesi-aveva-bacchette-cinesi-infilate-nel-cervello\/#primaryimage"},"thumbnailUrl":"https:\/\/newsvirali.it\/wp-content\/uploads\/2023\/11\/Screenshot_1-15.jpg","articleSection":["Mondo"],"inLanguage":"fr-FR","potentialAction":[{"@type":"CommentAction","name":"Comment","target":["https:\/\/newsvirali.it\/2023\/11\/28\/forti-mal-di-testa-da-5-mesi-aveva-bacchette-cinesi-infilate-nel-cervello\/#respond"]}],"copyrightYear":"2023","copyrightHolder":{"@id":"https:\/\/newsvirali.it\/fr\/#organization"}},{"@type":"WebPage","@id":"https:\/\/newsvirali.it\/2023\/11\/28\/forti-mal-di-testa-da-5-mesi-aveva-bacchette-cinesi-infilate-nel-cervello\/","url":"https:\/\/newsvirali.it\/2023\/11\/28\/forti-mal-di-testa-da-5-mesi-aveva-bacchette-cinesi-infilate-nel-cervello\/","name":"Mal di testa da 5 mesi, aveva bacchette cinesi infilate nel cervello","isPartOf":{"@id":"https:\/\/newsvirali.it\/fr\/#website"},"primaryImageOfPage":{"@id":"https:\/\/newsvirali.it\/2023\/11\/28\/forti-mal-di-testa-da-5-mesi-aveva-bacchette-cinesi-infilate-nel-cervello\/#primaryimage"},"image":{"@id":"https:\/\/newsvirali.it\/2023\/11\/28\/forti-mal-di-testa-da-5-mesi-aveva-bacchette-cinesi-infilate-nel-cervello\/#primaryimage"},"thumbnailUrl":"https:\/\/newsvirali.it\/wp-content\/uploads\/2023\/11\/Screenshot_1-15.jpg","datePublished":"2023-11-28T12:02:10+00:00","dateModified":"2023-11-28T12:02:11+00:00","author":{"@id":"https:\/\/newsvirali.it\/fr\/#\/schema\/person\/4c835f7b49c9adb58b33901ee816565d"},"description":"A un 35enne al pronto soccorso per mal di testa gli trovano bacchette cinesi infilate nel cervello: ecco come sono arrivate l\u00ec.","breadcrumb":{"@id":"https:\/\/newsvirali.it\/2023\/11\/28\/forti-mal-di-testa-da-5-mesi-aveva-bacchette-cinesi-infilate-nel-cervello\/#breadcrumb"},"inLanguage":"fr-FR","potentialAction":[{"@type":"ReadAction","target":["https:\/\/newsvirali.it\/2023\/11\/28\/forti-mal-di-testa-da-5-mesi-aveva-bacchette-cinesi-infilate-nel-cervello\/"]}]},{"@type":"ImageObject","inLanguage":"fr-FR","@id":"https:\/\/newsvirali.it\/2023\/11\/28\/forti-mal-di-testa-da-5-mesi-aveva-bacchette-cinesi-infilate-nel-cervello\/#primaryimage","url":"https:\/\/newsvirali.it\/wp-content\/uploads\/2023\/11\/Screenshot_1-15.jpg","contentUrl":"https:\/\/newsvirali.it\/wp-content\/uploads\/2023\/11\/Screenshot_1-15.jpg","width":650,"height":339,"caption":"Forti mal di testa, aveva da 5 mesi bacchette cinesi infilate nel cervello"},{"@type":"BreadcrumbList","@id":"https:\/\/newsvirali.it\/2023\/11\/28\/forti-mal-di-testa-da-5-mesi-aveva-bacchette-cinesi-infilate-nel-cervello\/#breadcrumb","itemListElement":[{"@type":"ListItem","position":1,"name":"Home","item":"https:\/\/newsvirali.it\/fr\/"},{"@type":"ListItem","position":2,"name":"Forti mal di testa da 5 mesi, aveva bacchette cinesi infilate nel cervello"}]},{"@type":"WebSite","@id":"https:\/\/newsvirali.it\/fr\/#website","url":"https:\/\/newsvirali.it\/fr\/","name":"Bake News","description":"","potentialAction":[{"@type":"SearchAction","target":{"@type":"EntryPoint","urlTemplate":"https:\/\/newsvirali.it\/fr\/?s={search_term_string}"},"query-input":{"@type":"PropertyValueSpecification","valueRequired":true,"valueName":"search_term_string"}}],"inLanguage":"fr-FR"},{"@type":"Person","@id":"https:\/\/newsvirali.it\/fr\/#\/schema\/person\/4c835f7b49c9adb58b33901ee816565d","name":"Cecco Prestina","description":"Perch\u00e9 nasconderlo? Cecco Prestina \u00e8 un alias, ma dietro di lui non si cela un algoritmo di intelligenza artificiale. C'\u00e8 un giornalista che ha oltre vent'anni di esperienza tutta sul web. Da quando il primo modem ha iniziato a gracchiare sul territorio italiano con Video on Line, Cecco ha capito che da quel doppino sarebbe passato il futuro. Ha dedidicato tutta la sua carriera a capire Internet e poi i social e ora l'Ai. Una carriera in costante aggiornamento. E questa esperienza la mette in campo ogni giorno. Per\u00f2 ogni tanto Cecco ha voglia anche di non scrivere \"pipponi\" sulla politica, sull'economia. Ha voglia anche di scrivere qualcosa di divertente. Le notizie che trovate su Bake News sono le stesse che Cecco porta all'aperitivo con gli amici. Quelle di cui discutere per farsi due risate. Notizie, vere (qualche volta si fa fatica a crederlo), strane, divertenti, ma anche serie. Bake News \u00e8 nato per questo, dare al pubblico notizie croccanti e calde come il pane che esce dal forno. E Cecco Prestina \u00e8 nato con Bake News.","url":"https:\/\/newsvirali.it\/fr\/autore\/cecco-prestina\/"}]}},"_links":{"self":[{"href":"https:\/\/newsvirali.it\/fr\/wp-json\/wp\/v2\/posts\/10935","targetHints":{"allow":["GET"]}}],"collection":[{"href":"https:\/\/newsvirali.it\/fr\/wp-json\/wp\/v2\/posts"}],"about":[{"href":"https:\/\/newsvirali.it\/fr\/wp-json\/wp\/v2\/types\/post"}],"author":[{"embeddable":true,"href":"https:\/\/newsvirali.it\/fr\/wp-json\/wp\/v2\/users\/4"}],"replies":[{"embeddable":true,"href":"https:\/\/newsvirali.it\/fr\/wp-json\/wp\/v2\/comments?post=10935"}],"version-history":[{"count":3,"href":"https:\/\/newsvirali.it\/fr\/wp-json\/wp\/v2\/posts\/10935\/revisions"}],"predecessor-version":[{"id":10944,"href":"https:\/\/newsvirali.it\/fr\/wp-json\/wp\/v2\/posts\/10935\/revisions\/10944"}],"wp:featuredmedia":[{"embeddable":true,"href":"https:\/\/newsvirali.it\/fr\/wp-json\/wp\/v2\/media\/10938"}],"wp:attachment":[{"href":"https:\/\/newsvirali.it\/fr\/wp-json\/wp\/v2\/media?parent=10935"}],"wp:term":[{"taxonomy":"category","embeddable":true,"href":"https:\/\/newsvirali.it\/fr\/wp-json\/wp\/v2\/categories?post=10935"},{"taxonomy":"post_tag","embeddable":true,"href":"https:\/\/newsvirali.it\/fr\/wp-json\/wp\/v2\/tags?post=10935"}],"curies":[{"name":"wp","href":"https:\/\/api.w.org\/{rel}","templated":true}]}}