{"id":10729,"date":"2023-11-27T13:19:41","date_gmt":"2023-11-27T12:19:41","guid":{"rendered":"https:\/\/www.bakenews.it\/?p=10729"},"modified":"2023-11-27T13:19:42","modified_gmt":"2023-11-27T12:19:42","slug":"tragica-carambola-sbalzata-fuori-dal-bus-finisce-tagliata-in-due-da-un-treno","status":"publish","type":"post","link":"https:\/\/newsvirali.it\/fr\/2023\/11\/27\/une-carambole-tragique-jetee-dun-bus-finit-coupee-en-deux-par-un-train\/","title":{"rendered":"Une carambole tragique, jet\u00e9e hors du bus, finit coup\u00e9e en deux par un train"},"content":{"rendered":"<p>Une femme a \u00e9t\u00e9 coup\u00e9e en deux dans un \u00e9trange accident qui l&#039;a vue d&#039;abord tomber d&#039;un bus puis \u00eatre heurt\u00e9e par un train. Julia de Albuquerque Violato \u00e9tait \u00e0 bord d&#039;un bus qui s&#039;est retrouv\u00e9 sur les voies alors qu&#039;un train de marchandises approchait se dirigeait vers lui. La sc\u00e8ne enti\u00e8re a \u00e9t\u00e9 captur\u00e9e dans plusieurs vid\u00e9os choquantes qui ont captur\u00e9 les derniers instants avant que l&#039;homme de 37 ans ne soit tu\u00e9 dans des circonstances horribles.<\/p>\n\n\n\n<p><strong>LIRE AUSSI<\/strong><\/p>\n\n\n\n<ul class=\"wp-block-list\">\n<li><a href=\"https:\/\/www.bakenews.it\/bimbo-decapitato-in-incidente-stradale-i-chirurghi-fanno-il-miracolo\/\">Enfant d\u00e9capit\u00e9 dans un accident de la route : les chirurgiens font un miracle<\/a><\/li>\n\n\n\n<li><a href=\"https:\/\/www.bakenews.it\/aereo-perde-finestrini-re-carlo-equipaggio-accorge-alta-quota\/\">L&#039;avion utilis\u00e9 par le roi Charles perd ses hublots : l&#039;\u00e9quipage le remarque \u00e0 haute altitude<\/a><\/li>\n\n\n\n<li><a href=\"https:\/\/www.bakenews.it\/giocatore-di-hockey-muore-durante-partita-il-video-shock-della-tragedia\/\">Un joueur de hockey meurt pendant un match : la vid\u00e9o choc du drame<\/a><\/li>\n<\/ul>\n\n\n\n<h2 class=\"wp-block-heading\" id=\"h-tagliata-in-due-da-un-treno\">Coup\u00e9 en deux par un train<\/h2>\n\n\n\n<p>Un automobiliste attendant de traverser le passage \u00e0 niveau a enregistr\u00e9 le bruit du train de marchandises qui tentait de d\u00e9placer le bus. L&#039;impact \u00e9tait in\u00e9vitable. Julia a \u00e9t\u00e9 \u00e9ject\u00e9e du bus et a atterri sur les voies ferr\u00e9es, o\u00f9 elle a \u00e9t\u00e9 coup\u00e9e en deux par le train venant en sens inverse. Outre sa mort tragique, cinq personnes ont \u00e9t\u00e9 bless\u00e9es.<\/p>\n\n\n\n<p>Les pompiers br\u00e9siliens ont d\u00e9clar\u00e9 qu&#039;elle avait \u00e9t\u00e9 \u00e9ject\u00e9e du bus et heurt\u00e9e par le train. Quatre des cinq bless\u00e9s ont \u00e9galement \u00e9t\u00e9 nomm\u00e9s : Nildete Antunes Vitor, Julio Botelho Fernandes, Janderson Rodrigues da Costa et Pedro Domiense Campos. La cinqui\u00e8me victime, une jeune fille de 19 ans, n&#039;a pas \u00e9t\u00e9 nomm\u00e9e mais a \u00e9t\u00e9 transport\u00e9e d&#039;urgence \u00e0 l&#039;h\u00f4pital, \u00e9galement sous le choc apr\u00e8s avoir souffert d&#039;une d\u00e9pression nerveuse suite \u00e0 l&#039;incident d&#039;horreur et aux sc\u00e8nes chaotiques qui l&#039;ont entour\u00e9.<\/p>\n\n\n\n<h2 class=\"wp-block-heading\" id=\"h-la-madre-della-vittima-tornava-dalla-beneficenza\">La m\u00e8re de la victime : &quot;Il revenait de charit\u00e9&quot;<\/h2>\n\n\n\n<p>La m\u00e8re de Julia, Ana Rosa, 72 ans, a imput\u00e9 la mort de sa fille au chauffeur du bus, affirmant que &quot;ce n&#039;\u00e9tait pas un accident, c&#039;\u00e9tait un crime&quot;. <a href=\"https:\/\/www.dailystar.co.uk\/news\/world-news\/woman-cut-half-after-falling-31532250\" target=\"_blank\" rel=\"noreferrer noopener\">il a dit au Daily Star<\/a>. Il a \u00e9galement d\u00e9clar\u00e9 que Julia apportait des v\u00eatements dans un magasin caritatif lorsque le tragique accident s&#039;est produit. Ana Rosa se souvient \u00e9galement avec tendresse de sa fille : \u00ab Elle a pris soin de moi parce que, m\u00eame si je suis une personne active, je suis une personne \u00e2g\u00e9e. Il a toujours dit qu&#039;il ne voulait pas mourir avant moi. Il tenait beaucoup \u00e0 moi et m&#039;aimait tellement. Je ne sais pas comment je vivrai sans elle.&quot;<\/p>\n\n\n\n<p><strong>LIRE LES AUTRES NOUVELLES DU MONDE<\/strong><\/p>\n\n\n<ul class=\"wp-block-latest-posts__list wp-block-latest-posts\"><li><a class=\"wp-block-latest-posts__post-title\" href=\"https:\/\/newsvirali.it\/fr\/2026\/02\/12\/emma-amit-crabe-du-diable-mort\/\">La vlogueuse Emma Amit d\u00e9c\u00e8de apr\u00e8s avoir consomm\u00e9 du crabe du diable toxique<\/a><\/li>\n<li><a class=\"wp-block-latest-posts__post-title\" href=\"https:\/\/newsvirali.it\/fr\/2026\/02\/05\/suicide-des-trois-soeurs-en-inde\/\">Des parents confisquent les t\u00e9l\u00e9phones portables de trois s\u0153urs qui jouent excessivement aux jeux vid\u00e9o\u00a0: trois s\u0153urs se suicident<\/a><\/li>\n<li><a class=\"wp-block-latest-posts__post-title\" href=\"https:\/\/newsvirali.it\/fr\/2026\/01\/30\/arrestation-dans-un-complexe-hotelier-de-floride-pour-actes-obscenes\/\">Un h\u00f4tel de Floride fait sensation : un homme arr\u00eat\u00e9 pour exhibitionnisme avec un aspirateur<\/a><\/li>\n<li><a class=\"wp-block-latest-posts__post-title\" href=\"https:\/\/newsvirali.it\/fr\/2026\/01\/28\/un-pere-ivre-pend-son-fils-dans-une-video-choquante\/\">Un p\u00e8re ivre pend son fils par la fen\u00eatre : vid\u00e9o choquante<\/a><\/li>\n<li><a class=\"wp-block-latest-posts__post-title\" href=\"https:\/\/newsvirali.it\/fr\/2026\/01\/27\/une-enseignante-enceinte-et-un-eleve-de-13-ans\/\">Une enseignante admet \u00eatre tomb\u00e9e enceinte d&#039;un \u00e9l\u00e8ve de 13 ans<\/a><\/li>\n<\/ul><br \/>Suivez-nous \u00e9galement sur Google News : <b><a href=\"https:\/\/news.google.com\/publications\/CAAqBwgKMNqJiwswjMfqAg?hl=it&gl=IT&ceid=IT:it\" target=\"_blank\">Cliquez ici<\/a><\/b>","protected":false},"excerpt":{"rendered":"<p>Une femme est d\u00e9c\u00e9d\u00e9e coup\u00e9e en deux dans un \u00e9trange accident qui l&#039;a vue tomber pour la premi\u00e8re fois d&#039;un bus et [\u2026]<\/p>","protected":false},"author":4,"featured_media":10730,"comment_status":"open","ping_status":"open","sticky":false,"template":"","format":"standard","meta":{"MSN_Categories":"Uncategorized","MSN_Publish_Option":false,"MSN_Is_Local_News":false,"MSN_Is_AIAC_Included":"Empty","MSN_Location":"[]","MSN_Add_Feature_Img_On_Top_Of_Post":false,"MSN_Has_Custom_Author":false,"MSN_Custom_Author":"","MSN_Has_Custom_Canonical_Url":false,"MSN_Custom_Canonical_Url":"","footnotes":""},"categories":[9],"tags":[],"class_list":["post-10729","post","type-post","status-publish","format-standard","has-post-thumbnail","hentry","category-mondo"],"acf":[],"yoast_head":"<!-- This site is optimized with the Yoast SEO Premium plugin v26.7 (Yoast SEO v26.7) - https:\/\/yoast.com\/wordpress\/plugins\/seo\/ -->\n<title>Sbalzata fuori dal bus finisce tagliata in due da un treno<\/title>\n<meta name=\"description\" content=\"Un tragico incidente dove la vittima \u00e8 stata prima sbalzata fuori da un bus e poi \u00e8 finita tagliata in due da un treno: ecco la dinamica.\" \/>\n<meta name=\"robots\" content=\"index, follow, max-snippet:-1, max-image-preview:large, max-video-preview:-1\" \/>\n<link rel=\"canonical\" href=\"https:\/\/newsvirali.it\/fr\/2023\/11\/27\/une-carambole-tragique-jetee-dun-bus-finit-coupee-en-deux-par-un-train\/\" \/>\n<meta property=\"og:locale\" content=\"fr_FR\" \/>\n<meta property=\"og:type\" content=\"article\" \/>\n<meta property=\"og:title\" content=\"Tragica carambola, sbalzata fuori dal bus finisce tagliata in due da un treno\" \/>\n<meta property=\"og:description\" content=\"Un tragico incidente dove la vittima \u00e8 stata prima sbalzata fuori da un bus e poi \u00e8 finita tagliata in due da un treno: ecco la dinamica.\" \/>\n<meta property=\"og:url\" content=\"https:\/\/newsvirali.it\/fr\/2023\/11\/27\/une-carambole-tragique-jetee-dun-bus-finit-coupee-en-deux-par-un-train\/\" \/>\n<meta property=\"og:site_name\" content=\"News virali\" \/>\n<meta property=\"article:published_time\" content=\"2023-11-27T12:19:41+00:00\" \/>\n<meta property=\"article:modified_time\" content=\"2023-11-27T12:19:42+00:00\" \/>\n<meta property=\"og:image\" content=\"https:\/\/newsvirali.it\/wp-content\/uploads\/2023\/11\/MixCollage-27-Nov-2023-01-10-PM-2449.jpg\" \/>\n\t<meta property=\"og:image:width\" content=\"2000\" \/>\n\t<meta property=\"og:image:height\" content=\"1125\" \/>\n\t<meta property=\"og:image:type\" content=\"image\/jpeg\" \/>\n<meta name=\"author\" content=\"Cecco Prestina\" \/>\n<meta name=\"twitter:card\" content=\"summary_large_image\" \/>\n<meta name=\"twitter:label1\" content=\"\u00c9crit par\" \/>\n\t<meta name=\"twitter:data1\" content=\"Cecco Prestina\" \/>\n\t<meta name=\"twitter:label2\" content=\"Dur\u00e9e de lecture estim\u00e9e\" \/>\n\t<meta name=\"twitter:data2\" content=\"2 minutes\" \/>\n<script type=\"application\/ld+json\" class=\"yoast-schema-graph\">{\"@context\":\"https:\/\/schema.org\",\"@graph\":[{\"@type\":\"NewsArticle\",\"@id\":\"https:\/\/newsvirali.it\/2023\/11\/27\/tragica-carambola-sbalzata-fuori-dal-bus-finisce-tagliata-in-due-da-un-treno\/#article\",\"isPartOf\":{\"@id\":\"https:\/\/newsvirali.it\/2023\/11\/27\/tragica-carambola-sbalzata-fuori-dal-bus-finisce-tagliata-in-due-da-un-treno\/\"},\"author\":{\"name\":\"Cecco Prestina\",\"@id\":\"https:\/\/newsvirali.it\/fr\/#\/schema\/person\/4c835f7b49c9adb58b33901ee816565d\"},\"headline\":\"Tragica carambola, sbalzata fuori dal bus finisce tagliata in due da un treno\",\"datePublished\":\"2023-11-27T12:19:41+00:00\",\"dateModified\":\"2023-11-27T12:19:42+00:00\",\"mainEntityOfPage\":{\"@id\":\"https:\/\/newsvirali.it\/2023\/11\/27\/tragica-carambola-sbalzata-fuori-dal-bus-finisce-tagliata-in-due-da-un-treno\/\"},\"wordCount\":380,\"commentCount\":0,\"image\":{\"@id\":\"https:\/\/newsvirali.it\/2023\/11\/27\/tragica-carambola-sbalzata-fuori-dal-bus-finisce-tagliata-in-due-da-un-treno\/#primaryimage\"},\"thumbnailUrl\":\"https:\/\/newsvirali.it\/wp-content\/uploads\/2023\/11\/MixCollage-27-Nov-2023-01-10-PM-2449.jpg\",\"articleSection\":[\"Mondo\"],\"inLanguage\":\"fr-FR\",\"potentialAction\":[{\"@type\":\"CommentAction\",\"name\":\"Comment\",\"target\":[\"https:\/\/newsvirali.it\/2023\/11\/27\/tragica-carambola-sbalzata-fuori-dal-bus-finisce-tagliata-in-due-da-un-treno\/#respond\"]}],\"copyrightYear\":\"2023\",\"copyrightHolder\":{\"@id\":\"https:\/\/newsvirali.it\/fr\/#organization\"}},{\"@type\":\"WebPage\",\"@id\":\"https:\/\/newsvirali.it\/2023\/11\/27\/tragica-carambola-sbalzata-fuori-dal-bus-finisce-tagliata-in-due-da-un-treno\/\",\"url\":\"https:\/\/newsvirali.it\/2023\/11\/27\/tragica-carambola-sbalzata-fuori-dal-bus-finisce-tagliata-in-due-da-un-treno\/\",\"name\":\"Sbalzata fuori dal bus finisce tagliata in due da un treno\",\"isPartOf\":{\"@id\":\"https:\/\/newsvirali.it\/fr\/#website\"},\"primaryImageOfPage\":{\"@id\":\"https:\/\/newsvirali.it\/2023\/11\/27\/tragica-carambola-sbalzata-fuori-dal-bus-finisce-tagliata-in-due-da-un-treno\/#primaryimage\"},\"image\":{\"@id\":\"https:\/\/newsvirali.it\/2023\/11\/27\/tragica-carambola-sbalzata-fuori-dal-bus-finisce-tagliata-in-due-da-un-treno\/#primaryimage\"},\"thumbnailUrl\":\"https:\/\/newsvirali.it\/wp-content\/uploads\/2023\/11\/MixCollage-27-Nov-2023-01-10-PM-2449.jpg\",\"datePublished\":\"2023-11-27T12:19:41+00:00\",\"dateModified\":\"2023-11-27T12:19:42+00:00\",\"author\":{\"@id\":\"https:\/\/newsvirali.it\/fr\/#\/schema\/person\/4c835f7b49c9adb58b33901ee816565d\"},\"description\":\"Un tragico incidente dove la vittima \u00e8 stata prima sbalzata fuori da un bus e poi \u00e8 finita tagliata in due da un treno: ecco la dinamica.\",\"breadcrumb\":{\"@id\":\"https:\/\/newsvirali.it\/2023\/11\/27\/tragica-carambola-sbalzata-fuori-dal-bus-finisce-tagliata-in-due-da-un-treno\/#breadcrumb\"},\"inLanguage\":\"fr-FR\",\"potentialAction\":[{\"@type\":\"ReadAction\",\"target\":[\"https:\/\/newsvirali.it\/2023\/11\/27\/tragica-carambola-sbalzata-fuori-dal-bus-finisce-tagliata-in-due-da-un-treno\/\"]}]},{\"@type\":\"ImageObject\",\"inLanguage\":\"fr-FR\",\"@id\":\"https:\/\/newsvirali.it\/2023\/11\/27\/tragica-carambola-sbalzata-fuori-dal-bus-finisce-tagliata-in-due-da-un-treno\/#primaryimage\",\"url\":\"https:\/\/newsvirali.it\/wp-content\/uploads\/2023\/11\/MixCollage-27-Nov-2023-01-10-PM-2449.jpg\",\"contentUrl\":\"https:\/\/newsvirali.it\/wp-content\/uploads\/2023\/11\/MixCollage-27-Nov-2023-01-10-PM-2449.jpg\",\"width\":2000,\"height\":1125,\"caption\":\"Tragica carambola, sbalzata fuori dal bus finisce tagliata in due da un treno\"},{\"@type\":\"BreadcrumbList\",\"@id\":\"https:\/\/newsvirali.it\/2023\/11\/27\/tragica-carambola-sbalzata-fuori-dal-bus-finisce-tagliata-in-due-da-un-treno\/#breadcrumb\",\"itemListElement\":[{\"@type\":\"ListItem\",\"position\":1,\"name\":\"Home\",\"item\":\"https:\/\/newsvirali.it\/fr\/\"},{\"@type\":\"ListItem\",\"position\":2,\"name\":\"Tragica carambola, sbalzata fuori dal bus finisce tagliata in due da un treno\"}]},{\"@type\":\"WebSite\",\"@id\":\"https:\/\/newsvirali.it\/fr\/#website\",\"url\":\"https:\/\/newsvirali.it\/fr\/\",\"name\":\"Bake News\",\"description\":\"\",\"potentialAction\":[{\"@type\":\"SearchAction\",\"target\":{\"@type\":\"EntryPoint\",\"urlTemplate\":\"https:\/\/newsvirali.it\/fr\/?s={search_term_string}\"},\"query-input\":{\"@type\":\"PropertyValueSpecification\",\"valueRequired\":true,\"valueName\":\"search_term_string\"}}],\"inLanguage\":\"fr-FR\"},{\"@type\":\"Person\",\"@id\":\"https:\/\/newsvirali.it\/fr\/#\/schema\/person\/4c835f7b49c9adb58b33901ee816565d\",\"name\":\"Cecco Prestina\",\"description\":\"Perch\u00e9 nasconderlo? Cecco Prestina \u00e8 un alias, ma dietro di lui non si cela un algoritmo di intelligenza artificiale. C'\u00e8 un giornalista che ha oltre vent'anni di esperienza tutta sul web. Da quando il primo modem ha iniziato a gracchiare sul territorio italiano con Video on Line, Cecco ha capito che da quel doppino sarebbe passato il futuro. Ha dedidicato tutta la sua carriera a capire Internet e poi i social e ora l'Ai. Una carriera in costante aggiornamento. E questa esperienza la mette in campo ogni giorno. Per\u00f2 ogni tanto Cecco ha voglia anche di non scrivere \\\"pipponi\\\" sulla politica, sull'economia. Ha voglia anche di scrivere qualcosa di divertente. Le notizie che trovate su Bake News sono le stesse che Cecco porta all'aperitivo con gli amici. Quelle di cui discutere per farsi due risate. Notizie, vere (qualche volta si fa fatica a crederlo), strane, divertenti, ma anche serie. Bake News \u00e8 nato per questo, dare al pubblico notizie croccanti e calde come il pane che esce dal forno. E Cecco Prestina \u00e8 nato con Bake News.\",\"url\":\"https:\/\/newsvirali.it\/fr\/autore\/cecco-prestina\/\"}]}<\/script>\n<!-- \/ Yoast SEO Premium plugin. -->","yoast_head_json":{"title":"Sbalzata fuori dal bus finisce tagliata in due da un treno","description":"Un tragico incidente dove la vittima \u00e8 stata prima sbalzata fuori da un bus e poi \u00e8 finita tagliata in due da un treno: ecco la dinamica.","robots":{"index":"index","follow":"follow","max-snippet":"max-snippet:-1","max-image-preview":"max-image-preview:large","max-video-preview":"max-video-preview:-1"},"canonical":"https:\/\/newsvirali.it\/fr\/2023\/11\/27\/une-carambole-tragique-jetee-dun-bus-finit-coupee-en-deux-par-un-train\/","og_locale":"fr_FR","og_type":"article","og_title":"Tragica carambola, sbalzata fuori dal bus finisce tagliata in due da un treno","og_description":"Un tragico incidente dove la vittima \u00e8 stata prima sbalzata fuori da un bus e poi \u00e8 finita tagliata in due da un treno: ecco la dinamica.","og_url":"https:\/\/newsvirali.it\/fr\/2023\/11\/27\/une-carambole-tragique-jetee-dun-bus-finit-coupee-en-deux-par-un-train\/","og_site_name":"News virali","article_published_time":"2023-11-27T12:19:41+00:00","article_modified_time":"2023-11-27T12:19:42+00:00","og_image":[{"width":2000,"height":1125,"url":"https:\/\/newsvirali.it\/wp-content\/uploads\/2023\/11\/MixCollage-27-Nov-2023-01-10-PM-2449.jpg","type":"image\/jpeg"}],"author":"Cecco Prestina","twitter_card":"summary_large_image","twitter_misc":{"\u00c9crit par":"Cecco Prestina","Dur\u00e9e de lecture estim\u00e9e":"2 minutes"},"schema":{"@context":"https:\/\/schema.org","@graph":[{"@type":"NewsArticle","@id":"https:\/\/newsvirali.it\/2023\/11\/27\/tragica-carambola-sbalzata-fuori-dal-bus-finisce-tagliata-in-due-da-un-treno\/#article","isPartOf":{"@id":"https:\/\/newsvirali.it\/2023\/11\/27\/tragica-carambola-sbalzata-fuori-dal-bus-finisce-tagliata-in-due-da-un-treno\/"},"author":{"name":"Cecco Prestina","@id":"https:\/\/newsvirali.it\/fr\/#\/schema\/person\/4c835f7b49c9adb58b33901ee816565d"},"headline":"Tragica carambola, sbalzata fuori dal bus finisce tagliata in due da un treno","datePublished":"2023-11-27T12:19:41+00:00","dateModified":"2023-11-27T12:19:42+00:00","mainEntityOfPage":{"@id":"https:\/\/newsvirali.it\/2023\/11\/27\/tragica-carambola-sbalzata-fuori-dal-bus-finisce-tagliata-in-due-da-un-treno\/"},"wordCount":380,"commentCount":0,"image":{"@id":"https:\/\/newsvirali.it\/2023\/11\/27\/tragica-carambola-sbalzata-fuori-dal-bus-finisce-tagliata-in-due-da-un-treno\/#primaryimage"},"thumbnailUrl":"https:\/\/newsvirali.it\/wp-content\/uploads\/2023\/11\/MixCollage-27-Nov-2023-01-10-PM-2449.jpg","articleSection":["Mondo"],"inLanguage":"fr-FR","potentialAction":[{"@type":"CommentAction","name":"Comment","target":["https:\/\/newsvirali.it\/2023\/11\/27\/tragica-carambola-sbalzata-fuori-dal-bus-finisce-tagliata-in-due-da-un-treno\/#respond"]}],"copyrightYear":"2023","copyrightHolder":{"@id":"https:\/\/newsvirali.it\/fr\/#organization"}},{"@type":"WebPage","@id":"https:\/\/newsvirali.it\/2023\/11\/27\/tragica-carambola-sbalzata-fuori-dal-bus-finisce-tagliata-in-due-da-un-treno\/","url":"https:\/\/newsvirali.it\/2023\/11\/27\/tragica-carambola-sbalzata-fuori-dal-bus-finisce-tagliata-in-due-da-un-treno\/","name":"Sbalzata fuori dal bus finisce tagliata in due da un treno","isPartOf":{"@id":"https:\/\/newsvirali.it\/fr\/#website"},"primaryImageOfPage":{"@id":"https:\/\/newsvirali.it\/2023\/11\/27\/tragica-carambola-sbalzata-fuori-dal-bus-finisce-tagliata-in-due-da-un-treno\/#primaryimage"},"image":{"@id":"https:\/\/newsvirali.it\/2023\/11\/27\/tragica-carambola-sbalzata-fuori-dal-bus-finisce-tagliata-in-due-da-un-treno\/#primaryimage"},"thumbnailUrl":"https:\/\/newsvirali.it\/wp-content\/uploads\/2023\/11\/MixCollage-27-Nov-2023-01-10-PM-2449.jpg","datePublished":"2023-11-27T12:19:41+00:00","dateModified":"2023-11-27T12:19:42+00:00","author":{"@id":"https:\/\/newsvirali.it\/fr\/#\/schema\/person\/4c835f7b49c9adb58b33901ee816565d"},"description":"Un tragico incidente dove la vittima \u00e8 stata prima sbalzata fuori da un bus e poi \u00e8 finita tagliata in due da un treno: ecco la dinamica.","breadcrumb":{"@id":"https:\/\/newsvirali.it\/2023\/11\/27\/tragica-carambola-sbalzata-fuori-dal-bus-finisce-tagliata-in-due-da-un-treno\/#breadcrumb"},"inLanguage":"fr-FR","potentialAction":[{"@type":"ReadAction","target":["https:\/\/newsvirali.it\/2023\/11\/27\/tragica-carambola-sbalzata-fuori-dal-bus-finisce-tagliata-in-due-da-un-treno\/"]}]},{"@type":"ImageObject","inLanguage":"fr-FR","@id":"https:\/\/newsvirali.it\/2023\/11\/27\/tragica-carambola-sbalzata-fuori-dal-bus-finisce-tagliata-in-due-da-un-treno\/#primaryimage","url":"https:\/\/newsvirali.it\/wp-content\/uploads\/2023\/11\/MixCollage-27-Nov-2023-01-10-PM-2449.jpg","contentUrl":"https:\/\/newsvirali.it\/wp-content\/uploads\/2023\/11\/MixCollage-27-Nov-2023-01-10-PM-2449.jpg","width":2000,"height":1125,"caption":"Tragica carambola, sbalzata fuori dal bus finisce tagliata in due da un treno"},{"@type":"BreadcrumbList","@id":"https:\/\/newsvirali.it\/2023\/11\/27\/tragica-carambola-sbalzata-fuori-dal-bus-finisce-tagliata-in-due-da-un-treno\/#breadcrumb","itemListElement":[{"@type":"ListItem","position":1,"name":"Home","item":"https:\/\/newsvirali.it\/fr\/"},{"@type":"ListItem","position":2,"name":"Tragica carambola, sbalzata fuori dal bus finisce tagliata in due da un treno"}]},{"@type":"WebSite","@id":"https:\/\/newsvirali.it\/fr\/#website","url":"https:\/\/newsvirali.it\/fr\/","name":"Bake News","description":"","potentialAction":[{"@type":"SearchAction","target":{"@type":"EntryPoint","urlTemplate":"https:\/\/newsvirali.it\/fr\/?s={search_term_string}"},"query-input":{"@type":"PropertyValueSpecification","valueRequired":true,"valueName":"search_term_string"}}],"inLanguage":"fr-FR"},{"@type":"Person","@id":"https:\/\/newsvirali.it\/fr\/#\/schema\/person\/4c835f7b49c9adb58b33901ee816565d","name":"Cecco Prestina","description":"Perch\u00e9 nasconderlo? Cecco Prestina \u00e8 un alias, ma dietro di lui non si cela un algoritmo di intelligenza artificiale. C'\u00e8 un giornalista che ha oltre vent'anni di esperienza tutta sul web. Da quando il primo modem ha iniziato a gracchiare sul territorio italiano con Video on Line, Cecco ha capito che da quel doppino sarebbe passato il futuro. Ha dedidicato tutta la sua carriera a capire Internet e poi i social e ora l'Ai. Una carriera in costante aggiornamento. E questa esperienza la mette in campo ogni giorno. Per\u00f2 ogni tanto Cecco ha voglia anche di non scrivere \"pipponi\" sulla politica, sull'economia. Ha voglia anche di scrivere qualcosa di divertente. Le notizie che trovate su Bake News sono le stesse che Cecco porta all'aperitivo con gli amici. Quelle di cui discutere per farsi due risate. Notizie, vere (qualche volta si fa fatica a crederlo), strane, divertenti, ma anche serie. Bake News \u00e8 nato per questo, dare al pubblico notizie croccanti e calde come il pane che esce dal forno. E Cecco Prestina \u00e8 nato con Bake News.","url":"https:\/\/newsvirali.it\/fr\/autore\/cecco-prestina\/"}]}},"_links":{"self":[{"href":"https:\/\/newsvirali.it\/fr\/wp-json\/wp\/v2\/posts\/10729","targetHints":{"allow":["GET"]}}],"collection":[{"href":"https:\/\/newsvirali.it\/fr\/wp-json\/wp\/v2\/posts"}],"about":[{"href":"https:\/\/newsvirali.it\/fr\/wp-json\/wp\/v2\/types\/post"}],"author":[{"embeddable":true,"href":"https:\/\/newsvirali.it\/fr\/wp-json\/wp\/v2\/users\/4"}],"replies":[{"embeddable":true,"href":"https:\/\/newsvirali.it\/fr\/wp-json\/wp\/v2\/comments?post=10729"}],"version-history":[{"count":4,"href":"https:\/\/newsvirali.it\/fr\/wp-json\/wp\/v2\/posts\/10729\/revisions"}],"predecessor-version":[{"id":10766,"href":"https:\/\/newsvirali.it\/fr\/wp-json\/wp\/v2\/posts\/10729\/revisions\/10766"}],"wp:featuredmedia":[{"embeddable":true,"href":"https:\/\/newsvirali.it\/fr\/wp-json\/wp\/v2\/media\/10730"}],"wp:attachment":[{"href":"https:\/\/newsvirali.it\/fr\/wp-json\/wp\/v2\/media?parent=10729"}],"wp:term":[{"taxonomy":"category","embeddable":true,"href":"https:\/\/newsvirali.it\/fr\/wp-json\/wp\/v2\/categories?post=10729"},{"taxonomy":"post_tag","embeddable":true,"href":"https:\/\/newsvirali.it\/fr\/wp-json\/wp\/v2\/tags?post=10729"}],"curies":[{"name":"wp","href":"https:\/\/api.w.org\/{rel}","templated":true}]}}