{"id":9198,"date":"2023-11-06T15:01:11","date_gmt":"2023-11-06T14:01:11","guid":{"rendered":"https:\/\/www.bakenews.it\/?p=9198"},"modified":"2023-11-06T15:01:11","modified_gmt":"2023-11-06T14:01:11","slug":"fiorello-tv-simbolo-fascista-imbarazzo-rai","status":"publish","type":"post","link":"https:\/\/newsvirali.it\/es\/2023\/11\/06\/fiorello-tv-simbolo-fascista-verguenza-rai\/","title":{"rendered":"Fiorello en la televisi\u00f3n con el s\u00edmbolo fascista: la verg\u00fcenza de Rai"},"content":{"rendered":"<p>Fiorello est\u00e1 avergonzado y con \u00e9l Rai despu\u00e9s de que se difundiera en las redes sociales la noticia de la presencia de un s\u00edmbolo fascista durante una de sus entrevistas. La culpa es de un hombre encargado de velar por la seguridad en torno al programa &#039;Viva Rai2&#039;. El hombre, con una cruz celta claramente visible alrededor del cuello, fue filmado por varios tel\u00e9fonos inteligentes y c\u00e1maras durante una entrevista con Fiorello, realizada al margen del primer episodio de la temporada.<\/p>\n\n\n\n<p><\/p>\n\n\n\n<hr class=\"wp-block-separator has-alpha-channel-opacity\"\/>\n\n\n\n<p><strong>LEER TAMBI\u00c9N<\/strong><\/p>\n\n\n\n<ul class=\"wp-block-list\">\n<li><a href=\"https:\/\/www.bakenews.it\/influencer-prende-bagaglio-poppe-al-vento-imbarazzo\/\">Influencer toma equipaje y queda colgado al viento: verg\u00fcenza en el vuelo<\/a><\/li>\n\n\n\n<li><a href=\"https:\/\/www.bakenews.it\/imbarazzo-pentagono-cannone-automatico-punta-aereo-di-linea\/\">Verg\u00fcenza en el Pent\u00e1gono, ca\u00f1\u00f3n autom\u00e1tico apunta a avi\u00f3n de pasajeros: los soldados se r\u00eden<\/a><\/li>\n\n\n\n<li><a href=\"https:\/\/www.bakenews.it\/perde-volo-prova-fermarlo-pista-arrestata-video-virale\/\">Pierde el vuelo e intenta detenerlo en la pista y es detenida: el video se vuelve viral<\/a><\/li>\n<\/ul>\n\n\n\n<hr class=\"wp-block-separator has-alpha-channel-opacity\"\/>\n\n\n\n<p><\/p>\n\n\n\n<p>El responsable de seguridad se situ\u00f3 cerca del showman siciliano durante la entrevista que Fiorello concedi\u00f3 a los periodistas que segu\u00edan el primer episodio en la nueva ubicaci\u00f3n del Foro It\u00e1lico. Al final del episodio, Fiorello fue, como de costumbre, a firmar aut\u00f3grafos y tomarse selfies con los numerosos fans. Y fue seguido visiblemente por agentes de seguridad en los espacios exteriores del programa, donde cada ma\u00f1ana cientos de personas miran la retransmisi\u00f3n detr\u00e1s de las barreras.<\/p>\n\n\n\n<h2 class=\"wp-block-heading\" id=\"h-fiorello-e-il-simbolo-fascista-interviene-la-rai\">Fiorello y el s\u00edmbolo fascista, Rai interviene<\/h2>\n\n\n\n<p>Aprovechando el momento dedicado a los aficionados, los periodistas se acercaron y entrevistaron a Fiorello, grabando v\u00eddeos en los que tambi\u00e9n se ve al hombre con la cruz celta al cuello, colocado cerca del showman. Tan pronto como circularon los v\u00eddeos, Rai intervino. Y advirti\u00f3 a los responsables de la empresa Amt Dual Service que se ocupa de la seguridad de &#039;Viva Rai2&#039; para que no se repitan episodios similares.<\/p>\n\n\n\n<h2 class=\"wp-block-heading\" id=\"h-che-cosa-significa-la-croce-celtica\">\u00bfQu\u00e9 significa la cruz celta?<\/h2>\n\n\n\n<p>La cruz celta es un s\u00edmbolo antiguo que se origina en las culturas precristianas del noroeste de Europa. Es una cruz con un c\u00edrculo rode\u00e1ndola, que representa la uni\u00f3n entre el mundo material y espiritual. La cruz celta fue adoptada por los cristianos irlandeses en la Edad Media, como s\u00edmbolo de su fe e identidad cultural. Hoy en d\u00eda, la cruz celta es utilizada por muchos grupos y movimientos, tanto religiosos como pol\u00edticos, para expresar su conexi\u00f3n con las tradiciones celtas o con valores como la libertad, la naturaleza y la armon\u00eda. M\u00e1s tarde se convirti\u00f3 en un s\u00edmbolo t\u00edpico de algunos movimientos de extrema derecha, pero los opositores de estas ideolog\u00edas se opusieron a su uso. El significado de la cruz celta, como lo indican los grupos neodru\u00eddicos, no tiene base hist\u00f3rica.<\/p>\n<br \/>S\u00edguenos tambi\u00e9n en Google News: <b><a href=\"https:\/\/news.google.com\/publications\/CAAqBwgKMNqJiwswjMfqAg?hl=it&gl=IT&ceid=IT:it\" target=\"_blank\">haga clic aqu\u00ed<\/a><\/b>","protected":false},"excerpt":{"rendered":"<p>Fiorello avergonzado tras la noticia de la presencia de un s\u00edmbolo fascista durante una entrevista. \u00bfRai en riesgo por culpa de un hombre con una cruz celta alrededor del cuello? Descubra lo que pas\u00f3 en el episodio de la primera temporada y las posibles consecuencias.<\/p>","protected":false},"author":4,"featured_media":9199,"comment_status":"open","ping_status":"open","sticky":false,"template":"","format":"standard","meta":{"MSN_Categories":"Uncategorized","MSN_Publish_Option":false,"MSN_Is_Local_News":false,"MSN_Is_AIAC_Included":"Empty","MSN_Location":"[]","MSN_Add_Feature_Img_On_Top_Of_Post":false,"MSN_Has_Custom_Author":false,"MSN_Custom_Author":"","MSN_Has_Custom_Canonical_Url":false,"MSN_Custom_Canonical_Url":"","footnotes":""},"categories":[18],"tags":[],"class_list":["post-9198","post","type-post","status-publish","format-standard","has-post-thumbnail","hentry","category-televisione"],"acf":[],"yoast_head":"<!-- This site is optimized with the Yoast SEO Premium plugin v26.7 (Yoast SEO v26.7) - https:\/\/yoast.com\/wordpress\/plugins\/seo\/ -->\n<title>Fiorello in tv col simbolo fascista: l&#039;imbarazzo della Rai<\/title>\n<meta name=\"description\" content=\"Fiorello in imbarazzo dopo la notizia della presenza di un simbolo fascista durante un&#039;intervista. Scopri cosa \u00e8 accaduto.\" \/>\n<meta name=\"robots\" content=\"index, follow, max-snippet:-1, max-image-preview:large, max-video-preview:-1\" \/>\n<link rel=\"canonical\" href=\"https:\/\/newsvirali.it\/es\/2023\/11\/06\/fiorello-tv-simbolo-fascista-verguenza-rai\/\" \/>\n<meta property=\"og:locale\" content=\"es_ES\" \/>\n<meta property=\"og:type\" content=\"article\" \/>\n<meta property=\"og:title\" content=\"Fiorello in tv col simbolo fascista: l&#039;imbarazzo della Rai\" \/>\n<meta property=\"og:description\" content=\"Fiorello in imbarazzo dopo la notizia della presenza di un simbolo fascista durante un&#039;intervista. Scopri cosa \u00e8 accaduto.\" \/>\n<meta property=\"og:url\" content=\"https:\/\/newsvirali.it\/es\/2023\/11\/06\/fiorello-tv-simbolo-fascista-verguenza-rai\/\" \/>\n<meta property=\"og:site_name\" content=\"News virali\" \/>\n<meta property=\"article:published_time\" content=\"2023-11-06T14:01:11+00:00\" \/>\n<meta property=\"og:image\" content=\"https:\/\/newsvirali.it\/wp-content\/uploads\/2023\/11\/Senza-titolo-1.jpg\" \/>\n\t<meta property=\"og:image:width\" content=\"1661\" \/>\n\t<meta property=\"og:image:height\" content=\"867\" \/>\n\t<meta property=\"og:image:type\" content=\"image\/jpeg\" \/>\n<meta name=\"author\" content=\"Cecco Prestina\" \/>\n<meta name=\"twitter:card\" content=\"summary_large_image\" \/>\n<meta name=\"twitter:label1\" content=\"Escrito por\" \/>\n\t<meta name=\"twitter:data1\" content=\"Cecco Prestina\" \/>\n\t<meta name=\"twitter:label2\" content=\"Tiempo de lectura\" \/>\n\t<meta name=\"twitter:data2\" content=\"3 minutos\" \/>\n<script type=\"application\/ld+json\" class=\"yoast-schema-graph\">{\"@context\":\"https:\/\/schema.org\",\"@graph\":[{\"@type\":\"NewsArticle\",\"@id\":\"https:\/\/newsvirali.it\/2023\/11\/06\/fiorello-tv-simbolo-fascista-imbarazzo-rai\/#article\",\"isPartOf\":{\"@id\":\"https:\/\/newsvirali.it\/2023\/11\/06\/fiorello-tv-simbolo-fascista-imbarazzo-rai\/\"},\"author\":{\"name\":\"Cecco Prestina\",\"@id\":\"https:\/\/newsvirali.it\/fr\/#\/schema\/person\/4c835f7b49c9adb58b33901ee816565d\"},\"headline\":\"Fiorello in tv col simbolo fascista: l&#8217;imbarazzo della Rai\",\"datePublished\":\"2023-11-06T14:01:11+00:00\",\"mainEntityOfPage\":{\"@id\":\"https:\/\/newsvirali.it\/2023\/11\/06\/fiorello-tv-simbolo-fascista-imbarazzo-rai\/\"},\"wordCount\":403,\"commentCount\":0,\"image\":{\"@id\":\"https:\/\/newsvirali.it\/2023\/11\/06\/fiorello-tv-simbolo-fascista-imbarazzo-rai\/#primaryimage\"},\"thumbnailUrl\":\"https:\/\/newsvirali.it\/wp-content\/uploads\/2023\/11\/Senza-titolo-1.jpg\",\"articleSection\":[\"Televisione\"],\"inLanguage\":\"es\",\"potentialAction\":[{\"@type\":\"CommentAction\",\"name\":\"Comment\",\"target\":[\"https:\/\/newsvirali.it\/2023\/11\/06\/fiorello-tv-simbolo-fascista-imbarazzo-rai\/#respond\"]}],\"copyrightYear\":\"2023\",\"copyrightHolder\":{\"@id\":\"https:\/\/newsvirali.it\/es\/#organization\"}},{\"@type\":\"WebPage\",\"@id\":\"https:\/\/newsvirali.it\/2023\/11\/06\/fiorello-tv-simbolo-fascista-imbarazzo-rai\/\",\"url\":\"https:\/\/newsvirali.it\/2023\/11\/06\/fiorello-tv-simbolo-fascista-imbarazzo-rai\/\",\"name\":\"Fiorello in tv col simbolo fascista: l'imbarazzo della Rai\",\"isPartOf\":{\"@id\":\"https:\/\/newsvirali.it\/fr\/#website\"},\"primaryImageOfPage\":{\"@id\":\"https:\/\/newsvirali.it\/2023\/11\/06\/fiorello-tv-simbolo-fascista-imbarazzo-rai\/#primaryimage\"},\"image\":{\"@id\":\"https:\/\/newsvirali.it\/2023\/11\/06\/fiorello-tv-simbolo-fascista-imbarazzo-rai\/#primaryimage\"},\"thumbnailUrl\":\"https:\/\/newsvirali.it\/wp-content\/uploads\/2023\/11\/Senza-titolo-1.jpg\",\"datePublished\":\"2023-11-06T14:01:11+00:00\",\"author\":{\"@id\":\"https:\/\/newsvirali.it\/fr\/#\/schema\/person\/4c835f7b49c9adb58b33901ee816565d\"},\"description\":\"Fiorello in imbarazzo dopo la notizia della presenza di un simbolo fascista durante un'intervista. Scopri cosa \u00e8 accaduto.\",\"breadcrumb\":{\"@id\":\"https:\/\/newsvirali.it\/2023\/11\/06\/fiorello-tv-simbolo-fascista-imbarazzo-rai\/#breadcrumb\"},\"inLanguage\":\"es\",\"potentialAction\":[{\"@type\":\"ReadAction\",\"target\":[\"https:\/\/newsvirali.it\/2023\/11\/06\/fiorello-tv-simbolo-fascista-imbarazzo-rai\/\"]}]},{\"@type\":\"ImageObject\",\"inLanguage\":\"es\",\"@id\":\"https:\/\/newsvirali.it\/2023\/11\/06\/fiorello-tv-simbolo-fascista-imbarazzo-rai\/#primaryimage\",\"url\":\"https:\/\/newsvirali.it\/wp-content\/uploads\/2023\/11\/Senza-titolo-1.jpg\",\"contentUrl\":\"https:\/\/newsvirali.it\/wp-content\/uploads\/2023\/11\/Senza-titolo-1.jpg\",\"width\":1661,\"height\":867,\"caption\":\"Fiorello in tv col simbolo fascista: l'imbarazzo della Rai\"},{\"@type\":\"BreadcrumbList\",\"@id\":\"https:\/\/newsvirali.it\/2023\/11\/06\/fiorello-tv-simbolo-fascista-imbarazzo-rai\/#breadcrumb\",\"itemListElement\":[{\"@type\":\"ListItem\",\"position\":1,\"name\":\"Home\",\"item\":\"https:\/\/newsvirali.it\/fr\/\"},{\"@type\":\"ListItem\",\"position\":2,\"name\":\"Fiorello in tv col simbolo fascista: l&#8217;imbarazzo della Rai\"}]},{\"@type\":\"WebSite\",\"@id\":\"https:\/\/newsvirali.it\/fr\/#website\",\"url\":\"https:\/\/newsvirali.it\/fr\/\",\"name\":\"Bake News\",\"description\":\"\",\"potentialAction\":[{\"@type\":\"SearchAction\",\"target\":{\"@type\":\"EntryPoint\",\"urlTemplate\":\"https:\/\/newsvirali.it\/fr\/?s={search_term_string}\"},\"query-input\":{\"@type\":\"PropertyValueSpecification\",\"valueRequired\":true,\"valueName\":\"search_term_string\"}}],\"inLanguage\":\"es\"},{\"@type\":\"Person\",\"@id\":\"https:\/\/newsvirali.it\/fr\/#\/schema\/person\/4c835f7b49c9adb58b33901ee816565d\",\"name\":\"Cecco Prestina\",\"description\":\"Perch\u00e9 nasconderlo? Cecco Prestina \u00e8 un alias, ma dietro di lui non si cela un algoritmo di intelligenza artificiale. C'\u00e8 un giornalista che ha oltre vent'anni di esperienza tutta sul web. Da quando il primo modem ha iniziato a gracchiare sul territorio italiano con Video on Line, Cecco ha capito che da quel doppino sarebbe passato il futuro. Ha dedidicato tutta la sua carriera a capire Internet e poi i social e ora l'Ai. Una carriera in costante aggiornamento. E questa esperienza la mette in campo ogni giorno. Per\u00f2 ogni tanto Cecco ha voglia anche di non scrivere \\\"pipponi\\\" sulla politica, sull'economia. Ha voglia anche di scrivere qualcosa di divertente. Le notizie che trovate su Bake News sono le stesse che Cecco porta all'aperitivo con gli amici. Quelle di cui discutere per farsi due risate. Notizie, vere (qualche volta si fa fatica a crederlo), strane, divertenti, ma anche serie. Bake News \u00e8 nato per questo, dare al pubblico notizie croccanti e calde come il pane che esce dal forno. E Cecco Prestina \u00e8 nato con Bake News.\",\"url\":\"https:\/\/newsvirali.it\/es\/autore\/cecco-prestina\/\"}]}<\/script>\n<!-- \/ Yoast SEO Premium plugin. -->","yoast_head_json":{"title":"Fiorello in tv col simbolo fascista: l'imbarazzo della Rai","description":"Fiorello in imbarazzo dopo la notizia della presenza di un simbolo fascista durante un'intervista. Scopri cosa \u00e8 accaduto.","robots":{"index":"index","follow":"follow","max-snippet":"max-snippet:-1","max-image-preview":"max-image-preview:large","max-video-preview":"max-video-preview:-1"},"canonical":"https:\/\/newsvirali.it\/es\/2023\/11\/06\/fiorello-tv-simbolo-fascista-verguenza-rai\/","og_locale":"es_ES","og_type":"article","og_title":"Fiorello in tv col simbolo fascista: l'imbarazzo della Rai","og_description":"Fiorello in imbarazzo dopo la notizia della presenza di un simbolo fascista durante un'intervista. Scopri cosa \u00e8 accaduto.","og_url":"https:\/\/newsvirali.it\/es\/2023\/11\/06\/fiorello-tv-simbolo-fascista-verguenza-rai\/","og_site_name":"News virali","article_published_time":"2023-11-06T14:01:11+00:00","og_image":[{"width":1661,"height":867,"url":"https:\/\/newsvirali.it\/wp-content\/uploads\/2023\/11\/Senza-titolo-1.jpg","type":"image\/jpeg"}],"author":"Cecco Prestina","twitter_card":"summary_large_image","twitter_misc":{"Escrito por":"Cecco Prestina","Tiempo de lectura":"3 minutos"},"schema":{"@context":"https:\/\/schema.org","@graph":[{"@type":"NewsArticle","@id":"https:\/\/newsvirali.it\/2023\/11\/06\/fiorello-tv-simbolo-fascista-imbarazzo-rai\/#article","isPartOf":{"@id":"https:\/\/newsvirali.it\/2023\/11\/06\/fiorello-tv-simbolo-fascista-imbarazzo-rai\/"},"author":{"name":"Cecco Prestina","@id":"https:\/\/newsvirali.it\/fr\/#\/schema\/person\/4c835f7b49c9adb58b33901ee816565d"},"headline":"Fiorello in tv col simbolo fascista: l&#8217;imbarazzo della Rai","datePublished":"2023-11-06T14:01:11+00:00","mainEntityOfPage":{"@id":"https:\/\/newsvirali.it\/2023\/11\/06\/fiorello-tv-simbolo-fascista-imbarazzo-rai\/"},"wordCount":403,"commentCount":0,"image":{"@id":"https:\/\/newsvirali.it\/2023\/11\/06\/fiorello-tv-simbolo-fascista-imbarazzo-rai\/#primaryimage"},"thumbnailUrl":"https:\/\/newsvirali.it\/wp-content\/uploads\/2023\/11\/Senza-titolo-1.jpg","articleSection":["Televisione"],"inLanguage":"es","potentialAction":[{"@type":"CommentAction","name":"Comment","target":["https:\/\/newsvirali.it\/2023\/11\/06\/fiorello-tv-simbolo-fascista-imbarazzo-rai\/#respond"]}],"copyrightYear":"2023","copyrightHolder":{"@id":"https:\/\/newsvirali.it\/es\/#organization"}},{"@type":"WebPage","@id":"https:\/\/newsvirali.it\/2023\/11\/06\/fiorello-tv-simbolo-fascista-imbarazzo-rai\/","url":"https:\/\/newsvirali.it\/2023\/11\/06\/fiorello-tv-simbolo-fascista-imbarazzo-rai\/","name":"Fiorello in tv col simbolo fascista: l'imbarazzo della Rai","isPartOf":{"@id":"https:\/\/newsvirali.it\/fr\/#website"},"primaryImageOfPage":{"@id":"https:\/\/newsvirali.it\/2023\/11\/06\/fiorello-tv-simbolo-fascista-imbarazzo-rai\/#primaryimage"},"image":{"@id":"https:\/\/newsvirali.it\/2023\/11\/06\/fiorello-tv-simbolo-fascista-imbarazzo-rai\/#primaryimage"},"thumbnailUrl":"https:\/\/newsvirali.it\/wp-content\/uploads\/2023\/11\/Senza-titolo-1.jpg","datePublished":"2023-11-06T14:01:11+00:00","author":{"@id":"https:\/\/newsvirali.it\/fr\/#\/schema\/person\/4c835f7b49c9adb58b33901ee816565d"},"description":"Fiorello in imbarazzo dopo la notizia della presenza di un simbolo fascista durante un'intervista. Scopri cosa \u00e8 accaduto.","breadcrumb":{"@id":"https:\/\/newsvirali.it\/2023\/11\/06\/fiorello-tv-simbolo-fascista-imbarazzo-rai\/#breadcrumb"},"inLanguage":"es","potentialAction":[{"@type":"ReadAction","target":["https:\/\/newsvirali.it\/2023\/11\/06\/fiorello-tv-simbolo-fascista-imbarazzo-rai\/"]}]},{"@type":"ImageObject","inLanguage":"es","@id":"https:\/\/newsvirali.it\/2023\/11\/06\/fiorello-tv-simbolo-fascista-imbarazzo-rai\/#primaryimage","url":"https:\/\/newsvirali.it\/wp-content\/uploads\/2023\/11\/Senza-titolo-1.jpg","contentUrl":"https:\/\/newsvirali.it\/wp-content\/uploads\/2023\/11\/Senza-titolo-1.jpg","width":1661,"height":867,"caption":"Fiorello in tv col simbolo fascista: l'imbarazzo della Rai"},{"@type":"BreadcrumbList","@id":"https:\/\/newsvirali.it\/2023\/11\/06\/fiorello-tv-simbolo-fascista-imbarazzo-rai\/#breadcrumb","itemListElement":[{"@type":"ListItem","position":1,"name":"Home","item":"https:\/\/newsvirali.it\/fr\/"},{"@type":"ListItem","position":2,"name":"Fiorello in tv col simbolo fascista: l&#8217;imbarazzo della Rai"}]},{"@type":"WebSite","@id":"https:\/\/newsvirali.it\/fr\/#website","url":"https:\/\/newsvirali.it\/fr\/","name":"Bake News","description":"","potentialAction":[{"@type":"SearchAction","target":{"@type":"EntryPoint","urlTemplate":"https:\/\/newsvirali.it\/fr\/?s={search_term_string}"},"query-input":{"@type":"PropertyValueSpecification","valueRequired":true,"valueName":"search_term_string"}}],"inLanguage":"es"},{"@type":"Person","@id":"https:\/\/newsvirali.it\/fr\/#\/schema\/person\/4c835f7b49c9adb58b33901ee816565d","name":"Cecco Prestina","description":"Perch\u00e9 nasconderlo? Cecco Prestina \u00e8 un alias, ma dietro di lui non si cela un algoritmo di intelligenza artificiale. C'\u00e8 un giornalista che ha oltre vent'anni di esperienza tutta sul web. Da quando il primo modem ha iniziato a gracchiare sul territorio italiano con Video on Line, Cecco ha capito che da quel doppino sarebbe passato il futuro. Ha dedidicato tutta la sua carriera a capire Internet e poi i social e ora l'Ai. Una carriera in costante aggiornamento. E questa esperienza la mette in campo ogni giorno. Per\u00f2 ogni tanto Cecco ha voglia anche di non scrivere \"pipponi\" sulla politica, sull'economia. Ha voglia anche di scrivere qualcosa di divertente. Le notizie che trovate su Bake News sono le stesse che Cecco porta all'aperitivo con gli amici. Quelle di cui discutere per farsi due risate. Notizie, vere (qualche volta si fa fatica a crederlo), strane, divertenti, ma anche serie. Bake News \u00e8 nato per questo, dare al pubblico notizie croccanti e calde come il pane che esce dal forno. E Cecco Prestina \u00e8 nato con Bake News.","url":"https:\/\/newsvirali.it\/es\/autore\/cecco-prestina\/"}]}},"_links":{"self":[{"href":"https:\/\/newsvirali.it\/es\/wp-json\/wp\/v2\/posts\/9198","targetHints":{"allow":["GET"]}}],"collection":[{"href":"https:\/\/newsvirali.it\/es\/wp-json\/wp\/v2\/posts"}],"about":[{"href":"https:\/\/newsvirali.it\/es\/wp-json\/wp\/v2\/types\/post"}],"author":[{"embeddable":true,"href":"https:\/\/newsvirali.it\/es\/wp-json\/wp\/v2\/users\/4"}],"replies":[{"embeddable":true,"href":"https:\/\/newsvirali.it\/es\/wp-json\/wp\/v2\/comments?post=9198"}],"version-history":[{"count":2,"href":"https:\/\/newsvirali.it\/es\/wp-json\/wp\/v2\/posts\/9198\/revisions"}],"predecessor-version":[{"id":9201,"href":"https:\/\/newsvirali.it\/es\/wp-json\/wp\/v2\/posts\/9198\/revisions\/9201"}],"wp:featuredmedia":[{"embeddable":true,"href":"https:\/\/newsvirali.it\/es\/wp-json\/wp\/v2\/media\/9199"}],"wp:attachment":[{"href":"https:\/\/newsvirali.it\/es\/wp-json\/wp\/v2\/media?parent=9198"}],"wp:term":[{"taxonomy":"category","embeddable":true,"href":"https:\/\/newsvirali.it\/es\/wp-json\/wp\/v2\/categories?post=9198"},{"taxonomy":"post_tag","embeddable":true,"href":"https:\/\/newsvirali.it\/es\/wp-json\/wp\/v2\/tags?post=9198"}],"curies":[{"name":"wp","href":"https:\/\/api.w.org\/{rel}","templated":true}]}}