{"id":6442,"date":"2023-10-05T17:24:28","date_gmt":"2023-10-05T15:24:28","guid":{"rendered":"https:\/\/www.bakenews.it\/?p=6442"},"modified":"2023-10-05T17:24:29","modified_gmt":"2023-10-05T15:24:29","slug":"mark-zuckerberg-con-gli-occhi-neri-pugni-in-faccia-da-musk","status":"publish","type":"post","link":"https:\/\/newsvirali.it\/es\/2023\/10\/05\/mark-zuckerberg-con-ojos-negros-golpeado-en-la-cara-por-musk\/","title":{"rendered":"Mark Zuckerberg con ojos negros: \u201cMusk le dio un pu\u00f1etazo en la cara\u201d"},"content":{"rendered":"<p>El director ejecutivo de Meta, Mark Zuckerberg, public\u00f3 una imagen en su cuenta de Instagram que lo muestra con dos ojos morados y la nariz magullada despu\u00e9s de una sesi\u00f3n de entrenamiento. Zuckerberg subtitul\u00f3 la foto: \u201cEl combate se sali\u00f3 de control. Es posible que sea necesario actualizar mi avatar&quot;.<br>Tras el confinamiento por el Covid-19, Zuckerberg se hizo conocido por su afinidad por las artes marciales mixtas y en un momento se rumoreaba que se estaba preparando para una <a href=\"https:\/\/www.bakenews.it\/elon-musk-vuole-picchiare-zuckerberg-e-lui-lo-sfida-ti-prendo-a-calci-in-c-o\/\">Lucha de MMA contra el jefe de X, Elon Musk<\/a> , pero el rumor sobre el posible encuentro ha desaparecido por completo. Pero esto no impidi\u00f3 que algunos comentaristas se burlaran de la foto de Zuckerberg pregunt\u00e1ndole: &quot;\u00bfFue Musk quien te rompi\u00f3 la cara?&quot;.<\/p>\n\n\n\n<p><\/p>\n\n\n\n<hr class=\"wp-block-separator has-alpha-channel-opacity\"\/>\n\n\n\n<p><strong>LEER TAMBI\u00c9N<\/strong><\/p>\n\n\n\n<ul class=\"wp-block-list\">\n<li><a href=\"https:\/\/www.bakenews.it\/zuckerberg-dieta-lottatore-4mila-calorie-mcdonalds\/\">Zuckerberg revela la dieta de su luchador: 4 mil calor\u00edas de McDonald&#039;s<\/a><\/li>\n\n\n\n<li><a href=\"https:\/\/www.bakenews.it\/lo-stalker-di-musk-cacciato-da-twitter-accolto-subito-da-threads-di-zuckerberg\/\">El &quot;acosador&quot; de Musk expulsado de Twitter fue inmediatamente recibido por los hilos de Zuckerberg<\/a><\/li>\n\n\n\n<li><a href=\"https:\/\/www.bakenews.it\/musk-cerca-cavie-umane-per-testare-chip-cerebrale\/\">Musk busca conejillos de indias humanos para probar el chip cerebral: 1.500 animales murieron en las pruebas<\/a><\/li>\n<\/ul>\n\n\n\n<hr class=\"wp-block-separator has-alpha-channel-opacity\"\/>\n\n\n\n<p><\/p>\n\n\n\n<h2 class=\"wp-block-heading\" id=\"h-i-consigli-dei-lottatori-tieni-le-braccia-su\">El consejo de los luchadores: &quot;Mant\u00e9n los brazos en alto&quot;<\/h2>\n\n\n\n<p>La foto de Zuckerberg tambi\u00e9n llam\u00f3 la atenci\u00f3n de algunos profesionales muy conocidos en el mundo de las MMA. El ex campe\u00f3n de peso mediano y semipesado de ONE Championship, Aung La Nsang, coment\u00f3 sobre la foto de Zuckerberg y dijo: &quot;Quiz\u00e1s tengas que mantener las manos en alto, Mark&quot;. Will Gomis, quien pelea en UFC, tambi\u00e9n coment\u00f3 y dijo: \u201cLo que no te mata te hace m\u00e1s fuerte\u201d. Zuckerberg compiti\u00f3 en un torneo de jiu-jitsu brasile\u00f1o a principios de este a\u00f1o en California y logr\u00f3 llevarse a casa dos medallas de la competencia.<\/p>\n\n\n\n<h2 class=\"wp-block-heading\" id=\"h-mark-zuckerberg-e-gli-allenamenti-di-mma\">Mark Zuckerberg y el entrenamiento de MMA<\/h2>\n\n\n\n<p>El hombre de 39 a\u00f1os tambi\u00e9n ha sido visto entrenando con algunos de los mejores luchadores de MMA del mundo, como \u201cThe Last Stylebender\u201d Israel Adesanya. Si bien parece poco probable que la propuesta \u201cBatalla de los multimillonarios\u201d suceda, el presidente de UFC, Dana White, habl\u00f3 recientemente sobre la pelea hipot\u00e9tica y dijo que cualquier organizaci\u00f3n ben\u00e9fica que recibiera donaciones de la pelea ser\u00eda la verdadera ganadora.<\/p>\n\n\n\n<p><br>\u201cD\u00e9jenme decirles qui\u00e9n ganar\u00eda en esa pelea: cualquier organizaci\u00f3n ben\u00e9fica elegida para donar el dinero\u201d, a\u00f1adi\u00f3 White. &quot;Ser\u00edan los ganadores generales porque creo que eso generar\u00eda mil millones de d\u00f3lares en ingresos y quer\u00edan que 90% del dinero se destinara a organizaciones ben\u00e9ficas&quot;.<\/p>\n<br \/>S\u00edguenos tambi\u00e9n en Google News: <b><a href=\"https:\/\/news.google.com\/publications\/CAAqBwgKMNqJiwswjMfqAg?hl=it&gl=IT&ceid=IT:it\" target=\"_blank\">haga clic aqu\u00ed<\/a><\/b>","protected":false},"excerpt":{"rendered":"<p>El CEO de Meta, Mark Zuckerberg, public\u00f3 una imagen en su cuenta de Instagram donde se le muestra con dos ojos negros [...]<\/p>","protected":false},"author":4,"featured_media":6445,"comment_status":"open","ping_status":"open","sticky":false,"template":"","format":"standard","meta":{"MSN_Categories":"Uncategorized","MSN_Publish_Option":false,"MSN_Is_Local_News":false,"MSN_Is_AIAC_Included":"Empty","MSN_Location":"[]","MSN_Add_Feature_Img_On_Top_Of_Post":false,"MSN_Has_Custom_Author":false,"MSN_Custom_Author":"","MSN_Has_Custom_Canonical_Url":false,"MSN_Custom_Canonical_Url":"","footnotes":""},"categories":[9],"tags":[299,312],"class_list":["post-6442","post","type-post","status-publish","format-standard","has-post-thumbnail","hentry","category-mondo","tag-elon-musk","tag-mark-zuckerberg"],"acf":[],"yoast_head":"<!-- This site is optimized with the Yoast SEO Premium plugin v26.7 (Yoast SEO v26.7) - https:\/\/yoast.com\/wordpress\/plugins\/seo\/ -->\n<title>Mark Zuckerberg con gli occhi neri: &quot;Pugni in faccia da Musk&quot;<\/title>\n<meta name=\"description\" content=\"Mark Zuckerberg mostra un naso ammaccato e gli occhi neri in una foto. Fan preoccupati, ecco cosa \u00e8 successo davvero.\" \/>\n<meta name=\"robots\" content=\"index, follow, max-snippet:-1, max-image-preview:large, max-video-preview:-1\" \/>\n<link rel=\"canonical\" href=\"https:\/\/newsvirali.it\/es\/2023\/10\/05\/mark-zuckerberg-con-ojos-negros-golpeado-en-la-cara-por-musk\/\" \/>\n<meta property=\"og:locale\" content=\"es_ES\" \/>\n<meta property=\"og:type\" content=\"article\" \/>\n<meta property=\"og:title\" content=\"Mark Zuckerberg con gli occhi neri: &quot;Pugni in faccia da Musk&quot;\" \/>\n<meta property=\"og:description\" content=\"Mark Zuckerberg occhi neri: Il CEO di Meta mostra una foto del suo naso ammaccato che \u00e8 il risultato della sua sessione di allenamento in MMA. #MarkZuckerberg #occhiniGrigi #MMA\" \/>\n<meta property=\"og:url\" content=\"https:\/\/newsvirali.it\/es\/2023\/10\/05\/mark-zuckerberg-con-ojos-negros-golpeado-en-la-cara-por-musk\/\" \/>\n<meta property=\"og:site_name\" content=\"News virali\" \/>\n<meta property=\"article:published_time\" content=\"2023-10-05T15:24:28+00:00\" \/>\n<meta property=\"article:modified_time\" content=\"2023-10-05T15:24:29+00:00\" \/>\n<meta property=\"og:image\" content=\"https:\/\/newsvirali.it\/wp-content\/uploads\/2023\/10\/Collage-Maker-05-Oct-2023-05-13-PM-2204.jpg\" \/>\n\t<meta property=\"og:image:width\" content=\"2560\" \/>\n\t<meta property=\"og:image:height\" content=\"1440\" \/>\n\t<meta property=\"og:image:type\" content=\"image\/jpeg\" \/>\n<meta name=\"author\" content=\"Cecco Prestina\" \/>\n<meta name=\"twitter:card\" content=\"summary_large_image\" \/>\n<meta name=\"twitter:description\" content=\"Mark Zuckerberg porta occhi neri e naso ammaccato dopo un allenamento di MMA, scopri cosa ne pensano i professionisti delle arti miste #MarkZuckerberg #occhini #elonmusk\" \/>\n<meta name=\"twitter:label1\" content=\"Escrito por\" \/>\n\t<meta name=\"twitter:data1\" content=\"Cecco Prestina\" \/>\n\t<meta name=\"twitter:label2\" content=\"Tiempo de lectura\" \/>\n\t<meta name=\"twitter:data2\" content=\"3 minutos\" \/>\n<script type=\"application\/ld+json\" class=\"yoast-schema-graph\">{\"@context\":\"https:\/\/schema.org\",\"@graph\":[{\"@type\":\"NewsArticle\",\"@id\":\"https:\/\/newsvirali.it\/2023\/10\/05\/mark-zuckerberg-con-gli-occhi-neri-pugni-in-faccia-da-musk\/#article\",\"isPartOf\":{\"@id\":\"https:\/\/newsvirali.it\/2023\/10\/05\/mark-zuckerberg-con-gli-occhi-neri-pugni-in-faccia-da-musk\/\"},\"author\":{\"name\":\"Cecco Prestina\",\"@id\":\"https:\/\/newsvirali.it\/fr\/#\/schema\/person\/4c835f7b49c9adb58b33901ee816565d\"},\"headline\":\"Mark Zuckerberg con gli occhi neri: &#8220;Pugni in faccia da Musk&#8221;\",\"datePublished\":\"2023-10-05T15:24:28+00:00\",\"dateModified\":\"2023-10-05T15:24:29+00:00\",\"mainEntityOfPage\":{\"@id\":\"https:\/\/newsvirali.it\/2023\/10\/05\/mark-zuckerberg-con-gli-occhi-neri-pugni-in-faccia-da-musk\/\"},\"wordCount\":396,\"commentCount\":0,\"image\":{\"@id\":\"https:\/\/newsvirali.it\/2023\/10\/05\/mark-zuckerberg-con-gli-occhi-neri-pugni-in-faccia-da-musk\/#primaryimage\"},\"thumbnailUrl\":\"https:\/\/newsvirali.it\/wp-content\/uploads\/2023\/10\/Collage-Maker-05-Oct-2023-05-13-PM-2204.jpg\",\"keywords\":[\"elon musk\",\"mark zuckerberg\"],\"articleSection\":[\"Mondo\"],\"inLanguage\":\"es\",\"potentialAction\":[{\"@type\":\"CommentAction\",\"name\":\"Comment\",\"target\":[\"https:\/\/newsvirali.it\/2023\/10\/05\/mark-zuckerberg-con-gli-occhi-neri-pugni-in-faccia-da-musk\/#respond\"]}],\"copyrightYear\":\"2023\",\"copyrightHolder\":{\"@id\":\"https:\/\/newsvirali.it\/es\/#organization\"}},{\"@type\":\"WebPage\",\"@id\":\"https:\/\/newsvirali.it\/2023\/10\/05\/mark-zuckerberg-con-gli-occhi-neri-pugni-in-faccia-da-musk\/\",\"url\":\"https:\/\/newsvirali.it\/2023\/10\/05\/mark-zuckerberg-con-gli-occhi-neri-pugni-in-faccia-da-musk\/\",\"name\":\"Mark Zuckerberg con gli occhi neri: \\\"Pugni in faccia da Musk\\\"\",\"isPartOf\":{\"@id\":\"https:\/\/newsvirali.it\/fr\/#website\"},\"primaryImageOfPage\":{\"@id\":\"https:\/\/newsvirali.it\/2023\/10\/05\/mark-zuckerberg-con-gli-occhi-neri-pugni-in-faccia-da-musk\/#primaryimage\"},\"image\":{\"@id\":\"https:\/\/newsvirali.it\/2023\/10\/05\/mark-zuckerberg-con-gli-occhi-neri-pugni-in-faccia-da-musk\/#primaryimage\"},\"thumbnailUrl\":\"https:\/\/newsvirali.it\/wp-content\/uploads\/2023\/10\/Collage-Maker-05-Oct-2023-05-13-PM-2204.jpg\",\"datePublished\":\"2023-10-05T15:24:28+00:00\",\"dateModified\":\"2023-10-05T15:24:29+00:00\",\"author\":{\"@id\":\"https:\/\/newsvirali.it\/fr\/#\/schema\/person\/4c835f7b49c9adb58b33901ee816565d\"},\"description\":\"Mark Zuckerberg mostra un naso ammaccato e gli occhi neri in una foto. Fan preoccupati, ecco cosa \u00e8 successo davvero.\",\"breadcrumb\":{\"@id\":\"https:\/\/newsvirali.it\/2023\/10\/05\/mark-zuckerberg-con-gli-occhi-neri-pugni-in-faccia-da-musk\/#breadcrumb\"},\"inLanguage\":\"es\",\"potentialAction\":[{\"@type\":\"ReadAction\",\"target\":[\"https:\/\/newsvirali.it\/2023\/10\/05\/mark-zuckerberg-con-gli-occhi-neri-pugni-in-faccia-da-musk\/\"]}]},{\"@type\":\"ImageObject\",\"inLanguage\":\"es\",\"@id\":\"https:\/\/newsvirali.it\/2023\/10\/05\/mark-zuckerberg-con-gli-occhi-neri-pugni-in-faccia-da-musk\/#primaryimage\",\"url\":\"https:\/\/newsvirali.it\/wp-content\/uploads\/2023\/10\/Collage-Maker-05-Oct-2023-05-13-PM-2204.jpg\",\"contentUrl\":\"https:\/\/newsvirali.it\/wp-content\/uploads\/2023\/10\/Collage-Maker-05-Oct-2023-05-13-PM-2204.jpg\",\"width\":2560,\"height\":1440,\"caption\":\"Mark Zuckerberg preso a pugni in faccia\"},{\"@type\":\"BreadcrumbList\",\"@id\":\"https:\/\/newsvirali.it\/2023\/10\/05\/mark-zuckerberg-con-gli-occhi-neri-pugni-in-faccia-da-musk\/#breadcrumb\",\"itemListElement\":[{\"@type\":\"ListItem\",\"position\":1,\"name\":\"Home\",\"item\":\"https:\/\/newsvirali.it\/fr\/\"},{\"@type\":\"ListItem\",\"position\":2,\"name\":\"Mark Zuckerberg con gli occhi neri: &#8220;Pugni in faccia da Musk&#8221;\"}]},{\"@type\":\"WebSite\",\"@id\":\"https:\/\/newsvirali.it\/fr\/#website\",\"url\":\"https:\/\/newsvirali.it\/fr\/\",\"name\":\"Bake News\",\"description\":\"\",\"potentialAction\":[{\"@type\":\"SearchAction\",\"target\":{\"@type\":\"EntryPoint\",\"urlTemplate\":\"https:\/\/newsvirali.it\/fr\/?s={search_term_string}\"},\"query-input\":{\"@type\":\"PropertyValueSpecification\",\"valueRequired\":true,\"valueName\":\"search_term_string\"}}],\"inLanguage\":\"es\"},{\"@type\":\"Person\",\"@id\":\"https:\/\/newsvirali.it\/fr\/#\/schema\/person\/4c835f7b49c9adb58b33901ee816565d\",\"name\":\"Cecco Prestina\",\"description\":\"Perch\u00e9 nasconderlo? Cecco Prestina \u00e8 un alias, ma dietro di lui non si cela un algoritmo di intelligenza artificiale. C'\u00e8 un giornalista che ha oltre vent'anni di esperienza tutta sul web. Da quando il primo modem ha iniziato a gracchiare sul territorio italiano con Video on Line, Cecco ha capito che da quel doppino sarebbe passato il futuro. Ha dedidicato tutta la sua carriera a capire Internet e poi i social e ora l'Ai. Una carriera in costante aggiornamento. E questa esperienza la mette in campo ogni giorno. Per\u00f2 ogni tanto Cecco ha voglia anche di non scrivere \\\"pipponi\\\" sulla politica, sull'economia. Ha voglia anche di scrivere qualcosa di divertente. Le notizie che trovate su Bake News sono le stesse che Cecco porta all'aperitivo con gli amici. Quelle di cui discutere per farsi due risate. Notizie, vere (qualche volta si fa fatica a crederlo), strane, divertenti, ma anche serie. Bake News \u00e8 nato per questo, dare al pubblico notizie croccanti e calde come il pane che esce dal forno. E Cecco Prestina \u00e8 nato con Bake News.\",\"url\":\"https:\/\/newsvirali.it\/es\/autore\/cecco-prestina\/\"}]}<\/script>\n<!-- \/ Yoast SEO Premium plugin. -->","yoast_head_json":{"title":"Mark Zuckerberg con gli occhi neri: \"Pugni in faccia da Musk\"","description":"Mark Zuckerberg mostra un naso ammaccato e gli occhi neri in una foto. Fan preoccupati, ecco cosa \u00e8 successo davvero.","robots":{"index":"index","follow":"follow","max-snippet":"max-snippet:-1","max-image-preview":"max-image-preview:large","max-video-preview":"max-video-preview:-1"},"canonical":"https:\/\/newsvirali.it\/es\/2023\/10\/05\/mark-zuckerberg-con-ojos-negros-golpeado-en-la-cara-por-musk\/","og_locale":"es_ES","og_type":"article","og_title":"Mark Zuckerberg con gli occhi neri: \"Pugni in faccia da Musk\"","og_description":"Mark Zuckerberg occhi neri: Il CEO di Meta mostra una foto del suo naso ammaccato che \u00e8 il risultato della sua sessione di allenamento in MMA. #MarkZuckerberg #occhiniGrigi #MMA","og_url":"https:\/\/newsvirali.it\/es\/2023\/10\/05\/mark-zuckerberg-con-ojos-negros-golpeado-en-la-cara-por-musk\/","og_site_name":"News virali","article_published_time":"2023-10-05T15:24:28+00:00","article_modified_time":"2023-10-05T15:24:29+00:00","og_image":[{"width":2560,"height":1440,"url":"https:\/\/newsvirali.it\/wp-content\/uploads\/2023\/10\/Collage-Maker-05-Oct-2023-05-13-PM-2204.jpg","type":"image\/jpeg"}],"author":"Cecco Prestina","twitter_card":"summary_large_image","twitter_description":"Mark Zuckerberg porta occhi neri e naso ammaccato dopo un allenamento di MMA, scopri cosa ne pensano i professionisti delle arti miste #MarkZuckerberg #occhini #elonmusk","twitter_misc":{"Escrito por":"Cecco Prestina","Tiempo de lectura":"3 minutos"},"schema":{"@context":"https:\/\/schema.org","@graph":[{"@type":"NewsArticle","@id":"https:\/\/newsvirali.it\/2023\/10\/05\/mark-zuckerberg-con-gli-occhi-neri-pugni-in-faccia-da-musk\/#article","isPartOf":{"@id":"https:\/\/newsvirali.it\/2023\/10\/05\/mark-zuckerberg-con-gli-occhi-neri-pugni-in-faccia-da-musk\/"},"author":{"name":"Cecco Prestina","@id":"https:\/\/newsvirali.it\/fr\/#\/schema\/person\/4c835f7b49c9adb58b33901ee816565d"},"headline":"Mark Zuckerberg con gli occhi neri: &#8220;Pugni in faccia da Musk&#8221;","datePublished":"2023-10-05T15:24:28+00:00","dateModified":"2023-10-05T15:24:29+00:00","mainEntityOfPage":{"@id":"https:\/\/newsvirali.it\/2023\/10\/05\/mark-zuckerberg-con-gli-occhi-neri-pugni-in-faccia-da-musk\/"},"wordCount":396,"commentCount":0,"image":{"@id":"https:\/\/newsvirali.it\/2023\/10\/05\/mark-zuckerberg-con-gli-occhi-neri-pugni-in-faccia-da-musk\/#primaryimage"},"thumbnailUrl":"https:\/\/newsvirali.it\/wp-content\/uploads\/2023\/10\/Collage-Maker-05-Oct-2023-05-13-PM-2204.jpg","keywords":["elon musk","mark zuckerberg"],"articleSection":["Mondo"],"inLanguage":"es","potentialAction":[{"@type":"CommentAction","name":"Comment","target":["https:\/\/newsvirali.it\/2023\/10\/05\/mark-zuckerberg-con-gli-occhi-neri-pugni-in-faccia-da-musk\/#respond"]}],"copyrightYear":"2023","copyrightHolder":{"@id":"https:\/\/newsvirali.it\/es\/#organization"}},{"@type":"WebPage","@id":"https:\/\/newsvirali.it\/2023\/10\/05\/mark-zuckerberg-con-gli-occhi-neri-pugni-in-faccia-da-musk\/","url":"https:\/\/newsvirali.it\/2023\/10\/05\/mark-zuckerberg-con-gli-occhi-neri-pugni-in-faccia-da-musk\/","name":"Mark Zuckerberg con gli occhi neri: \"Pugni in faccia da Musk\"","isPartOf":{"@id":"https:\/\/newsvirali.it\/fr\/#website"},"primaryImageOfPage":{"@id":"https:\/\/newsvirali.it\/2023\/10\/05\/mark-zuckerberg-con-gli-occhi-neri-pugni-in-faccia-da-musk\/#primaryimage"},"image":{"@id":"https:\/\/newsvirali.it\/2023\/10\/05\/mark-zuckerberg-con-gli-occhi-neri-pugni-in-faccia-da-musk\/#primaryimage"},"thumbnailUrl":"https:\/\/newsvirali.it\/wp-content\/uploads\/2023\/10\/Collage-Maker-05-Oct-2023-05-13-PM-2204.jpg","datePublished":"2023-10-05T15:24:28+00:00","dateModified":"2023-10-05T15:24:29+00:00","author":{"@id":"https:\/\/newsvirali.it\/fr\/#\/schema\/person\/4c835f7b49c9adb58b33901ee816565d"},"description":"Mark Zuckerberg mostra un naso ammaccato e gli occhi neri in una foto. Fan preoccupati, ecco cosa \u00e8 successo davvero.","breadcrumb":{"@id":"https:\/\/newsvirali.it\/2023\/10\/05\/mark-zuckerberg-con-gli-occhi-neri-pugni-in-faccia-da-musk\/#breadcrumb"},"inLanguage":"es","potentialAction":[{"@type":"ReadAction","target":["https:\/\/newsvirali.it\/2023\/10\/05\/mark-zuckerberg-con-gli-occhi-neri-pugni-in-faccia-da-musk\/"]}]},{"@type":"ImageObject","inLanguage":"es","@id":"https:\/\/newsvirali.it\/2023\/10\/05\/mark-zuckerberg-con-gli-occhi-neri-pugni-in-faccia-da-musk\/#primaryimage","url":"https:\/\/newsvirali.it\/wp-content\/uploads\/2023\/10\/Collage-Maker-05-Oct-2023-05-13-PM-2204.jpg","contentUrl":"https:\/\/newsvirali.it\/wp-content\/uploads\/2023\/10\/Collage-Maker-05-Oct-2023-05-13-PM-2204.jpg","width":2560,"height":1440,"caption":"Mark Zuckerberg preso a pugni in faccia"},{"@type":"BreadcrumbList","@id":"https:\/\/newsvirali.it\/2023\/10\/05\/mark-zuckerberg-con-gli-occhi-neri-pugni-in-faccia-da-musk\/#breadcrumb","itemListElement":[{"@type":"ListItem","position":1,"name":"Home","item":"https:\/\/newsvirali.it\/fr\/"},{"@type":"ListItem","position":2,"name":"Mark Zuckerberg con gli occhi neri: &#8220;Pugni in faccia da Musk&#8221;"}]},{"@type":"WebSite","@id":"https:\/\/newsvirali.it\/fr\/#website","url":"https:\/\/newsvirali.it\/fr\/","name":"Bake News","description":"","potentialAction":[{"@type":"SearchAction","target":{"@type":"EntryPoint","urlTemplate":"https:\/\/newsvirali.it\/fr\/?s={search_term_string}"},"query-input":{"@type":"PropertyValueSpecification","valueRequired":true,"valueName":"search_term_string"}}],"inLanguage":"es"},{"@type":"Person","@id":"https:\/\/newsvirali.it\/fr\/#\/schema\/person\/4c835f7b49c9adb58b33901ee816565d","name":"Cecco Prestina","description":"Perch\u00e9 nasconderlo? Cecco Prestina \u00e8 un alias, ma dietro di lui non si cela un algoritmo di intelligenza artificiale. C'\u00e8 un giornalista che ha oltre vent'anni di esperienza tutta sul web. Da quando il primo modem ha iniziato a gracchiare sul territorio italiano con Video on Line, Cecco ha capito che da quel doppino sarebbe passato il futuro. Ha dedidicato tutta la sua carriera a capire Internet e poi i social e ora l'Ai. Una carriera in costante aggiornamento. E questa esperienza la mette in campo ogni giorno. Per\u00f2 ogni tanto Cecco ha voglia anche di non scrivere \"pipponi\" sulla politica, sull'economia. Ha voglia anche di scrivere qualcosa di divertente. Le notizie che trovate su Bake News sono le stesse che Cecco porta all'aperitivo con gli amici. Quelle di cui discutere per farsi due risate. Notizie, vere (qualche volta si fa fatica a crederlo), strane, divertenti, ma anche serie. Bake News \u00e8 nato per questo, dare al pubblico notizie croccanti e calde come il pane che esce dal forno. E Cecco Prestina \u00e8 nato con Bake News.","url":"https:\/\/newsvirali.it\/es\/autore\/cecco-prestina\/"}]}},"_links":{"self":[{"href":"https:\/\/newsvirali.it\/es\/wp-json\/wp\/v2\/posts\/6442","targetHints":{"allow":["GET"]}}],"collection":[{"href":"https:\/\/newsvirali.it\/es\/wp-json\/wp\/v2\/posts"}],"about":[{"href":"https:\/\/newsvirali.it\/es\/wp-json\/wp\/v2\/types\/post"}],"author":[{"embeddable":true,"href":"https:\/\/newsvirali.it\/es\/wp-json\/wp\/v2\/users\/4"}],"replies":[{"embeddable":true,"href":"https:\/\/newsvirali.it\/es\/wp-json\/wp\/v2\/comments?post=6442"}],"version-history":[{"count":4,"href":"https:\/\/newsvirali.it\/es\/wp-json\/wp\/v2\/posts\/6442\/revisions"}],"predecessor-version":[{"id":6447,"href":"https:\/\/newsvirali.it\/es\/wp-json\/wp\/v2\/posts\/6442\/revisions\/6447"}],"wp:featuredmedia":[{"embeddable":true,"href":"https:\/\/newsvirali.it\/es\/wp-json\/wp\/v2\/media\/6445"}],"wp:attachment":[{"href":"https:\/\/newsvirali.it\/es\/wp-json\/wp\/v2\/media?parent=6442"}],"wp:term":[{"taxonomy":"category","embeddable":true,"href":"https:\/\/newsvirali.it\/es\/wp-json\/wp\/v2\/categories?post=6442"},{"taxonomy":"post_tag","embeddable":true,"href":"https:\/\/newsvirali.it\/es\/wp-json\/wp\/v2\/tags?post=6442"}],"curies":[{"name":"wp","href":"https:\/\/api.w.org\/{rel}","templated":true}]}}