{"id":61390,"date":"2026-01-09T16:03:58","date_gmt":"2026-01-09T15:03:58","guid":{"rendered":"https:\/\/newsvirali.it\/?p=61390"},"modified":"2026-01-09T16:03:59","modified_gmt":"2026-01-09T15:03:59","slug":"riduzione-seno-rhian-sugden","status":"publish","type":"post","link":"https:\/\/newsvirali.it\/es\/2026\/01\/09\/reduccion-de-mamas-de-rhian-sugden\/","title":{"rendered":"Reducci\u00f3n de pecho de Rhian Sugden: Fotos en lencer\u00eda y las razones detr\u00e1s de la decisi\u00f3n"},"content":{"rendered":"<p>All\u00e1 <strong>Reducci\u00f3n de pecho de Rhian Sugden<\/strong> es el centro de la historia compartida por la modelo brit\u00e1nica en las redes sociales, donde public\u00f3 algunas fotos en <strong>lencer\u00eda roja<\/strong> despu\u00e9s de la cirug\u00eda. Sugden explic\u00f3 que tom\u00f3 esta decisi\u00f3n por razones relacionadas con la <strong>salud y bienestar f\u00edsico<\/strong>, en particular para abordar el dolor de espalda y las dificultades en la vida diaria, que empeoraron tras el embarazo. Su historia atrajo la atenci\u00f3n de los medios brit\u00e1nicos, que reconstruyeron los detalles de la operaci\u00f3n y las motivaciones personales tras su decisi\u00f3n.<\/p>\n\n\n\n<p><strong>LEER LAS OTRAS NOTICIAS CURIOSAS<\/strong><\/p>\n\n\n<ul class=\"wp-block-latest-posts__list wp-block-latest-posts\"><li><a class=\"wp-block-latest-posts__post-title\" href=\"https:\/\/newsvirali.it\/es\/2026\/02\/09\/apagon-del-cerdo-volador-en-china\/\">Cerdo volador provoca desmayo: Lee la incre\u00edble historia (y no es IA)<\/a><\/li>\n<li><a class=\"wp-block-latest-posts__post-title\" href=\"https:\/\/newsvirali.it\/es\/2026\/02\/03\/cirugia-estetica-de-cadaveres-gordos-en-nueva-york\/\">Cirug\u00eda est\u00e9tica impactante en Nueva York: grasa de cad\u00e1veres para embellecer el cuerpo<\/a><\/li>\n<li><a class=\"wp-block-latest-posts__post-title\" href=\"https:\/\/newsvirali.it\/es\/2026\/01\/28\/nino-atascado-en-una-tuberia-de-28-cm-en-kansas-2\/\">Un ni\u00f1o qued\u00f3 atrapado en una tuber\u00eda de 11 pulgadas, pero en Internet se duda que haya sido rescatado.<\/a><\/li>\n<li><a class=\"wp-block-latest-posts__post-title\" href=\"https:\/\/newsvirali.it\/es\/2026\/01\/14\/modelos-de-onlyfans-fueron-expulsadas-del-avion-en-miami\/\">Modelos de OnlyFans fueron expulsadas de un avi\u00f3n por la polic\u00eda, semidesnudas.<\/a><\/li>\n<li><a class=\"wp-block-latest-posts__post-title\" href=\"https:\/\/newsvirali.it\/es\/2026\/01\/12\/paquetes-de-plastico-abiertos\/\">No m\u00e1s tijeras: una mam\u00e1 revela la forma sencilla de abrir los envases de pl\u00e1stico m\u00e1s dif\u00edciles.<\/a><\/li>\n<\/ul>\n\n\n<hr class=\"wp-block-separator has-alpha-channel-opacity\"\/>\n\n\n\n<h2 class=\"wp-block-heading\" id=\"h-chi-e-rhian-sugden-e-perche-parla-della-riduzione-del-seno\">\u00bfQui\u00e9n es Rhian Sugden y por qu\u00e9 habla de reducci\u00f3n de senos?<\/h2>\n\n\n\n<p><strong>Rhian Sugden<\/strong> Es una modelo inglesa conocida por su trabajo en el mundo del glamour y la televisi\u00f3n. En los \u00faltimos d\u00edas ha decidido hablar abiertamente sobre... <strong>Reducci\u00f3n de mamas de Rhian Sugden<\/strong>, compartiendo su experiencia con sus seguidores. La decisi\u00f3n de hacer p\u00fablica su experiencia surge, como ella misma explic\u00f3, del deseo de compartir un procedimiento al que se someti\u00f3 para sentirse mejor f\u00edsicamente, no por razones puramente est\u00e9ticas.<\/p>\n\n\n\n<h3 class=\"wp-block-heading\" id=\"h-le-foto-in-lingerie-rossa-dopo-la-riduzione-seno-rhian-sugden\">Fotos de lencer\u00eda roja de Rhian Sugden despu\u00e9s de la reducci\u00f3n de pecho<\/h3>\n\n\n\n<p>Las im\u00e1genes publicadas muestran a Sugden en lencer\u00eda roja, unas semanas despu\u00e9s de la operaci\u00f3n. Las fotos acompa\u00f1an un mensaje en el que la modelo aclara el contexto de la cirug\u00eda y el motivo por el que decidi\u00f3 hablar abiertamente al respecto, enfatizando c\u00f3mo... <strong>Reducci\u00f3n de mamas de Rhian Sugden<\/strong> representa un paso importante para ella en su relaci\u00f3n con su cuerpo.<\/p>\n\n\n\n<hr class=\"wp-block-separator has-alpha-channel-opacity\"\/>\n\n\n\n<h2 class=\"wp-block-heading\" id=\"h-che-intervento-ha-fatto-rhian-sugden-e-quanto-e-costato\">\u00bfQu\u00e9 cirug\u00eda se realiz\u00f3 Rhian Sugden y cu\u00e1nto cost\u00f3?<\/h2>\n\n\n\n<p>Seg\u00fan informes de los medios de comunicaci\u00f3n brit\u00e1nicos, el <strong>Reducci\u00f3n de pecho de Rhian Sugden<\/strong> Tambi\u00e9n inclu\u00eda un levantamiento de senos. El procedimiento, realizado en una cl\u00ednica especializada, habr\u00eda costado m\u00e1s que el... <strong>10.000 libras<\/strong>, con apoyo privado.<\/p>\n\n\n\n<h3 class=\"wp-block-heading\" id=\"h-quanti-grammi-sono-stati-rimossi-con-la-riduzione-seno-rhian-sugden\">\u00bfCu\u00e1ntos gramos se eliminaron con la reducci\u00f3n de mama de Rhian Sugden?<\/h3>\n\n\n\n<p>Sugden inform\u00f3 que durante la operaci\u00f3n aproximadamente <strong>500 gramos por cada pechuga<\/strong>. Un hecho que ayuda a comprender el impacto f\u00edsico de la <strong>Reducci\u00f3n de mamas de Rhian Sugden<\/strong> y las consecuencias positivas encontradas en la vida diaria despu\u00e9s de la intervenci\u00f3n.<\/p>\n\n\n\n<hr class=\"wp-block-separator has-alpha-channel-opacity\"\/>\n\n\n\n<h2 class=\"wp-block-heading\" id=\"h-perche-rhian-sugden-ha-scelto-la-riduzione-del-seno\">Por qu\u00e9 Rhian Sugden eligi\u00f3 la reducci\u00f3n de senos<\/h2>\n\n\n\n<p>La elecci\u00f3n de afrontar la <strong>Reducci\u00f3n de mamas de Rhian Sugden<\/strong> Ha madurado con el tiempo. La modelo explic\u00f3 que, tras el embarazo, el aumento de tama\u00f1o de los senos afect\u00f3 negativamente su salud f\u00edsica, dificultando incluso las actividades cotidianas. En los \u00faltimos a\u00f1os, varios testimonios han arrojado luz sobre las dificultades f\u00edsicas asociadas con los senos muy grandes, incluyendo problemas posturales y limitaciones en la vida diaria, como en el caso de <strong><a href=\"https:\/\/newsvirali.it\/es\/2025\/11\/19\/pechos-que-no-paran-de-crecer-sujetadores-a-medida-que-se-rompen\/\">Mujeres obligadas a recurrir a sujetadores hechos a medida debido al crecimiento anormal de los senos<\/a><\/strong>.<\/p>\n\n\n\n<h3 class=\"wp-block-heading\" id=\"h-dolori-alla-schiena-e-limiti-quotidiani-prima-della-riduzione-seno\">Dolor de espalda y limitaciones diarias antes de la reducci\u00f3n de pecho<\/h3>\n\n\n\n<p>Entre las principales razones, Sugden indic\u00f3 <strong>dolor de espalda persistente<\/strong>, problemas de postura y dificultad de movimiento. Elementos que la convencieron de considerar la <strong>Reducci\u00f3n de mamas de Rhian Sugden<\/strong> como una soluci\u00f3n m\u00e9dica necesaria para mejorar la calidad de vida.<\/p>\n\n\n\n<hr class=\"wp-block-separator has-alpha-channel-opacity\"\/>\n\n\n\n<h2 class=\"wp-block-heading\" id=\"h-cosa-ha-detto-rhian-sugden-dopo-la-riduzione-del-seno\">Lo que dijo Rhian Sugden despu\u00e9s de la reducci\u00f3n de senos<\/h2>\n\n\n\n<p>En el per\u00edodo posterior a la operaci\u00f3n, Sugden describi\u00f3 una recuperaci\u00f3n gradual, seguida de controles m\u00e9dicos. Hablando sobre la <strong>Reducci\u00f3n de mamas de Rhian Sugden<\/strong>El modelo enfatiz\u00f3 la importancia de contar con profesionales calificados y respetar los tiempos de recuperaci\u00f3n. El tema de las intervenciones relacionadas con el bienestar f\u00edsico tambi\u00e9n es compartido por otras figuras p\u00fablicas, como lo demuestra la elecci\u00f3n de <strong><a href=\"https:\/\/newsvirali.it\/es\/2025\/11\/21\/detalles-de-la-cirugia-de-mama-de-simone-biles\/\">Simone Biles se someter\u00e1 a una cirug\u00eda de mama por motivos personales y de salud<\/a><\/strong>, que ha sido descrito en detalle en los \u00faltimos meses.<\/p>\n\n\n\n<h3 class=\"wp-block-heading\" id=\"h-come-e-cambiato-il-rapporto-con-il-corpo-dopo-l-intervento\">C\u00f3mo ha cambiado la relaci\u00f3n con el cuerpo despu\u00e9s de la cirug\u00eda<\/h3>\n\n\n\n<p>Seg\u00fan lo expuesto, la <strong>Reducci\u00f3n de mamas de Rhian Sugden<\/strong> Le permiti\u00f3 sentirse m\u00e1s c\u00f3moda f\u00edsica y mentalmente. Explic\u00f3 que sent\u00eda mayor libertad de movimiento y un equilibrio m\u00e1s armonioso con su cuerpo.<\/p>\n\n\n\n<hr class=\"wp-block-separator has-alpha-channel-opacity\"\/>\n\n\n\n<h2 class=\"wp-block-heading\" id=\"h-reazioni-online-alla-riduzione-seno-rhian-sugden\">Reacciones en l\u00ednea a la cirug\u00eda de reducci\u00f3n de senos de Rhian Sugden<\/h2>\n\n\n\n<p>La decisi\u00f3n de compartir p\u00fablicamente la experiencia gener\u00f3 numerosas reacciones en redes sociales. Muchos usuarios expresaron su apoyo, mientras que otros criticaron la elecci\u00f3n de la cirug\u00eda. El debate en redes sociales refleja una creciente sensibilidad en torno a las modificaciones corporales de las celebridades, como lo demuestran los casos en los que... <strong><a href=\"https:\/\/newsvirali.it\/es\/2024\/04\/09\/la-hija-de-kim-kardashian-revela-los-pechos-postizos-de-su-madre-con-una-foto\/\">Los familiares de personajes famosos han llamado la atenci\u00f3n del p\u00fablico sobre los procedimientos cosm\u00e9ticos y las transformaciones f\u00edsicas.<\/a><\/strong>.<\/p>\n\n\n\n<h3 class=\"wp-block-heading\" id=\"h-come-ha-risposto-alle-critiche-sulla-riduzione-del-seno\">C\u00f3mo respondi\u00f3 a las cr\u00edticas por su reducci\u00f3n de pecho<\/h3>\n\n\n\n<p>Rhian Sugden reiter\u00f3 que la <strong>reducci\u00f3n de senos<\/strong> Fue una decisi\u00f3n personal, ligada exclusivamente al bienestar f\u00edsico. Dej\u00f3 claro que no quer\u00eda influir en las decisiones de los dem\u00e1s, sino solo compartir su propia experiencia. La historia de... <strong>Reducci\u00f3n de mamas de Rhian Sugden<\/strong> Vuelve a llamar la atenci\u00f3n sobre el tema de las elecciones relacionadas con la salud y el cuerpo, demostrando c\u00f3mo decisiones de este tipo pueden abordarse p\u00fablicamente de forma informada e informada.<\/p>\n<br \/>S\u00edguenos tambi\u00e9n en Google News: <b><a href=\"https:\/\/news.google.com\/publications\/CAAqBwgKMNqJiwswjMfqAg?hl=it&gl=IT&ceid=IT:it\" target=\"_blank\">haga clic aqu\u00ed<\/a><\/b>","protected":false},"excerpt":{"rendered":"<p>La reducci\u00f3n de senos de Rhian Sugden est\u00e1 en el centro de la historia compartida por la modelo brit\u00e1nica en redes sociales, donde public\u00f3 [\u2026]<\/p>","protected":false},"author":4,"featured_media":61391,"comment_status":"closed","ping_status":"open","sticky":false,"template":"","format":"standard","meta":{"MSN_Categories":"Uncategorized","MSN_Publish_Option":false,"MSN_Is_Local_News":false,"MSN_Is_AIAC_Included":"Empty","MSN_Location":"[]","MSN_Add_Feature_Img_On_Top_Of_Post":false,"MSN_Has_Custom_Author":false,"MSN_Custom_Author":"","MSN_Has_Custom_Canonical_Url":false,"MSN_Custom_Canonical_Url":"","footnotes":""},"categories":[17],"tags":[],"class_list":["post-61390","post","type-post","status-publish","format-standard","has-post-thumbnail","hentry","category-spettacolo"],"acf":[],"yoast_head":"<!-- This site is optimized with the Yoast SEO Premium plugin v26.7 (Yoast SEO v26.7) - https:\/\/yoast.com\/wordpress\/plugins\/seo\/ -->\n<title>Riduzione seno Rhian Sugden: perch\u00e9 ha deciso di operarsi<\/title>\n<meta name=\"description\" content=\"Riduzione seno Rhian Sugden: la modella racconta l\u2019intervento, i motivi della scelta e mostra le foto dopo l\u2019operazione.\" \/>\n<meta name=\"robots\" content=\"index, follow, max-snippet:-1, max-image-preview:large, max-video-preview:-1\" \/>\n<link rel=\"canonical\" href=\"https:\/\/newsvirali.it\/es\/2026\/01\/09\/reduccion-de-mamas-de-rhian-sugden\/\" \/>\n<meta property=\"og:locale\" content=\"es_ES\" \/>\n<meta property=\"og:type\" content=\"article\" \/>\n<meta property=\"og:title\" content=\"Riduzione seno Rhian Sugden: foto in lingerie e il motivo della decisione\" \/>\n<meta property=\"og:description\" content=\"Riduzione seno Rhian Sugden: la modella racconta l\u2019intervento, i motivi della scelta e mostra le foto dopo l\u2019operazione.\" \/>\n<meta property=\"og:url\" content=\"https:\/\/newsvirali.it\/es\/2026\/01\/09\/reduccion-de-mamas-de-rhian-sugden\/\" \/>\n<meta property=\"og:site_name\" content=\"News virali\" \/>\n<meta property=\"article:published_time\" content=\"2026-01-09T15:03:58+00:00\" \/>\n<meta property=\"article:modified_time\" content=\"2026-01-09T15:03:59+00:00\" \/>\n<meta property=\"og:image\" content=\"https:\/\/newsvirali.it\/wp-content\/uploads\/2026\/01\/MixCollage-09-Jan-2026-03-03-PM-2316.jpg\" \/>\n\t<meta property=\"og:image:width\" content=\"2160\" \/>\n\t<meta property=\"og:image:height\" content=\"1440\" \/>\n\t<meta property=\"og:image:type\" content=\"image\/jpeg\" \/>\n<meta name=\"author\" content=\"Cecco Prestina\" \/>\n<meta name=\"twitter:card\" content=\"summary_large_image\" \/>\n<meta name=\"twitter:label1\" content=\"Escrito por\" \/>\n\t<meta name=\"twitter:data1\" content=\"Cecco Prestina\" \/>\n\t<meta name=\"twitter:label2\" content=\"Tiempo de lectura\" \/>\n\t<meta name=\"twitter:data2\" content=\"4 minutos\" \/>\n<script type=\"application\/ld+json\" class=\"yoast-schema-graph\">{\"@context\":\"https:\/\/schema.org\",\"@graph\":[{\"@type\":\"NewsArticle\",\"@id\":\"https:\/\/newsvirali.it\/2026\/01\/09\/riduzione-seno-rhian-sugden\/#article\",\"isPartOf\":{\"@id\":\"https:\/\/newsvirali.it\/2026\/01\/09\/riduzione-seno-rhian-sugden\/\"},\"author\":{\"name\":\"Cecco Prestina\",\"@id\":\"https:\/\/newsvirali.it\/fr\/#\/schema\/person\/4c835f7b49c9adb58b33901ee816565d\"},\"headline\":\"Riduzione seno Rhian Sugden: foto in lingerie e il motivo della decisione\",\"datePublished\":\"2026-01-09T15:03:58+00:00\",\"dateModified\":\"2026-01-09T15:03:59+00:00\",\"mainEntityOfPage\":{\"@id\":\"https:\/\/newsvirali.it\/2026\/01\/09\/riduzione-seno-rhian-sugden\/\"},\"wordCount\":768,\"image\":{\"@id\":\"https:\/\/newsvirali.it\/2026\/01\/09\/riduzione-seno-rhian-sugden\/#primaryimage\"},\"thumbnailUrl\":\"https:\/\/newsvirali.it\/wp-content\/uploads\/2026\/01\/MixCollage-09-Jan-2026-03-03-PM-2316.jpg\",\"articleSection\":[\"Spettacolo\"],\"inLanguage\":\"es\",\"copyrightYear\":\"2026\",\"copyrightHolder\":{\"@id\":\"https:\/\/newsvirali.it\/es\/#organization\"}},{\"@type\":\"WebPage\",\"@id\":\"https:\/\/newsvirali.it\/2026\/01\/09\/riduzione-seno-rhian-sugden\/\",\"url\":\"https:\/\/newsvirali.it\/2026\/01\/09\/riduzione-seno-rhian-sugden\/\",\"name\":\"Riduzione seno Rhian Sugden: perch\u00e9 ha deciso di operarsi\",\"isPartOf\":{\"@id\":\"https:\/\/newsvirali.it\/fr\/#website\"},\"primaryImageOfPage\":{\"@id\":\"https:\/\/newsvirali.it\/2026\/01\/09\/riduzione-seno-rhian-sugden\/#primaryimage\"},\"image\":{\"@id\":\"https:\/\/newsvirali.it\/2026\/01\/09\/riduzione-seno-rhian-sugden\/#primaryimage\"},\"thumbnailUrl\":\"https:\/\/newsvirali.it\/wp-content\/uploads\/2026\/01\/MixCollage-09-Jan-2026-03-03-PM-2316.jpg\",\"datePublished\":\"2026-01-09T15:03:58+00:00\",\"dateModified\":\"2026-01-09T15:03:59+00:00\",\"author\":{\"@id\":\"https:\/\/newsvirali.it\/fr\/#\/schema\/person\/4c835f7b49c9adb58b33901ee816565d\"},\"description\":\"Riduzione seno Rhian Sugden: la modella racconta l\u2019intervento, i motivi della scelta e mostra le foto dopo l\u2019operazione.\",\"breadcrumb\":{\"@id\":\"https:\/\/newsvirali.it\/2026\/01\/09\/riduzione-seno-rhian-sugden\/#breadcrumb\"},\"inLanguage\":\"es\",\"potentialAction\":[{\"@type\":\"ReadAction\",\"target\":[\"https:\/\/newsvirali.it\/2026\/01\/09\/riduzione-seno-rhian-sugden\/\"]}]},{\"@type\":\"ImageObject\",\"inLanguage\":\"es\",\"@id\":\"https:\/\/newsvirali.it\/2026\/01\/09\/riduzione-seno-rhian-sugden\/#primaryimage\",\"url\":\"https:\/\/newsvirali.it\/wp-content\/uploads\/2026\/01\/MixCollage-09-Jan-2026-03-03-PM-2316.jpg\",\"contentUrl\":\"https:\/\/newsvirali.it\/wp-content\/uploads\/2026\/01\/MixCollage-09-Jan-2026-03-03-PM-2316.jpg\",\"width\":2160,\"height\":1440,\"caption\":\"Rhian Sugden parla della riduzione del seno: foto in lingerie e il motivo della decisione\"},{\"@type\":\"BreadcrumbList\",\"@id\":\"https:\/\/newsvirali.it\/2026\/01\/09\/riduzione-seno-rhian-sugden\/#breadcrumb\",\"itemListElement\":[{\"@type\":\"ListItem\",\"position\":1,\"name\":\"Home\",\"item\":\"https:\/\/newsvirali.it\/fr\/\"},{\"@type\":\"ListItem\",\"position\":2,\"name\":\"Riduzione seno Rhian Sugden: foto in lingerie e il motivo della decisione\"}]},{\"@type\":\"WebSite\",\"@id\":\"https:\/\/newsvirali.it\/fr\/#website\",\"url\":\"https:\/\/newsvirali.it\/fr\/\",\"name\":\"Bake News\",\"description\":\"\",\"potentialAction\":[{\"@type\":\"SearchAction\",\"target\":{\"@type\":\"EntryPoint\",\"urlTemplate\":\"https:\/\/newsvirali.it\/fr\/?s={search_term_string}\"},\"query-input\":{\"@type\":\"PropertyValueSpecification\",\"valueRequired\":true,\"valueName\":\"search_term_string\"}}],\"inLanguage\":\"es\"},{\"@type\":\"Person\",\"@id\":\"https:\/\/newsvirali.it\/fr\/#\/schema\/person\/4c835f7b49c9adb58b33901ee816565d\",\"name\":\"Cecco Prestina\",\"description\":\"Perch\u00e9 nasconderlo? Cecco Prestina \u00e8 un alias, ma dietro di lui non si cela un algoritmo di intelligenza artificiale. C'\u00e8 un giornalista che ha oltre vent'anni di esperienza tutta sul web. Da quando il primo modem ha iniziato a gracchiare sul territorio italiano con Video on Line, Cecco ha capito che da quel doppino sarebbe passato il futuro. Ha dedidicato tutta la sua carriera a capire Internet e poi i social e ora l'Ai. Una carriera in costante aggiornamento. E questa esperienza la mette in campo ogni giorno. Per\u00f2 ogni tanto Cecco ha voglia anche di non scrivere \\\"pipponi\\\" sulla politica, sull'economia. Ha voglia anche di scrivere qualcosa di divertente. Le notizie che trovate su Bake News sono le stesse che Cecco porta all'aperitivo con gli amici. Quelle di cui discutere per farsi due risate. Notizie, vere (qualche volta si fa fatica a crederlo), strane, divertenti, ma anche serie. Bake News \u00e8 nato per questo, dare al pubblico notizie croccanti e calde come il pane che esce dal forno. E Cecco Prestina \u00e8 nato con Bake News.\",\"url\":\"https:\/\/newsvirali.it\/es\/autore\/cecco-prestina\/\"}]}<\/script>\n<!-- \/ Yoast SEO Premium plugin. -->","yoast_head_json":{"title":"Riduzione seno Rhian Sugden: perch\u00e9 ha deciso di operarsi","description":"Riduzione seno Rhian Sugden: la modella racconta l\u2019intervento, i motivi della scelta e mostra le foto dopo l\u2019operazione.","robots":{"index":"index","follow":"follow","max-snippet":"max-snippet:-1","max-image-preview":"max-image-preview:large","max-video-preview":"max-video-preview:-1"},"canonical":"https:\/\/newsvirali.it\/es\/2026\/01\/09\/reduccion-de-mamas-de-rhian-sugden\/","og_locale":"es_ES","og_type":"article","og_title":"Riduzione seno Rhian Sugden: foto in lingerie e il motivo della decisione","og_description":"Riduzione seno Rhian Sugden: la modella racconta l\u2019intervento, i motivi della scelta e mostra le foto dopo l\u2019operazione.","og_url":"https:\/\/newsvirali.it\/es\/2026\/01\/09\/reduccion-de-mamas-de-rhian-sugden\/","og_site_name":"News virali","article_published_time":"2026-01-09T15:03:58+00:00","article_modified_time":"2026-01-09T15:03:59+00:00","og_image":[{"width":2160,"height":1440,"url":"https:\/\/newsvirali.it\/wp-content\/uploads\/2026\/01\/MixCollage-09-Jan-2026-03-03-PM-2316.jpg","type":"image\/jpeg"}],"author":"Cecco Prestina","twitter_card":"summary_large_image","twitter_misc":{"Escrito por":"Cecco Prestina","Tiempo de lectura":"4 minutos"},"schema":{"@context":"https:\/\/schema.org","@graph":[{"@type":"NewsArticle","@id":"https:\/\/newsvirali.it\/2026\/01\/09\/riduzione-seno-rhian-sugden\/#article","isPartOf":{"@id":"https:\/\/newsvirali.it\/2026\/01\/09\/riduzione-seno-rhian-sugden\/"},"author":{"name":"Cecco Prestina","@id":"https:\/\/newsvirali.it\/fr\/#\/schema\/person\/4c835f7b49c9adb58b33901ee816565d"},"headline":"Riduzione seno Rhian Sugden: foto in lingerie e il motivo della decisione","datePublished":"2026-01-09T15:03:58+00:00","dateModified":"2026-01-09T15:03:59+00:00","mainEntityOfPage":{"@id":"https:\/\/newsvirali.it\/2026\/01\/09\/riduzione-seno-rhian-sugden\/"},"wordCount":768,"image":{"@id":"https:\/\/newsvirali.it\/2026\/01\/09\/riduzione-seno-rhian-sugden\/#primaryimage"},"thumbnailUrl":"https:\/\/newsvirali.it\/wp-content\/uploads\/2026\/01\/MixCollage-09-Jan-2026-03-03-PM-2316.jpg","articleSection":["Spettacolo"],"inLanguage":"es","copyrightYear":"2026","copyrightHolder":{"@id":"https:\/\/newsvirali.it\/es\/#organization"}},{"@type":"WebPage","@id":"https:\/\/newsvirali.it\/2026\/01\/09\/riduzione-seno-rhian-sugden\/","url":"https:\/\/newsvirali.it\/2026\/01\/09\/riduzione-seno-rhian-sugden\/","name":"Riduzione seno Rhian Sugden: perch\u00e9 ha deciso di operarsi","isPartOf":{"@id":"https:\/\/newsvirali.it\/fr\/#website"},"primaryImageOfPage":{"@id":"https:\/\/newsvirali.it\/2026\/01\/09\/riduzione-seno-rhian-sugden\/#primaryimage"},"image":{"@id":"https:\/\/newsvirali.it\/2026\/01\/09\/riduzione-seno-rhian-sugden\/#primaryimage"},"thumbnailUrl":"https:\/\/newsvirali.it\/wp-content\/uploads\/2026\/01\/MixCollage-09-Jan-2026-03-03-PM-2316.jpg","datePublished":"2026-01-09T15:03:58+00:00","dateModified":"2026-01-09T15:03:59+00:00","author":{"@id":"https:\/\/newsvirali.it\/fr\/#\/schema\/person\/4c835f7b49c9adb58b33901ee816565d"},"description":"Riduzione seno Rhian Sugden: la modella racconta l\u2019intervento, i motivi della scelta e mostra le foto dopo l\u2019operazione.","breadcrumb":{"@id":"https:\/\/newsvirali.it\/2026\/01\/09\/riduzione-seno-rhian-sugden\/#breadcrumb"},"inLanguage":"es","potentialAction":[{"@type":"ReadAction","target":["https:\/\/newsvirali.it\/2026\/01\/09\/riduzione-seno-rhian-sugden\/"]}]},{"@type":"ImageObject","inLanguage":"es","@id":"https:\/\/newsvirali.it\/2026\/01\/09\/riduzione-seno-rhian-sugden\/#primaryimage","url":"https:\/\/newsvirali.it\/wp-content\/uploads\/2026\/01\/MixCollage-09-Jan-2026-03-03-PM-2316.jpg","contentUrl":"https:\/\/newsvirali.it\/wp-content\/uploads\/2026\/01\/MixCollage-09-Jan-2026-03-03-PM-2316.jpg","width":2160,"height":1440,"caption":"Rhian Sugden parla della riduzione del seno: foto in lingerie e il motivo della decisione"},{"@type":"BreadcrumbList","@id":"https:\/\/newsvirali.it\/2026\/01\/09\/riduzione-seno-rhian-sugden\/#breadcrumb","itemListElement":[{"@type":"ListItem","position":1,"name":"Home","item":"https:\/\/newsvirali.it\/fr\/"},{"@type":"ListItem","position":2,"name":"Riduzione seno Rhian Sugden: foto in lingerie e il motivo della decisione"}]},{"@type":"WebSite","@id":"https:\/\/newsvirali.it\/fr\/#website","url":"https:\/\/newsvirali.it\/fr\/","name":"Bake News","description":"","potentialAction":[{"@type":"SearchAction","target":{"@type":"EntryPoint","urlTemplate":"https:\/\/newsvirali.it\/fr\/?s={search_term_string}"},"query-input":{"@type":"PropertyValueSpecification","valueRequired":true,"valueName":"search_term_string"}}],"inLanguage":"es"},{"@type":"Person","@id":"https:\/\/newsvirali.it\/fr\/#\/schema\/person\/4c835f7b49c9adb58b33901ee816565d","name":"Cecco Prestina","description":"Perch\u00e9 nasconderlo? Cecco Prestina \u00e8 un alias, ma dietro di lui non si cela un algoritmo di intelligenza artificiale. C'\u00e8 un giornalista che ha oltre vent'anni di esperienza tutta sul web. Da quando il primo modem ha iniziato a gracchiare sul territorio italiano con Video on Line, Cecco ha capito che da quel doppino sarebbe passato il futuro. Ha dedidicato tutta la sua carriera a capire Internet e poi i social e ora l'Ai. Una carriera in costante aggiornamento. E questa esperienza la mette in campo ogni giorno. Per\u00f2 ogni tanto Cecco ha voglia anche di non scrivere \"pipponi\" sulla politica, sull'economia. Ha voglia anche di scrivere qualcosa di divertente. Le notizie che trovate su Bake News sono le stesse che Cecco porta all'aperitivo con gli amici. Quelle di cui discutere per farsi due risate. Notizie, vere (qualche volta si fa fatica a crederlo), strane, divertenti, ma anche serie. Bake News \u00e8 nato per questo, dare al pubblico notizie croccanti e calde come il pane che esce dal forno. E Cecco Prestina \u00e8 nato con Bake News.","url":"https:\/\/newsvirali.it\/es\/autore\/cecco-prestina\/"}]}},"_links":{"self":[{"href":"https:\/\/newsvirali.it\/es\/wp-json\/wp\/v2\/posts\/61390","targetHints":{"allow":["GET"]}}],"collection":[{"href":"https:\/\/newsvirali.it\/es\/wp-json\/wp\/v2\/posts"}],"about":[{"href":"https:\/\/newsvirali.it\/es\/wp-json\/wp\/v2\/types\/post"}],"author":[{"embeddable":true,"href":"https:\/\/newsvirali.it\/es\/wp-json\/wp\/v2\/users\/4"}],"replies":[{"embeddable":true,"href":"https:\/\/newsvirali.it\/es\/wp-json\/wp\/v2\/comments?post=61390"}],"version-history":[{"count":1,"href":"https:\/\/newsvirali.it\/es\/wp-json\/wp\/v2\/posts\/61390\/revisions"}],"predecessor-version":[{"id":61392,"href":"https:\/\/newsvirali.it\/es\/wp-json\/wp\/v2\/posts\/61390\/revisions\/61392"}],"wp:featuredmedia":[{"embeddable":true,"href":"https:\/\/newsvirali.it\/es\/wp-json\/wp\/v2\/media\/61391"}],"wp:attachment":[{"href":"https:\/\/newsvirali.it\/es\/wp-json\/wp\/v2\/media?parent=61390"}],"wp:term":[{"taxonomy":"category","embeddable":true,"href":"https:\/\/newsvirali.it\/es\/wp-json\/wp\/v2\/categories?post=61390"},{"taxonomy":"post_tag","embeddable":true,"href":"https:\/\/newsvirali.it\/es\/wp-json\/wp\/v2\/tags?post=61390"}],"curies":[{"name":"wp","href":"https:\/\/api.w.org\/{rel}","templated":true}]}}